{"id":156271,"date":"2021-07-31T11:32:52","date_gmt":"2021-07-31T14:32:52","guid":{"rendered":"https:\/\/diariotextual.com\/inicio\/?p=156271"},"modified":"2021-07-31T18:50:44","modified_gmt":"2021-07-31T21:50:44","slug":"kohan-la-variante-delta-va-a-llegar-a-la-pampa","status":"publish","type":"post","link":"https:\/\/diariotextual.com\/inicio\/index.php\/2021\/07\/31\/kohan-la-variante-delta-va-a-llegar-a-la-pampa\/","title":{"rendered":"Kohan: \u201cLa variante Delta va a llegar a La Pampa\u201d"},"content":{"rendered":"\n<p>El ministro de Salud de La Pampa,<strong> Mario Rub\u00e9n Kohan<\/strong>, dijo este s\u00e1bado en Radio Textual (LU 33) que la variante Delta del coronavirus, que es altamente contagiosa, va a llegar a la provincia.<\/p>\n\n\n\n<p>\u201cEn 2020 dije, cuando no hab\u00eda a\u00fan casos en la provincia, que el coronavirus iba a llegar a La Pampa y algunos me miraban asombrados o incr\u00e9dulos&#8230;<strong> Ahora digo que la variante Delta va a llegar a La Pampa<\/strong>\u201d, sostuvo. \u00ab<strong>La variante ya ingres\u00f3 al pa\u00eds y, creo yo, va a seguir avanzado<\/strong>\u00ab, sostuvo.<\/p>\n\n\n\n<p>Por eso dijo que es fundamental incrementar los esquemas de vacunaci\u00f3n y, paralelamente, mantener los cuidados como el uso de tapabocas, la ventilaci\u00f3n de ambientes cerrados y el lavado de manos.<\/p>\n\n\n\n<p>\u201cTenemos casos de Delta en C\u00f3rdoba, Buenos Aires y otras provincias. Es un tema de mucha preocupaci\u00f3n\u201d, expres\u00f3.<\/p>\n\n\n\n<p>Dijo que los contagios se han estabilizado en la provincia, con <strong>unos 250 casos diarios<\/strong>. \u201cHay estabilidad, que no es la que m\u00e1s nos place. La curva de casos, si bien descendi\u00f3 dram\u00e1ticamente, mantenemos una meseta que a nuestro parecer es alta\u201d, manifest\u00f3 en di\u00e1logo con los periodistas Luis Lardone y Luis Talone.<\/p>\n\n\n\n<p>El ministro resalt\u00f3 la preparaci\u00f3n del recurso humano, m\u00e1s la inversi\u00f3n en infraestructura como salas de internaci\u00f3n y plantas de ox\u00edgeno. <strong>\u00abSi no lo hubi\u00e9ramos hecho, hoy habr\u00eda un desastre sanitario\u00bb<\/strong>, sostuvo.<\/p>\n\n\n\n<p>Desde el inicio de la pandemia, en la provincia se registraron un total de 61.527 casos positivos para Covid-19, de los cuales 3.275 permanecen activos, 792 han fallecido y 57.460 se han recuperado.<\/p>\n\n\n\n<p>Con una dosis, <strong>ya se han vacunado a 215 mil personas, es decir, el 60% de la poblaci\u00f3n. En tanto, con el esquema de las dos dosis ya se vacunaron a 85 mil.<\/strong><\/p>\n\n\n\n<p>\u00bfCu\u00e1ndo va a llegar m\u00e1s componentes 2 de la Sputnik V a La Pampa? A\u00fan no hay fecha. Se espera la llegada de dosis desde Rusia o, eventualmente, que el Instituto Gamaleya d\u00e9 luz verde a la producci\u00f3n que ya termin\u00f3 el laboratorio argentino Richmond. La tercera opci\u00f3n es avanzar con el \u00abcruzamiento\u00bb de dosis, todav\u00eda en estudio.<\/p>\n\n\n\n<figure class=\"wp-block-embed is-type-wp-embed is-provider-diario-textual wp-block-embed-diario-textual\"><div class=\"wp-block-embed__wrapper\">\n<blockquote class=\"wp-embedded-content\" data-secret=\"V64XD5SZD7\"><a href=\"https:\/\/diariotextual.com\/inicio\/index.php\/2021\/07\/30\/ziliotto-le-pone-fin-a-las-dispensas-si-tienen-una-vacuna-vuelven-al-trabajo-presencial\/\">Ziliotto le pone fin a las dispensas: si tienen una vacuna, vuelven al trabajo presencial<\/a><\/blockquote><iframe class=\"wp-embedded-content\" sandbox=\"allow-scripts\" security=\"restricted\" style=\"position: absolute; clip: rect(1px, 1px, 1px, 1px);\" title=\"\u00abZiliotto le pone fin a las dispensas: si tienen una vacuna, vuelven al trabajo presencial\u00bb \u2014 Diario Textual\" src=\"https:\/\/diariotextual.com\/inicio\/index.php\/2021\/07\/30\/ziliotto-le-pone-fin-a-las-dispensas-si-tienen-una-vacuna-vuelven-al-trabajo-presencial\/embed\/#?secret=V64XD5SZD7\" data-secret=\"V64XD5SZD7\" width=\"600\" height=\"338\" frameborder=\"0\" marginwidth=\"0\" marginheight=\"0\" scrolling=\"no\"><\/iframe>\n<\/div><\/figure>\n\n\n\n<p><\/p>\n\n\n\n<p><\/p>\n\n\n\n<p><\/p>\n","protected":false},"excerpt":{"rendered":"<p>El ministro de Salud de La Pampa, Mario Rub\u00e9n Kohan, dijo este s\u00e1bado en Radio Textual (LU 33) que la variante Delta del coronavirus, que es altamente contagiosa, va a&hellip;<\/p>\n","protected":false},"author":3,"featured_media":131405,"comment_status":"closed","ping_status":"open","sticky":false,"template":"","format":"standard","meta":{"_acf_changed":false,"footnotes":""},"categories":[10,8],"tags":[1966],"class_list":["post-156271","post","type-post","status-publish","format-standard","has-post-thumbnail","hentry","category-portada-2","category-politica","tag-kohan"],"acf":[],"yoast_head":"<!-- This site is optimized with the Yoast SEO plugin v27.5 - https:\/\/yoast.com\/product\/yoast-seo-wordpress\/ -->\n<title>Kohan: \u201cLa variante Delta va a llegar a La Pampa\u201d - Diario Textual<\/title>\n<meta name=\"robots\" content=\"index, follow, max-snippet:-1, max-image-preview:large, max-video-preview:-1\" \/>\n<link rel=\"canonical\" href=\"https:\/\/diariotextual.com\/inicio\/index.php\/2021\/07\/31\/kohan-la-variante-delta-va-a-llegar-a-la-pampa\/\" \/>\n<meta property=\"og:locale\" content=\"es_ES\" \/>\n<meta property=\"og:type\" content=\"article\" \/>\n<meta property=\"og:title\" content=\"Kohan: \u201cLa variante Delta va a llegar a La Pampa\u201d - Diario Textual\" \/>\n<meta property=\"og:description\" content=\"El ministro de Salud de La Pampa, Mario Rub\u00e9n Kohan, dijo este s\u00e1bado en Radio Textual (LU 33) que la variante Delta del coronavirus, que es altamente contagiosa, va a&hellip;\" \/>\n<meta property=\"og:url\" content=\"https:\/\/diariotextual.com\/inicio\/index.php\/2021\/07\/31\/kohan-la-variante-delta-va-a-llegar-a-la-pampa\/\" \/>\n<meta property=\"og:site_name\" content=\"Diario Textual\" \/>\n<meta property=\"article:publisher\" content=\"https:\/\/www.facebook.com\/eltextual\" \/>\n<meta property=\"article:published_time\" content=\"2021-07-31T14:32:52+00:00\" \/>\n<meta property=\"article:modified_time\" content=\"2021-07-31T21:50:44+00:00\" \/>\n<meta property=\"og:image\" content=\"https:\/\/diariotextual.com\/inicio\/wp-content\/uploads\/2021\/01\/kohanmarioruben2021-3.jpg\" \/>\n\t<meta property=\"og:image:width\" content=\"901\" \/>\n\t<meta property=\"og:image:height\" content=\"591\" \/>\n\t<meta property=\"og:image:type\" content=\"image\/jpeg\" \/>\n<meta name=\"author\" content=\"Diario1 Diario1\" \/>\n<meta name=\"twitter:card\" content=\"summary_large_image\" \/>\n<meta name=\"twitter:creator\" content=\"@eltextual\" \/>\n<meta name=\"twitter:site\" content=\"@eltextual\" \/>\n<meta name=\"twitter:label1\" content=\"Escrito por\" \/>\n\t<meta name=\"twitter:data1\" content=\"Diario1 Diario1\" \/>\n\t<meta name=\"twitter:label2\" content=\"Tiempo de lectura\" \/>\n\t<meta name=\"twitter:data2\" content=\"2 minutos\" \/>\n<script type=\"application\/ld+json\" class=\"yoast-schema-graph\">{\"@context\":\"https:\\\/\\\/schema.org\",\"@graph\":[{\"@type\":\"Article\",\"@id\":\"https:\\\/\\\/diariotextual.com\\\/inicio\\\/index.php\\\/2021\\\/07\\\/31\\\/kohan-la-variante-delta-va-a-llegar-a-la-pampa\\\/#article\",\"isPartOf\":{\"@id\":\"https:\\\/\\\/diariotextual.com\\\/inicio\\\/index.php\\\/2021\\\/07\\\/31\\\/kohan-la-variante-delta-va-a-llegar-a-la-pampa\\\/\"},\"author\":{\"name\":\"Diario1 Diario1\",\"@id\":\"https:\\\/\\\/diariotextual.com\\\/inicio\\\/#\\\/schema\\\/person\\\/418fc4093c33e86ed41562db3508f958\"},\"headline\":\"Kohan: \u201cLa variante Delta va a llegar a La Pampa\u201d\",\"datePublished\":\"2021-07-31T14:32:52+00:00\",\"dateModified\":\"2021-07-31T21:50:44+00:00\",\"mainEntityOfPage\":{\"@id\":\"https:\\\/\\\/diariotextual.com\\\/inicio\\\/index.php\\\/2021\\\/07\\\/31\\\/kohan-la-variante-delta-va-a-llegar-a-la-pampa\\\/\"},\"wordCount\":379,\"publisher\":{\"@id\":\"https:\\\/\\\/diariotextual.com\\\/inicio\\\/#organization\"},\"image\":{\"@id\":\"https:\\\/\\\/diariotextual.com\\\/inicio\\\/index.php\\\/2021\\\/07\\\/31\\\/kohan-la-variante-delta-va-a-llegar-a-la-pampa\\\/#primaryimage\"},\"thumbnailUrl\":\"https:\\\/\\\/diariotextual.com\\\/inicio\\\/wp-content\\\/uploads\\\/2021\\\/01\\\/kohanmarioruben2021-3.jpg\",\"keywords\":[\"kohan\"],\"articleSection\":[\"A - PORTADA2\",\"POLITICA\"],\"inLanguage\":\"es\"},{\"@type\":\"WebPage\",\"@id\":\"https:\\\/\\\/diariotextual.com\\\/inicio\\\/index.php\\\/2021\\\/07\\\/31\\\/kohan-la-variante-delta-va-a-llegar-a-la-pampa\\\/\",\"url\":\"https:\\\/\\\/diariotextual.com\\\/inicio\\\/index.php\\\/2021\\\/07\\\/31\\\/kohan-la-variante-delta-va-a-llegar-a-la-pampa\\\/\",\"name\":\"Kohan: \u201cLa variante Delta va a llegar a La Pampa\u201d - Diario Textual\",\"isPartOf\":{\"@id\":\"https:\\\/\\\/diariotextual.com\\\/inicio\\\/#website\"},\"primaryImageOfPage\":{\"@id\":\"https:\\\/\\\/diariotextual.com\\\/inicio\\\/index.php\\\/2021\\\/07\\\/31\\\/kohan-la-variante-delta-va-a-llegar-a-la-pampa\\\/#primaryimage\"},\"image\":{\"@id\":\"https:\\\/\\\/diariotextual.com\\\/inicio\\\/index.php\\\/2021\\\/07\\\/31\\\/kohan-la-variante-delta-va-a-llegar-a-la-pampa\\\/#primaryimage\"},\"thumbnailUrl\":\"https:\\\/\\\/diariotextual.com\\\/inicio\\\/wp-content\\\/uploads\\\/2021\\\/01\\\/kohanmarioruben2021-3.jpg\",\"datePublished\":\"2021-07-31T14:32:52+00:00\",\"dateModified\":\"2021-07-31T21:50:44+00:00\",\"breadcrumb\":{\"@id\":\"https:\\\/\\\/diariotextual.com\\\/inicio\\\/index.php\\\/2021\\\/07\\\/31\\\/kohan-la-variante-delta-va-a-llegar-a-la-pampa\\\/#breadcrumb\"},\"inLanguage\":\"es\",\"potentialAction\":[{\"@type\":\"ReadAction\",\"target\":[\"https:\\\/\\\/diariotextual.com\\\/inicio\\\/index.php\\\/2021\\\/07\\\/31\\\/kohan-la-variante-delta-va-a-llegar-a-la-pampa\\\/\"]}]},{\"@type\":\"ImageObject\",\"inLanguage\":\"es\",\"@id\":\"https:\\\/\\\/diariotextual.com\\\/inicio\\\/index.php\\\/2021\\\/07\\\/31\\\/kohan-la-variante-delta-va-a-llegar-a-la-pampa\\\/#primaryimage\",\"url\":\"https:\\\/\\\/diariotextual.com\\\/inicio\\\/wp-content\\\/uploads\\\/2021\\\/01\\\/kohanmarioruben2021-3.jpg\",\"contentUrl\":\"https:\\\/\\\/diariotextual.com\\\/inicio\\\/wp-content\\\/uploads\\\/2021\\\/01\\\/kohanmarioruben2021-3.jpg\",\"width\":901,\"height\":591},{\"@type\":\"BreadcrumbList\",\"@id\":\"https:\\\/\\\/diariotextual.com\\\/inicio\\\/index.php\\\/2021\\\/07\\\/31\\\/kohan-la-variante-delta-va-a-llegar-a-la-pampa\\\/#breadcrumb\",\"itemListElement\":[{\"@type\":\"ListItem\",\"position\":1,\"name\":\"Portada\",\"item\":\"https:\\\/\\\/diariotextual.com\\\/inicio\\\/\"},{\"@type\":\"ListItem\",\"position\":2,\"name\":\"Kohan: \u201cLa variante Delta va a llegar a La Pampa\u201d\"}]},{\"@type\":\"WebSite\",\"@id\":\"https:\\\/\\\/diariotextual.com\\\/inicio\\\/#website\",\"url\":\"https:\\\/\\\/diariotextual.com\\\/inicio\\\/\",\"name\":\"Diario Textual\",\"description\":\"\",\"publisher\":{\"@id\":\"https:\\\/\\\/diariotextual.com\\\/inicio\\\/#organization\"},\"potentialAction\":[{\"@type\":\"SearchAction\",\"target\":{\"@type\":\"EntryPoint\",\"urlTemplate\":\"https:\\\/\\\/diariotextual.com\\\/inicio\\\/?s={search_term_string}\"},\"query-input\":{\"@type\":\"PropertyValueSpecification\",\"valueRequired\":true,\"valueName\":\"search_term_string\"}}],\"inLanguage\":\"es\"},{\"@type\":\"Organization\",\"@id\":\"https:\\\/\\\/diariotextual.com\\\/inicio\\\/#organization\",\"name\":\"Diario Textual\",\"url\":\"https:\\\/\\\/diariotextual.com\\\/inicio\\\/\",\"logo\":{\"@type\":\"ImageObject\",\"inLanguage\":\"es\",\"@id\":\"https:\\\/\\\/diariotextual.com\\\/inicio\\\/#\\\/schema\\\/logo\\\/image\\\/\",\"url\":\"https:\\\/\\\/diariotextual.com\\\/inicio\\\/wp-content\\\/uploads\\\/2023\\\/05\\\/logotextual1.jpg\",\"contentUrl\":\"https:\\\/\\\/diariotextual.com\\\/inicio\\\/wp-content\\\/uploads\\\/2023\\\/05\\\/logotextual1.jpg\",\"width\":516,\"height\":76,\"caption\":\"Diario Textual\"},\"image\":{\"@id\":\"https:\\\/\\\/diariotextual.com\\\/inicio\\\/#\\\/schema\\\/logo\\\/image\\\/\"},\"sameAs\":[\"https:\\\/\\\/www.facebook.com\\\/eltextual\",\"https:\\\/\\\/x.com\\\/eltextual\",\"http:\\\/\\\/www.instagram.com\\\/eltextual\"]},{\"@type\":\"Person\",\"@id\":\"https:\\\/\\\/diariotextual.com\\\/inicio\\\/#\\\/schema\\\/person\\\/418fc4093c33e86ed41562db3508f958\",\"name\":\"Diario1 Diario1\",\"image\":{\"@type\":\"ImageObject\",\"inLanguage\":\"es\",\"@id\":\"https:\\\/\\\/secure.gravatar.com\\\/avatar\\\/9167d280179c85bc18be67aa7eda765854300033af4896dd779b608640f2ef7a?s=96&d=mm&r=g\",\"url\":\"https:\\\/\\\/secure.gravatar.com\\\/avatar\\\/9167d280179c85bc18be67aa7eda765854300033af4896dd779b608640f2ef7a?s=96&d=mm&r=g\",\"contentUrl\":\"https:\\\/\\\/secure.gravatar.com\\\/avatar\\\/9167d280179c85bc18be67aa7eda765854300033af4896dd779b608640f2ef7a?s=96&d=mm&r=g\",\"caption\":\"Diario1 Diario1\"},\"url\":\"https:\\\/\\\/diariotextual.com\\\/inicio\\\/index.php\\\/author\\\/diario1\\\/\"}]}<\/script>\n<!-- \/ Yoast SEO plugin. -->","yoast_head_json":{"title":"Kohan: \u201cLa variante Delta va a llegar a La Pampa\u201d - Diario Textual","robots":{"index":"index","follow":"follow","max-snippet":"max-snippet:-1","max-image-preview":"max-image-preview:large","max-video-preview":"max-video-preview:-1"},"canonical":"https:\/\/diariotextual.com\/inicio\/index.php\/2021\/07\/31\/kohan-la-variante-delta-va-a-llegar-a-la-pampa\/","og_locale":"es_ES","og_type":"article","og_title":"Kohan: \u201cLa variante Delta va a llegar a La Pampa\u201d - Diario Textual","og_description":"El ministro de Salud de La Pampa, Mario Rub\u00e9n Kohan, dijo este s\u00e1bado en Radio Textual (LU 33) que la variante Delta del coronavirus, que es altamente contagiosa, va a&hellip;","og_url":"https:\/\/diariotextual.com\/inicio\/index.php\/2021\/07\/31\/kohan-la-variante-delta-va-a-llegar-a-la-pampa\/","og_site_name":"Diario Textual","article_publisher":"https:\/\/www.facebook.com\/eltextual","article_published_time":"2021-07-31T14:32:52+00:00","article_modified_time":"2021-07-31T21:50:44+00:00","og_image":[{"width":901,"height":591,"url":"https:\/\/diariotextual.com\/inicio\/wp-content\/uploads\/2021\/01\/kohanmarioruben2021-3.jpg","type":"image\/jpeg"}],"author":"Diario1 Diario1","twitter_card":"summary_large_image","twitter_creator":"@eltextual","twitter_site":"@eltextual","twitter_misc":{"Escrito por":"Diario1 Diario1","Tiempo de lectura":"2 minutos"},"schema":{"@context":"https:\/\/schema.org","@graph":[{"@type":"Article","@id":"https:\/\/diariotextual.com\/inicio\/index.php\/2021\/07\/31\/kohan-la-variante-delta-va-a-llegar-a-la-pampa\/#article","isPartOf":{"@id":"https:\/\/diariotextual.com\/inicio\/index.php\/2021\/07\/31\/kohan-la-variante-delta-va-a-llegar-a-la-pampa\/"},"author":{"name":"Diario1 Diario1","@id":"https:\/\/diariotextual.com\/inicio\/#\/schema\/person\/418fc4093c33e86ed41562db3508f958"},"headline":"Kohan: \u201cLa variante Delta va a llegar a La Pampa\u201d","datePublished":"2021-07-31T14:32:52+00:00","dateModified":"2021-07-31T21:50:44+00:00","mainEntityOfPage":{"@id":"https:\/\/diariotextual.com\/inicio\/index.php\/2021\/07\/31\/kohan-la-variante-delta-va-a-llegar-a-la-pampa\/"},"wordCount":379,"publisher":{"@id":"https:\/\/diariotextual.com\/inicio\/#organization"},"image":{"@id":"https:\/\/diariotextual.com\/inicio\/index.php\/2021\/07\/31\/kohan-la-variante-delta-va-a-llegar-a-la-pampa\/#primaryimage"},"thumbnailUrl":"https:\/\/diariotextual.com\/inicio\/wp-content\/uploads\/2021\/01\/kohanmarioruben2021-3.jpg","keywords":["kohan"],"articleSection":["A - PORTADA2","POLITICA"],"inLanguage":"es"},{"@type":"WebPage","@id":"https:\/\/diariotextual.com\/inicio\/index.php\/2021\/07\/31\/kohan-la-variante-delta-va-a-llegar-a-la-pampa\/","url":"https:\/\/diariotextual.com\/inicio\/index.php\/2021\/07\/31\/kohan-la-variante-delta-va-a-llegar-a-la-pampa\/","name":"Kohan: \u201cLa variante Delta va a llegar a La Pampa\u201d - Diario Textual","isPartOf":{"@id":"https:\/\/diariotextual.com\/inicio\/#website"},"primaryImageOfPage":{"@id":"https:\/\/diariotextual.com\/inicio\/index.php\/2021\/07\/31\/kohan-la-variante-delta-va-a-llegar-a-la-pampa\/#primaryimage"},"image":{"@id":"https:\/\/diariotextual.com\/inicio\/index.php\/2021\/07\/31\/kohan-la-variante-delta-va-a-llegar-a-la-pampa\/#primaryimage"},"thumbnailUrl":"https:\/\/diariotextual.com\/inicio\/wp-content\/uploads\/2021\/01\/kohanmarioruben2021-3.jpg","datePublished":"2021-07-31T14:32:52+00:00","dateModified":"2021-07-31T21:50:44+00:00","breadcrumb":{"@id":"https:\/\/diariotextual.com\/inicio\/index.php\/2021\/07\/31\/kohan-la-variante-delta-va-a-llegar-a-la-pampa\/#breadcrumb"},"inLanguage":"es","potentialAction":[{"@type":"ReadAction","target":["https:\/\/diariotextual.com\/inicio\/index.php\/2021\/07\/31\/kohan-la-variante-delta-va-a-llegar-a-la-pampa\/"]}]},{"@type":"ImageObject","inLanguage":"es","@id":"https:\/\/diariotextual.com\/inicio\/index.php\/2021\/07\/31\/kohan-la-variante-delta-va-a-llegar-a-la-pampa\/#primaryimage","url":"https:\/\/diariotextual.com\/inicio\/wp-content\/uploads\/2021\/01\/kohanmarioruben2021-3.jpg","contentUrl":"https:\/\/diariotextual.com\/inicio\/wp-content\/uploads\/2021\/01\/kohanmarioruben2021-3.jpg","width":901,"height":591},{"@type":"BreadcrumbList","@id":"https:\/\/diariotextual.com\/inicio\/index.php\/2021\/07\/31\/kohan-la-variante-delta-va-a-llegar-a-la-pampa\/#breadcrumb","itemListElement":[{"@type":"ListItem","position":1,"name":"Portada","item":"https:\/\/diariotextual.com\/inicio\/"},{"@type":"ListItem","position":2,"name":"Kohan: \u201cLa variante Delta va a llegar a La Pampa\u201d"}]},{"@type":"WebSite","@id":"https:\/\/diariotextual.com\/inicio\/#website","url":"https:\/\/diariotextual.com\/inicio\/","name":"Diario Textual","description":"","publisher":{"@id":"https:\/\/diariotextual.com\/inicio\/#organization"},"potentialAction":[{"@type":"SearchAction","target":{"@type":"EntryPoint","urlTemplate":"https:\/\/diariotextual.com\/inicio\/?s={search_term_string}"},"query-input":{"@type":"PropertyValueSpecification","valueRequired":true,"valueName":"search_term_string"}}],"inLanguage":"es"},{"@type":"Organization","@id":"https:\/\/diariotextual.com\/inicio\/#organization","name":"Diario Textual","url":"https:\/\/diariotextual.com\/inicio\/","logo":{"@type":"ImageObject","inLanguage":"es","@id":"https:\/\/diariotextual.com\/inicio\/#\/schema\/logo\/image\/","url":"https:\/\/diariotextual.com\/inicio\/wp-content\/uploads\/2023\/05\/logotextual1.jpg","contentUrl":"https:\/\/diariotextual.com\/inicio\/wp-content\/uploads\/2023\/05\/logotextual1.jpg","width":516,"height":76,"caption":"Diario Textual"},"image":{"@id":"https:\/\/diariotextual.com\/inicio\/#\/schema\/logo\/image\/"},"sameAs":["https:\/\/www.facebook.com\/eltextual","https:\/\/x.com\/eltextual","http:\/\/www.instagram.com\/eltextual"]},{"@type":"Person","@id":"https:\/\/diariotextual.com\/inicio\/#\/schema\/person\/418fc4093c33e86ed41562db3508f958","name":"Diario1 Diario1","image":{"@type":"ImageObject","inLanguage":"es","@id":"https:\/\/secure.gravatar.com\/avatar\/9167d280179c85bc18be67aa7eda765854300033af4896dd779b608640f2ef7a?s=96&d=mm&r=g","url":"https:\/\/secure.gravatar.com\/avatar\/9167d280179c85bc18be67aa7eda765854300033af4896dd779b608640f2ef7a?s=96&d=mm&r=g","contentUrl":"https:\/\/secure.gravatar.com\/avatar\/9167d280179c85bc18be67aa7eda765854300033af4896dd779b608640f2ef7a?s=96&d=mm&r=g","caption":"Diario1 Diario1"},"url":"https:\/\/diariotextual.com\/inicio\/index.php\/author\/diario1\/"}]}},"_links":{"self":[{"href":"https:\/\/diariotextual.com\/inicio\/index.php\/wp-json\/wp\/v2\/posts\/156271","targetHints":{"allow":["GET"]}}],"collection":[{"href":"https:\/\/diariotextual.com\/inicio\/index.php\/wp-json\/wp\/v2\/posts"}],"about":[{"href":"https:\/\/diariotextual.com\/inicio\/index.php\/wp-json\/wp\/v2\/types\/post"}],"author":[{"embeddable":true,"href":"https:\/\/diariotextual.com\/inicio\/index.php\/wp-json\/wp\/v2\/users\/3"}],"replies":[{"embeddable":true,"href":"https:\/\/diariotextual.com\/inicio\/index.php\/wp-json\/wp\/v2\/comments?post=156271"}],"version-history":[{"count":12,"href":"https:\/\/diariotextual.com\/inicio\/index.php\/wp-json\/wp\/v2\/posts\/156271\/revisions"}],"predecessor-version":[{"id":156289,"href":"https:\/\/diariotextual.com\/inicio\/index.php\/wp-json\/wp\/v2\/posts\/156271\/revisions\/156289"}],"wp:featuredmedia":[{"embeddable":true,"href":"https:\/\/diariotextual.com\/inicio\/index.php\/wp-json\/wp\/v2\/media\/131405"}],"wp:attachment":[{"href":"https:\/\/diariotextual.com\/inicio\/index.php\/wp-json\/wp\/v2\/media?parent=156271"}],"wp:term":[{"taxonomy":"category","embeddable":true,"href":"https:\/\/diariotextual.com\/inicio\/index.php\/wp-json\/wp\/v2\/categories?post=156271"},{"taxonomy":"post_tag","embeddable":true,"href":"https:\/\/diariotextual.com\/inicio\/index.php\/wp-json\/wp\/v2\/tags?post=156271"}],"curies":[{"name":"wp","href":"https:\/\/api.w.org\/{rel}","templated":true}]}}