{"id":156309,"date":"2021-07-31T18:45:43","date_gmt":"2021-07-31T21:45:43","guid":{"rendered":"https:\/\/diariotextual.com\/inicio\/?p=156309"},"modified":"2021-07-31T21:05:21","modified_gmt":"2021-08-01T00:05:21","slug":"la-enfermera-que-busca-derribar-miedos-y-llevar-la-vacuna-a-los-menonitas-en-guatrache","status":"publish","type":"post","link":"https:\/\/diariotextual.com\/inicio\/index.php\/2021\/07\/31\/la-enfermera-que-busca-derribar-miedos-y-llevar-la-vacuna-a-los-menonitas-en-guatrache\/","title":{"rendered":"La enfermera que busca derribar miedos y llevar la vacuna a los menonitas en Guatrach\u00e9"},"content":{"rendered":"\n<p><strong><em>La conocen como \u00abLa Moni\u00bb. Es la \u00fanica enfermera que ingresa a la colonia, instalada a 35 kil\u00f3metros del pueblo, para implementar el Calendario de Vacunaci\u00f3n Anual. En ese transcurrir laboral, a trav\u00e9s de los a\u00f1os, se gan\u00f3 la confianza no s\u00f3lo de los hombres, dentro de la estructura patriarcal de esa comunidad, sino tambi\u00e9n de las mujeres, las que poco a poco, pese a la limitaci\u00f3n del idioma, han generado un v\u00ednculo at\u00edpico para con una for\u00e1nea.<\/em><\/strong><\/p>\n\n\n\n<p><\/p>\n\n\n\n<hr class=\"wp-block-separator\"\/>\n\n\n\n<h2 class=\"wp-block-heading\">Texto: Rita Soubl\u00e9<\/h2>\n\n\n\n<h2 class=\"wp-block-heading\">Fotos: Juli\u00e1n Varela<\/h2>\n\n\n\n<p>En una g\u00e9lida ma\u00f1ana, en la que el viento cala hasta los huesos en medio de un invierno tan pampeano como patag\u00f3nico,\u00a0<strong>M\u00f3nica Mora, enfermera desde hace 20 a\u00f1os del hospital de Guatrach\u00e9<\/strong>, se levanta temprano para trasladarse a la\u00a0<strong>comunidad menonita Nueva Esperanza, distante a unos 35 kil\u00f3metros de esa localidad<\/strong>, a fin de realizar sus tareas sanitarias\u00a0<strong>en contexto de pandemia por la Covid-19<\/strong>, la que adem\u00e1s de generar varios casos positivos entre sus habitantes caus\u00f3 la muerte del obispo, el m\u00e1ximo l\u00edder de esa comunidad.<\/p>\n\n\n\n<p><strong>La Moni<\/strong>, como la llaman los y las integrantes de esa comunidad,\u00a0<strong>es la \u00fanica enfermera que ingresa al lugar para implementar el Calendario de Vacunaci\u00f3n Anual<\/strong>. En ese transcurrir laboral, a trav\u00e9s de los a\u00f1os,\u00a0<strong>se gan\u00f3 la confianza no s\u00f3lo de los hombres, dentro de la estructura patriarcal de esa comunidad<\/strong>, sino tambi\u00e9n de las mujeres, las que poco a poco, pese a la limitaci\u00f3n del idioma, han generado un v\u00ednculo at\u00edpico para con una for\u00e1nea.<\/p>\n\n\n\n<p>La tarea de llevar adelante el cumplimiento del calendario de vacunaci\u00f3n anual, dispuesto por el Ministerio de Salud de la Naci\u00f3n a hoy, con el trabajo realizado en todos \u00e9stos a\u00f1os, constituye un mero tr\u00e1mite sanitario, pero<strong>\u00a0respecto a a pandemia de coronavirus<\/strong>, poco ha podido avanzar entre\u00a0<strong>los y las habitantes de la comunidad, que mantienen su resistencia. \u00abNo conf\u00edan demasiado en la vacuna\u00bb<\/strong>, seg\u00fan confiesa M\u00f3nica a T\u00e9lam, respecto a la situaci\u00f3n sanitaria de la colonia y la actitud frente a la pandemia.<\/p>\n\n\n\n<figure class=\"wp-block-image size-large\"><img fetchpriority=\"high\" decoding=\"async\" width=\"898\" height=\"592\" src=\"https:\/\/diariotextual.com\/inicio\/wp-content\/uploads\/2021\/07\/moramonicaenfermeramenonitas-julianvarelatelam2021-2.jpg\" alt=\"\" class=\"wp-image-156312\" srcset=\"https:\/\/diariotextual.com\/inicio\/wp-content\/uploads\/2021\/07\/moramonicaenfermeramenonitas-julianvarelatelam2021-2.jpg 898w, https:\/\/diariotextual.com\/inicio\/wp-content\/uploads\/2021\/07\/moramonicaenfermeramenonitas-julianvarelatelam2021-2-300x198.jpg 300w, https:\/\/diariotextual.com\/inicio\/wp-content\/uploads\/2021\/07\/moramonicaenfermeramenonitas-julianvarelatelam2021-2-768x506.jpg 768w, https:\/\/diariotextual.com\/inicio\/wp-content\/uploads\/2021\/07\/moramonicaenfermeramenonitas-julianvarelatelam2021-2-585x386.jpg 585w\" sizes=\"(max-width: 898px) 100vw, 898px\" \/><\/figure>\n\n\n\n<p><strong>La comunidad menonita Nueva Esperanza, que ocupa unas 10.000 hect\u00e1reas y est\u00e1 dividida en unos 20 campos<\/strong>\u00a0con sus respectivos jefes, est\u00e1 ubicada a 35 kil\u00f3metros de la localidad de Guatrach\u00e9, distante 184 kil\u00f3metros de la capital pampeana. Y est\u00e1 formada por cerca de 1.500 habitantes que llegaron en la d\u00e9cada de los &#8217;80 y basan su econom\u00eda en la venta de quesos, embutidos, la fabricaci\u00f3n de silos y carros, muebles de cocina, entre otras entre otras actividades relacionadas al campo.<\/p>\n\n\n\n<p>Pese a las caracter\u00edsticas propias de la comunidad, desde sus costumbres hasta la vestimenta,\u00a0<strong>los menonitas no viven aislados<\/strong>\u00a0y como cualquier pampeano\u00a0<strong>pagan sus impuestos<\/strong>, realizan\u00a0<strong>actividades comerciales<\/strong>,\u00a0<strong>hacen uso de la salud p\u00fablica<\/strong>\u00a0y diariamente se los ve por distintos puntos de la ciudad haciendo sus compras con su t\u00edpica vestimenta.<\/p>\n\n\n\n<p>A estas alturas del siglo XXI resulta casi imposible en el imaginario colectivo pensar en una comunidad donde no se escucha radio, ni se mira televisi\u00f3n o no se usan autos. Tampoco tienen tel\u00e9fono celular, no usan electrodom\u00e9sticos que brindan un mayor confort como el aire acondicionado, y s\u00f3lo utilizan la tecnolog\u00eda para aumentar la producci\u00f3n en cada rubro, como sost\u00e9n de las necesidades b\u00e1sicas de todos sus habitantes.<\/p>\n\n\n\n<p>Todo est\u00e1 enmarcado en los preceptos religiosos, establecidos como mandatos, que rigen la vida cotidiana de cada uno de los habitantes de esa comunidad, quienes para trasladarse de un lugar a otro, a\u00fan hoy utilizan un servicio de flete o prefieren tomar un micro.<\/p>\n\n\n\n<figure class=\"wp-block-image size-large\"><img decoding=\"async\" width=\"910\" height=\"600\" src=\"https:\/\/diariotextual.com\/inicio\/wp-content\/uploads\/2021\/07\/moramonicaenfermeramenonitas-julianvarelatelam2021-3.jpg\" alt=\"\" class=\"wp-image-156313\" srcset=\"https:\/\/diariotextual.com\/inicio\/wp-content\/uploads\/2021\/07\/moramonicaenfermeramenonitas-julianvarelatelam2021-3.jpg 910w, https:\/\/diariotextual.com\/inicio\/wp-content\/uploads\/2021\/07\/moramonicaenfermeramenonitas-julianvarelatelam2021-3-300x198.jpg 300w, https:\/\/diariotextual.com\/inicio\/wp-content\/uploads\/2021\/07\/moramonicaenfermeramenonitas-julianvarelatelam2021-3-768x506.jpg 768w, https:\/\/diariotextual.com\/inicio\/wp-content\/uploads\/2021\/07\/moramonicaenfermeramenonitas-julianvarelatelam2021-3-585x386.jpg 585w\" sizes=\"(max-width: 910px) 100vw, 910px\" \/><\/figure>\n\n\n\n<p>En ese contexto,\u00a0<strong>M\u00f3nica<\/strong>, que\u00a0<strong>tiene 55 a\u00f1os y es la enfermera de la comunidad desde hace unos 15 a\u00f1os<\/strong>, admite que en todo ese tiempo no s\u00f3lo<strong>\u00a0logr\u00f3 objetivos sanitarios en general<\/strong>\u00a0sino que le permiti\u00f3 acercarse a las mujeres, para<strong>\u00a0llevarles informaci\u00f3n desde el plan de vacunaci\u00f3n anual como los controles ginecol\u00f3gicos y m\u00e9todos anticonceptivos<\/strong>, entre otras consultas.<\/p>\n\n\n\n<p>Cada visita a la colonia es organizada con anterioridad con los jefes de los campos a fin de coordinar d\u00eda y horario, y ver a todos los que necesitan vacunarse o controlarse. Para su organizaci\u00f3n, cuenta con una carpeta donde re\u00fane la informaci\u00f3n de cada uno de los habitantes con su respectiva historia cl\u00ednica.<\/p>\n\n\n\n<p>Relata que antes iba a las escuelas a vacunar, pero ahora por el fr\u00edo y la confianza construida, va a la casa del jefe de cada campo, en el que viven unas 20 familias y son los responsables de garantizar la limpieza de los caminos, cobrarle a los padres la cuota escolar y pagar a los maestros, que son ellos mismos.<\/p>\n\n\n\n<p>\u00abHe compartido muchos momentos con ellos, hasta almuerzos, son muy amables, y con el tiempo logr\u00e9 que mientras antes no me ve\u00edan sin la presencia del hombre, hoy vayan las mujeres solas por eso ahora les est\u00e1n ense\u00f1ando espa\u00f1ol (manejan un dialecto antiguamente conocido como Plattdeutsch o \u00abalem\u00e1n bajo\u00bb, que casi no existe en otras partes del mundo) y con ellas hablamos del tema de la lactancia por la que hay mucha resistencia, los m\u00e9todos anticonceptivos, la colocaci\u00f3n del Dispositivo Intrauterino (DIU), entre otros temas.<\/p>\n\n\n\n<p>\u00abPara mi es importante que muchos comiencen a ense\u00f1arles a las mujeres hablar espa\u00f1ol, un privilegio que en la comunidad es s\u00f3lo de los hombres y de unos pocos\u00bb, dice M\u00f3nica. \u00abEn el caso de las ni\u00f1as, van a la escuela hasta los 12 a\u00f1os y despu\u00e9s se dedican al hogar, aprenden a coser, bordar, hacer huertas y orde\u00f1ar las vacas; mientras que los varones trabajan en el campo con su padre y sus hermanos\u00bb.<\/p>\n\n\n\n<p><\/p>\n\n\n\n<p><\/p>\n","protected":false},"excerpt":{"rendered":"<p>La conocen como \u00abLa Moni\u00bb. Es la \u00fanica enfermera que ingresa a la colonia, instalada a 35 kil\u00f3metros del pueblo, para implementar el Calendario de Vacunaci\u00f3n Anual. En ese transcurrir&hellip;<\/p>\n","protected":false},"author":3,"featured_media":156311,"comment_status":"closed","ping_status":"open","sticky":false,"template":"","format":"standard","meta":{"_acf_changed":false,"footnotes":""},"categories":[10,12],"tags":[482,387],"class_list":["post-156309","post","type-post","status-publish","format-standard","has-post-thumbnail","hentry","category-portada-2","category-sociedad","tag-guatrache","tag-menonitas"],"acf":[],"yoast_head":"<!-- This site is optimized with the Yoast SEO plugin v27.5 - https:\/\/yoast.com\/product\/yoast-seo-wordpress\/ -->\n<title>La enfermera que busca derribar miedos y llevar la vacuna a los menonitas en Guatrach\u00e9 - Diario Textual<\/title>\n<meta name=\"robots\" content=\"index, follow, max-snippet:-1, max-image-preview:large, max-video-preview:-1\" \/>\n<link rel=\"canonical\" href=\"https:\/\/diariotextual.com\/inicio\/index.php\/2021\/07\/31\/la-enfermera-que-busca-derribar-miedos-y-llevar-la-vacuna-a-los-menonitas-en-guatrache\/\" \/>\n<meta property=\"og:locale\" content=\"es_ES\" \/>\n<meta property=\"og:type\" content=\"article\" \/>\n<meta property=\"og:title\" content=\"La enfermera que busca derribar miedos y llevar la vacuna a los menonitas en Guatrach\u00e9 - Diario Textual\" \/>\n<meta property=\"og:description\" content=\"La conocen como \u00abLa Moni\u00bb. Es la \u00fanica enfermera que ingresa a la colonia, instalada a 35 kil\u00f3metros del pueblo, para implementar el Calendario de Vacunaci\u00f3n Anual. En ese transcurrir&hellip;\" \/>\n<meta property=\"og:url\" content=\"https:\/\/diariotextual.com\/inicio\/index.php\/2021\/07\/31\/la-enfermera-que-busca-derribar-miedos-y-llevar-la-vacuna-a-los-menonitas-en-guatrache\/\" \/>\n<meta property=\"og:site_name\" content=\"Diario Textual\" \/>\n<meta property=\"article:publisher\" content=\"https:\/\/www.facebook.com\/eltextual\" \/>\n<meta property=\"article:published_time\" content=\"2021-07-31T21:45:43+00:00\" \/>\n<meta property=\"article:modified_time\" content=\"2021-08-01T00:05:21+00:00\" \/>\n<meta property=\"og:image\" content=\"https:\/\/diariotextual.com\/inicio\/wp-content\/uploads\/2021\/07\/moramonicaenfermeramenonitas-julianvarelatelam2021-1.jpg\" \/>\n\t<meta property=\"og:image:width\" content=\"907\" \/>\n\t<meta property=\"og:image:height\" content=\"600\" \/>\n\t<meta property=\"og:image:type\" content=\"image\/jpeg\" \/>\n<meta name=\"author\" content=\"Diario1 Diario1\" \/>\n<meta name=\"twitter:card\" content=\"summary_large_image\" \/>\n<meta name=\"twitter:creator\" content=\"@eltextual\" \/>\n<meta name=\"twitter:site\" content=\"@eltextual\" \/>\n<meta name=\"twitter:label1\" content=\"Escrito por\" \/>\n\t<meta name=\"twitter:data1\" content=\"Diario1 Diario1\" \/>\n\t<meta name=\"twitter:label2\" content=\"Tiempo de lectura\" \/>\n\t<meta name=\"twitter:data2\" content=\"5 minutos\" \/>\n<script type=\"application\/ld+json\" class=\"yoast-schema-graph\">{\"@context\":\"https:\\\/\\\/schema.org\",\"@graph\":[{\"@type\":\"Article\",\"@id\":\"https:\\\/\\\/diariotextual.com\\\/inicio\\\/index.php\\\/2021\\\/07\\\/31\\\/la-enfermera-que-busca-derribar-miedos-y-llevar-la-vacuna-a-los-menonitas-en-guatrache\\\/#article\",\"isPartOf\":{\"@id\":\"https:\\\/\\\/diariotextual.com\\\/inicio\\\/index.php\\\/2021\\\/07\\\/31\\\/la-enfermera-que-busca-derribar-miedos-y-llevar-la-vacuna-a-los-menonitas-en-guatrache\\\/\"},\"author\":{\"name\":\"Diario1 Diario1\",\"@id\":\"https:\\\/\\\/diariotextual.com\\\/inicio\\\/#\\\/schema\\\/person\\\/418fc4093c33e86ed41562db3508f958\"},\"headline\":\"La enfermera que busca derribar miedos y llevar la vacuna a los menonitas en Guatrach\u00e9\",\"datePublished\":\"2021-07-31T21:45:43+00:00\",\"dateModified\":\"2021-08-01T00:05:21+00:00\",\"mainEntityOfPage\":{\"@id\":\"https:\\\/\\\/diariotextual.com\\\/inicio\\\/index.php\\\/2021\\\/07\\\/31\\\/la-enfermera-que-busca-derribar-miedos-y-llevar-la-vacuna-a-los-menonitas-en-guatrache\\\/\"},\"wordCount\":1005,\"publisher\":{\"@id\":\"https:\\\/\\\/diariotextual.com\\\/inicio\\\/#organization\"},\"image\":{\"@id\":\"https:\\\/\\\/diariotextual.com\\\/inicio\\\/index.php\\\/2021\\\/07\\\/31\\\/la-enfermera-que-busca-derribar-miedos-y-llevar-la-vacuna-a-los-menonitas-en-guatrache\\\/#primaryimage\"},\"thumbnailUrl\":\"https:\\\/\\\/diariotextual.com\\\/inicio\\\/wp-content\\\/uploads\\\/2021\\\/07\\\/moramonicaenfermeramenonitas-julianvarelatelam2021-1.jpg\",\"keywords\":[\"guatrache\",\"menonitas\"],\"articleSection\":[\"A - PORTADA2\",\"SOCIEDAD\"],\"inLanguage\":\"es\"},{\"@type\":\"WebPage\",\"@id\":\"https:\\\/\\\/diariotextual.com\\\/inicio\\\/index.php\\\/2021\\\/07\\\/31\\\/la-enfermera-que-busca-derribar-miedos-y-llevar-la-vacuna-a-los-menonitas-en-guatrache\\\/\",\"url\":\"https:\\\/\\\/diariotextual.com\\\/inicio\\\/index.php\\\/2021\\\/07\\\/31\\\/la-enfermera-que-busca-derribar-miedos-y-llevar-la-vacuna-a-los-menonitas-en-guatrache\\\/\",\"name\":\"La enfermera que busca derribar miedos y llevar la vacuna a los menonitas en Guatrach\u00e9 - Diario Textual\",\"isPartOf\":{\"@id\":\"https:\\\/\\\/diariotextual.com\\\/inicio\\\/#website\"},\"primaryImageOfPage\":{\"@id\":\"https:\\\/\\\/diariotextual.com\\\/inicio\\\/index.php\\\/2021\\\/07\\\/31\\\/la-enfermera-que-busca-derribar-miedos-y-llevar-la-vacuna-a-los-menonitas-en-guatrache\\\/#primaryimage\"},\"image\":{\"@id\":\"https:\\\/\\\/diariotextual.com\\\/inicio\\\/index.php\\\/2021\\\/07\\\/31\\\/la-enfermera-que-busca-derribar-miedos-y-llevar-la-vacuna-a-los-menonitas-en-guatrache\\\/#primaryimage\"},\"thumbnailUrl\":\"https:\\\/\\\/diariotextual.com\\\/inicio\\\/wp-content\\\/uploads\\\/2021\\\/07\\\/moramonicaenfermeramenonitas-julianvarelatelam2021-1.jpg\",\"datePublished\":\"2021-07-31T21:45:43+00:00\",\"dateModified\":\"2021-08-01T00:05:21+00:00\",\"breadcrumb\":{\"@id\":\"https:\\\/\\\/diariotextual.com\\\/inicio\\\/index.php\\\/2021\\\/07\\\/31\\\/la-enfermera-que-busca-derribar-miedos-y-llevar-la-vacuna-a-los-menonitas-en-guatrache\\\/#breadcrumb\"},\"inLanguage\":\"es\",\"potentialAction\":[{\"@type\":\"ReadAction\",\"target\":[\"https:\\\/\\\/diariotextual.com\\\/inicio\\\/index.php\\\/2021\\\/07\\\/31\\\/la-enfermera-que-busca-derribar-miedos-y-llevar-la-vacuna-a-los-menonitas-en-guatrache\\\/\"]}]},{\"@type\":\"ImageObject\",\"inLanguage\":\"es\",\"@id\":\"https:\\\/\\\/diariotextual.com\\\/inicio\\\/index.php\\\/2021\\\/07\\\/31\\\/la-enfermera-que-busca-derribar-miedos-y-llevar-la-vacuna-a-los-menonitas-en-guatrache\\\/#primaryimage\",\"url\":\"https:\\\/\\\/diariotextual.com\\\/inicio\\\/wp-content\\\/uploads\\\/2021\\\/07\\\/moramonicaenfermeramenonitas-julianvarelatelam2021-1.jpg\",\"contentUrl\":\"https:\\\/\\\/diariotextual.com\\\/inicio\\\/wp-content\\\/uploads\\\/2021\\\/07\\\/moramonicaenfermeramenonitas-julianvarelatelam2021-1.jpg\",\"width\":907,\"height\":600},{\"@type\":\"BreadcrumbList\",\"@id\":\"https:\\\/\\\/diariotextual.com\\\/inicio\\\/index.php\\\/2021\\\/07\\\/31\\\/la-enfermera-que-busca-derribar-miedos-y-llevar-la-vacuna-a-los-menonitas-en-guatrache\\\/#breadcrumb\",\"itemListElement\":[{\"@type\":\"ListItem\",\"position\":1,\"name\":\"Portada\",\"item\":\"https:\\\/\\\/diariotextual.com\\\/inicio\\\/\"},{\"@type\":\"ListItem\",\"position\":2,\"name\":\"La enfermera que busca derribar miedos y llevar la vacuna a los menonitas en Guatrach\u00e9\"}]},{\"@type\":\"WebSite\",\"@id\":\"https:\\\/\\\/diariotextual.com\\\/inicio\\\/#website\",\"url\":\"https:\\\/\\\/diariotextual.com\\\/inicio\\\/\",\"name\":\"Diario Textual\",\"description\":\"\",\"publisher\":{\"@id\":\"https:\\\/\\\/diariotextual.com\\\/inicio\\\/#organization\"},\"potentialAction\":[{\"@type\":\"SearchAction\",\"target\":{\"@type\":\"EntryPoint\",\"urlTemplate\":\"https:\\\/\\\/diariotextual.com\\\/inicio\\\/?s={search_term_string}\"},\"query-input\":{\"@type\":\"PropertyValueSpecification\",\"valueRequired\":true,\"valueName\":\"search_term_string\"}}],\"inLanguage\":\"es\"},{\"@type\":\"Organization\",\"@id\":\"https:\\\/\\\/diariotextual.com\\\/inicio\\\/#organization\",\"name\":\"Diario Textual\",\"url\":\"https:\\\/\\\/diariotextual.com\\\/inicio\\\/\",\"logo\":{\"@type\":\"ImageObject\",\"inLanguage\":\"es\",\"@id\":\"https:\\\/\\\/diariotextual.com\\\/inicio\\\/#\\\/schema\\\/logo\\\/image\\\/\",\"url\":\"https:\\\/\\\/diariotextual.com\\\/inicio\\\/wp-content\\\/uploads\\\/2023\\\/05\\\/logotextual1.jpg\",\"contentUrl\":\"https:\\\/\\\/diariotextual.com\\\/inicio\\\/wp-content\\\/uploads\\\/2023\\\/05\\\/logotextual1.jpg\",\"width\":516,\"height\":76,\"caption\":\"Diario Textual\"},\"image\":{\"@id\":\"https:\\\/\\\/diariotextual.com\\\/inicio\\\/#\\\/schema\\\/logo\\\/image\\\/\"},\"sameAs\":[\"https:\\\/\\\/www.facebook.com\\\/eltextual\",\"https:\\\/\\\/x.com\\\/eltextual\",\"http:\\\/\\\/www.instagram.com\\\/eltextual\"]},{\"@type\":\"Person\",\"@id\":\"https:\\\/\\\/diariotextual.com\\\/inicio\\\/#\\\/schema\\\/person\\\/418fc4093c33e86ed41562db3508f958\",\"name\":\"Diario1 Diario1\",\"image\":{\"@type\":\"ImageObject\",\"inLanguage\":\"es\",\"@id\":\"https:\\\/\\\/secure.gravatar.com\\\/avatar\\\/9167d280179c85bc18be67aa7eda765854300033af4896dd779b608640f2ef7a?s=96&d=mm&r=g\",\"url\":\"https:\\\/\\\/secure.gravatar.com\\\/avatar\\\/9167d280179c85bc18be67aa7eda765854300033af4896dd779b608640f2ef7a?s=96&d=mm&r=g\",\"contentUrl\":\"https:\\\/\\\/secure.gravatar.com\\\/avatar\\\/9167d280179c85bc18be67aa7eda765854300033af4896dd779b608640f2ef7a?s=96&d=mm&r=g\",\"caption\":\"Diario1 Diario1\"},\"url\":\"https:\\\/\\\/diariotextual.com\\\/inicio\\\/index.php\\\/author\\\/diario1\\\/\"}]}<\/script>\n<!-- \/ Yoast SEO plugin. -->","yoast_head_json":{"title":"La enfermera que busca derribar miedos y llevar la vacuna a los menonitas en Guatrach\u00e9 - Diario Textual","robots":{"index":"index","follow":"follow","max-snippet":"max-snippet:-1","max-image-preview":"max-image-preview:large","max-video-preview":"max-video-preview:-1"},"canonical":"https:\/\/diariotextual.com\/inicio\/index.php\/2021\/07\/31\/la-enfermera-que-busca-derribar-miedos-y-llevar-la-vacuna-a-los-menonitas-en-guatrache\/","og_locale":"es_ES","og_type":"article","og_title":"La enfermera que busca derribar miedos y llevar la vacuna a los menonitas en Guatrach\u00e9 - Diario Textual","og_description":"La conocen como \u00abLa Moni\u00bb. Es la \u00fanica enfermera que ingresa a la colonia, instalada a 35 kil\u00f3metros del pueblo, para implementar el Calendario de Vacunaci\u00f3n Anual. En ese transcurrir&hellip;","og_url":"https:\/\/diariotextual.com\/inicio\/index.php\/2021\/07\/31\/la-enfermera-que-busca-derribar-miedos-y-llevar-la-vacuna-a-los-menonitas-en-guatrache\/","og_site_name":"Diario Textual","article_publisher":"https:\/\/www.facebook.com\/eltextual","article_published_time":"2021-07-31T21:45:43+00:00","article_modified_time":"2021-08-01T00:05:21+00:00","og_image":[{"width":907,"height":600,"url":"https:\/\/diariotextual.com\/inicio\/wp-content\/uploads\/2021\/07\/moramonicaenfermeramenonitas-julianvarelatelam2021-1.jpg","type":"image\/jpeg"}],"author":"Diario1 Diario1","twitter_card":"summary_large_image","twitter_creator":"@eltextual","twitter_site":"@eltextual","twitter_misc":{"Escrito por":"Diario1 Diario1","Tiempo de lectura":"5 minutos"},"schema":{"@context":"https:\/\/schema.org","@graph":[{"@type":"Article","@id":"https:\/\/diariotextual.com\/inicio\/index.php\/2021\/07\/31\/la-enfermera-que-busca-derribar-miedos-y-llevar-la-vacuna-a-los-menonitas-en-guatrache\/#article","isPartOf":{"@id":"https:\/\/diariotextual.com\/inicio\/index.php\/2021\/07\/31\/la-enfermera-que-busca-derribar-miedos-y-llevar-la-vacuna-a-los-menonitas-en-guatrache\/"},"author":{"name":"Diario1 Diario1","@id":"https:\/\/diariotextual.com\/inicio\/#\/schema\/person\/418fc4093c33e86ed41562db3508f958"},"headline":"La enfermera que busca derribar miedos y llevar la vacuna a los menonitas en Guatrach\u00e9","datePublished":"2021-07-31T21:45:43+00:00","dateModified":"2021-08-01T00:05:21+00:00","mainEntityOfPage":{"@id":"https:\/\/diariotextual.com\/inicio\/index.php\/2021\/07\/31\/la-enfermera-que-busca-derribar-miedos-y-llevar-la-vacuna-a-los-menonitas-en-guatrache\/"},"wordCount":1005,"publisher":{"@id":"https:\/\/diariotextual.com\/inicio\/#organization"},"image":{"@id":"https:\/\/diariotextual.com\/inicio\/index.php\/2021\/07\/31\/la-enfermera-que-busca-derribar-miedos-y-llevar-la-vacuna-a-los-menonitas-en-guatrache\/#primaryimage"},"thumbnailUrl":"https:\/\/diariotextual.com\/inicio\/wp-content\/uploads\/2021\/07\/moramonicaenfermeramenonitas-julianvarelatelam2021-1.jpg","keywords":["guatrache","menonitas"],"articleSection":["A - PORTADA2","SOCIEDAD"],"inLanguage":"es"},{"@type":"WebPage","@id":"https:\/\/diariotextual.com\/inicio\/index.php\/2021\/07\/31\/la-enfermera-que-busca-derribar-miedos-y-llevar-la-vacuna-a-los-menonitas-en-guatrache\/","url":"https:\/\/diariotextual.com\/inicio\/index.php\/2021\/07\/31\/la-enfermera-que-busca-derribar-miedos-y-llevar-la-vacuna-a-los-menonitas-en-guatrache\/","name":"La enfermera que busca derribar miedos y llevar la vacuna a los menonitas en Guatrach\u00e9 - Diario Textual","isPartOf":{"@id":"https:\/\/diariotextual.com\/inicio\/#website"},"primaryImageOfPage":{"@id":"https:\/\/diariotextual.com\/inicio\/index.php\/2021\/07\/31\/la-enfermera-que-busca-derribar-miedos-y-llevar-la-vacuna-a-los-menonitas-en-guatrache\/#primaryimage"},"image":{"@id":"https:\/\/diariotextual.com\/inicio\/index.php\/2021\/07\/31\/la-enfermera-que-busca-derribar-miedos-y-llevar-la-vacuna-a-los-menonitas-en-guatrache\/#primaryimage"},"thumbnailUrl":"https:\/\/diariotextual.com\/inicio\/wp-content\/uploads\/2021\/07\/moramonicaenfermeramenonitas-julianvarelatelam2021-1.jpg","datePublished":"2021-07-31T21:45:43+00:00","dateModified":"2021-08-01T00:05:21+00:00","breadcrumb":{"@id":"https:\/\/diariotextual.com\/inicio\/index.php\/2021\/07\/31\/la-enfermera-que-busca-derribar-miedos-y-llevar-la-vacuna-a-los-menonitas-en-guatrache\/#breadcrumb"},"inLanguage":"es","potentialAction":[{"@type":"ReadAction","target":["https:\/\/diariotextual.com\/inicio\/index.php\/2021\/07\/31\/la-enfermera-que-busca-derribar-miedos-y-llevar-la-vacuna-a-los-menonitas-en-guatrache\/"]}]},{"@type":"ImageObject","inLanguage":"es","@id":"https:\/\/diariotextual.com\/inicio\/index.php\/2021\/07\/31\/la-enfermera-que-busca-derribar-miedos-y-llevar-la-vacuna-a-los-menonitas-en-guatrache\/#primaryimage","url":"https:\/\/diariotextual.com\/inicio\/wp-content\/uploads\/2021\/07\/moramonicaenfermeramenonitas-julianvarelatelam2021-1.jpg","contentUrl":"https:\/\/diariotextual.com\/inicio\/wp-content\/uploads\/2021\/07\/moramonicaenfermeramenonitas-julianvarelatelam2021-1.jpg","width":907,"height":600},{"@type":"BreadcrumbList","@id":"https:\/\/diariotextual.com\/inicio\/index.php\/2021\/07\/31\/la-enfermera-que-busca-derribar-miedos-y-llevar-la-vacuna-a-los-menonitas-en-guatrache\/#breadcrumb","itemListElement":[{"@type":"ListItem","position":1,"name":"Portada","item":"https:\/\/diariotextual.com\/inicio\/"},{"@type":"ListItem","position":2,"name":"La enfermera que busca derribar miedos y llevar la vacuna a los menonitas en Guatrach\u00e9"}]},{"@type":"WebSite","@id":"https:\/\/diariotextual.com\/inicio\/#website","url":"https:\/\/diariotextual.com\/inicio\/","name":"Diario Textual","description":"","publisher":{"@id":"https:\/\/diariotextual.com\/inicio\/#organization"},"potentialAction":[{"@type":"SearchAction","target":{"@type":"EntryPoint","urlTemplate":"https:\/\/diariotextual.com\/inicio\/?s={search_term_string}"},"query-input":{"@type":"PropertyValueSpecification","valueRequired":true,"valueName":"search_term_string"}}],"inLanguage":"es"},{"@type":"Organization","@id":"https:\/\/diariotextual.com\/inicio\/#organization","name":"Diario Textual","url":"https:\/\/diariotextual.com\/inicio\/","logo":{"@type":"ImageObject","inLanguage":"es","@id":"https:\/\/diariotextual.com\/inicio\/#\/schema\/logo\/image\/","url":"https:\/\/diariotextual.com\/inicio\/wp-content\/uploads\/2023\/05\/logotextual1.jpg","contentUrl":"https:\/\/diariotextual.com\/inicio\/wp-content\/uploads\/2023\/05\/logotextual1.jpg","width":516,"height":76,"caption":"Diario Textual"},"image":{"@id":"https:\/\/diariotextual.com\/inicio\/#\/schema\/logo\/image\/"},"sameAs":["https:\/\/www.facebook.com\/eltextual","https:\/\/x.com\/eltextual","http:\/\/www.instagram.com\/eltextual"]},{"@type":"Person","@id":"https:\/\/diariotextual.com\/inicio\/#\/schema\/person\/418fc4093c33e86ed41562db3508f958","name":"Diario1 Diario1","image":{"@type":"ImageObject","inLanguage":"es","@id":"https:\/\/secure.gravatar.com\/avatar\/9167d280179c85bc18be67aa7eda765854300033af4896dd779b608640f2ef7a?s=96&d=mm&r=g","url":"https:\/\/secure.gravatar.com\/avatar\/9167d280179c85bc18be67aa7eda765854300033af4896dd779b608640f2ef7a?s=96&d=mm&r=g","contentUrl":"https:\/\/secure.gravatar.com\/avatar\/9167d280179c85bc18be67aa7eda765854300033af4896dd779b608640f2ef7a?s=96&d=mm&r=g","caption":"Diario1 Diario1"},"url":"https:\/\/diariotextual.com\/inicio\/index.php\/author\/diario1\/"}]}},"_links":{"self":[{"href":"https:\/\/diariotextual.com\/inicio\/index.php\/wp-json\/wp\/v2\/posts\/156309","targetHints":{"allow":["GET"]}}],"collection":[{"href":"https:\/\/diariotextual.com\/inicio\/index.php\/wp-json\/wp\/v2\/posts"}],"about":[{"href":"https:\/\/diariotextual.com\/inicio\/index.php\/wp-json\/wp\/v2\/types\/post"}],"author":[{"embeddable":true,"href":"https:\/\/diariotextual.com\/inicio\/index.php\/wp-json\/wp\/v2\/users\/3"}],"replies":[{"embeddable":true,"href":"https:\/\/diariotextual.com\/inicio\/index.php\/wp-json\/wp\/v2\/comments?post=156309"}],"version-history":[{"count":5,"href":"https:\/\/diariotextual.com\/inicio\/index.php\/wp-json\/wp\/v2\/posts\/156309\/revisions"}],"predecessor-version":[{"id":156318,"href":"https:\/\/diariotextual.com\/inicio\/index.php\/wp-json\/wp\/v2\/posts\/156309\/revisions\/156318"}],"wp:featuredmedia":[{"embeddable":true,"href":"https:\/\/diariotextual.com\/inicio\/index.php\/wp-json\/wp\/v2\/media\/156311"}],"wp:attachment":[{"href":"https:\/\/diariotextual.com\/inicio\/index.php\/wp-json\/wp\/v2\/media?parent=156309"}],"wp:term":[{"taxonomy":"category","embeddable":true,"href":"https:\/\/diariotextual.com\/inicio\/index.php\/wp-json\/wp\/v2\/categories?post=156309"},{"taxonomy":"post_tag","embeddable":true,"href":"https:\/\/diariotextual.com\/inicio\/index.php\/wp-json\/wp\/v2\/tags?post=156309"}],"curies":[{"name":"wp","href":"https:\/\/api.w.org\/{rel}","templated":true}]}}