{"id":156422,"date":"2021-08-02T08:27:23","date_gmt":"2021-08-02T11:27:23","guid":{"rendered":"https:\/\/diariotextual.com\/inicio\/?p=156422"},"modified":"2021-08-02T13:44:37","modified_gmt":"2021-08-02T16:44:37","slug":"los-precandidatos-de-jxc-la-pampa-deben-recordar-que-el-adversario-esta-afuera","status":"publish","type":"post","link":"https:\/\/diariotextual.com\/inicio\/index.php\/2021\/08\/02\/los-precandidatos-de-jxc-la-pampa-deben-recordar-que-el-adversario-esta-afuera\/","title":{"rendered":"\u201cLos precandidatos de JxC La Pampa deben recordar que el adversario est\u00e1 afuera\u201d"},"content":{"rendered":"\n<p><strong>Eduardo Macchiavelli<\/strong>, secretario nacional del PRO, estuvo en las \u00faltimas horas en Santa Rosa. Se reuni\u00f3 con los precandidatos del PRO y, mientras desde la conducci\u00f3n nacional terminan de delinear un \u00abmanual de buenas pr\u00e1cticas\u00bb, les pidi\u00f3 que no haya agresiones personales. En di\u00e1logo con <strong>Diario Textual<\/strong>, habl\u00f3 de la interna, de c\u00f3mo imagina que ser\u00e1 la campa\u00f1a en medio de la pandemia, de la ausencia de Mauricio Macri en la confecci\u00f3n de las listas, del \u00abmanejo de la pandemia\u00bb y de la intenci\u00f3n de Horacio Rodr\u00edguez Larreta de candidatearse en 2023 para presidente.<\/p>\n\n\n\n<p><strong>-En La Pampa, como en otras jurisdicciones, se observa una fuerte interna en los socios de Juntos por el Cambio e incluso, ya dentro del Pro, con declaraciones acusaciones. \u00bfEsas tensiones son s\u00edntomas de falta de liderazgo?<\/strong><\/p>\n\n\n\n<p>-Creo que es al rev\u00e9s. Los tres partidos fundadores, se plantearon al principio de este nuevo periodo, que se inici\u00f3 cuando Mauricio Macri dej\u00f3 el gobierno, generar una mayor participaci\u00f3n y un proceso de horizontalidad y de autonom\u00eda de las provincias m\u00e1s amplio. El poder siempre te ordena y verticaliza en las decisiones. Nosotros ven\u00edamos de cuatro a\u00f1os en donde el Gobierno nacional, de alg\u00fan modo, ten\u00eda una fuerte injerencia en la conformaci\u00f3n de las listas. Y nosotros tomamos la decisi\u00f3n que el Pro, y la UCR y la Coalici\u00f3n C\u00edvica hicieron lo mismo, de dejar de ver a las internas como una mala palabra y entender que son procesos que sirven para ampliar nuestra base y propuesta. Y ahora se llega a este momento en donde en muchas provincias, no solo en La Pampa, cuatro o cinco listas que se presentan. Bajo un mismo paraguas, con matices, queremos que la gente elija cu\u00e1l es la que mejor los representa. Sintetizando, es un proceso virtuoso. Ahora estamos buscando un nuevo liderazgo. Durante muchos a\u00f1os, en el PRO, desde su fundaci\u00f3n, hab\u00eda un liderazgo vertical y muy claro y ahora se abre un espacio de m\u00e1s horizontalidad.<\/p>\n\n\n\n<p>&#8211;<strong>En ese marco de discusiones y tensiones, \u00bfhay alg\u00fan tipo de pedido a los precandidatos para que no queden heridos luego de las PASO?<\/strong><\/p>\n\n\n\n<p>-Hay dos condiciones que nos hemos puesto de acuerdo en la conducci\u00f3n nacional. Uno tiene que ver con un llamado de manual de \u00e9tica o de buenas pr\u00e1cticas, que pone en palabras lo que pretendemos transmitir desde la mesa nacional de Juntos por el Cambio: en primer lugar, identificar que el adversario est\u00e1 afuera de la coalici\u00f3n y, en segundo lugar, convencernos y convencer a los que no lo est\u00e1n que el d\u00eda despu\u00e9s de las PASO nos tiene que encontrar a todos juntos trabajando para generar una mejor propuesta para la gente. Eso, en cada distrito, con las particularidades de cada uno, hay que entender que el adversario. No necesariamente ese \u201cadversario\u201d tiene correlato hacia otro partido. El adversario es la angustia, los miedos y la desesperanza de la gente. Tenemos la responsabilidad de construir una alternativa. No podemos crear una alternativa, cre\u00edble, si lo hacemos por separado.<\/p>\n\n\n\n<p><\/p>\n\n\n\n<p><strong>\u00bfCu\u00e1l es el objetivo de m\u00ednima para las legislativas de este a\u00f1o?<\/strong><\/p>\n\n\n\n<p><\/p>\n\n\n\n<p>-En t\u00e9rminos num\u00e9ricos, Mario Negri lo grafic\u00f3: estamos a muy poco, muy pocos votos, de que el oficialismo alcance el qu\u00f3rum propio en la C\u00e1mara de Diputados. Y a eso tenemos que ponerle un l\u00edmite. Lo mismo en el Senado, debemos mantener nuestro tercio. Y en t\u00e9rminos pol\u00edticos, debemos transformarnos nuevamente en una alternativa. Hemos dado un paso gigantesco en estos dos \u00faltimos a\u00f1os: transmitamos lo traum\u00e1tico de dejar de ser Gobierno nacional y transitamos la conformaci\u00f3n del frente y transitamos el cierre de las listas. Y ahora debemos transitar las PASO y luego las generales. El objetivo general, insisto, es transformarnos en una alternativa.<\/p>\n\n\n\n<p><strong>-\u00bfC\u00f3mo van a ser las internas en medio de una pandemia y con la gente con preocupaciones por la situaci\u00f3n sanitaria y econ\u00f3mica?<\/strong><\/p>\n\n\n\n<p>-Claramente va a ser una elecci\u00f3n at\u00edpica, por las condiciones que impone la pandemia. Creemos que va a ser con todos los medios digitales en alza, como viene ocurriendo desde 2007 hasta aqu\u00ed y va a ser una campa\u00f1a de escuchar a la gente. Hoy la elecci\u00f3n debe ser la prioridad 256\u2026 La gente, claramente, tiene otros problemas, como la salud y la econom\u00eda. Hoy tienen mucho m\u00e1s para decirnos ellos que nosotros\u2026 Hoy estamos en una situaci\u00f3n muy mala y tenemos entender lo que les pasa y, luego, generar las propuestas para tratar de paliar esa situaci\u00f3n pero tambi\u00e9n para que nos empiecen a visualizarnos para 2023. No ser\u00e1 una campa\u00f1a de mucho involucramiento de la pol\u00edtica. Ser\u00e1 una campa\u00f1a de uno a uno.<\/p>\n\n\n\n<p><strong>-Al PRO, luego de los cuatro a\u00f1os de Macri, se le complica enormemente hablar de econom\u00eda.<\/strong><\/p>\n\n\n\n<p>-La econom\u00eda, para m\u00ed, es mucho m\u00e1s que la macroeconom\u00eda que maneja un pa\u00eds. Es mucho m\u00e1s que eso. La econom\u00eda es c\u00f3mo lleg\u00e1s a fin de mes, c\u00f3mo hac\u00e9s que los miles de negocios que tuvieron que cerrar puedan reabrir, qu\u00e9 salida de le das a los miles y miles de argentinos que se quedaron sin trabajo producto de la pandemia. Me parece que hoy est\u00e1 mucho m\u00e1s enfocado en lo micro que en lo macro. Dif\u00edcilmente que a la mayor\u00eda de la gente le afecte la cotizaci\u00f3n del d\u00f3lar o las reservas del Banco Central. Sus temas tienen que ver m\u00e1s con la cotidianidad y ah\u00ed tenemos un gran laburo para hacer todas las fuerzas pol\u00edticas, en esta instancia. Hay que generar consenso, en el Congreso, para algunas de las reformas estructurales que pretendemos llevar adelante.<\/p>\n\n\n\n<p><strong>-Macri viaj\u00f3 al exterior y no se involucr\u00f3 de lleno en la conformaci\u00f3n de las listas. \u00bfEl expresidente ya es historia?<\/strong><\/p>\n\n\n\n<p>-De ninguna manera es historia. Es el fundador de nuestro espacio y es el principal referente que tenemos. Siempre Mauricio fue muy generoso con la conformaci\u00f3n de las listas. Casi nunca se ha involucrado en la confecci\u00f3n de las listas y desde 2007 ya hemos pasado diez cierres de listas. Siempre nos dio mucha libertad, pero por supuesto que siendo una referencia para nosotros. No es una novedad para nosotros que haya tomado este rol, que es ser una persona de consulta y eventualmente de intermediador entre dos posturas. Es decir, tom\u00f3 una postura muy similar a la que tom\u00f3 en otras oportunidades.<\/p>\n\n\n\n<p><strong>-\u00bfC\u00f3mo est\u00e1 hoy la relaci\u00f3n de Rodr\u00edguez Larreta con el presidente Alberto Fern\u00e1ndez, luego de las diferencias con el manejo de la pandemia?<\/strong><\/p>\n\n\n\n<p>-La diferencia m\u00e1s marcada que tuvimos, desde agosto del a\u00f1o pasado, estaba relacionado con la educaci\u00f3n. Est\u00e1bamos convencidos de que la escuela era lo \u00faltimo que ten\u00edamos que cerrar y lo primero que deb\u00edamos abrir. Fuimos consecuente con esa idea, basados, como en todo lo que hicimos en la pandemia, en datos y estudios que indicaban que las escuelas, si se cuidaban, no eran focos de contagios. Por eso fuimos tomando la decisi\u00f3n de privilegiar la educaci\u00f3n por sobre otras cosas. Y en eso tuvimos una divergencia con el Gobierno nacional\u2026 El impacto que ha tenido la no presencialidad la vamos a sufrir durante muchos a\u00f1os. No solo en la educaci\u00f3n, sino tambi\u00e9n en la salud psicof\u00edsica de los chicos\u2026 Al principio, entre Naci\u00f3n y la ciudad hubo una relaci\u00f3n de mucha interacci\u00f3n y hoy la relaci\u00f3n es correcta. Con la decisi\u00f3n inconsulta de recortar la coparticipaci\u00f3n, la relaci\u00f3n no fue la misma. Pero, insisto, hoy tenemos una relaci\u00f3n correcta.<\/p>\n\n\n\n<p><strong>-\u00bfCu\u00e1les fueron los pedidos que les hizo a los precandidatos de JxC en La Pampa?<\/strong><\/p>\n\n\n\n<p>-Posiblemente este martes presentemos un manual de buenas pr\u00e1cticas sobre c\u00f3mo deber\u00edan comportarse los actores de cada partido, en todo el pa\u00eds. Los tres presidentes de los partidos se han comprometido en la mesa nacional de JxC sobre c\u00f3mo deber\u00eda ser el desarrollo de las internas. Hay que estar de acuerdo en dos cosas: que el adversario est\u00e1 afuera y que luego de las PASO hay que estar unidos.Los precandidatos de JxC La Pampa deben recordar que el adversario est\u00e1 afuera&#8230;<\/p>\n\n\n\n<p><strong>-\u00bfMaquieyra es el candidato de Rodr\u00edguez Larreta?<\/strong><\/p>\n\n\n\n<p>-Decir el candidato \u201cde\u201d no me parece apropiado, pero s\u00ed, por supuesto, sentimos una gran afinidad con Mart\u00edn.<\/p>\n\n\n\n<p><strong>-\u00bfRodr\u00edguez Larreta va a salir a las provincias en esta campa\u00f1a?<\/strong><\/p>\n\n\n\n<p>-En la medida que la crisis sanitaria lo permita, s\u00ed. Seguramente se ir\u00e1 acentuando esa posibilidad si siguen bajando los casos. Pero hoy su principal foco est\u00e1 puesto en la pandemia. Por supuesto que le interesa la pol\u00edtica nacional, por lo que en la medida de su agenda lo permita estar\u00e1 presente. Posiblemente no en forma presencial, pero s\u00ed con reuniones o actos virtuales.<\/p>\n","protected":false},"excerpt":{"rendered":"<p>Eduardo Macchiavelli, secretario nacional del PRO, estuvo en las \u00faltimas horas en Santa Rosa. Se reuni\u00f3 con los precandidatos del PRO y, mientras desde la conducci\u00f3n nacional terminan de delinear&hellip;<\/p>\n","protected":false},"author":3,"featured_media":156429,"comment_status":"closed","ping_status":"open","sticky":false,"template":"","format":"standard","meta":{"_acf_changed":false,"footnotes":""},"categories":[10,8],"tags":[5883,382],"class_list":["post-156422","post","type-post","status-publish","format-standard","has-post-thumbnail","hentry","category-portada-2","category-politica","tag-macchiavelli","tag-pro"],"acf":[],"yoast_head":"<!-- This site is optimized with the Yoast SEO plugin v27.5 - https:\/\/yoast.com\/product\/yoast-seo-wordpress\/ -->\n<title>\u201cLos precandidatos de JxC La Pampa deben recordar que el adversario est\u00e1 afuera\u201d - Diario Textual<\/title>\n<meta name=\"robots\" content=\"index, follow, max-snippet:-1, max-image-preview:large, max-video-preview:-1\" \/>\n<link rel=\"canonical\" href=\"https:\/\/diariotextual.com\/inicio\/index.php\/2021\/08\/02\/los-precandidatos-de-jxc-la-pampa-deben-recordar-que-el-adversario-esta-afuera\/\" \/>\n<meta property=\"og:locale\" content=\"es_ES\" \/>\n<meta property=\"og:type\" content=\"article\" \/>\n<meta property=\"og:title\" content=\"\u201cLos precandidatos de JxC La Pampa deben recordar que el adversario est\u00e1 afuera\u201d - Diario Textual\" \/>\n<meta property=\"og:description\" content=\"Eduardo Macchiavelli, secretario nacional del PRO, estuvo en las \u00faltimas horas en Santa Rosa. Se reuni\u00f3 con los precandidatos del PRO y, mientras desde la conducci\u00f3n nacional terminan de delinear&hellip;\" \/>\n<meta property=\"og:url\" content=\"https:\/\/diariotextual.com\/inicio\/index.php\/2021\/08\/02\/los-precandidatos-de-jxc-la-pampa-deben-recordar-que-el-adversario-esta-afuera\/\" \/>\n<meta property=\"og:site_name\" content=\"Diario Textual\" \/>\n<meta property=\"article:publisher\" content=\"https:\/\/www.facebook.com\/eltextual\" \/>\n<meta property=\"article:published_time\" content=\"2021-08-02T11:27:23+00:00\" \/>\n<meta property=\"article:modified_time\" content=\"2021-08-02T16:44:37+00:00\" \/>\n<meta property=\"og:image\" content=\"https:\/\/diariotextual.com\/inicio\/wp-content\/uploads\/2021\/08\/machiavellieduardo2021-1.jpg\" \/>\n\t<meta property=\"og:image:width\" content=\"1352\" \/>\n\t<meta property=\"og:image:height\" content=\"875\" \/>\n\t<meta property=\"og:image:type\" content=\"image\/jpeg\" \/>\n<meta name=\"author\" content=\"Diario1 Diario1\" \/>\n<meta name=\"twitter:card\" content=\"summary_large_image\" \/>\n<meta name=\"twitter:creator\" content=\"@eltextual\" \/>\n<meta name=\"twitter:site\" content=\"@eltextual\" \/>\n<meta name=\"twitter:label1\" content=\"Escrito por\" \/>\n\t<meta name=\"twitter:data1\" content=\"Diario1 Diario1\" \/>\n\t<meta name=\"twitter:label2\" content=\"Tiempo de lectura\" \/>\n\t<meta name=\"twitter:data2\" content=\"7 minutos\" \/>\n<script type=\"application\/ld+json\" class=\"yoast-schema-graph\">{\"@context\":\"https:\\\/\\\/schema.org\",\"@graph\":[{\"@type\":\"Article\",\"@id\":\"https:\\\/\\\/diariotextual.com\\\/inicio\\\/index.php\\\/2021\\\/08\\\/02\\\/los-precandidatos-de-jxc-la-pampa-deben-recordar-que-el-adversario-esta-afuera\\\/#article\",\"isPartOf\":{\"@id\":\"https:\\\/\\\/diariotextual.com\\\/inicio\\\/index.php\\\/2021\\\/08\\\/02\\\/los-precandidatos-de-jxc-la-pampa-deben-recordar-que-el-adversario-esta-afuera\\\/\"},\"author\":{\"name\":\"Diario1 Diario1\",\"@id\":\"https:\\\/\\\/diariotextual.com\\\/inicio\\\/#\\\/schema\\\/person\\\/418fc4093c33e86ed41562db3508f958\"},\"headline\":\"\u201cLos precandidatos de JxC La Pampa deben recordar que el adversario est\u00e1 afuera\u201d\",\"datePublished\":\"2021-08-02T11:27:23+00:00\",\"dateModified\":\"2021-08-02T16:44:37+00:00\",\"mainEntityOfPage\":{\"@id\":\"https:\\\/\\\/diariotextual.com\\\/inicio\\\/index.php\\\/2021\\\/08\\\/02\\\/los-precandidatos-de-jxc-la-pampa-deben-recordar-que-el-adversario-esta-afuera\\\/\"},\"wordCount\":1556,\"publisher\":{\"@id\":\"https:\\\/\\\/diariotextual.com\\\/inicio\\\/#organization\"},\"image\":{\"@id\":\"https:\\\/\\\/diariotextual.com\\\/inicio\\\/index.php\\\/2021\\\/08\\\/02\\\/los-precandidatos-de-jxc-la-pampa-deben-recordar-que-el-adversario-esta-afuera\\\/#primaryimage\"},\"thumbnailUrl\":\"https:\\\/\\\/diariotextual.com\\\/inicio\\\/wp-content\\\/uploads\\\/2021\\\/08\\\/machiavellieduardo2021-1.jpg\",\"keywords\":[\"Macchiavelli\",\"pro\"],\"articleSection\":[\"A - PORTADA2\",\"POLITICA\"],\"inLanguage\":\"es\"},{\"@type\":\"WebPage\",\"@id\":\"https:\\\/\\\/diariotextual.com\\\/inicio\\\/index.php\\\/2021\\\/08\\\/02\\\/los-precandidatos-de-jxc-la-pampa-deben-recordar-que-el-adversario-esta-afuera\\\/\",\"url\":\"https:\\\/\\\/diariotextual.com\\\/inicio\\\/index.php\\\/2021\\\/08\\\/02\\\/los-precandidatos-de-jxc-la-pampa-deben-recordar-que-el-adversario-esta-afuera\\\/\",\"name\":\"\u201cLos precandidatos de JxC La Pampa deben recordar que el adversario est\u00e1 afuera\u201d - Diario Textual\",\"isPartOf\":{\"@id\":\"https:\\\/\\\/diariotextual.com\\\/inicio\\\/#website\"},\"primaryImageOfPage\":{\"@id\":\"https:\\\/\\\/diariotextual.com\\\/inicio\\\/index.php\\\/2021\\\/08\\\/02\\\/los-precandidatos-de-jxc-la-pampa-deben-recordar-que-el-adversario-esta-afuera\\\/#primaryimage\"},\"image\":{\"@id\":\"https:\\\/\\\/diariotextual.com\\\/inicio\\\/index.php\\\/2021\\\/08\\\/02\\\/los-precandidatos-de-jxc-la-pampa-deben-recordar-que-el-adversario-esta-afuera\\\/#primaryimage\"},\"thumbnailUrl\":\"https:\\\/\\\/diariotextual.com\\\/inicio\\\/wp-content\\\/uploads\\\/2021\\\/08\\\/machiavellieduardo2021-1.jpg\",\"datePublished\":\"2021-08-02T11:27:23+00:00\",\"dateModified\":\"2021-08-02T16:44:37+00:00\",\"breadcrumb\":{\"@id\":\"https:\\\/\\\/diariotextual.com\\\/inicio\\\/index.php\\\/2021\\\/08\\\/02\\\/los-precandidatos-de-jxc-la-pampa-deben-recordar-que-el-adversario-esta-afuera\\\/#breadcrumb\"},\"inLanguage\":\"es\",\"potentialAction\":[{\"@type\":\"ReadAction\",\"target\":[\"https:\\\/\\\/diariotextual.com\\\/inicio\\\/index.php\\\/2021\\\/08\\\/02\\\/los-precandidatos-de-jxc-la-pampa-deben-recordar-que-el-adversario-esta-afuera\\\/\"]}]},{\"@type\":\"ImageObject\",\"inLanguage\":\"es\",\"@id\":\"https:\\\/\\\/diariotextual.com\\\/inicio\\\/index.php\\\/2021\\\/08\\\/02\\\/los-precandidatos-de-jxc-la-pampa-deben-recordar-que-el-adversario-esta-afuera\\\/#primaryimage\",\"url\":\"https:\\\/\\\/diariotextual.com\\\/inicio\\\/wp-content\\\/uploads\\\/2021\\\/08\\\/machiavellieduardo2021-1.jpg\",\"contentUrl\":\"https:\\\/\\\/diariotextual.com\\\/inicio\\\/wp-content\\\/uploads\\\/2021\\\/08\\\/machiavellieduardo2021-1.jpg\",\"width\":1352,\"height\":875},{\"@type\":\"BreadcrumbList\",\"@id\":\"https:\\\/\\\/diariotextual.com\\\/inicio\\\/index.php\\\/2021\\\/08\\\/02\\\/los-precandidatos-de-jxc-la-pampa-deben-recordar-que-el-adversario-esta-afuera\\\/#breadcrumb\",\"itemListElement\":[{\"@type\":\"ListItem\",\"position\":1,\"name\":\"Portada\",\"item\":\"https:\\\/\\\/diariotextual.com\\\/inicio\\\/\"},{\"@type\":\"ListItem\",\"position\":2,\"name\":\"\u201cLos precandidatos de JxC La Pampa deben recordar que el adversario est\u00e1 afuera\u201d\"}]},{\"@type\":\"WebSite\",\"@id\":\"https:\\\/\\\/diariotextual.com\\\/inicio\\\/#website\",\"url\":\"https:\\\/\\\/diariotextual.com\\\/inicio\\\/\",\"name\":\"Diario Textual\",\"description\":\"\",\"publisher\":{\"@id\":\"https:\\\/\\\/diariotextual.com\\\/inicio\\\/#organization\"},\"potentialAction\":[{\"@type\":\"SearchAction\",\"target\":{\"@type\":\"EntryPoint\",\"urlTemplate\":\"https:\\\/\\\/diariotextual.com\\\/inicio\\\/?s={search_term_string}\"},\"query-input\":{\"@type\":\"PropertyValueSpecification\",\"valueRequired\":true,\"valueName\":\"search_term_string\"}}],\"inLanguage\":\"es\"},{\"@type\":\"Organization\",\"@id\":\"https:\\\/\\\/diariotextual.com\\\/inicio\\\/#organization\",\"name\":\"Diario Textual\",\"url\":\"https:\\\/\\\/diariotextual.com\\\/inicio\\\/\",\"logo\":{\"@type\":\"ImageObject\",\"inLanguage\":\"es\",\"@id\":\"https:\\\/\\\/diariotextual.com\\\/inicio\\\/#\\\/schema\\\/logo\\\/image\\\/\",\"url\":\"https:\\\/\\\/diariotextual.com\\\/inicio\\\/wp-content\\\/uploads\\\/2023\\\/05\\\/logotextual1.jpg\",\"contentUrl\":\"https:\\\/\\\/diariotextual.com\\\/inicio\\\/wp-content\\\/uploads\\\/2023\\\/05\\\/logotextual1.jpg\",\"width\":516,\"height\":76,\"caption\":\"Diario Textual\"},\"image\":{\"@id\":\"https:\\\/\\\/diariotextual.com\\\/inicio\\\/#\\\/schema\\\/logo\\\/image\\\/\"},\"sameAs\":[\"https:\\\/\\\/www.facebook.com\\\/eltextual\",\"https:\\\/\\\/x.com\\\/eltextual\",\"http:\\\/\\\/www.instagram.com\\\/eltextual\"]},{\"@type\":\"Person\",\"@id\":\"https:\\\/\\\/diariotextual.com\\\/inicio\\\/#\\\/schema\\\/person\\\/418fc4093c33e86ed41562db3508f958\",\"name\":\"Diario1 Diario1\",\"image\":{\"@type\":\"ImageObject\",\"inLanguage\":\"es\",\"@id\":\"https:\\\/\\\/secure.gravatar.com\\\/avatar\\\/9167d280179c85bc18be67aa7eda765854300033af4896dd779b608640f2ef7a?s=96&d=mm&r=g\",\"url\":\"https:\\\/\\\/secure.gravatar.com\\\/avatar\\\/9167d280179c85bc18be67aa7eda765854300033af4896dd779b608640f2ef7a?s=96&d=mm&r=g\",\"contentUrl\":\"https:\\\/\\\/secure.gravatar.com\\\/avatar\\\/9167d280179c85bc18be67aa7eda765854300033af4896dd779b608640f2ef7a?s=96&d=mm&r=g\",\"caption\":\"Diario1 Diario1\"},\"url\":\"https:\\\/\\\/diariotextual.com\\\/inicio\\\/index.php\\\/author\\\/diario1\\\/\"}]}<\/script>\n<!-- \/ Yoast SEO plugin. -->","yoast_head_json":{"title":"\u201cLos precandidatos de JxC La Pampa deben recordar que el adversario est\u00e1 afuera\u201d - Diario Textual","robots":{"index":"index","follow":"follow","max-snippet":"max-snippet:-1","max-image-preview":"max-image-preview:large","max-video-preview":"max-video-preview:-1"},"canonical":"https:\/\/diariotextual.com\/inicio\/index.php\/2021\/08\/02\/los-precandidatos-de-jxc-la-pampa-deben-recordar-que-el-adversario-esta-afuera\/","og_locale":"es_ES","og_type":"article","og_title":"\u201cLos precandidatos de JxC La Pampa deben recordar que el adversario est\u00e1 afuera\u201d - Diario Textual","og_description":"Eduardo Macchiavelli, secretario nacional del PRO, estuvo en las \u00faltimas horas en Santa Rosa. Se reuni\u00f3 con los precandidatos del PRO y, mientras desde la conducci\u00f3n nacional terminan de delinear&hellip;","og_url":"https:\/\/diariotextual.com\/inicio\/index.php\/2021\/08\/02\/los-precandidatos-de-jxc-la-pampa-deben-recordar-que-el-adversario-esta-afuera\/","og_site_name":"Diario Textual","article_publisher":"https:\/\/www.facebook.com\/eltextual","article_published_time":"2021-08-02T11:27:23+00:00","article_modified_time":"2021-08-02T16:44:37+00:00","og_image":[{"width":1352,"height":875,"url":"https:\/\/diariotextual.com\/inicio\/wp-content\/uploads\/2021\/08\/machiavellieduardo2021-1.jpg","type":"image\/jpeg"}],"author":"Diario1 Diario1","twitter_card":"summary_large_image","twitter_creator":"@eltextual","twitter_site":"@eltextual","twitter_misc":{"Escrito por":"Diario1 Diario1","Tiempo de lectura":"7 minutos"},"schema":{"@context":"https:\/\/schema.org","@graph":[{"@type":"Article","@id":"https:\/\/diariotextual.com\/inicio\/index.php\/2021\/08\/02\/los-precandidatos-de-jxc-la-pampa-deben-recordar-que-el-adversario-esta-afuera\/#article","isPartOf":{"@id":"https:\/\/diariotextual.com\/inicio\/index.php\/2021\/08\/02\/los-precandidatos-de-jxc-la-pampa-deben-recordar-que-el-adversario-esta-afuera\/"},"author":{"name":"Diario1 Diario1","@id":"https:\/\/diariotextual.com\/inicio\/#\/schema\/person\/418fc4093c33e86ed41562db3508f958"},"headline":"\u201cLos precandidatos de JxC La Pampa deben recordar que el adversario est\u00e1 afuera\u201d","datePublished":"2021-08-02T11:27:23+00:00","dateModified":"2021-08-02T16:44:37+00:00","mainEntityOfPage":{"@id":"https:\/\/diariotextual.com\/inicio\/index.php\/2021\/08\/02\/los-precandidatos-de-jxc-la-pampa-deben-recordar-que-el-adversario-esta-afuera\/"},"wordCount":1556,"publisher":{"@id":"https:\/\/diariotextual.com\/inicio\/#organization"},"image":{"@id":"https:\/\/diariotextual.com\/inicio\/index.php\/2021\/08\/02\/los-precandidatos-de-jxc-la-pampa-deben-recordar-que-el-adversario-esta-afuera\/#primaryimage"},"thumbnailUrl":"https:\/\/diariotextual.com\/inicio\/wp-content\/uploads\/2021\/08\/machiavellieduardo2021-1.jpg","keywords":["Macchiavelli","pro"],"articleSection":["A - PORTADA2","POLITICA"],"inLanguage":"es"},{"@type":"WebPage","@id":"https:\/\/diariotextual.com\/inicio\/index.php\/2021\/08\/02\/los-precandidatos-de-jxc-la-pampa-deben-recordar-que-el-adversario-esta-afuera\/","url":"https:\/\/diariotextual.com\/inicio\/index.php\/2021\/08\/02\/los-precandidatos-de-jxc-la-pampa-deben-recordar-que-el-adversario-esta-afuera\/","name":"\u201cLos precandidatos de JxC La Pampa deben recordar que el adversario est\u00e1 afuera\u201d - Diario Textual","isPartOf":{"@id":"https:\/\/diariotextual.com\/inicio\/#website"},"primaryImageOfPage":{"@id":"https:\/\/diariotextual.com\/inicio\/index.php\/2021\/08\/02\/los-precandidatos-de-jxc-la-pampa-deben-recordar-que-el-adversario-esta-afuera\/#primaryimage"},"image":{"@id":"https:\/\/diariotextual.com\/inicio\/index.php\/2021\/08\/02\/los-precandidatos-de-jxc-la-pampa-deben-recordar-que-el-adversario-esta-afuera\/#primaryimage"},"thumbnailUrl":"https:\/\/diariotextual.com\/inicio\/wp-content\/uploads\/2021\/08\/machiavellieduardo2021-1.jpg","datePublished":"2021-08-02T11:27:23+00:00","dateModified":"2021-08-02T16:44:37+00:00","breadcrumb":{"@id":"https:\/\/diariotextual.com\/inicio\/index.php\/2021\/08\/02\/los-precandidatos-de-jxc-la-pampa-deben-recordar-que-el-adversario-esta-afuera\/#breadcrumb"},"inLanguage":"es","potentialAction":[{"@type":"ReadAction","target":["https:\/\/diariotextual.com\/inicio\/index.php\/2021\/08\/02\/los-precandidatos-de-jxc-la-pampa-deben-recordar-que-el-adversario-esta-afuera\/"]}]},{"@type":"ImageObject","inLanguage":"es","@id":"https:\/\/diariotextual.com\/inicio\/index.php\/2021\/08\/02\/los-precandidatos-de-jxc-la-pampa-deben-recordar-que-el-adversario-esta-afuera\/#primaryimage","url":"https:\/\/diariotextual.com\/inicio\/wp-content\/uploads\/2021\/08\/machiavellieduardo2021-1.jpg","contentUrl":"https:\/\/diariotextual.com\/inicio\/wp-content\/uploads\/2021\/08\/machiavellieduardo2021-1.jpg","width":1352,"height":875},{"@type":"BreadcrumbList","@id":"https:\/\/diariotextual.com\/inicio\/index.php\/2021\/08\/02\/los-precandidatos-de-jxc-la-pampa-deben-recordar-que-el-adversario-esta-afuera\/#breadcrumb","itemListElement":[{"@type":"ListItem","position":1,"name":"Portada","item":"https:\/\/diariotextual.com\/inicio\/"},{"@type":"ListItem","position":2,"name":"\u201cLos precandidatos de JxC La Pampa deben recordar que el adversario est\u00e1 afuera\u201d"}]},{"@type":"WebSite","@id":"https:\/\/diariotextual.com\/inicio\/#website","url":"https:\/\/diariotextual.com\/inicio\/","name":"Diario Textual","description":"","publisher":{"@id":"https:\/\/diariotextual.com\/inicio\/#organization"},"potentialAction":[{"@type":"SearchAction","target":{"@type":"EntryPoint","urlTemplate":"https:\/\/diariotextual.com\/inicio\/?s={search_term_string}"},"query-input":{"@type":"PropertyValueSpecification","valueRequired":true,"valueName":"search_term_string"}}],"inLanguage":"es"},{"@type":"Organization","@id":"https:\/\/diariotextual.com\/inicio\/#organization","name":"Diario Textual","url":"https:\/\/diariotextual.com\/inicio\/","logo":{"@type":"ImageObject","inLanguage":"es","@id":"https:\/\/diariotextual.com\/inicio\/#\/schema\/logo\/image\/","url":"https:\/\/diariotextual.com\/inicio\/wp-content\/uploads\/2023\/05\/logotextual1.jpg","contentUrl":"https:\/\/diariotextual.com\/inicio\/wp-content\/uploads\/2023\/05\/logotextual1.jpg","width":516,"height":76,"caption":"Diario Textual"},"image":{"@id":"https:\/\/diariotextual.com\/inicio\/#\/schema\/logo\/image\/"},"sameAs":["https:\/\/www.facebook.com\/eltextual","https:\/\/x.com\/eltextual","http:\/\/www.instagram.com\/eltextual"]},{"@type":"Person","@id":"https:\/\/diariotextual.com\/inicio\/#\/schema\/person\/418fc4093c33e86ed41562db3508f958","name":"Diario1 Diario1","image":{"@type":"ImageObject","inLanguage":"es","@id":"https:\/\/secure.gravatar.com\/avatar\/9167d280179c85bc18be67aa7eda765854300033af4896dd779b608640f2ef7a?s=96&d=mm&r=g","url":"https:\/\/secure.gravatar.com\/avatar\/9167d280179c85bc18be67aa7eda765854300033af4896dd779b608640f2ef7a?s=96&d=mm&r=g","contentUrl":"https:\/\/secure.gravatar.com\/avatar\/9167d280179c85bc18be67aa7eda765854300033af4896dd779b608640f2ef7a?s=96&d=mm&r=g","caption":"Diario1 Diario1"},"url":"https:\/\/diariotextual.com\/inicio\/index.php\/author\/diario1\/"}]}},"_links":{"self":[{"href":"https:\/\/diariotextual.com\/inicio\/index.php\/wp-json\/wp\/v2\/posts\/156422","targetHints":{"allow":["GET"]}}],"collection":[{"href":"https:\/\/diariotextual.com\/inicio\/index.php\/wp-json\/wp\/v2\/posts"}],"about":[{"href":"https:\/\/diariotextual.com\/inicio\/index.php\/wp-json\/wp\/v2\/types\/post"}],"author":[{"embeddable":true,"href":"https:\/\/diariotextual.com\/inicio\/index.php\/wp-json\/wp\/v2\/users\/3"}],"replies":[{"embeddable":true,"href":"https:\/\/diariotextual.com\/inicio\/index.php\/wp-json\/wp\/v2\/comments?post=156422"}],"version-history":[{"count":8,"href":"https:\/\/diariotextual.com\/inicio\/index.php\/wp-json\/wp\/v2\/posts\/156422\/revisions"}],"predecessor-version":[{"id":156435,"href":"https:\/\/diariotextual.com\/inicio\/index.php\/wp-json\/wp\/v2\/posts\/156422\/revisions\/156435"}],"wp:featuredmedia":[{"embeddable":true,"href":"https:\/\/diariotextual.com\/inicio\/index.php\/wp-json\/wp\/v2\/media\/156429"}],"wp:attachment":[{"href":"https:\/\/diariotextual.com\/inicio\/index.php\/wp-json\/wp\/v2\/media?parent=156422"}],"wp:term":[{"taxonomy":"category","embeddable":true,"href":"https:\/\/diariotextual.com\/inicio\/index.php\/wp-json\/wp\/v2\/categories?post=156422"},{"taxonomy":"post_tag","embeddable":true,"href":"https:\/\/diariotextual.com\/inicio\/index.php\/wp-json\/wp\/v2\/tags?post=156422"}],"curies":[{"name":"wp","href":"https:\/\/api.w.org\/{rel}","templated":true}]}}