{"id":156801,"date":"2021-08-04T21:07:07","date_gmt":"2021-08-05T00:07:07","guid":{"rendered":"https:\/\/diariotextual.com\/inicio\/?p=156801"},"modified":"2021-08-05T08:04:46","modified_gmt":"2021-08-05T11:04:46","slug":"le-dieron-la-licencia-a-empatel-para-dar-tv-por-cable-internet-y-telefonia","status":"publish","type":"post","link":"https:\/\/diariotextual.com\/inicio\/index.php\/2021\/08\/04\/le-dieron-la-licencia-a-empatel-para-dar-tv-por-cable-internet-y-telefonia\/","title":{"rendered":"Le dieron la licencia a Empatel para dar TV por cable, internet y telefon\u00eda"},"content":{"rendered":"\n<p>El Ente Nacional de Comunicaciones (Enacom) le otorg\u00f3 este mi\u00e9rcoles la licencia como operadora de internet, TV por cable y telefon\u00eda a la Empresa Provincial de Telecomunicaciones (Empatel), en otro paso para la soberan\u00eda digital de La Pampa.<\/p>\n\n\n\n<p>Durante la reuni\u00f3n del Directorio, que integra el pampeano Alejandro Gigena, se le otorg\u00f3 a la empresa mixta una licencia general y fue habilita en su primera parte en forma exclusiva la prestaci\u00f3n de servicios de internet. Para otras prestaciones (televisi\u00f3n, telefon\u00eda fija y m\u00f3vil u otras) se deben ir pidiendo en forma individual.<\/p>\n\n\n\n<p>Empatel es la empresa creada por el Gobierno pampeano con el objetivo de impulsar las telecomunicaciones estatales. El 51 por ciento de las acciones de la empresa pertenecen al Estado provincial, la empresa Aguas del Colorado Sapem cuenta con el 10 por ciento, las Cooperativas en su conjunto con el 35 por ciento y las pymes con el 4 por ciento restante.<\/p>\n\n\n\n<p>\u00abHoy es un d\u00eda trascendente para las telecomunicaciones pampeanas, pues en la reuni\u00f3n de Directorio del ENACOM que integro, por unanimidad, aprobamos el otorgamiento a la Empresa Pampeana de Telecomunicaciones -EMPATEL S.A.P.E.M.- de la LICENCIA \u00daNICA para la prestaci\u00f3n de servicios de Tecnolog\u00edas de la Informaci\u00f3n y las Comunicaciones (TICs), que incluye Telefon\u00eda Fija y M\u00f3vil y TV por cable, entre otras, y el registro y habilitaci\u00f3n para comenzar a prestar el servicio de Internet\u00bb, dijo Gigena en un tuit.<\/p>\n\n\n\n<p>\u00abLa decisi\u00f3n adoptada en el seno del Directorio del ENACOM -del que formo parte- representa el inicio del funcionamiento de EMPATEL S.A.P.E.M. y constituye un hito para la Provincia en materia de conectividad\u00bb, sostuvo. \u00abAdem\u00e1s, significa un enorme paso en el ambicioso prop\u00f3sito del Gobierno Provincial que motiv\u00f3 la creaci\u00f3n de esta empresa pampeana como herramienta fundamental para el desarrollo tecnol\u00f3gico, el fortalecimiento de las telecomunicaciones y el achicamiento de la brecha digital, todo ello, con el objeto de garantizar el acceso equitativo e igualitario de todos los comprovincianos y comprovincianas a servicios de TICs de calidad y a precios justos y razonables, considerando su car\u00e1cter de servicios p\u00fablicos esenciales y estrat\u00e9gicos en competencia y su naturaleza -indudable- de derecho humano\u00bb, manifest\u00f3.<\/p>\n\n\n\n<figure class=\"wp-block-embed is-type-rich is-provider-twitter wp-block-embed-twitter\"><div class=\"wp-block-embed__wrapper\">\nhttps:\/\/twitter.com\/afgigena\/status\/1422990236607471622\n<\/div><\/figure>\n","protected":false},"excerpt":{"rendered":"<p>El Ente Nacional de Comunicaciones (Enacom) le otorg\u00f3 este mi\u00e9rcoles la licencia como operadora de internet, TV por cable y telefon\u00eda a la Empresa Provincial de Telecomunicaciones (Empatel), en otro&hellip;<\/p>\n","protected":false},"author":3,"featured_media":82983,"comment_status":"closed","ping_status":"open","sticky":false,"template":"","format":"standard","meta":{"_acf_changed":false,"footnotes":""},"categories":[10,12],"tags":[2027],"class_list":["post-156801","post","type-post","status-publish","format-standard","has-post-thumbnail","hentry","category-portada-2","category-sociedad","tag-empatel"],"acf":[],"yoast_head":"<!-- This site is optimized with the Yoast SEO plugin v27.5 - https:\/\/yoast.com\/product\/yoast-seo-wordpress\/ -->\n<title>Le dieron la licencia a Empatel para dar TV por cable, internet y telefon\u00eda - Diario Textual<\/title>\n<meta name=\"robots\" content=\"index, follow, max-snippet:-1, max-image-preview:large, max-video-preview:-1\" \/>\n<link rel=\"canonical\" href=\"https:\/\/diariotextual.com\/inicio\/index.php\/2021\/08\/04\/le-dieron-la-licencia-a-empatel-para-dar-tv-por-cable-internet-y-telefonia\/\" \/>\n<meta property=\"og:locale\" content=\"es_ES\" \/>\n<meta property=\"og:type\" content=\"article\" \/>\n<meta property=\"og:title\" content=\"Le dieron la licencia a Empatel para dar TV por cable, internet y telefon\u00eda - Diario Textual\" \/>\n<meta property=\"og:description\" content=\"El Ente Nacional de Comunicaciones (Enacom) le otorg\u00f3 este mi\u00e9rcoles la licencia como operadora de internet, TV por cable y telefon\u00eda a la Empresa Provincial de Telecomunicaciones (Empatel), en otro&hellip;\" \/>\n<meta property=\"og:url\" content=\"https:\/\/diariotextual.com\/inicio\/index.php\/2021\/08\/04\/le-dieron-la-licencia-a-empatel-para-dar-tv-por-cable-internet-y-telefonia\/\" \/>\n<meta property=\"og:site_name\" content=\"Diario Textual\" \/>\n<meta property=\"article:publisher\" content=\"https:\/\/www.facebook.com\/eltextual\" \/>\n<meta property=\"article:published_time\" content=\"2021-08-05T00:07:07+00:00\" \/>\n<meta property=\"article:modified_time\" content=\"2021-08-05T11:04:46+00:00\" \/>\n<meta property=\"og:image\" content=\"https:\/\/diariotextual.com\/inicio\/wp-content\/uploads\/2020\/03\/antenacelulares2020-1.jpg\" \/>\n\t<meta property=\"og:image:width\" content=\"1466\" \/>\n\t<meta property=\"og:image:height\" content=\"889\" \/>\n\t<meta property=\"og:image:type\" content=\"image\/jpeg\" \/>\n<meta name=\"author\" content=\"Diario1 Diario1\" \/>\n<meta name=\"twitter:card\" content=\"summary_large_image\" \/>\n<meta name=\"twitter:creator\" content=\"@eltextual\" \/>\n<meta name=\"twitter:site\" content=\"@eltextual\" \/>\n<meta name=\"twitter:label1\" content=\"Escrito por\" \/>\n\t<meta name=\"twitter:data1\" content=\"Diario1 Diario1\" \/>\n\t<meta name=\"twitter:label2\" content=\"Tiempo de lectura\" \/>\n\t<meta name=\"twitter:data2\" content=\"2 minutos\" \/>\n<script type=\"application\/ld+json\" class=\"yoast-schema-graph\">{\"@context\":\"https:\\\/\\\/schema.org\",\"@graph\":[{\"@type\":\"Article\",\"@id\":\"https:\\\/\\\/diariotextual.com\\\/inicio\\\/index.php\\\/2021\\\/08\\\/04\\\/le-dieron-la-licencia-a-empatel-para-dar-tv-por-cable-internet-y-telefonia\\\/#article\",\"isPartOf\":{\"@id\":\"https:\\\/\\\/diariotextual.com\\\/inicio\\\/index.php\\\/2021\\\/08\\\/04\\\/le-dieron-la-licencia-a-empatel-para-dar-tv-por-cable-internet-y-telefonia\\\/\"},\"author\":{\"name\":\"Diario1 Diario1\",\"@id\":\"https:\\\/\\\/diariotextual.com\\\/inicio\\\/#\\\/schema\\\/person\\\/418fc4093c33e86ed41562db3508f958\"},\"headline\":\"Le dieron la licencia a Empatel para dar TV por cable, internet y telefon\u00eda\",\"datePublished\":\"2021-08-05T00:07:07+00:00\",\"dateModified\":\"2021-08-05T11:04:46+00:00\",\"mainEntityOfPage\":{\"@id\":\"https:\\\/\\\/diariotextual.com\\\/inicio\\\/index.php\\\/2021\\\/08\\\/04\\\/le-dieron-la-licencia-a-empatel-para-dar-tv-por-cable-internet-y-telefonia\\\/\"},\"wordCount\":405,\"publisher\":{\"@id\":\"https:\\\/\\\/diariotextual.com\\\/inicio\\\/#organization\"},\"image\":{\"@id\":\"https:\\\/\\\/diariotextual.com\\\/inicio\\\/index.php\\\/2021\\\/08\\\/04\\\/le-dieron-la-licencia-a-empatel-para-dar-tv-por-cable-internet-y-telefonia\\\/#primaryimage\"},\"thumbnailUrl\":\"https:\\\/\\\/diariotextual.com\\\/inicio\\\/wp-content\\\/uploads\\\/2020\\\/03\\\/antenacelulares2020-1.jpg\",\"keywords\":[\"Empatel\"],\"articleSection\":[\"A - PORTADA2\",\"SOCIEDAD\"],\"inLanguage\":\"es\"},{\"@type\":\"WebPage\",\"@id\":\"https:\\\/\\\/diariotextual.com\\\/inicio\\\/index.php\\\/2021\\\/08\\\/04\\\/le-dieron-la-licencia-a-empatel-para-dar-tv-por-cable-internet-y-telefonia\\\/\",\"url\":\"https:\\\/\\\/diariotextual.com\\\/inicio\\\/index.php\\\/2021\\\/08\\\/04\\\/le-dieron-la-licencia-a-empatel-para-dar-tv-por-cable-internet-y-telefonia\\\/\",\"name\":\"Le dieron la licencia a Empatel para dar TV por cable, internet y telefon\u00eda - Diario Textual\",\"isPartOf\":{\"@id\":\"https:\\\/\\\/diariotextual.com\\\/inicio\\\/#website\"},\"primaryImageOfPage\":{\"@id\":\"https:\\\/\\\/diariotextual.com\\\/inicio\\\/index.php\\\/2021\\\/08\\\/04\\\/le-dieron-la-licencia-a-empatel-para-dar-tv-por-cable-internet-y-telefonia\\\/#primaryimage\"},\"image\":{\"@id\":\"https:\\\/\\\/diariotextual.com\\\/inicio\\\/index.php\\\/2021\\\/08\\\/04\\\/le-dieron-la-licencia-a-empatel-para-dar-tv-por-cable-internet-y-telefonia\\\/#primaryimage\"},\"thumbnailUrl\":\"https:\\\/\\\/diariotextual.com\\\/inicio\\\/wp-content\\\/uploads\\\/2020\\\/03\\\/antenacelulares2020-1.jpg\",\"datePublished\":\"2021-08-05T00:07:07+00:00\",\"dateModified\":\"2021-08-05T11:04:46+00:00\",\"breadcrumb\":{\"@id\":\"https:\\\/\\\/diariotextual.com\\\/inicio\\\/index.php\\\/2021\\\/08\\\/04\\\/le-dieron-la-licencia-a-empatel-para-dar-tv-por-cable-internet-y-telefonia\\\/#breadcrumb\"},\"inLanguage\":\"es\",\"potentialAction\":[{\"@type\":\"ReadAction\",\"target\":[\"https:\\\/\\\/diariotextual.com\\\/inicio\\\/index.php\\\/2021\\\/08\\\/04\\\/le-dieron-la-licencia-a-empatel-para-dar-tv-por-cable-internet-y-telefonia\\\/\"]}]},{\"@type\":\"ImageObject\",\"inLanguage\":\"es\",\"@id\":\"https:\\\/\\\/diariotextual.com\\\/inicio\\\/index.php\\\/2021\\\/08\\\/04\\\/le-dieron-la-licencia-a-empatel-para-dar-tv-por-cable-internet-y-telefonia\\\/#primaryimage\",\"url\":\"https:\\\/\\\/diariotextual.com\\\/inicio\\\/wp-content\\\/uploads\\\/2020\\\/03\\\/antenacelulares2020-1.jpg\",\"contentUrl\":\"https:\\\/\\\/diariotextual.com\\\/inicio\\\/wp-content\\\/uploads\\\/2020\\\/03\\\/antenacelulares2020-1.jpg\",\"width\":1466,\"height\":889},{\"@type\":\"BreadcrumbList\",\"@id\":\"https:\\\/\\\/diariotextual.com\\\/inicio\\\/index.php\\\/2021\\\/08\\\/04\\\/le-dieron-la-licencia-a-empatel-para-dar-tv-por-cable-internet-y-telefonia\\\/#breadcrumb\",\"itemListElement\":[{\"@type\":\"ListItem\",\"position\":1,\"name\":\"Portada\",\"item\":\"https:\\\/\\\/diariotextual.com\\\/inicio\\\/\"},{\"@type\":\"ListItem\",\"position\":2,\"name\":\"Le dieron la licencia a Empatel para dar TV por cable, internet y telefon\u00eda\"}]},{\"@type\":\"WebSite\",\"@id\":\"https:\\\/\\\/diariotextual.com\\\/inicio\\\/#website\",\"url\":\"https:\\\/\\\/diariotextual.com\\\/inicio\\\/\",\"name\":\"Diario Textual\",\"description\":\"\",\"publisher\":{\"@id\":\"https:\\\/\\\/diariotextual.com\\\/inicio\\\/#organization\"},\"potentialAction\":[{\"@type\":\"SearchAction\",\"target\":{\"@type\":\"EntryPoint\",\"urlTemplate\":\"https:\\\/\\\/diariotextual.com\\\/inicio\\\/?s={search_term_string}\"},\"query-input\":{\"@type\":\"PropertyValueSpecification\",\"valueRequired\":true,\"valueName\":\"search_term_string\"}}],\"inLanguage\":\"es\"},{\"@type\":\"Organization\",\"@id\":\"https:\\\/\\\/diariotextual.com\\\/inicio\\\/#organization\",\"name\":\"Diario Textual\",\"url\":\"https:\\\/\\\/diariotextual.com\\\/inicio\\\/\",\"logo\":{\"@type\":\"ImageObject\",\"inLanguage\":\"es\",\"@id\":\"https:\\\/\\\/diariotextual.com\\\/inicio\\\/#\\\/schema\\\/logo\\\/image\\\/\",\"url\":\"https:\\\/\\\/diariotextual.com\\\/inicio\\\/wp-content\\\/uploads\\\/2023\\\/05\\\/logotextual1.jpg\",\"contentUrl\":\"https:\\\/\\\/diariotextual.com\\\/inicio\\\/wp-content\\\/uploads\\\/2023\\\/05\\\/logotextual1.jpg\",\"width\":516,\"height\":76,\"caption\":\"Diario Textual\"},\"image\":{\"@id\":\"https:\\\/\\\/diariotextual.com\\\/inicio\\\/#\\\/schema\\\/logo\\\/image\\\/\"},\"sameAs\":[\"https:\\\/\\\/www.facebook.com\\\/eltextual\",\"https:\\\/\\\/x.com\\\/eltextual\",\"http:\\\/\\\/www.instagram.com\\\/eltextual\"]},{\"@type\":\"Person\",\"@id\":\"https:\\\/\\\/diariotextual.com\\\/inicio\\\/#\\\/schema\\\/person\\\/418fc4093c33e86ed41562db3508f958\",\"name\":\"Diario1 Diario1\",\"image\":{\"@type\":\"ImageObject\",\"inLanguage\":\"es\",\"@id\":\"https:\\\/\\\/secure.gravatar.com\\\/avatar\\\/9167d280179c85bc18be67aa7eda765854300033af4896dd779b608640f2ef7a?s=96&d=mm&r=g\",\"url\":\"https:\\\/\\\/secure.gravatar.com\\\/avatar\\\/9167d280179c85bc18be67aa7eda765854300033af4896dd779b608640f2ef7a?s=96&d=mm&r=g\",\"contentUrl\":\"https:\\\/\\\/secure.gravatar.com\\\/avatar\\\/9167d280179c85bc18be67aa7eda765854300033af4896dd779b608640f2ef7a?s=96&d=mm&r=g\",\"caption\":\"Diario1 Diario1\"},\"url\":\"https:\\\/\\\/diariotextual.com\\\/inicio\\\/index.php\\\/author\\\/diario1\\\/\"}]}<\/script>\n<!-- \/ Yoast SEO plugin. -->","yoast_head_json":{"title":"Le dieron la licencia a Empatel para dar TV por cable, internet y telefon\u00eda - Diario Textual","robots":{"index":"index","follow":"follow","max-snippet":"max-snippet:-1","max-image-preview":"max-image-preview:large","max-video-preview":"max-video-preview:-1"},"canonical":"https:\/\/diariotextual.com\/inicio\/index.php\/2021\/08\/04\/le-dieron-la-licencia-a-empatel-para-dar-tv-por-cable-internet-y-telefonia\/","og_locale":"es_ES","og_type":"article","og_title":"Le dieron la licencia a Empatel para dar TV por cable, internet y telefon\u00eda - Diario Textual","og_description":"El Ente Nacional de Comunicaciones (Enacom) le otorg\u00f3 este mi\u00e9rcoles la licencia como operadora de internet, TV por cable y telefon\u00eda a la Empresa Provincial de Telecomunicaciones (Empatel), en otro&hellip;","og_url":"https:\/\/diariotextual.com\/inicio\/index.php\/2021\/08\/04\/le-dieron-la-licencia-a-empatel-para-dar-tv-por-cable-internet-y-telefonia\/","og_site_name":"Diario Textual","article_publisher":"https:\/\/www.facebook.com\/eltextual","article_published_time":"2021-08-05T00:07:07+00:00","article_modified_time":"2021-08-05T11:04:46+00:00","og_image":[{"width":1466,"height":889,"url":"https:\/\/diariotextual.com\/inicio\/wp-content\/uploads\/2020\/03\/antenacelulares2020-1.jpg","type":"image\/jpeg"}],"author":"Diario1 Diario1","twitter_card":"summary_large_image","twitter_creator":"@eltextual","twitter_site":"@eltextual","twitter_misc":{"Escrito por":"Diario1 Diario1","Tiempo de lectura":"2 minutos"},"schema":{"@context":"https:\/\/schema.org","@graph":[{"@type":"Article","@id":"https:\/\/diariotextual.com\/inicio\/index.php\/2021\/08\/04\/le-dieron-la-licencia-a-empatel-para-dar-tv-por-cable-internet-y-telefonia\/#article","isPartOf":{"@id":"https:\/\/diariotextual.com\/inicio\/index.php\/2021\/08\/04\/le-dieron-la-licencia-a-empatel-para-dar-tv-por-cable-internet-y-telefonia\/"},"author":{"name":"Diario1 Diario1","@id":"https:\/\/diariotextual.com\/inicio\/#\/schema\/person\/418fc4093c33e86ed41562db3508f958"},"headline":"Le dieron la licencia a Empatel para dar TV por cable, internet y telefon\u00eda","datePublished":"2021-08-05T00:07:07+00:00","dateModified":"2021-08-05T11:04:46+00:00","mainEntityOfPage":{"@id":"https:\/\/diariotextual.com\/inicio\/index.php\/2021\/08\/04\/le-dieron-la-licencia-a-empatel-para-dar-tv-por-cable-internet-y-telefonia\/"},"wordCount":405,"publisher":{"@id":"https:\/\/diariotextual.com\/inicio\/#organization"},"image":{"@id":"https:\/\/diariotextual.com\/inicio\/index.php\/2021\/08\/04\/le-dieron-la-licencia-a-empatel-para-dar-tv-por-cable-internet-y-telefonia\/#primaryimage"},"thumbnailUrl":"https:\/\/diariotextual.com\/inicio\/wp-content\/uploads\/2020\/03\/antenacelulares2020-1.jpg","keywords":["Empatel"],"articleSection":["A - PORTADA2","SOCIEDAD"],"inLanguage":"es"},{"@type":"WebPage","@id":"https:\/\/diariotextual.com\/inicio\/index.php\/2021\/08\/04\/le-dieron-la-licencia-a-empatel-para-dar-tv-por-cable-internet-y-telefonia\/","url":"https:\/\/diariotextual.com\/inicio\/index.php\/2021\/08\/04\/le-dieron-la-licencia-a-empatel-para-dar-tv-por-cable-internet-y-telefonia\/","name":"Le dieron la licencia a Empatel para dar TV por cable, internet y telefon\u00eda - Diario Textual","isPartOf":{"@id":"https:\/\/diariotextual.com\/inicio\/#website"},"primaryImageOfPage":{"@id":"https:\/\/diariotextual.com\/inicio\/index.php\/2021\/08\/04\/le-dieron-la-licencia-a-empatel-para-dar-tv-por-cable-internet-y-telefonia\/#primaryimage"},"image":{"@id":"https:\/\/diariotextual.com\/inicio\/index.php\/2021\/08\/04\/le-dieron-la-licencia-a-empatel-para-dar-tv-por-cable-internet-y-telefonia\/#primaryimage"},"thumbnailUrl":"https:\/\/diariotextual.com\/inicio\/wp-content\/uploads\/2020\/03\/antenacelulares2020-1.jpg","datePublished":"2021-08-05T00:07:07+00:00","dateModified":"2021-08-05T11:04:46+00:00","breadcrumb":{"@id":"https:\/\/diariotextual.com\/inicio\/index.php\/2021\/08\/04\/le-dieron-la-licencia-a-empatel-para-dar-tv-por-cable-internet-y-telefonia\/#breadcrumb"},"inLanguage":"es","potentialAction":[{"@type":"ReadAction","target":["https:\/\/diariotextual.com\/inicio\/index.php\/2021\/08\/04\/le-dieron-la-licencia-a-empatel-para-dar-tv-por-cable-internet-y-telefonia\/"]}]},{"@type":"ImageObject","inLanguage":"es","@id":"https:\/\/diariotextual.com\/inicio\/index.php\/2021\/08\/04\/le-dieron-la-licencia-a-empatel-para-dar-tv-por-cable-internet-y-telefonia\/#primaryimage","url":"https:\/\/diariotextual.com\/inicio\/wp-content\/uploads\/2020\/03\/antenacelulares2020-1.jpg","contentUrl":"https:\/\/diariotextual.com\/inicio\/wp-content\/uploads\/2020\/03\/antenacelulares2020-1.jpg","width":1466,"height":889},{"@type":"BreadcrumbList","@id":"https:\/\/diariotextual.com\/inicio\/index.php\/2021\/08\/04\/le-dieron-la-licencia-a-empatel-para-dar-tv-por-cable-internet-y-telefonia\/#breadcrumb","itemListElement":[{"@type":"ListItem","position":1,"name":"Portada","item":"https:\/\/diariotextual.com\/inicio\/"},{"@type":"ListItem","position":2,"name":"Le dieron la licencia a Empatel para dar TV por cable, internet y telefon\u00eda"}]},{"@type":"WebSite","@id":"https:\/\/diariotextual.com\/inicio\/#website","url":"https:\/\/diariotextual.com\/inicio\/","name":"Diario Textual","description":"","publisher":{"@id":"https:\/\/diariotextual.com\/inicio\/#organization"},"potentialAction":[{"@type":"SearchAction","target":{"@type":"EntryPoint","urlTemplate":"https:\/\/diariotextual.com\/inicio\/?s={search_term_string}"},"query-input":{"@type":"PropertyValueSpecification","valueRequired":true,"valueName":"search_term_string"}}],"inLanguage":"es"},{"@type":"Organization","@id":"https:\/\/diariotextual.com\/inicio\/#organization","name":"Diario Textual","url":"https:\/\/diariotextual.com\/inicio\/","logo":{"@type":"ImageObject","inLanguage":"es","@id":"https:\/\/diariotextual.com\/inicio\/#\/schema\/logo\/image\/","url":"https:\/\/diariotextual.com\/inicio\/wp-content\/uploads\/2023\/05\/logotextual1.jpg","contentUrl":"https:\/\/diariotextual.com\/inicio\/wp-content\/uploads\/2023\/05\/logotextual1.jpg","width":516,"height":76,"caption":"Diario Textual"},"image":{"@id":"https:\/\/diariotextual.com\/inicio\/#\/schema\/logo\/image\/"},"sameAs":["https:\/\/www.facebook.com\/eltextual","https:\/\/x.com\/eltextual","http:\/\/www.instagram.com\/eltextual"]},{"@type":"Person","@id":"https:\/\/diariotextual.com\/inicio\/#\/schema\/person\/418fc4093c33e86ed41562db3508f958","name":"Diario1 Diario1","image":{"@type":"ImageObject","inLanguage":"es","@id":"https:\/\/secure.gravatar.com\/avatar\/9167d280179c85bc18be67aa7eda765854300033af4896dd779b608640f2ef7a?s=96&d=mm&r=g","url":"https:\/\/secure.gravatar.com\/avatar\/9167d280179c85bc18be67aa7eda765854300033af4896dd779b608640f2ef7a?s=96&d=mm&r=g","contentUrl":"https:\/\/secure.gravatar.com\/avatar\/9167d280179c85bc18be67aa7eda765854300033af4896dd779b608640f2ef7a?s=96&d=mm&r=g","caption":"Diario1 Diario1"},"url":"https:\/\/diariotextual.com\/inicio\/index.php\/author\/diario1\/"}]}},"_links":{"self":[{"href":"https:\/\/diariotextual.com\/inicio\/index.php\/wp-json\/wp\/v2\/posts\/156801","targetHints":{"allow":["GET"]}}],"collection":[{"href":"https:\/\/diariotextual.com\/inicio\/index.php\/wp-json\/wp\/v2\/posts"}],"about":[{"href":"https:\/\/diariotextual.com\/inicio\/index.php\/wp-json\/wp\/v2\/types\/post"}],"author":[{"embeddable":true,"href":"https:\/\/diariotextual.com\/inicio\/index.php\/wp-json\/wp\/v2\/users\/3"}],"replies":[{"embeddable":true,"href":"https:\/\/diariotextual.com\/inicio\/index.php\/wp-json\/wp\/v2\/comments?post=156801"}],"version-history":[{"count":2,"href":"https:\/\/diariotextual.com\/inicio\/index.php\/wp-json\/wp\/v2\/posts\/156801\/revisions"}],"predecessor-version":[{"id":156803,"href":"https:\/\/diariotextual.com\/inicio\/index.php\/wp-json\/wp\/v2\/posts\/156801\/revisions\/156803"}],"wp:featuredmedia":[{"embeddable":true,"href":"https:\/\/diariotextual.com\/inicio\/index.php\/wp-json\/wp\/v2\/media\/82983"}],"wp:attachment":[{"href":"https:\/\/diariotextual.com\/inicio\/index.php\/wp-json\/wp\/v2\/media?parent=156801"}],"wp:term":[{"taxonomy":"category","embeddable":true,"href":"https:\/\/diariotextual.com\/inicio\/index.php\/wp-json\/wp\/v2\/categories?post=156801"},{"taxonomy":"post_tag","embeddable":true,"href":"https:\/\/diariotextual.com\/inicio\/index.php\/wp-json\/wp\/v2\/tags?post=156801"}],"curies":[{"name":"wp","href":"https:\/\/api.w.org\/{rel}","templated":true}]}}