{"id":156820,"date":"2021-08-05T08:00:31","date_gmt":"2021-08-05T11:00:31","guid":{"rendered":"https:\/\/diariotextual.com\/inicio\/?p=156820"},"modified":"2021-08-05T10:56:14","modified_gmt":"2021-08-05T13:56:14","slug":"por-el-robo-de-los-rios-altolaguirre-pide-por-un-fondo-de-reparacion-historica-de-la-pampa","status":"publish","type":"post","link":"https:\/\/diariotextual.com\/inicio\/index.php\/2021\/08\/05\/por-el-robo-de-los-rios-altolaguirre-pide-por-un-fondo-de-reparacion-historica-de-la-pampa\/","title":{"rendered":"Por el robo de los r\u00edos, Altolaguirre pide por un Fondo de Reparaci\u00f3n Hist\u00f3rica de La Pampa"},"content":{"rendered":"\n<p><strong>Hip\u00f3lito \u201cPoli\u201d Altolaguirre<\/strong>, precandidato a senador nacional en una de las listas de Juntos por el Cambio, dijo que se debe impulsar en el Congreso nacional un<strong> \u201cfondo de reparaci\u00f3n hist\u00f3rica para La Pampa\u201d <\/strong>a ra\u00edz de los despojos de los r\u00edos Atuel y Salado.<\/p>\n\n\n\n<p>Altolaguirre -que encabeza la lista Democracia y Consenso, de cara a las PASO de septiembre, junto a <strong>Hugo P\u00e9rez <\/strong>como precandidato a diputado nacional- sostuvo que \u201cLa Pampa ha sido relegada hist\u00f3ricamente\u201d y \u201ces hora de una reparaci\u00f3n hist\u00f3rica\u201d por parte de Naci\u00f3n.<\/p>\n\n\n\n<p>\u201cAc\u00e1 hay que entender que nuestra provincia, desde 1983 a la fecha, es una provincia ordenada y que paga sus cuentas, pero es una provincia estanca y chata: no se desarrolla en infraestructura. Si queremos generar empleo, tenemos que desarrollar infraestructura para que se radiquen empresas\u201d, sostuvo el dirigente radical.<\/p>\n\n\n\n<p>Compar\u00f3 la situaci\u00f3n de San Juan, San Luis y hasta el fondo del Conurbano de Buenos Aires. \u201cTodos esos fondos son por deudas hist\u00f3ricas. Pero <strong>nuestra provincia, a la que le han robado los r\u00edos, sigue marginada<\/strong>. En cambio, a Mendoza le dan la plata, los gobiernos de los signos pol\u00edticos que sean, para que haga Portezuelo del Viento&#8230;\u201d, sostuvo.<\/p>\n\n\n\n<p>\u201c<strong>Merecemos que a los pampeanos nos reconozcan esa deuda hist\u00f3rica<\/strong>\u201d, sostuvo. \u201cNuestra provincia se merece tener el respaldo nacional, as\u00ed como nosotros aportamos al Tesoro nacional\u201d, dijo. \u201cYa sea con destino espec\u00edfico, a rutas, a promoci\u00f3n industrial o a infraestructura como gas o electricidad\u201d, sostuvo.<\/p>\n\n\n\n<p><\/p>\n","protected":false},"excerpt":{"rendered":"<p>Hip\u00f3lito \u201cPoli\u201d Altolaguirre, precandidato a senador nacional en una de las listas de Juntos por el Cambio, dijo que se debe impulsar en el Congreso nacional un \u201cfondo de reparaci\u00f3n&hellip;<\/p>\n","protected":false},"author":3,"featured_media":156828,"comment_status":"closed","ping_status":"open","sticky":false,"template":"","format":"standard","meta":{"_acf_changed":false,"footnotes":""},"categories":[1,8],"tags":[29,4794],"class_list":["post-156820","post","type-post","status-publish","format-standard","has-post-thumbnail","hentry","category-es-noticia","category-politica","tag-altolaguirre","tag-poli"],"acf":[],"yoast_head":"<!-- This site is optimized with the Yoast SEO plugin v27.5 - https:\/\/yoast.com\/product\/yoast-seo-wordpress\/ -->\n<title>Por el robo de los r\u00edos, Altolaguirre pide por un Fondo de Reparaci\u00f3n Hist\u00f3rica de La Pampa - Diario Textual<\/title>\n<meta name=\"robots\" content=\"index, follow, max-snippet:-1, max-image-preview:large, max-video-preview:-1\" \/>\n<link rel=\"canonical\" href=\"https:\/\/diariotextual.com\/inicio\/index.php\/2021\/08\/05\/por-el-robo-de-los-rios-altolaguirre-pide-por-un-fondo-de-reparacion-historica-de-la-pampa\/\" \/>\n<meta property=\"og:locale\" content=\"es_ES\" \/>\n<meta property=\"og:type\" content=\"article\" \/>\n<meta property=\"og:title\" content=\"Por el robo de los r\u00edos, Altolaguirre pide por un Fondo de Reparaci\u00f3n Hist\u00f3rica de La Pampa - Diario Textual\" \/>\n<meta property=\"og:description\" content=\"Hip\u00f3lito \u201cPoli\u201d Altolaguirre, precandidato a senador nacional en una de las listas de Juntos por el Cambio, dijo que se debe impulsar en el Congreso nacional un \u201cfondo de reparaci\u00f3n&hellip;\" \/>\n<meta property=\"og:url\" content=\"https:\/\/diariotextual.com\/inicio\/index.php\/2021\/08\/05\/por-el-robo-de-los-rios-altolaguirre-pide-por-un-fondo-de-reparacion-historica-de-la-pampa\/\" \/>\n<meta property=\"og:site_name\" content=\"Diario Textual\" \/>\n<meta property=\"article:publisher\" content=\"https:\/\/www.facebook.com\/eltextual\" \/>\n<meta property=\"article:published_time\" content=\"2021-08-05T11:00:31+00:00\" \/>\n<meta property=\"article:modified_time\" content=\"2021-08-05T13:56:14+00:00\" \/>\n<meta property=\"og:image\" content=\"https:\/\/diariotextual.com\/inicio\/wp-content\/uploads\/2021\/08\/altolaguirrehipolitopoli2021-3.jpg\" \/>\n\t<meta property=\"og:image:width\" content=\"2536\" \/>\n\t<meta property=\"og:image:height\" content=\"1631\" \/>\n\t<meta property=\"og:image:type\" content=\"image\/jpeg\" \/>\n<meta name=\"author\" content=\"Diario1 Diario1\" \/>\n<meta name=\"twitter:card\" content=\"summary_large_image\" \/>\n<meta name=\"twitter:creator\" content=\"@eltextual\" \/>\n<meta name=\"twitter:site\" content=\"@eltextual\" \/>\n<meta name=\"twitter:label1\" content=\"Escrito por\" \/>\n\t<meta name=\"twitter:data1\" content=\"Diario1 Diario1\" \/>\n\t<meta name=\"twitter:label2\" content=\"Tiempo de lectura\" \/>\n\t<meta name=\"twitter:data2\" content=\"2 minutos\" \/>\n<script type=\"application\/ld+json\" class=\"yoast-schema-graph\">{\"@context\":\"https:\\\/\\\/schema.org\",\"@graph\":[{\"@type\":\"Article\",\"@id\":\"https:\\\/\\\/diariotextual.com\\\/inicio\\\/index.php\\\/2021\\\/08\\\/05\\\/por-el-robo-de-los-rios-altolaguirre-pide-por-un-fondo-de-reparacion-historica-de-la-pampa\\\/#article\",\"isPartOf\":{\"@id\":\"https:\\\/\\\/diariotextual.com\\\/inicio\\\/index.php\\\/2021\\\/08\\\/05\\\/por-el-robo-de-los-rios-altolaguirre-pide-por-un-fondo-de-reparacion-historica-de-la-pampa\\\/\"},\"author\":{\"name\":\"Diario1 Diario1\",\"@id\":\"https:\\\/\\\/diariotextual.com\\\/inicio\\\/#\\\/schema\\\/person\\\/418fc4093c33e86ed41562db3508f958\"},\"headline\":\"Por el robo de los r\u00edos, Altolaguirre pide por un Fondo de Reparaci\u00f3n Hist\u00f3rica de La Pampa\",\"datePublished\":\"2021-08-05T11:00:31+00:00\",\"dateModified\":\"2021-08-05T13:56:14+00:00\",\"mainEntityOfPage\":{\"@id\":\"https:\\\/\\\/diariotextual.com\\\/inicio\\\/index.php\\\/2021\\\/08\\\/05\\\/por-el-robo-de-los-rios-altolaguirre-pide-por-un-fondo-de-reparacion-historica-de-la-pampa\\\/\"},\"wordCount\":279,\"publisher\":{\"@id\":\"https:\\\/\\\/diariotextual.com\\\/inicio\\\/#organization\"},\"image\":{\"@id\":\"https:\\\/\\\/diariotextual.com\\\/inicio\\\/index.php\\\/2021\\\/08\\\/05\\\/por-el-robo-de-los-rios-altolaguirre-pide-por-un-fondo-de-reparacion-historica-de-la-pampa\\\/#primaryimage\"},\"thumbnailUrl\":\"https:\\\/\\\/diariotextual.com\\\/inicio\\\/wp-content\\\/uploads\\\/2021\\\/08\\\/altolaguirrehipolitopoli2021-3.jpg\",\"keywords\":[\"altolaguirre\",\"poli\"],\"articleSection\":[\"A - ES NOTICIA (van abajo)\",\"POLITICA\"],\"inLanguage\":\"es\"},{\"@type\":\"WebPage\",\"@id\":\"https:\\\/\\\/diariotextual.com\\\/inicio\\\/index.php\\\/2021\\\/08\\\/05\\\/por-el-robo-de-los-rios-altolaguirre-pide-por-un-fondo-de-reparacion-historica-de-la-pampa\\\/\",\"url\":\"https:\\\/\\\/diariotextual.com\\\/inicio\\\/index.php\\\/2021\\\/08\\\/05\\\/por-el-robo-de-los-rios-altolaguirre-pide-por-un-fondo-de-reparacion-historica-de-la-pampa\\\/\",\"name\":\"Por el robo de los r\u00edos, Altolaguirre pide por un Fondo de Reparaci\u00f3n Hist\u00f3rica de La Pampa - Diario Textual\",\"isPartOf\":{\"@id\":\"https:\\\/\\\/diariotextual.com\\\/inicio\\\/#website\"},\"primaryImageOfPage\":{\"@id\":\"https:\\\/\\\/diariotextual.com\\\/inicio\\\/index.php\\\/2021\\\/08\\\/05\\\/por-el-robo-de-los-rios-altolaguirre-pide-por-un-fondo-de-reparacion-historica-de-la-pampa\\\/#primaryimage\"},\"image\":{\"@id\":\"https:\\\/\\\/diariotextual.com\\\/inicio\\\/index.php\\\/2021\\\/08\\\/05\\\/por-el-robo-de-los-rios-altolaguirre-pide-por-un-fondo-de-reparacion-historica-de-la-pampa\\\/#primaryimage\"},\"thumbnailUrl\":\"https:\\\/\\\/diariotextual.com\\\/inicio\\\/wp-content\\\/uploads\\\/2021\\\/08\\\/altolaguirrehipolitopoli2021-3.jpg\",\"datePublished\":\"2021-08-05T11:00:31+00:00\",\"dateModified\":\"2021-08-05T13:56:14+00:00\",\"breadcrumb\":{\"@id\":\"https:\\\/\\\/diariotextual.com\\\/inicio\\\/index.php\\\/2021\\\/08\\\/05\\\/por-el-robo-de-los-rios-altolaguirre-pide-por-un-fondo-de-reparacion-historica-de-la-pampa\\\/#breadcrumb\"},\"inLanguage\":\"es\",\"potentialAction\":[{\"@type\":\"ReadAction\",\"target\":[\"https:\\\/\\\/diariotextual.com\\\/inicio\\\/index.php\\\/2021\\\/08\\\/05\\\/por-el-robo-de-los-rios-altolaguirre-pide-por-un-fondo-de-reparacion-historica-de-la-pampa\\\/\"]}]},{\"@type\":\"ImageObject\",\"inLanguage\":\"es\",\"@id\":\"https:\\\/\\\/diariotextual.com\\\/inicio\\\/index.php\\\/2021\\\/08\\\/05\\\/por-el-robo-de-los-rios-altolaguirre-pide-por-un-fondo-de-reparacion-historica-de-la-pampa\\\/#primaryimage\",\"url\":\"https:\\\/\\\/diariotextual.com\\\/inicio\\\/wp-content\\\/uploads\\\/2021\\\/08\\\/altolaguirrehipolitopoli2021-3.jpg\",\"contentUrl\":\"https:\\\/\\\/diariotextual.com\\\/inicio\\\/wp-content\\\/uploads\\\/2021\\\/08\\\/altolaguirrehipolitopoli2021-3.jpg\",\"width\":2536,\"height\":1631},{\"@type\":\"BreadcrumbList\",\"@id\":\"https:\\\/\\\/diariotextual.com\\\/inicio\\\/index.php\\\/2021\\\/08\\\/05\\\/por-el-robo-de-los-rios-altolaguirre-pide-por-un-fondo-de-reparacion-historica-de-la-pampa\\\/#breadcrumb\",\"itemListElement\":[{\"@type\":\"ListItem\",\"position\":1,\"name\":\"Portada\",\"item\":\"https:\\\/\\\/diariotextual.com\\\/inicio\\\/\"},{\"@type\":\"ListItem\",\"position\":2,\"name\":\"Por el robo de los r\u00edos, Altolaguirre pide por un Fondo de Reparaci\u00f3n Hist\u00f3rica de La Pampa\"}]},{\"@type\":\"WebSite\",\"@id\":\"https:\\\/\\\/diariotextual.com\\\/inicio\\\/#website\",\"url\":\"https:\\\/\\\/diariotextual.com\\\/inicio\\\/\",\"name\":\"Diario Textual\",\"description\":\"\",\"publisher\":{\"@id\":\"https:\\\/\\\/diariotextual.com\\\/inicio\\\/#organization\"},\"potentialAction\":[{\"@type\":\"SearchAction\",\"target\":{\"@type\":\"EntryPoint\",\"urlTemplate\":\"https:\\\/\\\/diariotextual.com\\\/inicio\\\/?s={search_term_string}\"},\"query-input\":{\"@type\":\"PropertyValueSpecification\",\"valueRequired\":true,\"valueName\":\"search_term_string\"}}],\"inLanguage\":\"es\"},{\"@type\":\"Organization\",\"@id\":\"https:\\\/\\\/diariotextual.com\\\/inicio\\\/#organization\",\"name\":\"Diario Textual\",\"url\":\"https:\\\/\\\/diariotextual.com\\\/inicio\\\/\",\"logo\":{\"@type\":\"ImageObject\",\"inLanguage\":\"es\",\"@id\":\"https:\\\/\\\/diariotextual.com\\\/inicio\\\/#\\\/schema\\\/logo\\\/image\\\/\",\"url\":\"https:\\\/\\\/diariotextual.com\\\/inicio\\\/wp-content\\\/uploads\\\/2023\\\/05\\\/logotextual1.jpg\",\"contentUrl\":\"https:\\\/\\\/diariotextual.com\\\/inicio\\\/wp-content\\\/uploads\\\/2023\\\/05\\\/logotextual1.jpg\",\"width\":516,\"height\":76,\"caption\":\"Diario Textual\"},\"image\":{\"@id\":\"https:\\\/\\\/diariotextual.com\\\/inicio\\\/#\\\/schema\\\/logo\\\/image\\\/\"},\"sameAs\":[\"https:\\\/\\\/www.facebook.com\\\/eltextual\",\"https:\\\/\\\/x.com\\\/eltextual\",\"http:\\\/\\\/www.instagram.com\\\/eltextual\"]},{\"@type\":\"Person\",\"@id\":\"https:\\\/\\\/diariotextual.com\\\/inicio\\\/#\\\/schema\\\/person\\\/418fc4093c33e86ed41562db3508f958\",\"name\":\"Diario1 Diario1\",\"image\":{\"@type\":\"ImageObject\",\"inLanguage\":\"es\",\"@id\":\"https:\\\/\\\/secure.gravatar.com\\\/avatar\\\/9167d280179c85bc18be67aa7eda765854300033af4896dd779b608640f2ef7a?s=96&d=mm&r=g\",\"url\":\"https:\\\/\\\/secure.gravatar.com\\\/avatar\\\/9167d280179c85bc18be67aa7eda765854300033af4896dd779b608640f2ef7a?s=96&d=mm&r=g\",\"contentUrl\":\"https:\\\/\\\/secure.gravatar.com\\\/avatar\\\/9167d280179c85bc18be67aa7eda765854300033af4896dd779b608640f2ef7a?s=96&d=mm&r=g\",\"caption\":\"Diario1 Diario1\"},\"url\":\"https:\\\/\\\/diariotextual.com\\\/inicio\\\/index.php\\\/author\\\/diario1\\\/\"}]}<\/script>\n<!-- \/ Yoast SEO plugin. -->","yoast_head_json":{"title":"Por el robo de los r\u00edos, Altolaguirre pide por un Fondo de Reparaci\u00f3n Hist\u00f3rica de La Pampa - Diario Textual","robots":{"index":"index","follow":"follow","max-snippet":"max-snippet:-1","max-image-preview":"max-image-preview:large","max-video-preview":"max-video-preview:-1"},"canonical":"https:\/\/diariotextual.com\/inicio\/index.php\/2021\/08\/05\/por-el-robo-de-los-rios-altolaguirre-pide-por-un-fondo-de-reparacion-historica-de-la-pampa\/","og_locale":"es_ES","og_type":"article","og_title":"Por el robo de los r\u00edos, Altolaguirre pide por un Fondo de Reparaci\u00f3n Hist\u00f3rica de La Pampa - Diario Textual","og_description":"Hip\u00f3lito \u201cPoli\u201d Altolaguirre, precandidato a senador nacional en una de las listas de Juntos por el Cambio, dijo que se debe impulsar en el Congreso nacional un \u201cfondo de reparaci\u00f3n&hellip;","og_url":"https:\/\/diariotextual.com\/inicio\/index.php\/2021\/08\/05\/por-el-robo-de-los-rios-altolaguirre-pide-por-un-fondo-de-reparacion-historica-de-la-pampa\/","og_site_name":"Diario Textual","article_publisher":"https:\/\/www.facebook.com\/eltextual","article_published_time":"2021-08-05T11:00:31+00:00","article_modified_time":"2021-08-05T13:56:14+00:00","og_image":[{"width":2536,"height":1631,"url":"https:\/\/diariotextual.com\/inicio\/wp-content\/uploads\/2021\/08\/altolaguirrehipolitopoli2021-3.jpg","type":"image\/jpeg"}],"author":"Diario1 Diario1","twitter_card":"summary_large_image","twitter_creator":"@eltextual","twitter_site":"@eltextual","twitter_misc":{"Escrito por":"Diario1 Diario1","Tiempo de lectura":"2 minutos"},"schema":{"@context":"https:\/\/schema.org","@graph":[{"@type":"Article","@id":"https:\/\/diariotextual.com\/inicio\/index.php\/2021\/08\/05\/por-el-robo-de-los-rios-altolaguirre-pide-por-un-fondo-de-reparacion-historica-de-la-pampa\/#article","isPartOf":{"@id":"https:\/\/diariotextual.com\/inicio\/index.php\/2021\/08\/05\/por-el-robo-de-los-rios-altolaguirre-pide-por-un-fondo-de-reparacion-historica-de-la-pampa\/"},"author":{"name":"Diario1 Diario1","@id":"https:\/\/diariotextual.com\/inicio\/#\/schema\/person\/418fc4093c33e86ed41562db3508f958"},"headline":"Por el robo de los r\u00edos, Altolaguirre pide por un Fondo de Reparaci\u00f3n Hist\u00f3rica de La Pampa","datePublished":"2021-08-05T11:00:31+00:00","dateModified":"2021-08-05T13:56:14+00:00","mainEntityOfPage":{"@id":"https:\/\/diariotextual.com\/inicio\/index.php\/2021\/08\/05\/por-el-robo-de-los-rios-altolaguirre-pide-por-un-fondo-de-reparacion-historica-de-la-pampa\/"},"wordCount":279,"publisher":{"@id":"https:\/\/diariotextual.com\/inicio\/#organization"},"image":{"@id":"https:\/\/diariotextual.com\/inicio\/index.php\/2021\/08\/05\/por-el-robo-de-los-rios-altolaguirre-pide-por-un-fondo-de-reparacion-historica-de-la-pampa\/#primaryimage"},"thumbnailUrl":"https:\/\/diariotextual.com\/inicio\/wp-content\/uploads\/2021\/08\/altolaguirrehipolitopoli2021-3.jpg","keywords":["altolaguirre","poli"],"articleSection":["A - ES NOTICIA (van abajo)","POLITICA"],"inLanguage":"es"},{"@type":"WebPage","@id":"https:\/\/diariotextual.com\/inicio\/index.php\/2021\/08\/05\/por-el-robo-de-los-rios-altolaguirre-pide-por-un-fondo-de-reparacion-historica-de-la-pampa\/","url":"https:\/\/diariotextual.com\/inicio\/index.php\/2021\/08\/05\/por-el-robo-de-los-rios-altolaguirre-pide-por-un-fondo-de-reparacion-historica-de-la-pampa\/","name":"Por el robo de los r\u00edos, Altolaguirre pide por un Fondo de Reparaci\u00f3n Hist\u00f3rica de La Pampa - Diario Textual","isPartOf":{"@id":"https:\/\/diariotextual.com\/inicio\/#website"},"primaryImageOfPage":{"@id":"https:\/\/diariotextual.com\/inicio\/index.php\/2021\/08\/05\/por-el-robo-de-los-rios-altolaguirre-pide-por-un-fondo-de-reparacion-historica-de-la-pampa\/#primaryimage"},"image":{"@id":"https:\/\/diariotextual.com\/inicio\/index.php\/2021\/08\/05\/por-el-robo-de-los-rios-altolaguirre-pide-por-un-fondo-de-reparacion-historica-de-la-pampa\/#primaryimage"},"thumbnailUrl":"https:\/\/diariotextual.com\/inicio\/wp-content\/uploads\/2021\/08\/altolaguirrehipolitopoli2021-3.jpg","datePublished":"2021-08-05T11:00:31+00:00","dateModified":"2021-08-05T13:56:14+00:00","breadcrumb":{"@id":"https:\/\/diariotextual.com\/inicio\/index.php\/2021\/08\/05\/por-el-robo-de-los-rios-altolaguirre-pide-por-un-fondo-de-reparacion-historica-de-la-pampa\/#breadcrumb"},"inLanguage":"es","potentialAction":[{"@type":"ReadAction","target":["https:\/\/diariotextual.com\/inicio\/index.php\/2021\/08\/05\/por-el-robo-de-los-rios-altolaguirre-pide-por-un-fondo-de-reparacion-historica-de-la-pampa\/"]}]},{"@type":"ImageObject","inLanguage":"es","@id":"https:\/\/diariotextual.com\/inicio\/index.php\/2021\/08\/05\/por-el-robo-de-los-rios-altolaguirre-pide-por-un-fondo-de-reparacion-historica-de-la-pampa\/#primaryimage","url":"https:\/\/diariotextual.com\/inicio\/wp-content\/uploads\/2021\/08\/altolaguirrehipolitopoli2021-3.jpg","contentUrl":"https:\/\/diariotextual.com\/inicio\/wp-content\/uploads\/2021\/08\/altolaguirrehipolitopoli2021-3.jpg","width":2536,"height":1631},{"@type":"BreadcrumbList","@id":"https:\/\/diariotextual.com\/inicio\/index.php\/2021\/08\/05\/por-el-robo-de-los-rios-altolaguirre-pide-por-un-fondo-de-reparacion-historica-de-la-pampa\/#breadcrumb","itemListElement":[{"@type":"ListItem","position":1,"name":"Portada","item":"https:\/\/diariotextual.com\/inicio\/"},{"@type":"ListItem","position":2,"name":"Por el robo de los r\u00edos, Altolaguirre pide por un Fondo de Reparaci\u00f3n Hist\u00f3rica de La Pampa"}]},{"@type":"WebSite","@id":"https:\/\/diariotextual.com\/inicio\/#website","url":"https:\/\/diariotextual.com\/inicio\/","name":"Diario Textual","description":"","publisher":{"@id":"https:\/\/diariotextual.com\/inicio\/#organization"},"potentialAction":[{"@type":"SearchAction","target":{"@type":"EntryPoint","urlTemplate":"https:\/\/diariotextual.com\/inicio\/?s={search_term_string}"},"query-input":{"@type":"PropertyValueSpecification","valueRequired":true,"valueName":"search_term_string"}}],"inLanguage":"es"},{"@type":"Organization","@id":"https:\/\/diariotextual.com\/inicio\/#organization","name":"Diario Textual","url":"https:\/\/diariotextual.com\/inicio\/","logo":{"@type":"ImageObject","inLanguage":"es","@id":"https:\/\/diariotextual.com\/inicio\/#\/schema\/logo\/image\/","url":"https:\/\/diariotextual.com\/inicio\/wp-content\/uploads\/2023\/05\/logotextual1.jpg","contentUrl":"https:\/\/diariotextual.com\/inicio\/wp-content\/uploads\/2023\/05\/logotextual1.jpg","width":516,"height":76,"caption":"Diario Textual"},"image":{"@id":"https:\/\/diariotextual.com\/inicio\/#\/schema\/logo\/image\/"},"sameAs":["https:\/\/www.facebook.com\/eltextual","https:\/\/x.com\/eltextual","http:\/\/www.instagram.com\/eltextual"]},{"@type":"Person","@id":"https:\/\/diariotextual.com\/inicio\/#\/schema\/person\/418fc4093c33e86ed41562db3508f958","name":"Diario1 Diario1","image":{"@type":"ImageObject","inLanguage":"es","@id":"https:\/\/secure.gravatar.com\/avatar\/9167d280179c85bc18be67aa7eda765854300033af4896dd779b608640f2ef7a?s=96&d=mm&r=g","url":"https:\/\/secure.gravatar.com\/avatar\/9167d280179c85bc18be67aa7eda765854300033af4896dd779b608640f2ef7a?s=96&d=mm&r=g","contentUrl":"https:\/\/secure.gravatar.com\/avatar\/9167d280179c85bc18be67aa7eda765854300033af4896dd779b608640f2ef7a?s=96&d=mm&r=g","caption":"Diario1 Diario1"},"url":"https:\/\/diariotextual.com\/inicio\/index.php\/author\/diario1\/"}]}},"_links":{"self":[{"href":"https:\/\/diariotextual.com\/inicio\/index.php\/wp-json\/wp\/v2\/posts\/156820","targetHints":{"allow":["GET"]}}],"collection":[{"href":"https:\/\/diariotextual.com\/inicio\/index.php\/wp-json\/wp\/v2\/posts"}],"about":[{"href":"https:\/\/diariotextual.com\/inicio\/index.php\/wp-json\/wp\/v2\/types\/post"}],"author":[{"embeddable":true,"href":"https:\/\/diariotextual.com\/inicio\/index.php\/wp-json\/wp\/v2\/users\/3"}],"replies":[{"embeddable":true,"href":"https:\/\/diariotextual.com\/inicio\/index.php\/wp-json\/wp\/v2\/comments?post=156820"}],"version-history":[{"count":3,"href":"https:\/\/diariotextual.com\/inicio\/index.php\/wp-json\/wp\/v2\/posts\/156820\/revisions"}],"predecessor-version":[{"id":156826,"href":"https:\/\/diariotextual.com\/inicio\/index.php\/wp-json\/wp\/v2\/posts\/156820\/revisions\/156826"}],"wp:featuredmedia":[{"embeddable":true,"href":"https:\/\/diariotextual.com\/inicio\/index.php\/wp-json\/wp\/v2\/media\/156828"}],"wp:attachment":[{"href":"https:\/\/diariotextual.com\/inicio\/index.php\/wp-json\/wp\/v2\/media?parent=156820"}],"wp:term":[{"taxonomy":"category","embeddable":true,"href":"https:\/\/diariotextual.com\/inicio\/index.php\/wp-json\/wp\/v2\/categories?post=156820"},{"taxonomy":"post_tag","embeddable":true,"href":"https:\/\/diariotextual.com\/inicio\/index.php\/wp-json\/wp\/v2\/tags?post=156820"}],"curies":[{"name":"wp","href":"https:\/\/api.w.org\/{rel}","templated":true}]}}