{"id":156857,"date":"2021-08-05T11:10:58","date_gmt":"2021-08-05T14:10:58","guid":{"rendered":"https:\/\/diariotextual.com\/inicio\/?p=156857"},"modified":"2021-08-05T12:48:12","modified_gmt":"2021-08-05T15:48:12","slug":"la-pampa-retrocedio-otra-vez-en-el-stock-vacuno-bajo-a-31-millones-de-cabeza","status":"publish","type":"post","link":"https:\/\/diariotextual.com\/inicio\/index.php\/2021\/08\/05\/la-pampa-retrocedio-otra-vez-en-el-stock-vacuno-bajo-a-31-millones-de-cabeza\/","title":{"rendered":"La Pampa retrocedi\u00f3 otra vez en el stock vacuno: baj\u00f3 a 3,1 millones de cabezas"},"content":{"rendered":"\n<p><strong>La \u201cmeta ideal\u201d de 4 millones de cabeza de ganado vacuno en La Pampa, a la que ans\u00eda llegar el Gobierno provincial, sigue lejana: el Ministerio de Agricultura de la Naci\u00f3n inform\u00f3 que en nuestra provincia hay 3,1 millones de cabezas de ganado vacuno.<\/strong> <\/p>\n\n\n\n<p>La Pampa<strong> supo tener en 2005 un total de 4 millones de vacas, novillos, toros y terneros.<\/strong> Pero entre 2006 y 2010, en medio de una gran sequ\u00eda y un conflicto entre sectores del campo y Naci\u00f3n, <strong>se perdieron un mill\u00f3n<\/strong>.<\/p>\n\n\n\n<p>Lentamente comenz\u00f3 una recuperaci\u00f3n y en 2017<strong> se lleg\u00f3 a los 3,5 millones<\/strong>. Ya en 2019 comenz\u00f3 un nuevo declive, que se acentu\u00f3 en 2020.<\/p>\n\n\n\n<p>En todo el pa\u00eds, seg\u00fan datos de Agricultura<strong>, hacia fines de diciembre de 2020 hab\u00eda en la Argentina unas 53,51 millones de cabezas de ganado. Un a\u00f1o antes -31 de diciembre de 2019- se contaban en todo el pa\u00eds alrededor de 54,46 millones de animales.<\/strong><\/p>\n\n\n\n<figure class=\"wp-block-image size-large\"><img fetchpriority=\"high\" decoding=\"async\" width=\"857\" height=\"627\" src=\"https:\/\/diariotextual.com\/inicio\/wp-content\/uploads\/2021\/08\/vacunosinfografiavacasnovillos2021-1.jpg\" alt=\"\" class=\"wp-image-156874\" srcset=\"https:\/\/diariotextual.com\/inicio\/wp-content\/uploads\/2021\/08\/vacunosinfografiavacasnovillos2021-1.jpg 857w, https:\/\/diariotextual.com\/inicio\/wp-content\/uploads\/2021\/08\/vacunosinfografiavacasnovillos2021-1-300x219.jpg 300w, https:\/\/diariotextual.com\/inicio\/wp-content\/uploads\/2021\/08\/vacunosinfografiavacasnovillos2021-1-768x562.jpg 768w, https:\/\/diariotextual.com\/inicio\/wp-content\/uploads\/2021\/08\/vacunosinfografiavacasnovillos2021-1-585x428.jpg 585w\" sizes=\"(max-width: 857px) 100vw, 857px\" \/><\/figure>\n\n\n\n<p>Es decir, durante el primer a\u00f1o del gobierno de Alberto Fern\u00e1ndez el stock ganadero se redujo en m\u00e1s de 900.000 cabezas o un 2% del total. La ca\u00edda se dio despu\u00e9s de cuatro a\u00f1os consecutivos de crecimiento (entre 2016 y 2019) cuando se liberaron completamente las exportaciones, recort\u00f3 La Pol\u00edtica Online.<\/p>\n\n\n\n<p>El informe de la cartera que conduce el ministro Luis Basterra muestra que la provincia de Buenos Aires es, por lejos, la que m\u00e1s bovinos tiene con un total de 20,4 millones de cabezas. La siguen, aunque de lejos, Santa Fe con 6,1 millones de animales y C\u00f3rdoba con 4,6 millones.<\/p>\n\n\n\n<p>Un escal\u00f3n m\u00e1s abajo en el ranking nacional de cantidad de cabezas de ganado se ubican Corrientes con 4,5 millones, Entre R\u00edos (4,4 millones), La Pampa (3,1 millones), Chaco (2,2 millones), Formosa (1,5 millones), San Luis (1,4 millones), Santiago del Estero (1,3 millones) y Salta (1 mill\u00f3n).<\/p>\n\n\n\n<p>El censo muestra que de las 53,5 millones de cabezas, casi 23 millones son vacas y 7,6 millones son vaquillonas. Un dato no menor es que hay apenas 2,3 millones de novillos que es la categor\u00eda que se utiliza para exportar cortes de alto valor y 14,2 millones de terneros (entre hembras y machos).<\/p>\n\n\n\n<p>En el an\u00e1lisis de los resultados por categor\u00edas se observ\u00f3 una ca\u00edda, en comparaci\u00f3n a los datos de 2019, en \u00abVacas y Vaquillonas\u00bb y \u00abTerneros\u00bb. En la primera categor\u00eda se perdieron 160.000 cabezas (-0,5%), al tiempo que en la segunda la disminuci\u00f3n fue de 650.000 animales (-4,4%).<\/p>\n\n\n\n<p>\u201cLa diferencia en la categor\u00eda terneros era esperable y se explica en relaci\u00f3n a la disminuci\u00f3n de vientres registrados en el a\u00f1o 2019 respecto del a\u00f1o 2018\u201d, explic\u00f3 el informe del Ministerio de Agricultura que no dio precisiones sobre la demora en publicar los datos.<\/p>\n\n\n\n<p>En este contexto, los analistas no descartan que en 2021 vuelva a caer el stock ganadero por dos razones sencillas: la disminuci\u00f3n al 50% de las exportaciones desincentiv\u00f3 la producci\u00f3n, al tiempo que la sequ\u00eda prevista para el segundo semestre podr\u00eda afectar los resultados reproductivos.<\/p>\n\n\n\n<p>El sector ganadero est\u00e1 compuesto por 205.000 productores (la mayor\u00eda peque\u00f1os y medianos), alrededor de 400 frigor\u00edficos, unos 60.000 operarios, 1500 caba\u00f1eros, 70 casas consignatarias, 40 exportadores sin planta industrial y cerca de 25.000 veterinarios en todo el pa\u00eds.<\/p>\n\n\n\n<p>Actualmente hay en vigencia una serie de medidas que generan malestar en los ganaderos. Entre ellas, el cierre parcial de las exportaciones de la carne. Incluso la decisi\u00f3n est\u00e1 generando preocupaci\u00f3n en el Gobierno de Sergio Ziliotto.<\/p>\n\n\n\n<p>Esta semana el ministro de Producci\u00f3n, Mat\u00edas Kulfas, dijo que ir\u00e1n liberando cupos. \u201cAhora el precio de la carne se ha estabilizado, de hecho ha habido una leve baja. Iremos liberando cupos de exportaci\u00f3n en la medida en que veamos que sigue la estabilidad en el mercado interno\u201d, dijo.<\/p>\n","protected":false},"excerpt":{"rendered":"<p>La \u201cmeta ideal\u201d de 4 millones de cabeza de ganado vacuno en La Pampa, a la que ans\u00eda llegar el Gobierno provincial, sigue lejana: el Ministerio de Agricultura de la&hellip;<\/p>\n","protected":false},"author":3,"featured_media":151175,"comment_status":"closed","ping_status":"open","sticky":false,"template":"","format":"standard","meta":{"_acf_changed":false,"footnotes":""},"categories":[10,20],"tags":[2270],"class_list":["post-156857","post","type-post","status-publish","format-standard","has-post-thumbnail","hentry","category-portada-2","category-campo","tag-vacunos"],"acf":[],"yoast_head":"<!-- This site is optimized with the Yoast SEO plugin v27.5 - https:\/\/yoast.com\/product\/yoast-seo-wordpress\/ -->\n<title>La Pampa retrocedi\u00f3 otra vez en el stock vacuno: baj\u00f3 a 3,1 millones de cabezas - Diario Textual<\/title>\n<meta name=\"robots\" content=\"index, follow, max-snippet:-1, max-image-preview:large, max-video-preview:-1\" \/>\n<link rel=\"canonical\" href=\"https:\/\/diariotextual.com\/inicio\/index.php\/2021\/08\/05\/la-pampa-retrocedio-otra-vez-en-el-stock-vacuno-bajo-a-31-millones-de-cabeza\/\" \/>\n<meta property=\"og:locale\" content=\"es_ES\" \/>\n<meta property=\"og:type\" content=\"article\" \/>\n<meta property=\"og:title\" content=\"La Pampa retrocedi\u00f3 otra vez en el stock vacuno: baj\u00f3 a 3,1 millones de cabezas - Diario Textual\" \/>\n<meta property=\"og:description\" content=\"La \u201cmeta ideal\u201d de 4 millones de cabeza de ganado vacuno en La Pampa, a la que ans\u00eda llegar el Gobierno provincial, sigue lejana: el Ministerio de Agricultura de la&hellip;\" \/>\n<meta property=\"og:url\" content=\"https:\/\/diariotextual.com\/inicio\/index.php\/2021\/08\/05\/la-pampa-retrocedio-otra-vez-en-el-stock-vacuno-bajo-a-31-millones-de-cabeza\/\" \/>\n<meta property=\"og:site_name\" content=\"Diario Textual\" \/>\n<meta property=\"article:publisher\" content=\"https:\/\/www.facebook.com\/eltextual\" \/>\n<meta property=\"article:published_time\" content=\"2021-08-05T14:10:58+00:00\" \/>\n<meta property=\"article:modified_time\" content=\"2021-08-05T15:48:12+00:00\" \/>\n<meta property=\"og:image\" content=\"https:\/\/diariotextual.com\/inicio\/wp-content\/uploads\/2021\/06\/vacasvacunoscarnetelam00001.jpg\" \/>\n\t<meta property=\"og:image:width\" content=\"858\" \/>\n\t<meta property=\"og:image:height\" content=\"594\" \/>\n\t<meta property=\"og:image:type\" content=\"image\/jpeg\" \/>\n<meta name=\"author\" content=\"Diario1 Diario1\" \/>\n<meta name=\"twitter:card\" content=\"summary_large_image\" \/>\n<meta name=\"twitter:creator\" content=\"@eltextual\" \/>\n<meta name=\"twitter:site\" content=\"@eltextual\" \/>\n<meta name=\"twitter:label1\" content=\"Escrito por\" \/>\n\t<meta name=\"twitter:data1\" content=\"Diario1 Diario1\" \/>\n\t<meta name=\"twitter:label2\" content=\"Tiempo de lectura\" \/>\n\t<meta name=\"twitter:data2\" content=\"3 minutos\" \/>\n<script type=\"application\/ld+json\" class=\"yoast-schema-graph\">{\"@context\":\"https:\\\/\\\/schema.org\",\"@graph\":[{\"@type\":\"Article\",\"@id\":\"https:\\\/\\\/diariotextual.com\\\/inicio\\\/index.php\\\/2021\\\/08\\\/05\\\/la-pampa-retrocedio-otra-vez-en-el-stock-vacuno-bajo-a-31-millones-de-cabeza\\\/#article\",\"isPartOf\":{\"@id\":\"https:\\\/\\\/diariotextual.com\\\/inicio\\\/index.php\\\/2021\\\/08\\\/05\\\/la-pampa-retrocedio-otra-vez-en-el-stock-vacuno-bajo-a-31-millones-de-cabeza\\\/\"},\"author\":{\"name\":\"Diario1 Diario1\",\"@id\":\"https:\\\/\\\/diariotextual.com\\\/inicio\\\/#\\\/schema\\\/person\\\/418fc4093c33e86ed41562db3508f958\"},\"headline\":\"La Pampa retrocedi\u00f3 otra vez en el stock vacuno: baj\u00f3 a 3,1 millones de cabezas\",\"datePublished\":\"2021-08-05T14:10:58+00:00\",\"dateModified\":\"2021-08-05T15:48:12+00:00\",\"mainEntityOfPage\":{\"@id\":\"https:\\\/\\\/diariotextual.com\\\/inicio\\\/index.php\\\/2021\\\/08\\\/05\\\/la-pampa-retrocedio-otra-vez-en-el-stock-vacuno-bajo-a-31-millones-de-cabeza\\\/\"},\"wordCount\":638,\"publisher\":{\"@id\":\"https:\\\/\\\/diariotextual.com\\\/inicio\\\/#organization\"},\"image\":{\"@id\":\"https:\\\/\\\/diariotextual.com\\\/inicio\\\/index.php\\\/2021\\\/08\\\/05\\\/la-pampa-retrocedio-otra-vez-en-el-stock-vacuno-bajo-a-31-millones-de-cabeza\\\/#primaryimage\"},\"thumbnailUrl\":\"https:\\\/\\\/diariotextual.com\\\/inicio\\\/wp-content\\\/uploads\\\/2021\\\/06\\\/vacasvacunoscarnetelam00001.jpg\",\"keywords\":[\"vacunos\"],\"articleSection\":[\"A - PORTADA2\",\"CAMPO\"],\"inLanguage\":\"es\"},{\"@type\":\"WebPage\",\"@id\":\"https:\\\/\\\/diariotextual.com\\\/inicio\\\/index.php\\\/2021\\\/08\\\/05\\\/la-pampa-retrocedio-otra-vez-en-el-stock-vacuno-bajo-a-31-millones-de-cabeza\\\/\",\"url\":\"https:\\\/\\\/diariotextual.com\\\/inicio\\\/index.php\\\/2021\\\/08\\\/05\\\/la-pampa-retrocedio-otra-vez-en-el-stock-vacuno-bajo-a-31-millones-de-cabeza\\\/\",\"name\":\"La Pampa retrocedi\u00f3 otra vez en el stock vacuno: baj\u00f3 a 3,1 millones de cabezas - Diario Textual\",\"isPartOf\":{\"@id\":\"https:\\\/\\\/diariotextual.com\\\/inicio\\\/#website\"},\"primaryImageOfPage\":{\"@id\":\"https:\\\/\\\/diariotextual.com\\\/inicio\\\/index.php\\\/2021\\\/08\\\/05\\\/la-pampa-retrocedio-otra-vez-en-el-stock-vacuno-bajo-a-31-millones-de-cabeza\\\/#primaryimage\"},\"image\":{\"@id\":\"https:\\\/\\\/diariotextual.com\\\/inicio\\\/index.php\\\/2021\\\/08\\\/05\\\/la-pampa-retrocedio-otra-vez-en-el-stock-vacuno-bajo-a-31-millones-de-cabeza\\\/#primaryimage\"},\"thumbnailUrl\":\"https:\\\/\\\/diariotextual.com\\\/inicio\\\/wp-content\\\/uploads\\\/2021\\\/06\\\/vacasvacunoscarnetelam00001.jpg\",\"datePublished\":\"2021-08-05T14:10:58+00:00\",\"dateModified\":\"2021-08-05T15:48:12+00:00\",\"breadcrumb\":{\"@id\":\"https:\\\/\\\/diariotextual.com\\\/inicio\\\/index.php\\\/2021\\\/08\\\/05\\\/la-pampa-retrocedio-otra-vez-en-el-stock-vacuno-bajo-a-31-millones-de-cabeza\\\/#breadcrumb\"},\"inLanguage\":\"es\",\"potentialAction\":[{\"@type\":\"ReadAction\",\"target\":[\"https:\\\/\\\/diariotextual.com\\\/inicio\\\/index.php\\\/2021\\\/08\\\/05\\\/la-pampa-retrocedio-otra-vez-en-el-stock-vacuno-bajo-a-31-millones-de-cabeza\\\/\"]}]},{\"@type\":\"ImageObject\",\"inLanguage\":\"es\",\"@id\":\"https:\\\/\\\/diariotextual.com\\\/inicio\\\/index.php\\\/2021\\\/08\\\/05\\\/la-pampa-retrocedio-otra-vez-en-el-stock-vacuno-bajo-a-31-millones-de-cabeza\\\/#primaryimage\",\"url\":\"https:\\\/\\\/diariotextual.com\\\/inicio\\\/wp-content\\\/uploads\\\/2021\\\/06\\\/vacasvacunoscarnetelam00001.jpg\",\"contentUrl\":\"https:\\\/\\\/diariotextual.com\\\/inicio\\\/wp-content\\\/uploads\\\/2021\\\/06\\\/vacasvacunoscarnetelam00001.jpg\",\"width\":858,\"height\":594},{\"@type\":\"BreadcrumbList\",\"@id\":\"https:\\\/\\\/diariotextual.com\\\/inicio\\\/index.php\\\/2021\\\/08\\\/05\\\/la-pampa-retrocedio-otra-vez-en-el-stock-vacuno-bajo-a-31-millones-de-cabeza\\\/#breadcrumb\",\"itemListElement\":[{\"@type\":\"ListItem\",\"position\":1,\"name\":\"Portada\",\"item\":\"https:\\\/\\\/diariotextual.com\\\/inicio\\\/\"},{\"@type\":\"ListItem\",\"position\":2,\"name\":\"La Pampa retrocedi\u00f3 otra vez en el stock vacuno: baj\u00f3 a 3,1 millones de cabezas\"}]},{\"@type\":\"WebSite\",\"@id\":\"https:\\\/\\\/diariotextual.com\\\/inicio\\\/#website\",\"url\":\"https:\\\/\\\/diariotextual.com\\\/inicio\\\/\",\"name\":\"Diario Textual\",\"description\":\"\",\"publisher\":{\"@id\":\"https:\\\/\\\/diariotextual.com\\\/inicio\\\/#organization\"},\"potentialAction\":[{\"@type\":\"SearchAction\",\"target\":{\"@type\":\"EntryPoint\",\"urlTemplate\":\"https:\\\/\\\/diariotextual.com\\\/inicio\\\/?s={search_term_string}\"},\"query-input\":{\"@type\":\"PropertyValueSpecification\",\"valueRequired\":true,\"valueName\":\"search_term_string\"}}],\"inLanguage\":\"es\"},{\"@type\":\"Organization\",\"@id\":\"https:\\\/\\\/diariotextual.com\\\/inicio\\\/#organization\",\"name\":\"Diario Textual\",\"url\":\"https:\\\/\\\/diariotextual.com\\\/inicio\\\/\",\"logo\":{\"@type\":\"ImageObject\",\"inLanguage\":\"es\",\"@id\":\"https:\\\/\\\/diariotextual.com\\\/inicio\\\/#\\\/schema\\\/logo\\\/image\\\/\",\"url\":\"https:\\\/\\\/diariotextual.com\\\/inicio\\\/wp-content\\\/uploads\\\/2023\\\/05\\\/logotextual1.jpg\",\"contentUrl\":\"https:\\\/\\\/diariotextual.com\\\/inicio\\\/wp-content\\\/uploads\\\/2023\\\/05\\\/logotextual1.jpg\",\"width\":516,\"height\":76,\"caption\":\"Diario Textual\"},\"image\":{\"@id\":\"https:\\\/\\\/diariotextual.com\\\/inicio\\\/#\\\/schema\\\/logo\\\/image\\\/\"},\"sameAs\":[\"https:\\\/\\\/www.facebook.com\\\/eltextual\",\"https:\\\/\\\/x.com\\\/eltextual\",\"http:\\\/\\\/www.instagram.com\\\/eltextual\"]},{\"@type\":\"Person\",\"@id\":\"https:\\\/\\\/diariotextual.com\\\/inicio\\\/#\\\/schema\\\/person\\\/418fc4093c33e86ed41562db3508f958\",\"name\":\"Diario1 Diario1\",\"image\":{\"@type\":\"ImageObject\",\"inLanguage\":\"es\",\"@id\":\"https:\\\/\\\/secure.gravatar.com\\\/avatar\\\/9167d280179c85bc18be67aa7eda765854300033af4896dd779b608640f2ef7a?s=96&d=mm&r=g\",\"url\":\"https:\\\/\\\/secure.gravatar.com\\\/avatar\\\/9167d280179c85bc18be67aa7eda765854300033af4896dd779b608640f2ef7a?s=96&d=mm&r=g\",\"contentUrl\":\"https:\\\/\\\/secure.gravatar.com\\\/avatar\\\/9167d280179c85bc18be67aa7eda765854300033af4896dd779b608640f2ef7a?s=96&d=mm&r=g\",\"caption\":\"Diario1 Diario1\"},\"url\":\"https:\\\/\\\/diariotextual.com\\\/inicio\\\/index.php\\\/author\\\/diario1\\\/\"}]}<\/script>\n<!-- \/ Yoast SEO plugin. -->","yoast_head_json":{"title":"La Pampa retrocedi\u00f3 otra vez en el stock vacuno: baj\u00f3 a 3,1 millones de cabezas - Diario Textual","robots":{"index":"index","follow":"follow","max-snippet":"max-snippet:-1","max-image-preview":"max-image-preview:large","max-video-preview":"max-video-preview:-1"},"canonical":"https:\/\/diariotextual.com\/inicio\/index.php\/2021\/08\/05\/la-pampa-retrocedio-otra-vez-en-el-stock-vacuno-bajo-a-31-millones-de-cabeza\/","og_locale":"es_ES","og_type":"article","og_title":"La Pampa retrocedi\u00f3 otra vez en el stock vacuno: baj\u00f3 a 3,1 millones de cabezas - Diario Textual","og_description":"La \u201cmeta ideal\u201d de 4 millones de cabeza de ganado vacuno en La Pampa, a la que ans\u00eda llegar el Gobierno provincial, sigue lejana: el Ministerio de Agricultura de la&hellip;","og_url":"https:\/\/diariotextual.com\/inicio\/index.php\/2021\/08\/05\/la-pampa-retrocedio-otra-vez-en-el-stock-vacuno-bajo-a-31-millones-de-cabeza\/","og_site_name":"Diario Textual","article_publisher":"https:\/\/www.facebook.com\/eltextual","article_published_time":"2021-08-05T14:10:58+00:00","article_modified_time":"2021-08-05T15:48:12+00:00","og_image":[{"width":858,"height":594,"url":"https:\/\/diariotextual.com\/inicio\/wp-content\/uploads\/2021\/06\/vacasvacunoscarnetelam00001.jpg","type":"image\/jpeg"}],"author":"Diario1 Diario1","twitter_card":"summary_large_image","twitter_creator":"@eltextual","twitter_site":"@eltextual","twitter_misc":{"Escrito por":"Diario1 Diario1","Tiempo de lectura":"3 minutos"},"schema":{"@context":"https:\/\/schema.org","@graph":[{"@type":"Article","@id":"https:\/\/diariotextual.com\/inicio\/index.php\/2021\/08\/05\/la-pampa-retrocedio-otra-vez-en-el-stock-vacuno-bajo-a-31-millones-de-cabeza\/#article","isPartOf":{"@id":"https:\/\/diariotextual.com\/inicio\/index.php\/2021\/08\/05\/la-pampa-retrocedio-otra-vez-en-el-stock-vacuno-bajo-a-31-millones-de-cabeza\/"},"author":{"name":"Diario1 Diario1","@id":"https:\/\/diariotextual.com\/inicio\/#\/schema\/person\/418fc4093c33e86ed41562db3508f958"},"headline":"La Pampa retrocedi\u00f3 otra vez en el stock vacuno: baj\u00f3 a 3,1 millones de cabezas","datePublished":"2021-08-05T14:10:58+00:00","dateModified":"2021-08-05T15:48:12+00:00","mainEntityOfPage":{"@id":"https:\/\/diariotextual.com\/inicio\/index.php\/2021\/08\/05\/la-pampa-retrocedio-otra-vez-en-el-stock-vacuno-bajo-a-31-millones-de-cabeza\/"},"wordCount":638,"publisher":{"@id":"https:\/\/diariotextual.com\/inicio\/#organization"},"image":{"@id":"https:\/\/diariotextual.com\/inicio\/index.php\/2021\/08\/05\/la-pampa-retrocedio-otra-vez-en-el-stock-vacuno-bajo-a-31-millones-de-cabeza\/#primaryimage"},"thumbnailUrl":"https:\/\/diariotextual.com\/inicio\/wp-content\/uploads\/2021\/06\/vacasvacunoscarnetelam00001.jpg","keywords":["vacunos"],"articleSection":["A - PORTADA2","CAMPO"],"inLanguage":"es"},{"@type":"WebPage","@id":"https:\/\/diariotextual.com\/inicio\/index.php\/2021\/08\/05\/la-pampa-retrocedio-otra-vez-en-el-stock-vacuno-bajo-a-31-millones-de-cabeza\/","url":"https:\/\/diariotextual.com\/inicio\/index.php\/2021\/08\/05\/la-pampa-retrocedio-otra-vez-en-el-stock-vacuno-bajo-a-31-millones-de-cabeza\/","name":"La Pampa retrocedi\u00f3 otra vez en el stock vacuno: baj\u00f3 a 3,1 millones de cabezas - Diario Textual","isPartOf":{"@id":"https:\/\/diariotextual.com\/inicio\/#website"},"primaryImageOfPage":{"@id":"https:\/\/diariotextual.com\/inicio\/index.php\/2021\/08\/05\/la-pampa-retrocedio-otra-vez-en-el-stock-vacuno-bajo-a-31-millones-de-cabeza\/#primaryimage"},"image":{"@id":"https:\/\/diariotextual.com\/inicio\/index.php\/2021\/08\/05\/la-pampa-retrocedio-otra-vez-en-el-stock-vacuno-bajo-a-31-millones-de-cabeza\/#primaryimage"},"thumbnailUrl":"https:\/\/diariotextual.com\/inicio\/wp-content\/uploads\/2021\/06\/vacasvacunoscarnetelam00001.jpg","datePublished":"2021-08-05T14:10:58+00:00","dateModified":"2021-08-05T15:48:12+00:00","breadcrumb":{"@id":"https:\/\/diariotextual.com\/inicio\/index.php\/2021\/08\/05\/la-pampa-retrocedio-otra-vez-en-el-stock-vacuno-bajo-a-31-millones-de-cabeza\/#breadcrumb"},"inLanguage":"es","potentialAction":[{"@type":"ReadAction","target":["https:\/\/diariotextual.com\/inicio\/index.php\/2021\/08\/05\/la-pampa-retrocedio-otra-vez-en-el-stock-vacuno-bajo-a-31-millones-de-cabeza\/"]}]},{"@type":"ImageObject","inLanguage":"es","@id":"https:\/\/diariotextual.com\/inicio\/index.php\/2021\/08\/05\/la-pampa-retrocedio-otra-vez-en-el-stock-vacuno-bajo-a-31-millones-de-cabeza\/#primaryimage","url":"https:\/\/diariotextual.com\/inicio\/wp-content\/uploads\/2021\/06\/vacasvacunoscarnetelam00001.jpg","contentUrl":"https:\/\/diariotextual.com\/inicio\/wp-content\/uploads\/2021\/06\/vacasvacunoscarnetelam00001.jpg","width":858,"height":594},{"@type":"BreadcrumbList","@id":"https:\/\/diariotextual.com\/inicio\/index.php\/2021\/08\/05\/la-pampa-retrocedio-otra-vez-en-el-stock-vacuno-bajo-a-31-millones-de-cabeza\/#breadcrumb","itemListElement":[{"@type":"ListItem","position":1,"name":"Portada","item":"https:\/\/diariotextual.com\/inicio\/"},{"@type":"ListItem","position":2,"name":"La Pampa retrocedi\u00f3 otra vez en el stock vacuno: baj\u00f3 a 3,1 millones de cabezas"}]},{"@type":"WebSite","@id":"https:\/\/diariotextual.com\/inicio\/#website","url":"https:\/\/diariotextual.com\/inicio\/","name":"Diario Textual","description":"","publisher":{"@id":"https:\/\/diariotextual.com\/inicio\/#organization"},"potentialAction":[{"@type":"SearchAction","target":{"@type":"EntryPoint","urlTemplate":"https:\/\/diariotextual.com\/inicio\/?s={search_term_string}"},"query-input":{"@type":"PropertyValueSpecification","valueRequired":true,"valueName":"search_term_string"}}],"inLanguage":"es"},{"@type":"Organization","@id":"https:\/\/diariotextual.com\/inicio\/#organization","name":"Diario Textual","url":"https:\/\/diariotextual.com\/inicio\/","logo":{"@type":"ImageObject","inLanguage":"es","@id":"https:\/\/diariotextual.com\/inicio\/#\/schema\/logo\/image\/","url":"https:\/\/diariotextual.com\/inicio\/wp-content\/uploads\/2023\/05\/logotextual1.jpg","contentUrl":"https:\/\/diariotextual.com\/inicio\/wp-content\/uploads\/2023\/05\/logotextual1.jpg","width":516,"height":76,"caption":"Diario Textual"},"image":{"@id":"https:\/\/diariotextual.com\/inicio\/#\/schema\/logo\/image\/"},"sameAs":["https:\/\/www.facebook.com\/eltextual","https:\/\/x.com\/eltextual","http:\/\/www.instagram.com\/eltextual"]},{"@type":"Person","@id":"https:\/\/diariotextual.com\/inicio\/#\/schema\/person\/418fc4093c33e86ed41562db3508f958","name":"Diario1 Diario1","image":{"@type":"ImageObject","inLanguage":"es","@id":"https:\/\/secure.gravatar.com\/avatar\/9167d280179c85bc18be67aa7eda765854300033af4896dd779b608640f2ef7a?s=96&d=mm&r=g","url":"https:\/\/secure.gravatar.com\/avatar\/9167d280179c85bc18be67aa7eda765854300033af4896dd779b608640f2ef7a?s=96&d=mm&r=g","contentUrl":"https:\/\/secure.gravatar.com\/avatar\/9167d280179c85bc18be67aa7eda765854300033af4896dd779b608640f2ef7a?s=96&d=mm&r=g","caption":"Diario1 Diario1"},"url":"https:\/\/diariotextual.com\/inicio\/index.php\/author\/diario1\/"}]}},"_links":{"self":[{"href":"https:\/\/diariotextual.com\/inicio\/index.php\/wp-json\/wp\/v2\/posts\/156857","targetHints":{"allow":["GET"]}}],"collection":[{"href":"https:\/\/diariotextual.com\/inicio\/index.php\/wp-json\/wp\/v2\/posts"}],"about":[{"href":"https:\/\/diariotextual.com\/inicio\/index.php\/wp-json\/wp\/v2\/types\/post"}],"author":[{"embeddable":true,"href":"https:\/\/diariotextual.com\/inicio\/index.php\/wp-json\/wp\/v2\/users\/3"}],"replies":[{"embeddable":true,"href":"https:\/\/diariotextual.com\/inicio\/index.php\/wp-json\/wp\/v2\/comments?post=156857"}],"version-history":[{"count":4,"href":"https:\/\/diariotextual.com\/inicio\/index.php\/wp-json\/wp\/v2\/posts\/156857\/revisions"}],"predecessor-version":[{"id":156876,"href":"https:\/\/diariotextual.com\/inicio\/index.php\/wp-json\/wp\/v2\/posts\/156857\/revisions\/156876"}],"wp:featuredmedia":[{"embeddable":true,"href":"https:\/\/diariotextual.com\/inicio\/index.php\/wp-json\/wp\/v2\/media\/151175"}],"wp:attachment":[{"href":"https:\/\/diariotextual.com\/inicio\/index.php\/wp-json\/wp\/v2\/media?parent=156857"}],"wp:term":[{"taxonomy":"category","embeddable":true,"href":"https:\/\/diariotextual.com\/inicio\/index.php\/wp-json\/wp\/v2\/categories?post=156857"},{"taxonomy":"post_tag","embeddable":true,"href":"https:\/\/diariotextual.com\/inicio\/index.php\/wp-json\/wp\/v2\/tags?post=156857"}],"curies":[{"name":"wp","href":"https:\/\/api.w.org\/{rel}","templated":true}]}}