{"id":156943,"date":"2021-08-05T19:02:50","date_gmt":"2021-08-05T22:02:50","guid":{"rendered":"https:\/\/diariotextual.com\/inicio\/?p=156943"},"modified":"2021-08-06T08:18:06","modified_gmt":"2021-08-06T11:18:06","slug":"manes-junto-a-poli-altolaguirre-y-hugo-perez","status":"publish","type":"post","link":"https:\/\/diariotextual.com\/inicio\/index.php\/2021\/08\/05\/manes-junto-a-poli-altolaguirre-y-hugo-perez\/","title":{"rendered":"Manes junto a \u00abPoli\u00bb Altolaguirre y Hugo P\u00e9rez: \u00abEs momento de dar el paso\u00bb"},"content":{"rendered":"\n<p>El neurocient\u00edfico y precandidato a diputado nacional por el frente Juntos en la Provincia de Buenos Aires, Facundo Manes, se mostr\u00f3 junto a los candidatos de la lista Democracia y Consenso, Hip\u00f3lito \u201cPoli\u201d Altolaguirre y Hugo P\u00e9rez.<\/p>\n\n\n\n<p>&nbsp;\u201cEn La Pampa es momento de que todos demos el paso, no podemos renunciar a la Argentina\u201d, dijo Manes, en el video que registr\u00f3 la reuni\u00f3n.<\/p>\n\n\n\n<p>La lista Democracia y Consenso, que encabezan Altolaguirre y P\u00e9rez y est\u00e1 conformada adem\u00e1s por Cinthia Gette (precandidata a senadora nacional) y Marcela Coli junto a Luis Evangelista (diputados nacionales), competir\u00e1 dentro de Juntos por el Cambio en las Primarias Abiertas, Simult\u00e1neas y Obligatorias (PASO) que se celebrar\u00e1n el pr\u00f3ximo 12 de septiembre y definir\u00e1n los candidatos para las elecciones generales.<\/p>\n\n\n\n<figure class=\"wp-block-embed is-type-video is-provider-youtube wp-block-embed-youtube wp-embed-aspect-16-9 wp-has-aspect-ratio\"><div class=\"wp-block-embed__wrapper\">\n<iframe title=\"Manes junto a Poli Altolaguirre y Hugo P\u00e9rez\" width=\"1170\" height=\"658\" src=\"https:\/\/www.youtube.com\/embed\/xtvhek30pZo?feature=oembed\" frameborder=\"0\" allow=\"accelerometer; autoplay; clipboard-write; encrypted-media; gyroscope; picture-in-picture\" allowfullscreen><\/iframe>\n<\/div><\/figure>\n\n\n\n<p>\u201cNos reunimos con Facundo para intercambiar experiencias e ideas\u201d, dijo \u201cPoli\u201d. \u201cTenemos cosas en com\u00fan, ambos estamos participando por primera vez en una elecci\u00f3n y compartimos la idea del potencial que a\u00fan tenemos por desarrollar como pa\u00eds, donde la educaci\u00f3n es el eje fundamental. Aspiramos a presentar proyectos que potencien a nuestras provincias y estamos ansiosos de poder trabajar juntos en el Congreso\u201d, agreg\u00f3.<\/p>\n\n\n\n<p>&nbsp;\u201cEstamos transitando la campa\u00f1a de la mejor manera y este tipo de experiencias, junto al apoyo que nos expresan los pampeanos en cada localidad que visitamos, nos da a\u00fan m\u00e1s fuerzas de cara a lo que viene\u201d, sostuvo. Hace un par de d\u00edas, otra lista encabezada por Daniel Kroneberger y Mart\u00edn Maquieyra tambi\u00e9n hab\u00edan logrado una foto con Manes.<\/p>\n\n\n\n<figure class=\"wp-block-embed is-type-wp-embed is-provider-diario-textual wp-block-embed-diario-textual\"><div class=\"wp-block-embed__wrapper\">\n<blockquote class=\"wp-embedded-content\" data-secret=\"d6YL5lN25O\"><a href=\"https:\/\/diariotextual.com\/inicio\/index.php\/2021\/08\/05\/por-el-robo-de-los-rios-altolaguirre-pide-por-un-fondo-de-reparacion-historica-de-la-pampa\/\">Por el robo de los r\u00edos, Altolaguirre pide por un Fondo de Reparaci\u00f3n Hist\u00f3rica de La Pampa<\/a><\/blockquote><iframe class=\"wp-embedded-content\" sandbox=\"allow-scripts\" security=\"restricted\" style=\"position: absolute; clip: rect(1px, 1px, 1px, 1px);\" title=\"\u00abPor el robo de los r\u00edos, Altolaguirre pide por un Fondo de Reparaci\u00f3n Hist\u00f3rica de La Pampa\u00bb \u2014 Diario Textual\" src=\"https:\/\/diariotextual.com\/inicio\/index.php\/2021\/08\/05\/por-el-robo-de-los-rios-altolaguirre-pide-por-un-fondo-de-reparacion-historica-de-la-pampa\/embed\/#?secret=d6YL5lN25O\" data-secret=\"d6YL5lN25O\" width=\"600\" height=\"338\" frameborder=\"0\" marginwidth=\"0\" marginheight=\"0\" scrolling=\"no\"><\/iframe>\n<\/div><\/figure>\n","protected":false},"excerpt":{"rendered":"<p>El neurocient\u00edfico y precandidato a diputado nacional por el frente Juntos en la Provincia de Buenos Aires, Facundo Manes, se mostr\u00f3 junto a los candidatos de la lista Democracia y&hellip;<\/p>\n","protected":false},"author":3,"featured_media":156948,"comment_status":"closed","ping_status":"open","sticky":false,"template":"","format":"standard","meta":{"_acf_changed":false,"footnotes":""},"categories":[10,8],"tags":[5890],"class_list":["post-156943","post","type-post","status-publish","format-standard","has-post-thumbnail","hentry","category-portada-2","category-politica","tag-manes"],"acf":[],"yoast_head":"<!-- This site is optimized with the Yoast SEO plugin v27.5 - https:\/\/yoast.com\/product\/yoast-seo-wordpress\/ -->\n<title>Manes junto a &quot;Poli&quot; Altolaguirre y Hugo P\u00e9rez: &quot;Es momento de dar el paso&quot; - Diario Textual<\/title>\n<meta name=\"robots\" content=\"index, follow, max-snippet:-1, max-image-preview:large, max-video-preview:-1\" \/>\n<link rel=\"canonical\" href=\"https:\/\/diariotextual.com\/inicio\/index.php\/2021\/08\/05\/manes-junto-a-poli-altolaguirre-y-hugo-perez\/\" \/>\n<meta property=\"og:locale\" content=\"es_ES\" \/>\n<meta property=\"og:type\" content=\"article\" \/>\n<meta property=\"og:title\" content=\"Manes junto a &quot;Poli&quot; Altolaguirre y Hugo P\u00e9rez: &quot;Es momento de dar el paso&quot; - Diario Textual\" \/>\n<meta property=\"og:description\" content=\"El neurocient\u00edfico y precandidato a diputado nacional por el frente Juntos en la Provincia de Buenos Aires, Facundo Manes, se mostr\u00f3 junto a los candidatos de la lista Democracia y&hellip;\" \/>\n<meta property=\"og:url\" content=\"https:\/\/diariotextual.com\/inicio\/index.php\/2021\/08\/05\/manes-junto-a-poli-altolaguirre-y-hugo-perez\/\" \/>\n<meta property=\"og:site_name\" content=\"Diario Textual\" \/>\n<meta property=\"article:publisher\" content=\"https:\/\/www.facebook.com\/eltextual\" \/>\n<meta property=\"article:published_time\" content=\"2021-08-05T22:02:50+00:00\" \/>\n<meta property=\"article:modified_time\" content=\"2021-08-06T11:18:06+00:00\" \/>\n<meta property=\"og:image\" content=\"https:\/\/diariotextual.com\/inicio\/wp-content\/uploads\/2021\/08\/manespolialtolaguirre2021-2.jpg\" \/>\n\t<meta property=\"og:image:width\" content=\"570\" \/>\n\t<meta property=\"og:image:height\" content=\"325\" \/>\n\t<meta property=\"og:image:type\" content=\"image\/jpeg\" \/>\n<meta name=\"author\" content=\"Diario1 Diario1\" \/>\n<meta name=\"twitter:card\" content=\"summary_large_image\" \/>\n<meta name=\"twitter:creator\" content=\"@eltextual\" \/>\n<meta name=\"twitter:site\" content=\"@eltextual\" \/>\n<meta name=\"twitter:label1\" content=\"Escrito por\" \/>\n\t<meta name=\"twitter:data1\" content=\"Diario1 Diario1\" \/>\n\t<meta name=\"twitter:label2\" content=\"Tiempo de lectura\" \/>\n\t<meta name=\"twitter:data2\" content=\"2 minutos\" \/>\n<script type=\"application\/ld+json\" class=\"yoast-schema-graph\">{\"@context\":\"https:\\\/\\\/schema.org\",\"@graph\":[{\"@type\":\"Article\",\"@id\":\"https:\\\/\\\/diariotextual.com\\\/inicio\\\/index.php\\\/2021\\\/08\\\/05\\\/manes-junto-a-poli-altolaguirre-y-hugo-perez\\\/#article\",\"isPartOf\":{\"@id\":\"https:\\\/\\\/diariotextual.com\\\/inicio\\\/index.php\\\/2021\\\/08\\\/05\\\/manes-junto-a-poli-altolaguirre-y-hugo-perez\\\/\"},\"author\":{\"name\":\"Diario1 Diario1\",\"@id\":\"https:\\\/\\\/diariotextual.com\\\/inicio\\\/#\\\/schema\\\/person\\\/418fc4093c33e86ed41562db3508f958\"},\"headline\":\"Manes junto a \u00abPoli\u00bb Altolaguirre y Hugo P\u00e9rez: \u00abEs momento de dar el paso\u00bb\",\"datePublished\":\"2021-08-05T22:02:50+00:00\",\"dateModified\":\"2021-08-06T11:18:06+00:00\",\"mainEntityOfPage\":{\"@id\":\"https:\\\/\\\/diariotextual.com\\\/inicio\\\/index.php\\\/2021\\\/08\\\/05\\\/manes-junto-a-poli-altolaguirre-y-hugo-perez\\\/\"},\"wordCount\":300,\"publisher\":{\"@id\":\"https:\\\/\\\/diariotextual.com\\\/inicio\\\/#organization\"},\"image\":{\"@id\":\"https:\\\/\\\/diariotextual.com\\\/inicio\\\/index.php\\\/2021\\\/08\\\/05\\\/manes-junto-a-poli-altolaguirre-y-hugo-perez\\\/#primaryimage\"},\"thumbnailUrl\":\"https:\\\/\\\/diariotextual.com\\\/inicio\\\/wp-content\\\/uploads\\\/2021\\\/08\\\/manespolialtolaguirre2021-2.jpg\",\"keywords\":[\"manes\"],\"articleSection\":[\"A - PORTADA2\",\"POLITICA\"],\"inLanguage\":\"es\"},{\"@type\":\"WebPage\",\"@id\":\"https:\\\/\\\/diariotextual.com\\\/inicio\\\/index.php\\\/2021\\\/08\\\/05\\\/manes-junto-a-poli-altolaguirre-y-hugo-perez\\\/\",\"url\":\"https:\\\/\\\/diariotextual.com\\\/inicio\\\/index.php\\\/2021\\\/08\\\/05\\\/manes-junto-a-poli-altolaguirre-y-hugo-perez\\\/\",\"name\":\"Manes junto a \\\"Poli\\\" Altolaguirre y Hugo P\u00e9rez: \\\"Es momento de dar el paso\\\" - Diario Textual\",\"isPartOf\":{\"@id\":\"https:\\\/\\\/diariotextual.com\\\/inicio\\\/#website\"},\"primaryImageOfPage\":{\"@id\":\"https:\\\/\\\/diariotextual.com\\\/inicio\\\/index.php\\\/2021\\\/08\\\/05\\\/manes-junto-a-poli-altolaguirre-y-hugo-perez\\\/#primaryimage\"},\"image\":{\"@id\":\"https:\\\/\\\/diariotextual.com\\\/inicio\\\/index.php\\\/2021\\\/08\\\/05\\\/manes-junto-a-poli-altolaguirre-y-hugo-perez\\\/#primaryimage\"},\"thumbnailUrl\":\"https:\\\/\\\/diariotextual.com\\\/inicio\\\/wp-content\\\/uploads\\\/2021\\\/08\\\/manespolialtolaguirre2021-2.jpg\",\"datePublished\":\"2021-08-05T22:02:50+00:00\",\"dateModified\":\"2021-08-06T11:18:06+00:00\",\"breadcrumb\":{\"@id\":\"https:\\\/\\\/diariotextual.com\\\/inicio\\\/index.php\\\/2021\\\/08\\\/05\\\/manes-junto-a-poli-altolaguirre-y-hugo-perez\\\/#breadcrumb\"},\"inLanguage\":\"es\",\"potentialAction\":[{\"@type\":\"ReadAction\",\"target\":[\"https:\\\/\\\/diariotextual.com\\\/inicio\\\/index.php\\\/2021\\\/08\\\/05\\\/manes-junto-a-poli-altolaguirre-y-hugo-perez\\\/\"]}]},{\"@type\":\"ImageObject\",\"inLanguage\":\"es\",\"@id\":\"https:\\\/\\\/diariotextual.com\\\/inicio\\\/index.php\\\/2021\\\/08\\\/05\\\/manes-junto-a-poli-altolaguirre-y-hugo-perez\\\/#primaryimage\",\"url\":\"https:\\\/\\\/diariotextual.com\\\/inicio\\\/wp-content\\\/uploads\\\/2021\\\/08\\\/manespolialtolaguirre2021-2.jpg\",\"contentUrl\":\"https:\\\/\\\/diariotextual.com\\\/inicio\\\/wp-content\\\/uploads\\\/2021\\\/08\\\/manespolialtolaguirre2021-2.jpg\",\"width\":570,\"height\":325},{\"@type\":\"BreadcrumbList\",\"@id\":\"https:\\\/\\\/diariotextual.com\\\/inicio\\\/index.php\\\/2021\\\/08\\\/05\\\/manes-junto-a-poli-altolaguirre-y-hugo-perez\\\/#breadcrumb\",\"itemListElement\":[{\"@type\":\"ListItem\",\"position\":1,\"name\":\"Portada\",\"item\":\"https:\\\/\\\/diariotextual.com\\\/inicio\\\/\"},{\"@type\":\"ListItem\",\"position\":2,\"name\":\"Manes junto a \u00abPoli\u00bb Altolaguirre y Hugo P\u00e9rez: \u00abEs momento de dar el paso\u00bb\"}]},{\"@type\":\"WebSite\",\"@id\":\"https:\\\/\\\/diariotextual.com\\\/inicio\\\/#website\",\"url\":\"https:\\\/\\\/diariotextual.com\\\/inicio\\\/\",\"name\":\"Diario Textual\",\"description\":\"\",\"publisher\":{\"@id\":\"https:\\\/\\\/diariotextual.com\\\/inicio\\\/#organization\"},\"potentialAction\":[{\"@type\":\"SearchAction\",\"target\":{\"@type\":\"EntryPoint\",\"urlTemplate\":\"https:\\\/\\\/diariotextual.com\\\/inicio\\\/?s={search_term_string}\"},\"query-input\":{\"@type\":\"PropertyValueSpecification\",\"valueRequired\":true,\"valueName\":\"search_term_string\"}}],\"inLanguage\":\"es\"},{\"@type\":\"Organization\",\"@id\":\"https:\\\/\\\/diariotextual.com\\\/inicio\\\/#organization\",\"name\":\"Diario Textual\",\"url\":\"https:\\\/\\\/diariotextual.com\\\/inicio\\\/\",\"logo\":{\"@type\":\"ImageObject\",\"inLanguage\":\"es\",\"@id\":\"https:\\\/\\\/diariotextual.com\\\/inicio\\\/#\\\/schema\\\/logo\\\/image\\\/\",\"url\":\"https:\\\/\\\/diariotextual.com\\\/inicio\\\/wp-content\\\/uploads\\\/2023\\\/05\\\/logotextual1.jpg\",\"contentUrl\":\"https:\\\/\\\/diariotextual.com\\\/inicio\\\/wp-content\\\/uploads\\\/2023\\\/05\\\/logotextual1.jpg\",\"width\":516,\"height\":76,\"caption\":\"Diario Textual\"},\"image\":{\"@id\":\"https:\\\/\\\/diariotextual.com\\\/inicio\\\/#\\\/schema\\\/logo\\\/image\\\/\"},\"sameAs\":[\"https:\\\/\\\/www.facebook.com\\\/eltextual\",\"https:\\\/\\\/x.com\\\/eltextual\",\"http:\\\/\\\/www.instagram.com\\\/eltextual\"]},{\"@type\":\"Person\",\"@id\":\"https:\\\/\\\/diariotextual.com\\\/inicio\\\/#\\\/schema\\\/person\\\/418fc4093c33e86ed41562db3508f958\",\"name\":\"Diario1 Diario1\",\"image\":{\"@type\":\"ImageObject\",\"inLanguage\":\"es\",\"@id\":\"https:\\\/\\\/secure.gravatar.com\\\/avatar\\\/9167d280179c85bc18be67aa7eda765854300033af4896dd779b608640f2ef7a?s=96&d=mm&r=g\",\"url\":\"https:\\\/\\\/secure.gravatar.com\\\/avatar\\\/9167d280179c85bc18be67aa7eda765854300033af4896dd779b608640f2ef7a?s=96&d=mm&r=g\",\"contentUrl\":\"https:\\\/\\\/secure.gravatar.com\\\/avatar\\\/9167d280179c85bc18be67aa7eda765854300033af4896dd779b608640f2ef7a?s=96&d=mm&r=g\",\"caption\":\"Diario1 Diario1\"},\"url\":\"https:\\\/\\\/diariotextual.com\\\/inicio\\\/index.php\\\/author\\\/diario1\\\/\"}]}<\/script>\n<!-- \/ Yoast SEO plugin. -->","yoast_head_json":{"title":"Manes junto a \"Poli\" Altolaguirre y Hugo P\u00e9rez: \"Es momento de dar el paso\" - Diario Textual","robots":{"index":"index","follow":"follow","max-snippet":"max-snippet:-1","max-image-preview":"max-image-preview:large","max-video-preview":"max-video-preview:-1"},"canonical":"https:\/\/diariotextual.com\/inicio\/index.php\/2021\/08\/05\/manes-junto-a-poli-altolaguirre-y-hugo-perez\/","og_locale":"es_ES","og_type":"article","og_title":"Manes junto a \"Poli\" Altolaguirre y Hugo P\u00e9rez: \"Es momento de dar el paso\" - Diario Textual","og_description":"El neurocient\u00edfico y precandidato a diputado nacional por el frente Juntos en la Provincia de Buenos Aires, Facundo Manes, se mostr\u00f3 junto a los candidatos de la lista Democracia y&hellip;","og_url":"https:\/\/diariotextual.com\/inicio\/index.php\/2021\/08\/05\/manes-junto-a-poli-altolaguirre-y-hugo-perez\/","og_site_name":"Diario Textual","article_publisher":"https:\/\/www.facebook.com\/eltextual","article_published_time":"2021-08-05T22:02:50+00:00","article_modified_time":"2021-08-06T11:18:06+00:00","og_image":[{"width":570,"height":325,"url":"https:\/\/diariotextual.com\/inicio\/wp-content\/uploads\/2021\/08\/manespolialtolaguirre2021-2.jpg","type":"image\/jpeg"}],"author":"Diario1 Diario1","twitter_card":"summary_large_image","twitter_creator":"@eltextual","twitter_site":"@eltextual","twitter_misc":{"Escrito por":"Diario1 Diario1","Tiempo de lectura":"2 minutos"},"schema":{"@context":"https:\/\/schema.org","@graph":[{"@type":"Article","@id":"https:\/\/diariotextual.com\/inicio\/index.php\/2021\/08\/05\/manes-junto-a-poli-altolaguirre-y-hugo-perez\/#article","isPartOf":{"@id":"https:\/\/diariotextual.com\/inicio\/index.php\/2021\/08\/05\/manes-junto-a-poli-altolaguirre-y-hugo-perez\/"},"author":{"name":"Diario1 Diario1","@id":"https:\/\/diariotextual.com\/inicio\/#\/schema\/person\/418fc4093c33e86ed41562db3508f958"},"headline":"Manes junto a \u00abPoli\u00bb Altolaguirre y Hugo P\u00e9rez: \u00abEs momento de dar el paso\u00bb","datePublished":"2021-08-05T22:02:50+00:00","dateModified":"2021-08-06T11:18:06+00:00","mainEntityOfPage":{"@id":"https:\/\/diariotextual.com\/inicio\/index.php\/2021\/08\/05\/manes-junto-a-poli-altolaguirre-y-hugo-perez\/"},"wordCount":300,"publisher":{"@id":"https:\/\/diariotextual.com\/inicio\/#organization"},"image":{"@id":"https:\/\/diariotextual.com\/inicio\/index.php\/2021\/08\/05\/manes-junto-a-poli-altolaguirre-y-hugo-perez\/#primaryimage"},"thumbnailUrl":"https:\/\/diariotextual.com\/inicio\/wp-content\/uploads\/2021\/08\/manespolialtolaguirre2021-2.jpg","keywords":["manes"],"articleSection":["A - PORTADA2","POLITICA"],"inLanguage":"es"},{"@type":"WebPage","@id":"https:\/\/diariotextual.com\/inicio\/index.php\/2021\/08\/05\/manes-junto-a-poli-altolaguirre-y-hugo-perez\/","url":"https:\/\/diariotextual.com\/inicio\/index.php\/2021\/08\/05\/manes-junto-a-poli-altolaguirre-y-hugo-perez\/","name":"Manes junto a \"Poli\" Altolaguirre y Hugo P\u00e9rez: \"Es momento de dar el paso\" - Diario Textual","isPartOf":{"@id":"https:\/\/diariotextual.com\/inicio\/#website"},"primaryImageOfPage":{"@id":"https:\/\/diariotextual.com\/inicio\/index.php\/2021\/08\/05\/manes-junto-a-poli-altolaguirre-y-hugo-perez\/#primaryimage"},"image":{"@id":"https:\/\/diariotextual.com\/inicio\/index.php\/2021\/08\/05\/manes-junto-a-poli-altolaguirre-y-hugo-perez\/#primaryimage"},"thumbnailUrl":"https:\/\/diariotextual.com\/inicio\/wp-content\/uploads\/2021\/08\/manespolialtolaguirre2021-2.jpg","datePublished":"2021-08-05T22:02:50+00:00","dateModified":"2021-08-06T11:18:06+00:00","breadcrumb":{"@id":"https:\/\/diariotextual.com\/inicio\/index.php\/2021\/08\/05\/manes-junto-a-poli-altolaguirre-y-hugo-perez\/#breadcrumb"},"inLanguage":"es","potentialAction":[{"@type":"ReadAction","target":["https:\/\/diariotextual.com\/inicio\/index.php\/2021\/08\/05\/manes-junto-a-poli-altolaguirre-y-hugo-perez\/"]}]},{"@type":"ImageObject","inLanguage":"es","@id":"https:\/\/diariotextual.com\/inicio\/index.php\/2021\/08\/05\/manes-junto-a-poli-altolaguirre-y-hugo-perez\/#primaryimage","url":"https:\/\/diariotextual.com\/inicio\/wp-content\/uploads\/2021\/08\/manespolialtolaguirre2021-2.jpg","contentUrl":"https:\/\/diariotextual.com\/inicio\/wp-content\/uploads\/2021\/08\/manespolialtolaguirre2021-2.jpg","width":570,"height":325},{"@type":"BreadcrumbList","@id":"https:\/\/diariotextual.com\/inicio\/index.php\/2021\/08\/05\/manes-junto-a-poli-altolaguirre-y-hugo-perez\/#breadcrumb","itemListElement":[{"@type":"ListItem","position":1,"name":"Portada","item":"https:\/\/diariotextual.com\/inicio\/"},{"@type":"ListItem","position":2,"name":"Manes junto a \u00abPoli\u00bb Altolaguirre y Hugo P\u00e9rez: \u00abEs momento de dar el paso\u00bb"}]},{"@type":"WebSite","@id":"https:\/\/diariotextual.com\/inicio\/#website","url":"https:\/\/diariotextual.com\/inicio\/","name":"Diario Textual","description":"","publisher":{"@id":"https:\/\/diariotextual.com\/inicio\/#organization"},"potentialAction":[{"@type":"SearchAction","target":{"@type":"EntryPoint","urlTemplate":"https:\/\/diariotextual.com\/inicio\/?s={search_term_string}"},"query-input":{"@type":"PropertyValueSpecification","valueRequired":true,"valueName":"search_term_string"}}],"inLanguage":"es"},{"@type":"Organization","@id":"https:\/\/diariotextual.com\/inicio\/#organization","name":"Diario Textual","url":"https:\/\/diariotextual.com\/inicio\/","logo":{"@type":"ImageObject","inLanguage":"es","@id":"https:\/\/diariotextual.com\/inicio\/#\/schema\/logo\/image\/","url":"https:\/\/diariotextual.com\/inicio\/wp-content\/uploads\/2023\/05\/logotextual1.jpg","contentUrl":"https:\/\/diariotextual.com\/inicio\/wp-content\/uploads\/2023\/05\/logotextual1.jpg","width":516,"height":76,"caption":"Diario Textual"},"image":{"@id":"https:\/\/diariotextual.com\/inicio\/#\/schema\/logo\/image\/"},"sameAs":["https:\/\/www.facebook.com\/eltextual","https:\/\/x.com\/eltextual","http:\/\/www.instagram.com\/eltextual"]},{"@type":"Person","@id":"https:\/\/diariotextual.com\/inicio\/#\/schema\/person\/418fc4093c33e86ed41562db3508f958","name":"Diario1 Diario1","image":{"@type":"ImageObject","inLanguage":"es","@id":"https:\/\/secure.gravatar.com\/avatar\/9167d280179c85bc18be67aa7eda765854300033af4896dd779b608640f2ef7a?s=96&d=mm&r=g","url":"https:\/\/secure.gravatar.com\/avatar\/9167d280179c85bc18be67aa7eda765854300033af4896dd779b608640f2ef7a?s=96&d=mm&r=g","contentUrl":"https:\/\/secure.gravatar.com\/avatar\/9167d280179c85bc18be67aa7eda765854300033af4896dd779b608640f2ef7a?s=96&d=mm&r=g","caption":"Diario1 Diario1"},"url":"https:\/\/diariotextual.com\/inicio\/index.php\/author\/diario1\/"}]}},"_links":{"self":[{"href":"https:\/\/diariotextual.com\/inicio\/index.php\/wp-json\/wp\/v2\/posts\/156943","targetHints":{"allow":["GET"]}}],"collection":[{"href":"https:\/\/diariotextual.com\/inicio\/index.php\/wp-json\/wp\/v2\/posts"}],"about":[{"href":"https:\/\/diariotextual.com\/inicio\/index.php\/wp-json\/wp\/v2\/types\/post"}],"author":[{"embeddable":true,"href":"https:\/\/diariotextual.com\/inicio\/index.php\/wp-json\/wp\/v2\/users\/3"}],"replies":[{"embeddable":true,"href":"https:\/\/diariotextual.com\/inicio\/index.php\/wp-json\/wp\/v2\/comments?post=156943"}],"version-history":[{"count":4,"href":"https:\/\/diariotextual.com\/inicio\/index.php\/wp-json\/wp\/v2\/posts\/156943\/revisions"}],"predecessor-version":[{"id":156949,"href":"https:\/\/diariotextual.com\/inicio\/index.php\/wp-json\/wp\/v2\/posts\/156943\/revisions\/156949"}],"wp:featuredmedia":[{"embeddable":true,"href":"https:\/\/diariotextual.com\/inicio\/index.php\/wp-json\/wp\/v2\/media\/156948"}],"wp:attachment":[{"href":"https:\/\/diariotextual.com\/inicio\/index.php\/wp-json\/wp\/v2\/media?parent=156943"}],"wp:term":[{"taxonomy":"category","embeddable":true,"href":"https:\/\/diariotextual.com\/inicio\/index.php\/wp-json\/wp\/v2\/categories?post=156943"},{"taxonomy":"post_tag","embeddable":true,"href":"https:\/\/diariotextual.com\/inicio\/index.php\/wp-json\/wp\/v2\/tags?post=156943"}],"curies":[{"name":"wp","href":"https:\/\/api.w.org\/{rel}","templated":true}]}}