{"id":157019,"date":"2021-08-06T09:27:49","date_gmt":"2021-08-06T12:27:49","guid":{"rendered":"https:\/\/diariotextual.com\/inicio\/?p=157019"},"modified":"2021-08-06T12:48:24","modified_gmt":"2021-08-06T15:48:24","slug":"kroneberger-y-maquieyra-fueron-a-buscar-el-apoyo-de-rodriguez-larreta","status":"publish","type":"post","link":"https:\/\/diariotextual.com\/inicio\/index.php\/2021\/08\/06\/kroneberger-y-maquieyra-fueron-a-buscar-el-apoyo-de-rodriguez-larreta\/","title":{"rendered":"Kroneberger y Maquieyra fueron a buscar el apoyo de Rodr\u00edguez Larreta"},"content":{"rendered":"\n<p>El precandidato a senador nacional, Daniel Kroneberger y el precandidato a diputado nacional, Mart\u00edn Maquieyra, de Juntos por el Cambio, se reunieron en Buenos Aires el jefe de Gobierno porte\u00f1o, Horacio Rodr\u00edguez Larreta para \u201ctrabajar en la estrategia nacional\u201d de cara a las PASO.<\/p>\n\n\n\n<p>\u201cEsta elecci\u00f3n es muy importante para todos los argentinos y la lucha no se da s\u00f3lo en los grandes distritos, son fundamentales las bancas y los votos que podamos conseguir tambi\u00e9n en La Pampa. Por eso, para Daniel y para m\u00ed es muy importante contar con el apoyo de Horacio a nuestra lista de unidad que busca representar a todos los sectores de Juntos por el Cambio. Junto a Horacio y Daniel vamos a poner todo para enfrentar al kirchnerismo y sacar a nuestro pa\u00eds adelante\u201d, manifest\u00f3 Maquieyra.<\/p>\n\n\n\n<p>En la reuni\u00f3n, Rodr\u00edguez Larreta comprometi\u00f3 todo su apoyo para Maquieyra y Kronerberger y resalt\u00f3 la importancia de que las dos principales figuras del Juntos por el Cambio hayan podido armar una lista potente para enfrentar al kirchnerismo.<\/p>\n\n\n\n<p>Por su parte, Kroneberger sostuvo: \u201cConstruimos una lista de unidad con otros espacios pol\u00edticos, porque vamos a ser parte de un proyecto colectivo que aborde una agenda de futuro. Tenemos la responsabilidad de construir ese colectivo que nos permita proyectar pol\u00edticas p\u00fablicas, con el objetivo de lograr una estabilidad econ\u00f3mica para salir definitivamente de los \u00edndices de pobreza que tenemos en nuestro pa\u00eds\u201c.<\/p>\n\n\n\n<p>Kroneberger y Maquieyra van por la lista <strong>Unidos por La Pampa<\/strong>, una de las cinco que competir\u00e1n en las PASO para definir las candidaturas en Juntos por el Cambio. Los otros candidatos y candidatas son: Hip\u00f3lito Altolaguirre y Hugo P\u00e9rez <strong>(Democracia y Consenso)<\/strong>, Adriana Leher y Luis Serradell <strong>(Movimiento Federalista)<\/strong>, Dar\u00edo Casado y Luis Bertone <strong>(Integraci\u00f3n Pampeana)<\/strong>, y Susana Teysseire y Elida Deanna <strong>(Nuestra Causa).<\/strong><\/p>\n","protected":false},"excerpt":{"rendered":"<p>El precandidato a senador nacional, Daniel Kroneberger y el precandidato a diputado nacional, Mart\u00edn Maquieyra, de Juntos por el Cambio, se reunieron en Buenos Aires el jefe de Gobierno porte\u00f1o,&hellip;<\/p>\n","protected":false},"author":7,"featured_media":157020,"comment_status":"closed","ping_status":"open","sticky":false,"template":"","format":"standard","meta":{"_acf_changed":false,"footnotes":""},"categories":[10,8],"tags":[],"class_list":["post-157019","post","type-post","status-publish","format-standard","has-post-thumbnail","hentry","category-portada-2","category-politica"],"acf":[],"yoast_head":"<!-- This site is optimized with the Yoast SEO plugin v27.5 - https:\/\/yoast.com\/product\/yoast-seo-wordpress\/ -->\n<title>Kroneberger y Maquieyra fueron a buscar el apoyo de Rodr\u00edguez Larreta - Diario Textual<\/title>\n<meta name=\"robots\" content=\"index, follow, max-snippet:-1, max-image-preview:large, max-video-preview:-1\" \/>\n<link rel=\"canonical\" href=\"https:\/\/diariotextual.com\/inicio\/index.php\/2021\/08\/06\/kroneberger-y-maquieyra-fueron-a-buscar-el-apoyo-de-rodriguez-larreta\/\" \/>\n<meta property=\"og:locale\" content=\"es_ES\" \/>\n<meta property=\"og:type\" content=\"article\" \/>\n<meta property=\"og:title\" content=\"Kroneberger y Maquieyra fueron a buscar el apoyo de Rodr\u00edguez Larreta - Diario Textual\" \/>\n<meta property=\"og:description\" content=\"El precandidato a senador nacional, Daniel Kroneberger y el precandidato a diputado nacional, Mart\u00edn Maquieyra, de Juntos por el Cambio, se reunieron en Buenos Aires el jefe de Gobierno porte\u00f1o,&hellip;\" \/>\n<meta property=\"og:url\" content=\"https:\/\/diariotextual.com\/inicio\/index.php\/2021\/08\/06\/kroneberger-y-maquieyra-fueron-a-buscar-el-apoyo-de-rodriguez-larreta\/\" \/>\n<meta property=\"og:site_name\" content=\"Diario Textual\" \/>\n<meta property=\"article:publisher\" content=\"https:\/\/www.facebook.com\/eltextual\" \/>\n<meta property=\"article:published_time\" content=\"2021-08-06T12:27:49+00:00\" \/>\n<meta property=\"article:modified_time\" content=\"2021-08-06T15:48:24+00:00\" \/>\n<meta property=\"og:image\" content=\"https:\/\/diariotextual.com\/inicio\/wp-content\/uploads\/2021\/08\/maquieyraykronebergerconlarreta.jpeg\" \/>\n\t<meta property=\"og:image:width\" content=\"1280\" \/>\n\t<meta property=\"og:image:height\" content=\"853\" \/>\n\t<meta property=\"og:image:type\" content=\"image\/jpeg\" \/>\n<meta name=\"author\" content=\"diario5\" \/>\n<meta name=\"twitter:card\" content=\"summary_large_image\" \/>\n<meta name=\"twitter:creator\" content=\"@eltextual\" \/>\n<meta name=\"twitter:site\" content=\"@eltextual\" \/>\n<meta name=\"twitter:label1\" content=\"Escrito por\" \/>\n\t<meta name=\"twitter:data1\" content=\"diario5\" \/>\n\t<meta name=\"twitter:label2\" content=\"Tiempo de lectura\" \/>\n\t<meta name=\"twitter:data2\" content=\"2 minutos\" \/>\n<script type=\"application\/ld+json\" class=\"yoast-schema-graph\">{\"@context\":\"https:\\\/\\\/schema.org\",\"@graph\":[{\"@type\":\"Article\",\"@id\":\"https:\\\/\\\/diariotextual.com\\\/inicio\\\/index.php\\\/2021\\\/08\\\/06\\\/kroneberger-y-maquieyra-fueron-a-buscar-el-apoyo-de-rodriguez-larreta\\\/#article\",\"isPartOf\":{\"@id\":\"https:\\\/\\\/diariotextual.com\\\/inicio\\\/index.php\\\/2021\\\/08\\\/06\\\/kroneberger-y-maquieyra-fueron-a-buscar-el-apoyo-de-rodriguez-larreta\\\/\"},\"author\":{\"name\":\"diario5\",\"@id\":\"https:\\\/\\\/diariotextual.com\\\/inicio\\\/#\\\/schema\\\/person\\\/c7834961ad8b29b1d9cdbf4571299067\"},\"headline\":\"Kroneberger y Maquieyra fueron a buscar el apoyo de Rodr\u00edguez Larreta\",\"datePublished\":\"2021-08-06T12:27:49+00:00\",\"dateModified\":\"2021-08-06T15:48:24+00:00\",\"mainEntityOfPage\":{\"@id\":\"https:\\\/\\\/diariotextual.com\\\/inicio\\\/index.php\\\/2021\\\/08\\\/06\\\/kroneberger-y-maquieyra-fueron-a-buscar-el-apoyo-de-rodriguez-larreta\\\/\"},\"wordCount\":329,\"publisher\":{\"@id\":\"https:\\\/\\\/diariotextual.com\\\/inicio\\\/#organization\"},\"image\":{\"@id\":\"https:\\\/\\\/diariotextual.com\\\/inicio\\\/index.php\\\/2021\\\/08\\\/06\\\/kroneberger-y-maquieyra-fueron-a-buscar-el-apoyo-de-rodriguez-larreta\\\/#primaryimage\"},\"thumbnailUrl\":\"https:\\\/\\\/diariotextual.com\\\/inicio\\\/wp-content\\\/uploads\\\/2021\\\/08\\\/maquieyraykronebergerconlarreta.jpeg\",\"articleSection\":[\"A - PORTADA2\",\"POLITICA\"],\"inLanguage\":\"es\"},{\"@type\":\"WebPage\",\"@id\":\"https:\\\/\\\/diariotextual.com\\\/inicio\\\/index.php\\\/2021\\\/08\\\/06\\\/kroneberger-y-maquieyra-fueron-a-buscar-el-apoyo-de-rodriguez-larreta\\\/\",\"url\":\"https:\\\/\\\/diariotextual.com\\\/inicio\\\/index.php\\\/2021\\\/08\\\/06\\\/kroneberger-y-maquieyra-fueron-a-buscar-el-apoyo-de-rodriguez-larreta\\\/\",\"name\":\"Kroneberger y Maquieyra fueron a buscar el apoyo de Rodr\u00edguez Larreta - Diario Textual\",\"isPartOf\":{\"@id\":\"https:\\\/\\\/diariotextual.com\\\/inicio\\\/#website\"},\"primaryImageOfPage\":{\"@id\":\"https:\\\/\\\/diariotextual.com\\\/inicio\\\/index.php\\\/2021\\\/08\\\/06\\\/kroneberger-y-maquieyra-fueron-a-buscar-el-apoyo-de-rodriguez-larreta\\\/#primaryimage\"},\"image\":{\"@id\":\"https:\\\/\\\/diariotextual.com\\\/inicio\\\/index.php\\\/2021\\\/08\\\/06\\\/kroneberger-y-maquieyra-fueron-a-buscar-el-apoyo-de-rodriguez-larreta\\\/#primaryimage\"},\"thumbnailUrl\":\"https:\\\/\\\/diariotextual.com\\\/inicio\\\/wp-content\\\/uploads\\\/2021\\\/08\\\/maquieyraykronebergerconlarreta.jpeg\",\"datePublished\":\"2021-08-06T12:27:49+00:00\",\"dateModified\":\"2021-08-06T15:48:24+00:00\",\"breadcrumb\":{\"@id\":\"https:\\\/\\\/diariotextual.com\\\/inicio\\\/index.php\\\/2021\\\/08\\\/06\\\/kroneberger-y-maquieyra-fueron-a-buscar-el-apoyo-de-rodriguez-larreta\\\/#breadcrumb\"},\"inLanguage\":\"es\",\"potentialAction\":[{\"@type\":\"ReadAction\",\"target\":[\"https:\\\/\\\/diariotextual.com\\\/inicio\\\/index.php\\\/2021\\\/08\\\/06\\\/kroneberger-y-maquieyra-fueron-a-buscar-el-apoyo-de-rodriguez-larreta\\\/\"]}]},{\"@type\":\"ImageObject\",\"inLanguage\":\"es\",\"@id\":\"https:\\\/\\\/diariotextual.com\\\/inicio\\\/index.php\\\/2021\\\/08\\\/06\\\/kroneberger-y-maquieyra-fueron-a-buscar-el-apoyo-de-rodriguez-larreta\\\/#primaryimage\",\"url\":\"https:\\\/\\\/diariotextual.com\\\/inicio\\\/wp-content\\\/uploads\\\/2021\\\/08\\\/maquieyraykronebergerconlarreta.jpeg\",\"contentUrl\":\"https:\\\/\\\/diariotextual.com\\\/inicio\\\/wp-content\\\/uploads\\\/2021\\\/08\\\/maquieyraykronebergerconlarreta.jpeg\",\"width\":1280,\"height\":853},{\"@type\":\"BreadcrumbList\",\"@id\":\"https:\\\/\\\/diariotextual.com\\\/inicio\\\/index.php\\\/2021\\\/08\\\/06\\\/kroneberger-y-maquieyra-fueron-a-buscar-el-apoyo-de-rodriguez-larreta\\\/#breadcrumb\",\"itemListElement\":[{\"@type\":\"ListItem\",\"position\":1,\"name\":\"Portada\",\"item\":\"https:\\\/\\\/diariotextual.com\\\/inicio\\\/\"},{\"@type\":\"ListItem\",\"position\":2,\"name\":\"Kroneberger y Maquieyra fueron a buscar el apoyo de Rodr\u00edguez Larreta\"}]},{\"@type\":\"WebSite\",\"@id\":\"https:\\\/\\\/diariotextual.com\\\/inicio\\\/#website\",\"url\":\"https:\\\/\\\/diariotextual.com\\\/inicio\\\/\",\"name\":\"Diario Textual\",\"description\":\"\",\"publisher\":{\"@id\":\"https:\\\/\\\/diariotextual.com\\\/inicio\\\/#organization\"},\"potentialAction\":[{\"@type\":\"SearchAction\",\"target\":{\"@type\":\"EntryPoint\",\"urlTemplate\":\"https:\\\/\\\/diariotextual.com\\\/inicio\\\/?s={search_term_string}\"},\"query-input\":{\"@type\":\"PropertyValueSpecification\",\"valueRequired\":true,\"valueName\":\"search_term_string\"}}],\"inLanguage\":\"es\"},{\"@type\":\"Organization\",\"@id\":\"https:\\\/\\\/diariotextual.com\\\/inicio\\\/#organization\",\"name\":\"Diario Textual\",\"url\":\"https:\\\/\\\/diariotextual.com\\\/inicio\\\/\",\"logo\":{\"@type\":\"ImageObject\",\"inLanguage\":\"es\",\"@id\":\"https:\\\/\\\/diariotextual.com\\\/inicio\\\/#\\\/schema\\\/logo\\\/image\\\/\",\"url\":\"https:\\\/\\\/diariotextual.com\\\/inicio\\\/wp-content\\\/uploads\\\/2023\\\/05\\\/logotextual1.jpg\",\"contentUrl\":\"https:\\\/\\\/diariotextual.com\\\/inicio\\\/wp-content\\\/uploads\\\/2023\\\/05\\\/logotextual1.jpg\",\"width\":516,\"height\":76,\"caption\":\"Diario Textual\"},\"image\":{\"@id\":\"https:\\\/\\\/diariotextual.com\\\/inicio\\\/#\\\/schema\\\/logo\\\/image\\\/\"},\"sameAs\":[\"https:\\\/\\\/www.facebook.com\\\/eltextual\",\"https:\\\/\\\/x.com\\\/eltextual\",\"http:\\\/\\\/www.instagram.com\\\/eltextual\"]},{\"@type\":\"Person\",\"@id\":\"https:\\\/\\\/diariotextual.com\\\/inicio\\\/#\\\/schema\\\/person\\\/c7834961ad8b29b1d9cdbf4571299067\",\"name\":\"diario5\",\"image\":{\"@type\":\"ImageObject\",\"inLanguage\":\"es\",\"@id\":\"https:\\\/\\\/secure.gravatar.com\\\/avatar\\\/948c893b847ca6df68216ead81b63f363408ec9b0f600fefc0641ce78613b111?s=96&d=mm&r=g\",\"url\":\"https:\\\/\\\/secure.gravatar.com\\\/avatar\\\/948c893b847ca6df68216ead81b63f363408ec9b0f600fefc0641ce78613b111?s=96&d=mm&r=g\",\"contentUrl\":\"https:\\\/\\\/secure.gravatar.com\\\/avatar\\\/948c893b847ca6df68216ead81b63f363408ec9b0f600fefc0641ce78613b111?s=96&d=mm&r=g\",\"caption\":\"diario5\"},\"url\":\"https:\\\/\\\/diariotextual.com\\\/inicio\\\/index.php\\\/author\\\/diario5\\\/\"}]}<\/script>\n<!-- \/ Yoast SEO plugin. -->","yoast_head_json":{"title":"Kroneberger y Maquieyra fueron a buscar el apoyo de Rodr\u00edguez Larreta - Diario Textual","robots":{"index":"index","follow":"follow","max-snippet":"max-snippet:-1","max-image-preview":"max-image-preview:large","max-video-preview":"max-video-preview:-1"},"canonical":"https:\/\/diariotextual.com\/inicio\/index.php\/2021\/08\/06\/kroneberger-y-maquieyra-fueron-a-buscar-el-apoyo-de-rodriguez-larreta\/","og_locale":"es_ES","og_type":"article","og_title":"Kroneberger y Maquieyra fueron a buscar el apoyo de Rodr\u00edguez Larreta - Diario Textual","og_description":"El precandidato a senador nacional, Daniel Kroneberger y el precandidato a diputado nacional, Mart\u00edn Maquieyra, de Juntos por el Cambio, se reunieron en Buenos Aires el jefe de Gobierno porte\u00f1o,&hellip;","og_url":"https:\/\/diariotextual.com\/inicio\/index.php\/2021\/08\/06\/kroneberger-y-maquieyra-fueron-a-buscar-el-apoyo-de-rodriguez-larreta\/","og_site_name":"Diario Textual","article_publisher":"https:\/\/www.facebook.com\/eltextual","article_published_time":"2021-08-06T12:27:49+00:00","article_modified_time":"2021-08-06T15:48:24+00:00","og_image":[{"width":1280,"height":853,"url":"https:\/\/diariotextual.com\/inicio\/wp-content\/uploads\/2021\/08\/maquieyraykronebergerconlarreta.jpeg","type":"image\/jpeg"}],"author":"diario5","twitter_card":"summary_large_image","twitter_creator":"@eltextual","twitter_site":"@eltextual","twitter_misc":{"Escrito por":"diario5","Tiempo de lectura":"2 minutos"},"schema":{"@context":"https:\/\/schema.org","@graph":[{"@type":"Article","@id":"https:\/\/diariotextual.com\/inicio\/index.php\/2021\/08\/06\/kroneberger-y-maquieyra-fueron-a-buscar-el-apoyo-de-rodriguez-larreta\/#article","isPartOf":{"@id":"https:\/\/diariotextual.com\/inicio\/index.php\/2021\/08\/06\/kroneberger-y-maquieyra-fueron-a-buscar-el-apoyo-de-rodriguez-larreta\/"},"author":{"name":"diario5","@id":"https:\/\/diariotextual.com\/inicio\/#\/schema\/person\/c7834961ad8b29b1d9cdbf4571299067"},"headline":"Kroneberger y Maquieyra fueron a buscar el apoyo de Rodr\u00edguez Larreta","datePublished":"2021-08-06T12:27:49+00:00","dateModified":"2021-08-06T15:48:24+00:00","mainEntityOfPage":{"@id":"https:\/\/diariotextual.com\/inicio\/index.php\/2021\/08\/06\/kroneberger-y-maquieyra-fueron-a-buscar-el-apoyo-de-rodriguez-larreta\/"},"wordCount":329,"publisher":{"@id":"https:\/\/diariotextual.com\/inicio\/#organization"},"image":{"@id":"https:\/\/diariotextual.com\/inicio\/index.php\/2021\/08\/06\/kroneberger-y-maquieyra-fueron-a-buscar-el-apoyo-de-rodriguez-larreta\/#primaryimage"},"thumbnailUrl":"https:\/\/diariotextual.com\/inicio\/wp-content\/uploads\/2021\/08\/maquieyraykronebergerconlarreta.jpeg","articleSection":["A - PORTADA2","POLITICA"],"inLanguage":"es"},{"@type":"WebPage","@id":"https:\/\/diariotextual.com\/inicio\/index.php\/2021\/08\/06\/kroneberger-y-maquieyra-fueron-a-buscar-el-apoyo-de-rodriguez-larreta\/","url":"https:\/\/diariotextual.com\/inicio\/index.php\/2021\/08\/06\/kroneberger-y-maquieyra-fueron-a-buscar-el-apoyo-de-rodriguez-larreta\/","name":"Kroneberger y Maquieyra fueron a buscar el apoyo de Rodr\u00edguez Larreta - Diario Textual","isPartOf":{"@id":"https:\/\/diariotextual.com\/inicio\/#website"},"primaryImageOfPage":{"@id":"https:\/\/diariotextual.com\/inicio\/index.php\/2021\/08\/06\/kroneberger-y-maquieyra-fueron-a-buscar-el-apoyo-de-rodriguez-larreta\/#primaryimage"},"image":{"@id":"https:\/\/diariotextual.com\/inicio\/index.php\/2021\/08\/06\/kroneberger-y-maquieyra-fueron-a-buscar-el-apoyo-de-rodriguez-larreta\/#primaryimage"},"thumbnailUrl":"https:\/\/diariotextual.com\/inicio\/wp-content\/uploads\/2021\/08\/maquieyraykronebergerconlarreta.jpeg","datePublished":"2021-08-06T12:27:49+00:00","dateModified":"2021-08-06T15:48:24+00:00","breadcrumb":{"@id":"https:\/\/diariotextual.com\/inicio\/index.php\/2021\/08\/06\/kroneberger-y-maquieyra-fueron-a-buscar-el-apoyo-de-rodriguez-larreta\/#breadcrumb"},"inLanguage":"es","potentialAction":[{"@type":"ReadAction","target":["https:\/\/diariotextual.com\/inicio\/index.php\/2021\/08\/06\/kroneberger-y-maquieyra-fueron-a-buscar-el-apoyo-de-rodriguez-larreta\/"]}]},{"@type":"ImageObject","inLanguage":"es","@id":"https:\/\/diariotextual.com\/inicio\/index.php\/2021\/08\/06\/kroneberger-y-maquieyra-fueron-a-buscar-el-apoyo-de-rodriguez-larreta\/#primaryimage","url":"https:\/\/diariotextual.com\/inicio\/wp-content\/uploads\/2021\/08\/maquieyraykronebergerconlarreta.jpeg","contentUrl":"https:\/\/diariotextual.com\/inicio\/wp-content\/uploads\/2021\/08\/maquieyraykronebergerconlarreta.jpeg","width":1280,"height":853},{"@type":"BreadcrumbList","@id":"https:\/\/diariotextual.com\/inicio\/index.php\/2021\/08\/06\/kroneberger-y-maquieyra-fueron-a-buscar-el-apoyo-de-rodriguez-larreta\/#breadcrumb","itemListElement":[{"@type":"ListItem","position":1,"name":"Portada","item":"https:\/\/diariotextual.com\/inicio\/"},{"@type":"ListItem","position":2,"name":"Kroneberger y Maquieyra fueron a buscar el apoyo de Rodr\u00edguez Larreta"}]},{"@type":"WebSite","@id":"https:\/\/diariotextual.com\/inicio\/#website","url":"https:\/\/diariotextual.com\/inicio\/","name":"Diario Textual","description":"","publisher":{"@id":"https:\/\/diariotextual.com\/inicio\/#organization"},"potentialAction":[{"@type":"SearchAction","target":{"@type":"EntryPoint","urlTemplate":"https:\/\/diariotextual.com\/inicio\/?s={search_term_string}"},"query-input":{"@type":"PropertyValueSpecification","valueRequired":true,"valueName":"search_term_string"}}],"inLanguage":"es"},{"@type":"Organization","@id":"https:\/\/diariotextual.com\/inicio\/#organization","name":"Diario Textual","url":"https:\/\/diariotextual.com\/inicio\/","logo":{"@type":"ImageObject","inLanguage":"es","@id":"https:\/\/diariotextual.com\/inicio\/#\/schema\/logo\/image\/","url":"https:\/\/diariotextual.com\/inicio\/wp-content\/uploads\/2023\/05\/logotextual1.jpg","contentUrl":"https:\/\/diariotextual.com\/inicio\/wp-content\/uploads\/2023\/05\/logotextual1.jpg","width":516,"height":76,"caption":"Diario Textual"},"image":{"@id":"https:\/\/diariotextual.com\/inicio\/#\/schema\/logo\/image\/"},"sameAs":["https:\/\/www.facebook.com\/eltextual","https:\/\/x.com\/eltextual","http:\/\/www.instagram.com\/eltextual"]},{"@type":"Person","@id":"https:\/\/diariotextual.com\/inicio\/#\/schema\/person\/c7834961ad8b29b1d9cdbf4571299067","name":"diario5","image":{"@type":"ImageObject","inLanguage":"es","@id":"https:\/\/secure.gravatar.com\/avatar\/948c893b847ca6df68216ead81b63f363408ec9b0f600fefc0641ce78613b111?s=96&d=mm&r=g","url":"https:\/\/secure.gravatar.com\/avatar\/948c893b847ca6df68216ead81b63f363408ec9b0f600fefc0641ce78613b111?s=96&d=mm&r=g","contentUrl":"https:\/\/secure.gravatar.com\/avatar\/948c893b847ca6df68216ead81b63f363408ec9b0f600fefc0641ce78613b111?s=96&d=mm&r=g","caption":"diario5"},"url":"https:\/\/diariotextual.com\/inicio\/index.php\/author\/diario5\/"}]}},"_links":{"self":[{"href":"https:\/\/diariotextual.com\/inicio\/index.php\/wp-json\/wp\/v2\/posts\/157019","targetHints":{"allow":["GET"]}}],"collection":[{"href":"https:\/\/diariotextual.com\/inicio\/index.php\/wp-json\/wp\/v2\/posts"}],"about":[{"href":"https:\/\/diariotextual.com\/inicio\/index.php\/wp-json\/wp\/v2\/types\/post"}],"author":[{"embeddable":true,"href":"https:\/\/diariotextual.com\/inicio\/index.php\/wp-json\/wp\/v2\/users\/7"}],"replies":[{"embeddable":true,"href":"https:\/\/diariotextual.com\/inicio\/index.php\/wp-json\/wp\/v2\/comments?post=157019"}],"version-history":[{"count":2,"href":"https:\/\/diariotextual.com\/inicio\/index.php\/wp-json\/wp\/v2\/posts\/157019\/revisions"}],"predecessor-version":[{"id":157023,"href":"https:\/\/diariotextual.com\/inicio\/index.php\/wp-json\/wp\/v2\/posts\/157019\/revisions\/157023"}],"wp:featuredmedia":[{"embeddable":true,"href":"https:\/\/diariotextual.com\/inicio\/index.php\/wp-json\/wp\/v2\/media\/157020"}],"wp:attachment":[{"href":"https:\/\/diariotextual.com\/inicio\/index.php\/wp-json\/wp\/v2\/media?parent=157019"}],"wp:term":[{"taxonomy":"category","embeddable":true,"href":"https:\/\/diariotextual.com\/inicio\/index.php\/wp-json\/wp\/v2\/categories?post=157019"},{"taxonomy":"post_tag","embeddable":true,"href":"https:\/\/diariotextual.com\/inicio\/index.php\/wp-json\/wp\/v2\/tags?post=157019"}],"curies":[{"name":"wp","href":"https:\/\/api.w.org\/{rel}","templated":true}]}}