{"id":157029,"date":"2021-08-06T11:07:32","date_gmt":"2021-08-06T14:07:32","guid":{"rendered":"https:\/\/diariotextual.com\/inicio\/?p=157029"},"modified":"2021-08-06T18:45:07","modified_gmt":"2021-08-06T21:45:07","slug":"en-agosto-van-a-llegar-millones-de-vacunas-que-permitiran-ir-recuperando-actividades","status":"publish","type":"post","link":"https:\/\/diariotextual.com\/inicio\/index.php\/2021\/08\/06\/en-agosto-van-a-llegar-millones-de-vacunas-que-permitiran-ir-recuperando-actividades\/","title":{"rendered":"Fern\u00e1ndez anunci\u00f3 aperturas progresivas en turismo y eventos masivos al aire libre"},"content":{"rendered":"\n<p>El presidente\u00a0<strong>Alberto Fern\u00e1ndez<\/strong>\u00a0remarc\u00f3 hoy que se ve\u00a0<strong>\u201cun nuevo horizonte\u201d<\/strong>\u00a0frente a la pandemia de coronavirus y anunci\u00f3 un plan para\u00a0<strong>\u201crecuperar actividades de manera responsable y cuidadosa\u201d<\/strong>, a la vez que\u00a0destac\u00f3 que <strong>se est\u00e1\u00a0\u201clogrando retrasar el ingreso de la variante Delta\u201d.\u00a0<\/strong><\/p>\n\n\n\n<p>\u201cHemos pasado tiempos dif\u00edciles. Todos conocemos las dificultades sanitarias, econ\u00f3micas y sociales que nos han tocado atravesar. Hoy vemos un nuevo horizonte\u201d, se\u00f1al\u00f3 el mandatario.<\/p>\n\n\n\n<p>A trav\u00e9s de un mensaje grabado, el jefe de Estado subray\u00f3 que&nbsp;\u201chace 10 semanas consecutivas que baja la cantidad de casos; hace 8, que bajan los fallecimientos y las internaciones en terapia intensiva como consecuencia del Covid-19; hace 3, que no hay ning\u00fan conglomerado urbano en alarma epidemiol\u00f3gica y sanitaria\u201d.<\/p>\n\n\n\n<p>\u201cEstamos logrando retrasar el ingreso de la variante Delta a nuestro pa\u00eds. Ese desaf\u00edo, y cualquier otro lo vamos a afrontar con el compromiso que siempre tuvimos y necesitamos la responsabilidad de todos\u201d, agreg\u00f3 Alberto Fern\u00e1ndez, quien insisti\u00f3 en que la&nbsp;\u201cprioridad\u201d&nbsp;ahora es&nbsp;\u201caumentar el porcentaje de segundas dosis\u201d.<\/p>\n\n\n\n<p>Dijo que&nbsp;\u201ccada d\u00eda hay m\u00e1s argentinos protegidos\u201d con la vacunaci\u00f3n&nbsp;y precis\u00f3 que se aplicaron m\u00e1s de 33 millones de dosis.&nbsp;\u201cTenemos el 80% de las personas mayores de 18 a\u00f1os con al menos una dosis y el 50% de los mayores de 60 a\u00f1os con el esquema completo\u201d, remarc\u00f3.<\/p>\n\n\n\n<p>\u201cTodos estos son logros colectivos. Los hemos conseguido todos los argentinos, con responsabilidad, con solidaridad, consiguiendo las vacunas en diferentes pa\u00eds, confiando en las vacunas, acerc\u00e1ndonos con la esperanza al vacunatorio en cada rinc\u00f3n del pa\u00eds\u201d, dijo.<\/p>\n\n\n\n<p>Anticip\u00f3 que en agosto se prev\u00e9n aplicar \u201cm\u00e1s de 7 millones de segundas dosis\u201d, as\u00ed como tambi\u00e9n se continuar\u00e1 con la inmunizaci\u00f3n de los adolescentes de entre 12 y 17 a\u00f1os.<\/p>\n\n\n\n<p>\u201cSeguimos teniendo firme el objetivo de que no se sature el sistema de salud\u201d, indic\u00f3.&nbsp;Ante esta situaci\u00f3n, Fern\u00e1ndez oficializ\u00f3 que se avanzara en un&nbsp;esquema de \u201caperturas sostenidas y progresivas\u201d, siempre y cuando se mantengan estables los indicadores epidemiol\u00f3gicos.<\/p>\n\n\n\n<p>El presidente explic\u00f3 que el DNU que se publicar\u00e1 en las pr\u00f3ximas horas&nbsp;\u201cser\u00e1 el primer paso del plan para recuperar actividades de manera responsable y cuidadosa\u201d.&nbsp;<\/p>\n\n\n\n<p>\u201cA partir de ma\u00f1ana ampliaremos poco a poco la cantidad de personas que pueden reunirse. Esta situaci\u00f3n nos permite avanzar con la presencialidad escolar, un logro colectivo y algo que a todos nos preocup\u00f3. Este es un punto de inflexi\u00f3n\u201d, manifest\u00f3.<\/p>\n\n\n\n<p>El pr\u00f3ximo paso ser\u00e1 \u201cregresar el p\u00fablico con aforos progresivos a eventos masivos al aire libre, eventos deportivos, recitales\u201d, anticip\u00f3.&nbsp;\u201cCuando se den las condiciones, el plan de recuperaci\u00f3n de actividades habilitar\u00e1 el turismo que tengan el esquema completo de vacunaci\u00f3n, empezando por pa\u00edses de la regi\u00f3n\u201d, inform\u00f3 el mandatario.<\/p>\n\n\n\n<p>Insisti\u00f3 en que&nbsp;\u201ctenemos un plan para ir recuperando paulatinamente todas las actividades. Nos cuidaremos mucho, entre todos y todas, de las nuevas variantes. Estamos en pleno camino de recuperaci\u00f3n econ\u00f3mica. La Argentina crece, recupera empleo y va a recuperar ingresos.&nbsp;Para que llegue a todos ese crecimiento, lograremos incorporar m\u00e1s sectores a la reactivaci\u00f3n\u201d.<\/p>\n\n\n\n<p>\u201cLa Argentina va a crecer este a\u00f1o alrededor del 7% y el a\u00f1o entrante, calculamos que va a crecer alrededor del 4,5%.&nbsp;Hoy mismo estamos generando miles de puestos de trabajo.&nbsp;La vacuna es la mejor pol\u00edtica econ\u00f3mica.&nbsp;El 2022 va a ser un mejor a\u00f1o gracias a todas las medidas que tom\u00f3 el Gobierno para proteger la salud y la producci\u00f3n, y el trabajo y los ingresos\u201d, afirm\u00f3 Alberto.<\/p>\n\n\n\n<p>Aprovech\u00f3 para cuestionar a Mauricio Macri.&nbsp;\u201cLa Argentina repara el da\u00f1o producido por la pandemia y ya camina para la segunda recuperaci\u00f3n para revertir las crisis de la anterior pandemia\u201d.<\/p>\n\n\n\n<p>\u201cLa vacunaci\u00f3n permite vislumbrar que sectores tan importantes como la gastronom\u00eda, el turismo y los servicios empezar\u00e1n a recuperarse paulatinamente.&nbsp;Para esta recuperaci\u00f3n ha sido muy importante el aporte solidario de las grandes fortunas\u201d, remarc\u00f3.<\/p>\n\n\n\n<p>Tambi\u00e9n se refiri\u00f3 a la deuda con el&nbsp;Fondo Monetario Internacional&nbsp;y se comprometi\u00f3 a resolver el problema&nbsp;\u201csin presiones, sin apuro y cuidando a los argentinos\u201d.&nbsp;<\/p>\n\n\n\n<p>\u201cEstamos en niveles altos, pero la inflaci\u00f3n, poco a poco, mes a mes, est\u00e1 bajando\u201d, remarc\u00f3.&nbsp;<\/p>\n\n\n\n<p>Sobre el cierre, Alberto Fern\u00e1ndez se\u00f1al\u00f3 que en los pr\u00f3ximos d\u00edas se relanzar\u00e1 el programa PreViaje para impulsar al sector del turismo.&nbsp;\u201cLa vacuna es la puerta de salida de la pandemia. Cada mes falta menos para que todos y todas crucemos esa puerta. Vamos a volver a vivir responsablemente la vida que queremos\u201d, concluy\u00f3.<\/p>\n","protected":false},"excerpt":{"rendered":"<p>El presidente\u00a0Alberto Fern\u00e1ndez\u00a0remarc\u00f3 hoy que se ve\u00a0\u201cun nuevo horizonte\u201d\u00a0frente a la pandemia de coronavirus y anunci\u00f3 un plan para\u00a0\u201crecuperar actividades de manera responsable y cuidadosa\u201d, a la vez que\u00a0destac\u00f3 que&hellip;<\/p>\n","protected":false},"author":7,"featured_media":157030,"comment_status":"closed","ping_status":"open","sticky":false,"template":"","format":"standard","meta":{"_acf_changed":false,"footnotes":""},"categories":[10,12],"tags":[],"class_list":["post-157029","post","type-post","status-publish","format-standard","has-post-thumbnail","hentry","category-portada-2","category-sociedad"],"acf":[],"yoast_head":"<!-- This site is optimized with the Yoast SEO plugin v27.5 - https:\/\/yoast.com\/product\/yoast-seo-wordpress\/ -->\n<title>Fern\u00e1ndez anunci\u00f3 aperturas progresivas en turismo y eventos masivos al aire libre - Diario Textual<\/title>\n<meta name=\"robots\" content=\"index, follow, max-snippet:-1, max-image-preview:large, max-video-preview:-1\" \/>\n<link rel=\"canonical\" href=\"https:\/\/diariotextual.com\/inicio\/index.php\/2021\/08\/06\/en-agosto-van-a-llegar-millones-de-vacunas-que-permitiran-ir-recuperando-actividades\/\" \/>\n<meta property=\"og:locale\" content=\"es_ES\" \/>\n<meta property=\"og:type\" content=\"article\" \/>\n<meta property=\"og:title\" content=\"Fern\u00e1ndez anunci\u00f3 aperturas progresivas en turismo y eventos masivos al aire libre - Diario Textual\" \/>\n<meta property=\"og:description\" content=\"El presidente\u00a0Alberto Fern\u00e1ndez\u00a0remarc\u00f3 hoy que se ve\u00a0\u201cun nuevo horizonte\u201d\u00a0frente a la pandemia de coronavirus y anunci\u00f3 un plan para\u00a0\u201crecuperar actividades de manera responsable y cuidadosa\u201d, a la vez que\u00a0destac\u00f3 que&hellip;\" \/>\n<meta property=\"og:url\" content=\"https:\/\/diariotextual.com\/inicio\/index.php\/2021\/08\/06\/en-agosto-van-a-llegar-millones-de-vacunas-que-permitiran-ir-recuperando-actividades\/\" \/>\n<meta property=\"og:site_name\" content=\"Diario Textual\" \/>\n<meta property=\"article:publisher\" content=\"https:\/\/www.facebook.com\/eltextual\" \/>\n<meta property=\"article:published_time\" content=\"2021-08-06T14:07:32+00:00\" \/>\n<meta property=\"article:modified_time\" content=\"2021-08-06T21:45:07+00:00\" \/>\n<meta property=\"og:image\" content=\"https:\/\/diariotextual.com\/inicio\/wp-content\/uploads\/2021\/08\/albertotelam.jpg\" \/>\n\t<meta property=\"og:image:width\" content=\"1004\" \/>\n\t<meta property=\"og:image:height\" content=\"565\" \/>\n\t<meta property=\"og:image:type\" content=\"image\/jpeg\" \/>\n<meta name=\"author\" content=\"diario5\" \/>\n<meta name=\"twitter:card\" content=\"summary_large_image\" \/>\n<meta name=\"twitter:creator\" content=\"@eltextual\" \/>\n<meta name=\"twitter:site\" content=\"@eltextual\" \/>\n<meta name=\"twitter:label1\" content=\"Escrito por\" \/>\n\t<meta name=\"twitter:data1\" content=\"diario5\" \/>\n\t<meta name=\"twitter:label2\" content=\"Tiempo de lectura\" \/>\n\t<meta name=\"twitter:data2\" content=\"4 minutos\" \/>\n<script type=\"application\/ld+json\" class=\"yoast-schema-graph\">{\"@context\":\"https:\\\/\\\/schema.org\",\"@graph\":[{\"@type\":\"Article\",\"@id\":\"https:\\\/\\\/diariotextual.com\\\/inicio\\\/index.php\\\/2021\\\/08\\\/06\\\/en-agosto-van-a-llegar-millones-de-vacunas-que-permitiran-ir-recuperando-actividades\\\/#article\",\"isPartOf\":{\"@id\":\"https:\\\/\\\/diariotextual.com\\\/inicio\\\/index.php\\\/2021\\\/08\\\/06\\\/en-agosto-van-a-llegar-millones-de-vacunas-que-permitiran-ir-recuperando-actividades\\\/\"},\"author\":{\"name\":\"diario5\",\"@id\":\"https:\\\/\\\/diariotextual.com\\\/inicio\\\/#\\\/schema\\\/person\\\/c7834961ad8b29b1d9cdbf4571299067\"},\"headline\":\"Fern\u00e1ndez anunci\u00f3 aperturas progresivas en turismo y eventos masivos al aire libre\",\"datePublished\":\"2021-08-06T14:07:32+00:00\",\"dateModified\":\"2021-08-06T21:45:07+00:00\",\"mainEntityOfPage\":{\"@id\":\"https:\\\/\\\/diariotextual.com\\\/inicio\\\/index.php\\\/2021\\\/08\\\/06\\\/en-agosto-van-a-llegar-millones-de-vacunas-que-permitiran-ir-recuperando-actividades\\\/\"},\"wordCount\":821,\"publisher\":{\"@id\":\"https:\\\/\\\/diariotextual.com\\\/inicio\\\/#organization\"},\"image\":{\"@id\":\"https:\\\/\\\/diariotextual.com\\\/inicio\\\/index.php\\\/2021\\\/08\\\/06\\\/en-agosto-van-a-llegar-millones-de-vacunas-que-permitiran-ir-recuperando-actividades\\\/#primaryimage\"},\"thumbnailUrl\":\"https:\\\/\\\/diariotextual.com\\\/inicio\\\/wp-content\\\/uploads\\\/2021\\\/08\\\/albertotelam.jpg\",\"articleSection\":[\"A - PORTADA2\",\"SOCIEDAD\"],\"inLanguage\":\"es\"},{\"@type\":\"WebPage\",\"@id\":\"https:\\\/\\\/diariotextual.com\\\/inicio\\\/index.php\\\/2021\\\/08\\\/06\\\/en-agosto-van-a-llegar-millones-de-vacunas-que-permitiran-ir-recuperando-actividades\\\/\",\"url\":\"https:\\\/\\\/diariotextual.com\\\/inicio\\\/index.php\\\/2021\\\/08\\\/06\\\/en-agosto-van-a-llegar-millones-de-vacunas-que-permitiran-ir-recuperando-actividades\\\/\",\"name\":\"Fern\u00e1ndez anunci\u00f3 aperturas progresivas en turismo y eventos masivos al aire libre - Diario Textual\",\"isPartOf\":{\"@id\":\"https:\\\/\\\/diariotextual.com\\\/inicio\\\/#website\"},\"primaryImageOfPage\":{\"@id\":\"https:\\\/\\\/diariotextual.com\\\/inicio\\\/index.php\\\/2021\\\/08\\\/06\\\/en-agosto-van-a-llegar-millones-de-vacunas-que-permitiran-ir-recuperando-actividades\\\/#primaryimage\"},\"image\":{\"@id\":\"https:\\\/\\\/diariotextual.com\\\/inicio\\\/index.php\\\/2021\\\/08\\\/06\\\/en-agosto-van-a-llegar-millones-de-vacunas-que-permitiran-ir-recuperando-actividades\\\/#primaryimage\"},\"thumbnailUrl\":\"https:\\\/\\\/diariotextual.com\\\/inicio\\\/wp-content\\\/uploads\\\/2021\\\/08\\\/albertotelam.jpg\",\"datePublished\":\"2021-08-06T14:07:32+00:00\",\"dateModified\":\"2021-08-06T21:45:07+00:00\",\"breadcrumb\":{\"@id\":\"https:\\\/\\\/diariotextual.com\\\/inicio\\\/index.php\\\/2021\\\/08\\\/06\\\/en-agosto-van-a-llegar-millones-de-vacunas-que-permitiran-ir-recuperando-actividades\\\/#breadcrumb\"},\"inLanguage\":\"es\",\"potentialAction\":[{\"@type\":\"ReadAction\",\"target\":[\"https:\\\/\\\/diariotextual.com\\\/inicio\\\/index.php\\\/2021\\\/08\\\/06\\\/en-agosto-van-a-llegar-millones-de-vacunas-que-permitiran-ir-recuperando-actividades\\\/\"]}]},{\"@type\":\"ImageObject\",\"inLanguage\":\"es\",\"@id\":\"https:\\\/\\\/diariotextual.com\\\/inicio\\\/index.php\\\/2021\\\/08\\\/06\\\/en-agosto-van-a-llegar-millones-de-vacunas-que-permitiran-ir-recuperando-actividades\\\/#primaryimage\",\"url\":\"https:\\\/\\\/diariotextual.com\\\/inicio\\\/wp-content\\\/uploads\\\/2021\\\/08\\\/albertotelam.jpg\",\"contentUrl\":\"https:\\\/\\\/diariotextual.com\\\/inicio\\\/wp-content\\\/uploads\\\/2021\\\/08\\\/albertotelam.jpg\",\"width\":1004,\"height\":565},{\"@type\":\"BreadcrumbList\",\"@id\":\"https:\\\/\\\/diariotextual.com\\\/inicio\\\/index.php\\\/2021\\\/08\\\/06\\\/en-agosto-van-a-llegar-millones-de-vacunas-que-permitiran-ir-recuperando-actividades\\\/#breadcrumb\",\"itemListElement\":[{\"@type\":\"ListItem\",\"position\":1,\"name\":\"Portada\",\"item\":\"https:\\\/\\\/diariotextual.com\\\/inicio\\\/\"},{\"@type\":\"ListItem\",\"position\":2,\"name\":\"Fern\u00e1ndez anunci\u00f3 aperturas progresivas en turismo y eventos masivos al aire libre\"}]},{\"@type\":\"WebSite\",\"@id\":\"https:\\\/\\\/diariotextual.com\\\/inicio\\\/#website\",\"url\":\"https:\\\/\\\/diariotextual.com\\\/inicio\\\/\",\"name\":\"Diario Textual\",\"description\":\"\",\"publisher\":{\"@id\":\"https:\\\/\\\/diariotextual.com\\\/inicio\\\/#organization\"},\"potentialAction\":[{\"@type\":\"SearchAction\",\"target\":{\"@type\":\"EntryPoint\",\"urlTemplate\":\"https:\\\/\\\/diariotextual.com\\\/inicio\\\/?s={search_term_string}\"},\"query-input\":{\"@type\":\"PropertyValueSpecification\",\"valueRequired\":true,\"valueName\":\"search_term_string\"}}],\"inLanguage\":\"es\"},{\"@type\":\"Organization\",\"@id\":\"https:\\\/\\\/diariotextual.com\\\/inicio\\\/#organization\",\"name\":\"Diario Textual\",\"url\":\"https:\\\/\\\/diariotextual.com\\\/inicio\\\/\",\"logo\":{\"@type\":\"ImageObject\",\"inLanguage\":\"es\",\"@id\":\"https:\\\/\\\/diariotextual.com\\\/inicio\\\/#\\\/schema\\\/logo\\\/image\\\/\",\"url\":\"https:\\\/\\\/diariotextual.com\\\/inicio\\\/wp-content\\\/uploads\\\/2023\\\/05\\\/logotextual1.jpg\",\"contentUrl\":\"https:\\\/\\\/diariotextual.com\\\/inicio\\\/wp-content\\\/uploads\\\/2023\\\/05\\\/logotextual1.jpg\",\"width\":516,\"height\":76,\"caption\":\"Diario Textual\"},\"image\":{\"@id\":\"https:\\\/\\\/diariotextual.com\\\/inicio\\\/#\\\/schema\\\/logo\\\/image\\\/\"},\"sameAs\":[\"https:\\\/\\\/www.facebook.com\\\/eltextual\",\"https:\\\/\\\/x.com\\\/eltextual\",\"http:\\\/\\\/www.instagram.com\\\/eltextual\"]},{\"@type\":\"Person\",\"@id\":\"https:\\\/\\\/diariotextual.com\\\/inicio\\\/#\\\/schema\\\/person\\\/c7834961ad8b29b1d9cdbf4571299067\",\"name\":\"diario5\",\"image\":{\"@type\":\"ImageObject\",\"inLanguage\":\"es\",\"@id\":\"https:\\\/\\\/secure.gravatar.com\\\/avatar\\\/948c893b847ca6df68216ead81b63f363408ec9b0f600fefc0641ce78613b111?s=96&d=mm&r=g\",\"url\":\"https:\\\/\\\/secure.gravatar.com\\\/avatar\\\/948c893b847ca6df68216ead81b63f363408ec9b0f600fefc0641ce78613b111?s=96&d=mm&r=g\",\"contentUrl\":\"https:\\\/\\\/secure.gravatar.com\\\/avatar\\\/948c893b847ca6df68216ead81b63f363408ec9b0f600fefc0641ce78613b111?s=96&d=mm&r=g\",\"caption\":\"diario5\"},\"url\":\"https:\\\/\\\/diariotextual.com\\\/inicio\\\/index.php\\\/author\\\/diario5\\\/\"}]}<\/script>\n<!-- \/ Yoast SEO plugin. -->","yoast_head_json":{"title":"Fern\u00e1ndez anunci\u00f3 aperturas progresivas en turismo y eventos masivos al aire libre - Diario Textual","robots":{"index":"index","follow":"follow","max-snippet":"max-snippet:-1","max-image-preview":"max-image-preview:large","max-video-preview":"max-video-preview:-1"},"canonical":"https:\/\/diariotextual.com\/inicio\/index.php\/2021\/08\/06\/en-agosto-van-a-llegar-millones-de-vacunas-que-permitiran-ir-recuperando-actividades\/","og_locale":"es_ES","og_type":"article","og_title":"Fern\u00e1ndez anunci\u00f3 aperturas progresivas en turismo y eventos masivos al aire libre - Diario Textual","og_description":"El presidente\u00a0Alberto Fern\u00e1ndez\u00a0remarc\u00f3 hoy que se ve\u00a0\u201cun nuevo horizonte\u201d\u00a0frente a la pandemia de coronavirus y anunci\u00f3 un plan para\u00a0\u201crecuperar actividades de manera responsable y cuidadosa\u201d, a la vez que\u00a0destac\u00f3 que&hellip;","og_url":"https:\/\/diariotextual.com\/inicio\/index.php\/2021\/08\/06\/en-agosto-van-a-llegar-millones-de-vacunas-que-permitiran-ir-recuperando-actividades\/","og_site_name":"Diario Textual","article_publisher":"https:\/\/www.facebook.com\/eltextual","article_published_time":"2021-08-06T14:07:32+00:00","article_modified_time":"2021-08-06T21:45:07+00:00","og_image":[{"width":1004,"height":565,"url":"https:\/\/diariotextual.com\/inicio\/wp-content\/uploads\/2021\/08\/albertotelam.jpg","type":"image\/jpeg"}],"author":"diario5","twitter_card":"summary_large_image","twitter_creator":"@eltextual","twitter_site":"@eltextual","twitter_misc":{"Escrito por":"diario5","Tiempo de lectura":"4 minutos"},"schema":{"@context":"https:\/\/schema.org","@graph":[{"@type":"Article","@id":"https:\/\/diariotextual.com\/inicio\/index.php\/2021\/08\/06\/en-agosto-van-a-llegar-millones-de-vacunas-que-permitiran-ir-recuperando-actividades\/#article","isPartOf":{"@id":"https:\/\/diariotextual.com\/inicio\/index.php\/2021\/08\/06\/en-agosto-van-a-llegar-millones-de-vacunas-que-permitiran-ir-recuperando-actividades\/"},"author":{"name":"diario5","@id":"https:\/\/diariotextual.com\/inicio\/#\/schema\/person\/c7834961ad8b29b1d9cdbf4571299067"},"headline":"Fern\u00e1ndez anunci\u00f3 aperturas progresivas en turismo y eventos masivos al aire libre","datePublished":"2021-08-06T14:07:32+00:00","dateModified":"2021-08-06T21:45:07+00:00","mainEntityOfPage":{"@id":"https:\/\/diariotextual.com\/inicio\/index.php\/2021\/08\/06\/en-agosto-van-a-llegar-millones-de-vacunas-que-permitiran-ir-recuperando-actividades\/"},"wordCount":821,"publisher":{"@id":"https:\/\/diariotextual.com\/inicio\/#organization"},"image":{"@id":"https:\/\/diariotextual.com\/inicio\/index.php\/2021\/08\/06\/en-agosto-van-a-llegar-millones-de-vacunas-que-permitiran-ir-recuperando-actividades\/#primaryimage"},"thumbnailUrl":"https:\/\/diariotextual.com\/inicio\/wp-content\/uploads\/2021\/08\/albertotelam.jpg","articleSection":["A - PORTADA2","SOCIEDAD"],"inLanguage":"es"},{"@type":"WebPage","@id":"https:\/\/diariotextual.com\/inicio\/index.php\/2021\/08\/06\/en-agosto-van-a-llegar-millones-de-vacunas-que-permitiran-ir-recuperando-actividades\/","url":"https:\/\/diariotextual.com\/inicio\/index.php\/2021\/08\/06\/en-agosto-van-a-llegar-millones-de-vacunas-que-permitiran-ir-recuperando-actividades\/","name":"Fern\u00e1ndez anunci\u00f3 aperturas progresivas en turismo y eventos masivos al aire libre - Diario Textual","isPartOf":{"@id":"https:\/\/diariotextual.com\/inicio\/#website"},"primaryImageOfPage":{"@id":"https:\/\/diariotextual.com\/inicio\/index.php\/2021\/08\/06\/en-agosto-van-a-llegar-millones-de-vacunas-que-permitiran-ir-recuperando-actividades\/#primaryimage"},"image":{"@id":"https:\/\/diariotextual.com\/inicio\/index.php\/2021\/08\/06\/en-agosto-van-a-llegar-millones-de-vacunas-que-permitiran-ir-recuperando-actividades\/#primaryimage"},"thumbnailUrl":"https:\/\/diariotextual.com\/inicio\/wp-content\/uploads\/2021\/08\/albertotelam.jpg","datePublished":"2021-08-06T14:07:32+00:00","dateModified":"2021-08-06T21:45:07+00:00","breadcrumb":{"@id":"https:\/\/diariotextual.com\/inicio\/index.php\/2021\/08\/06\/en-agosto-van-a-llegar-millones-de-vacunas-que-permitiran-ir-recuperando-actividades\/#breadcrumb"},"inLanguage":"es","potentialAction":[{"@type":"ReadAction","target":["https:\/\/diariotextual.com\/inicio\/index.php\/2021\/08\/06\/en-agosto-van-a-llegar-millones-de-vacunas-que-permitiran-ir-recuperando-actividades\/"]}]},{"@type":"ImageObject","inLanguage":"es","@id":"https:\/\/diariotextual.com\/inicio\/index.php\/2021\/08\/06\/en-agosto-van-a-llegar-millones-de-vacunas-que-permitiran-ir-recuperando-actividades\/#primaryimage","url":"https:\/\/diariotextual.com\/inicio\/wp-content\/uploads\/2021\/08\/albertotelam.jpg","contentUrl":"https:\/\/diariotextual.com\/inicio\/wp-content\/uploads\/2021\/08\/albertotelam.jpg","width":1004,"height":565},{"@type":"BreadcrumbList","@id":"https:\/\/diariotextual.com\/inicio\/index.php\/2021\/08\/06\/en-agosto-van-a-llegar-millones-de-vacunas-que-permitiran-ir-recuperando-actividades\/#breadcrumb","itemListElement":[{"@type":"ListItem","position":1,"name":"Portada","item":"https:\/\/diariotextual.com\/inicio\/"},{"@type":"ListItem","position":2,"name":"Fern\u00e1ndez anunci\u00f3 aperturas progresivas en turismo y eventos masivos al aire libre"}]},{"@type":"WebSite","@id":"https:\/\/diariotextual.com\/inicio\/#website","url":"https:\/\/diariotextual.com\/inicio\/","name":"Diario Textual","description":"","publisher":{"@id":"https:\/\/diariotextual.com\/inicio\/#organization"},"potentialAction":[{"@type":"SearchAction","target":{"@type":"EntryPoint","urlTemplate":"https:\/\/diariotextual.com\/inicio\/?s={search_term_string}"},"query-input":{"@type":"PropertyValueSpecification","valueRequired":true,"valueName":"search_term_string"}}],"inLanguage":"es"},{"@type":"Organization","@id":"https:\/\/diariotextual.com\/inicio\/#organization","name":"Diario Textual","url":"https:\/\/diariotextual.com\/inicio\/","logo":{"@type":"ImageObject","inLanguage":"es","@id":"https:\/\/diariotextual.com\/inicio\/#\/schema\/logo\/image\/","url":"https:\/\/diariotextual.com\/inicio\/wp-content\/uploads\/2023\/05\/logotextual1.jpg","contentUrl":"https:\/\/diariotextual.com\/inicio\/wp-content\/uploads\/2023\/05\/logotextual1.jpg","width":516,"height":76,"caption":"Diario Textual"},"image":{"@id":"https:\/\/diariotextual.com\/inicio\/#\/schema\/logo\/image\/"},"sameAs":["https:\/\/www.facebook.com\/eltextual","https:\/\/x.com\/eltextual","http:\/\/www.instagram.com\/eltextual"]},{"@type":"Person","@id":"https:\/\/diariotextual.com\/inicio\/#\/schema\/person\/c7834961ad8b29b1d9cdbf4571299067","name":"diario5","image":{"@type":"ImageObject","inLanguage":"es","@id":"https:\/\/secure.gravatar.com\/avatar\/948c893b847ca6df68216ead81b63f363408ec9b0f600fefc0641ce78613b111?s=96&d=mm&r=g","url":"https:\/\/secure.gravatar.com\/avatar\/948c893b847ca6df68216ead81b63f363408ec9b0f600fefc0641ce78613b111?s=96&d=mm&r=g","contentUrl":"https:\/\/secure.gravatar.com\/avatar\/948c893b847ca6df68216ead81b63f363408ec9b0f600fefc0641ce78613b111?s=96&d=mm&r=g","caption":"diario5"},"url":"https:\/\/diariotextual.com\/inicio\/index.php\/author\/diario5\/"}]}},"_links":{"self":[{"href":"https:\/\/diariotextual.com\/inicio\/index.php\/wp-json\/wp\/v2\/posts\/157029","targetHints":{"allow":["GET"]}}],"collection":[{"href":"https:\/\/diariotextual.com\/inicio\/index.php\/wp-json\/wp\/v2\/posts"}],"about":[{"href":"https:\/\/diariotextual.com\/inicio\/index.php\/wp-json\/wp\/v2\/types\/post"}],"author":[{"embeddable":true,"href":"https:\/\/diariotextual.com\/inicio\/index.php\/wp-json\/wp\/v2\/users\/7"}],"replies":[{"embeddable":true,"href":"https:\/\/diariotextual.com\/inicio\/index.php\/wp-json\/wp\/v2\/comments?post=157029"}],"version-history":[{"count":2,"href":"https:\/\/diariotextual.com\/inicio\/index.php\/wp-json\/wp\/v2\/posts\/157029\/revisions"}],"predecessor-version":[{"id":157033,"href":"https:\/\/diariotextual.com\/inicio\/index.php\/wp-json\/wp\/v2\/posts\/157029\/revisions\/157033"}],"wp:featuredmedia":[{"embeddable":true,"href":"https:\/\/diariotextual.com\/inicio\/index.php\/wp-json\/wp\/v2\/media\/157030"}],"wp:attachment":[{"href":"https:\/\/diariotextual.com\/inicio\/index.php\/wp-json\/wp\/v2\/media?parent=157029"}],"wp:term":[{"taxonomy":"category","embeddable":true,"href":"https:\/\/diariotextual.com\/inicio\/index.php\/wp-json\/wp\/v2\/categories?post=157029"},{"taxonomy":"post_tag","embeddable":true,"href":"https:\/\/diariotextual.com\/inicio\/index.php\/wp-json\/wp\/v2\/tags?post=157029"}],"curies":[{"name":"wp","href":"https:\/\/api.w.org\/{rel}","templated":true}]}}