{"id":157044,"date":"2021-08-06T13:49:46","date_gmt":"2021-08-06T16:49:46","guid":{"rendered":"https:\/\/diariotextual.com\/inicio\/?p=157044"},"modified":"2021-08-06T15:05:14","modified_gmt":"2021-08-06T18:05:14","slug":"el-gobierno-amplia-el-cupo-a-1700-personas-por-dia-para-que-vuelvan-los-varados","status":"publish","type":"post","link":"https:\/\/diariotextual.com\/inicio\/index.php\/2021\/08\/06\/el-gobierno-amplia-el-cupo-a-1700-personas-por-dia-para-que-vuelvan-los-varados\/","title":{"rendered":"El Gobierno ampl\u00eda el cupo a 1700 personas por d\u00eda para que vuelvan los varados"},"content":{"rendered":"\n<p>El Gobierno anunci\u00f3 que a partir de este s\u00e1bado se ampl\u00eda a 1700 personas por d\u00eda el cupo para ingresar al pa\u00eds para que puedan retornar los varados en el exterior.<\/p>\n\n\n\n<p>Los encargados de dar los detalles de su implementaci\u00f3n fueron jefe de Gabinete, Santiago Cafiero y la ministra de Salud, Carla Vizzotti.<\/p>\n\n\n\n<p>\u201cLos cupos a partir de ma\u00f1ana aumentan a 1700 personas por d\u00eda, con los corredores seguros y articulando con las provincias la fiscalizaci\u00f3n del aislamiento de quienes vienen del exterior para que se haga efectivo\u201d, anunci\u00f3 Cafiero.<\/p>\n\n\n\n<figure class=\"wp-block-embed is-type-wp-embed is-provider-diario-textual wp-block-embed-diario-textual\"><div class=\"wp-block-embed__wrapper\">\n<blockquote class=\"wp-embedded-content\" data-secret=\"mZvTF5sTyy\"><a href=\"https:\/\/diariotextual.com\/inicio\/index.php\/2021\/08\/06\/en-agosto-van-a-llegar-millones-de-vacunas-que-permitiran-ir-recuperando-actividades\/\">Fern\u00e1ndez anunci\u00f3 aperturas progresivas en turismo y eventos masivos al aire libre<\/a><\/blockquote><iframe class=\"wp-embedded-content\" sandbox=\"allow-scripts\" security=\"restricted\" style=\"position: absolute; clip: rect(1px, 1px, 1px, 1px);\" title=\"\u00abFern\u00e1ndez anunci\u00f3 aperturas progresivas en turismo y eventos masivos al aire libre\u00bb \u2014 Diario Textual\" src=\"https:\/\/diariotextual.com\/inicio\/index.php\/2021\/08\/06\/en-agosto-van-a-llegar-millones-de-vacunas-que-permitiran-ir-recuperando-actividades\/embed\/#?secret=mZvTF5sTyy\" data-secret=\"mZvTF5sTyy\" width=\"600\" height=\"338\" frameborder=\"0\" marginwidth=\"0\" marginheight=\"0\" scrolling=\"no\"><\/iframe>\n<\/div><\/figure>\n\n\n\n<p>Adem\u00e1s, se seguir\u00e1n realizando los estudios gen\u00f3micos a los viajeros que den positivo para determinar el tipo de variante con los que est\u00e1n infectados. \u201cDe esa forma, vamos a cuidar todas estas aperturas para recuperar la vida que queremos\u201d, dijo el jefe de Gabinete.<\/p>\n","protected":false},"excerpt":{"rendered":"<p>El Gobierno anunci\u00f3 que a partir de este s\u00e1bado se ampl\u00eda a 1700 personas por d\u00eda el cupo para ingresar al pa\u00eds para que puedan retornar los varados en el&hellip;<\/p>\n","protected":false},"author":3,"featured_media":151203,"comment_status":"closed","ping_status":"open","sticky":false,"template":"","format":"standard","meta":{"_acf_changed":false,"footnotes":""},"categories":[10,8],"tags":[232],"class_list":["post-157044","post","type-post","status-publish","format-standard","has-post-thumbnail","hentry","category-portada-2","category-politica","tag-aerolineas"],"acf":[],"yoast_head":"<!-- This site is optimized with the Yoast SEO plugin v27.5 - https:\/\/yoast.com\/product\/yoast-seo-wordpress\/ -->\n<title>El Gobierno ampl\u00eda el cupo a 1700 personas por d\u00eda para que vuelvan los varados - Diario Textual<\/title>\n<meta name=\"robots\" content=\"index, follow, max-snippet:-1, max-image-preview:large, max-video-preview:-1\" \/>\n<link rel=\"canonical\" href=\"https:\/\/diariotextual.com\/inicio\/index.php\/2021\/08\/06\/el-gobierno-amplia-el-cupo-a-1700-personas-por-dia-para-que-vuelvan-los-varados\/\" \/>\n<meta property=\"og:locale\" content=\"es_ES\" \/>\n<meta property=\"og:type\" content=\"article\" \/>\n<meta property=\"og:title\" content=\"El Gobierno ampl\u00eda el cupo a 1700 personas por d\u00eda para que vuelvan los varados - Diario Textual\" \/>\n<meta property=\"og:description\" content=\"El Gobierno anunci\u00f3 que a partir de este s\u00e1bado se ampl\u00eda a 1700 personas por d\u00eda el cupo para ingresar al pa\u00eds para que puedan retornar los varados en el&hellip;\" \/>\n<meta property=\"og:url\" content=\"https:\/\/diariotextual.com\/inicio\/index.php\/2021\/08\/06\/el-gobierno-amplia-el-cupo-a-1700-personas-por-dia-para-que-vuelvan-los-varados\/\" \/>\n<meta property=\"og:site_name\" content=\"Diario Textual\" \/>\n<meta property=\"article:publisher\" content=\"https:\/\/www.facebook.com\/eltextual\" \/>\n<meta property=\"article:published_time\" content=\"2021-08-06T16:49:46+00:00\" \/>\n<meta property=\"article:modified_time\" content=\"2021-08-06T18:05:14+00:00\" \/>\n<meta property=\"og:image\" content=\"https:\/\/diariotextual.com\/inicio\/wp-content\/uploads\/2021\/06\/aerolineasvacunascovi2021-50000.jpeg\" \/>\n\t<meta property=\"og:image:width\" content=\"1280\" \/>\n\t<meta property=\"og:image:height\" content=\"853\" \/>\n\t<meta property=\"og:image:type\" content=\"image\/jpeg\" \/>\n<meta name=\"author\" content=\"Diario1 Diario1\" \/>\n<meta name=\"twitter:card\" content=\"summary_large_image\" \/>\n<meta name=\"twitter:creator\" content=\"@eltextual\" \/>\n<meta name=\"twitter:site\" content=\"@eltextual\" \/>\n<meta name=\"twitter:label1\" content=\"Escrito por\" \/>\n\t<meta name=\"twitter:data1\" content=\"Diario1 Diario1\" \/>\n\t<meta name=\"twitter:label2\" content=\"Tiempo de lectura\" \/>\n\t<meta name=\"twitter:data2\" content=\"1 minuto\" \/>\n<script type=\"application\/ld+json\" class=\"yoast-schema-graph\">{\"@context\":\"https:\\\/\\\/schema.org\",\"@graph\":[{\"@type\":\"Article\",\"@id\":\"https:\\\/\\\/diariotextual.com\\\/inicio\\\/index.php\\\/2021\\\/08\\\/06\\\/el-gobierno-amplia-el-cupo-a-1700-personas-por-dia-para-que-vuelvan-los-varados\\\/#article\",\"isPartOf\":{\"@id\":\"https:\\\/\\\/diariotextual.com\\\/inicio\\\/index.php\\\/2021\\\/08\\\/06\\\/el-gobierno-amplia-el-cupo-a-1700-personas-por-dia-para-que-vuelvan-los-varados\\\/\"},\"author\":{\"name\":\"Diario1 Diario1\",\"@id\":\"https:\\\/\\\/diariotextual.com\\\/inicio\\\/#\\\/schema\\\/person\\\/418fc4093c33e86ed41562db3508f958\"},\"headline\":\"El Gobierno ampl\u00eda el cupo a 1700 personas por d\u00eda para que vuelvan los varados\",\"datePublished\":\"2021-08-06T16:49:46+00:00\",\"dateModified\":\"2021-08-06T18:05:14+00:00\",\"mainEntityOfPage\":{\"@id\":\"https:\\\/\\\/diariotextual.com\\\/inicio\\\/index.php\\\/2021\\\/08\\\/06\\\/el-gobierno-amplia-el-cupo-a-1700-personas-por-dia-para-que-vuelvan-los-varados\\\/\"},\"wordCount\":167,\"publisher\":{\"@id\":\"https:\\\/\\\/diariotextual.com\\\/inicio\\\/#organization\"},\"image\":{\"@id\":\"https:\\\/\\\/diariotextual.com\\\/inicio\\\/index.php\\\/2021\\\/08\\\/06\\\/el-gobierno-amplia-el-cupo-a-1700-personas-por-dia-para-que-vuelvan-los-varados\\\/#primaryimage\"},\"thumbnailUrl\":\"https:\\\/\\\/diariotextual.com\\\/inicio\\\/wp-content\\\/uploads\\\/2021\\\/06\\\/aerolineasvacunascovi2021-50000.jpeg\",\"keywords\":[\"aerolineas\"],\"articleSection\":[\"A - PORTADA2\",\"POLITICA\"],\"inLanguage\":\"es\"},{\"@type\":\"WebPage\",\"@id\":\"https:\\\/\\\/diariotextual.com\\\/inicio\\\/index.php\\\/2021\\\/08\\\/06\\\/el-gobierno-amplia-el-cupo-a-1700-personas-por-dia-para-que-vuelvan-los-varados\\\/\",\"url\":\"https:\\\/\\\/diariotextual.com\\\/inicio\\\/index.php\\\/2021\\\/08\\\/06\\\/el-gobierno-amplia-el-cupo-a-1700-personas-por-dia-para-que-vuelvan-los-varados\\\/\",\"name\":\"El Gobierno ampl\u00eda el cupo a 1700 personas por d\u00eda para que vuelvan los varados - Diario Textual\",\"isPartOf\":{\"@id\":\"https:\\\/\\\/diariotextual.com\\\/inicio\\\/#website\"},\"primaryImageOfPage\":{\"@id\":\"https:\\\/\\\/diariotextual.com\\\/inicio\\\/index.php\\\/2021\\\/08\\\/06\\\/el-gobierno-amplia-el-cupo-a-1700-personas-por-dia-para-que-vuelvan-los-varados\\\/#primaryimage\"},\"image\":{\"@id\":\"https:\\\/\\\/diariotextual.com\\\/inicio\\\/index.php\\\/2021\\\/08\\\/06\\\/el-gobierno-amplia-el-cupo-a-1700-personas-por-dia-para-que-vuelvan-los-varados\\\/#primaryimage\"},\"thumbnailUrl\":\"https:\\\/\\\/diariotextual.com\\\/inicio\\\/wp-content\\\/uploads\\\/2021\\\/06\\\/aerolineasvacunascovi2021-50000.jpeg\",\"datePublished\":\"2021-08-06T16:49:46+00:00\",\"dateModified\":\"2021-08-06T18:05:14+00:00\",\"breadcrumb\":{\"@id\":\"https:\\\/\\\/diariotextual.com\\\/inicio\\\/index.php\\\/2021\\\/08\\\/06\\\/el-gobierno-amplia-el-cupo-a-1700-personas-por-dia-para-que-vuelvan-los-varados\\\/#breadcrumb\"},\"inLanguage\":\"es\",\"potentialAction\":[{\"@type\":\"ReadAction\",\"target\":[\"https:\\\/\\\/diariotextual.com\\\/inicio\\\/index.php\\\/2021\\\/08\\\/06\\\/el-gobierno-amplia-el-cupo-a-1700-personas-por-dia-para-que-vuelvan-los-varados\\\/\"]}]},{\"@type\":\"ImageObject\",\"inLanguage\":\"es\",\"@id\":\"https:\\\/\\\/diariotextual.com\\\/inicio\\\/index.php\\\/2021\\\/08\\\/06\\\/el-gobierno-amplia-el-cupo-a-1700-personas-por-dia-para-que-vuelvan-los-varados\\\/#primaryimage\",\"url\":\"https:\\\/\\\/diariotextual.com\\\/inicio\\\/wp-content\\\/uploads\\\/2021\\\/06\\\/aerolineasvacunascovi2021-50000.jpeg\",\"contentUrl\":\"https:\\\/\\\/diariotextual.com\\\/inicio\\\/wp-content\\\/uploads\\\/2021\\\/06\\\/aerolineasvacunascovi2021-50000.jpeg\",\"width\":1280,\"height\":853},{\"@type\":\"BreadcrumbList\",\"@id\":\"https:\\\/\\\/diariotextual.com\\\/inicio\\\/index.php\\\/2021\\\/08\\\/06\\\/el-gobierno-amplia-el-cupo-a-1700-personas-por-dia-para-que-vuelvan-los-varados\\\/#breadcrumb\",\"itemListElement\":[{\"@type\":\"ListItem\",\"position\":1,\"name\":\"Portada\",\"item\":\"https:\\\/\\\/diariotextual.com\\\/inicio\\\/\"},{\"@type\":\"ListItem\",\"position\":2,\"name\":\"El Gobierno ampl\u00eda el cupo a 1700 personas por d\u00eda para que vuelvan los varados\"}]},{\"@type\":\"WebSite\",\"@id\":\"https:\\\/\\\/diariotextual.com\\\/inicio\\\/#website\",\"url\":\"https:\\\/\\\/diariotextual.com\\\/inicio\\\/\",\"name\":\"Diario Textual\",\"description\":\"\",\"publisher\":{\"@id\":\"https:\\\/\\\/diariotextual.com\\\/inicio\\\/#organization\"},\"potentialAction\":[{\"@type\":\"SearchAction\",\"target\":{\"@type\":\"EntryPoint\",\"urlTemplate\":\"https:\\\/\\\/diariotextual.com\\\/inicio\\\/?s={search_term_string}\"},\"query-input\":{\"@type\":\"PropertyValueSpecification\",\"valueRequired\":true,\"valueName\":\"search_term_string\"}}],\"inLanguage\":\"es\"},{\"@type\":\"Organization\",\"@id\":\"https:\\\/\\\/diariotextual.com\\\/inicio\\\/#organization\",\"name\":\"Diario Textual\",\"url\":\"https:\\\/\\\/diariotextual.com\\\/inicio\\\/\",\"logo\":{\"@type\":\"ImageObject\",\"inLanguage\":\"es\",\"@id\":\"https:\\\/\\\/diariotextual.com\\\/inicio\\\/#\\\/schema\\\/logo\\\/image\\\/\",\"url\":\"https:\\\/\\\/diariotextual.com\\\/inicio\\\/wp-content\\\/uploads\\\/2023\\\/05\\\/logotextual1.jpg\",\"contentUrl\":\"https:\\\/\\\/diariotextual.com\\\/inicio\\\/wp-content\\\/uploads\\\/2023\\\/05\\\/logotextual1.jpg\",\"width\":516,\"height\":76,\"caption\":\"Diario Textual\"},\"image\":{\"@id\":\"https:\\\/\\\/diariotextual.com\\\/inicio\\\/#\\\/schema\\\/logo\\\/image\\\/\"},\"sameAs\":[\"https:\\\/\\\/www.facebook.com\\\/eltextual\",\"https:\\\/\\\/x.com\\\/eltextual\",\"http:\\\/\\\/www.instagram.com\\\/eltextual\"]},{\"@type\":\"Person\",\"@id\":\"https:\\\/\\\/diariotextual.com\\\/inicio\\\/#\\\/schema\\\/person\\\/418fc4093c33e86ed41562db3508f958\",\"name\":\"Diario1 Diario1\",\"image\":{\"@type\":\"ImageObject\",\"inLanguage\":\"es\",\"@id\":\"https:\\\/\\\/secure.gravatar.com\\\/avatar\\\/9167d280179c85bc18be67aa7eda765854300033af4896dd779b608640f2ef7a?s=96&d=mm&r=g\",\"url\":\"https:\\\/\\\/secure.gravatar.com\\\/avatar\\\/9167d280179c85bc18be67aa7eda765854300033af4896dd779b608640f2ef7a?s=96&d=mm&r=g\",\"contentUrl\":\"https:\\\/\\\/secure.gravatar.com\\\/avatar\\\/9167d280179c85bc18be67aa7eda765854300033af4896dd779b608640f2ef7a?s=96&d=mm&r=g\",\"caption\":\"Diario1 Diario1\"},\"url\":\"https:\\\/\\\/diariotextual.com\\\/inicio\\\/index.php\\\/author\\\/diario1\\\/\"}]}<\/script>\n<!-- \/ Yoast SEO plugin. -->","yoast_head_json":{"title":"El Gobierno ampl\u00eda el cupo a 1700 personas por d\u00eda para que vuelvan los varados - Diario Textual","robots":{"index":"index","follow":"follow","max-snippet":"max-snippet:-1","max-image-preview":"max-image-preview:large","max-video-preview":"max-video-preview:-1"},"canonical":"https:\/\/diariotextual.com\/inicio\/index.php\/2021\/08\/06\/el-gobierno-amplia-el-cupo-a-1700-personas-por-dia-para-que-vuelvan-los-varados\/","og_locale":"es_ES","og_type":"article","og_title":"El Gobierno ampl\u00eda el cupo a 1700 personas por d\u00eda para que vuelvan los varados - Diario Textual","og_description":"El Gobierno anunci\u00f3 que a partir de este s\u00e1bado se ampl\u00eda a 1700 personas por d\u00eda el cupo para ingresar al pa\u00eds para que puedan retornar los varados en el&hellip;","og_url":"https:\/\/diariotextual.com\/inicio\/index.php\/2021\/08\/06\/el-gobierno-amplia-el-cupo-a-1700-personas-por-dia-para-que-vuelvan-los-varados\/","og_site_name":"Diario Textual","article_publisher":"https:\/\/www.facebook.com\/eltextual","article_published_time":"2021-08-06T16:49:46+00:00","article_modified_time":"2021-08-06T18:05:14+00:00","og_image":[{"width":1280,"height":853,"url":"https:\/\/diariotextual.com\/inicio\/wp-content\/uploads\/2021\/06\/aerolineasvacunascovi2021-50000.jpeg","type":"image\/jpeg"}],"author":"Diario1 Diario1","twitter_card":"summary_large_image","twitter_creator":"@eltextual","twitter_site":"@eltextual","twitter_misc":{"Escrito por":"Diario1 Diario1","Tiempo de lectura":"1 minuto"},"schema":{"@context":"https:\/\/schema.org","@graph":[{"@type":"Article","@id":"https:\/\/diariotextual.com\/inicio\/index.php\/2021\/08\/06\/el-gobierno-amplia-el-cupo-a-1700-personas-por-dia-para-que-vuelvan-los-varados\/#article","isPartOf":{"@id":"https:\/\/diariotextual.com\/inicio\/index.php\/2021\/08\/06\/el-gobierno-amplia-el-cupo-a-1700-personas-por-dia-para-que-vuelvan-los-varados\/"},"author":{"name":"Diario1 Diario1","@id":"https:\/\/diariotextual.com\/inicio\/#\/schema\/person\/418fc4093c33e86ed41562db3508f958"},"headline":"El Gobierno ampl\u00eda el cupo a 1700 personas por d\u00eda para que vuelvan los varados","datePublished":"2021-08-06T16:49:46+00:00","dateModified":"2021-08-06T18:05:14+00:00","mainEntityOfPage":{"@id":"https:\/\/diariotextual.com\/inicio\/index.php\/2021\/08\/06\/el-gobierno-amplia-el-cupo-a-1700-personas-por-dia-para-que-vuelvan-los-varados\/"},"wordCount":167,"publisher":{"@id":"https:\/\/diariotextual.com\/inicio\/#organization"},"image":{"@id":"https:\/\/diariotextual.com\/inicio\/index.php\/2021\/08\/06\/el-gobierno-amplia-el-cupo-a-1700-personas-por-dia-para-que-vuelvan-los-varados\/#primaryimage"},"thumbnailUrl":"https:\/\/diariotextual.com\/inicio\/wp-content\/uploads\/2021\/06\/aerolineasvacunascovi2021-50000.jpeg","keywords":["aerolineas"],"articleSection":["A - PORTADA2","POLITICA"],"inLanguage":"es"},{"@type":"WebPage","@id":"https:\/\/diariotextual.com\/inicio\/index.php\/2021\/08\/06\/el-gobierno-amplia-el-cupo-a-1700-personas-por-dia-para-que-vuelvan-los-varados\/","url":"https:\/\/diariotextual.com\/inicio\/index.php\/2021\/08\/06\/el-gobierno-amplia-el-cupo-a-1700-personas-por-dia-para-que-vuelvan-los-varados\/","name":"El Gobierno ampl\u00eda el cupo a 1700 personas por d\u00eda para que vuelvan los varados - Diario Textual","isPartOf":{"@id":"https:\/\/diariotextual.com\/inicio\/#website"},"primaryImageOfPage":{"@id":"https:\/\/diariotextual.com\/inicio\/index.php\/2021\/08\/06\/el-gobierno-amplia-el-cupo-a-1700-personas-por-dia-para-que-vuelvan-los-varados\/#primaryimage"},"image":{"@id":"https:\/\/diariotextual.com\/inicio\/index.php\/2021\/08\/06\/el-gobierno-amplia-el-cupo-a-1700-personas-por-dia-para-que-vuelvan-los-varados\/#primaryimage"},"thumbnailUrl":"https:\/\/diariotextual.com\/inicio\/wp-content\/uploads\/2021\/06\/aerolineasvacunascovi2021-50000.jpeg","datePublished":"2021-08-06T16:49:46+00:00","dateModified":"2021-08-06T18:05:14+00:00","breadcrumb":{"@id":"https:\/\/diariotextual.com\/inicio\/index.php\/2021\/08\/06\/el-gobierno-amplia-el-cupo-a-1700-personas-por-dia-para-que-vuelvan-los-varados\/#breadcrumb"},"inLanguage":"es","potentialAction":[{"@type":"ReadAction","target":["https:\/\/diariotextual.com\/inicio\/index.php\/2021\/08\/06\/el-gobierno-amplia-el-cupo-a-1700-personas-por-dia-para-que-vuelvan-los-varados\/"]}]},{"@type":"ImageObject","inLanguage":"es","@id":"https:\/\/diariotextual.com\/inicio\/index.php\/2021\/08\/06\/el-gobierno-amplia-el-cupo-a-1700-personas-por-dia-para-que-vuelvan-los-varados\/#primaryimage","url":"https:\/\/diariotextual.com\/inicio\/wp-content\/uploads\/2021\/06\/aerolineasvacunascovi2021-50000.jpeg","contentUrl":"https:\/\/diariotextual.com\/inicio\/wp-content\/uploads\/2021\/06\/aerolineasvacunascovi2021-50000.jpeg","width":1280,"height":853},{"@type":"BreadcrumbList","@id":"https:\/\/diariotextual.com\/inicio\/index.php\/2021\/08\/06\/el-gobierno-amplia-el-cupo-a-1700-personas-por-dia-para-que-vuelvan-los-varados\/#breadcrumb","itemListElement":[{"@type":"ListItem","position":1,"name":"Portada","item":"https:\/\/diariotextual.com\/inicio\/"},{"@type":"ListItem","position":2,"name":"El Gobierno ampl\u00eda el cupo a 1700 personas por d\u00eda para que vuelvan los varados"}]},{"@type":"WebSite","@id":"https:\/\/diariotextual.com\/inicio\/#website","url":"https:\/\/diariotextual.com\/inicio\/","name":"Diario Textual","description":"","publisher":{"@id":"https:\/\/diariotextual.com\/inicio\/#organization"},"potentialAction":[{"@type":"SearchAction","target":{"@type":"EntryPoint","urlTemplate":"https:\/\/diariotextual.com\/inicio\/?s={search_term_string}"},"query-input":{"@type":"PropertyValueSpecification","valueRequired":true,"valueName":"search_term_string"}}],"inLanguage":"es"},{"@type":"Organization","@id":"https:\/\/diariotextual.com\/inicio\/#organization","name":"Diario Textual","url":"https:\/\/diariotextual.com\/inicio\/","logo":{"@type":"ImageObject","inLanguage":"es","@id":"https:\/\/diariotextual.com\/inicio\/#\/schema\/logo\/image\/","url":"https:\/\/diariotextual.com\/inicio\/wp-content\/uploads\/2023\/05\/logotextual1.jpg","contentUrl":"https:\/\/diariotextual.com\/inicio\/wp-content\/uploads\/2023\/05\/logotextual1.jpg","width":516,"height":76,"caption":"Diario Textual"},"image":{"@id":"https:\/\/diariotextual.com\/inicio\/#\/schema\/logo\/image\/"},"sameAs":["https:\/\/www.facebook.com\/eltextual","https:\/\/x.com\/eltextual","http:\/\/www.instagram.com\/eltextual"]},{"@type":"Person","@id":"https:\/\/diariotextual.com\/inicio\/#\/schema\/person\/418fc4093c33e86ed41562db3508f958","name":"Diario1 Diario1","image":{"@type":"ImageObject","inLanguage":"es","@id":"https:\/\/secure.gravatar.com\/avatar\/9167d280179c85bc18be67aa7eda765854300033af4896dd779b608640f2ef7a?s=96&d=mm&r=g","url":"https:\/\/secure.gravatar.com\/avatar\/9167d280179c85bc18be67aa7eda765854300033af4896dd779b608640f2ef7a?s=96&d=mm&r=g","contentUrl":"https:\/\/secure.gravatar.com\/avatar\/9167d280179c85bc18be67aa7eda765854300033af4896dd779b608640f2ef7a?s=96&d=mm&r=g","caption":"Diario1 Diario1"},"url":"https:\/\/diariotextual.com\/inicio\/index.php\/author\/diario1\/"}]}},"_links":{"self":[{"href":"https:\/\/diariotextual.com\/inicio\/index.php\/wp-json\/wp\/v2\/posts\/157044","targetHints":{"allow":["GET"]}}],"collection":[{"href":"https:\/\/diariotextual.com\/inicio\/index.php\/wp-json\/wp\/v2\/posts"}],"about":[{"href":"https:\/\/diariotextual.com\/inicio\/index.php\/wp-json\/wp\/v2\/types\/post"}],"author":[{"embeddable":true,"href":"https:\/\/diariotextual.com\/inicio\/index.php\/wp-json\/wp\/v2\/users\/3"}],"replies":[{"embeddable":true,"href":"https:\/\/diariotextual.com\/inicio\/index.php\/wp-json\/wp\/v2\/comments?post=157044"}],"version-history":[{"count":4,"href":"https:\/\/diariotextual.com\/inicio\/index.php\/wp-json\/wp\/v2\/posts\/157044\/revisions"}],"predecessor-version":[{"id":157048,"href":"https:\/\/diariotextual.com\/inicio\/index.php\/wp-json\/wp\/v2\/posts\/157044\/revisions\/157048"}],"wp:featuredmedia":[{"embeddable":true,"href":"https:\/\/diariotextual.com\/inicio\/index.php\/wp-json\/wp\/v2\/media\/151203"}],"wp:attachment":[{"href":"https:\/\/diariotextual.com\/inicio\/index.php\/wp-json\/wp\/v2\/media?parent=157044"}],"wp:term":[{"taxonomy":"category","embeddable":true,"href":"https:\/\/diariotextual.com\/inicio\/index.php\/wp-json\/wp\/v2\/categories?post=157044"},{"taxonomy":"post_tag","embeddable":true,"href":"https:\/\/diariotextual.com\/inicio\/index.php\/wp-json\/wp\/v2\/tags?post=157044"}],"curies":[{"name":"wp","href":"https:\/\/api.w.org\/{rel}","templated":true}]}}