{"id":157076,"date":"2021-08-06T20:43:39","date_gmt":"2021-08-06T23:43:39","guid":{"rendered":"https:\/\/diariotextual.com\/inicio\/?p=157076"},"modified":"2021-08-07T08:33:35","modified_gmt":"2021-08-07T11:33:35","slug":"quedaron-detenidos-los-cinco-policias-condenados-por-sedicion-en-la-pampa","status":"publish","type":"post","link":"https:\/\/diariotextual.com\/inicio\/index.php\/2021\/08\/06\/quedaron-detenidos-los-cinco-policias-condenados-por-sedicion-en-la-pampa\/","title":{"rendered":"Quedaron detenidos los cinco polic\u00edas condenados por sedici\u00f3n en La Pampa"},"content":{"rendered":"\n<p>Los <strong>cinco polic\u00edas <\/strong>que<strong> organizaron la revuelta en diciembre de 2013<\/strong>, en La Pampa, <strong>fueron detenidos este viernes<\/strong>. Quedaron alojados en la comisar\u00eda de Lonquimay.<\/p>\n\n\n\n<p>Ayer <strong>qued\u00f3 firme las condenas <\/strong>en su contra por el delito de<strong> sedici\u00f3n<\/strong>: la <strong>Corte Suprema de Justicia de la Naci\u00f3n rechaz\u00f3 un recurso de casaci\u00f3n y as\u00ed se activ\u00f3 la detenci\u00f3n de los exuniformados.<\/strong><\/p>\n\n\n\n<p><strong>Se los sentenci\u00f3 a 3 a\u00f1os de prisi\u00f3n de efectivo cumplimiento y la inhabilitaci\u00f3n especial para ejercer cargos p\u00fablicos por un tiempo doble del de la condena.<\/strong><\/p>\n\n\n\n<p>Los cinco fueron condenados por haber encabezado la toma de la Jefatura de la Polic\u00eda y de comisar\u00edas en diciembre de 2013. La sentencia alcanza a los expolic\u00edas<strong>\u00a0Fernando Alberto Rolhaiser, Guillermo Juli\u00e1n Gim\u00e9nez, Luis Horacio Bruno, Carlos Daniel Mendibe\u00a0<\/strong>y\u00a0<strong>Diego Hern\u00e1n L\u00f3pez<\/strong>\u00a0por<strong>\u00a0el delito de sedici\u00f3n<\/strong>.<\/p>\n\n\n\n<p>Inicialmente se pretendi\u00f3 juzgar a 14 polic\u00edas. Finalmente fueron condenados cinco de ellos.<\/p>\n\n\n\n<p>El origen de la toma de la Jefatura, de comisar\u00edas y otras dependencias fue<strong> un pedido de aumento salarial y mejoras laborales<\/strong>. En total<strong> presentaron un petitorio con doce puntos. Parte de esos reclamos, como las mejoras salariales, finalmente les fueron otorgados a todos los polic\u00edas.<\/strong><\/p>\n\n\n\n<figure class=\"wp-block-image size-large\"><img fetchpriority=\"high\" decoding=\"async\" width=\"643\" height=\"425\" src=\"https:\/\/diariotextual.com\/inicio\/wp-content\/uploads\/2018\/02\/sedicionjuiciotestigo2018-01212.jpg\" alt=\"\" class=\"wp-image-128\" srcset=\"https:\/\/diariotextual.com\/inicio\/wp-content\/uploads\/2018\/02\/sedicionjuiciotestigo2018-01212.jpg 643w, https:\/\/diariotextual.com\/inicio\/wp-content\/uploads\/2018\/02\/sedicionjuiciotestigo2018-01212-300x198.jpg 300w, https:\/\/diariotextual.com\/inicio\/wp-content\/uploads\/2018\/02\/sedicionjuiciotestigo2018-01212-585x387.jpg 585w, https:\/\/diariotextual.com\/inicio\/wp-content\/uploads\/2018\/02\/sedicionjuiciotestigo2018-01212-263x175.jpg 263w\" sizes=\"(max-width: 643px) 100vw, 643px\" \/><\/figure>\n\n\n\n<p>Seg\u00fan dijeron los jueces santarrose\u00f1os, en su momento, el 11 de diciembre de 2013, a las 23, el sargento ayudante Mendibe, los cabos primero Rolhaiser, Gim\u00e9nez y Bruno, y el agente L\u00f3pez, \u201ctodos empleados policiales cumpliendo funciones en la Polic\u00eda de La Pampa, ingresaron \u2013junto a otros funcionarios policiales uniformados y de civil, los que portaban armas de fuego\u2013, en forma violenta y con ejercicio de la fuerza, al interior de la Jefatura de Polic\u00eda (\u2026), haci\u00e9ndose del mando de la misma, lo que permiti\u00f3 el poder de disposici\u00f3n libre de sus instalaciones y de las dependencias que all\u00ed funcionaban; como as\u00ed tambi\u00e9n de la oficina del CECOM (contigua a Jefatura), donde funcionaba el 101 (llamados de emergencia)\u201d.<\/p>\n\n\n\n<figure class=\"wp-block-embed is-type-wp-embed is-provider-diario-textual wp-block-embed-diario-textual\"><div class=\"wp-block-embed__wrapper\">\n<blockquote class=\"wp-embedded-content\" data-secret=\"jlIrNs44BU\"><a href=\"https:\/\/diariotextual.com\/inicio\/index.php\/2021\/08\/05\/docentes-de-la-unlpam-apoyan-la-sindicalizacion-de-los-policias\/\">Docentes de la UNLPam apoyan la sindicalizaci\u00f3n de los polic\u00edas<\/a><\/blockquote><iframe class=\"wp-embedded-content\" sandbox=\"allow-scripts\" security=\"restricted\" style=\"position: absolute; clip: rect(1px, 1px, 1px, 1px);\" title=\"\u00abDocentes de la UNLPam apoyan la sindicalizaci\u00f3n de los polic\u00edas\u00bb \u2014 Diario Textual\" src=\"https:\/\/diariotextual.com\/inicio\/index.php\/2021\/08\/05\/docentes-de-la-unlpam-apoyan-la-sindicalizacion-de-los-policias\/embed\/#?secret=jlIrNs44BU\" data-secret=\"jlIrNs44BU\" width=\"600\" height=\"338\" frameborder=\"0\" marginwidth=\"0\" marginheight=\"0\" scrolling=\"no\"><\/iframe>\n<\/div><\/figure>\n\n\n\n<p>\u201cAll\u00ed\u00a0<strong>obligaron a los operadores a no atender los llamados, levantando el tel\u00e9fono y cortando, interrumpiendo de esta manera su normal funcionamiento<\/strong>\u00a0(\u2026) Adem\u00e1s\u00a0<strong>expulsaron, sac\u00e1ndolos por la fuerza, por medios violentos a los comisarios<\/strong>\u00a0Eloy Rodr\u00edguez y Francisco Icuza que, en esos momentos se encontraban a cargo de la Jefatura y del Cecom, respectivamente; situaci\u00f3n \u00e9sta que dur\u00f3 hasta el jueves 12 inclusive\u201d, agregaron en el fallo de primera instancia que fue convalidado en todas las instancias.<\/p>\n\n\n\n<p>\u201cEstos\u00a0<strong>hechos violentos<\/strong>\u00a0llevados a cabo y descriptos, tuvieron como \u00fanica finalidad exigirle al Poder Ejecutivo Provincial el cumplimiento inmediato de doce peticiones que por escrito le hab\u00edan hecho llegar el mismo d\u00eda 11 en horario nocturno, y al no recibir la respuesta en forma inmediata que pretend\u00edan, se sucedieron los hechos referidos. La situaci\u00f3n descripta finaliz\u00f3 en la noche del d\u00eda 12 al conceder el entonces gobernador un aumento salarial\u201d, expresaron en su momento los jueces.<\/p>\n\n\n\n<p><\/p>\n","protected":false},"excerpt":{"rendered":"<p>Los cinco polic\u00edas que organizaron la revuelta en diciembre de 2013, en La Pampa, fueron detenidos este viernes. Quedaron alojados en la comisar\u00eda de Lonquimay. Ayer qued\u00f3 firme las condenas&hellip;<\/p>\n","protected":false},"author":3,"featured_media":22190,"comment_status":"closed","ping_status":"open","sticky":false,"template":"","format":"standard","meta":{"_acf_changed":false,"footnotes":""},"categories":[10,8],"tags":[81],"class_list":["post-157076","post","type-post","status-publish","format-standard","has-post-thumbnail","hentry","category-portada-2","category-politica","tag-sedicion"],"acf":[],"yoast_head":"<!-- This site is optimized with the Yoast SEO plugin v27.5 - https:\/\/yoast.com\/product\/yoast-seo-wordpress\/ -->\n<title>Quedaron detenidos los cinco polic\u00edas condenados por sedici\u00f3n en La Pampa - Diario Textual<\/title>\n<meta name=\"robots\" content=\"index, follow, max-snippet:-1, max-image-preview:large, max-video-preview:-1\" \/>\n<link rel=\"canonical\" href=\"https:\/\/diariotextual.com\/inicio\/index.php\/2021\/08\/06\/quedaron-detenidos-los-cinco-policias-condenados-por-sedicion-en-la-pampa\/\" \/>\n<meta property=\"og:locale\" content=\"es_ES\" \/>\n<meta property=\"og:type\" content=\"article\" \/>\n<meta property=\"og:title\" content=\"Quedaron detenidos los cinco polic\u00edas condenados por sedici\u00f3n en La Pampa - Diario Textual\" \/>\n<meta property=\"og:description\" content=\"Los cinco polic\u00edas que organizaron la revuelta en diciembre de 2013, en La Pampa, fueron detenidos este viernes. Quedaron alojados en la comisar\u00eda de Lonquimay. Ayer qued\u00f3 firme las condenas&hellip;\" \/>\n<meta property=\"og:url\" content=\"https:\/\/diariotextual.com\/inicio\/index.php\/2021\/08\/06\/quedaron-detenidos-los-cinco-policias-condenados-por-sedicion-en-la-pampa\/\" \/>\n<meta property=\"og:site_name\" content=\"Diario Textual\" \/>\n<meta property=\"article:publisher\" content=\"https:\/\/www.facebook.com\/eltextual\" \/>\n<meta property=\"article:published_time\" content=\"2021-08-06T23:43:39+00:00\" \/>\n<meta property=\"article:modified_time\" content=\"2021-08-07T11:33:35+00:00\" \/>\n<meta property=\"og:image\" content=\"https:\/\/diariotextual.com\/inicio\/wp-content\/uploads\/2018\/10\/policiaacuarteladapampa2013-7888.jpg\" \/>\n\t<meta property=\"og:image:width\" content=\"574\" \/>\n\t<meta property=\"og:image:height\" content=\"400\" \/>\n\t<meta property=\"og:image:type\" content=\"image\/jpeg\" \/>\n<meta name=\"author\" content=\"Diario1 Diario1\" \/>\n<meta name=\"twitter:card\" content=\"summary_large_image\" \/>\n<meta name=\"twitter:creator\" content=\"@eltextual\" \/>\n<meta name=\"twitter:site\" content=\"@eltextual\" \/>\n<meta name=\"twitter:label1\" content=\"Escrito por\" \/>\n\t<meta name=\"twitter:data1\" content=\"Diario1 Diario1\" \/>\n\t<meta name=\"twitter:label2\" content=\"Tiempo de lectura\" \/>\n\t<meta name=\"twitter:data2\" content=\"3 minutos\" \/>\n<script type=\"application\/ld+json\" class=\"yoast-schema-graph\">{\"@context\":\"https:\\\/\\\/schema.org\",\"@graph\":[{\"@type\":\"Article\",\"@id\":\"https:\\\/\\\/diariotextual.com\\\/inicio\\\/index.php\\\/2021\\\/08\\\/06\\\/quedaron-detenidos-los-cinco-policias-condenados-por-sedicion-en-la-pampa\\\/#article\",\"isPartOf\":{\"@id\":\"https:\\\/\\\/diariotextual.com\\\/inicio\\\/index.php\\\/2021\\\/08\\\/06\\\/quedaron-detenidos-los-cinco-policias-condenados-por-sedicion-en-la-pampa\\\/\"},\"author\":{\"name\":\"Diario1 Diario1\",\"@id\":\"https:\\\/\\\/diariotextual.com\\\/inicio\\\/#\\\/schema\\\/person\\\/418fc4093c33e86ed41562db3508f958\"},\"headline\":\"Quedaron detenidos los cinco polic\u00edas condenados por sedici\u00f3n en La Pampa\",\"datePublished\":\"2021-08-06T23:43:39+00:00\",\"dateModified\":\"2021-08-07T11:33:35+00:00\",\"mainEntityOfPage\":{\"@id\":\"https:\\\/\\\/diariotextual.com\\\/inicio\\\/index.php\\\/2021\\\/08\\\/06\\\/quedaron-detenidos-los-cinco-policias-condenados-por-sedicion-en-la-pampa\\\/\"},\"wordCount\":515,\"publisher\":{\"@id\":\"https:\\\/\\\/diariotextual.com\\\/inicio\\\/#organization\"},\"image\":{\"@id\":\"https:\\\/\\\/diariotextual.com\\\/inicio\\\/index.php\\\/2021\\\/08\\\/06\\\/quedaron-detenidos-los-cinco-policias-condenados-por-sedicion-en-la-pampa\\\/#primaryimage\"},\"thumbnailUrl\":\"https:\\\/\\\/diariotextual.com\\\/inicio\\\/wp-content\\\/uploads\\\/2018\\\/10\\\/policiaacuarteladapampa2013-7888.jpg\",\"keywords\":[\"sedicion\"],\"articleSection\":[\"A - PORTADA2\",\"POLITICA\"],\"inLanguage\":\"es\"},{\"@type\":\"WebPage\",\"@id\":\"https:\\\/\\\/diariotextual.com\\\/inicio\\\/index.php\\\/2021\\\/08\\\/06\\\/quedaron-detenidos-los-cinco-policias-condenados-por-sedicion-en-la-pampa\\\/\",\"url\":\"https:\\\/\\\/diariotextual.com\\\/inicio\\\/index.php\\\/2021\\\/08\\\/06\\\/quedaron-detenidos-los-cinco-policias-condenados-por-sedicion-en-la-pampa\\\/\",\"name\":\"Quedaron detenidos los cinco polic\u00edas condenados por sedici\u00f3n en La Pampa - Diario Textual\",\"isPartOf\":{\"@id\":\"https:\\\/\\\/diariotextual.com\\\/inicio\\\/#website\"},\"primaryImageOfPage\":{\"@id\":\"https:\\\/\\\/diariotextual.com\\\/inicio\\\/index.php\\\/2021\\\/08\\\/06\\\/quedaron-detenidos-los-cinco-policias-condenados-por-sedicion-en-la-pampa\\\/#primaryimage\"},\"image\":{\"@id\":\"https:\\\/\\\/diariotextual.com\\\/inicio\\\/index.php\\\/2021\\\/08\\\/06\\\/quedaron-detenidos-los-cinco-policias-condenados-por-sedicion-en-la-pampa\\\/#primaryimage\"},\"thumbnailUrl\":\"https:\\\/\\\/diariotextual.com\\\/inicio\\\/wp-content\\\/uploads\\\/2018\\\/10\\\/policiaacuarteladapampa2013-7888.jpg\",\"datePublished\":\"2021-08-06T23:43:39+00:00\",\"dateModified\":\"2021-08-07T11:33:35+00:00\",\"breadcrumb\":{\"@id\":\"https:\\\/\\\/diariotextual.com\\\/inicio\\\/index.php\\\/2021\\\/08\\\/06\\\/quedaron-detenidos-los-cinco-policias-condenados-por-sedicion-en-la-pampa\\\/#breadcrumb\"},\"inLanguage\":\"es\",\"potentialAction\":[{\"@type\":\"ReadAction\",\"target\":[\"https:\\\/\\\/diariotextual.com\\\/inicio\\\/index.php\\\/2021\\\/08\\\/06\\\/quedaron-detenidos-los-cinco-policias-condenados-por-sedicion-en-la-pampa\\\/\"]}]},{\"@type\":\"ImageObject\",\"inLanguage\":\"es\",\"@id\":\"https:\\\/\\\/diariotextual.com\\\/inicio\\\/index.php\\\/2021\\\/08\\\/06\\\/quedaron-detenidos-los-cinco-policias-condenados-por-sedicion-en-la-pampa\\\/#primaryimage\",\"url\":\"https:\\\/\\\/diariotextual.com\\\/inicio\\\/wp-content\\\/uploads\\\/2018\\\/10\\\/policiaacuarteladapampa2013-7888.jpg\",\"contentUrl\":\"https:\\\/\\\/diariotextual.com\\\/inicio\\\/wp-content\\\/uploads\\\/2018\\\/10\\\/policiaacuarteladapampa2013-7888.jpg\",\"width\":574,\"height\":400},{\"@type\":\"BreadcrumbList\",\"@id\":\"https:\\\/\\\/diariotextual.com\\\/inicio\\\/index.php\\\/2021\\\/08\\\/06\\\/quedaron-detenidos-los-cinco-policias-condenados-por-sedicion-en-la-pampa\\\/#breadcrumb\",\"itemListElement\":[{\"@type\":\"ListItem\",\"position\":1,\"name\":\"Portada\",\"item\":\"https:\\\/\\\/diariotextual.com\\\/inicio\\\/\"},{\"@type\":\"ListItem\",\"position\":2,\"name\":\"Quedaron detenidos los cinco polic\u00edas condenados por sedici\u00f3n en La Pampa\"}]},{\"@type\":\"WebSite\",\"@id\":\"https:\\\/\\\/diariotextual.com\\\/inicio\\\/#website\",\"url\":\"https:\\\/\\\/diariotextual.com\\\/inicio\\\/\",\"name\":\"Diario Textual\",\"description\":\"\",\"publisher\":{\"@id\":\"https:\\\/\\\/diariotextual.com\\\/inicio\\\/#organization\"},\"potentialAction\":[{\"@type\":\"SearchAction\",\"target\":{\"@type\":\"EntryPoint\",\"urlTemplate\":\"https:\\\/\\\/diariotextual.com\\\/inicio\\\/?s={search_term_string}\"},\"query-input\":{\"@type\":\"PropertyValueSpecification\",\"valueRequired\":true,\"valueName\":\"search_term_string\"}}],\"inLanguage\":\"es\"},{\"@type\":\"Organization\",\"@id\":\"https:\\\/\\\/diariotextual.com\\\/inicio\\\/#organization\",\"name\":\"Diario Textual\",\"url\":\"https:\\\/\\\/diariotextual.com\\\/inicio\\\/\",\"logo\":{\"@type\":\"ImageObject\",\"inLanguage\":\"es\",\"@id\":\"https:\\\/\\\/diariotextual.com\\\/inicio\\\/#\\\/schema\\\/logo\\\/image\\\/\",\"url\":\"https:\\\/\\\/diariotextual.com\\\/inicio\\\/wp-content\\\/uploads\\\/2023\\\/05\\\/logotextual1.jpg\",\"contentUrl\":\"https:\\\/\\\/diariotextual.com\\\/inicio\\\/wp-content\\\/uploads\\\/2023\\\/05\\\/logotextual1.jpg\",\"width\":516,\"height\":76,\"caption\":\"Diario Textual\"},\"image\":{\"@id\":\"https:\\\/\\\/diariotextual.com\\\/inicio\\\/#\\\/schema\\\/logo\\\/image\\\/\"},\"sameAs\":[\"https:\\\/\\\/www.facebook.com\\\/eltextual\",\"https:\\\/\\\/x.com\\\/eltextual\",\"http:\\\/\\\/www.instagram.com\\\/eltextual\"]},{\"@type\":\"Person\",\"@id\":\"https:\\\/\\\/diariotextual.com\\\/inicio\\\/#\\\/schema\\\/person\\\/418fc4093c33e86ed41562db3508f958\",\"name\":\"Diario1 Diario1\",\"image\":{\"@type\":\"ImageObject\",\"inLanguage\":\"es\",\"@id\":\"https:\\\/\\\/secure.gravatar.com\\\/avatar\\\/9167d280179c85bc18be67aa7eda765854300033af4896dd779b608640f2ef7a?s=96&d=mm&r=g\",\"url\":\"https:\\\/\\\/secure.gravatar.com\\\/avatar\\\/9167d280179c85bc18be67aa7eda765854300033af4896dd779b608640f2ef7a?s=96&d=mm&r=g\",\"contentUrl\":\"https:\\\/\\\/secure.gravatar.com\\\/avatar\\\/9167d280179c85bc18be67aa7eda765854300033af4896dd779b608640f2ef7a?s=96&d=mm&r=g\",\"caption\":\"Diario1 Diario1\"},\"url\":\"https:\\\/\\\/diariotextual.com\\\/inicio\\\/index.php\\\/author\\\/diario1\\\/\"}]}<\/script>\n<!-- \/ Yoast SEO plugin. -->","yoast_head_json":{"title":"Quedaron detenidos los cinco polic\u00edas condenados por sedici\u00f3n en La Pampa - Diario Textual","robots":{"index":"index","follow":"follow","max-snippet":"max-snippet:-1","max-image-preview":"max-image-preview:large","max-video-preview":"max-video-preview:-1"},"canonical":"https:\/\/diariotextual.com\/inicio\/index.php\/2021\/08\/06\/quedaron-detenidos-los-cinco-policias-condenados-por-sedicion-en-la-pampa\/","og_locale":"es_ES","og_type":"article","og_title":"Quedaron detenidos los cinco polic\u00edas condenados por sedici\u00f3n en La Pampa - Diario Textual","og_description":"Los cinco polic\u00edas que organizaron la revuelta en diciembre de 2013, en La Pampa, fueron detenidos este viernes. Quedaron alojados en la comisar\u00eda de Lonquimay. Ayer qued\u00f3 firme las condenas&hellip;","og_url":"https:\/\/diariotextual.com\/inicio\/index.php\/2021\/08\/06\/quedaron-detenidos-los-cinco-policias-condenados-por-sedicion-en-la-pampa\/","og_site_name":"Diario Textual","article_publisher":"https:\/\/www.facebook.com\/eltextual","article_published_time":"2021-08-06T23:43:39+00:00","article_modified_time":"2021-08-07T11:33:35+00:00","og_image":[{"width":574,"height":400,"url":"https:\/\/diariotextual.com\/inicio\/wp-content\/uploads\/2018\/10\/policiaacuarteladapampa2013-7888.jpg","type":"image\/jpeg"}],"author":"Diario1 Diario1","twitter_card":"summary_large_image","twitter_creator":"@eltextual","twitter_site":"@eltextual","twitter_misc":{"Escrito por":"Diario1 Diario1","Tiempo de lectura":"3 minutos"},"schema":{"@context":"https:\/\/schema.org","@graph":[{"@type":"Article","@id":"https:\/\/diariotextual.com\/inicio\/index.php\/2021\/08\/06\/quedaron-detenidos-los-cinco-policias-condenados-por-sedicion-en-la-pampa\/#article","isPartOf":{"@id":"https:\/\/diariotextual.com\/inicio\/index.php\/2021\/08\/06\/quedaron-detenidos-los-cinco-policias-condenados-por-sedicion-en-la-pampa\/"},"author":{"name":"Diario1 Diario1","@id":"https:\/\/diariotextual.com\/inicio\/#\/schema\/person\/418fc4093c33e86ed41562db3508f958"},"headline":"Quedaron detenidos los cinco polic\u00edas condenados por sedici\u00f3n en La Pampa","datePublished":"2021-08-06T23:43:39+00:00","dateModified":"2021-08-07T11:33:35+00:00","mainEntityOfPage":{"@id":"https:\/\/diariotextual.com\/inicio\/index.php\/2021\/08\/06\/quedaron-detenidos-los-cinco-policias-condenados-por-sedicion-en-la-pampa\/"},"wordCount":515,"publisher":{"@id":"https:\/\/diariotextual.com\/inicio\/#organization"},"image":{"@id":"https:\/\/diariotextual.com\/inicio\/index.php\/2021\/08\/06\/quedaron-detenidos-los-cinco-policias-condenados-por-sedicion-en-la-pampa\/#primaryimage"},"thumbnailUrl":"https:\/\/diariotextual.com\/inicio\/wp-content\/uploads\/2018\/10\/policiaacuarteladapampa2013-7888.jpg","keywords":["sedicion"],"articleSection":["A - PORTADA2","POLITICA"],"inLanguage":"es"},{"@type":"WebPage","@id":"https:\/\/diariotextual.com\/inicio\/index.php\/2021\/08\/06\/quedaron-detenidos-los-cinco-policias-condenados-por-sedicion-en-la-pampa\/","url":"https:\/\/diariotextual.com\/inicio\/index.php\/2021\/08\/06\/quedaron-detenidos-los-cinco-policias-condenados-por-sedicion-en-la-pampa\/","name":"Quedaron detenidos los cinco polic\u00edas condenados por sedici\u00f3n en La Pampa - Diario Textual","isPartOf":{"@id":"https:\/\/diariotextual.com\/inicio\/#website"},"primaryImageOfPage":{"@id":"https:\/\/diariotextual.com\/inicio\/index.php\/2021\/08\/06\/quedaron-detenidos-los-cinco-policias-condenados-por-sedicion-en-la-pampa\/#primaryimage"},"image":{"@id":"https:\/\/diariotextual.com\/inicio\/index.php\/2021\/08\/06\/quedaron-detenidos-los-cinco-policias-condenados-por-sedicion-en-la-pampa\/#primaryimage"},"thumbnailUrl":"https:\/\/diariotextual.com\/inicio\/wp-content\/uploads\/2018\/10\/policiaacuarteladapampa2013-7888.jpg","datePublished":"2021-08-06T23:43:39+00:00","dateModified":"2021-08-07T11:33:35+00:00","breadcrumb":{"@id":"https:\/\/diariotextual.com\/inicio\/index.php\/2021\/08\/06\/quedaron-detenidos-los-cinco-policias-condenados-por-sedicion-en-la-pampa\/#breadcrumb"},"inLanguage":"es","potentialAction":[{"@type":"ReadAction","target":["https:\/\/diariotextual.com\/inicio\/index.php\/2021\/08\/06\/quedaron-detenidos-los-cinco-policias-condenados-por-sedicion-en-la-pampa\/"]}]},{"@type":"ImageObject","inLanguage":"es","@id":"https:\/\/diariotextual.com\/inicio\/index.php\/2021\/08\/06\/quedaron-detenidos-los-cinco-policias-condenados-por-sedicion-en-la-pampa\/#primaryimage","url":"https:\/\/diariotextual.com\/inicio\/wp-content\/uploads\/2018\/10\/policiaacuarteladapampa2013-7888.jpg","contentUrl":"https:\/\/diariotextual.com\/inicio\/wp-content\/uploads\/2018\/10\/policiaacuarteladapampa2013-7888.jpg","width":574,"height":400},{"@type":"BreadcrumbList","@id":"https:\/\/diariotextual.com\/inicio\/index.php\/2021\/08\/06\/quedaron-detenidos-los-cinco-policias-condenados-por-sedicion-en-la-pampa\/#breadcrumb","itemListElement":[{"@type":"ListItem","position":1,"name":"Portada","item":"https:\/\/diariotextual.com\/inicio\/"},{"@type":"ListItem","position":2,"name":"Quedaron detenidos los cinco polic\u00edas condenados por sedici\u00f3n en La Pampa"}]},{"@type":"WebSite","@id":"https:\/\/diariotextual.com\/inicio\/#website","url":"https:\/\/diariotextual.com\/inicio\/","name":"Diario Textual","description":"","publisher":{"@id":"https:\/\/diariotextual.com\/inicio\/#organization"},"potentialAction":[{"@type":"SearchAction","target":{"@type":"EntryPoint","urlTemplate":"https:\/\/diariotextual.com\/inicio\/?s={search_term_string}"},"query-input":{"@type":"PropertyValueSpecification","valueRequired":true,"valueName":"search_term_string"}}],"inLanguage":"es"},{"@type":"Organization","@id":"https:\/\/diariotextual.com\/inicio\/#organization","name":"Diario Textual","url":"https:\/\/diariotextual.com\/inicio\/","logo":{"@type":"ImageObject","inLanguage":"es","@id":"https:\/\/diariotextual.com\/inicio\/#\/schema\/logo\/image\/","url":"https:\/\/diariotextual.com\/inicio\/wp-content\/uploads\/2023\/05\/logotextual1.jpg","contentUrl":"https:\/\/diariotextual.com\/inicio\/wp-content\/uploads\/2023\/05\/logotextual1.jpg","width":516,"height":76,"caption":"Diario Textual"},"image":{"@id":"https:\/\/diariotextual.com\/inicio\/#\/schema\/logo\/image\/"},"sameAs":["https:\/\/www.facebook.com\/eltextual","https:\/\/x.com\/eltextual","http:\/\/www.instagram.com\/eltextual"]},{"@type":"Person","@id":"https:\/\/diariotextual.com\/inicio\/#\/schema\/person\/418fc4093c33e86ed41562db3508f958","name":"Diario1 Diario1","image":{"@type":"ImageObject","inLanguage":"es","@id":"https:\/\/secure.gravatar.com\/avatar\/9167d280179c85bc18be67aa7eda765854300033af4896dd779b608640f2ef7a?s=96&d=mm&r=g","url":"https:\/\/secure.gravatar.com\/avatar\/9167d280179c85bc18be67aa7eda765854300033af4896dd779b608640f2ef7a?s=96&d=mm&r=g","contentUrl":"https:\/\/secure.gravatar.com\/avatar\/9167d280179c85bc18be67aa7eda765854300033af4896dd779b608640f2ef7a?s=96&d=mm&r=g","caption":"Diario1 Diario1"},"url":"https:\/\/diariotextual.com\/inicio\/index.php\/author\/diario1\/"}]}},"_links":{"self":[{"href":"https:\/\/diariotextual.com\/inicio\/index.php\/wp-json\/wp\/v2\/posts\/157076","targetHints":{"allow":["GET"]}}],"collection":[{"href":"https:\/\/diariotextual.com\/inicio\/index.php\/wp-json\/wp\/v2\/posts"}],"about":[{"href":"https:\/\/diariotextual.com\/inicio\/index.php\/wp-json\/wp\/v2\/types\/post"}],"author":[{"embeddable":true,"href":"https:\/\/diariotextual.com\/inicio\/index.php\/wp-json\/wp\/v2\/users\/3"}],"replies":[{"embeddable":true,"href":"https:\/\/diariotextual.com\/inicio\/index.php\/wp-json\/wp\/v2\/comments?post=157076"}],"version-history":[{"count":11,"href":"https:\/\/diariotextual.com\/inicio\/index.php\/wp-json\/wp\/v2\/posts\/157076\/revisions"}],"predecessor-version":[{"id":157091,"href":"https:\/\/diariotextual.com\/inicio\/index.php\/wp-json\/wp\/v2\/posts\/157076\/revisions\/157091"}],"wp:featuredmedia":[{"embeddable":true,"href":"https:\/\/diariotextual.com\/inicio\/index.php\/wp-json\/wp\/v2\/media\/22190"}],"wp:attachment":[{"href":"https:\/\/diariotextual.com\/inicio\/index.php\/wp-json\/wp\/v2\/media?parent=157076"}],"wp:term":[{"taxonomy":"category","embeddable":true,"href":"https:\/\/diariotextual.com\/inicio\/index.php\/wp-json\/wp\/v2\/categories?post=157076"},{"taxonomy":"post_tag","embeddable":true,"href":"https:\/\/diariotextual.com\/inicio\/index.php\/wp-json\/wp\/v2\/tags?post=157076"}],"curies":[{"name":"wp","href":"https:\/\/api.w.org\/{rel}","templated":true}]}}