{"id":157104,"date":"2021-08-07T08:12:23","date_gmt":"2021-08-07T11:12:23","guid":{"rendered":"https:\/\/diariotextual.com\/inicio\/?p=157104"},"modified":"2021-08-07T11:53:30","modified_gmt":"2021-08-07T14:53:30","slug":"una-por-una-cuales-son-las-aperturas-que-rigen-desde-hoy","status":"publish","type":"post","link":"https:\/\/diariotextual.com\/inicio\/index.php\/2021\/08\/07\/una-por-una-cuales-son-las-aperturas-que-rigen-desde-hoy\/","title":{"rendered":"Una por una: cu\u00e1les son las aperturas que rigen desde hoy"},"content":{"rendered":"\n<p>El Gobierno nacional public\u00f3 a la medianoche se public\u00f3 el <strong>Decreto de Necesidad y Urgencia (DNU) <\/strong>en el Bolet\u00edn Oficial, con <strong>el detalle de las modificaciones para la siguiente fase de la cuarentena por la pandemia del coronavirus<\/strong>, que regir\u00e1n hasta el 6 de septiembre.<\/p>\n\n\n\n<p>Ayer, el anuncio lo hab\u00eda realizado el presidente Alberto Fern\u00e1ndez, el jefe de Gabinete, Santiago Cafiero, y la ministra de Salud, Carla Vizzotti.<\/p>\n\n\n\n<p>Tal como sostuvo la titular de Salud, los par\u00e1metros para definir situaciones de alarma epidemiol\u00f3gica y sanitaria en aglomerados urbanos de m\u00e1s de 300.000 habitantes ser\u00e1n:<\/p>\n\n\n\n<ul class=\"wp-block-list\"><li>Una ocupaci\u00f3n de camas totales de terapia intensiva superior al 80%.<\/li><li>Una variaci\u00f3n porcentual del n\u00famero de pacientes internados en UTI por Covid-19 de los \u00faltimos siete d\u00edas, respecto de los siete d\u00edas anteriores, superior al 20%.<\/li><\/ul>\n\n\n\n<p><\/p>\n\n\n\n<p>Adem\u00e1s,&nbsp;<strong>contin\u00faan en vigencia las medidas de cuidado individual como la distancia m\u00ednima de dos metros entre personas, el uso de tapabocas, la ventilaci\u00f3n de los ambientes en forma adecuada y constante y la higiene frecuente de las manos.<\/strong><\/p>\n\n\n\n<p>Por otro lado, las actividades permitidas en todo el territorio nacional ser\u00e1n las siguientes:<\/p>\n\n\n\n<h3 class=\"wp-block-heading\">En espacios cerrados:<\/h3>\n\n\n\n<ul class=\"wp-block-list\"><li>La pr\u00e1ctica de deportes, eventos sociales, culturales, recreativos y religiosos; y las actividades realizadas en cines, teatros, clubes, locales gastron\u00f3micos, centros culturales, gimnasios, casinos y bingos, con un aforo del 70 por ciento.<\/li><li>La asistencia a centros de d\u00eda y clubes de adultos mayores con un aforo del 70 por ciento cuyos asistentes cuenten con el esquema completo de vacunaci\u00f3n contra la Covid-19, y hayan transcurrido 14 d\u00edas desde entonces.<\/li><li>Las reuniones sociales en domicilios particulares de hasta 20 personas.<\/li><\/ul>\n\n\n\n<h3 class=\"wp-block-heading\">En espacios abiertos:<\/h3>\n\n\n\n<ul class=\"wp-block-list\"><li>La realizaci\u00f3n de excursiones y actividades tur\u00edsticas de acuerdo a los protocolos y normativa vigente que se efect\u00faen exclusivamente en transportes que permitan mantener ventilaci\u00f3n exterior adecuada de manera constante y cruzada.<\/li><li>Las reuniones y actividades en espacios p\u00fablicos de hasta 100 personas.<\/li><li>La autoridad jurisdiccional podr\u00e1 disminuir el aforo establecido seg\u00fan los par\u00e1metros epidemiol\u00f3gicos y sanitarios.<\/li><\/ul>\n\n\n\n<p>En el caso de los viajes grupales, las jurisdicciones podr\u00e1n autorizar la realizaci\u00f3n en grupos de hasta 10 personas para actividades recreativas, sociales y comerciales, en tanto tengan como origen y destino aglomerados que no sean considerados en Situaci\u00f3n de Alarma Epidemiol\u00f3gica y Sanitaria; que se realicen en base a los protocolos; que no incluyan pasajeros que hayan estado en el exterior durante los \u00faltimos 14 d\u00edas o sean convivientes de quien revista tal condici\u00f3n; no hayan sido contacto estrecho de un caso confirmado de Covid-19 durante los 14 d\u00edas previos al viaje, ni hayan tenido un diagn\u00f3stico positivo de Covid-19 en el mismo per\u00edodo.<\/p>\n\n\n\n<p><\/p>\n\n\n\n<h3 class=\"wp-block-heading\">Clases presenciales<\/h3>\n\n\n\n<p>Se mantendr\u00e1n las clases presenciales y las actividades educativas no escolares presenciales en todo el pa\u00eds, dando efectivo cumplimiento a los par\u00e1metros de evaluaci\u00f3n, estratificaci\u00f3n y determinaci\u00f3n del nivel de riesgo epidemiol\u00f3gico y condiciones establecidas en las Resoluciones: 364 del 2 de julio de 2020, 370 del 8 de octubre de 2020, 386 y 387 ambas del 13 de febrero de 2021 del Consejo Federal de Educaci\u00f3n, sus complementarias y modificatorias.<\/p>\n\n\n\n<h3 class=\"wp-block-heading\">Quedan permitidas en todo el pa\u00eds las siguientes actividades:<\/h3>\n\n\n\n<ul class=\"wp-block-list\"><li>Eventos masivos, entendidos como todo acto, reuni\u00f3n o acontecimiento de car\u00e1cter eventual, cuyo objeto sea art\u00edstico, musical, festivo o deportivo, capaz de producir una concentraci\u00f3n de hasta 1000 asistentes.<\/li><li>Reuniones sociales en domicilios particulares de hasta 10 personas si se realizan en espacios interiores y de hasta 20 personas si se realizan al aire de libre.<\/li><li>Actividades y reuniones sociales en espacios p\u00fablicos al aire libre de hasta 100 personas.<\/li><li>Los gobernadores y el jefe de Gobierno de la Ciudad Aut\u00f3noma de Buenos Aires, en atenci\u00f3n a las condiciones epidemiol\u00f3gicas y sanitarias, podr\u00e1n disponer restricciones temporarias y focalizadas adicionales en los lugares bajo su jurisdicci\u00f3n.<\/li><\/ul>\n\n\n\n<h3 class=\"wp-block-heading\">En tanto, siguen prohibidas:<\/h3>\n\n\n\n<ul class=\"wp-block-list\"><li>Viajes grupales de egresados jubilados y jubiladas y grupales de estudiantes o similares.<\/li><li>Actividades en discotecas, salones de fiestas, bailes, o actividades similares.<\/li><\/ul>\n\n\n\n<h3 class=\"wp-block-heading\">Actividades que se suspenden en aglomerados urbanos en situaci\u00f3n de alarma epidemiol\u00f3gica y sanitaria por el t\u00e9rmino de nueve d\u00edas:<\/h3>\n\n\n\n<ul class=\"wp-block-list\"><li>La circulaci\u00f3n nocturna de las personas, entre las 20 y hasta las 6 del d\u00eda siguiente.<\/li><li>Eventos masivos (art\u00edsticos, musicales, festivos o deportivos).<\/li><li>Las actividades econ\u00f3micas, industriales, comerciales y de servicios en lugares cerrados con 50 por ciento de aforo.<\/li><li>Las actividades recreativas, culturales, religiosas y deportivas con 30 por ciento de aforo.<\/li><\/ul>\n\n\n\n<h3 class=\"wp-block-heading\">Medidas de fronteras:<\/h3>\n\n\n\n<ul class=\"wp-block-list\"><li>Se estableci\u00f3 el cupo semanal de 11.900 plazas para argentinos y argentinas y residentes hasta el 6 de septiembre y, en adelante, un cupo semanal de 16.100 plazas si se habilitan nuevos corredores seguros.<\/li><li>Dentro de las plazas mencionadas, 700 pasajeros podr\u00e1n ser priorizados por el Estado Nacional por razones de urgencia o para atender cuestiones esenciales impostergables o de representaci\u00f3n oficial o diplom\u00e1tica, a los efectos de facilitar su viaje al pa\u00eds.<\/li><li>Sigue prohibido el ingreso de extranjeros.<\/li><li>Se eliminan las restricciones de vuelos directos por pa\u00edses con la posibilidad de habilitar vuelos especiales para facilitar el ingreso de argentinos desde esos pa\u00edses (Brasil, Chile, Reino Unido, etc.)<\/li><li>Los gobernadores y gobernadoras podr\u00e1n solicitar la apertura de nuevos corredores seguros (terrestres y\/o a\u00e9reos) siempre que cuenten con protocolo aprobado por la autoridad sanitaria provincial, previendo en su caso los mecanismos de testeo, aislamiento y traslado de las muestras respectivas para la secuenciaci\u00f3n gen\u00f3mica que deber\u00e1 dem\u00e1s estar aprobado por el Ministerio de Salud de la Naci\u00f3n.<\/li><li>Sigue prohibido el ingreso por frontera terrestre.<\/li><li>Dentro de los nuevos corredores seguros a implementar a partir del 6 de septiembre del 2021, y seg\u00fan la situaci\u00f3n de cobertura de vacunaci\u00f3n, sanitaria y epidemiol\u00f3gica en origen y en destino, desde el 6 de septiembre los gobernadores podr\u00e1n proponer la implementaci\u00f3n de una experiencia piloto de ingreso de extranjeros provenientes de Chile y la Rep\u00fablica Oriental del Uruguay solo con esquemas completos de vacunaci\u00f3n y cuarentena obligatoria.<\/li><\/ul>\n\n\n\n<p><\/p>\n","protected":false},"excerpt":{"rendered":"<p>El Gobierno nacional public\u00f3 a la medianoche se public\u00f3 el Decreto de Necesidad y Urgencia (DNU) en el Bolet\u00edn Oficial, con el detalle de las modificaciones para la siguiente fase&hellip;<\/p>\n","protected":false},"author":3,"featured_media":108836,"comment_status":"closed","ping_status":"open","sticky":false,"template":"","format":"standard","meta":{"_acf_changed":false,"footnotes":""},"categories":[10,12],"tags":[2899],"class_list":["post-157104","post","type-post","status-publish","format-standard","has-post-thumbnail","hentry","category-portada-2","category-sociedad","tag-covid"],"acf":[],"yoast_head":"<!-- This site is optimized with the Yoast SEO plugin v27.5 - https:\/\/yoast.com\/product\/yoast-seo-wordpress\/ -->\n<title>Una por una: cu\u00e1les son las aperturas que rigen desde hoy - Diario Textual<\/title>\n<meta name=\"robots\" content=\"index, follow, max-snippet:-1, max-image-preview:large, max-video-preview:-1\" \/>\n<link rel=\"canonical\" href=\"https:\/\/diariotextual.com\/inicio\/index.php\/2021\/08\/07\/una-por-una-cuales-son-las-aperturas-que-rigen-desde-hoy\/\" \/>\n<meta property=\"og:locale\" content=\"es_ES\" \/>\n<meta property=\"og:type\" content=\"article\" \/>\n<meta property=\"og:title\" content=\"Una por una: cu\u00e1les son las aperturas que rigen desde hoy - Diario Textual\" \/>\n<meta property=\"og:description\" content=\"El Gobierno nacional public\u00f3 a la medianoche se public\u00f3 el Decreto de Necesidad y Urgencia (DNU) en el Bolet\u00edn Oficial, con el detalle de las modificaciones para la siguiente fase&hellip;\" \/>\n<meta property=\"og:url\" content=\"https:\/\/diariotextual.com\/inicio\/index.php\/2021\/08\/07\/una-por-una-cuales-son-las-aperturas-que-rigen-desde-hoy\/\" \/>\n<meta property=\"og:site_name\" content=\"Diario Textual\" \/>\n<meta property=\"article:publisher\" content=\"https:\/\/www.facebook.com\/eltextual\" \/>\n<meta property=\"article:published_time\" content=\"2021-08-07T11:12:23+00:00\" \/>\n<meta property=\"article:modified_time\" content=\"2021-08-07T14:53:30+00:00\" \/>\n<meta property=\"og:image\" content=\"https:\/\/diariotextual.com\/inicio\/wp-content\/uploads\/2020\/08\/cuarentenacoronavirusparquedontomas2020-1.jpg\" \/>\n\t<meta property=\"og:image:width\" content=\"1280\" \/>\n\t<meta property=\"og:image:height\" content=\"720\" \/>\n\t<meta property=\"og:image:type\" content=\"image\/jpeg\" \/>\n<meta name=\"author\" content=\"Diario1 Diario1\" \/>\n<meta name=\"twitter:card\" content=\"summary_large_image\" \/>\n<meta name=\"twitter:creator\" content=\"@eltextual\" \/>\n<meta name=\"twitter:site\" content=\"@eltextual\" \/>\n<meta name=\"twitter:label1\" content=\"Escrito por\" \/>\n\t<meta name=\"twitter:data1\" content=\"Diario1 Diario1\" \/>\n\t<meta name=\"twitter:label2\" content=\"Tiempo de lectura\" \/>\n\t<meta name=\"twitter:data2\" content=\"5 minutos\" \/>\n<script type=\"application\/ld+json\" class=\"yoast-schema-graph\">{\"@context\":\"https:\\\/\\\/schema.org\",\"@graph\":[{\"@type\":\"Article\",\"@id\":\"https:\\\/\\\/diariotextual.com\\\/inicio\\\/index.php\\\/2021\\\/08\\\/07\\\/una-por-una-cuales-son-las-aperturas-que-rigen-desde-hoy\\\/#article\",\"isPartOf\":{\"@id\":\"https:\\\/\\\/diariotextual.com\\\/inicio\\\/index.php\\\/2021\\\/08\\\/07\\\/una-por-una-cuales-son-las-aperturas-que-rigen-desde-hoy\\\/\"},\"author\":{\"name\":\"Diario1 Diario1\",\"@id\":\"https:\\\/\\\/diariotextual.com\\\/inicio\\\/#\\\/schema\\\/person\\\/418fc4093c33e86ed41562db3508f958\"},\"headline\":\"Una por una: cu\u00e1les son las aperturas que rigen desde hoy\",\"datePublished\":\"2021-08-07T11:12:23+00:00\",\"dateModified\":\"2021-08-07T14:53:30+00:00\",\"mainEntityOfPage\":{\"@id\":\"https:\\\/\\\/diariotextual.com\\\/inicio\\\/index.php\\\/2021\\\/08\\\/07\\\/una-por-una-cuales-son-las-aperturas-que-rigen-desde-hoy\\\/\"},\"wordCount\":1029,\"publisher\":{\"@id\":\"https:\\\/\\\/diariotextual.com\\\/inicio\\\/#organization\"},\"image\":{\"@id\":\"https:\\\/\\\/diariotextual.com\\\/inicio\\\/index.php\\\/2021\\\/08\\\/07\\\/una-por-una-cuales-son-las-aperturas-que-rigen-desde-hoy\\\/#primaryimage\"},\"thumbnailUrl\":\"https:\\\/\\\/diariotextual.com\\\/inicio\\\/wp-content\\\/uploads\\\/2020\\\/08\\\/cuarentenacoronavirusparquedontomas2020-1.jpg\",\"keywords\":[\"covid\"],\"articleSection\":[\"A - PORTADA2\",\"SOCIEDAD\"],\"inLanguage\":\"es\"},{\"@type\":\"WebPage\",\"@id\":\"https:\\\/\\\/diariotextual.com\\\/inicio\\\/index.php\\\/2021\\\/08\\\/07\\\/una-por-una-cuales-son-las-aperturas-que-rigen-desde-hoy\\\/\",\"url\":\"https:\\\/\\\/diariotextual.com\\\/inicio\\\/index.php\\\/2021\\\/08\\\/07\\\/una-por-una-cuales-son-las-aperturas-que-rigen-desde-hoy\\\/\",\"name\":\"Una por una: cu\u00e1les son las aperturas que rigen desde hoy - Diario Textual\",\"isPartOf\":{\"@id\":\"https:\\\/\\\/diariotextual.com\\\/inicio\\\/#website\"},\"primaryImageOfPage\":{\"@id\":\"https:\\\/\\\/diariotextual.com\\\/inicio\\\/index.php\\\/2021\\\/08\\\/07\\\/una-por-una-cuales-son-las-aperturas-que-rigen-desde-hoy\\\/#primaryimage\"},\"image\":{\"@id\":\"https:\\\/\\\/diariotextual.com\\\/inicio\\\/index.php\\\/2021\\\/08\\\/07\\\/una-por-una-cuales-son-las-aperturas-que-rigen-desde-hoy\\\/#primaryimage\"},\"thumbnailUrl\":\"https:\\\/\\\/diariotextual.com\\\/inicio\\\/wp-content\\\/uploads\\\/2020\\\/08\\\/cuarentenacoronavirusparquedontomas2020-1.jpg\",\"datePublished\":\"2021-08-07T11:12:23+00:00\",\"dateModified\":\"2021-08-07T14:53:30+00:00\",\"breadcrumb\":{\"@id\":\"https:\\\/\\\/diariotextual.com\\\/inicio\\\/index.php\\\/2021\\\/08\\\/07\\\/una-por-una-cuales-son-las-aperturas-que-rigen-desde-hoy\\\/#breadcrumb\"},\"inLanguage\":\"es\",\"potentialAction\":[{\"@type\":\"ReadAction\",\"target\":[\"https:\\\/\\\/diariotextual.com\\\/inicio\\\/index.php\\\/2021\\\/08\\\/07\\\/una-por-una-cuales-son-las-aperturas-que-rigen-desde-hoy\\\/\"]}]},{\"@type\":\"ImageObject\",\"inLanguage\":\"es\",\"@id\":\"https:\\\/\\\/diariotextual.com\\\/inicio\\\/index.php\\\/2021\\\/08\\\/07\\\/una-por-una-cuales-son-las-aperturas-que-rigen-desde-hoy\\\/#primaryimage\",\"url\":\"https:\\\/\\\/diariotextual.com\\\/inicio\\\/wp-content\\\/uploads\\\/2020\\\/08\\\/cuarentenacoronavirusparquedontomas2020-1.jpg\",\"contentUrl\":\"https:\\\/\\\/diariotextual.com\\\/inicio\\\/wp-content\\\/uploads\\\/2020\\\/08\\\/cuarentenacoronavirusparquedontomas2020-1.jpg\",\"width\":1280,\"height\":720},{\"@type\":\"BreadcrumbList\",\"@id\":\"https:\\\/\\\/diariotextual.com\\\/inicio\\\/index.php\\\/2021\\\/08\\\/07\\\/una-por-una-cuales-son-las-aperturas-que-rigen-desde-hoy\\\/#breadcrumb\",\"itemListElement\":[{\"@type\":\"ListItem\",\"position\":1,\"name\":\"Portada\",\"item\":\"https:\\\/\\\/diariotextual.com\\\/inicio\\\/\"},{\"@type\":\"ListItem\",\"position\":2,\"name\":\"Una por una: cu\u00e1les son las aperturas que rigen desde hoy\"}]},{\"@type\":\"WebSite\",\"@id\":\"https:\\\/\\\/diariotextual.com\\\/inicio\\\/#website\",\"url\":\"https:\\\/\\\/diariotextual.com\\\/inicio\\\/\",\"name\":\"Diario Textual\",\"description\":\"\",\"publisher\":{\"@id\":\"https:\\\/\\\/diariotextual.com\\\/inicio\\\/#organization\"},\"potentialAction\":[{\"@type\":\"SearchAction\",\"target\":{\"@type\":\"EntryPoint\",\"urlTemplate\":\"https:\\\/\\\/diariotextual.com\\\/inicio\\\/?s={search_term_string}\"},\"query-input\":{\"@type\":\"PropertyValueSpecification\",\"valueRequired\":true,\"valueName\":\"search_term_string\"}}],\"inLanguage\":\"es\"},{\"@type\":\"Organization\",\"@id\":\"https:\\\/\\\/diariotextual.com\\\/inicio\\\/#organization\",\"name\":\"Diario Textual\",\"url\":\"https:\\\/\\\/diariotextual.com\\\/inicio\\\/\",\"logo\":{\"@type\":\"ImageObject\",\"inLanguage\":\"es\",\"@id\":\"https:\\\/\\\/diariotextual.com\\\/inicio\\\/#\\\/schema\\\/logo\\\/image\\\/\",\"url\":\"https:\\\/\\\/diariotextual.com\\\/inicio\\\/wp-content\\\/uploads\\\/2023\\\/05\\\/logotextual1.jpg\",\"contentUrl\":\"https:\\\/\\\/diariotextual.com\\\/inicio\\\/wp-content\\\/uploads\\\/2023\\\/05\\\/logotextual1.jpg\",\"width\":516,\"height\":76,\"caption\":\"Diario Textual\"},\"image\":{\"@id\":\"https:\\\/\\\/diariotextual.com\\\/inicio\\\/#\\\/schema\\\/logo\\\/image\\\/\"},\"sameAs\":[\"https:\\\/\\\/www.facebook.com\\\/eltextual\",\"https:\\\/\\\/x.com\\\/eltextual\",\"http:\\\/\\\/www.instagram.com\\\/eltextual\"]},{\"@type\":\"Person\",\"@id\":\"https:\\\/\\\/diariotextual.com\\\/inicio\\\/#\\\/schema\\\/person\\\/418fc4093c33e86ed41562db3508f958\",\"name\":\"Diario1 Diario1\",\"image\":{\"@type\":\"ImageObject\",\"inLanguage\":\"es\",\"@id\":\"https:\\\/\\\/secure.gravatar.com\\\/avatar\\\/9167d280179c85bc18be67aa7eda765854300033af4896dd779b608640f2ef7a?s=96&d=mm&r=g\",\"url\":\"https:\\\/\\\/secure.gravatar.com\\\/avatar\\\/9167d280179c85bc18be67aa7eda765854300033af4896dd779b608640f2ef7a?s=96&d=mm&r=g\",\"contentUrl\":\"https:\\\/\\\/secure.gravatar.com\\\/avatar\\\/9167d280179c85bc18be67aa7eda765854300033af4896dd779b608640f2ef7a?s=96&d=mm&r=g\",\"caption\":\"Diario1 Diario1\"},\"url\":\"https:\\\/\\\/diariotextual.com\\\/inicio\\\/index.php\\\/author\\\/diario1\\\/\"}]}<\/script>\n<!-- \/ Yoast SEO plugin. -->","yoast_head_json":{"title":"Una por una: cu\u00e1les son las aperturas que rigen desde hoy - Diario Textual","robots":{"index":"index","follow":"follow","max-snippet":"max-snippet:-1","max-image-preview":"max-image-preview:large","max-video-preview":"max-video-preview:-1"},"canonical":"https:\/\/diariotextual.com\/inicio\/index.php\/2021\/08\/07\/una-por-una-cuales-son-las-aperturas-que-rigen-desde-hoy\/","og_locale":"es_ES","og_type":"article","og_title":"Una por una: cu\u00e1les son las aperturas que rigen desde hoy - Diario Textual","og_description":"El Gobierno nacional public\u00f3 a la medianoche se public\u00f3 el Decreto de Necesidad y Urgencia (DNU) en el Bolet\u00edn Oficial, con el detalle de las modificaciones para la siguiente fase&hellip;","og_url":"https:\/\/diariotextual.com\/inicio\/index.php\/2021\/08\/07\/una-por-una-cuales-son-las-aperturas-que-rigen-desde-hoy\/","og_site_name":"Diario Textual","article_publisher":"https:\/\/www.facebook.com\/eltextual","article_published_time":"2021-08-07T11:12:23+00:00","article_modified_time":"2021-08-07T14:53:30+00:00","og_image":[{"width":1280,"height":720,"url":"https:\/\/diariotextual.com\/inicio\/wp-content\/uploads\/2020\/08\/cuarentenacoronavirusparquedontomas2020-1.jpg","type":"image\/jpeg"}],"author":"Diario1 Diario1","twitter_card":"summary_large_image","twitter_creator":"@eltextual","twitter_site":"@eltextual","twitter_misc":{"Escrito por":"Diario1 Diario1","Tiempo de lectura":"5 minutos"},"schema":{"@context":"https:\/\/schema.org","@graph":[{"@type":"Article","@id":"https:\/\/diariotextual.com\/inicio\/index.php\/2021\/08\/07\/una-por-una-cuales-son-las-aperturas-que-rigen-desde-hoy\/#article","isPartOf":{"@id":"https:\/\/diariotextual.com\/inicio\/index.php\/2021\/08\/07\/una-por-una-cuales-son-las-aperturas-que-rigen-desde-hoy\/"},"author":{"name":"Diario1 Diario1","@id":"https:\/\/diariotextual.com\/inicio\/#\/schema\/person\/418fc4093c33e86ed41562db3508f958"},"headline":"Una por una: cu\u00e1les son las aperturas que rigen desde hoy","datePublished":"2021-08-07T11:12:23+00:00","dateModified":"2021-08-07T14:53:30+00:00","mainEntityOfPage":{"@id":"https:\/\/diariotextual.com\/inicio\/index.php\/2021\/08\/07\/una-por-una-cuales-son-las-aperturas-que-rigen-desde-hoy\/"},"wordCount":1029,"publisher":{"@id":"https:\/\/diariotextual.com\/inicio\/#organization"},"image":{"@id":"https:\/\/diariotextual.com\/inicio\/index.php\/2021\/08\/07\/una-por-una-cuales-son-las-aperturas-que-rigen-desde-hoy\/#primaryimage"},"thumbnailUrl":"https:\/\/diariotextual.com\/inicio\/wp-content\/uploads\/2020\/08\/cuarentenacoronavirusparquedontomas2020-1.jpg","keywords":["covid"],"articleSection":["A - PORTADA2","SOCIEDAD"],"inLanguage":"es"},{"@type":"WebPage","@id":"https:\/\/diariotextual.com\/inicio\/index.php\/2021\/08\/07\/una-por-una-cuales-son-las-aperturas-que-rigen-desde-hoy\/","url":"https:\/\/diariotextual.com\/inicio\/index.php\/2021\/08\/07\/una-por-una-cuales-son-las-aperturas-que-rigen-desde-hoy\/","name":"Una por una: cu\u00e1les son las aperturas que rigen desde hoy - Diario Textual","isPartOf":{"@id":"https:\/\/diariotextual.com\/inicio\/#website"},"primaryImageOfPage":{"@id":"https:\/\/diariotextual.com\/inicio\/index.php\/2021\/08\/07\/una-por-una-cuales-son-las-aperturas-que-rigen-desde-hoy\/#primaryimage"},"image":{"@id":"https:\/\/diariotextual.com\/inicio\/index.php\/2021\/08\/07\/una-por-una-cuales-son-las-aperturas-que-rigen-desde-hoy\/#primaryimage"},"thumbnailUrl":"https:\/\/diariotextual.com\/inicio\/wp-content\/uploads\/2020\/08\/cuarentenacoronavirusparquedontomas2020-1.jpg","datePublished":"2021-08-07T11:12:23+00:00","dateModified":"2021-08-07T14:53:30+00:00","breadcrumb":{"@id":"https:\/\/diariotextual.com\/inicio\/index.php\/2021\/08\/07\/una-por-una-cuales-son-las-aperturas-que-rigen-desde-hoy\/#breadcrumb"},"inLanguage":"es","potentialAction":[{"@type":"ReadAction","target":["https:\/\/diariotextual.com\/inicio\/index.php\/2021\/08\/07\/una-por-una-cuales-son-las-aperturas-que-rigen-desde-hoy\/"]}]},{"@type":"ImageObject","inLanguage":"es","@id":"https:\/\/diariotextual.com\/inicio\/index.php\/2021\/08\/07\/una-por-una-cuales-son-las-aperturas-que-rigen-desde-hoy\/#primaryimage","url":"https:\/\/diariotextual.com\/inicio\/wp-content\/uploads\/2020\/08\/cuarentenacoronavirusparquedontomas2020-1.jpg","contentUrl":"https:\/\/diariotextual.com\/inicio\/wp-content\/uploads\/2020\/08\/cuarentenacoronavirusparquedontomas2020-1.jpg","width":1280,"height":720},{"@type":"BreadcrumbList","@id":"https:\/\/diariotextual.com\/inicio\/index.php\/2021\/08\/07\/una-por-una-cuales-son-las-aperturas-que-rigen-desde-hoy\/#breadcrumb","itemListElement":[{"@type":"ListItem","position":1,"name":"Portada","item":"https:\/\/diariotextual.com\/inicio\/"},{"@type":"ListItem","position":2,"name":"Una por una: cu\u00e1les son las aperturas que rigen desde hoy"}]},{"@type":"WebSite","@id":"https:\/\/diariotextual.com\/inicio\/#website","url":"https:\/\/diariotextual.com\/inicio\/","name":"Diario Textual","description":"","publisher":{"@id":"https:\/\/diariotextual.com\/inicio\/#organization"},"potentialAction":[{"@type":"SearchAction","target":{"@type":"EntryPoint","urlTemplate":"https:\/\/diariotextual.com\/inicio\/?s={search_term_string}"},"query-input":{"@type":"PropertyValueSpecification","valueRequired":true,"valueName":"search_term_string"}}],"inLanguage":"es"},{"@type":"Organization","@id":"https:\/\/diariotextual.com\/inicio\/#organization","name":"Diario Textual","url":"https:\/\/diariotextual.com\/inicio\/","logo":{"@type":"ImageObject","inLanguage":"es","@id":"https:\/\/diariotextual.com\/inicio\/#\/schema\/logo\/image\/","url":"https:\/\/diariotextual.com\/inicio\/wp-content\/uploads\/2023\/05\/logotextual1.jpg","contentUrl":"https:\/\/diariotextual.com\/inicio\/wp-content\/uploads\/2023\/05\/logotextual1.jpg","width":516,"height":76,"caption":"Diario Textual"},"image":{"@id":"https:\/\/diariotextual.com\/inicio\/#\/schema\/logo\/image\/"},"sameAs":["https:\/\/www.facebook.com\/eltextual","https:\/\/x.com\/eltextual","http:\/\/www.instagram.com\/eltextual"]},{"@type":"Person","@id":"https:\/\/diariotextual.com\/inicio\/#\/schema\/person\/418fc4093c33e86ed41562db3508f958","name":"Diario1 Diario1","image":{"@type":"ImageObject","inLanguage":"es","@id":"https:\/\/secure.gravatar.com\/avatar\/9167d280179c85bc18be67aa7eda765854300033af4896dd779b608640f2ef7a?s=96&d=mm&r=g","url":"https:\/\/secure.gravatar.com\/avatar\/9167d280179c85bc18be67aa7eda765854300033af4896dd779b608640f2ef7a?s=96&d=mm&r=g","contentUrl":"https:\/\/secure.gravatar.com\/avatar\/9167d280179c85bc18be67aa7eda765854300033af4896dd779b608640f2ef7a?s=96&d=mm&r=g","caption":"Diario1 Diario1"},"url":"https:\/\/diariotextual.com\/inicio\/index.php\/author\/diario1\/"}]}},"_links":{"self":[{"href":"https:\/\/diariotextual.com\/inicio\/index.php\/wp-json\/wp\/v2\/posts\/157104","targetHints":{"allow":["GET"]}}],"collection":[{"href":"https:\/\/diariotextual.com\/inicio\/index.php\/wp-json\/wp\/v2\/posts"}],"about":[{"href":"https:\/\/diariotextual.com\/inicio\/index.php\/wp-json\/wp\/v2\/types\/post"}],"author":[{"embeddable":true,"href":"https:\/\/diariotextual.com\/inicio\/index.php\/wp-json\/wp\/v2\/users\/3"}],"replies":[{"embeddable":true,"href":"https:\/\/diariotextual.com\/inicio\/index.php\/wp-json\/wp\/v2\/comments?post=157104"}],"version-history":[{"count":3,"href":"https:\/\/diariotextual.com\/inicio\/index.php\/wp-json\/wp\/v2\/posts\/157104\/revisions"}],"predecessor-version":[{"id":157107,"href":"https:\/\/diariotextual.com\/inicio\/index.php\/wp-json\/wp\/v2\/posts\/157104\/revisions\/157107"}],"wp:featuredmedia":[{"embeddable":true,"href":"https:\/\/diariotextual.com\/inicio\/index.php\/wp-json\/wp\/v2\/media\/108836"}],"wp:attachment":[{"href":"https:\/\/diariotextual.com\/inicio\/index.php\/wp-json\/wp\/v2\/media?parent=157104"}],"wp:term":[{"taxonomy":"category","embeddable":true,"href":"https:\/\/diariotextual.com\/inicio\/index.php\/wp-json\/wp\/v2\/categories?post=157104"},{"taxonomy":"post_tag","embeddable":true,"href":"https:\/\/diariotextual.com\/inicio\/index.php\/wp-json\/wp\/v2\/tags?post=157104"}],"curies":[{"name":"wp","href":"https:\/\/api.w.org\/{rel}","templated":true}]}}