{"id":157293,"date":"2021-08-09T10:32:52","date_gmt":"2021-08-09T13:32:52","guid":{"rendered":"https:\/\/diariotextual.com\/inicio\/?p=157293"},"modified":"2021-08-09T14:29:51","modified_gmt":"2021-08-09T17:29:51","slug":"uta-podria-decidir-un-paro-en-las-lineas-provinciales-por-falta-de-pago-de-salarios","status":"publish","type":"post","link":"https:\/\/diariotextual.com\/inicio\/index.php\/2021\/08\/09\/uta-podria-decidir-un-paro-en-las-lineas-provinciales-por-falta-de-pago-de-salarios\/","title":{"rendered":"UTA podr\u00eda decidir un paro en las l\u00edneas provinciales por falta de pago de salarios"},"content":{"rendered":"\n<p>La Uni\u00f3n Tranviarios Automotor La Pampa anunci\u00f3 una asamblea para el mediod\u00eda de este lunes donde podr\u00eda definir un paro en reclamo del pago de salarios de los trabajadores de las l\u00edneas provinciales de transporte. <\/p>\n\n\n\n<p>\u201cLos subsidios de Naci\u00f3n que deben recibir las empresas est\u00e1n ac\u00e1 hace diez d\u00edas y no salen. Dan muchas vueltas para cobrarlos. Con ese dinero podr\u00edamos haber cobrado los salarios en tiempo y forma\u201d, dijo a Diario Textual el secretario general de UTA, Jos\u00e9 Alvarez.<\/p>\n\n\n\n<p>El dirigente dijo que la medida de fuerza, en caso de llevarse a cabo, no afectar\u00eda las l\u00edneas locales del EMTU, en Santa Rosa, ni de Corpico, en General Pico, cuyos pagos est\u00e1n al d\u00eda. Sin embargo, podr\u00edan plegarse al paro en solidaridad con sus compa\u00f1eros de las l\u00edneas provinciales. <\/p>\n\n\n\n<p><\/p>\n","protected":false},"excerpt":{"rendered":"<p>La Uni\u00f3n Tranviarios Automotor La Pampa anunci\u00f3 una asamblea para el mediod\u00eda de este lunes donde podr\u00eda definir un paro en reclamo del pago de salarios de los trabajadores de&hellip;<\/p>\n","protected":false},"author":7,"featured_media":36109,"comment_status":"closed","ping_status":"open","sticky":false,"template":"","format":"standard","meta":{"_acf_changed":false,"footnotes":""},"categories":[10,12],"tags":[58,1408],"class_list":["post-157293","post","type-post","status-publish","format-standard","has-post-thumbnail","hentry","category-portada-2","category-sociedad","tag-paro","tag-uta"],"acf":[],"yoast_head":"<!-- This site is optimized with the Yoast SEO plugin v27.5 - https:\/\/yoast.com\/product\/yoast-seo-wordpress\/ -->\n<title>UTA podr\u00eda decidir un paro en las l\u00edneas provinciales por falta de pago de salarios - Diario Textual<\/title>\n<meta name=\"robots\" content=\"index, follow, max-snippet:-1, max-image-preview:large, max-video-preview:-1\" \/>\n<link rel=\"canonical\" href=\"https:\/\/diariotextual.com\/inicio\/index.php\/2021\/08\/09\/uta-podria-decidir-un-paro-en-las-lineas-provinciales-por-falta-de-pago-de-salarios\/\" \/>\n<meta property=\"og:locale\" content=\"es_ES\" \/>\n<meta property=\"og:type\" content=\"article\" \/>\n<meta property=\"og:title\" content=\"UTA podr\u00eda decidir un paro en las l\u00edneas provinciales por falta de pago de salarios - Diario Textual\" \/>\n<meta property=\"og:description\" content=\"La Uni\u00f3n Tranviarios Automotor La Pampa anunci\u00f3 una asamblea para el mediod\u00eda de este lunes donde podr\u00eda definir un paro en reclamo del pago de salarios de los trabajadores de&hellip;\" \/>\n<meta property=\"og:url\" content=\"https:\/\/diariotextual.com\/inicio\/index.php\/2021\/08\/09\/uta-podria-decidir-un-paro-en-las-lineas-provinciales-por-falta-de-pago-de-salarios\/\" \/>\n<meta property=\"og:site_name\" content=\"Diario Textual\" \/>\n<meta property=\"article:publisher\" content=\"https:\/\/www.facebook.com\/eltextual\" \/>\n<meta property=\"article:published_time\" content=\"2021-08-09T13:32:52+00:00\" \/>\n<meta property=\"article:modified_time\" content=\"2021-08-09T17:29:51+00:00\" \/>\n<meta property=\"og:image\" content=\"https:\/\/diariotextual.com\/inicio\/wp-content\/uploads\/2019\/01\/microsutaasamblea2019-4.jpg\" \/>\n\t<meta property=\"og:image:width\" content=\"977\" \/>\n\t<meta property=\"og:image:height\" content=\"652\" \/>\n\t<meta property=\"og:image:type\" content=\"image\/jpeg\" \/>\n<meta name=\"author\" content=\"diario5\" \/>\n<meta name=\"twitter:card\" content=\"summary_large_image\" \/>\n<meta name=\"twitter:creator\" content=\"@eltextual\" \/>\n<meta name=\"twitter:site\" content=\"@eltextual\" \/>\n<meta name=\"twitter:label1\" content=\"Escrito por\" \/>\n\t<meta name=\"twitter:data1\" content=\"diario5\" \/>\n\t<meta name=\"twitter:label2\" content=\"Tiempo de lectura\" \/>\n\t<meta name=\"twitter:data2\" content=\"1 minuto\" \/>\n<script type=\"application\/ld+json\" class=\"yoast-schema-graph\">{\"@context\":\"https:\\\/\\\/schema.org\",\"@graph\":[{\"@type\":\"Article\",\"@id\":\"https:\\\/\\\/diariotextual.com\\\/inicio\\\/index.php\\\/2021\\\/08\\\/09\\\/uta-podria-decidir-un-paro-en-las-lineas-provinciales-por-falta-de-pago-de-salarios\\\/#article\",\"isPartOf\":{\"@id\":\"https:\\\/\\\/diariotextual.com\\\/inicio\\\/index.php\\\/2021\\\/08\\\/09\\\/uta-podria-decidir-un-paro-en-las-lineas-provinciales-por-falta-de-pago-de-salarios\\\/\"},\"author\":{\"name\":\"diario5\",\"@id\":\"https:\\\/\\\/diariotextual.com\\\/inicio\\\/#\\\/schema\\\/person\\\/c7834961ad8b29b1d9cdbf4571299067\"},\"headline\":\"UTA podr\u00eda decidir un paro en las l\u00edneas provinciales por falta de pago de salarios\",\"datePublished\":\"2021-08-09T13:32:52+00:00\",\"dateModified\":\"2021-08-09T17:29:51+00:00\",\"mainEntityOfPage\":{\"@id\":\"https:\\\/\\\/diariotextual.com\\\/inicio\\\/index.php\\\/2021\\\/08\\\/09\\\/uta-podria-decidir-un-paro-en-las-lineas-provinciales-por-falta-de-pago-de-salarios\\\/\"},\"wordCount\":162,\"publisher\":{\"@id\":\"https:\\\/\\\/diariotextual.com\\\/inicio\\\/#organization\"},\"image\":{\"@id\":\"https:\\\/\\\/diariotextual.com\\\/inicio\\\/index.php\\\/2021\\\/08\\\/09\\\/uta-podria-decidir-un-paro-en-las-lineas-provinciales-por-falta-de-pago-de-salarios\\\/#primaryimage\"},\"thumbnailUrl\":\"https:\\\/\\\/diariotextual.com\\\/inicio\\\/wp-content\\\/uploads\\\/2019\\\/01\\\/microsutaasamblea2019-4.jpg\",\"keywords\":[\"paro\",\"UTA\"],\"articleSection\":[\"A - PORTADA2\",\"SOCIEDAD\"],\"inLanguage\":\"es\"},{\"@type\":\"WebPage\",\"@id\":\"https:\\\/\\\/diariotextual.com\\\/inicio\\\/index.php\\\/2021\\\/08\\\/09\\\/uta-podria-decidir-un-paro-en-las-lineas-provinciales-por-falta-de-pago-de-salarios\\\/\",\"url\":\"https:\\\/\\\/diariotextual.com\\\/inicio\\\/index.php\\\/2021\\\/08\\\/09\\\/uta-podria-decidir-un-paro-en-las-lineas-provinciales-por-falta-de-pago-de-salarios\\\/\",\"name\":\"UTA podr\u00eda decidir un paro en las l\u00edneas provinciales por falta de pago de salarios - Diario Textual\",\"isPartOf\":{\"@id\":\"https:\\\/\\\/diariotextual.com\\\/inicio\\\/#website\"},\"primaryImageOfPage\":{\"@id\":\"https:\\\/\\\/diariotextual.com\\\/inicio\\\/index.php\\\/2021\\\/08\\\/09\\\/uta-podria-decidir-un-paro-en-las-lineas-provinciales-por-falta-de-pago-de-salarios\\\/#primaryimage\"},\"image\":{\"@id\":\"https:\\\/\\\/diariotextual.com\\\/inicio\\\/index.php\\\/2021\\\/08\\\/09\\\/uta-podria-decidir-un-paro-en-las-lineas-provinciales-por-falta-de-pago-de-salarios\\\/#primaryimage\"},\"thumbnailUrl\":\"https:\\\/\\\/diariotextual.com\\\/inicio\\\/wp-content\\\/uploads\\\/2019\\\/01\\\/microsutaasamblea2019-4.jpg\",\"datePublished\":\"2021-08-09T13:32:52+00:00\",\"dateModified\":\"2021-08-09T17:29:51+00:00\",\"breadcrumb\":{\"@id\":\"https:\\\/\\\/diariotextual.com\\\/inicio\\\/index.php\\\/2021\\\/08\\\/09\\\/uta-podria-decidir-un-paro-en-las-lineas-provinciales-por-falta-de-pago-de-salarios\\\/#breadcrumb\"},\"inLanguage\":\"es\",\"potentialAction\":[{\"@type\":\"ReadAction\",\"target\":[\"https:\\\/\\\/diariotextual.com\\\/inicio\\\/index.php\\\/2021\\\/08\\\/09\\\/uta-podria-decidir-un-paro-en-las-lineas-provinciales-por-falta-de-pago-de-salarios\\\/\"]}]},{\"@type\":\"ImageObject\",\"inLanguage\":\"es\",\"@id\":\"https:\\\/\\\/diariotextual.com\\\/inicio\\\/index.php\\\/2021\\\/08\\\/09\\\/uta-podria-decidir-un-paro-en-las-lineas-provinciales-por-falta-de-pago-de-salarios\\\/#primaryimage\",\"url\":\"https:\\\/\\\/diariotextual.com\\\/inicio\\\/wp-content\\\/uploads\\\/2019\\\/01\\\/microsutaasamblea2019-4.jpg\",\"contentUrl\":\"https:\\\/\\\/diariotextual.com\\\/inicio\\\/wp-content\\\/uploads\\\/2019\\\/01\\\/microsutaasamblea2019-4.jpg\",\"width\":977,\"height\":652},{\"@type\":\"BreadcrumbList\",\"@id\":\"https:\\\/\\\/diariotextual.com\\\/inicio\\\/index.php\\\/2021\\\/08\\\/09\\\/uta-podria-decidir-un-paro-en-las-lineas-provinciales-por-falta-de-pago-de-salarios\\\/#breadcrumb\",\"itemListElement\":[{\"@type\":\"ListItem\",\"position\":1,\"name\":\"Portada\",\"item\":\"https:\\\/\\\/diariotextual.com\\\/inicio\\\/\"},{\"@type\":\"ListItem\",\"position\":2,\"name\":\"UTA podr\u00eda decidir un paro en las l\u00edneas provinciales por falta de pago de salarios\"}]},{\"@type\":\"WebSite\",\"@id\":\"https:\\\/\\\/diariotextual.com\\\/inicio\\\/#website\",\"url\":\"https:\\\/\\\/diariotextual.com\\\/inicio\\\/\",\"name\":\"Diario Textual\",\"description\":\"\",\"publisher\":{\"@id\":\"https:\\\/\\\/diariotextual.com\\\/inicio\\\/#organization\"},\"potentialAction\":[{\"@type\":\"SearchAction\",\"target\":{\"@type\":\"EntryPoint\",\"urlTemplate\":\"https:\\\/\\\/diariotextual.com\\\/inicio\\\/?s={search_term_string}\"},\"query-input\":{\"@type\":\"PropertyValueSpecification\",\"valueRequired\":true,\"valueName\":\"search_term_string\"}}],\"inLanguage\":\"es\"},{\"@type\":\"Organization\",\"@id\":\"https:\\\/\\\/diariotextual.com\\\/inicio\\\/#organization\",\"name\":\"Diario Textual\",\"url\":\"https:\\\/\\\/diariotextual.com\\\/inicio\\\/\",\"logo\":{\"@type\":\"ImageObject\",\"inLanguage\":\"es\",\"@id\":\"https:\\\/\\\/diariotextual.com\\\/inicio\\\/#\\\/schema\\\/logo\\\/image\\\/\",\"url\":\"https:\\\/\\\/diariotextual.com\\\/inicio\\\/wp-content\\\/uploads\\\/2023\\\/05\\\/logotextual1.jpg\",\"contentUrl\":\"https:\\\/\\\/diariotextual.com\\\/inicio\\\/wp-content\\\/uploads\\\/2023\\\/05\\\/logotextual1.jpg\",\"width\":516,\"height\":76,\"caption\":\"Diario Textual\"},\"image\":{\"@id\":\"https:\\\/\\\/diariotextual.com\\\/inicio\\\/#\\\/schema\\\/logo\\\/image\\\/\"},\"sameAs\":[\"https:\\\/\\\/www.facebook.com\\\/eltextual\",\"https:\\\/\\\/x.com\\\/eltextual\",\"http:\\\/\\\/www.instagram.com\\\/eltextual\"]},{\"@type\":\"Person\",\"@id\":\"https:\\\/\\\/diariotextual.com\\\/inicio\\\/#\\\/schema\\\/person\\\/c7834961ad8b29b1d9cdbf4571299067\",\"name\":\"diario5\",\"image\":{\"@type\":\"ImageObject\",\"inLanguage\":\"es\",\"@id\":\"https:\\\/\\\/secure.gravatar.com\\\/avatar\\\/948c893b847ca6df68216ead81b63f363408ec9b0f600fefc0641ce78613b111?s=96&d=mm&r=g\",\"url\":\"https:\\\/\\\/secure.gravatar.com\\\/avatar\\\/948c893b847ca6df68216ead81b63f363408ec9b0f600fefc0641ce78613b111?s=96&d=mm&r=g\",\"contentUrl\":\"https:\\\/\\\/secure.gravatar.com\\\/avatar\\\/948c893b847ca6df68216ead81b63f363408ec9b0f600fefc0641ce78613b111?s=96&d=mm&r=g\",\"caption\":\"diario5\"},\"url\":\"https:\\\/\\\/diariotextual.com\\\/inicio\\\/index.php\\\/author\\\/diario5\\\/\"}]}<\/script>\n<!-- \/ Yoast SEO plugin. -->","yoast_head_json":{"title":"UTA podr\u00eda decidir un paro en las l\u00edneas provinciales por falta de pago de salarios - Diario Textual","robots":{"index":"index","follow":"follow","max-snippet":"max-snippet:-1","max-image-preview":"max-image-preview:large","max-video-preview":"max-video-preview:-1"},"canonical":"https:\/\/diariotextual.com\/inicio\/index.php\/2021\/08\/09\/uta-podria-decidir-un-paro-en-las-lineas-provinciales-por-falta-de-pago-de-salarios\/","og_locale":"es_ES","og_type":"article","og_title":"UTA podr\u00eda decidir un paro en las l\u00edneas provinciales por falta de pago de salarios - Diario Textual","og_description":"La Uni\u00f3n Tranviarios Automotor La Pampa anunci\u00f3 una asamblea para el mediod\u00eda de este lunes donde podr\u00eda definir un paro en reclamo del pago de salarios de los trabajadores de&hellip;","og_url":"https:\/\/diariotextual.com\/inicio\/index.php\/2021\/08\/09\/uta-podria-decidir-un-paro-en-las-lineas-provinciales-por-falta-de-pago-de-salarios\/","og_site_name":"Diario Textual","article_publisher":"https:\/\/www.facebook.com\/eltextual","article_published_time":"2021-08-09T13:32:52+00:00","article_modified_time":"2021-08-09T17:29:51+00:00","og_image":[{"width":977,"height":652,"url":"https:\/\/diariotextual.com\/inicio\/wp-content\/uploads\/2019\/01\/microsutaasamblea2019-4.jpg","type":"image\/jpeg"}],"author":"diario5","twitter_card":"summary_large_image","twitter_creator":"@eltextual","twitter_site":"@eltextual","twitter_misc":{"Escrito por":"diario5","Tiempo de lectura":"1 minuto"},"schema":{"@context":"https:\/\/schema.org","@graph":[{"@type":"Article","@id":"https:\/\/diariotextual.com\/inicio\/index.php\/2021\/08\/09\/uta-podria-decidir-un-paro-en-las-lineas-provinciales-por-falta-de-pago-de-salarios\/#article","isPartOf":{"@id":"https:\/\/diariotextual.com\/inicio\/index.php\/2021\/08\/09\/uta-podria-decidir-un-paro-en-las-lineas-provinciales-por-falta-de-pago-de-salarios\/"},"author":{"name":"diario5","@id":"https:\/\/diariotextual.com\/inicio\/#\/schema\/person\/c7834961ad8b29b1d9cdbf4571299067"},"headline":"UTA podr\u00eda decidir un paro en las l\u00edneas provinciales por falta de pago de salarios","datePublished":"2021-08-09T13:32:52+00:00","dateModified":"2021-08-09T17:29:51+00:00","mainEntityOfPage":{"@id":"https:\/\/diariotextual.com\/inicio\/index.php\/2021\/08\/09\/uta-podria-decidir-un-paro-en-las-lineas-provinciales-por-falta-de-pago-de-salarios\/"},"wordCount":162,"publisher":{"@id":"https:\/\/diariotextual.com\/inicio\/#organization"},"image":{"@id":"https:\/\/diariotextual.com\/inicio\/index.php\/2021\/08\/09\/uta-podria-decidir-un-paro-en-las-lineas-provinciales-por-falta-de-pago-de-salarios\/#primaryimage"},"thumbnailUrl":"https:\/\/diariotextual.com\/inicio\/wp-content\/uploads\/2019\/01\/microsutaasamblea2019-4.jpg","keywords":["paro","UTA"],"articleSection":["A - PORTADA2","SOCIEDAD"],"inLanguage":"es"},{"@type":"WebPage","@id":"https:\/\/diariotextual.com\/inicio\/index.php\/2021\/08\/09\/uta-podria-decidir-un-paro-en-las-lineas-provinciales-por-falta-de-pago-de-salarios\/","url":"https:\/\/diariotextual.com\/inicio\/index.php\/2021\/08\/09\/uta-podria-decidir-un-paro-en-las-lineas-provinciales-por-falta-de-pago-de-salarios\/","name":"UTA podr\u00eda decidir un paro en las l\u00edneas provinciales por falta de pago de salarios - Diario Textual","isPartOf":{"@id":"https:\/\/diariotextual.com\/inicio\/#website"},"primaryImageOfPage":{"@id":"https:\/\/diariotextual.com\/inicio\/index.php\/2021\/08\/09\/uta-podria-decidir-un-paro-en-las-lineas-provinciales-por-falta-de-pago-de-salarios\/#primaryimage"},"image":{"@id":"https:\/\/diariotextual.com\/inicio\/index.php\/2021\/08\/09\/uta-podria-decidir-un-paro-en-las-lineas-provinciales-por-falta-de-pago-de-salarios\/#primaryimage"},"thumbnailUrl":"https:\/\/diariotextual.com\/inicio\/wp-content\/uploads\/2019\/01\/microsutaasamblea2019-4.jpg","datePublished":"2021-08-09T13:32:52+00:00","dateModified":"2021-08-09T17:29:51+00:00","breadcrumb":{"@id":"https:\/\/diariotextual.com\/inicio\/index.php\/2021\/08\/09\/uta-podria-decidir-un-paro-en-las-lineas-provinciales-por-falta-de-pago-de-salarios\/#breadcrumb"},"inLanguage":"es","potentialAction":[{"@type":"ReadAction","target":["https:\/\/diariotextual.com\/inicio\/index.php\/2021\/08\/09\/uta-podria-decidir-un-paro-en-las-lineas-provinciales-por-falta-de-pago-de-salarios\/"]}]},{"@type":"ImageObject","inLanguage":"es","@id":"https:\/\/diariotextual.com\/inicio\/index.php\/2021\/08\/09\/uta-podria-decidir-un-paro-en-las-lineas-provinciales-por-falta-de-pago-de-salarios\/#primaryimage","url":"https:\/\/diariotextual.com\/inicio\/wp-content\/uploads\/2019\/01\/microsutaasamblea2019-4.jpg","contentUrl":"https:\/\/diariotextual.com\/inicio\/wp-content\/uploads\/2019\/01\/microsutaasamblea2019-4.jpg","width":977,"height":652},{"@type":"BreadcrumbList","@id":"https:\/\/diariotextual.com\/inicio\/index.php\/2021\/08\/09\/uta-podria-decidir-un-paro-en-las-lineas-provinciales-por-falta-de-pago-de-salarios\/#breadcrumb","itemListElement":[{"@type":"ListItem","position":1,"name":"Portada","item":"https:\/\/diariotextual.com\/inicio\/"},{"@type":"ListItem","position":2,"name":"UTA podr\u00eda decidir un paro en las l\u00edneas provinciales por falta de pago de salarios"}]},{"@type":"WebSite","@id":"https:\/\/diariotextual.com\/inicio\/#website","url":"https:\/\/diariotextual.com\/inicio\/","name":"Diario Textual","description":"","publisher":{"@id":"https:\/\/diariotextual.com\/inicio\/#organization"},"potentialAction":[{"@type":"SearchAction","target":{"@type":"EntryPoint","urlTemplate":"https:\/\/diariotextual.com\/inicio\/?s={search_term_string}"},"query-input":{"@type":"PropertyValueSpecification","valueRequired":true,"valueName":"search_term_string"}}],"inLanguage":"es"},{"@type":"Organization","@id":"https:\/\/diariotextual.com\/inicio\/#organization","name":"Diario Textual","url":"https:\/\/diariotextual.com\/inicio\/","logo":{"@type":"ImageObject","inLanguage":"es","@id":"https:\/\/diariotextual.com\/inicio\/#\/schema\/logo\/image\/","url":"https:\/\/diariotextual.com\/inicio\/wp-content\/uploads\/2023\/05\/logotextual1.jpg","contentUrl":"https:\/\/diariotextual.com\/inicio\/wp-content\/uploads\/2023\/05\/logotextual1.jpg","width":516,"height":76,"caption":"Diario Textual"},"image":{"@id":"https:\/\/diariotextual.com\/inicio\/#\/schema\/logo\/image\/"},"sameAs":["https:\/\/www.facebook.com\/eltextual","https:\/\/x.com\/eltextual","http:\/\/www.instagram.com\/eltextual"]},{"@type":"Person","@id":"https:\/\/diariotextual.com\/inicio\/#\/schema\/person\/c7834961ad8b29b1d9cdbf4571299067","name":"diario5","image":{"@type":"ImageObject","inLanguage":"es","@id":"https:\/\/secure.gravatar.com\/avatar\/948c893b847ca6df68216ead81b63f363408ec9b0f600fefc0641ce78613b111?s=96&d=mm&r=g","url":"https:\/\/secure.gravatar.com\/avatar\/948c893b847ca6df68216ead81b63f363408ec9b0f600fefc0641ce78613b111?s=96&d=mm&r=g","contentUrl":"https:\/\/secure.gravatar.com\/avatar\/948c893b847ca6df68216ead81b63f363408ec9b0f600fefc0641ce78613b111?s=96&d=mm&r=g","caption":"diario5"},"url":"https:\/\/diariotextual.com\/inicio\/index.php\/author\/diario5\/"}]}},"_links":{"self":[{"href":"https:\/\/diariotextual.com\/inicio\/index.php\/wp-json\/wp\/v2\/posts\/157293","targetHints":{"allow":["GET"]}}],"collection":[{"href":"https:\/\/diariotextual.com\/inicio\/index.php\/wp-json\/wp\/v2\/posts"}],"about":[{"href":"https:\/\/diariotextual.com\/inicio\/index.php\/wp-json\/wp\/v2\/types\/post"}],"author":[{"embeddable":true,"href":"https:\/\/diariotextual.com\/inicio\/index.php\/wp-json\/wp\/v2\/users\/7"}],"replies":[{"embeddable":true,"href":"https:\/\/diariotextual.com\/inicio\/index.php\/wp-json\/wp\/v2\/comments?post=157293"}],"version-history":[{"count":1,"href":"https:\/\/diariotextual.com\/inicio\/index.php\/wp-json\/wp\/v2\/posts\/157293\/revisions"}],"predecessor-version":[{"id":157294,"href":"https:\/\/diariotextual.com\/inicio\/index.php\/wp-json\/wp\/v2\/posts\/157293\/revisions\/157294"}],"wp:featuredmedia":[{"embeddable":true,"href":"https:\/\/diariotextual.com\/inicio\/index.php\/wp-json\/wp\/v2\/media\/36109"}],"wp:attachment":[{"href":"https:\/\/diariotextual.com\/inicio\/index.php\/wp-json\/wp\/v2\/media?parent=157293"}],"wp:term":[{"taxonomy":"category","embeddable":true,"href":"https:\/\/diariotextual.com\/inicio\/index.php\/wp-json\/wp\/v2\/categories?post=157293"},{"taxonomy":"post_tag","embeddable":true,"href":"https:\/\/diariotextual.com\/inicio\/index.php\/wp-json\/wp\/v2\/tags?post=157293"}],"curies":[{"name":"wp","href":"https:\/\/api.w.org\/{rel}","templated":true}]}}