{"id":157303,"date":"2021-08-09T11:58:22","date_gmt":"2021-08-09T14:58:22","guid":{"rendered":"https:\/\/diariotextual.com\/inicio\/?p=157303"},"modified":"2021-08-09T17:41:58","modified_gmt":"2021-08-09T20:41:58","slug":"portezuelo-cornejo-cuestiono-a-la-pampa-y-lo-cruzaron-desde-el-oficialismo-como-desde-la-ucr-pampeana","status":"publish","type":"post","link":"https:\/\/diariotextual.com\/inicio\/index.php\/2021\/08\/09\/portezuelo-cornejo-cuestiono-a-la-pampa-y-lo-cruzaron-desde-el-oficialismo-como-desde-la-ucr-pampeana\/","title":{"rendered":"Portezuelo: Cornejo cuestion\u00f3 a La Pampa y lo cruzaron del oficialismo y de la UCR"},"content":{"rendered":"\n<p>El presidente de la UCR y exgobernador mendocino <strong>Alfredo Cornejo<\/strong> culp\u00f3 a <strong>\u201cel sector pol\u00edtico de La Pampa y el Gobierno nacional\u201c<\/strong> por la <strong>\u201crelentizaci\u00f3n\u201c<\/strong> del proyecto de la represa <strong>Portezuelo del Viento<\/strong>. Lo cruzaron con dureza tanto desde el oficialismo como desde el propio radicalismo pampeano.<\/p>\n\n\n\n<p>\u201cVolvimos a poner el acento en la importancia de Portezuelo del Viento, teniendo en cuenta que estamos en una crisis h\u00eddrica mundial. El problema que hoy tenemos con esta megaobra lo gener\u00f3 el sector pol\u00edtico de La Pampa y el Gobierno nacional, por eso se relentiz\u00f3 el proceso\u201c, twite\u00f3  Cornejo.<\/p>\n\n\n\n<p>\u201cDe todos modos, sigue siendo el proceso m\u00e1s exitoso de Mendoza del a\u00f1o \u201883 a la fecha, ya que es una inversi\u00f3n de USD1.023 millones y nunca una gesti\u00f3n consigui\u00f3 algo as\u00ed para la provincia. Tenemos que trabajar en la eficiencia del agua y hacerlo todos los sectores en conjunto\u201c, agreg\u00f3.<\/p>\n\n\n\n<p>El primero que sali\u00f3 a cruzarlo fue el actual ministro de Gobierno pampeano y candidato a senador, <strong>Daniel Pablo Bensus\u00e1n.<\/strong> \u201cEs una realidad que el mundo vive una crisis ambiental. La Pampa la sufre hace m\u00e1s de 70 a\u00f1os, y por eso la postura firme de nuestro gobierno en reclamar por el derecho natural a nuestro -tambi\u00e9n- r\u00edo Atuel\u201c, sostuvo.<\/p>\n\n\n\n<p>\u201cEs un reclamo genuino que trasvasa a todo el arco pol\u00edtico pampeano, en contraposici\u00f3n de posturas que atentan al federalismo\u201c, a\u00f1adi\u00f3.<\/p>\n\n\n\n<p>Pero los palos para Cornejo tambi\u00e9n llegaron desde sus propios correligionarios pampeanos. \u201cComo m\u00e1xima autoridad partidaria, deber\u00eda tener en principio una mirada federal, y en segundo lugar deber\u00eda saber que hist\u00f3ricamente la UCR de La Pampa ha bregado por la defensa de los r\u00edos que no reconocen l\u00edmites pol\u00edticos y que deben ser de aprovechamiento conjunto\u201c, dijo <strong>Marcos Cuelle<\/strong> en su cuenta de Twitter.<\/p>\n\n\n\n<p>El exsecretario de Gobierno de Santa Rosa, <strong>Pedro Salas<\/strong>, se sum\u00f3 a la discusi\u00f3n. \u201cEl &#8216;sector pol\u00edtico de La Pampa&#8217; al que usted se refiere incluye a la UCR de La Pampa, que asume decididamente la defensa de los derechos pampeanos a la interprovincialidad de los r\u00edos y que deber\u00eda haberse abstenido de votarlo como presidente de la UCR nacional por conflicto de intereses\u201c, dispar\u00f3.<\/p>\n\n\n\n<p>Portezuelo del Viento es una obra que resiste La Pampa: podr\u00eda afectar la calidad y cantidad de agua del r\u00edo Colorado. Es decir, entre otros puntos, podr\u00eda afectar la provisi\u00f3n de agua potable a casi todos los pampeanos.<\/p>\n\n\n\n<p>El temor es que la megaobra provoque la extinci\u00f3n del Colorado, que actualmente abastece para consumo y riego en Neuqu\u00e9n, La Pampa, R\u00edo Negro y Buenos Aires.<\/p>\n","protected":false},"excerpt":{"rendered":"<p>El presidente de la UCR y exgobernador mendocino Alfredo Cornejo culp\u00f3 a \u201cel sector pol\u00edtico de La Pampa y el Gobierno nacional\u201c por la \u201crelentizaci\u00f3n\u201c del proyecto de la represa&hellip;<\/p>\n","protected":false},"author":7,"featured_media":157312,"comment_status":"closed","ping_status":"open","sticky":false,"template":"","format":"standard","meta":{"_acf_changed":false,"footnotes":""},"categories":[10,8],"tags":[5398,2305],"class_list":["post-157303","post","type-post","status-publish","format-standard","has-post-thumbnail","hentry","category-portada-2","category-politica","tag-alfredo-cornejo","tag-portezuelo-del-viento"],"acf":[],"yoast_head":"<!-- This site is optimized with the Yoast SEO plugin v27.5 - https:\/\/yoast.com\/product\/yoast-seo-wordpress\/ -->\n<title>Portezuelo: Cornejo cuestion\u00f3 a La Pampa y lo cruzaron del oficialismo y de la UCR - Diario Textual<\/title>\n<meta name=\"robots\" content=\"index, follow, max-snippet:-1, max-image-preview:large, max-video-preview:-1\" \/>\n<link rel=\"canonical\" href=\"https:\/\/diariotextual.com\/inicio\/index.php\/2021\/08\/09\/portezuelo-cornejo-cuestiono-a-la-pampa-y-lo-cruzaron-desde-el-oficialismo-como-desde-la-ucr-pampeana\/\" \/>\n<meta property=\"og:locale\" content=\"es_ES\" \/>\n<meta property=\"og:type\" content=\"article\" \/>\n<meta property=\"og:title\" content=\"Portezuelo: Cornejo cuestion\u00f3 a La Pampa y lo cruzaron del oficialismo y de la UCR - Diario Textual\" \/>\n<meta property=\"og:description\" content=\"El presidente de la UCR y exgobernador mendocino Alfredo Cornejo culp\u00f3 a \u201cel sector pol\u00edtico de La Pampa y el Gobierno nacional\u201c por la \u201crelentizaci\u00f3n\u201c del proyecto de la represa&hellip;\" \/>\n<meta property=\"og:url\" content=\"https:\/\/diariotextual.com\/inicio\/index.php\/2021\/08\/09\/portezuelo-cornejo-cuestiono-a-la-pampa-y-lo-cruzaron-desde-el-oficialismo-como-desde-la-ucr-pampeana\/\" \/>\n<meta property=\"og:site_name\" content=\"Diario Textual\" \/>\n<meta property=\"article:publisher\" content=\"https:\/\/www.facebook.com\/eltextual\" \/>\n<meta property=\"article:published_time\" content=\"2021-08-09T14:58:22+00:00\" \/>\n<meta property=\"article:modified_time\" content=\"2021-08-09T20:41:58+00:00\" \/>\n<meta property=\"og:image\" content=\"https:\/\/diariotextual.com\/inicio\/wp-content\/uploads\/2021\/08\/cornejoalfredo2021-1.jpg\" \/>\n\t<meta property=\"og:image:width\" content=\"1366\" \/>\n\t<meta property=\"og:image:height\" content=\"910\" \/>\n\t<meta property=\"og:image:type\" content=\"image\/jpeg\" \/>\n<meta name=\"author\" content=\"diario5\" \/>\n<meta name=\"twitter:card\" content=\"summary_large_image\" \/>\n<meta name=\"twitter:creator\" content=\"@eltextual\" \/>\n<meta name=\"twitter:site\" content=\"@eltextual\" \/>\n<meta name=\"twitter:label1\" content=\"Escrito por\" \/>\n\t<meta name=\"twitter:data1\" content=\"diario5\" \/>\n\t<meta name=\"twitter:label2\" content=\"Tiempo de lectura\" \/>\n\t<meta name=\"twitter:data2\" content=\"2 minutos\" \/>\n<script type=\"application\/ld+json\" class=\"yoast-schema-graph\">{\"@context\":\"https:\\\/\\\/schema.org\",\"@graph\":[{\"@type\":\"Article\",\"@id\":\"https:\\\/\\\/diariotextual.com\\\/inicio\\\/index.php\\\/2021\\\/08\\\/09\\\/portezuelo-cornejo-cuestiono-a-la-pampa-y-lo-cruzaron-desde-el-oficialismo-como-desde-la-ucr-pampeana\\\/#article\",\"isPartOf\":{\"@id\":\"https:\\\/\\\/diariotextual.com\\\/inicio\\\/index.php\\\/2021\\\/08\\\/09\\\/portezuelo-cornejo-cuestiono-a-la-pampa-y-lo-cruzaron-desde-el-oficialismo-como-desde-la-ucr-pampeana\\\/\"},\"author\":{\"name\":\"diario5\",\"@id\":\"https:\\\/\\\/diariotextual.com\\\/inicio\\\/#\\\/schema\\\/person\\\/c7834961ad8b29b1d9cdbf4571299067\"},\"headline\":\"Portezuelo: Cornejo cuestion\u00f3 a La Pampa y lo cruzaron del oficialismo y de la UCR\",\"datePublished\":\"2021-08-09T14:58:22+00:00\",\"dateModified\":\"2021-08-09T20:41:58+00:00\",\"mainEntityOfPage\":{\"@id\":\"https:\\\/\\\/diariotextual.com\\\/inicio\\\/index.php\\\/2021\\\/08\\\/09\\\/portezuelo-cornejo-cuestiono-a-la-pampa-y-lo-cruzaron-desde-el-oficialismo-como-desde-la-ucr-pampeana\\\/\"},\"wordCount\":471,\"publisher\":{\"@id\":\"https:\\\/\\\/diariotextual.com\\\/inicio\\\/#organization\"},\"image\":{\"@id\":\"https:\\\/\\\/diariotextual.com\\\/inicio\\\/index.php\\\/2021\\\/08\\\/09\\\/portezuelo-cornejo-cuestiono-a-la-pampa-y-lo-cruzaron-desde-el-oficialismo-como-desde-la-ucr-pampeana\\\/#primaryimage\"},\"thumbnailUrl\":\"https:\\\/\\\/diariotextual.com\\\/inicio\\\/wp-content\\\/uploads\\\/2021\\\/08\\\/cornejoalfredo2021-1.jpg\",\"keywords\":[\"alfredo cornejo\",\"Portezuelo del Viento\"],\"articleSection\":[\"A - PORTADA2\",\"POLITICA\"],\"inLanguage\":\"es\"},{\"@type\":\"WebPage\",\"@id\":\"https:\\\/\\\/diariotextual.com\\\/inicio\\\/index.php\\\/2021\\\/08\\\/09\\\/portezuelo-cornejo-cuestiono-a-la-pampa-y-lo-cruzaron-desde-el-oficialismo-como-desde-la-ucr-pampeana\\\/\",\"url\":\"https:\\\/\\\/diariotextual.com\\\/inicio\\\/index.php\\\/2021\\\/08\\\/09\\\/portezuelo-cornejo-cuestiono-a-la-pampa-y-lo-cruzaron-desde-el-oficialismo-como-desde-la-ucr-pampeana\\\/\",\"name\":\"Portezuelo: Cornejo cuestion\u00f3 a La Pampa y lo cruzaron del oficialismo y de la UCR - Diario Textual\",\"isPartOf\":{\"@id\":\"https:\\\/\\\/diariotextual.com\\\/inicio\\\/#website\"},\"primaryImageOfPage\":{\"@id\":\"https:\\\/\\\/diariotextual.com\\\/inicio\\\/index.php\\\/2021\\\/08\\\/09\\\/portezuelo-cornejo-cuestiono-a-la-pampa-y-lo-cruzaron-desde-el-oficialismo-como-desde-la-ucr-pampeana\\\/#primaryimage\"},\"image\":{\"@id\":\"https:\\\/\\\/diariotextual.com\\\/inicio\\\/index.php\\\/2021\\\/08\\\/09\\\/portezuelo-cornejo-cuestiono-a-la-pampa-y-lo-cruzaron-desde-el-oficialismo-como-desde-la-ucr-pampeana\\\/#primaryimage\"},\"thumbnailUrl\":\"https:\\\/\\\/diariotextual.com\\\/inicio\\\/wp-content\\\/uploads\\\/2021\\\/08\\\/cornejoalfredo2021-1.jpg\",\"datePublished\":\"2021-08-09T14:58:22+00:00\",\"dateModified\":\"2021-08-09T20:41:58+00:00\",\"breadcrumb\":{\"@id\":\"https:\\\/\\\/diariotextual.com\\\/inicio\\\/index.php\\\/2021\\\/08\\\/09\\\/portezuelo-cornejo-cuestiono-a-la-pampa-y-lo-cruzaron-desde-el-oficialismo-como-desde-la-ucr-pampeana\\\/#breadcrumb\"},\"inLanguage\":\"es\",\"potentialAction\":[{\"@type\":\"ReadAction\",\"target\":[\"https:\\\/\\\/diariotextual.com\\\/inicio\\\/index.php\\\/2021\\\/08\\\/09\\\/portezuelo-cornejo-cuestiono-a-la-pampa-y-lo-cruzaron-desde-el-oficialismo-como-desde-la-ucr-pampeana\\\/\"]}]},{\"@type\":\"ImageObject\",\"inLanguage\":\"es\",\"@id\":\"https:\\\/\\\/diariotextual.com\\\/inicio\\\/index.php\\\/2021\\\/08\\\/09\\\/portezuelo-cornejo-cuestiono-a-la-pampa-y-lo-cruzaron-desde-el-oficialismo-como-desde-la-ucr-pampeana\\\/#primaryimage\",\"url\":\"https:\\\/\\\/diariotextual.com\\\/inicio\\\/wp-content\\\/uploads\\\/2021\\\/08\\\/cornejoalfredo2021-1.jpg\",\"contentUrl\":\"https:\\\/\\\/diariotextual.com\\\/inicio\\\/wp-content\\\/uploads\\\/2021\\\/08\\\/cornejoalfredo2021-1.jpg\",\"width\":1366,\"height\":910},{\"@type\":\"BreadcrumbList\",\"@id\":\"https:\\\/\\\/diariotextual.com\\\/inicio\\\/index.php\\\/2021\\\/08\\\/09\\\/portezuelo-cornejo-cuestiono-a-la-pampa-y-lo-cruzaron-desde-el-oficialismo-como-desde-la-ucr-pampeana\\\/#breadcrumb\",\"itemListElement\":[{\"@type\":\"ListItem\",\"position\":1,\"name\":\"Portada\",\"item\":\"https:\\\/\\\/diariotextual.com\\\/inicio\\\/\"},{\"@type\":\"ListItem\",\"position\":2,\"name\":\"Portezuelo: Cornejo cuestion\u00f3 a La Pampa y lo cruzaron del oficialismo y de la UCR\"}]},{\"@type\":\"WebSite\",\"@id\":\"https:\\\/\\\/diariotextual.com\\\/inicio\\\/#website\",\"url\":\"https:\\\/\\\/diariotextual.com\\\/inicio\\\/\",\"name\":\"Diario Textual\",\"description\":\"\",\"publisher\":{\"@id\":\"https:\\\/\\\/diariotextual.com\\\/inicio\\\/#organization\"},\"potentialAction\":[{\"@type\":\"SearchAction\",\"target\":{\"@type\":\"EntryPoint\",\"urlTemplate\":\"https:\\\/\\\/diariotextual.com\\\/inicio\\\/?s={search_term_string}\"},\"query-input\":{\"@type\":\"PropertyValueSpecification\",\"valueRequired\":true,\"valueName\":\"search_term_string\"}}],\"inLanguage\":\"es\"},{\"@type\":\"Organization\",\"@id\":\"https:\\\/\\\/diariotextual.com\\\/inicio\\\/#organization\",\"name\":\"Diario Textual\",\"url\":\"https:\\\/\\\/diariotextual.com\\\/inicio\\\/\",\"logo\":{\"@type\":\"ImageObject\",\"inLanguage\":\"es\",\"@id\":\"https:\\\/\\\/diariotextual.com\\\/inicio\\\/#\\\/schema\\\/logo\\\/image\\\/\",\"url\":\"https:\\\/\\\/diariotextual.com\\\/inicio\\\/wp-content\\\/uploads\\\/2023\\\/05\\\/logotextual1.jpg\",\"contentUrl\":\"https:\\\/\\\/diariotextual.com\\\/inicio\\\/wp-content\\\/uploads\\\/2023\\\/05\\\/logotextual1.jpg\",\"width\":516,\"height\":76,\"caption\":\"Diario Textual\"},\"image\":{\"@id\":\"https:\\\/\\\/diariotextual.com\\\/inicio\\\/#\\\/schema\\\/logo\\\/image\\\/\"},\"sameAs\":[\"https:\\\/\\\/www.facebook.com\\\/eltextual\",\"https:\\\/\\\/x.com\\\/eltextual\",\"http:\\\/\\\/www.instagram.com\\\/eltextual\"]},{\"@type\":\"Person\",\"@id\":\"https:\\\/\\\/diariotextual.com\\\/inicio\\\/#\\\/schema\\\/person\\\/c7834961ad8b29b1d9cdbf4571299067\",\"name\":\"diario5\",\"image\":{\"@type\":\"ImageObject\",\"inLanguage\":\"es\",\"@id\":\"https:\\\/\\\/secure.gravatar.com\\\/avatar\\\/948c893b847ca6df68216ead81b63f363408ec9b0f600fefc0641ce78613b111?s=96&d=mm&r=g\",\"url\":\"https:\\\/\\\/secure.gravatar.com\\\/avatar\\\/948c893b847ca6df68216ead81b63f363408ec9b0f600fefc0641ce78613b111?s=96&d=mm&r=g\",\"contentUrl\":\"https:\\\/\\\/secure.gravatar.com\\\/avatar\\\/948c893b847ca6df68216ead81b63f363408ec9b0f600fefc0641ce78613b111?s=96&d=mm&r=g\",\"caption\":\"diario5\"},\"url\":\"https:\\\/\\\/diariotextual.com\\\/inicio\\\/index.php\\\/author\\\/diario5\\\/\"}]}<\/script>\n<!-- \/ Yoast SEO plugin. -->","yoast_head_json":{"title":"Portezuelo: Cornejo cuestion\u00f3 a La Pampa y lo cruzaron del oficialismo y de la UCR - Diario Textual","robots":{"index":"index","follow":"follow","max-snippet":"max-snippet:-1","max-image-preview":"max-image-preview:large","max-video-preview":"max-video-preview:-1"},"canonical":"https:\/\/diariotextual.com\/inicio\/index.php\/2021\/08\/09\/portezuelo-cornejo-cuestiono-a-la-pampa-y-lo-cruzaron-desde-el-oficialismo-como-desde-la-ucr-pampeana\/","og_locale":"es_ES","og_type":"article","og_title":"Portezuelo: Cornejo cuestion\u00f3 a La Pampa y lo cruzaron del oficialismo y de la UCR - Diario Textual","og_description":"El presidente de la UCR y exgobernador mendocino Alfredo Cornejo culp\u00f3 a \u201cel sector pol\u00edtico de La Pampa y el Gobierno nacional\u201c por la \u201crelentizaci\u00f3n\u201c del proyecto de la represa&hellip;","og_url":"https:\/\/diariotextual.com\/inicio\/index.php\/2021\/08\/09\/portezuelo-cornejo-cuestiono-a-la-pampa-y-lo-cruzaron-desde-el-oficialismo-como-desde-la-ucr-pampeana\/","og_site_name":"Diario Textual","article_publisher":"https:\/\/www.facebook.com\/eltextual","article_published_time":"2021-08-09T14:58:22+00:00","article_modified_time":"2021-08-09T20:41:58+00:00","og_image":[{"width":1366,"height":910,"url":"https:\/\/diariotextual.com\/inicio\/wp-content\/uploads\/2021\/08\/cornejoalfredo2021-1.jpg","type":"image\/jpeg"}],"author":"diario5","twitter_card":"summary_large_image","twitter_creator":"@eltextual","twitter_site":"@eltextual","twitter_misc":{"Escrito por":"diario5","Tiempo de lectura":"2 minutos"},"schema":{"@context":"https:\/\/schema.org","@graph":[{"@type":"Article","@id":"https:\/\/diariotextual.com\/inicio\/index.php\/2021\/08\/09\/portezuelo-cornejo-cuestiono-a-la-pampa-y-lo-cruzaron-desde-el-oficialismo-como-desde-la-ucr-pampeana\/#article","isPartOf":{"@id":"https:\/\/diariotextual.com\/inicio\/index.php\/2021\/08\/09\/portezuelo-cornejo-cuestiono-a-la-pampa-y-lo-cruzaron-desde-el-oficialismo-como-desde-la-ucr-pampeana\/"},"author":{"name":"diario5","@id":"https:\/\/diariotextual.com\/inicio\/#\/schema\/person\/c7834961ad8b29b1d9cdbf4571299067"},"headline":"Portezuelo: Cornejo cuestion\u00f3 a La Pampa y lo cruzaron del oficialismo y de la UCR","datePublished":"2021-08-09T14:58:22+00:00","dateModified":"2021-08-09T20:41:58+00:00","mainEntityOfPage":{"@id":"https:\/\/diariotextual.com\/inicio\/index.php\/2021\/08\/09\/portezuelo-cornejo-cuestiono-a-la-pampa-y-lo-cruzaron-desde-el-oficialismo-como-desde-la-ucr-pampeana\/"},"wordCount":471,"publisher":{"@id":"https:\/\/diariotextual.com\/inicio\/#organization"},"image":{"@id":"https:\/\/diariotextual.com\/inicio\/index.php\/2021\/08\/09\/portezuelo-cornejo-cuestiono-a-la-pampa-y-lo-cruzaron-desde-el-oficialismo-como-desde-la-ucr-pampeana\/#primaryimage"},"thumbnailUrl":"https:\/\/diariotextual.com\/inicio\/wp-content\/uploads\/2021\/08\/cornejoalfredo2021-1.jpg","keywords":["alfredo cornejo","Portezuelo del Viento"],"articleSection":["A - PORTADA2","POLITICA"],"inLanguage":"es"},{"@type":"WebPage","@id":"https:\/\/diariotextual.com\/inicio\/index.php\/2021\/08\/09\/portezuelo-cornejo-cuestiono-a-la-pampa-y-lo-cruzaron-desde-el-oficialismo-como-desde-la-ucr-pampeana\/","url":"https:\/\/diariotextual.com\/inicio\/index.php\/2021\/08\/09\/portezuelo-cornejo-cuestiono-a-la-pampa-y-lo-cruzaron-desde-el-oficialismo-como-desde-la-ucr-pampeana\/","name":"Portezuelo: Cornejo cuestion\u00f3 a La Pampa y lo cruzaron del oficialismo y de la UCR - Diario Textual","isPartOf":{"@id":"https:\/\/diariotextual.com\/inicio\/#website"},"primaryImageOfPage":{"@id":"https:\/\/diariotextual.com\/inicio\/index.php\/2021\/08\/09\/portezuelo-cornejo-cuestiono-a-la-pampa-y-lo-cruzaron-desde-el-oficialismo-como-desde-la-ucr-pampeana\/#primaryimage"},"image":{"@id":"https:\/\/diariotextual.com\/inicio\/index.php\/2021\/08\/09\/portezuelo-cornejo-cuestiono-a-la-pampa-y-lo-cruzaron-desde-el-oficialismo-como-desde-la-ucr-pampeana\/#primaryimage"},"thumbnailUrl":"https:\/\/diariotextual.com\/inicio\/wp-content\/uploads\/2021\/08\/cornejoalfredo2021-1.jpg","datePublished":"2021-08-09T14:58:22+00:00","dateModified":"2021-08-09T20:41:58+00:00","breadcrumb":{"@id":"https:\/\/diariotextual.com\/inicio\/index.php\/2021\/08\/09\/portezuelo-cornejo-cuestiono-a-la-pampa-y-lo-cruzaron-desde-el-oficialismo-como-desde-la-ucr-pampeana\/#breadcrumb"},"inLanguage":"es","potentialAction":[{"@type":"ReadAction","target":["https:\/\/diariotextual.com\/inicio\/index.php\/2021\/08\/09\/portezuelo-cornejo-cuestiono-a-la-pampa-y-lo-cruzaron-desde-el-oficialismo-como-desde-la-ucr-pampeana\/"]}]},{"@type":"ImageObject","inLanguage":"es","@id":"https:\/\/diariotextual.com\/inicio\/index.php\/2021\/08\/09\/portezuelo-cornejo-cuestiono-a-la-pampa-y-lo-cruzaron-desde-el-oficialismo-como-desde-la-ucr-pampeana\/#primaryimage","url":"https:\/\/diariotextual.com\/inicio\/wp-content\/uploads\/2021\/08\/cornejoalfredo2021-1.jpg","contentUrl":"https:\/\/diariotextual.com\/inicio\/wp-content\/uploads\/2021\/08\/cornejoalfredo2021-1.jpg","width":1366,"height":910},{"@type":"BreadcrumbList","@id":"https:\/\/diariotextual.com\/inicio\/index.php\/2021\/08\/09\/portezuelo-cornejo-cuestiono-a-la-pampa-y-lo-cruzaron-desde-el-oficialismo-como-desde-la-ucr-pampeana\/#breadcrumb","itemListElement":[{"@type":"ListItem","position":1,"name":"Portada","item":"https:\/\/diariotextual.com\/inicio\/"},{"@type":"ListItem","position":2,"name":"Portezuelo: Cornejo cuestion\u00f3 a La Pampa y lo cruzaron del oficialismo y de la UCR"}]},{"@type":"WebSite","@id":"https:\/\/diariotextual.com\/inicio\/#website","url":"https:\/\/diariotextual.com\/inicio\/","name":"Diario Textual","description":"","publisher":{"@id":"https:\/\/diariotextual.com\/inicio\/#organization"},"potentialAction":[{"@type":"SearchAction","target":{"@type":"EntryPoint","urlTemplate":"https:\/\/diariotextual.com\/inicio\/?s={search_term_string}"},"query-input":{"@type":"PropertyValueSpecification","valueRequired":true,"valueName":"search_term_string"}}],"inLanguage":"es"},{"@type":"Organization","@id":"https:\/\/diariotextual.com\/inicio\/#organization","name":"Diario Textual","url":"https:\/\/diariotextual.com\/inicio\/","logo":{"@type":"ImageObject","inLanguage":"es","@id":"https:\/\/diariotextual.com\/inicio\/#\/schema\/logo\/image\/","url":"https:\/\/diariotextual.com\/inicio\/wp-content\/uploads\/2023\/05\/logotextual1.jpg","contentUrl":"https:\/\/diariotextual.com\/inicio\/wp-content\/uploads\/2023\/05\/logotextual1.jpg","width":516,"height":76,"caption":"Diario Textual"},"image":{"@id":"https:\/\/diariotextual.com\/inicio\/#\/schema\/logo\/image\/"},"sameAs":["https:\/\/www.facebook.com\/eltextual","https:\/\/x.com\/eltextual","http:\/\/www.instagram.com\/eltextual"]},{"@type":"Person","@id":"https:\/\/diariotextual.com\/inicio\/#\/schema\/person\/c7834961ad8b29b1d9cdbf4571299067","name":"diario5","image":{"@type":"ImageObject","inLanguage":"es","@id":"https:\/\/secure.gravatar.com\/avatar\/948c893b847ca6df68216ead81b63f363408ec9b0f600fefc0641ce78613b111?s=96&d=mm&r=g","url":"https:\/\/secure.gravatar.com\/avatar\/948c893b847ca6df68216ead81b63f363408ec9b0f600fefc0641ce78613b111?s=96&d=mm&r=g","contentUrl":"https:\/\/secure.gravatar.com\/avatar\/948c893b847ca6df68216ead81b63f363408ec9b0f600fefc0641ce78613b111?s=96&d=mm&r=g","caption":"diario5"},"url":"https:\/\/diariotextual.com\/inicio\/index.php\/author\/diario5\/"}]}},"_links":{"self":[{"href":"https:\/\/diariotextual.com\/inicio\/index.php\/wp-json\/wp\/v2\/posts\/157303","targetHints":{"allow":["GET"]}}],"collection":[{"href":"https:\/\/diariotextual.com\/inicio\/index.php\/wp-json\/wp\/v2\/posts"}],"about":[{"href":"https:\/\/diariotextual.com\/inicio\/index.php\/wp-json\/wp\/v2\/types\/post"}],"author":[{"embeddable":true,"href":"https:\/\/diariotextual.com\/inicio\/index.php\/wp-json\/wp\/v2\/users\/7"}],"replies":[{"embeddable":true,"href":"https:\/\/diariotextual.com\/inicio\/index.php\/wp-json\/wp\/v2\/comments?post=157303"}],"version-history":[{"count":4,"href":"https:\/\/diariotextual.com\/inicio\/index.php\/wp-json\/wp\/v2\/posts\/157303\/revisions"}],"predecessor-version":[{"id":157311,"href":"https:\/\/diariotextual.com\/inicio\/index.php\/wp-json\/wp\/v2\/posts\/157303\/revisions\/157311"}],"wp:featuredmedia":[{"embeddable":true,"href":"https:\/\/diariotextual.com\/inicio\/index.php\/wp-json\/wp\/v2\/media\/157312"}],"wp:attachment":[{"href":"https:\/\/diariotextual.com\/inicio\/index.php\/wp-json\/wp\/v2\/media?parent=157303"}],"wp:term":[{"taxonomy":"category","embeddable":true,"href":"https:\/\/diariotextual.com\/inicio\/index.php\/wp-json\/wp\/v2\/categories?post=157303"},{"taxonomy":"post_tag","embeddable":true,"href":"https:\/\/diariotextual.com\/inicio\/index.php\/wp-json\/wp\/v2\/tags?post=157303"}],"curies":[{"name":"wp","href":"https:\/\/api.w.org\/{rel}","templated":true}]}}