{"id":157501,"date":"2021-08-11T07:13:33","date_gmt":"2021-08-11T10:13:33","guid":{"rendered":"https:\/\/diariotextual.com\/inicio\/?p=157501"},"modified":"2021-08-11T11:00:18","modified_gmt":"2021-08-11T14:00:18","slug":"murio-chery-almudevar-medico-y-uno-de-los-referentes-del-marinismo","status":"publish","type":"post","link":"https:\/\/diariotextual.com\/inicio\/index.php\/2021\/08\/11\/murio-chery-almudevar-medico-y-uno-de-los-referentes-del-marinismo\/","title":{"rendered":"Muri\u00f3 \u201cChery\u201d Mart\u00ednez Almudevar, m\u00e9dico y uno de los referentes del marinismo"},"content":{"rendered":"\n<p><strong>Enrique Jos\u00e9 Mario Almudevar<\/strong>, m\u00e9dico, exministro y exsenador nacional, muri\u00f3 en Santa Rosa, a los 87 a\u00f1os de edad. Sus restos ser\u00e1n enterrados en General Acha, en el mediod\u00eda de este mi\u00e9rcoles.<\/p>\n\n\n\n<p>\u201cChery\u201d -hijo de un polic\u00eda y de una maestra- fue m\u00e9dico de pueblo. Por a\u00f1os trabaj\u00f3 en General Acha, hasta que en 1982 fue convocado por el gobernador Rub\u00e9n Mar\u00edn y lo design\u00f3 ministro de Bienestar Social.<\/p>\n\n\n\n<p>\u201cChery\u201d y Mar\u00edn se hab\u00edan conocido en el Colegio Domingo Savio, de Santa Rosa. Luego, incluso, hicieron juntos la colimba. \u201cSomos hermanos\u201d, dec\u00eda Almudevar, para graficar su relaci\u00f3n con el cuatro veces gobernador.<\/p>\n\n\n\n<p>En 1991, en tanto, fue elegido senador nacional. Fue uno de los referentes de la l\u00ednea Convergencia Peronista y del menemismo pampeano. Posteriormente tambi\u00e9n ocup\u00f3 un lugar en la direcci\u00f3n del Incucai.<\/p>\n\n\n\n<p>Siempre se consider\u00f3 un m\u00e9dico de pueblo. Hoy se cumplir\u00e1 uno de sus \u00faltimos deseos: descansar en Acha.<\/p>\n\n\n\n<p><\/p>\n\n\n\n<p><\/p>\n\n\n\n<p><\/p>\n","protected":false},"excerpt":{"rendered":"<p>Enrique Jos\u00e9 Mario Almudevar, m\u00e9dico, exministro y exsenador nacional, muri\u00f3 en Santa Rosa, a los 87 a\u00f1os de edad. Sus restos ser\u00e1n enterrados en General Acha, en el mediod\u00eda de&hellip;<\/p>\n","protected":false},"author":3,"featured_media":157502,"comment_status":"closed","ping_status":"open","sticky":false,"template":"","format":"standard","meta":{"_acf_changed":false,"footnotes":""},"categories":[4,10,8],"tags":[5921],"class_list":["post-157501","post","type-post","status-publish","format-standard","has-post-thumbnail","hentry","category-destacadas","category-portada-2","category-politica","tag-chery"],"acf":[],"yoast_head":"<!-- This site is optimized with the Yoast SEO plugin v27.5 - https:\/\/yoast.com\/product\/yoast-seo-wordpress\/ -->\n<title>Muri\u00f3 \u201cChery\u201d Mart\u00ednez Almudevar, m\u00e9dico y uno de los referentes del marinismo - Diario Textual<\/title>\n<meta name=\"robots\" content=\"index, follow, max-snippet:-1, max-image-preview:large, max-video-preview:-1\" \/>\n<link rel=\"canonical\" href=\"https:\/\/diariotextual.com\/inicio\/index.php\/2021\/08\/11\/murio-chery-almudevar-medico-y-uno-de-los-referentes-del-marinismo\/\" \/>\n<meta property=\"og:locale\" content=\"es_ES\" \/>\n<meta property=\"og:type\" content=\"article\" \/>\n<meta property=\"og:title\" content=\"Muri\u00f3 \u201cChery\u201d Mart\u00ednez Almudevar, m\u00e9dico y uno de los referentes del marinismo - Diario Textual\" \/>\n<meta property=\"og:description\" content=\"Enrique Jos\u00e9 Mario Almudevar, m\u00e9dico, exministro y exsenador nacional, muri\u00f3 en Santa Rosa, a los 87 a\u00f1os de edad. Sus restos ser\u00e1n enterrados en General Acha, en el mediod\u00eda de&hellip;\" \/>\n<meta property=\"og:url\" content=\"https:\/\/diariotextual.com\/inicio\/index.php\/2021\/08\/11\/murio-chery-almudevar-medico-y-uno-de-los-referentes-del-marinismo\/\" \/>\n<meta property=\"og:site_name\" content=\"Diario Textual\" \/>\n<meta property=\"article:publisher\" content=\"https:\/\/www.facebook.com\/eltextual\" \/>\n<meta property=\"article:published_time\" content=\"2021-08-11T10:13:33+00:00\" \/>\n<meta property=\"article:modified_time\" content=\"2021-08-11T14:00:18+00:00\" \/>\n<meta property=\"og:image\" content=\"https:\/\/diariotextual.com\/inicio\/wp-content\/uploads\/2021\/08\/almudevarchery001.jpg\" \/>\n\t<meta property=\"og:image:width\" content=\"650\" \/>\n\t<meta property=\"og:image:height\" content=\"451\" \/>\n\t<meta property=\"og:image:type\" content=\"image\/jpeg\" \/>\n<meta name=\"author\" content=\"Diario1 Diario1\" \/>\n<meta name=\"twitter:card\" content=\"summary_large_image\" \/>\n<meta name=\"twitter:creator\" content=\"@eltextual\" \/>\n<meta name=\"twitter:site\" content=\"@eltextual\" \/>\n<meta name=\"twitter:label1\" content=\"Escrito por\" \/>\n\t<meta name=\"twitter:data1\" content=\"Diario1 Diario1\" \/>\n\t<meta name=\"twitter:label2\" content=\"Tiempo de lectura\" \/>\n\t<meta name=\"twitter:data2\" content=\"1 minuto\" \/>\n<script type=\"application\/ld+json\" class=\"yoast-schema-graph\">{\"@context\":\"https:\\\/\\\/schema.org\",\"@graph\":[{\"@type\":\"Article\",\"@id\":\"https:\\\/\\\/diariotextual.com\\\/inicio\\\/index.php\\\/2021\\\/08\\\/11\\\/murio-chery-almudevar-medico-y-uno-de-los-referentes-del-marinismo\\\/#article\",\"isPartOf\":{\"@id\":\"https:\\\/\\\/diariotextual.com\\\/inicio\\\/index.php\\\/2021\\\/08\\\/11\\\/murio-chery-almudevar-medico-y-uno-de-los-referentes-del-marinismo\\\/\"},\"author\":{\"name\":\"Diario1 Diario1\",\"@id\":\"https:\\\/\\\/diariotextual.com\\\/inicio\\\/#\\\/schema\\\/person\\\/418fc4093c33e86ed41562db3508f958\"},\"headline\":\"Muri\u00f3 \u201cChery\u201d Mart\u00ednez Almudevar, m\u00e9dico y uno de los referentes del marinismo\",\"datePublished\":\"2021-08-11T10:13:33+00:00\",\"dateModified\":\"2021-08-11T14:00:18+00:00\",\"mainEntityOfPage\":{\"@id\":\"https:\\\/\\\/diariotextual.com\\\/inicio\\\/index.php\\\/2021\\\/08\\\/11\\\/murio-chery-almudevar-medico-y-uno-de-los-referentes-del-marinismo\\\/\"},\"wordCount\":181,\"publisher\":{\"@id\":\"https:\\\/\\\/diariotextual.com\\\/inicio\\\/#organization\"},\"image\":{\"@id\":\"https:\\\/\\\/diariotextual.com\\\/inicio\\\/index.php\\\/2021\\\/08\\\/11\\\/murio-chery-almudevar-medico-y-uno-de-los-referentes-del-marinismo\\\/#primaryimage\"},\"thumbnailUrl\":\"https:\\\/\\\/diariotextual.com\\\/inicio\\\/wp-content\\\/uploads\\\/2021\\\/08\\\/almudevarchery001.jpg\",\"keywords\":[\"chery\"],\"articleSection\":[\"A - DESTACADAS (mod 16)\",\"A - PORTADA2\",\"POLITICA\"],\"inLanguage\":\"es\"},{\"@type\":\"WebPage\",\"@id\":\"https:\\\/\\\/diariotextual.com\\\/inicio\\\/index.php\\\/2021\\\/08\\\/11\\\/murio-chery-almudevar-medico-y-uno-de-los-referentes-del-marinismo\\\/\",\"url\":\"https:\\\/\\\/diariotextual.com\\\/inicio\\\/index.php\\\/2021\\\/08\\\/11\\\/murio-chery-almudevar-medico-y-uno-de-los-referentes-del-marinismo\\\/\",\"name\":\"Muri\u00f3 \u201cChery\u201d Mart\u00ednez Almudevar, m\u00e9dico y uno de los referentes del marinismo - Diario Textual\",\"isPartOf\":{\"@id\":\"https:\\\/\\\/diariotextual.com\\\/inicio\\\/#website\"},\"primaryImageOfPage\":{\"@id\":\"https:\\\/\\\/diariotextual.com\\\/inicio\\\/index.php\\\/2021\\\/08\\\/11\\\/murio-chery-almudevar-medico-y-uno-de-los-referentes-del-marinismo\\\/#primaryimage\"},\"image\":{\"@id\":\"https:\\\/\\\/diariotextual.com\\\/inicio\\\/index.php\\\/2021\\\/08\\\/11\\\/murio-chery-almudevar-medico-y-uno-de-los-referentes-del-marinismo\\\/#primaryimage\"},\"thumbnailUrl\":\"https:\\\/\\\/diariotextual.com\\\/inicio\\\/wp-content\\\/uploads\\\/2021\\\/08\\\/almudevarchery001.jpg\",\"datePublished\":\"2021-08-11T10:13:33+00:00\",\"dateModified\":\"2021-08-11T14:00:18+00:00\",\"breadcrumb\":{\"@id\":\"https:\\\/\\\/diariotextual.com\\\/inicio\\\/index.php\\\/2021\\\/08\\\/11\\\/murio-chery-almudevar-medico-y-uno-de-los-referentes-del-marinismo\\\/#breadcrumb\"},\"inLanguage\":\"es\",\"potentialAction\":[{\"@type\":\"ReadAction\",\"target\":[\"https:\\\/\\\/diariotextual.com\\\/inicio\\\/index.php\\\/2021\\\/08\\\/11\\\/murio-chery-almudevar-medico-y-uno-de-los-referentes-del-marinismo\\\/\"]}]},{\"@type\":\"ImageObject\",\"inLanguage\":\"es\",\"@id\":\"https:\\\/\\\/diariotextual.com\\\/inicio\\\/index.php\\\/2021\\\/08\\\/11\\\/murio-chery-almudevar-medico-y-uno-de-los-referentes-del-marinismo\\\/#primaryimage\",\"url\":\"https:\\\/\\\/diariotextual.com\\\/inicio\\\/wp-content\\\/uploads\\\/2021\\\/08\\\/almudevarchery001.jpg\",\"contentUrl\":\"https:\\\/\\\/diariotextual.com\\\/inicio\\\/wp-content\\\/uploads\\\/2021\\\/08\\\/almudevarchery001.jpg\",\"width\":650,\"height\":451},{\"@type\":\"BreadcrumbList\",\"@id\":\"https:\\\/\\\/diariotextual.com\\\/inicio\\\/index.php\\\/2021\\\/08\\\/11\\\/murio-chery-almudevar-medico-y-uno-de-los-referentes-del-marinismo\\\/#breadcrumb\",\"itemListElement\":[{\"@type\":\"ListItem\",\"position\":1,\"name\":\"Portada\",\"item\":\"https:\\\/\\\/diariotextual.com\\\/inicio\\\/\"},{\"@type\":\"ListItem\",\"position\":2,\"name\":\"Muri\u00f3 \u201cChery\u201d Mart\u00ednez Almudevar, m\u00e9dico y uno de los referentes del marinismo\"}]},{\"@type\":\"WebSite\",\"@id\":\"https:\\\/\\\/diariotextual.com\\\/inicio\\\/#website\",\"url\":\"https:\\\/\\\/diariotextual.com\\\/inicio\\\/\",\"name\":\"Diario Textual\",\"description\":\"\",\"publisher\":{\"@id\":\"https:\\\/\\\/diariotextual.com\\\/inicio\\\/#organization\"},\"potentialAction\":[{\"@type\":\"SearchAction\",\"target\":{\"@type\":\"EntryPoint\",\"urlTemplate\":\"https:\\\/\\\/diariotextual.com\\\/inicio\\\/?s={search_term_string}\"},\"query-input\":{\"@type\":\"PropertyValueSpecification\",\"valueRequired\":true,\"valueName\":\"search_term_string\"}}],\"inLanguage\":\"es\"},{\"@type\":\"Organization\",\"@id\":\"https:\\\/\\\/diariotextual.com\\\/inicio\\\/#organization\",\"name\":\"Diario Textual\",\"url\":\"https:\\\/\\\/diariotextual.com\\\/inicio\\\/\",\"logo\":{\"@type\":\"ImageObject\",\"inLanguage\":\"es\",\"@id\":\"https:\\\/\\\/diariotextual.com\\\/inicio\\\/#\\\/schema\\\/logo\\\/image\\\/\",\"url\":\"https:\\\/\\\/diariotextual.com\\\/inicio\\\/wp-content\\\/uploads\\\/2023\\\/05\\\/logotextual1.jpg\",\"contentUrl\":\"https:\\\/\\\/diariotextual.com\\\/inicio\\\/wp-content\\\/uploads\\\/2023\\\/05\\\/logotextual1.jpg\",\"width\":516,\"height\":76,\"caption\":\"Diario Textual\"},\"image\":{\"@id\":\"https:\\\/\\\/diariotextual.com\\\/inicio\\\/#\\\/schema\\\/logo\\\/image\\\/\"},\"sameAs\":[\"https:\\\/\\\/www.facebook.com\\\/eltextual\",\"https:\\\/\\\/x.com\\\/eltextual\",\"http:\\\/\\\/www.instagram.com\\\/eltextual\"]},{\"@type\":\"Person\",\"@id\":\"https:\\\/\\\/diariotextual.com\\\/inicio\\\/#\\\/schema\\\/person\\\/418fc4093c33e86ed41562db3508f958\",\"name\":\"Diario1 Diario1\",\"image\":{\"@type\":\"ImageObject\",\"inLanguage\":\"es\",\"@id\":\"https:\\\/\\\/secure.gravatar.com\\\/avatar\\\/9167d280179c85bc18be67aa7eda765854300033af4896dd779b608640f2ef7a?s=96&d=mm&r=g\",\"url\":\"https:\\\/\\\/secure.gravatar.com\\\/avatar\\\/9167d280179c85bc18be67aa7eda765854300033af4896dd779b608640f2ef7a?s=96&d=mm&r=g\",\"contentUrl\":\"https:\\\/\\\/secure.gravatar.com\\\/avatar\\\/9167d280179c85bc18be67aa7eda765854300033af4896dd779b608640f2ef7a?s=96&d=mm&r=g\",\"caption\":\"Diario1 Diario1\"},\"url\":\"https:\\\/\\\/diariotextual.com\\\/inicio\\\/index.php\\\/author\\\/diario1\\\/\"}]}<\/script>\n<!-- \/ Yoast SEO plugin. -->","yoast_head_json":{"title":"Muri\u00f3 \u201cChery\u201d Mart\u00ednez Almudevar, m\u00e9dico y uno de los referentes del marinismo - Diario Textual","robots":{"index":"index","follow":"follow","max-snippet":"max-snippet:-1","max-image-preview":"max-image-preview:large","max-video-preview":"max-video-preview:-1"},"canonical":"https:\/\/diariotextual.com\/inicio\/index.php\/2021\/08\/11\/murio-chery-almudevar-medico-y-uno-de-los-referentes-del-marinismo\/","og_locale":"es_ES","og_type":"article","og_title":"Muri\u00f3 \u201cChery\u201d Mart\u00ednez Almudevar, m\u00e9dico y uno de los referentes del marinismo - Diario Textual","og_description":"Enrique Jos\u00e9 Mario Almudevar, m\u00e9dico, exministro y exsenador nacional, muri\u00f3 en Santa Rosa, a los 87 a\u00f1os de edad. Sus restos ser\u00e1n enterrados en General Acha, en el mediod\u00eda de&hellip;","og_url":"https:\/\/diariotextual.com\/inicio\/index.php\/2021\/08\/11\/murio-chery-almudevar-medico-y-uno-de-los-referentes-del-marinismo\/","og_site_name":"Diario Textual","article_publisher":"https:\/\/www.facebook.com\/eltextual","article_published_time":"2021-08-11T10:13:33+00:00","article_modified_time":"2021-08-11T14:00:18+00:00","og_image":[{"width":650,"height":451,"url":"https:\/\/diariotextual.com\/inicio\/wp-content\/uploads\/2021\/08\/almudevarchery001.jpg","type":"image\/jpeg"}],"author":"Diario1 Diario1","twitter_card":"summary_large_image","twitter_creator":"@eltextual","twitter_site":"@eltextual","twitter_misc":{"Escrito por":"Diario1 Diario1","Tiempo de lectura":"1 minuto"},"schema":{"@context":"https:\/\/schema.org","@graph":[{"@type":"Article","@id":"https:\/\/diariotextual.com\/inicio\/index.php\/2021\/08\/11\/murio-chery-almudevar-medico-y-uno-de-los-referentes-del-marinismo\/#article","isPartOf":{"@id":"https:\/\/diariotextual.com\/inicio\/index.php\/2021\/08\/11\/murio-chery-almudevar-medico-y-uno-de-los-referentes-del-marinismo\/"},"author":{"name":"Diario1 Diario1","@id":"https:\/\/diariotextual.com\/inicio\/#\/schema\/person\/418fc4093c33e86ed41562db3508f958"},"headline":"Muri\u00f3 \u201cChery\u201d Mart\u00ednez Almudevar, m\u00e9dico y uno de los referentes del marinismo","datePublished":"2021-08-11T10:13:33+00:00","dateModified":"2021-08-11T14:00:18+00:00","mainEntityOfPage":{"@id":"https:\/\/diariotextual.com\/inicio\/index.php\/2021\/08\/11\/murio-chery-almudevar-medico-y-uno-de-los-referentes-del-marinismo\/"},"wordCount":181,"publisher":{"@id":"https:\/\/diariotextual.com\/inicio\/#organization"},"image":{"@id":"https:\/\/diariotextual.com\/inicio\/index.php\/2021\/08\/11\/murio-chery-almudevar-medico-y-uno-de-los-referentes-del-marinismo\/#primaryimage"},"thumbnailUrl":"https:\/\/diariotextual.com\/inicio\/wp-content\/uploads\/2021\/08\/almudevarchery001.jpg","keywords":["chery"],"articleSection":["A - DESTACADAS (mod 16)","A - PORTADA2","POLITICA"],"inLanguage":"es"},{"@type":"WebPage","@id":"https:\/\/diariotextual.com\/inicio\/index.php\/2021\/08\/11\/murio-chery-almudevar-medico-y-uno-de-los-referentes-del-marinismo\/","url":"https:\/\/diariotextual.com\/inicio\/index.php\/2021\/08\/11\/murio-chery-almudevar-medico-y-uno-de-los-referentes-del-marinismo\/","name":"Muri\u00f3 \u201cChery\u201d Mart\u00ednez Almudevar, m\u00e9dico y uno de los referentes del marinismo - Diario Textual","isPartOf":{"@id":"https:\/\/diariotextual.com\/inicio\/#website"},"primaryImageOfPage":{"@id":"https:\/\/diariotextual.com\/inicio\/index.php\/2021\/08\/11\/murio-chery-almudevar-medico-y-uno-de-los-referentes-del-marinismo\/#primaryimage"},"image":{"@id":"https:\/\/diariotextual.com\/inicio\/index.php\/2021\/08\/11\/murio-chery-almudevar-medico-y-uno-de-los-referentes-del-marinismo\/#primaryimage"},"thumbnailUrl":"https:\/\/diariotextual.com\/inicio\/wp-content\/uploads\/2021\/08\/almudevarchery001.jpg","datePublished":"2021-08-11T10:13:33+00:00","dateModified":"2021-08-11T14:00:18+00:00","breadcrumb":{"@id":"https:\/\/diariotextual.com\/inicio\/index.php\/2021\/08\/11\/murio-chery-almudevar-medico-y-uno-de-los-referentes-del-marinismo\/#breadcrumb"},"inLanguage":"es","potentialAction":[{"@type":"ReadAction","target":["https:\/\/diariotextual.com\/inicio\/index.php\/2021\/08\/11\/murio-chery-almudevar-medico-y-uno-de-los-referentes-del-marinismo\/"]}]},{"@type":"ImageObject","inLanguage":"es","@id":"https:\/\/diariotextual.com\/inicio\/index.php\/2021\/08\/11\/murio-chery-almudevar-medico-y-uno-de-los-referentes-del-marinismo\/#primaryimage","url":"https:\/\/diariotextual.com\/inicio\/wp-content\/uploads\/2021\/08\/almudevarchery001.jpg","contentUrl":"https:\/\/diariotextual.com\/inicio\/wp-content\/uploads\/2021\/08\/almudevarchery001.jpg","width":650,"height":451},{"@type":"BreadcrumbList","@id":"https:\/\/diariotextual.com\/inicio\/index.php\/2021\/08\/11\/murio-chery-almudevar-medico-y-uno-de-los-referentes-del-marinismo\/#breadcrumb","itemListElement":[{"@type":"ListItem","position":1,"name":"Portada","item":"https:\/\/diariotextual.com\/inicio\/"},{"@type":"ListItem","position":2,"name":"Muri\u00f3 \u201cChery\u201d Mart\u00ednez Almudevar, m\u00e9dico y uno de los referentes del marinismo"}]},{"@type":"WebSite","@id":"https:\/\/diariotextual.com\/inicio\/#website","url":"https:\/\/diariotextual.com\/inicio\/","name":"Diario Textual","description":"","publisher":{"@id":"https:\/\/diariotextual.com\/inicio\/#organization"},"potentialAction":[{"@type":"SearchAction","target":{"@type":"EntryPoint","urlTemplate":"https:\/\/diariotextual.com\/inicio\/?s={search_term_string}"},"query-input":{"@type":"PropertyValueSpecification","valueRequired":true,"valueName":"search_term_string"}}],"inLanguage":"es"},{"@type":"Organization","@id":"https:\/\/diariotextual.com\/inicio\/#organization","name":"Diario Textual","url":"https:\/\/diariotextual.com\/inicio\/","logo":{"@type":"ImageObject","inLanguage":"es","@id":"https:\/\/diariotextual.com\/inicio\/#\/schema\/logo\/image\/","url":"https:\/\/diariotextual.com\/inicio\/wp-content\/uploads\/2023\/05\/logotextual1.jpg","contentUrl":"https:\/\/diariotextual.com\/inicio\/wp-content\/uploads\/2023\/05\/logotextual1.jpg","width":516,"height":76,"caption":"Diario Textual"},"image":{"@id":"https:\/\/diariotextual.com\/inicio\/#\/schema\/logo\/image\/"},"sameAs":["https:\/\/www.facebook.com\/eltextual","https:\/\/x.com\/eltextual","http:\/\/www.instagram.com\/eltextual"]},{"@type":"Person","@id":"https:\/\/diariotextual.com\/inicio\/#\/schema\/person\/418fc4093c33e86ed41562db3508f958","name":"Diario1 Diario1","image":{"@type":"ImageObject","inLanguage":"es","@id":"https:\/\/secure.gravatar.com\/avatar\/9167d280179c85bc18be67aa7eda765854300033af4896dd779b608640f2ef7a?s=96&d=mm&r=g","url":"https:\/\/secure.gravatar.com\/avatar\/9167d280179c85bc18be67aa7eda765854300033af4896dd779b608640f2ef7a?s=96&d=mm&r=g","contentUrl":"https:\/\/secure.gravatar.com\/avatar\/9167d280179c85bc18be67aa7eda765854300033af4896dd779b608640f2ef7a?s=96&d=mm&r=g","caption":"Diario1 Diario1"},"url":"https:\/\/diariotextual.com\/inicio\/index.php\/author\/diario1\/"}]}},"_links":{"self":[{"href":"https:\/\/diariotextual.com\/inicio\/index.php\/wp-json\/wp\/v2\/posts\/157501","targetHints":{"allow":["GET"]}}],"collection":[{"href":"https:\/\/diariotextual.com\/inicio\/index.php\/wp-json\/wp\/v2\/posts"}],"about":[{"href":"https:\/\/diariotextual.com\/inicio\/index.php\/wp-json\/wp\/v2\/types\/post"}],"author":[{"embeddable":true,"href":"https:\/\/diariotextual.com\/inicio\/index.php\/wp-json\/wp\/v2\/users\/3"}],"replies":[{"embeddable":true,"href":"https:\/\/diariotextual.com\/inicio\/index.php\/wp-json\/wp\/v2\/comments?post=157501"}],"version-history":[{"count":4,"href":"https:\/\/diariotextual.com\/inicio\/index.php\/wp-json\/wp\/v2\/posts\/157501\/revisions"}],"predecessor-version":[{"id":157508,"href":"https:\/\/diariotextual.com\/inicio\/index.php\/wp-json\/wp\/v2\/posts\/157501\/revisions\/157508"}],"wp:featuredmedia":[{"embeddable":true,"href":"https:\/\/diariotextual.com\/inicio\/index.php\/wp-json\/wp\/v2\/media\/157502"}],"wp:attachment":[{"href":"https:\/\/diariotextual.com\/inicio\/index.php\/wp-json\/wp\/v2\/media?parent=157501"}],"wp:term":[{"taxonomy":"category","embeddable":true,"href":"https:\/\/diariotextual.com\/inicio\/index.php\/wp-json\/wp\/v2\/categories?post=157501"},{"taxonomy":"post_tag","embeddable":true,"href":"https:\/\/diariotextual.com\/inicio\/index.php\/wp-json\/wp\/v2\/tags?post=157501"}],"curies":[{"name":"wp","href":"https:\/\/api.w.org\/{rel}","templated":true}]}}