{"id":157557,"date":"2021-08-11T14:48:47","date_gmt":"2021-08-11T17:48:47","guid":{"rendered":"https:\/\/diariotextual.com\/inicio\/?p=157557"},"modified":"2021-08-12T08:06:17","modified_gmt":"2021-08-12T11:06:17","slug":"general-acha-ate-reclama-terapias-en-el-hospital-padre-buodo","status":"publish","type":"post","link":"https:\/\/diariotextual.com\/inicio\/index.php\/2021\/08\/11\/general-acha-ate-reclama-terapias-en-el-hospital-padre-buodo\/","title":{"rendered":"General Acha: ATE reclama terapias en el hospital Padre Buodo"},"content":{"rendered":"\n<p>La Asociaci\u00f3n Trabajadores del Estado (ATE), seccional General Acha, le reclam\u00f3 al gobernador de La Pampa, Sergio Ziliotto, que <strong>restablezca los servicios de terapia intermedia e intensiva del hospital Padre Buodo<\/strong> para poder hacer frente a las urgencias sanitarias, ya que en la localidad no existen cl\u00ednicas privadas.<\/p>\n\n\n\n<p>En un comunicado de prensa enviado a Diario Textual, el gremio record\u00f3 que se trata de un hospital regional que atiende 19 localidades. Precis\u00f3 que <strong>entre 2007 y 2016 cont\u00f3 con una sala de terapia intermedia equipada, inaugurada por el exgobernador Carlos Verna, pero nunca funcion\u00f3.<\/strong><\/p>\n\n\n\n<p><strong>\u201cEntre 2012 y 2015 sacaron todo el equipamiento y fue llevado a distintos centro de salud de Santa Rosa, General Pico y el aut\u00f3dromo de Toay sin importarles la salud de los achenses<\/strong>\u201d, expres\u00f3 el gremio estatal, en una gacetilla que lleva la firma de la secretaria General, Norma Beatriz Ojeda, quien agreg\u00f3: \u201cLa sala de terapia intermedia es utilizada para dep\u00f3sito\u201d.<\/p>\n\n\n\n<p>En la nota, ATE lament\u00f3 que durante mucho tiempo fueron espectadores sufrientes viendo morir en una urgencia a familiares y amigos, antes que subieran a una ambulancia o en viaje a Santa Rosa distante 100 kil\u00f3metros de General Acha. \u201cVan a decir que no hay recursos humanos para la terapia. Bueno, que capaciten al personal de enfermer\u00eda y m\u00e9dicos, entre los que se encuentra un terapista. Tenemos muchos habitantes y necesitamos un hospital m\u00e1s equipado, con atenci\u00f3n m\u00e9dica de distintas especialidades\u201d, insisti\u00f3 el gremio.<\/p>\n\n\n\n<p>Y se valor\u00f3 que <strong>en 2016 se reinaugur\u00f3 la sala de di\u00e1lisis, pero lament\u00f3 que cuando un paciente se descompensa por dicho tratamiento debe ser derivado a un establecimiento sanitario de alta complejidad. Coment\u00f3 que el tom\u00f3grafo se encuentra fuera de servicio hace m\u00e1s de tres meses<\/strong>, por lo que los pacientes que lo requieren deben trasladarse en ambulancia a Santa Rosa. Todo esto sumado a la rotura del equipo de rayos port\u00e1til y el deficitario mantenimiento del equipo de rayos fijos que los radi\u00f3logos solicitaron por nota en vano a la direcci\u00f3n.<\/p>\n\n\n\n<p>En el escrito tambi\u00e9n se resalt\u00f3 la preocupaci\u00f3n por <strong>la falta de un utilitario para cubrir los centros de salud de Puelches, Chacharramendi y La Reforma que cuentan con una ambulancia.<\/strong> \u201cChacharramendi y La Reforma siempre contaron con dos ambulancias para el traslado de pacientes de la localidades o accidentados en la denominada \u2018Ruta del Desierto\u2019 y hoy solamente cuentan con una ambulancia por pueblo\u201d, fustig\u00f3 ATE.\u00a0<\/p>\n\n\n\n<p>Finalmente, la dirigente opin\u00f3 que <strong>los achenses \u201cest\u00e1n abandonados y discriminados\u201d <\/strong>respecto a salud, como as\u00ed tambi\u00e9n en el armado de m\u00f3dulos de internaci\u00f3n para Covid 19. \u201cFuimos excluidos de ese sistema y los pacientes que requieren tenci\u00f3n respiratoria o aquellos enfermos que directamente pasan a terapia intensiva son derivados a Santa Rosa\u201d, concluy\u00f3.<\/p>\n","protected":false},"excerpt":{"rendered":"<p>La Asociaci\u00f3n Trabajadores del Estado (ATE), seccional General Acha, le reclam\u00f3 al gobernador de La Pampa, Sergio Ziliotto, que restablezca los servicios de terapia intermedia e intensiva del hospital Padre&hellip;<\/p>\n","protected":false},"author":5,"featured_media":149906,"comment_status":"closed","ping_status":"open","sticky":false,"template":"","format":"standard","meta":{"_acf_changed":false,"footnotes":""},"categories":[1,12],"tags":[201,882,5922],"class_list":["post-157557","post","type-post","status-publish","format-standard","has-post-thumbnail","hentry","category-es-noticia","category-sociedad","tag-ate","tag-general-acha","tag-hospital-padre-buodo"],"acf":[],"yoast_head":"<!-- This site is optimized with the Yoast SEO plugin v27.5 - https:\/\/yoast.com\/product\/yoast-seo-wordpress\/ -->\n<title>General Acha: ATE reclama terapias en el hospital Padre Buodo - Diario Textual<\/title>\n<meta name=\"robots\" content=\"index, follow, max-snippet:-1, max-image-preview:large, max-video-preview:-1\" \/>\n<link rel=\"canonical\" href=\"https:\/\/diariotextual.com\/inicio\/index.php\/2021\/08\/11\/general-acha-ate-reclama-terapias-en-el-hospital-padre-buodo\/\" \/>\n<meta property=\"og:locale\" content=\"es_ES\" \/>\n<meta property=\"og:type\" content=\"article\" \/>\n<meta property=\"og:title\" content=\"General Acha: ATE reclama terapias en el hospital Padre Buodo - Diario Textual\" \/>\n<meta property=\"og:description\" content=\"La Asociaci\u00f3n Trabajadores del Estado (ATE), seccional General Acha, le reclam\u00f3 al gobernador de La Pampa, Sergio Ziliotto, que restablezca los servicios de terapia intermedia e intensiva del hospital Padre&hellip;\" \/>\n<meta property=\"og:url\" content=\"https:\/\/diariotextual.com\/inicio\/index.php\/2021\/08\/11\/general-acha-ate-reclama-terapias-en-el-hospital-padre-buodo\/\" \/>\n<meta property=\"og:site_name\" content=\"Diario Textual\" \/>\n<meta property=\"article:publisher\" content=\"https:\/\/www.facebook.com\/eltextual\" \/>\n<meta property=\"article:published_time\" content=\"2021-08-11T17:48:47+00:00\" \/>\n<meta property=\"article:modified_time\" content=\"2021-08-12T11:06:17+00:00\" \/>\n<meta property=\"og:image\" content=\"https:\/\/diariotextual.com\/inicio\/wp-content\/uploads\/2021\/06\/terapiasintensivasmolas2021-10.jpg\" \/>\n\t<meta property=\"og:image:width\" content=\"1949\" \/>\n\t<meta property=\"og:image:height\" content=\"1299\" \/>\n\t<meta property=\"og:image:type\" content=\"image\/jpeg\" \/>\n<meta name=\"author\" content=\"diario3\" \/>\n<meta name=\"twitter:card\" content=\"summary_large_image\" \/>\n<meta name=\"twitter:creator\" content=\"@eltextual\" \/>\n<meta name=\"twitter:site\" content=\"@eltextual\" \/>\n<meta name=\"twitter:label1\" content=\"Escrito por\" \/>\n\t<meta name=\"twitter:data1\" content=\"diario3\" \/>\n\t<meta name=\"twitter:label2\" content=\"Tiempo de lectura\" \/>\n\t<meta name=\"twitter:data2\" content=\"2 minutos\" \/>\n<script type=\"application\/ld+json\" class=\"yoast-schema-graph\">{\"@context\":\"https:\\\/\\\/schema.org\",\"@graph\":[{\"@type\":\"Article\",\"@id\":\"https:\\\/\\\/diariotextual.com\\\/inicio\\\/index.php\\\/2021\\\/08\\\/11\\\/general-acha-ate-reclama-terapias-en-el-hospital-padre-buodo\\\/#article\",\"isPartOf\":{\"@id\":\"https:\\\/\\\/diariotextual.com\\\/inicio\\\/index.php\\\/2021\\\/08\\\/11\\\/general-acha-ate-reclama-terapias-en-el-hospital-padre-buodo\\\/\"},\"author\":{\"name\":\"diario3\",\"@id\":\"https:\\\/\\\/diariotextual.com\\\/inicio\\\/#\\\/schema\\\/person\\\/a1b6f563e0ee944c60f98119389a4d9f\"},\"headline\":\"General Acha: ATE reclama terapias en el hospital Padre Buodo\",\"datePublished\":\"2021-08-11T17:48:47+00:00\",\"dateModified\":\"2021-08-12T11:06:17+00:00\",\"mainEntityOfPage\":{\"@id\":\"https:\\\/\\\/diariotextual.com\\\/inicio\\\/index.php\\\/2021\\\/08\\\/11\\\/general-acha-ate-reclama-terapias-en-el-hospital-padre-buodo\\\/\"},\"wordCount\":479,\"publisher\":{\"@id\":\"https:\\\/\\\/diariotextual.com\\\/inicio\\\/#organization\"},\"image\":{\"@id\":\"https:\\\/\\\/diariotextual.com\\\/inicio\\\/index.php\\\/2021\\\/08\\\/11\\\/general-acha-ate-reclama-terapias-en-el-hospital-padre-buodo\\\/#primaryimage\"},\"thumbnailUrl\":\"https:\\\/\\\/diariotextual.com\\\/inicio\\\/wp-content\\\/uploads\\\/2021\\\/06\\\/terapiasintensivasmolas2021-10.jpg\",\"keywords\":[\"ate\",\"General Acha\",\"hospital padre buodo\"],\"articleSection\":[\"A - ES NOTICIA (van abajo)\",\"SOCIEDAD\"],\"inLanguage\":\"es\"},{\"@type\":\"WebPage\",\"@id\":\"https:\\\/\\\/diariotextual.com\\\/inicio\\\/index.php\\\/2021\\\/08\\\/11\\\/general-acha-ate-reclama-terapias-en-el-hospital-padre-buodo\\\/\",\"url\":\"https:\\\/\\\/diariotextual.com\\\/inicio\\\/index.php\\\/2021\\\/08\\\/11\\\/general-acha-ate-reclama-terapias-en-el-hospital-padre-buodo\\\/\",\"name\":\"General Acha: ATE reclama terapias en el hospital Padre Buodo - Diario Textual\",\"isPartOf\":{\"@id\":\"https:\\\/\\\/diariotextual.com\\\/inicio\\\/#website\"},\"primaryImageOfPage\":{\"@id\":\"https:\\\/\\\/diariotextual.com\\\/inicio\\\/index.php\\\/2021\\\/08\\\/11\\\/general-acha-ate-reclama-terapias-en-el-hospital-padre-buodo\\\/#primaryimage\"},\"image\":{\"@id\":\"https:\\\/\\\/diariotextual.com\\\/inicio\\\/index.php\\\/2021\\\/08\\\/11\\\/general-acha-ate-reclama-terapias-en-el-hospital-padre-buodo\\\/#primaryimage\"},\"thumbnailUrl\":\"https:\\\/\\\/diariotextual.com\\\/inicio\\\/wp-content\\\/uploads\\\/2021\\\/06\\\/terapiasintensivasmolas2021-10.jpg\",\"datePublished\":\"2021-08-11T17:48:47+00:00\",\"dateModified\":\"2021-08-12T11:06:17+00:00\",\"breadcrumb\":{\"@id\":\"https:\\\/\\\/diariotextual.com\\\/inicio\\\/index.php\\\/2021\\\/08\\\/11\\\/general-acha-ate-reclama-terapias-en-el-hospital-padre-buodo\\\/#breadcrumb\"},\"inLanguage\":\"es\",\"potentialAction\":[{\"@type\":\"ReadAction\",\"target\":[\"https:\\\/\\\/diariotextual.com\\\/inicio\\\/index.php\\\/2021\\\/08\\\/11\\\/general-acha-ate-reclama-terapias-en-el-hospital-padre-buodo\\\/\"]}]},{\"@type\":\"ImageObject\",\"inLanguage\":\"es\",\"@id\":\"https:\\\/\\\/diariotextual.com\\\/inicio\\\/index.php\\\/2021\\\/08\\\/11\\\/general-acha-ate-reclama-terapias-en-el-hospital-padre-buodo\\\/#primaryimage\",\"url\":\"https:\\\/\\\/diariotextual.com\\\/inicio\\\/wp-content\\\/uploads\\\/2021\\\/06\\\/terapiasintensivasmolas2021-10.jpg\",\"contentUrl\":\"https:\\\/\\\/diariotextual.com\\\/inicio\\\/wp-content\\\/uploads\\\/2021\\\/06\\\/terapiasintensivasmolas2021-10.jpg\",\"width\":1949,\"height\":1299},{\"@type\":\"BreadcrumbList\",\"@id\":\"https:\\\/\\\/diariotextual.com\\\/inicio\\\/index.php\\\/2021\\\/08\\\/11\\\/general-acha-ate-reclama-terapias-en-el-hospital-padre-buodo\\\/#breadcrumb\",\"itemListElement\":[{\"@type\":\"ListItem\",\"position\":1,\"name\":\"Portada\",\"item\":\"https:\\\/\\\/diariotextual.com\\\/inicio\\\/\"},{\"@type\":\"ListItem\",\"position\":2,\"name\":\"General Acha: ATE reclama terapias en el hospital Padre Buodo\"}]},{\"@type\":\"WebSite\",\"@id\":\"https:\\\/\\\/diariotextual.com\\\/inicio\\\/#website\",\"url\":\"https:\\\/\\\/diariotextual.com\\\/inicio\\\/\",\"name\":\"Diario Textual\",\"description\":\"\",\"publisher\":{\"@id\":\"https:\\\/\\\/diariotextual.com\\\/inicio\\\/#organization\"},\"potentialAction\":[{\"@type\":\"SearchAction\",\"target\":{\"@type\":\"EntryPoint\",\"urlTemplate\":\"https:\\\/\\\/diariotextual.com\\\/inicio\\\/?s={search_term_string}\"},\"query-input\":{\"@type\":\"PropertyValueSpecification\",\"valueRequired\":true,\"valueName\":\"search_term_string\"}}],\"inLanguage\":\"es\"},{\"@type\":\"Organization\",\"@id\":\"https:\\\/\\\/diariotextual.com\\\/inicio\\\/#organization\",\"name\":\"Diario Textual\",\"url\":\"https:\\\/\\\/diariotextual.com\\\/inicio\\\/\",\"logo\":{\"@type\":\"ImageObject\",\"inLanguage\":\"es\",\"@id\":\"https:\\\/\\\/diariotextual.com\\\/inicio\\\/#\\\/schema\\\/logo\\\/image\\\/\",\"url\":\"https:\\\/\\\/diariotextual.com\\\/inicio\\\/wp-content\\\/uploads\\\/2023\\\/05\\\/logotextual1.jpg\",\"contentUrl\":\"https:\\\/\\\/diariotextual.com\\\/inicio\\\/wp-content\\\/uploads\\\/2023\\\/05\\\/logotextual1.jpg\",\"width\":516,\"height\":76,\"caption\":\"Diario Textual\"},\"image\":{\"@id\":\"https:\\\/\\\/diariotextual.com\\\/inicio\\\/#\\\/schema\\\/logo\\\/image\\\/\"},\"sameAs\":[\"https:\\\/\\\/www.facebook.com\\\/eltextual\",\"https:\\\/\\\/x.com\\\/eltextual\",\"http:\\\/\\\/www.instagram.com\\\/eltextual\"]},{\"@type\":\"Person\",\"@id\":\"https:\\\/\\\/diariotextual.com\\\/inicio\\\/#\\\/schema\\\/person\\\/a1b6f563e0ee944c60f98119389a4d9f\",\"name\":\"diario3\",\"image\":{\"@type\":\"ImageObject\",\"inLanguage\":\"es\",\"@id\":\"https:\\\/\\\/secure.gravatar.com\\\/avatar\\\/5e7ee62c82fc04d9dd79d746a390d93c69c43223e5faeeb3ea9461ef752bfc5d?s=96&d=mm&r=g\",\"url\":\"https:\\\/\\\/secure.gravatar.com\\\/avatar\\\/5e7ee62c82fc04d9dd79d746a390d93c69c43223e5faeeb3ea9461ef752bfc5d?s=96&d=mm&r=g\",\"contentUrl\":\"https:\\\/\\\/secure.gravatar.com\\\/avatar\\\/5e7ee62c82fc04d9dd79d746a390d93c69c43223e5faeeb3ea9461ef752bfc5d?s=96&d=mm&r=g\",\"caption\":\"diario3\"},\"url\":\"https:\\\/\\\/diariotextual.com\\\/inicio\\\/index.php\\\/author\\\/diario3\\\/\"}]}<\/script>\n<!-- \/ Yoast SEO plugin. -->","yoast_head_json":{"title":"General Acha: ATE reclama terapias en el hospital Padre Buodo - Diario Textual","robots":{"index":"index","follow":"follow","max-snippet":"max-snippet:-1","max-image-preview":"max-image-preview:large","max-video-preview":"max-video-preview:-1"},"canonical":"https:\/\/diariotextual.com\/inicio\/index.php\/2021\/08\/11\/general-acha-ate-reclama-terapias-en-el-hospital-padre-buodo\/","og_locale":"es_ES","og_type":"article","og_title":"General Acha: ATE reclama terapias en el hospital Padre Buodo - Diario Textual","og_description":"La Asociaci\u00f3n Trabajadores del Estado (ATE), seccional General Acha, le reclam\u00f3 al gobernador de La Pampa, Sergio Ziliotto, que restablezca los servicios de terapia intermedia e intensiva del hospital Padre&hellip;","og_url":"https:\/\/diariotextual.com\/inicio\/index.php\/2021\/08\/11\/general-acha-ate-reclama-terapias-en-el-hospital-padre-buodo\/","og_site_name":"Diario Textual","article_publisher":"https:\/\/www.facebook.com\/eltextual","article_published_time":"2021-08-11T17:48:47+00:00","article_modified_time":"2021-08-12T11:06:17+00:00","og_image":[{"width":1949,"height":1299,"url":"https:\/\/diariotextual.com\/inicio\/wp-content\/uploads\/2021\/06\/terapiasintensivasmolas2021-10.jpg","type":"image\/jpeg"}],"author":"diario3","twitter_card":"summary_large_image","twitter_creator":"@eltextual","twitter_site":"@eltextual","twitter_misc":{"Escrito por":"diario3","Tiempo de lectura":"2 minutos"},"schema":{"@context":"https:\/\/schema.org","@graph":[{"@type":"Article","@id":"https:\/\/diariotextual.com\/inicio\/index.php\/2021\/08\/11\/general-acha-ate-reclama-terapias-en-el-hospital-padre-buodo\/#article","isPartOf":{"@id":"https:\/\/diariotextual.com\/inicio\/index.php\/2021\/08\/11\/general-acha-ate-reclama-terapias-en-el-hospital-padre-buodo\/"},"author":{"name":"diario3","@id":"https:\/\/diariotextual.com\/inicio\/#\/schema\/person\/a1b6f563e0ee944c60f98119389a4d9f"},"headline":"General Acha: ATE reclama terapias en el hospital Padre Buodo","datePublished":"2021-08-11T17:48:47+00:00","dateModified":"2021-08-12T11:06:17+00:00","mainEntityOfPage":{"@id":"https:\/\/diariotextual.com\/inicio\/index.php\/2021\/08\/11\/general-acha-ate-reclama-terapias-en-el-hospital-padre-buodo\/"},"wordCount":479,"publisher":{"@id":"https:\/\/diariotextual.com\/inicio\/#organization"},"image":{"@id":"https:\/\/diariotextual.com\/inicio\/index.php\/2021\/08\/11\/general-acha-ate-reclama-terapias-en-el-hospital-padre-buodo\/#primaryimage"},"thumbnailUrl":"https:\/\/diariotextual.com\/inicio\/wp-content\/uploads\/2021\/06\/terapiasintensivasmolas2021-10.jpg","keywords":["ate","General Acha","hospital padre buodo"],"articleSection":["A - ES NOTICIA (van abajo)","SOCIEDAD"],"inLanguage":"es"},{"@type":"WebPage","@id":"https:\/\/diariotextual.com\/inicio\/index.php\/2021\/08\/11\/general-acha-ate-reclama-terapias-en-el-hospital-padre-buodo\/","url":"https:\/\/diariotextual.com\/inicio\/index.php\/2021\/08\/11\/general-acha-ate-reclama-terapias-en-el-hospital-padre-buodo\/","name":"General Acha: ATE reclama terapias en el hospital Padre Buodo - Diario Textual","isPartOf":{"@id":"https:\/\/diariotextual.com\/inicio\/#website"},"primaryImageOfPage":{"@id":"https:\/\/diariotextual.com\/inicio\/index.php\/2021\/08\/11\/general-acha-ate-reclama-terapias-en-el-hospital-padre-buodo\/#primaryimage"},"image":{"@id":"https:\/\/diariotextual.com\/inicio\/index.php\/2021\/08\/11\/general-acha-ate-reclama-terapias-en-el-hospital-padre-buodo\/#primaryimage"},"thumbnailUrl":"https:\/\/diariotextual.com\/inicio\/wp-content\/uploads\/2021\/06\/terapiasintensivasmolas2021-10.jpg","datePublished":"2021-08-11T17:48:47+00:00","dateModified":"2021-08-12T11:06:17+00:00","breadcrumb":{"@id":"https:\/\/diariotextual.com\/inicio\/index.php\/2021\/08\/11\/general-acha-ate-reclama-terapias-en-el-hospital-padre-buodo\/#breadcrumb"},"inLanguage":"es","potentialAction":[{"@type":"ReadAction","target":["https:\/\/diariotextual.com\/inicio\/index.php\/2021\/08\/11\/general-acha-ate-reclama-terapias-en-el-hospital-padre-buodo\/"]}]},{"@type":"ImageObject","inLanguage":"es","@id":"https:\/\/diariotextual.com\/inicio\/index.php\/2021\/08\/11\/general-acha-ate-reclama-terapias-en-el-hospital-padre-buodo\/#primaryimage","url":"https:\/\/diariotextual.com\/inicio\/wp-content\/uploads\/2021\/06\/terapiasintensivasmolas2021-10.jpg","contentUrl":"https:\/\/diariotextual.com\/inicio\/wp-content\/uploads\/2021\/06\/terapiasintensivasmolas2021-10.jpg","width":1949,"height":1299},{"@type":"BreadcrumbList","@id":"https:\/\/diariotextual.com\/inicio\/index.php\/2021\/08\/11\/general-acha-ate-reclama-terapias-en-el-hospital-padre-buodo\/#breadcrumb","itemListElement":[{"@type":"ListItem","position":1,"name":"Portada","item":"https:\/\/diariotextual.com\/inicio\/"},{"@type":"ListItem","position":2,"name":"General Acha: ATE reclama terapias en el hospital Padre Buodo"}]},{"@type":"WebSite","@id":"https:\/\/diariotextual.com\/inicio\/#website","url":"https:\/\/diariotextual.com\/inicio\/","name":"Diario Textual","description":"","publisher":{"@id":"https:\/\/diariotextual.com\/inicio\/#organization"},"potentialAction":[{"@type":"SearchAction","target":{"@type":"EntryPoint","urlTemplate":"https:\/\/diariotextual.com\/inicio\/?s={search_term_string}"},"query-input":{"@type":"PropertyValueSpecification","valueRequired":true,"valueName":"search_term_string"}}],"inLanguage":"es"},{"@type":"Organization","@id":"https:\/\/diariotextual.com\/inicio\/#organization","name":"Diario Textual","url":"https:\/\/diariotextual.com\/inicio\/","logo":{"@type":"ImageObject","inLanguage":"es","@id":"https:\/\/diariotextual.com\/inicio\/#\/schema\/logo\/image\/","url":"https:\/\/diariotextual.com\/inicio\/wp-content\/uploads\/2023\/05\/logotextual1.jpg","contentUrl":"https:\/\/diariotextual.com\/inicio\/wp-content\/uploads\/2023\/05\/logotextual1.jpg","width":516,"height":76,"caption":"Diario Textual"},"image":{"@id":"https:\/\/diariotextual.com\/inicio\/#\/schema\/logo\/image\/"},"sameAs":["https:\/\/www.facebook.com\/eltextual","https:\/\/x.com\/eltextual","http:\/\/www.instagram.com\/eltextual"]},{"@type":"Person","@id":"https:\/\/diariotextual.com\/inicio\/#\/schema\/person\/a1b6f563e0ee944c60f98119389a4d9f","name":"diario3","image":{"@type":"ImageObject","inLanguage":"es","@id":"https:\/\/secure.gravatar.com\/avatar\/5e7ee62c82fc04d9dd79d746a390d93c69c43223e5faeeb3ea9461ef752bfc5d?s=96&d=mm&r=g","url":"https:\/\/secure.gravatar.com\/avatar\/5e7ee62c82fc04d9dd79d746a390d93c69c43223e5faeeb3ea9461ef752bfc5d?s=96&d=mm&r=g","contentUrl":"https:\/\/secure.gravatar.com\/avatar\/5e7ee62c82fc04d9dd79d746a390d93c69c43223e5faeeb3ea9461ef752bfc5d?s=96&d=mm&r=g","caption":"diario3"},"url":"https:\/\/diariotextual.com\/inicio\/index.php\/author\/diario3\/"}]}},"_links":{"self":[{"href":"https:\/\/diariotextual.com\/inicio\/index.php\/wp-json\/wp\/v2\/posts\/157557","targetHints":{"allow":["GET"]}}],"collection":[{"href":"https:\/\/diariotextual.com\/inicio\/index.php\/wp-json\/wp\/v2\/posts"}],"about":[{"href":"https:\/\/diariotextual.com\/inicio\/index.php\/wp-json\/wp\/v2\/types\/post"}],"author":[{"embeddable":true,"href":"https:\/\/diariotextual.com\/inicio\/index.php\/wp-json\/wp\/v2\/users\/5"}],"replies":[{"embeddable":true,"href":"https:\/\/diariotextual.com\/inicio\/index.php\/wp-json\/wp\/v2\/comments?post=157557"}],"version-history":[{"count":1,"href":"https:\/\/diariotextual.com\/inicio\/index.php\/wp-json\/wp\/v2\/posts\/157557\/revisions"}],"predecessor-version":[{"id":157558,"href":"https:\/\/diariotextual.com\/inicio\/index.php\/wp-json\/wp\/v2\/posts\/157557\/revisions\/157558"}],"wp:featuredmedia":[{"embeddable":true,"href":"https:\/\/diariotextual.com\/inicio\/index.php\/wp-json\/wp\/v2\/media\/149906"}],"wp:attachment":[{"href":"https:\/\/diariotextual.com\/inicio\/index.php\/wp-json\/wp\/v2\/media?parent=157557"}],"wp:term":[{"taxonomy":"category","embeddable":true,"href":"https:\/\/diariotextual.com\/inicio\/index.php\/wp-json\/wp\/v2\/categories?post=157557"},{"taxonomy":"post_tag","embeddable":true,"href":"https:\/\/diariotextual.com\/inicio\/index.php\/wp-json\/wp\/v2\/tags?post=157557"}],"curies":[{"name":"wp","href":"https:\/\/api.w.org\/{rel}","templated":true}]}}