{"id":157667,"date":"2021-08-12T11:30:44","date_gmt":"2021-08-12T14:30:44","guid":{"rendered":"https:\/\/diariotextual.com\/inicio\/?p=157667"},"modified":"2021-08-12T18:53:55","modified_gmt":"2021-08-12T21:53:55","slug":"caso-nadia-lucero-la-fiscalia-pidio-30-anos-para-gonzalez","status":"publish","type":"post","link":"https:\/\/diariotextual.com\/inicio\/index.php\/2021\/08\/12\/caso-nadia-lucero-la-fiscalia-pidio-30-anos-para-gonzalez\/","title":{"rendered":"Caso Nadia Lucero: la fiscal\u00eda pidi\u00f3 30 a\u00f1os para Laureano Gonz\u00e1lez"},"content":{"rendered":"\n<p>La fiscal\u00eda pidi\u00f3 que se condene a 30 a\u00f1os de prisi\u00f3n a <strong>Laureano Gonz\u00e1lez<\/strong> por la <strong>tentativa de homicidio triplemente calificado<\/strong> en perjuicio de su entonces pareja, <strong>Nadia Soledad Lucero<\/strong>. La querella, en tanto, solicit\u00f3 33 a\u00f1os.<\/p>\n\n\n\n<p>La \u00faltima jornada del juicio oral tambi\u00e9n se realiz\u00f3 v\u00eda Zoom, como en el resto de los d\u00edas, y estuvo organizada por la Oficina Judicial de Santa Rosa. El tribunal de juicio est\u00e1 compuesto por los jueces Daniel S\u00e1ez Zamora, Gast\u00f3n Boulenaz y Alejandro Ongaro.<\/p>\n\n\n\n<p>Torino acus\u00f3 espec\u00edficamente a Gonz\u00e1lez de homicidio triplemente calificado, por la relaci\u00f3n de pareja, por alevos\u00eda y por haber sido perpetrado por un hombre hacia una mujer mediando violencia de g\u00e9nero en grado de tentativa; abuso sexual con acceso carnal por haber mediado violencia y aprovechando que la v\u00edctima no pudo consentir, agravado por haberle ocasionado un grave da\u00f1o a la salud f\u00edsica y mental a la v\u00edctima; y tenencia de arma de fuego de uso civil sin la debida autorizaci\u00f3n legal, todo en concurso real. A su vez enmarc\u00f3 los hechos en la 26485 de Protecci\u00f3n Integral contra las Mujeres.<\/p>\n\n\n\n<p>De acuerdo a la acusaci\u00f3n del Ministerio P\u00fablico Fiscal, Gonz\u00e1lez mantuvo una discusi\u00f3n con Nadia en la vivienda que compart\u00edan, el domingo 15 de diciembre de 2019 a la madrugada. A ra\u00edz de ello comenz\u00f3 a golpearla hasta dejarla inconsciente. El fiscal Andr\u00e9s Torino habl\u00f3 de \u201ccelopat\u00eda\u201d y \u201cun claro intento feticida\u201d.<\/p>\n\n\n\n<p>En ese contexto, el acusado habr\u00eda abusado sexualmente de la v\u00edctima y reci\u00e9n a la noche, como segu\u00eda inconsciente, la subi\u00f3 a su auto (un Volkswagen Bora) y a las 23.50 la dej\u00f3 \u201cpor muerta, en estado de inconsciencia\u201d en la guardia del hospital Molas, siempre seg\u00fan la fiscal\u00eda.<\/p>\n\n\n\n<p>Luego de eso, Gonz\u00e1lez huy\u00f3 y fue detenido el martes 17, a la tarde, en Ferreyra Norte 38 con una carabina, una mochila y dos celulares. All\u00ed viv\u00edan Claudio Reyna y Daiana Escudero, quienes junto a Franco Luciano Devia tambi\u00e9n est\u00e1n siendo juzgados, aunque por el delito de encubrimiento agravado.<\/p>\n\n\n\n<figure class=\"wp-block-image size-large\"><img fetchpriority=\"high\" decoding=\"async\" width=\"1024\" height=\"637\" src=\"https:\/\/diariotextual.com\/inicio\/wp-content\/uploads\/2019\/12\/luceronadiacaso2019-2006-1024x637.jpg\" alt=\"\" class=\"wp-image-74636\" srcset=\"https:\/\/diariotextual.com\/inicio\/wp-content\/uploads\/2019\/12\/luceronadiacaso2019-2006-1024x637.jpg 1024w, https:\/\/diariotextual.com\/inicio\/wp-content\/uploads\/2019\/12\/luceronadiacaso2019-2006-300x187.jpg 300w, https:\/\/diariotextual.com\/inicio\/wp-content\/uploads\/2019\/12\/luceronadiacaso2019-2006-768x478.jpg 768w, https:\/\/diariotextual.com\/inicio\/wp-content\/uploads\/2019\/12\/luceronadiacaso2019-2006-1170x728.jpg 1170w, https:\/\/diariotextual.com\/inicio\/wp-content\/uploads\/2019\/12\/luceronadiacaso2019-2006-585x364.jpg 585w, https:\/\/diariotextual.com\/inicio\/wp-content\/uploads\/2019\/12\/luceronadiacaso2019-2006.jpg 1400w\" sizes=\"(max-width: 1024px) 100vw, 1024px\" \/><\/figure>\n\n\n\n<p>El juicio, que es organizado por la Oficina Judicial v\u00eda Zoom, est\u00e1 a cargo de la audiencia de Juicio de Santa Rosa, conformada por los jueces Daniel S\u00e1ez Zamora, Gast\u00f3n Boulenaz y Alejandro Ongaro.<\/p>\n\n\n\n<p>Adem\u00e1s participan el fiscal Andr\u00e9s Torino, en representaci\u00f3n del Ministerio P\u00fablico Fiscal; y los defensores particulares Jos\u00e9 Ram\u00f3n Rodr\u00edguez y Carlos P\u00e9rez Funes y los defensores oficiales Silvina Blanco G\u00f3mez y Juan Jos\u00e9 Herm\u00faa, en nombre de los cuatro imputados, Gonz\u00e1lez, Franco Luciano Devia, Claudio Ezequiel Reyna y Daiana Manuela Escudero, respectivamente.<\/p>\n\n\n\n<p>A su vez, Carolina Mu\u00f1oz act\u00faa como patrocinante de Jorge Lucero, quien forma parte del proceso como querellante particular por su hija Nadia.<\/p>\n\n\n\n<p>La fiscal\u00eda sostuvo que la agresi\u00f3n de Gonz\u00e1lez contra Lucero comenz\u00f3 en su auto Volkswagen Bora, cuando fue a buscarla el 15 de diciembre de 2019, a las tres de la madrugada, a la casa de una amiga.&nbsp;<strong>\u00abAll\u00ed enloqueci\u00f3 por celopat\u00eda cuando se enter\u00f3 que ella hab\u00eda ido a una fiesta\u00bb<\/strong>, agreg\u00f3 en alusi\u00f3n a la &#8216;bajada&#8217; del hermano de otra amiga.<\/p>\n\n\n\n<p>\u00abImag\u00ednense la ira de este hombre, quien ya hab\u00eda castigado a Nadia (con una trompada en un ojo), en otra ocasi\u00f3n, por haberse ido a una fiesta; cuando supo que hab\u00eda ido a otra fiesta y no hab\u00eda funcionado lo del ojo&#8230; \u00bfQu\u00e9 hizo? le apunt\u00f3 m\u00e1s arriba&#8230;\u00bb, resalt\u00f3 el fiscal.<\/p>\n\n\n\n<p>Asegur\u00f3 que desde un primer momento Nadia qued\u00f3 inconsciente, y habl\u00f3 de una \u00abviolencia salvaje\u00bb que continu\u00f3 en el domicilio donde conviv\u00edan hasta las 21.30. Torino describi\u00f3 lo ocurrido como \u00abuna golpiza brutal\u00bb a trav\u00e9s de pu\u00f1etazos y patadas, y acot\u00f3 que estando la v\u00edctima en un estado de \u00abprofunda p\u00e9rdida de conciencia\u00bb, la agredi\u00f3 sexualmente. Con esa conducta, \u00abno busc\u00f3 satisfacer sus deseos, sino castigar a Nadia por comportarse como una infiel\u00bb.<\/p>\n\n\n\n<p>El Ministerio P\u00fablico Fiscal continu\u00f3 con el alegato: \u00abA las 21.30 Gonz\u00e1lez la carg\u00f3 en el asiento trasero del auto, dio vueltas por distintos lugares de la ciudad, dej\u00f3 por muerta a Nadia a las 23.50 en el hospital Lucio Molas y se dio a la fuga\u00bb. Reci\u00e9n fue detenido el martes 17 a la tarde, en la casa de Reyna y Escudero, en el barrio Santa Mar\u00eda de La Pampa, con una carabina calibre 22.<\/p>\n\n\n\n<p>Torino remarc\u00f3 que&nbsp;<strong>Gonz\u00e1lez actu\u00f3 con \u00abdolo femicida\u00bb y \u00absobre seguro\u00bb, y que si no pudo lograr su fin (matarla) fue por \u00abcircunstancias absolutamente ajenas\u00bb a \u00e9l.<\/strong>&nbsp;Adem\u00e1s subray\u00f3 que Nadia \u00abse despert\u00f3 19 d\u00edas despu\u00e9s sin saber lo que hab\u00eda pasado\u00bb, que \u00abno qued\u00f3 un lugar de su cuerpo que no fuera agredido\u00bb, que Gonz\u00e1lez es mis\u00f3gino, que en su mente Nadia &nbsp;era \u00abuna cosa\u00bb y que el imputado expres\u00f3 \u00abuna sarta de mentiras\u00bb para justificar lo que hizo.<\/p>\n\n\n\n<p>Con relaci\u00f3n a Devia, Reyna y Escudero, el fiscal afirm\u00f3 que los tres \u00able prestaron ayuda a Gonz\u00e1lez para ocultarlo a \u00e9l y su auto\u00bb, y detall\u00f3 que hubo comunicaciones previas entre Devia y Reyna para coordinar ese apoyo.<\/p>\n\n\n\n<p>Indic\u00f3 que \u00abqued\u00f3 probado\u00bb que Devia llev\u00f3 al acusado a la casa de Reyna y Escudero en un Corsa verde y que luego traslad\u00f3 el Bora \u00abdiciendo que \u00e9l lo hab\u00eda comprado\u00bb. Tambi\u00e9n sostuvo que la pareja le brind\u00f3 al acusado \u00abmedios de subsistencia y lonas para cubrir un auto sin patentes\u00bb.<\/p>\n\n\n\n<p>Destac\u00f3 que&nbsp;<strong>esa ayuda sucedi\u00f3 \u00abcuando toda la ciudad sab\u00eda, porque hab\u00eda un gran movimiento social, lo que hab\u00eda ocurrido, y cuando la foto de Gonz\u00e1lez estaba en todos lados\u00bb<\/strong>. Por eso afirm\u00f3 que \u00abno creo que (Reyna y Escudero) no hayan podido pedir ayuda. Dijeron que se enteraron del hecho por las redes sociales, o sea que sab\u00edan lo que pasaba; e igual le prestaron colaboraci\u00f3n\u00bb.<\/p>\n\n\n\n<p>\u00bfPor qu\u00e9 pidi\u00f3 dos a\u00f1os efectivos para Reyna y Devia y en suspenso para Escudero? Porque Reyna tiene antecedentes penales registrables y porque su conducta \u00abexcedi\u00f3 lo que ser\u00eda una omisi\u00f3n\u00bb, y porque Devia \u00abencubri\u00f3 fuertemente el hecho, trasladando a Gonz\u00e1lez en auto, busc\u00e1ndole un lugar para que se oculte y d\u00e1ndole un celular y un chip\u00bb. La mujer, en cambio, no posee antecedentes.<\/p>\n\n\n\n<p>Carolina Mu\u00f1oz, patrocinante de Jorge Lucero, quien forma parte del proceso como querellante particular por su hija Nadia, adhiri\u00f3 en l\u00edneas generales al alegato del Ministerio P\u00fablico Fiscal, aunque pidi\u00f3 una pena de 33 a\u00f1os porque le a\u00f1adi\u00f3 el delito de abandono de persona por haber puesto en peligro la vida y la salud de la v\u00edctima, a qui\u00e9n el propio imputado incapacit\u00f3, agravado por haber ocasionado ello un grave da\u00f1o en el cuerpo y la salud de la v\u00edctima.<\/p>\n\n\n\n<p>Con respecto a los otros tres imputados, coincidi\u00f3 con la calificaci\u00f3n legal y las sanciones requeridas por el Ministerio P\u00fablico Fiscal.<\/p>\n\n\n\n<p><\/p>\n\n\n\n<p><strong>\u00abValor\u00f3 la vida de Nadia\u00bb<\/strong><\/p>\n\n\n\n<p>Jos\u00e9 Ram\u00f3n Rodr\u00edguez, defensor particular de Gonz\u00e1lez, pidi\u00f3 su absoluci\u00f3n por todas las imputaciones. Asegur\u00f3 en su alegato que \u00abno qued\u00f3 probado que \u00e9l le provocara las lesiones a Nadia; ya que incluso la propia v\u00edctima dijo que no recordaba\u00bb que hubiera sido as\u00ed.<\/p>\n\n\n\n<p>\u00abLaureano explic\u00f3 claramente que Nadia se arroj\u00f3 del Bora, despu\u00e9s que fuera a buscarla a lo de la amiga, y que \u00e9l la recogi\u00f3. Tambi\u00e9n que cuando la vio descompensada, busc\u00f3 ayuda para que sea atendida por un m\u00e9dico. Gonz\u00e1lez no fue a dar un paseo (a las 21.30), como se dijo, sino que sali\u00f3 en forma urgente a pedir auxilio. Fue hasta la casa de Joana, hermana de Lucero; luego a lo de su expareja, Cyntia \u00c1lvarez; y despu\u00e9s al hospital para dejarla en una camilla. Es decir que Laureano valor\u00f3 la vida de Nadia\u00bb, enfatiz\u00f3 la defensa.<\/p>\n\n\n\n<p>Rodr\u00edguez neg\u00f3 que Gonz\u00e1lez actuara con dolo homicida y reiter\u00f3 que busc\u00f3 ayuda \u00aben forma urgente\u00bb. Reiter\u00f3 que \u00abvalor\u00f3 la vida de Nadia Lucero en todo momento. De hecho,&nbsp;<strong>dej\u00f3 a su pareja en un hospital para que fuera atendida. O sea que procur\u00f3 proteger su salud, y eso ocurri\u00f3. Si no hubiera sido por \u00e9l, Nadia no se hubiera recuperado\u00bb<\/strong>. Y acot\u00f3 sobre su fuga al ver a la polic\u00eda en el Molas. \u00ab\u00bfEn qu\u00e9 hubiera variado que se quedara? Lo cierto y real es que dej\u00f3 a su pareja en un lugar donde pudo ser atendida\u00bb.<\/p>\n\n\n\n<p>El defensor expres\u00f3 que varios testigos hablaron de \u00abuna relaci\u00f3n normal\u00bb de la pareja y descalific\u00f3 el informe psiqui\u00e1trico que calific\u00f3 a su cliente de psic\u00f3pata porque el m\u00e9dico lo vio \u00absolo 10 o 15 minutos. En todo caso, para decir que es psic\u00f3pata y golpeador, algo que tampoco qued\u00f3 probado, aunque se lo quiso demostrar, hubiera merecido por lo menos un an\u00e1lisis m\u00e1s exhaustivo\u00bb, concluy\u00f3.<\/p>\n\n\n\n<p>Subsidiariamente, solicit\u00f3 que si el Tribunal diera por probado todos los hechos, se le imponga a Gonz\u00e1lez la pena m\u00ednima legal.<\/p>\n\n\n\n<p><\/p>\n\n\n\n<p><strong>\u00abNadie actuar\u00eda diferente\u00bb<\/strong><\/p>\n\n\n\n<p>La defensora oficial Mar\u00eda Silvina Blanco, en nombre de Reyna, requiri\u00f3 su absoluci\u00f3n en base al art\u00edculo 34, inciso 2, del C\u00f3digo Penal que se\u00f1ala que no es punible quien \u00abobrare violentado por fuerza f\u00edsica irresistible o amenazas de sufrir un mal grave e inminente\u00bb.<\/p>\n\n\n\n<p>Con ello aludi\u00f3 a las amenazas recibidas por parte de Gonz\u00e1lez. Por eso afirm\u00f3 que actu\u00f3 coaccionado por un hombre que estaba \u00abacechado\u00bb por la polic\u00eda. \u00abEl temor que sinti\u00f3 le impidi\u00f3 actuar de otra manera, porque aunque le pidi\u00f3 a Gonz\u00e1lez que se fuera, no se fue y, adem\u00e1s, lo amenaz\u00f3 con un arma (carabina 22)\u00bb, expres\u00f3 la defensa.<\/p>\n\n\n\n<p>\u00abSi Reyna hubiera llamado a la polic\u00eda, y por m\u00e1s que la polic\u00eda hubiera llegado inmediatamente, Gonz\u00e1lez igual hubiera tenido un espacio de tiempo material para llevar adelante las amenazas y agredirlo a \u00e9l y a su familia, o directamente atentar contra ella\u00bb, enfatiz\u00f3 Blanco G\u00f3mez.&nbsp;<strong>\u00abSe enfrent\u00f3 a una disyuntiva: cumpl\u00eda con la ley o velaba por la seguridad de su grupo familiar; y bajo esas circunstancias, ninguna persona hubiera actuado de manera diferente\u00bb<\/strong>, finaliz\u00f3.<\/p>\n\n\n\n<p>En forma subsidiaria, la defensora plante\u00f3 que por lo menos existi\u00f3 una duda razonable a favor de Reyna y que por ello tambi\u00e9n deber\u00eda ser absuelto. No obstante, si fuera condenado, pidi\u00f3 que reciba la pena m\u00ednima de un a\u00f1o de prisi\u00f3n efectiva y por ello solicit\u00f3 su \u00abinmediata libertad\u00bb, ya que lleva \u00ab20 meses con prisi\u00f3n preventiva y, aun siendo condenado, podr\u00eda recibir el beneficio de la libertad condicional\u00bb.<\/p>\n\n\n\n<p>Su colega Juan Jos\u00e9 Herm\u00faa, al alegar en representaci\u00f3n de Escudero, tambi\u00e9n pidi\u00f3 su absoluci\u00f3n. Asever\u00f3 que la mujer&nbsp;<strong>\u00abno pudo comportarse de otra manera\u00bb<\/strong>&nbsp;porque la presencia de Gonz\u00e1lez en su domicilio se trat\u00f3 de&nbsp;<strong>\u00abuna situaci\u00f3n de toma de rehenes\u00bb.<\/strong>&nbsp;\u00abElla lo dijo claramente en su declaraci\u00f3n, que no iba a llamar a la polic\u00eda para que Gonz\u00e1lez matara a su hija\u00bb, a\u00f1adi\u00f3.<\/p>\n\n\n\n<p>Adem\u00e1s cuestion\u00f3 que, en un primer momento, Escudero qued\u00f3 involucrada y fue detenida \u00abcon su peque\u00f1a hija pr\u00e1cticamente en brazos\u00bb porque un polic\u00eda declar\u00f3 que estaba, junto a Reyna, tomando una cerveza en la vereda de su casa; dando a entender que no se sent\u00edan amenazados ni coaccionados. \u00abEso, finalmente, no qued\u00f3 probado\u00bb, remarc\u00f3.<\/p>\n\n\n\n<p>Herm\u00faa cerr\u00f3 sus palabras as\u00ed: \u00abLa sentencia para Daiana pas\u00f3 a un segundo plano, ya que para los ojos de la sociedad ella ayud\u00f3 a un hombre violento, pero los que participamos del juicio sabemos que fue as\u00ed\u00bb.<\/p>\n\n\n\n<p>El \u00faltimo alegato le correspondi\u00f3 al defensor particular, Carlos P\u00e9rez Funes, quien tambi\u00e9n solicit\u00f3 la absoluci\u00f3n de Devia, quien permanece bajo arresto domiciliario.<\/p>\n\n\n\n<p>\u00abPor primera vez voy a defender a un condenado \u2013sostuvo P\u00e9rez Funes\u2013, porque el tiempo que lleva de prisi\u00f3n preventiva duplica el tiempo en que una persona condenada,&nbsp; a una pena de tres a\u00f1os, puede acceder a su libertad condicional. Por eso, con la absoluci\u00f3n, podr\u00eda impartirse algo de justicia\u00bb.<\/p>\n\n\n\n<p>El defensor destac\u00f3 que el propio Devia admiti\u00f3 que traslad\u00f3 a Gonz\u00e1lez hasta lo de Reyna y Escudero y que le prest\u00f3 un celular, pero argument\u00f3 que no puede recibir una pena porque&nbsp;<strong>est\u00e1n exentos de responsabilidad criminal \u00ablos que hubieran obrado a favor de un amigo \u00edntimo\u00bb,<\/strong>&nbsp;tal como calific\u00f3 la relaci\u00f3n de su cliente con el acusado.<\/p>\n\n\n\n<p>En forma subsidiaria, y si eventualmente fuera condenado, pidi\u00f3 que Devia reciba seis meses de prisi\u00f3n en suspenso por encubrimiento \u2013y no encubrimiento agravado\u2013 por carecer de antecedentes, y su inmediata libertad.<\/p>\n\n\n\n<p>Finalmente, el Tribunal le dio vista a la fiscal\u00eda para que se pronuncie sobre los requerimientos para que Reyna y Devia sean liberados de manera inmediata. Torino se opuso porque adujo que se requer\u00edan algunos actos procesales previos a la probable liberaci\u00f3n de ambos. La querellante D\u00edaz adhiri\u00f3 a ese planteo.<\/p>\n\n\n\n<p>\u00bfQu\u00e9 dijeron los jueces? En forma un\u00e1nime, que los fundamentos del Ministerio P\u00fablicos Fiscal para oponerse fueron los \u00abadecuados\u00bb y por ende rechazaron liberar a los dos acusados. \u00abTenemos que recibir el c\u00f3mputo concreto de los d\u00edas de detenci\u00f3n, los informes de los lugares de detenci\u00f3n y la opini\u00f3n de la v\u00edctima. Son requisitos a los que estamos legalmente obligados. Por eso diferiremos esa decisi\u00f3n al momento de la sentencia\u00bb, explic\u00f3 S\u00e1ez Zamora.<\/p>\n\n\n\n<p>Al momento de la \u00faltima palabra, Reyna, Escudero y Devia no dijeron nada. Gonz\u00e1lez reiter\u00f3 que \u00abno quise hacerle da\u00f1o a Nadia\u00bb.<\/p>\n","protected":false},"excerpt":{"rendered":"<p>La fiscal\u00eda pidi\u00f3 que se condene a 30 a\u00f1os de prisi\u00f3n a Laureano Gonz\u00e1lez por la tentativa de homicidio triplemente calificado en perjuicio de su entonces pareja, Nadia Soledad Lucero.&hellip;<\/p>\n","protected":false},"author":7,"featured_media":78376,"comment_status":"closed","ping_status":"open","sticky":false,"template":"","format":"standard","meta":{"_acf_changed":false,"footnotes":""},"categories":[10,12],"tags":[2519,2518],"class_list":["post-157667","post","type-post","status-publish","format-standard","has-post-thumbnail","hentry","category-portada-2","category-sociedad","tag-laureano-gonzalez","tag-nadia-lucero"],"acf":[],"yoast_head":"<!-- This site is optimized with the Yoast SEO plugin v27.5 - https:\/\/yoast.com\/product\/yoast-seo-wordpress\/ -->\n<title>Caso Nadia Lucero: la fiscal\u00eda pidi\u00f3 30 a\u00f1os para Laureano Gonz\u00e1lez - Diario Textual<\/title>\n<meta name=\"robots\" content=\"index, follow, max-snippet:-1, max-image-preview:large, max-video-preview:-1\" \/>\n<link rel=\"canonical\" href=\"https:\/\/diariotextual.com\/inicio\/index.php\/2021\/08\/12\/caso-nadia-lucero-la-fiscalia-pidio-30-anos-para-gonzalez\/\" \/>\n<meta property=\"og:locale\" content=\"es_ES\" \/>\n<meta property=\"og:type\" content=\"article\" \/>\n<meta property=\"og:title\" content=\"Caso Nadia Lucero: la fiscal\u00eda pidi\u00f3 30 a\u00f1os para Laureano Gonz\u00e1lez - Diario Textual\" \/>\n<meta property=\"og:description\" content=\"La fiscal\u00eda pidi\u00f3 que se condene a 30 a\u00f1os de prisi\u00f3n a Laureano Gonz\u00e1lez por la tentativa de homicidio triplemente calificado en perjuicio de su entonces pareja, Nadia Soledad Lucero.&hellip;\" \/>\n<meta property=\"og:url\" content=\"https:\/\/diariotextual.com\/inicio\/index.php\/2021\/08\/12\/caso-nadia-lucero-la-fiscalia-pidio-30-anos-para-gonzalez\/\" \/>\n<meta property=\"og:site_name\" content=\"Diario Textual\" \/>\n<meta property=\"article:publisher\" content=\"https:\/\/www.facebook.com\/eltextual\" \/>\n<meta property=\"article:published_time\" content=\"2021-08-12T14:30:44+00:00\" \/>\n<meta property=\"article:modified_time\" content=\"2021-08-12T21:53:55+00:00\" \/>\n<meta property=\"og:image\" content=\"https:\/\/diariotextual.com\/inicio\/wp-content\/uploads\/2020\/02\/gonzalezlaureano82.jpg\" \/>\n\t<meta property=\"og:image:width\" content=\"928\" \/>\n\t<meta property=\"og:image:height\" content=\"594\" \/>\n\t<meta property=\"og:image:type\" content=\"image\/jpeg\" \/>\n<meta name=\"author\" content=\"diario5\" \/>\n<meta name=\"twitter:card\" content=\"summary_large_image\" \/>\n<meta name=\"twitter:creator\" content=\"@eltextual\" \/>\n<meta name=\"twitter:site\" content=\"@eltextual\" \/>\n<meta name=\"twitter:label1\" content=\"Escrito por\" \/>\n\t<meta name=\"twitter:data1\" content=\"diario5\" \/>\n\t<meta name=\"twitter:label2\" content=\"Tiempo de lectura\" \/>\n\t<meta name=\"twitter:data2\" content=\"10 minutos\" \/>\n<script type=\"application\/ld+json\" class=\"yoast-schema-graph\">{\"@context\":\"https:\\\/\\\/schema.org\",\"@graph\":[{\"@type\":\"Article\",\"@id\":\"https:\\\/\\\/diariotextual.com\\\/inicio\\\/index.php\\\/2021\\\/08\\\/12\\\/caso-nadia-lucero-la-fiscalia-pidio-30-anos-para-gonzalez\\\/#article\",\"isPartOf\":{\"@id\":\"https:\\\/\\\/diariotextual.com\\\/inicio\\\/index.php\\\/2021\\\/08\\\/12\\\/caso-nadia-lucero-la-fiscalia-pidio-30-anos-para-gonzalez\\\/\"},\"author\":{\"name\":\"diario5\",\"@id\":\"https:\\\/\\\/diariotextual.com\\\/inicio\\\/#\\\/schema\\\/person\\\/c7834961ad8b29b1d9cdbf4571299067\"},\"headline\":\"Caso Nadia Lucero: la fiscal\u00eda pidi\u00f3 30 a\u00f1os para Laureano Gonz\u00e1lez\",\"datePublished\":\"2021-08-12T14:30:44+00:00\",\"dateModified\":\"2021-08-12T21:53:55+00:00\",\"mainEntityOfPage\":{\"@id\":\"https:\\\/\\\/diariotextual.com\\\/inicio\\\/index.php\\\/2021\\\/08\\\/12\\\/caso-nadia-lucero-la-fiscalia-pidio-30-anos-para-gonzalez\\\/\"},\"wordCount\":2365,\"publisher\":{\"@id\":\"https:\\\/\\\/diariotextual.com\\\/inicio\\\/#organization\"},\"image\":{\"@id\":\"https:\\\/\\\/diariotextual.com\\\/inicio\\\/index.php\\\/2021\\\/08\\\/12\\\/caso-nadia-lucero-la-fiscalia-pidio-30-anos-para-gonzalez\\\/#primaryimage\"},\"thumbnailUrl\":\"https:\\\/\\\/diariotextual.com\\\/inicio\\\/wp-content\\\/uploads\\\/2020\\\/02\\\/gonzalezlaureano82.jpg\",\"keywords\":[\"Laureano Gonz\u00e1lez\",\"Nadia Lucero\"],\"articleSection\":[\"A - PORTADA2\",\"SOCIEDAD\"],\"inLanguage\":\"es\"},{\"@type\":\"WebPage\",\"@id\":\"https:\\\/\\\/diariotextual.com\\\/inicio\\\/index.php\\\/2021\\\/08\\\/12\\\/caso-nadia-lucero-la-fiscalia-pidio-30-anos-para-gonzalez\\\/\",\"url\":\"https:\\\/\\\/diariotextual.com\\\/inicio\\\/index.php\\\/2021\\\/08\\\/12\\\/caso-nadia-lucero-la-fiscalia-pidio-30-anos-para-gonzalez\\\/\",\"name\":\"Caso Nadia Lucero: la fiscal\u00eda pidi\u00f3 30 a\u00f1os para Laureano Gonz\u00e1lez - Diario Textual\",\"isPartOf\":{\"@id\":\"https:\\\/\\\/diariotextual.com\\\/inicio\\\/#website\"},\"primaryImageOfPage\":{\"@id\":\"https:\\\/\\\/diariotextual.com\\\/inicio\\\/index.php\\\/2021\\\/08\\\/12\\\/caso-nadia-lucero-la-fiscalia-pidio-30-anos-para-gonzalez\\\/#primaryimage\"},\"image\":{\"@id\":\"https:\\\/\\\/diariotextual.com\\\/inicio\\\/index.php\\\/2021\\\/08\\\/12\\\/caso-nadia-lucero-la-fiscalia-pidio-30-anos-para-gonzalez\\\/#primaryimage\"},\"thumbnailUrl\":\"https:\\\/\\\/diariotextual.com\\\/inicio\\\/wp-content\\\/uploads\\\/2020\\\/02\\\/gonzalezlaureano82.jpg\",\"datePublished\":\"2021-08-12T14:30:44+00:00\",\"dateModified\":\"2021-08-12T21:53:55+00:00\",\"breadcrumb\":{\"@id\":\"https:\\\/\\\/diariotextual.com\\\/inicio\\\/index.php\\\/2021\\\/08\\\/12\\\/caso-nadia-lucero-la-fiscalia-pidio-30-anos-para-gonzalez\\\/#breadcrumb\"},\"inLanguage\":\"es\",\"potentialAction\":[{\"@type\":\"ReadAction\",\"target\":[\"https:\\\/\\\/diariotextual.com\\\/inicio\\\/index.php\\\/2021\\\/08\\\/12\\\/caso-nadia-lucero-la-fiscalia-pidio-30-anos-para-gonzalez\\\/\"]}]},{\"@type\":\"ImageObject\",\"inLanguage\":\"es\",\"@id\":\"https:\\\/\\\/diariotextual.com\\\/inicio\\\/index.php\\\/2021\\\/08\\\/12\\\/caso-nadia-lucero-la-fiscalia-pidio-30-anos-para-gonzalez\\\/#primaryimage\",\"url\":\"https:\\\/\\\/diariotextual.com\\\/inicio\\\/wp-content\\\/uploads\\\/2020\\\/02\\\/gonzalezlaureano82.jpg\",\"contentUrl\":\"https:\\\/\\\/diariotextual.com\\\/inicio\\\/wp-content\\\/uploads\\\/2020\\\/02\\\/gonzalezlaureano82.jpg\",\"width\":928,\"height\":594},{\"@type\":\"BreadcrumbList\",\"@id\":\"https:\\\/\\\/diariotextual.com\\\/inicio\\\/index.php\\\/2021\\\/08\\\/12\\\/caso-nadia-lucero-la-fiscalia-pidio-30-anos-para-gonzalez\\\/#breadcrumb\",\"itemListElement\":[{\"@type\":\"ListItem\",\"position\":1,\"name\":\"Portada\",\"item\":\"https:\\\/\\\/diariotextual.com\\\/inicio\\\/\"},{\"@type\":\"ListItem\",\"position\":2,\"name\":\"Caso Nadia Lucero: la fiscal\u00eda pidi\u00f3 30 a\u00f1os para Laureano Gonz\u00e1lez\"}]},{\"@type\":\"WebSite\",\"@id\":\"https:\\\/\\\/diariotextual.com\\\/inicio\\\/#website\",\"url\":\"https:\\\/\\\/diariotextual.com\\\/inicio\\\/\",\"name\":\"Diario Textual\",\"description\":\"\",\"publisher\":{\"@id\":\"https:\\\/\\\/diariotextual.com\\\/inicio\\\/#organization\"},\"potentialAction\":[{\"@type\":\"SearchAction\",\"target\":{\"@type\":\"EntryPoint\",\"urlTemplate\":\"https:\\\/\\\/diariotextual.com\\\/inicio\\\/?s={search_term_string}\"},\"query-input\":{\"@type\":\"PropertyValueSpecification\",\"valueRequired\":true,\"valueName\":\"search_term_string\"}}],\"inLanguage\":\"es\"},{\"@type\":\"Organization\",\"@id\":\"https:\\\/\\\/diariotextual.com\\\/inicio\\\/#organization\",\"name\":\"Diario Textual\",\"url\":\"https:\\\/\\\/diariotextual.com\\\/inicio\\\/\",\"logo\":{\"@type\":\"ImageObject\",\"inLanguage\":\"es\",\"@id\":\"https:\\\/\\\/diariotextual.com\\\/inicio\\\/#\\\/schema\\\/logo\\\/image\\\/\",\"url\":\"https:\\\/\\\/diariotextual.com\\\/inicio\\\/wp-content\\\/uploads\\\/2023\\\/05\\\/logotextual1.jpg\",\"contentUrl\":\"https:\\\/\\\/diariotextual.com\\\/inicio\\\/wp-content\\\/uploads\\\/2023\\\/05\\\/logotextual1.jpg\",\"width\":516,\"height\":76,\"caption\":\"Diario Textual\"},\"image\":{\"@id\":\"https:\\\/\\\/diariotextual.com\\\/inicio\\\/#\\\/schema\\\/logo\\\/image\\\/\"},\"sameAs\":[\"https:\\\/\\\/www.facebook.com\\\/eltextual\",\"https:\\\/\\\/x.com\\\/eltextual\",\"http:\\\/\\\/www.instagram.com\\\/eltextual\"]},{\"@type\":\"Person\",\"@id\":\"https:\\\/\\\/diariotextual.com\\\/inicio\\\/#\\\/schema\\\/person\\\/c7834961ad8b29b1d9cdbf4571299067\",\"name\":\"diario5\",\"image\":{\"@type\":\"ImageObject\",\"inLanguage\":\"es\",\"@id\":\"https:\\\/\\\/secure.gravatar.com\\\/avatar\\\/948c893b847ca6df68216ead81b63f363408ec9b0f600fefc0641ce78613b111?s=96&d=mm&r=g\",\"url\":\"https:\\\/\\\/secure.gravatar.com\\\/avatar\\\/948c893b847ca6df68216ead81b63f363408ec9b0f600fefc0641ce78613b111?s=96&d=mm&r=g\",\"contentUrl\":\"https:\\\/\\\/secure.gravatar.com\\\/avatar\\\/948c893b847ca6df68216ead81b63f363408ec9b0f600fefc0641ce78613b111?s=96&d=mm&r=g\",\"caption\":\"diario5\"},\"url\":\"https:\\\/\\\/diariotextual.com\\\/inicio\\\/index.php\\\/author\\\/diario5\\\/\"}]}<\/script>\n<!-- \/ Yoast SEO plugin. -->","yoast_head_json":{"title":"Caso Nadia Lucero: la fiscal\u00eda pidi\u00f3 30 a\u00f1os para Laureano Gonz\u00e1lez - Diario Textual","robots":{"index":"index","follow":"follow","max-snippet":"max-snippet:-1","max-image-preview":"max-image-preview:large","max-video-preview":"max-video-preview:-1"},"canonical":"https:\/\/diariotextual.com\/inicio\/index.php\/2021\/08\/12\/caso-nadia-lucero-la-fiscalia-pidio-30-anos-para-gonzalez\/","og_locale":"es_ES","og_type":"article","og_title":"Caso Nadia Lucero: la fiscal\u00eda pidi\u00f3 30 a\u00f1os para Laureano Gonz\u00e1lez - Diario Textual","og_description":"La fiscal\u00eda pidi\u00f3 que se condene a 30 a\u00f1os de prisi\u00f3n a Laureano Gonz\u00e1lez por la tentativa de homicidio triplemente calificado en perjuicio de su entonces pareja, Nadia Soledad Lucero.&hellip;","og_url":"https:\/\/diariotextual.com\/inicio\/index.php\/2021\/08\/12\/caso-nadia-lucero-la-fiscalia-pidio-30-anos-para-gonzalez\/","og_site_name":"Diario Textual","article_publisher":"https:\/\/www.facebook.com\/eltextual","article_published_time":"2021-08-12T14:30:44+00:00","article_modified_time":"2021-08-12T21:53:55+00:00","og_image":[{"width":928,"height":594,"url":"https:\/\/diariotextual.com\/inicio\/wp-content\/uploads\/2020\/02\/gonzalezlaureano82.jpg","type":"image\/jpeg"}],"author":"diario5","twitter_card":"summary_large_image","twitter_creator":"@eltextual","twitter_site":"@eltextual","twitter_misc":{"Escrito por":"diario5","Tiempo de lectura":"10 minutos"},"schema":{"@context":"https:\/\/schema.org","@graph":[{"@type":"Article","@id":"https:\/\/diariotextual.com\/inicio\/index.php\/2021\/08\/12\/caso-nadia-lucero-la-fiscalia-pidio-30-anos-para-gonzalez\/#article","isPartOf":{"@id":"https:\/\/diariotextual.com\/inicio\/index.php\/2021\/08\/12\/caso-nadia-lucero-la-fiscalia-pidio-30-anos-para-gonzalez\/"},"author":{"name":"diario5","@id":"https:\/\/diariotextual.com\/inicio\/#\/schema\/person\/c7834961ad8b29b1d9cdbf4571299067"},"headline":"Caso Nadia Lucero: la fiscal\u00eda pidi\u00f3 30 a\u00f1os para Laureano Gonz\u00e1lez","datePublished":"2021-08-12T14:30:44+00:00","dateModified":"2021-08-12T21:53:55+00:00","mainEntityOfPage":{"@id":"https:\/\/diariotextual.com\/inicio\/index.php\/2021\/08\/12\/caso-nadia-lucero-la-fiscalia-pidio-30-anos-para-gonzalez\/"},"wordCount":2365,"publisher":{"@id":"https:\/\/diariotextual.com\/inicio\/#organization"},"image":{"@id":"https:\/\/diariotextual.com\/inicio\/index.php\/2021\/08\/12\/caso-nadia-lucero-la-fiscalia-pidio-30-anos-para-gonzalez\/#primaryimage"},"thumbnailUrl":"https:\/\/diariotextual.com\/inicio\/wp-content\/uploads\/2020\/02\/gonzalezlaureano82.jpg","keywords":["Laureano Gonz\u00e1lez","Nadia Lucero"],"articleSection":["A - PORTADA2","SOCIEDAD"],"inLanguage":"es"},{"@type":"WebPage","@id":"https:\/\/diariotextual.com\/inicio\/index.php\/2021\/08\/12\/caso-nadia-lucero-la-fiscalia-pidio-30-anos-para-gonzalez\/","url":"https:\/\/diariotextual.com\/inicio\/index.php\/2021\/08\/12\/caso-nadia-lucero-la-fiscalia-pidio-30-anos-para-gonzalez\/","name":"Caso Nadia Lucero: la fiscal\u00eda pidi\u00f3 30 a\u00f1os para Laureano Gonz\u00e1lez - Diario Textual","isPartOf":{"@id":"https:\/\/diariotextual.com\/inicio\/#website"},"primaryImageOfPage":{"@id":"https:\/\/diariotextual.com\/inicio\/index.php\/2021\/08\/12\/caso-nadia-lucero-la-fiscalia-pidio-30-anos-para-gonzalez\/#primaryimage"},"image":{"@id":"https:\/\/diariotextual.com\/inicio\/index.php\/2021\/08\/12\/caso-nadia-lucero-la-fiscalia-pidio-30-anos-para-gonzalez\/#primaryimage"},"thumbnailUrl":"https:\/\/diariotextual.com\/inicio\/wp-content\/uploads\/2020\/02\/gonzalezlaureano82.jpg","datePublished":"2021-08-12T14:30:44+00:00","dateModified":"2021-08-12T21:53:55+00:00","breadcrumb":{"@id":"https:\/\/diariotextual.com\/inicio\/index.php\/2021\/08\/12\/caso-nadia-lucero-la-fiscalia-pidio-30-anos-para-gonzalez\/#breadcrumb"},"inLanguage":"es","potentialAction":[{"@type":"ReadAction","target":["https:\/\/diariotextual.com\/inicio\/index.php\/2021\/08\/12\/caso-nadia-lucero-la-fiscalia-pidio-30-anos-para-gonzalez\/"]}]},{"@type":"ImageObject","inLanguage":"es","@id":"https:\/\/diariotextual.com\/inicio\/index.php\/2021\/08\/12\/caso-nadia-lucero-la-fiscalia-pidio-30-anos-para-gonzalez\/#primaryimage","url":"https:\/\/diariotextual.com\/inicio\/wp-content\/uploads\/2020\/02\/gonzalezlaureano82.jpg","contentUrl":"https:\/\/diariotextual.com\/inicio\/wp-content\/uploads\/2020\/02\/gonzalezlaureano82.jpg","width":928,"height":594},{"@type":"BreadcrumbList","@id":"https:\/\/diariotextual.com\/inicio\/index.php\/2021\/08\/12\/caso-nadia-lucero-la-fiscalia-pidio-30-anos-para-gonzalez\/#breadcrumb","itemListElement":[{"@type":"ListItem","position":1,"name":"Portada","item":"https:\/\/diariotextual.com\/inicio\/"},{"@type":"ListItem","position":2,"name":"Caso Nadia Lucero: la fiscal\u00eda pidi\u00f3 30 a\u00f1os para Laureano Gonz\u00e1lez"}]},{"@type":"WebSite","@id":"https:\/\/diariotextual.com\/inicio\/#website","url":"https:\/\/diariotextual.com\/inicio\/","name":"Diario Textual","description":"","publisher":{"@id":"https:\/\/diariotextual.com\/inicio\/#organization"},"potentialAction":[{"@type":"SearchAction","target":{"@type":"EntryPoint","urlTemplate":"https:\/\/diariotextual.com\/inicio\/?s={search_term_string}"},"query-input":{"@type":"PropertyValueSpecification","valueRequired":true,"valueName":"search_term_string"}}],"inLanguage":"es"},{"@type":"Organization","@id":"https:\/\/diariotextual.com\/inicio\/#organization","name":"Diario Textual","url":"https:\/\/diariotextual.com\/inicio\/","logo":{"@type":"ImageObject","inLanguage":"es","@id":"https:\/\/diariotextual.com\/inicio\/#\/schema\/logo\/image\/","url":"https:\/\/diariotextual.com\/inicio\/wp-content\/uploads\/2023\/05\/logotextual1.jpg","contentUrl":"https:\/\/diariotextual.com\/inicio\/wp-content\/uploads\/2023\/05\/logotextual1.jpg","width":516,"height":76,"caption":"Diario Textual"},"image":{"@id":"https:\/\/diariotextual.com\/inicio\/#\/schema\/logo\/image\/"},"sameAs":["https:\/\/www.facebook.com\/eltextual","https:\/\/x.com\/eltextual","http:\/\/www.instagram.com\/eltextual"]},{"@type":"Person","@id":"https:\/\/diariotextual.com\/inicio\/#\/schema\/person\/c7834961ad8b29b1d9cdbf4571299067","name":"diario5","image":{"@type":"ImageObject","inLanguage":"es","@id":"https:\/\/secure.gravatar.com\/avatar\/948c893b847ca6df68216ead81b63f363408ec9b0f600fefc0641ce78613b111?s=96&d=mm&r=g","url":"https:\/\/secure.gravatar.com\/avatar\/948c893b847ca6df68216ead81b63f363408ec9b0f600fefc0641ce78613b111?s=96&d=mm&r=g","contentUrl":"https:\/\/secure.gravatar.com\/avatar\/948c893b847ca6df68216ead81b63f363408ec9b0f600fefc0641ce78613b111?s=96&d=mm&r=g","caption":"diario5"},"url":"https:\/\/diariotextual.com\/inicio\/index.php\/author\/diario5\/"}]}},"_links":{"self":[{"href":"https:\/\/diariotextual.com\/inicio\/index.php\/wp-json\/wp\/v2\/posts\/157667","targetHints":{"allow":["GET"]}}],"collection":[{"href":"https:\/\/diariotextual.com\/inicio\/index.php\/wp-json\/wp\/v2\/posts"}],"about":[{"href":"https:\/\/diariotextual.com\/inicio\/index.php\/wp-json\/wp\/v2\/types\/post"}],"author":[{"embeddable":true,"href":"https:\/\/diariotextual.com\/inicio\/index.php\/wp-json\/wp\/v2\/users\/7"}],"replies":[{"embeddable":true,"href":"https:\/\/diariotextual.com\/inicio\/index.php\/wp-json\/wp\/v2\/comments?post=157667"}],"version-history":[{"count":12,"href":"https:\/\/diariotextual.com\/inicio\/index.php\/wp-json\/wp\/v2\/posts\/157667\/revisions"}],"predecessor-version":[{"id":157700,"href":"https:\/\/diariotextual.com\/inicio\/index.php\/wp-json\/wp\/v2\/posts\/157667\/revisions\/157700"}],"wp:featuredmedia":[{"embeddable":true,"href":"https:\/\/diariotextual.com\/inicio\/index.php\/wp-json\/wp\/v2\/media\/78376"}],"wp:attachment":[{"href":"https:\/\/diariotextual.com\/inicio\/index.php\/wp-json\/wp\/v2\/media?parent=157667"}],"wp:term":[{"taxonomy":"category","embeddable":true,"href":"https:\/\/diariotextual.com\/inicio\/index.php\/wp-json\/wp\/v2\/categories?post=157667"},{"taxonomy":"post_tag","embeddable":true,"href":"https:\/\/diariotextual.com\/inicio\/index.php\/wp-json\/wp\/v2\/tags?post=157667"}],"curies":[{"name":"wp","href":"https:\/\/api.w.org\/{rel}","templated":true}]}}