{"id":157725,"date":"2021-08-12T21:01:11","date_gmt":"2021-08-13T00:01:11","guid":{"rendered":"https:\/\/diariotextual.com\/inicio\/?p=157725"},"modified":"2021-08-13T08:32:04","modified_gmt":"2021-08-13T11:32:04","slug":"los-casos-de-covid-en-la-pampa-siguen-en-baja-este-jueves-162","status":"publish","type":"post","link":"https:\/\/diariotextual.com\/inicio\/index.php\/2021\/08\/12\/los-casos-de-covid-en-la-pampa-siguen-en-baja-este-jueves-162\/","title":{"rendered":"Los casos de covid en La Pampa siguen en baja: este jueves, 162"},"content":{"rendered":"\n<p>El Ministerio de Salud de La Pampa inform\u00f3 que este jueves<strong> se registraron 162 nuevos casos de coronavirus <\/strong>en la provincia.<\/p>\n\n\n\n<p>En tanto, hasta el momento del cierre del parte diario se informaron dos fallecimientos: un hombre de 73 de Larroud\u00e9 y otro hombre de 56 de Macach\u00edn.<br>&nbsp;<\/p>\n\n\n\n<p>De los nuevos casos, <strong>53 corresponden a residentes en Santa Rosa, 31 en General Pico, 9 en Guatrach\u00e9, 9 en Intendente Alvear, 9 en General San Martin, 9 en Eduardo Castex, 6 en Doblas, 5 en Macach\u00edn, 3 en Toay, 3 en Realic\u00f3, 3 en Miguel Riglos, 3 en Catril\u00f3, 3 en Ingeniero Luiggi, 3 en Trenel, 3 en Bernardo Larroud\u00e9, 3 en Anguil, 2 en Winifreda, 2 en Caleuf\u00fa, 1 en General Acha, 1 en Alpachiri, 1 en General Manuel J. Campos, 1 en Arata y 1 en Tel\u00e9n.<\/strong><br><\/p>\n\n\n\n<p>Hoy se analizaron 1730 muestras: 1.288 fueron por test r\u00e1pidos y 442 por PCR.<\/p>\n\n\n\n<p>Desde el inicio de la pandemia, <strong>en la provincia se registraron un total de 64.612 casos positivos para Covid-19, de los cuales 2.768 permanecen activos, 816 han fallecido y 61.028 se han recuperado<\/strong> (286 en el d\u00eda de hoy).<br><\/p>\n\n\n\n<p>Los casos confirmados activos pertenecen a las siguientes localidades:1088 en Santa Rosa, 405 en General Pico, 128 en Toay, 95 en Guatrach\u00e9, 76 en Macach\u00edn, 71 en Intendente Alvear, 65 en Rancul, 61 en General San Martin, 57 en Jacinto Arauz, 54 en Realic\u00f3, 44 en General Acha, 42 en 25 de Mayo, 41 en Eduardo Castex, 35 en Miguel Riglos, 34 en Bernasconi, 33 en Victorica, 32 en Doblas, 28 en Santa Isabel, 27 en Winifreda, 24 en Catril\u00f3, 24 en Ingeniero Luiggi, 22 en Quem\u00fa Quem\u00fa, 20 en Colonia Bar\u00f3n, 20 en Trenel, 19 en Bernardo Larroud\u00e9, 18 en Alpachiri, 17 en General Manuel J. Campos, 15 en La Maruja, 14 en V\u00e9rtiz, 13 en La Adela, 12 en Lonquimay, 12 en Caleuf\u00fa, 11 en Parera, 11 en Arata, 11 en Tel\u00e9n, 10 en Alta Italia, 7 en Pichi Huinca, 10 en Anguil, 5 en Rol\u00f3n, 5 en Ataliva Roca, 4 en Colonia Santa Teresa, 4 en Maisonnave, 4 en Abramo, 4 en Dorila, 3 en Gobernador Duval , 3 en Limay Mahuida, 3 en Speluzzi, 3 en Miguel Can\u00e9, 3 en Algarrobo del \u00c1guila, 3 en Tom\u00e1s M. de Anchorena, 3 en Quetrequ\u00e9n, 2 en Falucho, 2 en Villa Mirasol, 2 en La Humada, 2 en Puel\u00e9n, 2 en Sarah, 1 en Rucanelo, 1 en Adolfo Van Praet, 1 en Conhello, 1 en Puelches y 1 en La Reforma.<br><\/p>\n\n\n\n<p>A su vez, al d\u00eda de la fecha se encuentran aisladas un total de 5.221 personas en toda la provincia.<\/p>\n\n\n\n<p><\/p>\n\n\n\n<p><\/p>\n","protected":false},"excerpt":{"rendered":"<p>El Ministerio de Salud de La Pampa inform\u00f3 que este jueves se registraron 162 nuevos casos de coronavirus en la provincia. En tanto, hasta el momento del cierre del parte&hellip;<\/p>\n","protected":false},"author":3,"featured_media":157241,"comment_status":"closed","ping_status":"open","sticky":false,"template":"","format":"standard","meta":{"_acf_changed":false,"footnotes":""},"categories":[10,12],"tags":[],"class_list":["post-157725","post","type-post","status-publish","format-standard","has-post-thumbnail","hentry","category-portada-2","category-sociedad"],"acf":[],"yoast_head":"<!-- This site is optimized with the Yoast SEO plugin v27.5 - https:\/\/yoast.com\/product\/yoast-seo-wordpress\/ -->\n<title>Los casos de covid en La Pampa siguen en baja: este jueves, 162 - Diario Textual<\/title>\n<meta name=\"robots\" content=\"index, follow, max-snippet:-1, max-image-preview:large, max-video-preview:-1\" \/>\n<link rel=\"canonical\" href=\"https:\/\/diariotextual.com\/inicio\/index.php\/2021\/08\/12\/los-casos-de-covid-en-la-pampa-siguen-en-baja-este-jueves-162\/\" \/>\n<meta property=\"og:locale\" content=\"es_ES\" \/>\n<meta property=\"og:type\" content=\"article\" \/>\n<meta property=\"og:title\" content=\"Los casos de covid en La Pampa siguen en baja: este jueves, 162 - Diario Textual\" \/>\n<meta property=\"og:description\" content=\"El Ministerio de Salud de La Pampa inform\u00f3 que este jueves se registraron 162 nuevos casos de coronavirus en la provincia. En tanto, hasta el momento del cierre del parte&hellip;\" \/>\n<meta property=\"og:url\" content=\"https:\/\/diariotextual.com\/inicio\/index.php\/2021\/08\/12\/los-casos-de-covid-en-la-pampa-siguen-en-baja-este-jueves-162\/\" \/>\n<meta property=\"og:site_name\" content=\"Diario Textual\" \/>\n<meta property=\"article:publisher\" content=\"https:\/\/www.facebook.com\/eltextual\" \/>\n<meta property=\"article:published_time\" content=\"2021-08-13T00:01:11+00:00\" \/>\n<meta property=\"article:modified_time\" content=\"2021-08-13T11:32:04+00:00\" \/>\n<meta property=\"og:image\" content=\"https:\/\/diariotextual.com\/inicio\/wp-content\/uploads\/2021\/08\/coronavirustelam2021-7026.jpg\" \/>\n\t<meta property=\"og:image:width\" content=\"1004\" \/>\n\t<meta property=\"og:image:height\" content=\"565\" \/>\n\t<meta property=\"og:image:type\" content=\"image\/jpeg\" \/>\n<meta name=\"author\" content=\"Diario1 Diario1\" \/>\n<meta name=\"twitter:card\" content=\"summary_large_image\" \/>\n<meta name=\"twitter:creator\" content=\"@eltextual\" \/>\n<meta name=\"twitter:site\" content=\"@eltextual\" \/>\n<meta name=\"twitter:label1\" content=\"Escrito por\" \/>\n\t<meta name=\"twitter:data1\" content=\"Diario1 Diario1\" \/>\n\t<meta name=\"twitter:label2\" content=\"Tiempo de lectura\" \/>\n\t<meta name=\"twitter:data2\" content=\"2 minutos\" \/>\n<script type=\"application\/ld+json\" class=\"yoast-schema-graph\">{\"@context\":\"https:\\\/\\\/schema.org\",\"@graph\":[{\"@type\":\"Article\",\"@id\":\"https:\\\/\\\/diariotextual.com\\\/inicio\\\/index.php\\\/2021\\\/08\\\/12\\\/los-casos-de-covid-en-la-pampa-siguen-en-baja-este-jueves-162\\\/#article\",\"isPartOf\":{\"@id\":\"https:\\\/\\\/diariotextual.com\\\/inicio\\\/index.php\\\/2021\\\/08\\\/12\\\/los-casos-de-covid-en-la-pampa-siguen-en-baja-este-jueves-162\\\/\"},\"author\":{\"name\":\"Diario1 Diario1\",\"@id\":\"https:\\\/\\\/diariotextual.com\\\/inicio\\\/#\\\/schema\\\/person\\\/418fc4093c33e86ed41562db3508f958\"},\"headline\":\"Los casos de covid en La Pampa siguen en baja: este jueves, 162\",\"datePublished\":\"2021-08-13T00:01:11+00:00\",\"dateModified\":\"2021-08-13T11:32:04+00:00\",\"mainEntityOfPage\":{\"@id\":\"https:\\\/\\\/diariotextual.com\\\/inicio\\\/index.php\\\/2021\\\/08\\\/12\\\/los-casos-de-covid-en-la-pampa-siguen-en-baja-este-jueves-162\\\/\"},\"wordCount\":373,\"publisher\":{\"@id\":\"https:\\\/\\\/diariotextual.com\\\/inicio\\\/#organization\"},\"image\":{\"@id\":\"https:\\\/\\\/diariotextual.com\\\/inicio\\\/index.php\\\/2021\\\/08\\\/12\\\/los-casos-de-covid-en-la-pampa-siguen-en-baja-este-jueves-162\\\/#primaryimage\"},\"thumbnailUrl\":\"https:\\\/\\\/diariotextual.com\\\/inicio\\\/wp-content\\\/uploads\\\/2021\\\/08\\\/coronavirustelam2021-7026.jpg\",\"articleSection\":[\"A - PORTADA2\",\"SOCIEDAD\"],\"inLanguage\":\"es\"},{\"@type\":\"WebPage\",\"@id\":\"https:\\\/\\\/diariotextual.com\\\/inicio\\\/index.php\\\/2021\\\/08\\\/12\\\/los-casos-de-covid-en-la-pampa-siguen-en-baja-este-jueves-162\\\/\",\"url\":\"https:\\\/\\\/diariotextual.com\\\/inicio\\\/index.php\\\/2021\\\/08\\\/12\\\/los-casos-de-covid-en-la-pampa-siguen-en-baja-este-jueves-162\\\/\",\"name\":\"Los casos de covid en La Pampa siguen en baja: este jueves, 162 - Diario Textual\",\"isPartOf\":{\"@id\":\"https:\\\/\\\/diariotextual.com\\\/inicio\\\/#website\"},\"primaryImageOfPage\":{\"@id\":\"https:\\\/\\\/diariotextual.com\\\/inicio\\\/index.php\\\/2021\\\/08\\\/12\\\/los-casos-de-covid-en-la-pampa-siguen-en-baja-este-jueves-162\\\/#primaryimage\"},\"image\":{\"@id\":\"https:\\\/\\\/diariotextual.com\\\/inicio\\\/index.php\\\/2021\\\/08\\\/12\\\/los-casos-de-covid-en-la-pampa-siguen-en-baja-este-jueves-162\\\/#primaryimage\"},\"thumbnailUrl\":\"https:\\\/\\\/diariotextual.com\\\/inicio\\\/wp-content\\\/uploads\\\/2021\\\/08\\\/coronavirustelam2021-7026.jpg\",\"datePublished\":\"2021-08-13T00:01:11+00:00\",\"dateModified\":\"2021-08-13T11:32:04+00:00\",\"breadcrumb\":{\"@id\":\"https:\\\/\\\/diariotextual.com\\\/inicio\\\/index.php\\\/2021\\\/08\\\/12\\\/los-casos-de-covid-en-la-pampa-siguen-en-baja-este-jueves-162\\\/#breadcrumb\"},\"inLanguage\":\"es\",\"potentialAction\":[{\"@type\":\"ReadAction\",\"target\":[\"https:\\\/\\\/diariotextual.com\\\/inicio\\\/index.php\\\/2021\\\/08\\\/12\\\/los-casos-de-covid-en-la-pampa-siguen-en-baja-este-jueves-162\\\/\"]}]},{\"@type\":\"ImageObject\",\"inLanguage\":\"es\",\"@id\":\"https:\\\/\\\/diariotextual.com\\\/inicio\\\/index.php\\\/2021\\\/08\\\/12\\\/los-casos-de-covid-en-la-pampa-siguen-en-baja-este-jueves-162\\\/#primaryimage\",\"url\":\"https:\\\/\\\/diariotextual.com\\\/inicio\\\/wp-content\\\/uploads\\\/2021\\\/08\\\/coronavirustelam2021-7026.jpg\",\"contentUrl\":\"https:\\\/\\\/diariotextual.com\\\/inicio\\\/wp-content\\\/uploads\\\/2021\\\/08\\\/coronavirustelam2021-7026.jpg\",\"width\":1004,\"height\":565},{\"@type\":\"BreadcrumbList\",\"@id\":\"https:\\\/\\\/diariotextual.com\\\/inicio\\\/index.php\\\/2021\\\/08\\\/12\\\/los-casos-de-covid-en-la-pampa-siguen-en-baja-este-jueves-162\\\/#breadcrumb\",\"itemListElement\":[{\"@type\":\"ListItem\",\"position\":1,\"name\":\"Portada\",\"item\":\"https:\\\/\\\/diariotextual.com\\\/inicio\\\/\"},{\"@type\":\"ListItem\",\"position\":2,\"name\":\"Los casos de covid en La Pampa siguen en baja: este jueves, 162\"}]},{\"@type\":\"WebSite\",\"@id\":\"https:\\\/\\\/diariotextual.com\\\/inicio\\\/#website\",\"url\":\"https:\\\/\\\/diariotextual.com\\\/inicio\\\/\",\"name\":\"Diario Textual\",\"description\":\"\",\"publisher\":{\"@id\":\"https:\\\/\\\/diariotextual.com\\\/inicio\\\/#organization\"},\"potentialAction\":[{\"@type\":\"SearchAction\",\"target\":{\"@type\":\"EntryPoint\",\"urlTemplate\":\"https:\\\/\\\/diariotextual.com\\\/inicio\\\/?s={search_term_string}\"},\"query-input\":{\"@type\":\"PropertyValueSpecification\",\"valueRequired\":true,\"valueName\":\"search_term_string\"}}],\"inLanguage\":\"es\"},{\"@type\":\"Organization\",\"@id\":\"https:\\\/\\\/diariotextual.com\\\/inicio\\\/#organization\",\"name\":\"Diario Textual\",\"url\":\"https:\\\/\\\/diariotextual.com\\\/inicio\\\/\",\"logo\":{\"@type\":\"ImageObject\",\"inLanguage\":\"es\",\"@id\":\"https:\\\/\\\/diariotextual.com\\\/inicio\\\/#\\\/schema\\\/logo\\\/image\\\/\",\"url\":\"https:\\\/\\\/diariotextual.com\\\/inicio\\\/wp-content\\\/uploads\\\/2023\\\/05\\\/logotextual1.jpg\",\"contentUrl\":\"https:\\\/\\\/diariotextual.com\\\/inicio\\\/wp-content\\\/uploads\\\/2023\\\/05\\\/logotextual1.jpg\",\"width\":516,\"height\":76,\"caption\":\"Diario Textual\"},\"image\":{\"@id\":\"https:\\\/\\\/diariotextual.com\\\/inicio\\\/#\\\/schema\\\/logo\\\/image\\\/\"},\"sameAs\":[\"https:\\\/\\\/www.facebook.com\\\/eltextual\",\"https:\\\/\\\/x.com\\\/eltextual\",\"http:\\\/\\\/www.instagram.com\\\/eltextual\"]},{\"@type\":\"Person\",\"@id\":\"https:\\\/\\\/diariotextual.com\\\/inicio\\\/#\\\/schema\\\/person\\\/418fc4093c33e86ed41562db3508f958\",\"name\":\"Diario1 Diario1\",\"image\":{\"@type\":\"ImageObject\",\"inLanguage\":\"es\",\"@id\":\"https:\\\/\\\/secure.gravatar.com\\\/avatar\\\/9167d280179c85bc18be67aa7eda765854300033af4896dd779b608640f2ef7a?s=96&d=mm&r=g\",\"url\":\"https:\\\/\\\/secure.gravatar.com\\\/avatar\\\/9167d280179c85bc18be67aa7eda765854300033af4896dd779b608640f2ef7a?s=96&d=mm&r=g\",\"contentUrl\":\"https:\\\/\\\/secure.gravatar.com\\\/avatar\\\/9167d280179c85bc18be67aa7eda765854300033af4896dd779b608640f2ef7a?s=96&d=mm&r=g\",\"caption\":\"Diario1 Diario1\"},\"url\":\"https:\\\/\\\/diariotextual.com\\\/inicio\\\/index.php\\\/author\\\/diario1\\\/\"}]}<\/script>\n<!-- \/ Yoast SEO plugin. -->","yoast_head_json":{"title":"Los casos de covid en La Pampa siguen en baja: este jueves, 162 - Diario Textual","robots":{"index":"index","follow":"follow","max-snippet":"max-snippet:-1","max-image-preview":"max-image-preview:large","max-video-preview":"max-video-preview:-1"},"canonical":"https:\/\/diariotextual.com\/inicio\/index.php\/2021\/08\/12\/los-casos-de-covid-en-la-pampa-siguen-en-baja-este-jueves-162\/","og_locale":"es_ES","og_type":"article","og_title":"Los casos de covid en La Pampa siguen en baja: este jueves, 162 - Diario Textual","og_description":"El Ministerio de Salud de La Pampa inform\u00f3 que este jueves se registraron 162 nuevos casos de coronavirus en la provincia. En tanto, hasta el momento del cierre del parte&hellip;","og_url":"https:\/\/diariotextual.com\/inicio\/index.php\/2021\/08\/12\/los-casos-de-covid-en-la-pampa-siguen-en-baja-este-jueves-162\/","og_site_name":"Diario Textual","article_publisher":"https:\/\/www.facebook.com\/eltextual","article_published_time":"2021-08-13T00:01:11+00:00","article_modified_time":"2021-08-13T11:32:04+00:00","og_image":[{"width":1004,"height":565,"url":"https:\/\/diariotextual.com\/inicio\/wp-content\/uploads\/2021\/08\/coronavirustelam2021-7026.jpg","type":"image\/jpeg"}],"author":"Diario1 Diario1","twitter_card":"summary_large_image","twitter_creator":"@eltextual","twitter_site":"@eltextual","twitter_misc":{"Escrito por":"Diario1 Diario1","Tiempo de lectura":"2 minutos"},"schema":{"@context":"https:\/\/schema.org","@graph":[{"@type":"Article","@id":"https:\/\/diariotextual.com\/inicio\/index.php\/2021\/08\/12\/los-casos-de-covid-en-la-pampa-siguen-en-baja-este-jueves-162\/#article","isPartOf":{"@id":"https:\/\/diariotextual.com\/inicio\/index.php\/2021\/08\/12\/los-casos-de-covid-en-la-pampa-siguen-en-baja-este-jueves-162\/"},"author":{"name":"Diario1 Diario1","@id":"https:\/\/diariotextual.com\/inicio\/#\/schema\/person\/418fc4093c33e86ed41562db3508f958"},"headline":"Los casos de covid en La Pampa siguen en baja: este jueves, 162","datePublished":"2021-08-13T00:01:11+00:00","dateModified":"2021-08-13T11:32:04+00:00","mainEntityOfPage":{"@id":"https:\/\/diariotextual.com\/inicio\/index.php\/2021\/08\/12\/los-casos-de-covid-en-la-pampa-siguen-en-baja-este-jueves-162\/"},"wordCount":373,"publisher":{"@id":"https:\/\/diariotextual.com\/inicio\/#organization"},"image":{"@id":"https:\/\/diariotextual.com\/inicio\/index.php\/2021\/08\/12\/los-casos-de-covid-en-la-pampa-siguen-en-baja-este-jueves-162\/#primaryimage"},"thumbnailUrl":"https:\/\/diariotextual.com\/inicio\/wp-content\/uploads\/2021\/08\/coronavirustelam2021-7026.jpg","articleSection":["A - PORTADA2","SOCIEDAD"],"inLanguage":"es"},{"@type":"WebPage","@id":"https:\/\/diariotextual.com\/inicio\/index.php\/2021\/08\/12\/los-casos-de-covid-en-la-pampa-siguen-en-baja-este-jueves-162\/","url":"https:\/\/diariotextual.com\/inicio\/index.php\/2021\/08\/12\/los-casos-de-covid-en-la-pampa-siguen-en-baja-este-jueves-162\/","name":"Los casos de covid en La Pampa siguen en baja: este jueves, 162 - Diario Textual","isPartOf":{"@id":"https:\/\/diariotextual.com\/inicio\/#website"},"primaryImageOfPage":{"@id":"https:\/\/diariotextual.com\/inicio\/index.php\/2021\/08\/12\/los-casos-de-covid-en-la-pampa-siguen-en-baja-este-jueves-162\/#primaryimage"},"image":{"@id":"https:\/\/diariotextual.com\/inicio\/index.php\/2021\/08\/12\/los-casos-de-covid-en-la-pampa-siguen-en-baja-este-jueves-162\/#primaryimage"},"thumbnailUrl":"https:\/\/diariotextual.com\/inicio\/wp-content\/uploads\/2021\/08\/coronavirustelam2021-7026.jpg","datePublished":"2021-08-13T00:01:11+00:00","dateModified":"2021-08-13T11:32:04+00:00","breadcrumb":{"@id":"https:\/\/diariotextual.com\/inicio\/index.php\/2021\/08\/12\/los-casos-de-covid-en-la-pampa-siguen-en-baja-este-jueves-162\/#breadcrumb"},"inLanguage":"es","potentialAction":[{"@type":"ReadAction","target":["https:\/\/diariotextual.com\/inicio\/index.php\/2021\/08\/12\/los-casos-de-covid-en-la-pampa-siguen-en-baja-este-jueves-162\/"]}]},{"@type":"ImageObject","inLanguage":"es","@id":"https:\/\/diariotextual.com\/inicio\/index.php\/2021\/08\/12\/los-casos-de-covid-en-la-pampa-siguen-en-baja-este-jueves-162\/#primaryimage","url":"https:\/\/diariotextual.com\/inicio\/wp-content\/uploads\/2021\/08\/coronavirustelam2021-7026.jpg","contentUrl":"https:\/\/diariotextual.com\/inicio\/wp-content\/uploads\/2021\/08\/coronavirustelam2021-7026.jpg","width":1004,"height":565},{"@type":"BreadcrumbList","@id":"https:\/\/diariotextual.com\/inicio\/index.php\/2021\/08\/12\/los-casos-de-covid-en-la-pampa-siguen-en-baja-este-jueves-162\/#breadcrumb","itemListElement":[{"@type":"ListItem","position":1,"name":"Portada","item":"https:\/\/diariotextual.com\/inicio\/"},{"@type":"ListItem","position":2,"name":"Los casos de covid en La Pampa siguen en baja: este jueves, 162"}]},{"@type":"WebSite","@id":"https:\/\/diariotextual.com\/inicio\/#website","url":"https:\/\/diariotextual.com\/inicio\/","name":"Diario Textual","description":"","publisher":{"@id":"https:\/\/diariotextual.com\/inicio\/#organization"},"potentialAction":[{"@type":"SearchAction","target":{"@type":"EntryPoint","urlTemplate":"https:\/\/diariotextual.com\/inicio\/?s={search_term_string}"},"query-input":{"@type":"PropertyValueSpecification","valueRequired":true,"valueName":"search_term_string"}}],"inLanguage":"es"},{"@type":"Organization","@id":"https:\/\/diariotextual.com\/inicio\/#organization","name":"Diario Textual","url":"https:\/\/diariotextual.com\/inicio\/","logo":{"@type":"ImageObject","inLanguage":"es","@id":"https:\/\/diariotextual.com\/inicio\/#\/schema\/logo\/image\/","url":"https:\/\/diariotextual.com\/inicio\/wp-content\/uploads\/2023\/05\/logotextual1.jpg","contentUrl":"https:\/\/diariotextual.com\/inicio\/wp-content\/uploads\/2023\/05\/logotextual1.jpg","width":516,"height":76,"caption":"Diario Textual"},"image":{"@id":"https:\/\/diariotextual.com\/inicio\/#\/schema\/logo\/image\/"},"sameAs":["https:\/\/www.facebook.com\/eltextual","https:\/\/x.com\/eltextual","http:\/\/www.instagram.com\/eltextual"]},{"@type":"Person","@id":"https:\/\/diariotextual.com\/inicio\/#\/schema\/person\/418fc4093c33e86ed41562db3508f958","name":"Diario1 Diario1","image":{"@type":"ImageObject","inLanguage":"es","@id":"https:\/\/secure.gravatar.com\/avatar\/9167d280179c85bc18be67aa7eda765854300033af4896dd779b608640f2ef7a?s=96&d=mm&r=g","url":"https:\/\/secure.gravatar.com\/avatar\/9167d280179c85bc18be67aa7eda765854300033af4896dd779b608640f2ef7a?s=96&d=mm&r=g","contentUrl":"https:\/\/secure.gravatar.com\/avatar\/9167d280179c85bc18be67aa7eda765854300033af4896dd779b608640f2ef7a?s=96&d=mm&r=g","caption":"Diario1 Diario1"},"url":"https:\/\/diariotextual.com\/inicio\/index.php\/author\/diario1\/"}]}},"_links":{"self":[{"href":"https:\/\/diariotextual.com\/inicio\/index.php\/wp-json\/wp\/v2\/posts\/157725","targetHints":{"allow":["GET"]}}],"collection":[{"href":"https:\/\/diariotextual.com\/inicio\/index.php\/wp-json\/wp\/v2\/posts"}],"about":[{"href":"https:\/\/diariotextual.com\/inicio\/index.php\/wp-json\/wp\/v2\/types\/post"}],"author":[{"embeddable":true,"href":"https:\/\/diariotextual.com\/inicio\/index.php\/wp-json\/wp\/v2\/users\/3"}],"replies":[{"embeddable":true,"href":"https:\/\/diariotextual.com\/inicio\/index.php\/wp-json\/wp\/v2\/comments?post=157725"}],"version-history":[{"count":9,"href":"https:\/\/diariotextual.com\/inicio\/index.php\/wp-json\/wp\/v2\/posts\/157725\/revisions"}],"predecessor-version":[{"id":157760,"href":"https:\/\/diariotextual.com\/inicio\/index.php\/wp-json\/wp\/v2\/posts\/157725\/revisions\/157760"}],"wp:featuredmedia":[{"embeddable":true,"href":"https:\/\/diariotextual.com\/inicio\/index.php\/wp-json\/wp\/v2\/media\/157241"}],"wp:attachment":[{"href":"https:\/\/diariotextual.com\/inicio\/index.php\/wp-json\/wp\/v2\/media?parent=157725"}],"wp:term":[{"taxonomy":"category","embeddable":true,"href":"https:\/\/diariotextual.com\/inicio\/index.php\/wp-json\/wp\/v2\/categories?post=157725"},{"taxonomy":"post_tag","embeddable":true,"href":"https:\/\/diariotextual.com\/inicio\/index.php\/wp-json\/wp\/v2\/tags?post=157725"}],"curies":[{"name":"wp","href":"https:\/\/api.w.org\/{rel}","templated":true}]}}