{"id":157732,"date":"2021-08-12T21:00:09","date_gmt":"2021-08-13T00:00:09","guid":{"rendered":"https:\/\/diariotextual.com\/inicio\/?p=157732"},"modified":"2021-08-13T09:05:40","modified_gmt":"2021-08-13T12:05:40","slug":"difunden-fotos-sobre-un-encuentro-social-en-olivos-en-el-momento-mas-duro-de-la-cuarentena","status":"publish","type":"post","link":"https:\/\/diariotextual.com\/inicio\/index.php\/2021\/08\/12\/difunden-fotos-sobre-un-encuentro-social-en-olivos-en-el-momento-mas-duro-de-la-cuarentena\/","title":{"rendered":"Difunden fotos sobre un encuentro social en Olivos en el momento m\u00e1s duro de la cuarentena"},"content":{"rendered":"\n<p>Una foto se suma a la pol\u00e9mica que gira en torno a\u00a0la difusi\u00f3n de la lista de ingresantes a la quinta de Olivos durante la etapa m\u00e1s restrictiva de la cuarentena. Alrededor de una larga mesa,\u00a0<strong>Alberto<\/strong>\u00a0<strong>Fern\u00e1ndez fue retratado junto a Fabiola Y\u00e1\u00f1ez y una decena de personas, en el contexto de una celebraci\u00f3n de cumplea\u00f1os, en evidente violaci\u00f3n a los protocolos<\/strong>\u00a0que el propio Ejecutivo hab\u00eda establecido para ese periodo, en respuesta a la pandemia de coronavirus. Consultados en la Casa Rosada, voceros de la presidencia no hicieron comentarios sobre el tema.<\/p>\n\n\n\n<p>Las im\u00e1genes corresponder\u00edan al 14 de julio, d\u00eda en el que se llev\u00f3 adelante un \u00edntimo encuentro por el cumplea\u00f1os de Fabiola en la residencia de Olivos. La primera foto, de la que se hicieron eco varios funcionarios en redes sociales, fue publicada en Twitter por el\u00a0<a href=\"https:\/\/twitter.com\/gonziver?ref_src=twsrc%5Egoogle%7Ctwcamp%5Eserp%7Ctwgr%5Eauthor\" target=\"_blank\" rel=\"noreferrer noopener\">usuario @gonziver<\/a>\u00a0mientras que la segunda, que aviv\u00f3 el debate entre los usuarios, la revel\u00f3 la periodista de\u00a0<strong>LN+\u00a0<\/strong>Guadalupe V\u00e1zquez. La misma foto fue publicada m\u00e1s tarde por el sitio TN.<\/p>\n\n\n\n<p>En uno de los retratos se ven de izquierda a derecha: Dylan, Alberto Fern\u00e1ndez, Carolina Marafioti, Fabiola Y\u00e1\u00f1ez, Sof\u00eda Pacchi, Florencia Fern\u00e1ndez, Santiago Basavilbaso, Emanuel L\u00f3pez, Fernando Consagra, Roc\u00edo Fern\u00e1ndez, Ni\u00f1a, Federico Abraham, Stefan\u00eda Dom\u00ednguez. Cuatro de ellos fueron denunciados por parte de militantes del partido Republicano Unidos.<\/p>\n\n\n\n<p>El diputado&nbsp;<strong>Juan Manuel L\u00f3pez,<\/strong>&nbsp;jefe del bloque de la CC, dijo que la imagen es \u201cindignante\u201d mientras que el jefe del bloque radical,&nbsp;<strong>Mario Negri<\/strong>, calific\u00f3 la actitud de Fern\u00e1ndez como \u201ccinismo\u201d. Por su parte, el diputado porte\u00f1o&nbsp;<strong>Hern\u00e1n Reyes,<\/strong>&nbsp;sostuvo: \u201cEl \u00fanico responsable de los privilegios de Olivos es Alberto Fern\u00e1ndez, que en el peor momento de la pandemia y con la sociedad angustiada, abus\u00f3 de la confianza de los argentinos y nos minti\u00f3 en la cara\u201d.<\/p>\n\n\n\n<p>Las presentaciones judiciales y pedidos de informe sobre la actividad dentro de la residencia presidencial, se basaron en art\u00edculos period\u00edsticos que tomaron informaci\u00f3n proporcionada por los registros oficiales que la ONG Poder Ciudadano y Fundaci\u00f3n APOLO publicaron como datos abiertos en sus p\u00e1ginas oficiales. Son archivos con los detalles de ingresos y egresos de funcionarios, pol\u00edticos, asesores y otras figuras p\u00fablicas a la Quinta desde marzo de 2020, que ya est\u00e1n en la mira de la justicia. El caso esta a cargo del Fiscal Ramiro Gonz\u00e1lez y el juez Federal Sebasti\u00e1n Casanello.<\/p>\n\n\n\n<p><\/p>\n","protected":false},"excerpt":{"rendered":"<p>Una foto se suma a la pol\u00e9mica que gira en torno a\u00a0la difusi\u00f3n de la lista de ingresantes a la quinta de Olivos durante la etapa m\u00e1s restrictiva de la&hellip;<\/p>\n","protected":false},"author":3,"featured_media":157734,"comment_status":"closed","ping_status":"open","sticky":false,"template":"","format":"standard","meta":{"_acf_changed":false,"footnotes":""},"categories":[11,8],"tags":[],"class_list":["post-157732","post","type-post","status-publish","format-standard","has-post-thumbnail","hentry","category-que-pasa","category-politica"],"acf":[],"yoast_head":"<!-- This site is optimized with the Yoast SEO plugin v27.5 - https:\/\/yoast.com\/product\/yoast-seo-wordpress\/ -->\n<title>Difunden fotos sobre un encuentro social en Olivos en el momento m\u00e1s duro de la cuarentena - Diario Textual<\/title>\n<meta name=\"robots\" content=\"index, follow, max-snippet:-1, max-image-preview:large, max-video-preview:-1\" \/>\n<link rel=\"canonical\" href=\"https:\/\/diariotextual.com\/inicio\/index.php\/2021\/08\/12\/difunden-fotos-sobre-un-encuentro-social-en-olivos-en-el-momento-mas-duro-de-la-cuarentena\/\" \/>\n<meta property=\"og:locale\" content=\"es_ES\" \/>\n<meta property=\"og:type\" content=\"article\" \/>\n<meta property=\"og:title\" content=\"Difunden fotos sobre un encuentro social en Olivos en el momento m\u00e1s duro de la cuarentena - Diario Textual\" \/>\n<meta property=\"og:description\" content=\"Una foto se suma a la pol\u00e9mica que gira en torno a\u00a0la difusi\u00f3n de la lista de ingresantes a la quinta de Olivos durante la etapa m\u00e1s restrictiva de la&hellip;\" \/>\n<meta property=\"og:url\" content=\"https:\/\/diariotextual.com\/inicio\/index.php\/2021\/08\/12\/difunden-fotos-sobre-un-encuentro-social-en-olivos-en-el-momento-mas-duro-de-la-cuarentena\/\" \/>\n<meta property=\"og:site_name\" content=\"Diario Textual\" \/>\n<meta property=\"article:publisher\" content=\"https:\/\/www.facebook.com\/eltextual\" \/>\n<meta property=\"article:published_time\" content=\"2021-08-13T00:00:09+00:00\" \/>\n<meta property=\"article:modified_time\" content=\"2021-08-13T12:05:40+00:00\" \/>\n<meta property=\"og:image\" content=\"https:\/\/diariotextual.com\/inicio\/wp-content\/uploads\/2021\/08\/fernandezalbertofabiolaolivoreunionclandestina001.jpg\" \/>\n\t<meta property=\"og:image:width\" content=\"1200\" \/>\n\t<meta property=\"og:image:height\" content=\"675\" \/>\n\t<meta property=\"og:image:type\" content=\"image\/jpeg\" \/>\n<meta name=\"author\" content=\"Diario1 Diario1\" \/>\n<meta name=\"twitter:card\" content=\"summary_large_image\" \/>\n<meta name=\"twitter:creator\" content=\"@eltextual\" \/>\n<meta name=\"twitter:site\" content=\"@eltextual\" \/>\n<meta name=\"twitter:label1\" content=\"Escrito por\" \/>\n\t<meta name=\"twitter:data1\" content=\"Diario1 Diario1\" \/>\n\t<meta name=\"twitter:label2\" content=\"Tiempo de lectura\" \/>\n\t<meta name=\"twitter:data2\" content=\"2 minutos\" \/>\n<script type=\"application\/ld+json\" class=\"yoast-schema-graph\">{\"@context\":\"https:\\\/\\\/schema.org\",\"@graph\":[{\"@type\":\"Article\",\"@id\":\"https:\\\/\\\/diariotextual.com\\\/inicio\\\/index.php\\\/2021\\\/08\\\/12\\\/difunden-fotos-sobre-un-encuentro-social-en-olivos-en-el-momento-mas-duro-de-la-cuarentena\\\/#article\",\"isPartOf\":{\"@id\":\"https:\\\/\\\/diariotextual.com\\\/inicio\\\/index.php\\\/2021\\\/08\\\/12\\\/difunden-fotos-sobre-un-encuentro-social-en-olivos-en-el-momento-mas-duro-de-la-cuarentena\\\/\"},\"author\":{\"name\":\"Diario1 Diario1\",\"@id\":\"https:\\\/\\\/diariotextual.com\\\/inicio\\\/#\\\/schema\\\/person\\\/418fc4093c33e86ed41562db3508f958\"},\"headline\":\"Difunden fotos sobre un encuentro social en Olivos en el momento m\u00e1s duro de la cuarentena\",\"datePublished\":\"2021-08-13T00:00:09+00:00\",\"dateModified\":\"2021-08-13T12:05:40+00:00\",\"mainEntityOfPage\":{\"@id\":\"https:\\\/\\\/diariotextual.com\\\/inicio\\\/index.php\\\/2021\\\/08\\\/12\\\/difunden-fotos-sobre-un-encuentro-social-en-olivos-en-el-momento-mas-duro-de-la-cuarentena\\\/\"},\"wordCount\":453,\"publisher\":{\"@id\":\"https:\\\/\\\/diariotextual.com\\\/inicio\\\/#organization\"},\"image\":{\"@id\":\"https:\\\/\\\/diariotextual.com\\\/inicio\\\/index.php\\\/2021\\\/08\\\/12\\\/difunden-fotos-sobre-un-encuentro-social-en-olivos-en-el-momento-mas-duro-de-la-cuarentena\\\/#primaryimage\"},\"thumbnailUrl\":\"https:\\\/\\\/diariotextual.com\\\/inicio\\\/wp-content\\\/uploads\\\/2021\\\/08\\\/fernandezalbertofabiolaolivoreunionclandestina001.jpg\",\"articleSection\":[\"A - QUE PASA (al costado)\",\"POLITICA\"],\"inLanguage\":\"es\"},{\"@type\":\"WebPage\",\"@id\":\"https:\\\/\\\/diariotextual.com\\\/inicio\\\/index.php\\\/2021\\\/08\\\/12\\\/difunden-fotos-sobre-un-encuentro-social-en-olivos-en-el-momento-mas-duro-de-la-cuarentena\\\/\",\"url\":\"https:\\\/\\\/diariotextual.com\\\/inicio\\\/index.php\\\/2021\\\/08\\\/12\\\/difunden-fotos-sobre-un-encuentro-social-en-olivos-en-el-momento-mas-duro-de-la-cuarentena\\\/\",\"name\":\"Difunden fotos sobre un encuentro social en Olivos en el momento m\u00e1s duro de la cuarentena - Diario Textual\",\"isPartOf\":{\"@id\":\"https:\\\/\\\/diariotextual.com\\\/inicio\\\/#website\"},\"primaryImageOfPage\":{\"@id\":\"https:\\\/\\\/diariotextual.com\\\/inicio\\\/index.php\\\/2021\\\/08\\\/12\\\/difunden-fotos-sobre-un-encuentro-social-en-olivos-en-el-momento-mas-duro-de-la-cuarentena\\\/#primaryimage\"},\"image\":{\"@id\":\"https:\\\/\\\/diariotextual.com\\\/inicio\\\/index.php\\\/2021\\\/08\\\/12\\\/difunden-fotos-sobre-un-encuentro-social-en-olivos-en-el-momento-mas-duro-de-la-cuarentena\\\/#primaryimage\"},\"thumbnailUrl\":\"https:\\\/\\\/diariotextual.com\\\/inicio\\\/wp-content\\\/uploads\\\/2021\\\/08\\\/fernandezalbertofabiolaolivoreunionclandestina001.jpg\",\"datePublished\":\"2021-08-13T00:00:09+00:00\",\"dateModified\":\"2021-08-13T12:05:40+00:00\",\"breadcrumb\":{\"@id\":\"https:\\\/\\\/diariotextual.com\\\/inicio\\\/index.php\\\/2021\\\/08\\\/12\\\/difunden-fotos-sobre-un-encuentro-social-en-olivos-en-el-momento-mas-duro-de-la-cuarentena\\\/#breadcrumb\"},\"inLanguage\":\"es\",\"potentialAction\":[{\"@type\":\"ReadAction\",\"target\":[\"https:\\\/\\\/diariotextual.com\\\/inicio\\\/index.php\\\/2021\\\/08\\\/12\\\/difunden-fotos-sobre-un-encuentro-social-en-olivos-en-el-momento-mas-duro-de-la-cuarentena\\\/\"]}]},{\"@type\":\"ImageObject\",\"inLanguage\":\"es\",\"@id\":\"https:\\\/\\\/diariotextual.com\\\/inicio\\\/index.php\\\/2021\\\/08\\\/12\\\/difunden-fotos-sobre-un-encuentro-social-en-olivos-en-el-momento-mas-duro-de-la-cuarentena\\\/#primaryimage\",\"url\":\"https:\\\/\\\/diariotextual.com\\\/inicio\\\/wp-content\\\/uploads\\\/2021\\\/08\\\/fernandezalbertofabiolaolivoreunionclandestina001.jpg\",\"contentUrl\":\"https:\\\/\\\/diariotextual.com\\\/inicio\\\/wp-content\\\/uploads\\\/2021\\\/08\\\/fernandezalbertofabiolaolivoreunionclandestina001.jpg\",\"width\":1200,\"height\":675},{\"@type\":\"BreadcrumbList\",\"@id\":\"https:\\\/\\\/diariotextual.com\\\/inicio\\\/index.php\\\/2021\\\/08\\\/12\\\/difunden-fotos-sobre-un-encuentro-social-en-olivos-en-el-momento-mas-duro-de-la-cuarentena\\\/#breadcrumb\",\"itemListElement\":[{\"@type\":\"ListItem\",\"position\":1,\"name\":\"Portada\",\"item\":\"https:\\\/\\\/diariotextual.com\\\/inicio\\\/\"},{\"@type\":\"ListItem\",\"position\":2,\"name\":\"Difunden fotos sobre un encuentro social en Olivos en el momento m\u00e1s duro de la cuarentena\"}]},{\"@type\":\"WebSite\",\"@id\":\"https:\\\/\\\/diariotextual.com\\\/inicio\\\/#website\",\"url\":\"https:\\\/\\\/diariotextual.com\\\/inicio\\\/\",\"name\":\"Diario Textual\",\"description\":\"\",\"publisher\":{\"@id\":\"https:\\\/\\\/diariotextual.com\\\/inicio\\\/#organization\"},\"potentialAction\":[{\"@type\":\"SearchAction\",\"target\":{\"@type\":\"EntryPoint\",\"urlTemplate\":\"https:\\\/\\\/diariotextual.com\\\/inicio\\\/?s={search_term_string}\"},\"query-input\":{\"@type\":\"PropertyValueSpecification\",\"valueRequired\":true,\"valueName\":\"search_term_string\"}}],\"inLanguage\":\"es\"},{\"@type\":\"Organization\",\"@id\":\"https:\\\/\\\/diariotextual.com\\\/inicio\\\/#organization\",\"name\":\"Diario Textual\",\"url\":\"https:\\\/\\\/diariotextual.com\\\/inicio\\\/\",\"logo\":{\"@type\":\"ImageObject\",\"inLanguage\":\"es\",\"@id\":\"https:\\\/\\\/diariotextual.com\\\/inicio\\\/#\\\/schema\\\/logo\\\/image\\\/\",\"url\":\"https:\\\/\\\/diariotextual.com\\\/inicio\\\/wp-content\\\/uploads\\\/2023\\\/05\\\/logotextual1.jpg\",\"contentUrl\":\"https:\\\/\\\/diariotextual.com\\\/inicio\\\/wp-content\\\/uploads\\\/2023\\\/05\\\/logotextual1.jpg\",\"width\":516,\"height\":76,\"caption\":\"Diario Textual\"},\"image\":{\"@id\":\"https:\\\/\\\/diariotextual.com\\\/inicio\\\/#\\\/schema\\\/logo\\\/image\\\/\"},\"sameAs\":[\"https:\\\/\\\/www.facebook.com\\\/eltextual\",\"https:\\\/\\\/x.com\\\/eltextual\",\"http:\\\/\\\/www.instagram.com\\\/eltextual\"]},{\"@type\":\"Person\",\"@id\":\"https:\\\/\\\/diariotextual.com\\\/inicio\\\/#\\\/schema\\\/person\\\/418fc4093c33e86ed41562db3508f958\",\"name\":\"Diario1 Diario1\",\"image\":{\"@type\":\"ImageObject\",\"inLanguage\":\"es\",\"@id\":\"https:\\\/\\\/secure.gravatar.com\\\/avatar\\\/9167d280179c85bc18be67aa7eda765854300033af4896dd779b608640f2ef7a?s=96&d=mm&r=g\",\"url\":\"https:\\\/\\\/secure.gravatar.com\\\/avatar\\\/9167d280179c85bc18be67aa7eda765854300033af4896dd779b608640f2ef7a?s=96&d=mm&r=g\",\"contentUrl\":\"https:\\\/\\\/secure.gravatar.com\\\/avatar\\\/9167d280179c85bc18be67aa7eda765854300033af4896dd779b608640f2ef7a?s=96&d=mm&r=g\",\"caption\":\"Diario1 Diario1\"},\"url\":\"https:\\\/\\\/diariotextual.com\\\/inicio\\\/index.php\\\/author\\\/diario1\\\/\"}]}<\/script>\n<!-- \/ Yoast SEO plugin. -->","yoast_head_json":{"title":"Difunden fotos sobre un encuentro social en Olivos en el momento m\u00e1s duro de la cuarentena - Diario Textual","robots":{"index":"index","follow":"follow","max-snippet":"max-snippet:-1","max-image-preview":"max-image-preview:large","max-video-preview":"max-video-preview:-1"},"canonical":"https:\/\/diariotextual.com\/inicio\/index.php\/2021\/08\/12\/difunden-fotos-sobre-un-encuentro-social-en-olivos-en-el-momento-mas-duro-de-la-cuarentena\/","og_locale":"es_ES","og_type":"article","og_title":"Difunden fotos sobre un encuentro social en Olivos en el momento m\u00e1s duro de la cuarentena - Diario Textual","og_description":"Una foto se suma a la pol\u00e9mica que gira en torno a\u00a0la difusi\u00f3n de la lista de ingresantes a la quinta de Olivos durante la etapa m\u00e1s restrictiva de la&hellip;","og_url":"https:\/\/diariotextual.com\/inicio\/index.php\/2021\/08\/12\/difunden-fotos-sobre-un-encuentro-social-en-olivos-en-el-momento-mas-duro-de-la-cuarentena\/","og_site_name":"Diario Textual","article_publisher":"https:\/\/www.facebook.com\/eltextual","article_published_time":"2021-08-13T00:00:09+00:00","article_modified_time":"2021-08-13T12:05:40+00:00","og_image":[{"width":1200,"height":675,"url":"https:\/\/diariotextual.com\/inicio\/wp-content\/uploads\/2021\/08\/fernandezalbertofabiolaolivoreunionclandestina001.jpg","type":"image\/jpeg"}],"author":"Diario1 Diario1","twitter_card":"summary_large_image","twitter_creator":"@eltextual","twitter_site":"@eltextual","twitter_misc":{"Escrito por":"Diario1 Diario1","Tiempo de lectura":"2 minutos"},"schema":{"@context":"https:\/\/schema.org","@graph":[{"@type":"Article","@id":"https:\/\/diariotextual.com\/inicio\/index.php\/2021\/08\/12\/difunden-fotos-sobre-un-encuentro-social-en-olivos-en-el-momento-mas-duro-de-la-cuarentena\/#article","isPartOf":{"@id":"https:\/\/diariotextual.com\/inicio\/index.php\/2021\/08\/12\/difunden-fotos-sobre-un-encuentro-social-en-olivos-en-el-momento-mas-duro-de-la-cuarentena\/"},"author":{"name":"Diario1 Diario1","@id":"https:\/\/diariotextual.com\/inicio\/#\/schema\/person\/418fc4093c33e86ed41562db3508f958"},"headline":"Difunden fotos sobre un encuentro social en Olivos en el momento m\u00e1s duro de la cuarentena","datePublished":"2021-08-13T00:00:09+00:00","dateModified":"2021-08-13T12:05:40+00:00","mainEntityOfPage":{"@id":"https:\/\/diariotextual.com\/inicio\/index.php\/2021\/08\/12\/difunden-fotos-sobre-un-encuentro-social-en-olivos-en-el-momento-mas-duro-de-la-cuarentena\/"},"wordCount":453,"publisher":{"@id":"https:\/\/diariotextual.com\/inicio\/#organization"},"image":{"@id":"https:\/\/diariotextual.com\/inicio\/index.php\/2021\/08\/12\/difunden-fotos-sobre-un-encuentro-social-en-olivos-en-el-momento-mas-duro-de-la-cuarentena\/#primaryimage"},"thumbnailUrl":"https:\/\/diariotextual.com\/inicio\/wp-content\/uploads\/2021\/08\/fernandezalbertofabiolaolivoreunionclandestina001.jpg","articleSection":["A - QUE PASA (al costado)","POLITICA"],"inLanguage":"es"},{"@type":"WebPage","@id":"https:\/\/diariotextual.com\/inicio\/index.php\/2021\/08\/12\/difunden-fotos-sobre-un-encuentro-social-en-olivos-en-el-momento-mas-duro-de-la-cuarentena\/","url":"https:\/\/diariotextual.com\/inicio\/index.php\/2021\/08\/12\/difunden-fotos-sobre-un-encuentro-social-en-olivos-en-el-momento-mas-duro-de-la-cuarentena\/","name":"Difunden fotos sobre un encuentro social en Olivos en el momento m\u00e1s duro de la cuarentena - Diario Textual","isPartOf":{"@id":"https:\/\/diariotextual.com\/inicio\/#website"},"primaryImageOfPage":{"@id":"https:\/\/diariotextual.com\/inicio\/index.php\/2021\/08\/12\/difunden-fotos-sobre-un-encuentro-social-en-olivos-en-el-momento-mas-duro-de-la-cuarentena\/#primaryimage"},"image":{"@id":"https:\/\/diariotextual.com\/inicio\/index.php\/2021\/08\/12\/difunden-fotos-sobre-un-encuentro-social-en-olivos-en-el-momento-mas-duro-de-la-cuarentena\/#primaryimage"},"thumbnailUrl":"https:\/\/diariotextual.com\/inicio\/wp-content\/uploads\/2021\/08\/fernandezalbertofabiolaolivoreunionclandestina001.jpg","datePublished":"2021-08-13T00:00:09+00:00","dateModified":"2021-08-13T12:05:40+00:00","breadcrumb":{"@id":"https:\/\/diariotextual.com\/inicio\/index.php\/2021\/08\/12\/difunden-fotos-sobre-un-encuentro-social-en-olivos-en-el-momento-mas-duro-de-la-cuarentena\/#breadcrumb"},"inLanguage":"es","potentialAction":[{"@type":"ReadAction","target":["https:\/\/diariotextual.com\/inicio\/index.php\/2021\/08\/12\/difunden-fotos-sobre-un-encuentro-social-en-olivos-en-el-momento-mas-duro-de-la-cuarentena\/"]}]},{"@type":"ImageObject","inLanguage":"es","@id":"https:\/\/diariotextual.com\/inicio\/index.php\/2021\/08\/12\/difunden-fotos-sobre-un-encuentro-social-en-olivos-en-el-momento-mas-duro-de-la-cuarentena\/#primaryimage","url":"https:\/\/diariotextual.com\/inicio\/wp-content\/uploads\/2021\/08\/fernandezalbertofabiolaolivoreunionclandestina001.jpg","contentUrl":"https:\/\/diariotextual.com\/inicio\/wp-content\/uploads\/2021\/08\/fernandezalbertofabiolaolivoreunionclandestina001.jpg","width":1200,"height":675},{"@type":"BreadcrumbList","@id":"https:\/\/diariotextual.com\/inicio\/index.php\/2021\/08\/12\/difunden-fotos-sobre-un-encuentro-social-en-olivos-en-el-momento-mas-duro-de-la-cuarentena\/#breadcrumb","itemListElement":[{"@type":"ListItem","position":1,"name":"Portada","item":"https:\/\/diariotextual.com\/inicio\/"},{"@type":"ListItem","position":2,"name":"Difunden fotos sobre un encuentro social en Olivos en el momento m\u00e1s duro de la cuarentena"}]},{"@type":"WebSite","@id":"https:\/\/diariotextual.com\/inicio\/#website","url":"https:\/\/diariotextual.com\/inicio\/","name":"Diario Textual","description":"","publisher":{"@id":"https:\/\/diariotextual.com\/inicio\/#organization"},"potentialAction":[{"@type":"SearchAction","target":{"@type":"EntryPoint","urlTemplate":"https:\/\/diariotextual.com\/inicio\/?s={search_term_string}"},"query-input":{"@type":"PropertyValueSpecification","valueRequired":true,"valueName":"search_term_string"}}],"inLanguage":"es"},{"@type":"Organization","@id":"https:\/\/diariotextual.com\/inicio\/#organization","name":"Diario Textual","url":"https:\/\/diariotextual.com\/inicio\/","logo":{"@type":"ImageObject","inLanguage":"es","@id":"https:\/\/diariotextual.com\/inicio\/#\/schema\/logo\/image\/","url":"https:\/\/diariotextual.com\/inicio\/wp-content\/uploads\/2023\/05\/logotextual1.jpg","contentUrl":"https:\/\/diariotextual.com\/inicio\/wp-content\/uploads\/2023\/05\/logotextual1.jpg","width":516,"height":76,"caption":"Diario Textual"},"image":{"@id":"https:\/\/diariotextual.com\/inicio\/#\/schema\/logo\/image\/"},"sameAs":["https:\/\/www.facebook.com\/eltextual","https:\/\/x.com\/eltextual","http:\/\/www.instagram.com\/eltextual"]},{"@type":"Person","@id":"https:\/\/diariotextual.com\/inicio\/#\/schema\/person\/418fc4093c33e86ed41562db3508f958","name":"Diario1 Diario1","image":{"@type":"ImageObject","inLanguage":"es","@id":"https:\/\/secure.gravatar.com\/avatar\/9167d280179c85bc18be67aa7eda765854300033af4896dd779b608640f2ef7a?s=96&d=mm&r=g","url":"https:\/\/secure.gravatar.com\/avatar\/9167d280179c85bc18be67aa7eda765854300033af4896dd779b608640f2ef7a?s=96&d=mm&r=g","contentUrl":"https:\/\/secure.gravatar.com\/avatar\/9167d280179c85bc18be67aa7eda765854300033af4896dd779b608640f2ef7a?s=96&d=mm&r=g","caption":"Diario1 Diario1"},"url":"https:\/\/diariotextual.com\/inicio\/index.php\/author\/diario1\/"}]}},"_links":{"self":[{"href":"https:\/\/diariotextual.com\/inicio\/index.php\/wp-json\/wp\/v2\/posts\/157732","targetHints":{"allow":["GET"]}}],"collection":[{"href":"https:\/\/diariotextual.com\/inicio\/index.php\/wp-json\/wp\/v2\/posts"}],"about":[{"href":"https:\/\/diariotextual.com\/inicio\/index.php\/wp-json\/wp\/v2\/types\/post"}],"author":[{"embeddable":true,"href":"https:\/\/diariotextual.com\/inicio\/index.php\/wp-json\/wp\/v2\/users\/3"}],"replies":[{"embeddable":true,"href":"https:\/\/diariotextual.com\/inicio\/index.php\/wp-json\/wp\/v2\/comments?post=157732"}],"version-history":[{"count":1,"href":"https:\/\/diariotextual.com\/inicio\/index.php\/wp-json\/wp\/v2\/posts\/157732\/revisions"}],"predecessor-version":[{"id":157733,"href":"https:\/\/diariotextual.com\/inicio\/index.php\/wp-json\/wp\/v2\/posts\/157732\/revisions\/157733"}],"wp:featuredmedia":[{"embeddable":true,"href":"https:\/\/diariotextual.com\/inicio\/index.php\/wp-json\/wp\/v2\/media\/157734"}],"wp:attachment":[{"href":"https:\/\/diariotextual.com\/inicio\/index.php\/wp-json\/wp\/v2\/media?parent=157732"}],"wp:term":[{"taxonomy":"category","embeddable":true,"href":"https:\/\/diariotextual.com\/inicio\/index.php\/wp-json\/wp\/v2\/categories?post=157732"},{"taxonomy":"post_tag","embeddable":true,"href":"https:\/\/diariotextual.com\/inicio\/index.php\/wp-json\/wp\/v2\/tags?post=157732"}],"curies":[{"name":"wp","href":"https:\/\/api.w.org\/{rel}","templated":true}]}}