{"id":157766,"date":"2021-08-13T09:03:32","date_gmt":"2021-08-13T12:03:32","guid":{"rendered":"https:\/\/diariotextual.com\/inicio\/?p=157766"},"modified":"2021-08-13T12:53:38","modified_gmt":"2021-08-13T15:53:38","slug":"cafiero-admitio-la-fiesta-en-olivos-fue-un-error-no-deberia-haber-ocurrido","status":"publish","type":"post","link":"https:\/\/diariotextual.com\/inicio\/index.php\/2021\/08\/13\/cafiero-admitio-la-fiesta-en-olivos-fue-un-error-no-deberia-haber-ocurrido\/","title":{"rendered":"Cafiero admiti\u00f3 la fiesta en Olivos: \u201cFue un error, no deber\u00eda haber ocurrido\u201d"},"content":{"rendered":"\n<p>El jefe de Gabinete, <strong>Santiago Cafiero<\/strong>, admiti\u00f3 que las fotos de la fiesta en el comedor de la Quinta de Olivos que se conocieron esta semana son reales y fueron tomadas el 14 de julio del a\u00f1o pasado, d\u00eda del cumplea\u00f1os de la Primera Dama Fabiola Y\u00e1\u00f1ez, en medio de la cuarentena estricta que reg\u00eda por el coronavirus en la Argentina.<\/p>\n\n\n\n<p><strong>\u201cEs evidente que hubo un descuido, se cometi\u00f3 un error, no deber\u00eda haber ocurrido. Fue un evento social que no deber\u00eda haber ocurrido\u201d<\/strong>, reconoci\u00f3 Cafiero en di\u00e1logo con Gustavo Silvestre en Radio 10.<\/p>\n\n\n\n<figure class=\"wp-block-image size-large\"><img fetchpriority=\"high\" decoding=\"async\" width=\"1024\" height=\"576\" src=\"https:\/\/diariotextual.com\/inicio\/wp-content\/uploads\/2021\/08\/fernandezalbertofabiolaolivoreunionclandestina001-1024x576.jpg\" alt=\"\" class=\"wp-image-157734\" srcset=\"https:\/\/diariotextual.com\/inicio\/wp-content\/uploads\/2021\/08\/fernandezalbertofabiolaolivoreunionclandestina001-1024x576.jpg 1024w, https:\/\/diariotextual.com\/inicio\/wp-content\/uploads\/2021\/08\/fernandezalbertofabiolaolivoreunionclandestina001-300x169.jpg 300w, https:\/\/diariotextual.com\/inicio\/wp-content\/uploads\/2021\/08\/fernandezalbertofabiolaolivoreunionclandestina001-768x432.jpg 768w, https:\/\/diariotextual.com\/inicio\/wp-content\/uploads\/2021\/08\/fernandezalbertofabiolaolivoreunionclandestina001-1170x658.jpg 1170w, https:\/\/diariotextual.com\/inicio\/wp-content\/uploads\/2021\/08\/fernandezalbertofabiolaolivoreunionclandestina001-585x329.jpg 585w, https:\/\/diariotextual.com\/inicio\/wp-content\/uploads\/2021\/08\/fernandezalbertofabiolaolivoreunionclandestina001.jpg 1200w\" sizes=\"(max-width: 1024px) 100vw, 1024px\" \/><\/figure>\n\n\n\n<p>Las primeras sospechas sobre la posibilidad de que se hubieran realizado fiestas en Olivos en medio de la pandemia surgieron cuando el periodista Gonzalo Z\u00edver accedi\u00f3 y difundi\u00f3 en redes sociales el registro completo de visitas a la Quinta durante gran parte de 2020. De esa n\u00f3mina, surgen los nombres de los presentes en las fotograf\u00edas.<\/p>\n\n\n\n<p>\u201cNosotros somos distintos, reconocemos el error, pero esto no nos va a hacer distraer de los temas que verdaderamente importa, porque estos no son los temas que le importan a la gente\u201d, analiz\u00f3 Cafiero.<\/p>\n\n\n\n<p><\/p>\n\n\n\n<figure class=\"wp-block-embed is-type-wp-embed is-provider-diario-textual wp-block-embed-diario-textual\"><div class=\"wp-block-embed__wrapper\">\n<blockquote class=\"wp-embedded-content\" data-secret=\"YCg820ZwyS\"><a href=\"https:\/\/diariotextual.com\/inicio\/index.php\/2021\/08\/12\/difunden-fotos-sobre-un-encuentro-social-en-olivos-en-el-momento-mas-duro-de-la-cuarentena\/\">Difunden fotos sobre un encuentro social en Olivos en el momento m\u00e1s duro de la cuarentena<\/a><\/blockquote><iframe class=\"wp-embedded-content\" sandbox=\"allow-scripts\" security=\"restricted\" style=\"position: absolute; clip: rect(1px, 1px, 1px, 1px);\" title=\"\u00abDifunden fotos sobre un encuentro social en Olivos en el momento m\u00e1s duro de la cuarentena\u00bb \u2014 Diario Textual\" src=\"https:\/\/diariotextual.com\/inicio\/index.php\/2021\/08\/12\/difunden-fotos-sobre-un-encuentro-social-en-olivos-en-el-momento-mas-duro-de-la-cuarentena\/embed\/#?secret=YCg820ZwyS\" data-secret=\"YCg820ZwyS\" width=\"600\" height=\"338\" frameborder=\"0\" marginwidth=\"0\" marginheight=\"0\" scrolling=\"no\"><\/iframe>\n<\/div><\/figure>\n\n\n\n<p>Las fotos provocaron un esc\u00e1ndalo pol\u00edtico. La oposici\u00f3n adelant\u00f3 que promover\u00e1 un juicio pol\u00edtico al presidente Alberto Fern\u00e1ndez para qu\u00e9 d\u00e9 explicaciones en el Congreso. Hubo incluso dirigentes del Frente de Todos que comenzaron a cuestionar la actitud del jefe de Estado, que recientemente en un reportaje hab\u00eda negado la realizaci\u00f3n de encuentros sociales durante el confinamiento.<\/p>\n\n\n\n<p>\u201cHay que aclarar que en esos d\u00edas Olivos funcionaba como el centro de operaciones de la pandemia; mucha gente entraba y sal\u00eda, hubo reuniones con distintos sectores y con expertos\u2026 y en una ocasi\u00f3n hubo un evento social, que no deber\u00eda haber ocurrido; y sobre eso mucho m\u00e1s para agregar no hay\u201d, reconoci\u00f3 esta ma\u00f1ana Cafiero.<\/p>\n","protected":false},"excerpt":{"rendered":"<p>El jefe de Gabinete, Santiago Cafiero, admiti\u00f3 que las fotos de la fiesta en el comedor de la Quinta de Olivos que se conocieron esta semana son reales y fueron&hellip;<\/p>\n","protected":false},"author":3,"featured_media":147310,"comment_status":"closed","ping_status":"open","sticky":false,"template":"","format":"standard","meta":{"_acf_changed":false,"footnotes":""},"categories":[1,8],"tags":[],"class_list":["post-157766","post","type-post","status-publish","format-standard","has-post-thumbnail","hentry","category-es-noticia","category-politica"],"acf":[],"yoast_head":"<!-- This site is optimized with the Yoast SEO plugin v27.5 - https:\/\/yoast.com\/product\/yoast-seo-wordpress\/ -->\n<title>Cafiero admiti\u00f3 la fiesta en Olivos: \u201cFue un error, no deber\u00eda haber ocurrido\u201d - Diario Textual<\/title>\n<meta name=\"robots\" content=\"index, follow, max-snippet:-1, max-image-preview:large, max-video-preview:-1\" \/>\n<link rel=\"canonical\" href=\"https:\/\/diariotextual.com\/inicio\/index.php\/2021\/08\/13\/cafiero-admitio-la-fiesta-en-olivos-fue-un-error-no-deberia-haber-ocurrido\/\" \/>\n<meta property=\"og:locale\" content=\"es_ES\" \/>\n<meta property=\"og:type\" content=\"article\" \/>\n<meta property=\"og:title\" content=\"Cafiero admiti\u00f3 la fiesta en Olivos: \u201cFue un error, no deber\u00eda haber ocurrido\u201d - Diario Textual\" \/>\n<meta property=\"og:description\" content=\"El jefe de Gabinete, Santiago Cafiero, admiti\u00f3 que las fotos de la fiesta en el comedor de la Quinta de Olivos que se conocieron esta semana son reales y fueron&hellip;\" \/>\n<meta property=\"og:url\" content=\"https:\/\/diariotextual.com\/inicio\/index.php\/2021\/08\/13\/cafiero-admitio-la-fiesta-en-olivos-fue-un-error-no-deberia-haber-ocurrido\/\" \/>\n<meta property=\"og:site_name\" content=\"Diario Textual\" \/>\n<meta property=\"article:publisher\" content=\"https:\/\/www.facebook.com\/eltextual\" \/>\n<meta property=\"article:published_time\" content=\"2021-08-13T12:03:32+00:00\" \/>\n<meta property=\"article:modified_time\" content=\"2021-08-13T15:53:38+00:00\" \/>\n<meta property=\"og:image\" content=\"https:\/\/diariotextual.com\/inicio\/wp-content\/uploads\/2021\/05\/cafierosantiago2021-1.jpg\" \/>\n\t<meta property=\"og:image:width\" content=\"1004\" \/>\n\t<meta property=\"og:image:height\" content=\"565\" \/>\n\t<meta property=\"og:image:type\" content=\"image\/jpeg\" \/>\n<meta name=\"author\" content=\"Diario1 Diario1\" \/>\n<meta name=\"twitter:card\" content=\"summary_large_image\" \/>\n<meta name=\"twitter:creator\" content=\"@eltextual\" \/>\n<meta name=\"twitter:site\" content=\"@eltextual\" \/>\n<meta name=\"twitter:label1\" content=\"Escrito por\" \/>\n\t<meta name=\"twitter:data1\" content=\"Diario1 Diario1\" \/>\n\t<meta name=\"twitter:label2\" content=\"Tiempo de lectura\" \/>\n\t<meta name=\"twitter:data2\" content=\"2 minutos\" \/>\n<script type=\"application\/ld+json\" class=\"yoast-schema-graph\">{\"@context\":\"https:\\\/\\\/schema.org\",\"@graph\":[{\"@type\":\"Article\",\"@id\":\"https:\\\/\\\/diariotextual.com\\\/inicio\\\/index.php\\\/2021\\\/08\\\/13\\\/cafiero-admitio-la-fiesta-en-olivos-fue-un-error-no-deberia-haber-ocurrido\\\/#article\",\"isPartOf\":{\"@id\":\"https:\\\/\\\/diariotextual.com\\\/inicio\\\/index.php\\\/2021\\\/08\\\/13\\\/cafiero-admitio-la-fiesta-en-olivos-fue-un-error-no-deberia-haber-ocurrido\\\/\"},\"author\":{\"name\":\"Diario1 Diario1\",\"@id\":\"https:\\\/\\\/diariotextual.com\\\/inicio\\\/#\\\/schema\\\/person\\\/418fc4093c33e86ed41562db3508f958\"},\"headline\":\"Cafiero admiti\u00f3 la fiesta en Olivos: \u201cFue un error, no deber\u00eda haber ocurrido\u201d\",\"datePublished\":\"2021-08-13T12:03:32+00:00\",\"dateModified\":\"2021-08-13T15:53:38+00:00\",\"mainEntityOfPage\":{\"@id\":\"https:\\\/\\\/diariotextual.com\\\/inicio\\\/index.php\\\/2021\\\/08\\\/13\\\/cafiero-admitio-la-fiesta-en-olivos-fue-un-error-no-deberia-haber-ocurrido\\\/\"},\"wordCount\":339,\"publisher\":{\"@id\":\"https:\\\/\\\/diariotextual.com\\\/inicio\\\/#organization\"},\"image\":{\"@id\":\"https:\\\/\\\/diariotextual.com\\\/inicio\\\/index.php\\\/2021\\\/08\\\/13\\\/cafiero-admitio-la-fiesta-en-olivos-fue-un-error-no-deberia-haber-ocurrido\\\/#primaryimage\"},\"thumbnailUrl\":\"https:\\\/\\\/diariotextual.com\\\/inicio\\\/wp-content\\\/uploads\\\/2021\\\/05\\\/cafierosantiago2021-1.jpg\",\"articleSection\":[\"A - ES NOTICIA (van abajo)\",\"POLITICA\"],\"inLanguage\":\"es\"},{\"@type\":\"WebPage\",\"@id\":\"https:\\\/\\\/diariotextual.com\\\/inicio\\\/index.php\\\/2021\\\/08\\\/13\\\/cafiero-admitio-la-fiesta-en-olivos-fue-un-error-no-deberia-haber-ocurrido\\\/\",\"url\":\"https:\\\/\\\/diariotextual.com\\\/inicio\\\/index.php\\\/2021\\\/08\\\/13\\\/cafiero-admitio-la-fiesta-en-olivos-fue-un-error-no-deberia-haber-ocurrido\\\/\",\"name\":\"Cafiero admiti\u00f3 la fiesta en Olivos: \u201cFue un error, no deber\u00eda haber ocurrido\u201d - Diario Textual\",\"isPartOf\":{\"@id\":\"https:\\\/\\\/diariotextual.com\\\/inicio\\\/#website\"},\"primaryImageOfPage\":{\"@id\":\"https:\\\/\\\/diariotextual.com\\\/inicio\\\/index.php\\\/2021\\\/08\\\/13\\\/cafiero-admitio-la-fiesta-en-olivos-fue-un-error-no-deberia-haber-ocurrido\\\/#primaryimage\"},\"image\":{\"@id\":\"https:\\\/\\\/diariotextual.com\\\/inicio\\\/index.php\\\/2021\\\/08\\\/13\\\/cafiero-admitio-la-fiesta-en-olivos-fue-un-error-no-deberia-haber-ocurrido\\\/#primaryimage\"},\"thumbnailUrl\":\"https:\\\/\\\/diariotextual.com\\\/inicio\\\/wp-content\\\/uploads\\\/2021\\\/05\\\/cafierosantiago2021-1.jpg\",\"datePublished\":\"2021-08-13T12:03:32+00:00\",\"dateModified\":\"2021-08-13T15:53:38+00:00\",\"breadcrumb\":{\"@id\":\"https:\\\/\\\/diariotextual.com\\\/inicio\\\/index.php\\\/2021\\\/08\\\/13\\\/cafiero-admitio-la-fiesta-en-olivos-fue-un-error-no-deberia-haber-ocurrido\\\/#breadcrumb\"},\"inLanguage\":\"es\",\"potentialAction\":[{\"@type\":\"ReadAction\",\"target\":[\"https:\\\/\\\/diariotextual.com\\\/inicio\\\/index.php\\\/2021\\\/08\\\/13\\\/cafiero-admitio-la-fiesta-en-olivos-fue-un-error-no-deberia-haber-ocurrido\\\/\"]}]},{\"@type\":\"ImageObject\",\"inLanguage\":\"es\",\"@id\":\"https:\\\/\\\/diariotextual.com\\\/inicio\\\/index.php\\\/2021\\\/08\\\/13\\\/cafiero-admitio-la-fiesta-en-olivos-fue-un-error-no-deberia-haber-ocurrido\\\/#primaryimage\",\"url\":\"https:\\\/\\\/diariotextual.com\\\/inicio\\\/wp-content\\\/uploads\\\/2021\\\/05\\\/cafierosantiago2021-1.jpg\",\"contentUrl\":\"https:\\\/\\\/diariotextual.com\\\/inicio\\\/wp-content\\\/uploads\\\/2021\\\/05\\\/cafierosantiago2021-1.jpg\",\"width\":1004,\"height\":565},{\"@type\":\"BreadcrumbList\",\"@id\":\"https:\\\/\\\/diariotextual.com\\\/inicio\\\/index.php\\\/2021\\\/08\\\/13\\\/cafiero-admitio-la-fiesta-en-olivos-fue-un-error-no-deberia-haber-ocurrido\\\/#breadcrumb\",\"itemListElement\":[{\"@type\":\"ListItem\",\"position\":1,\"name\":\"Portada\",\"item\":\"https:\\\/\\\/diariotextual.com\\\/inicio\\\/\"},{\"@type\":\"ListItem\",\"position\":2,\"name\":\"Cafiero admiti\u00f3 la fiesta en Olivos: \u201cFue un error, no deber\u00eda haber ocurrido\u201d\"}]},{\"@type\":\"WebSite\",\"@id\":\"https:\\\/\\\/diariotextual.com\\\/inicio\\\/#website\",\"url\":\"https:\\\/\\\/diariotextual.com\\\/inicio\\\/\",\"name\":\"Diario Textual\",\"description\":\"\",\"publisher\":{\"@id\":\"https:\\\/\\\/diariotextual.com\\\/inicio\\\/#organization\"},\"potentialAction\":[{\"@type\":\"SearchAction\",\"target\":{\"@type\":\"EntryPoint\",\"urlTemplate\":\"https:\\\/\\\/diariotextual.com\\\/inicio\\\/?s={search_term_string}\"},\"query-input\":{\"@type\":\"PropertyValueSpecification\",\"valueRequired\":true,\"valueName\":\"search_term_string\"}}],\"inLanguage\":\"es\"},{\"@type\":\"Organization\",\"@id\":\"https:\\\/\\\/diariotextual.com\\\/inicio\\\/#organization\",\"name\":\"Diario Textual\",\"url\":\"https:\\\/\\\/diariotextual.com\\\/inicio\\\/\",\"logo\":{\"@type\":\"ImageObject\",\"inLanguage\":\"es\",\"@id\":\"https:\\\/\\\/diariotextual.com\\\/inicio\\\/#\\\/schema\\\/logo\\\/image\\\/\",\"url\":\"https:\\\/\\\/diariotextual.com\\\/inicio\\\/wp-content\\\/uploads\\\/2023\\\/05\\\/logotextual1.jpg\",\"contentUrl\":\"https:\\\/\\\/diariotextual.com\\\/inicio\\\/wp-content\\\/uploads\\\/2023\\\/05\\\/logotextual1.jpg\",\"width\":516,\"height\":76,\"caption\":\"Diario Textual\"},\"image\":{\"@id\":\"https:\\\/\\\/diariotextual.com\\\/inicio\\\/#\\\/schema\\\/logo\\\/image\\\/\"},\"sameAs\":[\"https:\\\/\\\/www.facebook.com\\\/eltextual\",\"https:\\\/\\\/x.com\\\/eltextual\",\"http:\\\/\\\/www.instagram.com\\\/eltextual\"]},{\"@type\":\"Person\",\"@id\":\"https:\\\/\\\/diariotextual.com\\\/inicio\\\/#\\\/schema\\\/person\\\/418fc4093c33e86ed41562db3508f958\",\"name\":\"Diario1 Diario1\",\"image\":{\"@type\":\"ImageObject\",\"inLanguage\":\"es\",\"@id\":\"https:\\\/\\\/secure.gravatar.com\\\/avatar\\\/9167d280179c85bc18be67aa7eda765854300033af4896dd779b608640f2ef7a?s=96&d=mm&r=g\",\"url\":\"https:\\\/\\\/secure.gravatar.com\\\/avatar\\\/9167d280179c85bc18be67aa7eda765854300033af4896dd779b608640f2ef7a?s=96&d=mm&r=g\",\"contentUrl\":\"https:\\\/\\\/secure.gravatar.com\\\/avatar\\\/9167d280179c85bc18be67aa7eda765854300033af4896dd779b608640f2ef7a?s=96&d=mm&r=g\",\"caption\":\"Diario1 Diario1\"},\"url\":\"https:\\\/\\\/diariotextual.com\\\/inicio\\\/index.php\\\/author\\\/diario1\\\/\"}]}<\/script>\n<!-- \/ Yoast SEO plugin. -->","yoast_head_json":{"title":"Cafiero admiti\u00f3 la fiesta en Olivos: \u201cFue un error, no deber\u00eda haber ocurrido\u201d - Diario Textual","robots":{"index":"index","follow":"follow","max-snippet":"max-snippet:-1","max-image-preview":"max-image-preview:large","max-video-preview":"max-video-preview:-1"},"canonical":"https:\/\/diariotextual.com\/inicio\/index.php\/2021\/08\/13\/cafiero-admitio-la-fiesta-en-olivos-fue-un-error-no-deberia-haber-ocurrido\/","og_locale":"es_ES","og_type":"article","og_title":"Cafiero admiti\u00f3 la fiesta en Olivos: \u201cFue un error, no deber\u00eda haber ocurrido\u201d - Diario Textual","og_description":"El jefe de Gabinete, Santiago Cafiero, admiti\u00f3 que las fotos de la fiesta en el comedor de la Quinta de Olivos que se conocieron esta semana son reales y fueron&hellip;","og_url":"https:\/\/diariotextual.com\/inicio\/index.php\/2021\/08\/13\/cafiero-admitio-la-fiesta-en-olivos-fue-un-error-no-deberia-haber-ocurrido\/","og_site_name":"Diario Textual","article_publisher":"https:\/\/www.facebook.com\/eltextual","article_published_time":"2021-08-13T12:03:32+00:00","article_modified_time":"2021-08-13T15:53:38+00:00","og_image":[{"width":1004,"height":565,"url":"https:\/\/diariotextual.com\/inicio\/wp-content\/uploads\/2021\/05\/cafierosantiago2021-1.jpg","type":"image\/jpeg"}],"author":"Diario1 Diario1","twitter_card":"summary_large_image","twitter_creator":"@eltextual","twitter_site":"@eltextual","twitter_misc":{"Escrito por":"Diario1 Diario1","Tiempo de lectura":"2 minutos"},"schema":{"@context":"https:\/\/schema.org","@graph":[{"@type":"Article","@id":"https:\/\/diariotextual.com\/inicio\/index.php\/2021\/08\/13\/cafiero-admitio-la-fiesta-en-olivos-fue-un-error-no-deberia-haber-ocurrido\/#article","isPartOf":{"@id":"https:\/\/diariotextual.com\/inicio\/index.php\/2021\/08\/13\/cafiero-admitio-la-fiesta-en-olivos-fue-un-error-no-deberia-haber-ocurrido\/"},"author":{"name":"Diario1 Diario1","@id":"https:\/\/diariotextual.com\/inicio\/#\/schema\/person\/418fc4093c33e86ed41562db3508f958"},"headline":"Cafiero admiti\u00f3 la fiesta en Olivos: \u201cFue un error, no deber\u00eda haber ocurrido\u201d","datePublished":"2021-08-13T12:03:32+00:00","dateModified":"2021-08-13T15:53:38+00:00","mainEntityOfPage":{"@id":"https:\/\/diariotextual.com\/inicio\/index.php\/2021\/08\/13\/cafiero-admitio-la-fiesta-en-olivos-fue-un-error-no-deberia-haber-ocurrido\/"},"wordCount":339,"publisher":{"@id":"https:\/\/diariotextual.com\/inicio\/#organization"},"image":{"@id":"https:\/\/diariotextual.com\/inicio\/index.php\/2021\/08\/13\/cafiero-admitio-la-fiesta-en-olivos-fue-un-error-no-deberia-haber-ocurrido\/#primaryimage"},"thumbnailUrl":"https:\/\/diariotextual.com\/inicio\/wp-content\/uploads\/2021\/05\/cafierosantiago2021-1.jpg","articleSection":["A - ES NOTICIA (van abajo)","POLITICA"],"inLanguage":"es"},{"@type":"WebPage","@id":"https:\/\/diariotextual.com\/inicio\/index.php\/2021\/08\/13\/cafiero-admitio-la-fiesta-en-olivos-fue-un-error-no-deberia-haber-ocurrido\/","url":"https:\/\/diariotextual.com\/inicio\/index.php\/2021\/08\/13\/cafiero-admitio-la-fiesta-en-olivos-fue-un-error-no-deberia-haber-ocurrido\/","name":"Cafiero admiti\u00f3 la fiesta en Olivos: \u201cFue un error, no deber\u00eda haber ocurrido\u201d - Diario Textual","isPartOf":{"@id":"https:\/\/diariotextual.com\/inicio\/#website"},"primaryImageOfPage":{"@id":"https:\/\/diariotextual.com\/inicio\/index.php\/2021\/08\/13\/cafiero-admitio-la-fiesta-en-olivos-fue-un-error-no-deberia-haber-ocurrido\/#primaryimage"},"image":{"@id":"https:\/\/diariotextual.com\/inicio\/index.php\/2021\/08\/13\/cafiero-admitio-la-fiesta-en-olivos-fue-un-error-no-deberia-haber-ocurrido\/#primaryimage"},"thumbnailUrl":"https:\/\/diariotextual.com\/inicio\/wp-content\/uploads\/2021\/05\/cafierosantiago2021-1.jpg","datePublished":"2021-08-13T12:03:32+00:00","dateModified":"2021-08-13T15:53:38+00:00","breadcrumb":{"@id":"https:\/\/diariotextual.com\/inicio\/index.php\/2021\/08\/13\/cafiero-admitio-la-fiesta-en-olivos-fue-un-error-no-deberia-haber-ocurrido\/#breadcrumb"},"inLanguage":"es","potentialAction":[{"@type":"ReadAction","target":["https:\/\/diariotextual.com\/inicio\/index.php\/2021\/08\/13\/cafiero-admitio-la-fiesta-en-olivos-fue-un-error-no-deberia-haber-ocurrido\/"]}]},{"@type":"ImageObject","inLanguage":"es","@id":"https:\/\/diariotextual.com\/inicio\/index.php\/2021\/08\/13\/cafiero-admitio-la-fiesta-en-olivos-fue-un-error-no-deberia-haber-ocurrido\/#primaryimage","url":"https:\/\/diariotextual.com\/inicio\/wp-content\/uploads\/2021\/05\/cafierosantiago2021-1.jpg","contentUrl":"https:\/\/diariotextual.com\/inicio\/wp-content\/uploads\/2021\/05\/cafierosantiago2021-1.jpg","width":1004,"height":565},{"@type":"BreadcrumbList","@id":"https:\/\/diariotextual.com\/inicio\/index.php\/2021\/08\/13\/cafiero-admitio-la-fiesta-en-olivos-fue-un-error-no-deberia-haber-ocurrido\/#breadcrumb","itemListElement":[{"@type":"ListItem","position":1,"name":"Portada","item":"https:\/\/diariotextual.com\/inicio\/"},{"@type":"ListItem","position":2,"name":"Cafiero admiti\u00f3 la fiesta en Olivos: \u201cFue un error, no deber\u00eda haber ocurrido\u201d"}]},{"@type":"WebSite","@id":"https:\/\/diariotextual.com\/inicio\/#website","url":"https:\/\/diariotextual.com\/inicio\/","name":"Diario Textual","description":"","publisher":{"@id":"https:\/\/diariotextual.com\/inicio\/#organization"},"potentialAction":[{"@type":"SearchAction","target":{"@type":"EntryPoint","urlTemplate":"https:\/\/diariotextual.com\/inicio\/?s={search_term_string}"},"query-input":{"@type":"PropertyValueSpecification","valueRequired":true,"valueName":"search_term_string"}}],"inLanguage":"es"},{"@type":"Organization","@id":"https:\/\/diariotextual.com\/inicio\/#organization","name":"Diario Textual","url":"https:\/\/diariotextual.com\/inicio\/","logo":{"@type":"ImageObject","inLanguage":"es","@id":"https:\/\/diariotextual.com\/inicio\/#\/schema\/logo\/image\/","url":"https:\/\/diariotextual.com\/inicio\/wp-content\/uploads\/2023\/05\/logotextual1.jpg","contentUrl":"https:\/\/diariotextual.com\/inicio\/wp-content\/uploads\/2023\/05\/logotextual1.jpg","width":516,"height":76,"caption":"Diario Textual"},"image":{"@id":"https:\/\/diariotextual.com\/inicio\/#\/schema\/logo\/image\/"},"sameAs":["https:\/\/www.facebook.com\/eltextual","https:\/\/x.com\/eltextual","http:\/\/www.instagram.com\/eltextual"]},{"@type":"Person","@id":"https:\/\/diariotextual.com\/inicio\/#\/schema\/person\/418fc4093c33e86ed41562db3508f958","name":"Diario1 Diario1","image":{"@type":"ImageObject","inLanguage":"es","@id":"https:\/\/secure.gravatar.com\/avatar\/9167d280179c85bc18be67aa7eda765854300033af4896dd779b608640f2ef7a?s=96&d=mm&r=g","url":"https:\/\/secure.gravatar.com\/avatar\/9167d280179c85bc18be67aa7eda765854300033af4896dd779b608640f2ef7a?s=96&d=mm&r=g","contentUrl":"https:\/\/secure.gravatar.com\/avatar\/9167d280179c85bc18be67aa7eda765854300033af4896dd779b608640f2ef7a?s=96&d=mm&r=g","caption":"Diario1 Diario1"},"url":"https:\/\/diariotextual.com\/inicio\/index.php\/author\/diario1\/"}]}},"_links":{"self":[{"href":"https:\/\/diariotextual.com\/inicio\/index.php\/wp-json\/wp\/v2\/posts\/157766","targetHints":{"allow":["GET"]}}],"collection":[{"href":"https:\/\/diariotextual.com\/inicio\/index.php\/wp-json\/wp\/v2\/posts"}],"about":[{"href":"https:\/\/diariotextual.com\/inicio\/index.php\/wp-json\/wp\/v2\/types\/post"}],"author":[{"embeddable":true,"href":"https:\/\/diariotextual.com\/inicio\/index.php\/wp-json\/wp\/v2\/users\/3"}],"replies":[{"embeddable":true,"href":"https:\/\/diariotextual.com\/inicio\/index.php\/wp-json\/wp\/v2\/comments?post=157766"}],"version-history":[{"count":3,"href":"https:\/\/diariotextual.com\/inicio\/index.php\/wp-json\/wp\/v2\/posts\/157766\/revisions"}],"predecessor-version":[{"id":157772,"href":"https:\/\/diariotextual.com\/inicio\/index.php\/wp-json\/wp\/v2\/posts\/157766\/revisions\/157772"}],"wp:featuredmedia":[{"embeddable":true,"href":"https:\/\/diariotextual.com\/inicio\/index.php\/wp-json\/wp\/v2\/media\/147310"}],"wp:attachment":[{"href":"https:\/\/diariotextual.com\/inicio\/index.php\/wp-json\/wp\/v2\/media?parent=157766"}],"wp:term":[{"taxonomy":"category","embeddable":true,"href":"https:\/\/diariotextual.com\/inicio\/index.php\/wp-json\/wp\/v2\/categories?post=157766"},{"taxonomy":"post_tag","embeddable":true,"href":"https:\/\/diariotextual.com\/inicio\/index.php\/wp-json\/wp\/v2\/tags?post=157766"}],"curies":[{"name":"wp","href":"https:\/\/api.w.org\/{rel}","templated":true}]}}