{"id":157782,"date":"2021-08-13T11:53:43","date_gmt":"2021-08-13T14:53:43","guid":{"rendered":"https:\/\/diariotextual.com\/inicio\/?p=157782"},"modified":"2021-08-13T18:29:59","modified_gmt":"2021-08-13T21:29:59","slug":"anibal-culpo-a-fabiola-por-el-cumple-en-olivos-que-va-a-hacer-alberto-cagarla-a-palos","status":"publish","type":"post","link":"https:\/\/diariotextual.com\/inicio\/index.php\/2021\/08\/13\/anibal-culpo-a-fabiola-por-el-cumple-en-olivos-que-va-a-hacer-alberto-cagarla-a-palos\/","title":{"rendered":"An\u00edbal culp\u00f3 a Fabiola por el cumple en Olivos: \u00ab\u00bfQu\u00e9 va a hacer Alberto, cagarla a palos?\u00bb"},"content":{"rendered":"\n<p><strong>An\u00edbal Fern\u00e1ndez<\/strong> quiso salir a defender a <strong>Alberto Fern\u00e1ndez <\/strong>por el esc\u00e1ndalo de las reuniones sociales en Olivos y termin\u00f3 meti\u00e9ndose en un terreno complicado con una pol\u00e9mica declaraci\u00f3n en la que culp\u00f3 a Fabiola Y\u00e1\u00f1ez. <strong>\u00ab\u00bfQu\u00e9 va a hacer el presidente, cagarla a palos?\u00bb, se pregunt\u00f3.<\/strong><\/p>\n\n\n\n<p>El interventor de Yacimientos Carbon\u00edferos R\u00edo Turbio (YCRT) se meti\u00f3 en la pol\u00e9mica generada por el festejo del cumplea\u00f1os de la primera dama en plena cuarentena dura, el 14 de julio de 2020, con m\u00e1s de diez personas en un lugar cerrado, sin distancia ni barbijos.<\/p>\n\n\n\n<p>Fiel a su estilo, An\u00edbal busc\u00f3 usar una frase rimbombante para ningunear el esc\u00e1ndalo y culp\u00f3 a Fabiola por la organizaci\u00f3n de la cena, como si Alberto no tuviese poder sobre lo que sucede en Olivos. <strong>\u00abSi ella organiz\u00f3 un cumplea\u00f1os en contravenci\u00f3n de las normas sanitarias, es un problema que no ata\u00f1e a la funci\u00f3n p\u00fablica. Listo, se termin\u00f3. No hay otra cosa\u00bb, dijo en Radio Con Vos.<\/strong><\/p>\n\n\n\n<p>\u00abLa complicaci\u00f3n la quieren poner porque la se\u00f1ora hizo una comida, que puede ser criticable. \u00bfQu\u00e9 va a hacer el marido, como en la Edad Media, 1.200 a\u00f1os atr\u00e1s, llegar y cagarla a palos porque cometi\u00f3 un error?\u00bb, pregunt\u00f3 An\u00edbal.<\/p>\n\n\n\n<p>\u00abNo te estoy boludeando\u00bb, respondi\u00f3 An\u00edbal ante la cr\u00edtica del periodista por la respuesta anterior. \u00ab\u00bfQu\u00e9 va a hacer? \u00bfC\u00f3mo se resuelve?\u00bb, insisti\u00f3. \u00abLlega el marido a la casa, la mujer organiz\u00f3 un cumplea\u00f1os, el marido la lleva a la habitaci\u00f3n y le pega dos pi\u00f1as porque cometi\u00f3 el error. Eso no existe m\u00e1s, \u00a1por dios!\u00bb.<\/p>\n\n\n\n<p>Para defender a Alberto, el ex jefe de gabinete asegur\u00f3 que el Presidente no ten\u00eda autoridad para impedir el festejo que incumpl\u00eda sus propias normas. \u00ab\u00c9l llega a su casa y la \u00fanica opci\u00f3n que tiene es la de participar tibiamente en lo que est\u00e1 haciendo, que es lo que sucedi\u00f3. No hizo nada malo ni ten\u00eda mucho m\u00e1s para hacer\u00bb, opin\u00f3.<\/p>\n\n\n\n<p>\u00abUstedes quieren hacer de esto una cosa fenomenal y no deja de ser algo que hizo la mujer del Presidente que \u00e9l no lo va resolver como hac\u00eda millones de a\u00f1os con una sanci\u00f3n hogare\u00f1a. Los guapos que esperaban a las minas abajo del farol murieron en el 900\u00bb, complet\u00f3.<\/p>\n","protected":false},"excerpt":{"rendered":"<p>An\u00edbal Fern\u00e1ndez quiso salir a defender a Alberto Fern\u00e1ndez por el esc\u00e1ndalo de las reuniones sociales en Olivos y termin\u00f3 meti\u00e9ndose en un terreno complicado con una pol\u00e9mica declaraci\u00f3n en&hellip;<\/p>\n","protected":false},"author":3,"featured_media":157784,"comment_status":"closed","ping_status":"open","sticky":false,"template":"","format":"standard","meta":{"_acf_changed":false,"footnotes":""},"categories":[11,8],"tags":[5931],"class_list":["post-157782","post","type-post","status-publish","format-standard","has-post-thumbnail","hentry","category-que-pasa","category-politica","tag-anibal"],"acf":[],"yoast_head":"<!-- This site is optimized with the Yoast SEO plugin v27.5 - https:\/\/yoast.com\/product\/yoast-seo-wordpress\/ -->\n<title>An\u00edbal culp\u00f3 a Fabiola por el cumple en Olivos: &quot;\u00bfQu\u00e9 va a hacer Alberto, cagarla a palos?&quot; - Diario Textual<\/title>\n<meta name=\"robots\" content=\"index, follow, max-snippet:-1, max-image-preview:large, max-video-preview:-1\" \/>\n<link rel=\"canonical\" href=\"https:\/\/diariotextual.com\/inicio\/index.php\/2021\/08\/13\/anibal-culpo-a-fabiola-por-el-cumple-en-olivos-que-va-a-hacer-alberto-cagarla-a-palos\/\" \/>\n<meta property=\"og:locale\" content=\"es_ES\" \/>\n<meta property=\"og:type\" content=\"article\" \/>\n<meta property=\"og:title\" content=\"An\u00edbal culp\u00f3 a Fabiola por el cumple en Olivos: &quot;\u00bfQu\u00e9 va a hacer Alberto, cagarla a palos?&quot; - Diario Textual\" \/>\n<meta property=\"og:description\" content=\"An\u00edbal Fern\u00e1ndez quiso salir a defender a Alberto Fern\u00e1ndez por el esc\u00e1ndalo de las reuniones sociales en Olivos y termin\u00f3 meti\u00e9ndose en un terreno complicado con una pol\u00e9mica declaraci\u00f3n en&hellip;\" \/>\n<meta property=\"og:url\" content=\"https:\/\/diariotextual.com\/inicio\/index.php\/2021\/08\/13\/anibal-culpo-a-fabiola-por-el-cumple-en-olivos-que-va-a-hacer-alberto-cagarla-a-palos\/\" \/>\n<meta property=\"og:site_name\" content=\"Diario Textual\" \/>\n<meta property=\"article:publisher\" content=\"https:\/\/www.facebook.com\/eltextual\" \/>\n<meta property=\"article:published_time\" content=\"2021-08-13T14:53:43+00:00\" \/>\n<meta property=\"article:modified_time\" content=\"2021-08-13T21:29:59+00:00\" \/>\n<meta property=\"og:image\" content=\"https:\/\/diariotextual.com\/inicio\/wp-content\/uploads\/2021\/08\/fernandezanibaltelam001.jpg\" \/>\n\t<meta property=\"og:image:width\" content=\"1004\" \/>\n\t<meta property=\"og:image:height\" content=\"669\" \/>\n\t<meta property=\"og:image:type\" content=\"image\/jpeg\" \/>\n<meta name=\"author\" content=\"Diario1 Diario1\" \/>\n<meta name=\"twitter:card\" content=\"summary_large_image\" \/>\n<meta name=\"twitter:creator\" content=\"@eltextual\" \/>\n<meta name=\"twitter:site\" content=\"@eltextual\" \/>\n<meta name=\"twitter:label1\" content=\"Escrito por\" \/>\n\t<meta name=\"twitter:data1\" content=\"Diario1 Diario1\" \/>\n\t<meta name=\"twitter:label2\" content=\"Tiempo de lectura\" \/>\n\t<meta name=\"twitter:data2\" content=\"2 minutos\" \/>\n<script type=\"application\/ld+json\" class=\"yoast-schema-graph\">{\"@context\":\"https:\\\/\\\/schema.org\",\"@graph\":[{\"@type\":\"Article\",\"@id\":\"https:\\\/\\\/diariotextual.com\\\/inicio\\\/index.php\\\/2021\\\/08\\\/13\\\/anibal-culpo-a-fabiola-por-el-cumple-en-olivos-que-va-a-hacer-alberto-cagarla-a-palos\\\/#article\",\"isPartOf\":{\"@id\":\"https:\\\/\\\/diariotextual.com\\\/inicio\\\/index.php\\\/2021\\\/08\\\/13\\\/anibal-culpo-a-fabiola-por-el-cumple-en-olivos-que-va-a-hacer-alberto-cagarla-a-palos\\\/\"},\"author\":{\"name\":\"Diario1 Diario1\",\"@id\":\"https:\\\/\\\/diariotextual.com\\\/inicio\\\/#\\\/schema\\\/person\\\/418fc4093c33e86ed41562db3508f958\"},\"headline\":\"An\u00edbal culp\u00f3 a Fabiola por el cumple en Olivos: \u00ab\u00bfQu\u00e9 va a hacer Alberto, cagarla a palos?\u00bb\",\"datePublished\":\"2021-08-13T14:53:43+00:00\",\"dateModified\":\"2021-08-13T21:29:59+00:00\",\"mainEntityOfPage\":{\"@id\":\"https:\\\/\\\/diariotextual.com\\\/inicio\\\/index.php\\\/2021\\\/08\\\/13\\\/anibal-culpo-a-fabiola-por-el-cumple-en-olivos-que-va-a-hacer-alberto-cagarla-a-palos\\\/\"},\"wordCount\":426,\"publisher\":{\"@id\":\"https:\\\/\\\/diariotextual.com\\\/inicio\\\/#organization\"},\"image\":{\"@id\":\"https:\\\/\\\/diariotextual.com\\\/inicio\\\/index.php\\\/2021\\\/08\\\/13\\\/anibal-culpo-a-fabiola-por-el-cumple-en-olivos-que-va-a-hacer-alberto-cagarla-a-palos\\\/#primaryimage\"},\"thumbnailUrl\":\"https:\\\/\\\/diariotextual.com\\\/inicio\\\/wp-content\\\/uploads\\\/2021\\\/08\\\/fernandezanibaltelam001.jpg\",\"keywords\":[\"anibal\"],\"articleSection\":[\"A - QUE PASA (al costado)\",\"POLITICA\"],\"inLanguage\":\"es\"},{\"@type\":\"WebPage\",\"@id\":\"https:\\\/\\\/diariotextual.com\\\/inicio\\\/index.php\\\/2021\\\/08\\\/13\\\/anibal-culpo-a-fabiola-por-el-cumple-en-olivos-que-va-a-hacer-alberto-cagarla-a-palos\\\/\",\"url\":\"https:\\\/\\\/diariotextual.com\\\/inicio\\\/index.php\\\/2021\\\/08\\\/13\\\/anibal-culpo-a-fabiola-por-el-cumple-en-olivos-que-va-a-hacer-alberto-cagarla-a-palos\\\/\",\"name\":\"An\u00edbal culp\u00f3 a Fabiola por el cumple en Olivos: \\\"\u00bfQu\u00e9 va a hacer Alberto, cagarla a palos?\\\" - Diario Textual\",\"isPartOf\":{\"@id\":\"https:\\\/\\\/diariotextual.com\\\/inicio\\\/#website\"},\"primaryImageOfPage\":{\"@id\":\"https:\\\/\\\/diariotextual.com\\\/inicio\\\/index.php\\\/2021\\\/08\\\/13\\\/anibal-culpo-a-fabiola-por-el-cumple-en-olivos-que-va-a-hacer-alberto-cagarla-a-palos\\\/#primaryimage\"},\"image\":{\"@id\":\"https:\\\/\\\/diariotextual.com\\\/inicio\\\/index.php\\\/2021\\\/08\\\/13\\\/anibal-culpo-a-fabiola-por-el-cumple-en-olivos-que-va-a-hacer-alberto-cagarla-a-palos\\\/#primaryimage\"},\"thumbnailUrl\":\"https:\\\/\\\/diariotextual.com\\\/inicio\\\/wp-content\\\/uploads\\\/2021\\\/08\\\/fernandezanibaltelam001.jpg\",\"datePublished\":\"2021-08-13T14:53:43+00:00\",\"dateModified\":\"2021-08-13T21:29:59+00:00\",\"breadcrumb\":{\"@id\":\"https:\\\/\\\/diariotextual.com\\\/inicio\\\/index.php\\\/2021\\\/08\\\/13\\\/anibal-culpo-a-fabiola-por-el-cumple-en-olivos-que-va-a-hacer-alberto-cagarla-a-palos\\\/#breadcrumb\"},\"inLanguage\":\"es\",\"potentialAction\":[{\"@type\":\"ReadAction\",\"target\":[\"https:\\\/\\\/diariotextual.com\\\/inicio\\\/index.php\\\/2021\\\/08\\\/13\\\/anibal-culpo-a-fabiola-por-el-cumple-en-olivos-que-va-a-hacer-alberto-cagarla-a-palos\\\/\"]}]},{\"@type\":\"ImageObject\",\"inLanguage\":\"es\",\"@id\":\"https:\\\/\\\/diariotextual.com\\\/inicio\\\/index.php\\\/2021\\\/08\\\/13\\\/anibal-culpo-a-fabiola-por-el-cumple-en-olivos-que-va-a-hacer-alberto-cagarla-a-palos\\\/#primaryimage\",\"url\":\"https:\\\/\\\/diariotextual.com\\\/inicio\\\/wp-content\\\/uploads\\\/2021\\\/08\\\/fernandezanibaltelam001.jpg\",\"contentUrl\":\"https:\\\/\\\/diariotextual.com\\\/inicio\\\/wp-content\\\/uploads\\\/2021\\\/08\\\/fernandezanibaltelam001.jpg\",\"width\":1004,\"height\":669},{\"@type\":\"BreadcrumbList\",\"@id\":\"https:\\\/\\\/diariotextual.com\\\/inicio\\\/index.php\\\/2021\\\/08\\\/13\\\/anibal-culpo-a-fabiola-por-el-cumple-en-olivos-que-va-a-hacer-alberto-cagarla-a-palos\\\/#breadcrumb\",\"itemListElement\":[{\"@type\":\"ListItem\",\"position\":1,\"name\":\"Portada\",\"item\":\"https:\\\/\\\/diariotextual.com\\\/inicio\\\/\"},{\"@type\":\"ListItem\",\"position\":2,\"name\":\"An\u00edbal culp\u00f3 a Fabiola por el cumple en Olivos: \u00ab\u00bfQu\u00e9 va a hacer Alberto, cagarla a palos?\u00bb\"}]},{\"@type\":\"WebSite\",\"@id\":\"https:\\\/\\\/diariotextual.com\\\/inicio\\\/#website\",\"url\":\"https:\\\/\\\/diariotextual.com\\\/inicio\\\/\",\"name\":\"Diario Textual\",\"description\":\"\",\"publisher\":{\"@id\":\"https:\\\/\\\/diariotextual.com\\\/inicio\\\/#organization\"},\"potentialAction\":[{\"@type\":\"SearchAction\",\"target\":{\"@type\":\"EntryPoint\",\"urlTemplate\":\"https:\\\/\\\/diariotextual.com\\\/inicio\\\/?s={search_term_string}\"},\"query-input\":{\"@type\":\"PropertyValueSpecification\",\"valueRequired\":true,\"valueName\":\"search_term_string\"}}],\"inLanguage\":\"es\"},{\"@type\":\"Organization\",\"@id\":\"https:\\\/\\\/diariotextual.com\\\/inicio\\\/#organization\",\"name\":\"Diario Textual\",\"url\":\"https:\\\/\\\/diariotextual.com\\\/inicio\\\/\",\"logo\":{\"@type\":\"ImageObject\",\"inLanguage\":\"es\",\"@id\":\"https:\\\/\\\/diariotextual.com\\\/inicio\\\/#\\\/schema\\\/logo\\\/image\\\/\",\"url\":\"https:\\\/\\\/diariotextual.com\\\/inicio\\\/wp-content\\\/uploads\\\/2023\\\/05\\\/logotextual1.jpg\",\"contentUrl\":\"https:\\\/\\\/diariotextual.com\\\/inicio\\\/wp-content\\\/uploads\\\/2023\\\/05\\\/logotextual1.jpg\",\"width\":516,\"height\":76,\"caption\":\"Diario Textual\"},\"image\":{\"@id\":\"https:\\\/\\\/diariotextual.com\\\/inicio\\\/#\\\/schema\\\/logo\\\/image\\\/\"},\"sameAs\":[\"https:\\\/\\\/www.facebook.com\\\/eltextual\",\"https:\\\/\\\/x.com\\\/eltextual\",\"http:\\\/\\\/www.instagram.com\\\/eltextual\"]},{\"@type\":\"Person\",\"@id\":\"https:\\\/\\\/diariotextual.com\\\/inicio\\\/#\\\/schema\\\/person\\\/418fc4093c33e86ed41562db3508f958\",\"name\":\"Diario1 Diario1\",\"image\":{\"@type\":\"ImageObject\",\"inLanguage\":\"es\",\"@id\":\"https:\\\/\\\/secure.gravatar.com\\\/avatar\\\/9167d280179c85bc18be67aa7eda765854300033af4896dd779b608640f2ef7a?s=96&d=mm&r=g\",\"url\":\"https:\\\/\\\/secure.gravatar.com\\\/avatar\\\/9167d280179c85bc18be67aa7eda765854300033af4896dd779b608640f2ef7a?s=96&d=mm&r=g\",\"contentUrl\":\"https:\\\/\\\/secure.gravatar.com\\\/avatar\\\/9167d280179c85bc18be67aa7eda765854300033af4896dd779b608640f2ef7a?s=96&d=mm&r=g\",\"caption\":\"Diario1 Diario1\"},\"url\":\"https:\\\/\\\/diariotextual.com\\\/inicio\\\/index.php\\\/author\\\/diario1\\\/\"}]}<\/script>\n<!-- \/ Yoast SEO plugin. -->","yoast_head_json":{"title":"An\u00edbal culp\u00f3 a Fabiola por el cumple en Olivos: \"\u00bfQu\u00e9 va a hacer Alberto, cagarla a palos?\" - Diario Textual","robots":{"index":"index","follow":"follow","max-snippet":"max-snippet:-1","max-image-preview":"max-image-preview:large","max-video-preview":"max-video-preview:-1"},"canonical":"https:\/\/diariotextual.com\/inicio\/index.php\/2021\/08\/13\/anibal-culpo-a-fabiola-por-el-cumple-en-olivos-que-va-a-hacer-alberto-cagarla-a-palos\/","og_locale":"es_ES","og_type":"article","og_title":"An\u00edbal culp\u00f3 a Fabiola por el cumple en Olivos: \"\u00bfQu\u00e9 va a hacer Alberto, cagarla a palos?\" - Diario Textual","og_description":"An\u00edbal Fern\u00e1ndez quiso salir a defender a Alberto Fern\u00e1ndez por el esc\u00e1ndalo de las reuniones sociales en Olivos y termin\u00f3 meti\u00e9ndose en un terreno complicado con una pol\u00e9mica declaraci\u00f3n en&hellip;","og_url":"https:\/\/diariotextual.com\/inicio\/index.php\/2021\/08\/13\/anibal-culpo-a-fabiola-por-el-cumple-en-olivos-que-va-a-hacer-alberto-cagarla-a-palos\/","og_site_name":"Diario Textual","article_publisher":"https:\/\/www.facebook.com\/eltextual","article_published_time":"2021-08-13T14:53:43+00:00","article_modified_time":"2021-08-13T21:29:59+00:00","og_image":[{"width":1004,"height":669,"url":"https:\/\/diariotextual.com\/inicio\/wp-content\/uploads\/2021\/08\/fernandezanibaltelam001.jpg","type":"image\/jpeg"}],"author":"Diario1 Diario1","twitter_card":"summary_large_image","twitter_creator":"@eltextual","twitter_site":"@eltextual","twitter_misc":{"Escrito por":"Diario1 Diario1","Tiempo de lectura":"2 minutos"},"schema":{"@context":"https:\/\/schema.org","@graph":[{"@type":"Article","@id":"https:\/\/diariotextual.com\/inicio\/index.php\/2021\/08\/13\/anibal-culpo-a-fabiola-por-el-cumple-en-olivos-que-va-a-hacer-alberto-cagarla-a-palos\/#article","isPartOf":{"@id":"https:\/\/diariotextual.com\/inicio\/index.php\/2021\/08\/13\/anibal-culpo-a-fabiola-por-el-cumple-en-olivos-que-va-a-hacer-alberto-cagarla-a-palos\/"},"author":{"name":"Diario1 Diario1","@id":"https:\/\/diariotextual.com\/inicio\/#\/schema\/person\/418fc4093c33e86ed41562db3508f958"},"headline":"An\u00edbal culp\u00f3 a Fabiola por el cumple en Olivos: \u00ab\u00bfQu\u00e9 va a hacer Alberto, cagarla a palos?\u00bb","datePublished":"2021-08-13T14:53:43+00:00","dateModified":"2021-08-13T21:29:59+00:00","mainEntityOfPage":{"@id":"https:\/\/diariotextual.com\/inicio\/index.php\/2021\/08\/13\/anibal-culpo-a-fabiola-por-el-cumple-en-olivos-que-va-a-hacer-alberto-cagarla-a-palos\/"},"wordCount":426,"publisher":{"@id":"https:\/\/diariotextual.com\/inicio\/#organization"},"image":{"@id":"https:\/\/diariotextual.com\/inicio\/index.php\/2021\/08\/13\/anibal-culpo-a-fabiola-por-el-cumple-en-olivos-que-va-a-hacer-alberto-cagarla-a-palos\/#primaryimage"},"thumbnailUrl":"https:\/\/diariotextual.com\/inicio\/wp-content\/uploads\/2021\/08\/fernandezanibaltelam001.jpg","keywords":["anibal"],"articleSection":["A - QUE PASA (al costado)","POLITICA"],"inLanguage":"es"},{"@type":"WebPage","@id":"https:\/\/diariotextual.com\/inicio\/index.php\/2021\/08\/13\/anibal-culpo-a-fabiola-por-el-cumple-en-olivos-que-va-a-hacer-alberto-cagarla-a-palos\/","url":"https:\/\/diariotextual.com\/inicio\/index.php\/2021\/08\/13\/anibal-culpo-a-fabiola-por-el-cumple-en-olivos-que-va-a-hacer-alberto-cagarla-a-palos\/","name":"An\u00edbal culp\u00f3 a Fabiola por el cumple en Olivos: \"\u00bfQu\u00e9 va a hacer Alberto, cagarla a palos?\" - Diario Textual","isPartOf":{"@id":"https:\/\/diariotextual.com\/inicio\/#website"},"primaryImageOfPage":{"@id":"https:\/\/diariotextual.com\/inicio\/index.php\/2021\/08\/13\/anibal-culpo-a-fabiola-por-el-cumple-en-olivos-que-va-a-hacer-alberto-cagarla-a-palos\/#primaryimage"},"image":{"@id":"https:\/\/diariotextual.com\/inicio\/index.php\/2021\/08\/13\/anibal-culpo-a-fabiola-por-el-cumple-en-olivos-que-va-a-hacer-alberto-cagarla-a-palos\/#primaryimage"},"thumbnailUrl":"https:\/\/diariotextual.com\/inicio\/wp-content\/uploads\/2021\/08\/fernandezanibaltelam001.jpg","datePublished":"2021-08-13T14:53:43+00:00","dateModified":"2021-08-13T21:29:59+00:00","breadcrumb":{"@id":"https:\/\/diariotextual.com\/inicio\/index.php\/2021\/08\/13\/anibal-culpo-a-fabiola-por-el-cumple-en-olivos-que-va-a-hacer-alberto-cagarla-a-palos\/#breadcrumb"},"inLanguage":"es","potentialAction":[{"@type":"ReadAction","target":["https:\/\/diariotextual.com\/inicio\/index.php\/2021\/08\/13\/anibal-culpo-a-fabiola-por-el-cumple-en-olivos-que-va-a-hacer-alberto-cagarla-a-palos\/"]}]},{"@type":"ImageObject","inLanguage":"es","@id":"https:\/\/diariotextual.com\/inicio\/index.php\/2021\/08\/13\/anibal-culpo-a-fabiola-por-el-cumple-en-olivos-que-va-a-hacer-alberto-cagarla-a-palos\/#primaryimage","url":"https:\/\/diariotextual.com\/inicio\/wp-content\/uploads\/2021\/08\/fernandezanibaltelam001.jpg","contentUrl":"https:\/\/diariotextual.com\/inicio\/wp-content\/uploads\/2021\/08\/fernandezanibaltelam001.jpg","width":1004,"height":669},{"@type":"BreadcrumbList","@id":"https:\/\/diariotextual.com\/inicio\/index.php\/2021\/08\/13\/anibal-culpo-a-fabiola-por-el-cumple-en-olivos-que-va-a-hacer-alberto-cagarla-a-palos\/#breadcrumb","itemListElement":[{"@type":"ListItem","position":1,"name":"Portada","item":"https:\/\/diariotextual.com\/inicio\/"},{"@type":"ListItem","position":2,"name":"An\u00edbal culp\u00f3 a Fabiola por el cumple en Olivos: \u00ab\u00bfQu\u00e9 va a hacer Alberto, cagarla a palos?\u00bb"}]},{"@type":"WebSite","@id":"https:\/\/diariotextual.com\/inicio\/#website","url":"https:\/\/diariotextual.com\/inicio\/","name":"Diario Textual","description":"","publisher":{"@id":"https:\/\/diariotextual.com\/inicio\/#organization"},"potentialAction":[{"@type":"SearchAction","target":{"@type":"EntryPoint","urlTemplate":"https:\/\/diariotextual.com\/inicio\/?s={search_term_string}"},"query-input":{"@type":"PropertyValueSpecification","valueRequired":true,"valueName":"search_term_string"}}],"inLanguage":"es"},{"@type":"Organization","@id":"https:\/\/diariotextual.com\/inicio\/#organization","name":"Diario Textual","url":"https:\/\/diariotextual.com\/inicio\/","logo":{"@type":"ImageObject","inLanguage":"es","@id":"https:\/\/diariotextual.com\/inicio\/#\/schema\/logo\/image\/","url":"https:\/\/diariotextual.com\/inicio\/wp-content\/uploads\/2023\/05\/logotextual1.jpg","contentUrl":"https:\/\/diariotextual.com\/inicio\/wp-content\/uploads\/2023\/05\/logotextual1.jpg","width":516,"height":76,"caption":"Diario Textual"},"image":{"@id":"https:\/\/diariotextual.com\/inicio\/#\/schema\/logo\/image\/"},"sameAs":["https:\/\/www.facebook.com\/eltextual","https:\/\/x.com\/eltextual","http:\/\/www.instagram.com\/eltextual"]},{"@type":"Person","@id":"https:\/\/diariotextual.com\/inicio\/#\/schema\/person\/418fc4093c33e86ed41562db3508f958","name":"Diario1 Diario1","image":{"@type":"ImageObject","inLanguage":"es","@id":"https:\/\/secure.gravatar.com\/avatar\/9167d280179c85bc18be67aa7eda765854300033af4896dd779b608640f2ef7a?s=96&d=mm&r=g","url":"https:\/\/secure.gravatar.com\/avatar\/9167d280179c85bc18be67aa7eda765854300033af4896dd779b608640f2ef7a?s=96&d=mm&r=g","contentUrl":"https:\/\/secure.gravatar.com\/avatar\/9167d280179c85bc18be67aa7eda765854300033af4896dd779b608640f2ef7a?s=96&d=mm&r=g","caption":"Diario1 Diario1"},"url":"https:\/\/diariotextual.com\/inicio\/index.php\/author\/diario1\/"}]}},"_links":{"self":[{"href":"https:\/\/diariotextual.com\/inicio\/index.php\/wp-json\/wp\/v2\/posts\/157782","targetHints":{"allow":["GET"]}}],"collection":[{"href":"https:\/\/diariotextual.com\/inicio\/index.php\/wp-json\/wp\/v2\/posts"}],"about":[{"href":"https:\/\/diariotextual.com\/inicio\/index.php\/wp-json\/wp\/v2\/types\/post"}],"author":[{"embeddable":true,"href":"https:\/\/diariotextual.com\/inicio\/index.php\/wp-json\/wp\/v2\/users\/3"}],"replies":[{"embeddable":true,"href":"https:\/\/diariotextual.com\/inicio\/index.php\/wp-json\/wp\/v2\/comments?post=157782"}],"version-history":[{"count":1,"href":"https:\/\/diariotextual.com\/inicio\/index.php\/wp-json\/wp\/v2\/posts\/157782\/revisions"}],"predecessor-version":[{"id":157783,"href":"https:\/\/diariotextual.com\/inicio\/index.php\/wp-json\/wp\/v2\/posts\/157782\/revisions\/157783"}],"wp:featuredmedia":[{"embeddable":true,"href":"https:\/\/diariotextual.com\/inicio\/index.php\/wp-json\/wp\/v2\/media\/157784"}],"wp:attachment":[{"href":"https:\/\/diariotextual.com\/inicio\/index.php\/wp-json\/wp\/v2\/media?parent=157782"}],"wp:term":[{"taxonomy":"category","embeddable":true,"href":"https:\/\/diariotextual.com\/inicio\/index.php\/wp-json\/wp\/v2\/categories?post=157782"},{"taxonomy":"post_tag","embeddable":true,"href":"https:\/\/diariotextual.com\/inicio\/index.php\/wp-json\/wp\/v2\/tags?post=157782"}],"curies":[{"name":"wp","href":"https:\/\/api.w.org\/{rel}","templated":true}]}}