{"id":157785,"date":"2021-08-13T12:10:53","date_gmt":"2021-08-13T15:10:53","guid":{"rendered":"https:\/\/diariotextual.com\/inicio\/?p=157785"},"modified":"2021-08-13T13:26:37","modified_gmt":"2021-08-13T16:26:37","slug":"diputados-provinciales-de-la-ucr-piden-juicio-politico-al-presidente","status":"publish","type":"post","link":"https:\/\/diariotextual.com\/inicio\/index.php\/2021\/08\/13\/diputados-provinciales-de-la-ucr-piden-juicio-politico-al-presidente\/","title":{"rendered":"Diputados provinciales de la UCR piden juicio pol\u00edtico al presidente por el cumple de Fabiola"},"content":{"rendered":"\n<p>El diputado provincial <strong>Mauricio Agon<\/strong>, con el acompa\u00f1amiento de<strong> Lorena Clara, Agustina Garc\u00eda, Estela Guzm\u00e1n, Andrea Valderrama y Marcos Cuelle<\/strong>, de la UCR,\u00a0present\u00f3 en la Legislatura un proyecto solicit\u00e1ndole a los legisladores nacionales por La Pampa que pidan en el parlamento argentino el juicio pol\u00edtico contra el presidente<strong> Alberto Fern\u00e1ndez <\/strong>por la foto en la Quinta de Olivos en la que observa al mandatario y varias personas m\u00e1s celebrando el cumplea\u00f1os de su esposa<strong> Fabiola Y\u00e1\u00f1ez<\/strong>, en plena cuarentena estricta por el covid, cuando los encuentros estaban prohibidos.<\/p>\n\n\n\n<p>\u201cNo es la primera vez que el presidente brinda im\u00e1genes que contrar\u00edan las normas y protocolos a los que son exigidos el conjunto de los argentinos, podemos recordar la foto con la familia Moyano o la imagen cuando se lo ve en una mesa compartiendo una comida multitudinaria con Evo Morales mientras estaba en vigor el aislamiento social y obligatorio\u201c, sostuvo Agon.<\/p>\n\n\n\n<p>El Gobierno nacional <strong>sali\u00f3 temprano este viernes a intentar bajarle el precio al esc\u00e1ndalo de la violaci\u00f3n del DNU que impon\u00eda la cuarentena por el coronavirus<\/strong> -la norma impon\u00eda sanciones penales a quienes la violasen- por parte del presidente Alberto Fern\u00e1ndez. El jefe de Gabinete, <strong>Santiago Cafiero<\/strong>, redujo a <strong>\u00abun descuido\u00bb<\/strong> la organizaci\u00f3n del cumplea\u00f1os de la primera dama, Fabiola Y\u00e1\u00f1ez, en la quinta de Olivos mientras el pa\u00eds estaba confinado. Adem\u00e1s, la Casa Rosada se anim\u00f3 a contraatacar: Cafiero denunci\u00f3 el \u00aboportunismo pol\u00edtico\u00bb de la oposici\u00f3n, que impulsar\u00e1 juicio pol\u00edtico contra el primera mandatario.<\/p>\n\n\n\n<figure class=\"wp-block-embed is-type-wp-embed is-provider-diario-textual wp-block-embed-diario-textual\"><div class=\"wp-block-embed__wrapper\">\n<blockquote class=\"wp-embedded-content\" data-secret=\"gn3E2EOpEB\"><a href=\"https:\/\/diariotextual.com\/inicio\/index.php\/2021\/08\/13\/cafiero-admitio-la-fiesta-en-olivos-fue-un-error-no-deberia-haber-ocurrido\/\">Cafiero admiti\u00f3 la fiesta en Olivos: \u201cFue un error, no deber\u00eda haber ocurrido\u201d<\/a><\/blockquote><iframe class=\"wp-embedded-content\" sandbox=\"allow-scripts\" security=\"restricted\" style=\"position: absolute; clip: rect(1px, 1px, 1px, 1px);\" title=\"\u00abCafiero admiti\u00f3 la fiesta en Olivos: \u201cFue un error, no deber\u00eda haber ocurrido\u201d\u00bb \u2014 Diario Textual\" src=\"https:\/\/diariotextual.com\/inicio\/index.php\/2021\/08\/13\/cafiero-admitio-la-fiesta-en-olivos-fue-un-error-no-deberia-haber-ocurrido\/embed\/#?secret=gn3E2EOpEB\" data-secret=\"gn3E2EOpEB\" width=\"600\" height=\"338\" frameborder=\"0\" marginwidth=\"0\" marginheight=\"0\" scrolling=\"no\"><\/iframe>\n<\/div><\/figure>\n\n\n\n<p>\u201cMientras solo pod\u00edan trabajar los esenciales, cuando muchos argentinos perd\u00edan su trabajo, cerraban los comercios, los locales gastron\u00f3micos cerraban sus puertas, no se pod\u00eda ni siquiera salir a caminar ni andar en bici al aire libre, el presidente y su familia gozaba de privilegios\u201c, cuestion\u00f3.<\/p>\n\n\n\n<p>\u201cAhora resulta que con motivo de la celebraci\u00f3n del cumplea\u00f1os de la primera dama se toma conocimiento p\u00fablico de la cena en la quinta presidencial violando al menos todos los protocolos\u201c, lament\u00f3 el legislador.<\/p>\n\n\n\n<p>\u201cNo hay otra opci\u00f3n que un juicio pol\u00edtico al Presidente de la Naci\u00f3n Alberto Fern\u00e1ndez por organizar y participar de reuni\u00f3n social clandestina de 21 a 1.45 que nada tienen que ver con su gesti\u00f3n, violando la normativa vigente y los propios decretos firmados por el mismo, art\u00edculos 205 del C\u00f3digo Penal, y por supuesto incumplir los deberes de funcionario p\u00fablico\u201c, remarc\u00f3.<\/p>\n\n\n\n<p>Sostuvo que este pedido para que el presidente de la Naci\u00f3n afronte un juicio pol\u00edtico es \u201cde manera independiente con todos los procesos judiciales que deba cumplir como cualquier ciudadano que haya violado la normativa vigente sobre las restricciones de reuni\u00f3n social y de horarios\u201c.<\/p>\n","protected":false},"excerpt":{"rendered":"<p>El diputado provincial Mauricio Agon, con el acompa\u00f1amiento de Lorena Clara, Agustina Garc\u00eda, Estela Guzm\u00e1n, Andrea Valderrama y Marcos Cuelle, de la UCR,\u00a0present\u00f3 en la Legislatura un proyecto solicit\u00e1ndole a&hellip;<\/p>\n","protected":false},"author":7,"featured_media":110303,"comment_status":"closed","ping_status":"open","sticky":false,"template":"","format":"standard","meta":{"_acf_changed":false,"footnotes":""},"categories":[10,8],"tags":[],"class_list":["post-157785","post","type-post","status-publish","format-standard","has-post-thumbnail","hentry","category-portada-2","category-politica"],"acf":[],"yoast_head":"<!-- This site is optimized with the Yoast SEO plugin v27.5 - https:\/\/yoast.com\/product\/yoast-seo-wordpress\/ -->\n<title>Diputados provinciales de la UCR piden juicio pol\u00edtico al presidente por el cumple de Fabiola - Diario Textual<\/title>\n<meta name=\"robots\" content=\"index, follow, max-snippet:-1, max-image-preview:large, max-video-preview:-1\" \/>\n<link rel=\"canonical\" href=\"https:\/\/diariotextual.com\/inicio\/index.php\/2021\/08\/13\/diputados-provinciales-de-la-ucr-piden-juicio-politico-al-presidente\/\" \/>\n<meta property=\"og:locale\" content=\"es_ES\" \/>\n<meta property=\"og:type\" content=\"article\" \/>\n<meta property=\"og:title\" content=\"Diputados provinciales de la UCR piden juicio pol\u00edtico al presidente por el cumple de Fabiola - Diario Textual\" \/>\n<meta property=\"og:description\" content=\"El diputado provincial Mauricio Agon, con el acompa\u00f1amiento de Lorena Clara, Agustina Garc\u00eda, Estela Guzm\u00e1n, Andrea Valderrama y Marcos Cuelle, de la UCR,\u00a0present\u00f3 en la Legislatura un proyecto solicit\u00e1ndole a&hellip;\" \/>\n<meta property=\"og:url\" content=\"https:\/\/diariotextual.com\/inicio\/index.php\/2021\/08\/13\/diputados-provinciales-de-la-ucr-piden-juicio-politico-al-presidente\/\" \/>\n<meta property=\"og:site_name\" content=\"Diario Textual\" \/>\n<meta property=\"article:publisher\" content=\"https:\/\/www.facebook.com\/eltextual\" \/>\n<meta property=\"article:published_time\" content=\"2021-08-13T15:10:53+00:00\" \/>\n<meta property=\"article:modified_time\" content=\"2021-08-13T16:26:37+00:00\" \/>\n<meta property=\"og:image\" content=\"https:\/\/diariotextual.com\/inicio\/wp-content\/uploads\/2020\/09\/agonmauriciodip2.jpg\" \/>\n\t<meta property=\"og:image:width\" content=\"751\" \/>\n\t<meta property=\"og:image:height\" content=\"561\" \/>\n\t<meta property=\"og:image:type\" content=\"image\/jpeg\" \/>\n<meta name=\"author\" content=\"diario5\" \/>\n<meta name=\"twitter:card\" content=\"summary_large_image\" \/>\n<meta name=\"twitter:creator\" content=\"@eltextual\" \/>\n<meta name=\"twitter:site\" content=\"@eltextual\" \/>\n<meta name=\"twitter:label1\" content=\"Escrito por\" \/>\n\t<meta name=\"twitter:data1\" content=\"diario5\" \/>\n\t<meta name=\"twitter:label2\" content=\"Tiempo de lectura\" \/>\n\t<meta name=\"twitter:data2\" content=\"2 minutos\" \/>\n<script type=\"application\/ld+json\" class=\"yoast-schema-graph\">{\"@context\":\"https:\\\/\\\/schema.org\",\"@graph\":[{\"@type\":\"Article\",\"@id\":\"https:\\\/\\\/diariotextual.com\\\/inicio\\\/index.php\\\/2021\\\/08\\\/13\\\/diputados-provinciales-de-la-ucr-piden-juicio-politico-al-presidente\\\/#article\",\"isPartOf\":{\"@id\":\"https:\\\/\\\/diariotextual.com\\\/inicio\\\/index.php\\\/2021\\\/08\\\/13\\\/diputados-provinciales-de-la-ucr-piden-juicio-politico-al-presidente\\\/\"},\"author\":{\"name\":\"diario5\",\"@id\":\"https:\\\/\\\/diariotextual.com\\\/inicio\\\/#\\\/schema\\\/person\\\/c7834961ad8b29b1d9cdbf4571299067\"},\"headline\":\"Diputados provinciales de la UCR piden juicio pol\u00edtico al presidente por el cumple de Fabiola\",\"datePublished\":\"2021-08-13T15:10:53+00:00\",\"dateModified\":\"2021-08-13T16:26:37+00:00\",\"mainEntityOfPage\":{\"@id\":\"https:\\\/\\\/diariotextual.com\\\/inicio\\\/index.php\\\/2021\\\/08\\\/13\\\/diputados-provinciales-de-la-ucr-piden-juicio-politico-al-presidente\\\/\"},\"wordCount\":495,\"publisher\":{\"@id\":\"https:\\\/\\\/diariotextual.com\\\/inicio\\\/#organization\"},\"image\":{\"@id\":\"https:\\\/\\\/diariotextual.com\\\/inicio\\\/index.php\\\/2021\\\/08\\\/13\\\/diputados-provinciales-de-la-ucr-piden-juicio-politico-al-presidente\\\/#primaryimage\"},\"thumbnailUrl\":\"https:\\\/\\\/diariotextual.com\\\/inicio\\\/wp-content\\\/uploads\\\/2020\\\/09\\\/agonmauriciodip2.jpg\",\"articleSection\":[\"A - PORTADA2\",\"POLITICA\"],\"inLanguage\":\"es\"},{\"@type\":\"WebPage\",\"@id\":\"https:\\\/\\\/diariotextual.com\\\/inicio\\\/index.php\\\/2021\\\/08\\\/13\\\/diputados-provinciales-de-la-ucr-piden-juicio-politico-al-presidente\\\/\",\"url\":\"https:\\\/\\\/diariotextual.com\\\/inicio\\\/index.php\\\/2021\\\/08\\\/13\\\/diputados-provinciales-de-la-ucr-piden-juicio-politico-al-presidente\\\/\",\"name\":\"Diputados provinciales de la UCR piden juicio pol\u00edtico al presidente por el cumple de Fabiola - Diario Textual\",\"isPartOf\":{\"@id\":\"https:\\\/\\\/diariotextual.com\\\/inicio\\\/#website\"},\"primaryImageOfPage\":{\"@id\":\"https:\\\/\\\/diariotextual.com\\\/inicio\\\/index.php\\\/2021\\\/08\\\/13\\\/diputados-provinciales-de-la-ucr-piden-juicio-politico-al-presidente\\\/#primaryimage\"},\"image\":{\"@id\":\"https:\\\/\\\/diariotextual.com\\\/inicio\\\/index.php\\\/2021\\\/08\\\/13\\\/diputados-provinciales-de-la-ucr-piden-juicio-politico-al-presidente\\\/#primaryimage\"},\"thumbnailUrl\":\"https:\\\/\\\/diariotextual.com\\\/inicio\\\/wp-content\\\/uploads\\\/2020\\\/09\\\/agonmauriciodip2.jpg\",\"datePublished\":\"2021-08-13T15:10:53+00:00\",\"dateModified\":\"2021-08-13T16:26:37+00:00\",\"breadcrumb\":{\"@id\":\"https:\\\/\\\/diariotextual.com\\\/inicio\\\/index.php\\\/2021\\\/08\\\/13\\\/diputados-provinciales-de-la-ucr-piden-juicio-politico-al-presidente\\\/#breadcrumb\"},\"inLanguage\":\"es\",\"potentialAction\":[{\"@type\":\"ReadAction\",\"target\":[\"https:\\\/\\\/diariotextual.com\\\/inicio\\\/index.php\\\/2021\\\/08\\\/13\\\/diputados-provinciales-de-la-ucr-piden-juicio-politico-al-presidente\\\/\"]}]},{\"@type\":\"ImageObject\",\"inLanguage\":\"es\",\"@id\":\"https:\\\/\\\/diariotextual.com\\\/inicio\\\/index.php\\\/2021\\\/08\\\/13\\\/diputados-provinciales-de-la-ucr-piden-juicio-politico-al-presidente\\\/#primaryimage\",\"url\":\"https:\\\/\\\/diariotextual.com\\\/inicio\\\/wp-content\\\/uploads\\\/2020\\\/09\\\/agonmauriciodip2.jpg\",\"contentUrl\":\"https:\\\/\\\/diariotextual.com\\\/inicio\\\/wp-content\\\/uploads\\\/2020\\\/09\\\/agonmauriciodip2.jpg\",\"width\":751,\"height\":561},{\"@type\":\"BreadcrumbList\",\"@id\":\"https:\\\/\\\/diariotextual.com\\\/inicio\\\/index.php\\\/2021\\\/08\\\/13\\\/diputados-provinciales-de-la-ucr-piden-juicio-politico-al-presidente\\\/#breadcrumb\",\"itemListElement\":[{\"@type\":\"ListItem\",\"position\":1,\"name\":\"Portada\",\"item\":\"https:\\\/\\\/diariotextual.com\\\/inicio\\\/\"},{\"@type\":\"ListItem\",\"position\":2,\"name\":\"Diputados provinciales de la UCR piden juicio pol\u00edtico al presidente por el cumple de Fabiola\"}]},{\"@type\":\"WebSite\",\"@id\":\"https:\\\/\\\/diariotextual.com\\\/inicio\\\/#website\",\"url\":\"https:\\\/\\\/diariotextual.com\\\/inicio\\\/\",\"name\":\"Diario Textual\",\"description\":\"\",\"publisher\":{\"@id\":\"https:\\\/\\\/diariotextual.com\\\/inicio\\\/#organization\"},\"potentialAction\":[{\"@type\":\"SearchAction\",\"target\":{\"@type\":\"EntryPoint\",\"urlTemplate\":\"https:\\\/\\\/diariotextual.com\\\/inicio\\\/?s={search_term_string}\"},\"query-input\":{\"@type\":\"PropertyValueSpecification\",\"valueRequired\":true,\"valueName\":\"search_term_string\"}}],\"inLanguage\":\"es\"},{\"@type\":\"Organization\",\"@id\":\"https:\\\/\\\/diariotextual.com\\\/inicio\\\/#organization\",\"name\":\"Diario Textual\",\"url\":\"https:\\\/\\\/diariotextual.com\\\/inicio\\\/\",\"logo\":{\"@type\":\"ImageObject\",\"inLanguage\":\"es\",\"@id\":\"https:\\\/\\\/diariotextual.com\\\/inicio\\\/#\\\/schema\\\/logo\\\/image\\\/\",\"url\":\"https:\\\/\\\/diariotextual.com\\\/inicio\\\/wp-content\\\/uploads\\\/2023\\\/05\\\/logotextual1.jpg\",\"contentUrl\":\"https:\\\/\\\/diariotextual.com\\\/inicio\\\/wp-content\\\/uploads\\\/2023\\\/05\\\/logotextual1.jpg\",\"width\":516,\"height\":76,\"caption\":\"Diario Textual\"},\"image\":{\"@id\":\"https:\\\/\\\/diariotextual.com\\\/inicio\\\/#\\\/schema\\\/logo\\\/image\\\/\"},\"sameAs\":[\"https:\\\/\\\/www.facebook.com\\\/eltextual\",\"https:\\\/\\\/x.com\\\/eltextual\",\"http:\\\/\\\/www.instagram.com\\\/eltextual\"]},{\"@type\":\"Person\",\"@id\":\"https:\\\/\\\/diariotextual.com\\\/inicio\\\/#\\\/schema\\\/person\\\/c7834961ad8b29b1d9cdbf4571299067\",\"name\":\"diario5\",\"image\":{\"@type\":\"ImageObject\",\"inLanguage\":\"es\",\"@id\":\"https:\\\/\\\/secure.gravatar.com\\\/avatar\\\/948c893b847ca6df68216ead81b63f363408ec9b0f600fefc0641ce78613b111?s=96&d=mm&r=g\",\"url\":\"https:\\\/\\\/secure.gravatar.com\\\/avatar\\\/948c893b847ca6df68216ead81b63f363408ec9b0f600fefc0641ce78613b111?s=96&d=mm&r=g\",\"contentUrl\":\"https:\\\/\\\/secure.gravatar.com\\\/avatar\\\/948c893b847ca6df68216ead81b63f363408ec9b0f600fefc0641ce78613b111?s=96&d=mm&r=g\",\"caption\":\"diario5\"},\"url\":\"https:\\\/\\\/diariotextual.com\\\/inicio\\\/index.php\\\/author\\\/diario5\\\/\"}]}<\/script>\n<!-- \/ Yoast SEO plugin. -->","yoast_head_json":{"title":"Diputados provinciales de la UCR piden juicio pol\u00edtico al presidente por el cumple de Fabiola - Diario Textual","robots":{"index":"index","follow":"follow","max-snippet":"max-snippet:-1","max-image-preview":"max-image-preview:large","max-video-preview":"max-video-preview:-1"},"canonical":"https:\/\/diariotextual.com\/inicio\/index.php\/2021\/08\/13\/diputados-provinciales-de-la-ucr-piden-juicio-politico-al-presidente\/","og_locale":"es_ES","og_type":"article","og_title":"Diputados provinciales de la UCR piden juicio pol\u00edtico al presidente por el cumple de Fabiola - Diario Textual","og_description":"El diputado provincial Mauricio Agon, con el acompa\u00f1amiento de Lorena Clara, Agustina Garc\u00eda, Estela Guzm\u00e1n, Andrea Valderrama y Marcos Cuelle, de la UCR,\u00a0present\u00f3 en la Legislatura un proyecto solicit\u00e1ndole a&hellip;","og_url":"https:\/\/diariotextual.com\/inicio\/index.php\/2021\/08\/13\/diputados-provinciales-de-la-ucr-piden-juicio-politico-al-presidente\/","og_site_name":"Diario Textual","article_publisher":"https:\/\/www.facebook.com\/eltextual","article_published_time":"2021-08-13T15:10:53+00:00","article_modified_time":"2021-08-13T16:26:37+00:00","og_image":[{"width":751,"height":561,"url":"https:\/\/diariotextual.com\/inicio\/wp-content\/uploads\/2020\/09\/agonmauriciodip2.jpg","type":"image\/jpeg"}],"author":"diario5","twitter_card":"summary_large_image","twitter_creator":"@eltextual","twitter_site":"@eltextual","twitter_misc":{"Escrito por":"diario5","Tiempo de lectura":"2 minutos"},"schema":{"@context":"https:\/\/schema.org","@graph":[{"@type":"Article","@id":"https:\/\/diariotextual.com\/inicio\/index.php\/2021\/08\/13\/diputados-provinciales-de-la-ucr-piden-juicio-politico-al-presidente\/#article","isPartOf":{"@id":"https:\/\/diariotextual.com\/inicio\/index.php\/2021\/08\/13\/diputados-provinciales-de-la-ucr-piden-juicio-politico-al-presidente\/"},"author":{"name":"diario5","@id":"https:\/\/diariotextual.com\/inicio\/#\/schema\/person\/c7834961ad8b29b1d9cdbf4571299067"},"headline":"Diputados provinciales de la UCR piden juicio pol\u00edtico al presidente por el cumple de Fabiola","datePublished":"2021-08-13T15:10:53+00:00","dateModified":"2021-08-13T16:26:37+00:00","mainEntityOfPage":{"@id":"https:\/\/diariotextual.com\/inicio\/index.php\/2021\/08\/13\/diputados-provinciales-de-la-ucr-piden-juicio-politico-al-presidente\/"},"wordCount":495,"publisher":{"@id":"https:\/\/diariotextual.com\/inicio\/#organization"},"image":{"@id":"https:\/\/diariotextual.com\/inicio\/index.php\/2021\/08\/13\/diputados-provinciales-de-la-ucr-piden-juicio-politico-al-presidente\/#primaryimage"},"thumbnailUrl":"https:\/\/diariotextual.com\/inicio\/wp-content\/uploads\/2020\/09\/agonmauriciodip2.jpg","articleSection":["A - PORTADA2","POLITICA"],"inLanguage":"es"},{"@type":"WebPage","@id":"https:\/\/diariotextual.com\/inicio\/index.php\/2021\/08\/13\/diputados-provinciales-de-la-ucr-piden-juicio-politico-al-presidente\/","url":"https:\/\/diariotextual.com\/inicio\/index.php\/2021\/08\/13\/diputados-provinciales-de-la-ucr-piden-juicio-politico-al-presidente\/","name":"Diputados provinciales de la UCR piden juicio pol\u00edtico al presidente por el cumple de Fabiola - Diario Textual","isPartOf":{"@id":"https:\/\/diariotextual.com\/inicio\/#website"},"primaryImageOfPage":{"@id":"https:\/\/diariotextual.com\/inicio\/index.php\/2021\/08\/13\/diputados-provinciales-de-la-ucr-piden-juicio-politico-al-presidente\/#primaryimage"},"image":{"@id":"https:\/\/diariotextual.com\/inicio\/index.php\/2021\/08\/13\/diputados-provinciales-de-la-ucr-piden-juicio-politico-al-presidente\/#primaryimage"},"thumbnailUrl":"https:\/\/diariotextual.com\/inicio\/wp-content\/uploads\/2020\/09\/agonmauriciodip2.jpg","datePublished":"2021-08-13T15:10:53+00:00","dateModified":"2021-08-13T16:26:37+00:00","breadcrumb":{"@id":"https:\/\/diariotextual.com\/inicio\/index.php\/2021\/08\/13\/diputados-provinciales-de-la-ucr-piden-juicio-politico-al-presidente\/#breadcrumb"},"inLanguage":"es","potentialAction":[{"@type":"ReadAction","target":["https:\/\/diariotextual.com\/inicio\/index.php\/2021\/08\/13\/diputados-provinciales-de-la-ucr-piden-juicio-politico-al-presidente\/"]}]},{"@type":"ImageObject","inLanguage":"es","@id":"https:\/\/diariotextual.com\/inicio\/index.php\/2021\/08\/13\/diputados-provinciales-de-la-ucr-piden-juicio-politico-al-presidente\/#primaryimage","url":"https:\/\/diariotextual.com\/inicio\/wp-content\/uploads\/2020\/09\/agonmauriciodip2.jpg","contentUrl":"https:\/\/diariotextual.com\/inicio\/wp-content\/uploads\/2020\/09\/agonmauriciodip2.jpg","width":751,"height":561},{"@type":"BreadcrumbList","@id":"https:\/\/diariotextual.com\/inicio\/index.php\/2021\/08\/13\/diputados-provinciales-de-la-ucr-piden-juicio-politico-al-presidente\/#breadcrumb","itemListElement":[{"@type":"ListItem","position":1,"name":"Portada","item":"https:\/\/diariotextual.com\/inicio\/"},{"@type":"ListItem","position":2,"name":"Diputados provinciales de la UCR piden juicio pol\u00edtico al presidente por el cumple de Fabiola"}]},{"@type":"WebSite","@id":"https:\/\/diariotextual.com\/inicio\/#website","url":"https:\/\/diariotextual.com\/inicio\/","name":"Diario Textual","description":"","publisher":{"@id":"https:\/\/diariotextual.com\/inicio\/#organization"},"potentialAction":[{"@type":"SearchAction","target":{"@type":"EntryPoint","urlTemplate":"https:\/\/diariotextual.com\/inicio\/?s={search_term_string}"},"query-input":{"@type":"PropertyValueSpecification","valueRequired":true,"valueName":"search_term_string"}}],"inLanguage":"es"},{"@type":"Organization","@id":"https:\/\/diariotextual.com\/inicio\/#organization","name":"Diario Textual","url":"https:\/\/diariotextual.com\/inicio\/","logo":{"@type":"ImageObject","inLanguage":"es","@id":"https:\/\/diariotextual.com\/inicio\/#\/schema\/logo\/image\/","url":"https:\/\/diariotextual.com\/inicio\/wp-content\/uploads\/2023\/05\/logotextual1.jpg","contentUrl":"https:\/\/diariotextual.com\/inicio\/wp-content\/uploads\/2023\/05\/logotextual1.jpg","width":516,"height":76,"caption":"Diario Textual"},"image":{"@id":"https:\/\/diariotextual.com\/inicio\/#\/schema\/logo\/image\/"},"sameAs":["https:\/\/www.facebook.com\/eltextual","https:\/\/x.com\/eltextual","http:\/\/www.instagram.com\/eltextual"]},{"@type":"Person","@id":"https:\/\/diariotextual.com\/inicio\/#\/schema\/person\/c7834961ad8b29b1d9cdbf4571299067","name":"diario5","image":{"@type":"ImageObject","inLanguage":"es","@id":"https:\/\/secure.gravatar.com\/avatar\/948c893b847ca6df68216ead81b63f363408ec9b0f600fefc0641ce78613b111?s=96&d=mm&r=g","url":"https:\/\/secure.gravatar.com\/avatar\/948c893b847ca6df68216ead81b63f363408ec9b0f600fefc0641ce78613b111?s=96&d=mm&r=g","contentUrl":"https:\/\/secure.gravatar.com\/avatar\/948c893b847ca6df68216ead81b63f363408ec9b0f600fefc0641ce78613b111?s=96&d=mm&r=g","caption":"diario5"},"url":"https:\/\/diariotextual.com\/inicio\/index.php\/author\/diario5\/"}]}},"_links":{"self":[{"href":"https:\/\/diariotextual.com\/inicio\/index.php\/wp-json\/wp\/v2\/posts\/157785","targetHints":{"allow":["GET"]}}],"collection":[{"href":"https:\/\/diariotextual.com\/inicio\/index.php\/wp-json\/wp\/v2\/posts"}],"about":[{"href":"https:\/\/diariotextual.com\/inicio\/index.php\/wp-json\/wp\/v2\/types\/post"}],"author":[{"embeddable":true,"href":"https:\/\/diariotextual.com\/inicio\/index.php\/wp-json\/wp\/v2\/users\/7"}],"replies":[{"embeddable":true,"href":"https:\/\/diariotextual.com\/inicio\/index.php\/wp-json\/wp\/v2\/comments?post=157785"}],"version-history":[{"count":5,"href":"https:\/\/diariotextual.com\/inicio\/index.php\/wp-json\/wp\/v2\/posts\/157785\/revisions"}],"predecessor-version":[{"id":157795,"href":"https:\/\/diariotextual.com\/inicio\/index.php\/wp-json\/wp\/v2\/posts\/157785\/revisions\/157795"}],"wp:featuredmedia":[{"embeddable":true,"href":"https:\/\/diariotextual.com\/inicio\/index.php\/wp-json\/wp\/v2\/media\/110303"}],"wp:attachment":[{"href":"https:\/\/diariotextual.com\/inicio\/index.php\/wp-json\/wp\/v2\/media?parent=157785"}],"wp:term":[{"taxonomy":"category","embeddable":true,"href":"https:\/\/diariotextual.com\/inicio\/index.php\/wp-json\/wp\/v2\/categories?post=157785"},{"taxonomy":"post_tag","embeddable":true,"href":"https:\/\/diariotextual.com\/inicio\/index.php\/wp-json\/wp\/v2\/tags?post=157785"}],"curies":[{"name":"wp","href":"https:\/\/api.w.org\/{rel}","templated":true}]}}