{"id":157796,"date":"2021-08-13T12:52:19","date_gmt":"2021-08-13T15:52:19","guid":{"rendered":"https:\/\/diariotextual.com\/inicio\/?p=157796"},"modified":"2021-08-13T17:44:20","modified_gmt":"2021-08-13T20:44:20","slug":"pico-echaron-a-la-profesora-que-saco-un-certificado-medico-y-se-fue-de-vacaciones-a-miami","status":"publish","type":"post","link":"https:\/\/diariotextual.com\/inicio\/index.php\/2021\/08\/13\/pico-echaron-a-la-profesora-que-saco-un-certificado-medico-y-se-fue-de-vacaciones-a-miami\/","title":{"rendered":"Pico: echaron a la profesora que sac\u00f3 un certificado m\u00e9dico y se fue de vacaciones a Miami"},"content":{"rendered":"\n<p>El <strong>Ministerio de Educaci\u00f3n de La Pampa<\/strong> <strong>ech\u00f3 a la docente de 35 a\u00f1os de edad de General Pico que en 2017 sac\u00f3 un certificado de licencia psicol\u00f3gica para irse de vacaciones pagas, por 15 d\u00edas, a Miami (Estados Unidos). <\/strong>Este es uno de los tantos casos que ha habido en los \u00faltimos a\u00f1os de <strong>licencias truchas<\/strong> en la provincia.<\/p>\n\n\n\n<p>Esta docente, K.E.L., fue condenada por estafa en 2019. Ahora Educaci\u00f3n la ech\u00f3 de su cargo, seg\u00fan el Decreto N\u00ba 2381 al que accedi\u00f3 <strong>Diario Textual<\/strong>. <strong><em>\u201cExonerar, a partir de la notificaci\u00f3n del presente Decreto a la se\u00f1ora (\u2026) por aplicaci\u00f3n del art\u00edculo 80 inciso f) en concordancia con el art\u00edculo 86 inciso a) de la Ley N\u00b0 1124 y sus modificatorias, en virtud de lo expuesto en los considerandos precedentes\u201d<\/em><\/strong>, se indica en la norma.<\/p>\n\n\n\n<p>La docente piquense fue encontrada en 2019 por el juez Heber Pregno como responsable del delito de \u201cfraude en perjuicio de la administraci\u00f3n p\u00fablica y uso de documento falso\u201d, por lo que la conden\u00f3 a dos a\u00f1os de prisi\u00f3n en suspenso.<\/p>\n\n\n\n<p>Adem\u00e1s, el magistrado la inhabilit\u00f3 de manera perpetua para obtener y desempe\u00f1ar cargos y funciones como agente en la administraci\u00f3n p\u00fablica. Y <strong>le fij\u00f3 una multa de 9.425 pesos<\/strong>, \u201crepresentativa del perjuicio econ\u00f3mico causado al erario p\u00fablico de la administraci\u00f3n p\u00fablica provincial, en concepto de indemnizaci\u00f3n o reparaci\u00f3n del da\u00f1o material ocasionado\u201d por su accionar.<\/p>\n\n\n\n<p><strong>La docente present\u00f3 un certificado psicol\u00f3gico con contenido falso<\/strong>, que fue expedido el 26 de mayo de 2017 por su psic\u00f3loga, en el cual indic\u00f3 que su paciente requer\u00eda \u201calejamiento transitorio de su lugar de trabajo por 15 d\u00edas\u201d, desde el 31 de mayo de 2017.<\/p>\n\n\n\n<p>Sin embargo, al d\u00eda siguiente de emitido el certificado, el 27 de mayo, viaj\u00f3 a Estados Unidos. \u201cDefraud\u00f3 al erario p\u00fablico, ya que sus inasistencias presuntamente justificadas fueron abonadas por el Estado provincial\u201d, sostuvo el juez.<\/p>\n\n\n\n<p>La docente regres\u00f3 al pa\u00eds el 13 de junio de ese a\u00f1o, un d\u00eda antes que se le venciera la licencia solicitada. Los pasajes los compr\u00f3 con varios meses de antelaci\u00f3n a la emisi\u00f3n del certificado psicol\u00f3gico.<\/p>\n","protected":false},"excerpt":{"rendered":"<p>El Ministerio de Educaci\u00f3n de La Pampa ech\u00f3 a la docente de 35 a\u00f1os de edad de General Pico que en 2017 sac\u00f3 un certificado de licencia psicol\u00f3gica para irse&hellip;<\/p>\n","protected":false},"author":3,"featured_media":61730,"comment_status":"closed","ping_status":"open","sticky":false,"template":"","format":"standard","meta":{"_acf_changed":false,"footnotes":""},"categories":[10,12],"tags":[1264],"class_list":["post-157796","post","type-post","status-publish","format-standard","has-post-thumbnail","hentry","category-portada-2","category-sociedad","tag-aula"],"acf":[],"yoast_head":"<!-- This site is optimized with the Yoast SEO plugin v27.5 - https:\/\/yoast.com\/product\/yoast-seo-wordpress\/ -->\n<title>Pico: echaron a la profesora que sac\u00f3 un certificado m\u00e9dico y se fue de vacaciones a Miami - Diario Textual<\/title>\n<meta name=\"robots\" content=\"index, follow, max-snippet:-1, max-image-preview:large, max-video-preview:-1\" \/>\n<link rel=\"canonical\" href=\"https:\/\/diariotextual.com\/inicio\/index.php\/2021\/08\/13\/pico-echaron-a-la-profesora-que-saco-un-certificado-medico-y-se-fue-de-vacaciones-a-miami\/\" \/>\n<meta property=\"og:locale\" content=\"es_ES\" \/>\n<meta property=\"og:type\" content=\"article\" \/>\n<meta property=\"og:title\" content=\"Pico: echaron a la profesora que sac\u00f3 un certificado m\u00e9dico y se fue de vacaciones a Miami - Diario Textual\" \/>\n<meta property=\"og:description\" content=\"El Ministerio de Educaci\u00f3n de La Pampa ech\u00f3 a la docente de 35 a\u00f1os de edad de General Pico que en 2017 sac\u00f3 un certificado de licencia psicol\u00f3gica para irse&hellip;\" \/>\n<meta property=\"og:url\" content=\"https:\/\/diariotextual.com\/inicio\/index.php\/2021\/08\/13\/pico-echaron-a-la-profesora-que-saco-un-certificado-medico-y-se-fue-de-vacaciones-a-miami\/\" \/>\n<meta property=\"og:site_name\" content=\"Diario Textual\" \/>\n<meta property=\"article:publisher\" content=\"https:\/\/www.facebook.com\/eltextual\" \/>\n<meta property=\"article:published_time\" content=\"2021-08-13T15:52:19+00:00\" \/>\n<meta property=\"article:modified_time\" content=\"2021-08-13T20:44:20+00:00\" \/>\n<meta property=\"og:image\" content=\"https:\/\/diariotextual.com\/inicio\/wp-content\/uploads\/2019\/09\/aulaescuela222.jpg\" \/>\n\t<meta property=\"og:image:width\" content=\"696\" \/>\n\t<meta property=\"og:image:height\" content=\"464\" \/>\n\t<meta property=\"og:image:type\" content=\"image\/jpeg\" \/>\n<meta name=\"author\" content=\"Diario1 Diario1\" \/>\n<meta name=\"twitter:card\" content=\"summary_large_image\" \/>\n<meta name=\"twitter:creator\" content=\"@eltextual\" \/>\n<meta name=\"twitter:site\" content=\"@eltextual\" \/>\n<meta name=\"twitter:label1\" content=\"Escrito por\" \/>\n\t<meta name=\"twitter:data1\" content=\"Diario1 Diario1\" \/>\n\t<meta name=\"twitter:label2\" content=\"Tiempo de lectura\" \/>\n\t<meta name=\"twitter:data2\" content=\"2 minutos\" \/>\n<script type=\"application\/ld+json\" class=\"yoast-schema-graph\">{\"@context\":\"https:\\\/\\\/schema.org\",\"@graph\":[{\"@type\":\"Article\",\"@id\":\"https:\\\/\\\/diariotextual.com\\\/inicio\\\/index.php\\\/2021\\\/08\\\/13\\\/pico-echaron-a-la-profesora-que-saco-un-certificado-medico-y-se-fue-de-vacaciones-a-miami\\\/#article\",\"isPartOf\":{\"@id\":\"https:\\\/\\\/diariotextual.com\\\/inicio\\\/index.php\\\/2021\\\/08\\\/13\\\/pico-echaron-a-la-profesora-que-saco-un-certificado-medico-y-se-fue-de-vacaciones-a-miami\\\/\"},\"author\":{\"name\":\"Diario1 Diario1\",\"@id\":\"https:\\\/\\\/diariotextual.com\\\/inicio\\\/#\\\/schema\\\/person\\\/418fc4093c33e86ed41562db3508f958\"},\"headline\":\"Pico: echaron a la profesora que sac\u00f3 un certificado m\u00e9dico y se fue de vacaciones a Miami\",\"datePublished\":\"2021-08-13T15:52:19+00:00\",\"dateModified\":\"2021-08-13T20:44:20+00:00\",\"mainEntityOfPage\":{\"@id\":\"https:\\\/\\\/diariotextual.com\\\/inicio\\\/index.php\\\/2021\\\/08\\\/13\\\/pico-echaron-a-la-profesora-que-saco-un-certificado-medico-y-se-fue-de-vacaciones-a-miami\\\/\"},\"wordCount\":392,\"publisher\":{\"@id\":\"https:\\\/\\\/diariotextual.com\\\/inicio\\\/#organization\"},\"image\":{\"@id\":\"https:\\\/\\\/diariotextual.com\\\/inicio\\\/index.php\\\/2021\\\/08\\\/13\\\/pico-echaron-a-la-profesora-que-saco-un-certificado-medico-y-se-fue-de-vacaciones-a-miami\\\/#primaryimage\"},\"thumbnailUrl\":\"https:\\\/\\\/diariotextual.com\\\/inicio\\\/wp-content\\\/uploads\\\/2019\\\/09\\\/aulaescuela222.jpg\",\"keywords\":[\"aula\"],\"articleSection\":[\"A - PORTADA2\",\"SOCIEDAD\"],\"inLanguage\":\"es\"},{\"@type\":\"WebPage\",\"@id\":\"https:\\\/\\\/diariotextual.com\\\/inicio\\\/index.php\\\/2021\\\/08\\\/13\\\/pico-echaron-a-la-profesora-que-saco-un-certificado-medico-y-se-fue-de-vacaciones-a-miami\\\/\",\"url\":\"https:\\\/\\\/diariotextual.com\\\/inicio\\\/index.php\\\/2021\\\/08\\\/13\\\/pico-echaron-a-la-profesora-que-saco-un-certificado-medico-y-se-fue-de-vacaciones-a-miami\\\/\",\"name\":\"Pico: echaron a la profesora que sac\u00f3 un certificado m\u00e9dico y se fue de vacaciones a Miami - Diario Textual\",\"isPartOf\":{\"@id\":\"https:\\\/\\\/diariotextual.com\\\/inicio\\\/#website\"},\"primaryImageOfPage\":{\"@id\":\"https:\\\/\\\/diariotextual.com\\\/inicio\\\/index.php\\\/2021\\\/08\\\/13\\\/pico-echaron-a-la-profesora-que-saco-un-certificado-medico-y-se-fue-de-vacaciones-a-miami\\\/#primaryimage\"},\"image\":{\"@id\":\"https:\\\/\\\/diariotextual.com\\\/inicio\\\/index.php\\\/2021\\\/08\\\/13\\\/pico-echaron-a-la-profesora-que-saco-un-certificado-medico-y-se-fue-de-vacaciones-a-miami\\\/#primaryimage\"},\"thumbnailUrl\":\"https:\\\/\\\/diariotextual.com\\\/inicio\\\/wp-content\\\/uploads\\\/2019\\\/09\\\/aulaescuela222.jpg\",\"datePublished\":\"2021-08-13T15:52:19+00:00\",\"dateModified\":\"2021-08-13T20:44:20+00:00\",\"breadcrumb\":{\"@id\":\"https:\\\/\\\/diariotextual.com\\\/inicio\\\/index.php\\\/2021\\\/08\\\/13\\\/pico-echaron-a-la-profesora-que-saco-un-certificado-medico-y-se-fue-de-vacaciones-a-miami\\\/#breadcrumb\"},\"inLanguage\":\"es\",\"potentialAction\":[{\"@type\":\"ReadAction\",\"target\":[\"https:\\\/\\\/diariotextual.com\\\/inicio\\\/index.php\\\/2021\\\/08\\\/13\\\/pico-echaron-a-la-profesora-que-saco-un-certificado-medico-y-se-fue-de-vacaciones-a-miami\\\/\"]}]},{\"@type\":\"ImageObject\",\"inLanguage\":\"es\",\"@id\":\"https:\\\/\\\/diariotextual.com\\\/inicio\\\/index.php\\\/2021\\\/08\\\/13\\\/pico-echaron-a-la-profesora-que-saco-un-certificado-medico-y-se-fue-de-vacaciones-a-miami\\\/#primaryimage\",\"url\":\"https:\\\/\\\/diariotextual.com\\\/inicio\\\/wp-content\\\/uploads\\\/2019\\\/09\\\/aulaescuela222.jpg\",\"contentUrl\":\"https:\\\/\\\/diariotextual.com\\\/inicio\\\/wp-content\\\/uploads\\\/2019\\\/09\\\/aulaescuela222.jpg\",\"width\":696,\"height\":464},{\"@type\":\"BreadcrumbList\",\"@id\":\"https:\\\/\\\/diariotextual.com\\\/inicio\\\/index.php\\\/2021\\\/08\\\/13\\\/pico-echaron-a-la-profesora-que-saco-un-certificado-medico-y-se-fue-de-vacaciones-a-miami\\\/#breadcrumb\",\"itemListElement\":[{\"@type\":\"ListItem\",\"position\":1,\"name\":\"Portada\",\"item\":\"https:\\\/\\\/diariotextual.com\\\/inicio\\\/\"},{\"@type\":\"ListItem\",\"position\":2,\"name\":\"Pico: echaron a la profesora que sac\u00f3 un certificado m\u00e9dico y se fue de vacaciones a Miami\"}]},{\"@type\":\"WebSite\",\"@id\":\"https:\\\/\\\/diariotextual.com\\\/inicio\\\/#website\",\"url\":\"https:\\\/\\\/diariotextual.com\\\/inicio\\\/\",\"name\":\"Diario Textual\",\"description\":\"\",\"publisher\":{\"@id\":\"https:\\\/\\\/diariotextual.com\\\/inicio\\\/#organization\"},\"potentialAction\":[{\"@type\":\"SearchAction\",\"target\":{\"@type\":\"EntryPoint\",\"urlTemplate\":\"https:\\\/\\\/diariotextual.com\\\/inicio\\\/?s={search_term_string}\"},\"query-input\":{\"@type\":\"PropertyValueSpecification\",\"valueRequired\":true,\"valueName\":\"search_term_string\"}}],\"inLanguage\":\"es\"},{\"@type\":\"Organization\",\"@id\":\"https:\\\/\\\/diariotextual.com\\\/inicio\\\/#organization\",\"name\":\"Diario Textual\",\"url\":\"https:\\\/\\\/diariotextual.com\\\/inicio\\\/\",\"logo\":{\"@type\":\"ImageObject\",\"inLanguage\":\"es\",\"@id\":\"https:\\\/\\\/diariotextual.com\\\/inicio\\\/#\\\/schema\\\/logo\\\/image\\\/\",\"url\":\"https:\\\/\\\/diariotextual.com\\\/inicio\\\/wp-content\\\/uploads\\\/2023\\\/05\\\/logotextual1.jpg\",\"contentUrl\":\"https:\\\/\\\/diariotextual.com\\\/inicio\\\/wp-content\\\/uploads\\\/2023\\\/05\\\/logotextual1.jpg\",\"width\":516,\"height\":76,\"caption\":\"Diario Textual\"},\"image\":{\"@id\":\"https:\\\/\\\/diariotextual.com\\\/inicio\\\/#\\\/schema\\\/logo\\\/image\\\/\"},\"sameAs\":[\"https:\\\/\\\/www.facebook.com\\\/eltextual\",\"https:\\\/\\\/x.com\\\/eltextual\",\"http:\\\/\\\/www.instagram.com\\\/eltextual\"]},{\"@type\":\"Person\",\"@id\":\"https:\\\/\\\/diariotextual.com\\\/inicio\\\/#\\\/schema\\\/person\\\/418fc4093c33e86ed41562db3508f958\",\"name\":\"Diario1 Diario1\",\"image\":{\"@type\":\"ImageObject\",\"inLanguage\":\"es\",\"@id\":\"https:\\\/\\\/secure.gravatar.com\\\/avatar\\\/9167d280179c85bc18be67aa7eda765854300033af4896dd779b608640f2ef7a?s=96&d=mm&r=g\",\"url\":\"https:\\\/\\\/secure.gravatar.com\\\/avatar\\\/9167d280179c85bc18be67aa7eda765854300033af4896dd779b608640f2ef7a?s=96&d=mm&r=g\",\"contentUrl\":\"https:\\\/\\\/secure.gravatar.com\\\/avatar\\\/9167d280179c85bc18be67aa7eda765854300033af4896dd779b608640f2ef7a?s=96&d=mm&r=g\",\"caption\":\"Diario1 Diario1\"},\"url\":\"https:\\\/\\\/diariotextual.com\\\/inicio\\\/index.php\\\/author\\\/diario1\\\/\"}]}<\/script>\n<!-- \/ Yoast SEO plugin. -->","yoast_head_json":{"title":"Pico: echaron a la profesora que sac\u00f3 un certificado m\u00e9dico y se fue de vacaciones a Miami - Diario Textual","robots":{"index":"index","follow":"follow","max-snippet":"max-snippet:-1","max-image-preview":"max-image-preview:large","max-video-preview":"max-video-preview:-1"},"canonical":"https:\/\/diariotextual.com\/inicio\/index.php\/2021\/08\/13\/pico-echaron-a-la-profesora-que-saco-un-certificado-medico-y-se-fue-de-vacaciones-a-miami\/","og_locale":"es_ES","og_type":"article","og_title":"Pico: echaron a la profesora que sac\u00f3 un certificado m\u00e9dico y se fue de vacaciones a Miami - Diario Textual","og_description":"El Ministerio de Educaci\u00f3n de La Pampa ech\u00f3 a la docente de 35 a\u00f1os de edad de General Pico que en 2017 sac\u00f3 un certificado de licencia psicol\u00f3gica para irse&hellip;","og_url":"https:\/\/diariotextual.com\/inicio\/index.php\/2021\/08\/13\/pico-echaron-a-la-profesora-que-saco-un-certificado-medico-y-se-fue-de-vacaciones-a-miami\/","og_site_name":"Diario Textual","article_publisher":"https:\/\/www.facebook.com\/eltextual","article_published_time":"2021-08-13T15:52:19+00:00","article_modified_time":"2021-08-13T20:44:20+00:00","og_image":[{"width":696,"height":464,"url":"https:\/\/diariotextual.com\/inicio\/wp-content\/uploads\/2019\/09\/aulaescuela222.jpg","type":"image\/jpeg"}],"author":"Diario1 Diario1","twitter_card":"summary_large_image","twitter_creator":"@eltextual","twitter_site":"@eltextual","twitter_misc":{"Escrito por":"Diario1 Diario1","Tiempo de lectura":"2 minutos"},"schema":{"@context":"https:\/\/schema.org","@graph":[{"@type":"Article","@id":"https:\/\/diariotextual.com\/inicio\/index.php\/2021\/08\/13\/pico-echaron-a-la-profesora-que-saco-un-certificado-medico-y-se-fue-de-vacaciones-a-miami\/#article","isPartOf":{"@id":"https:\/\/diariotextual.com\/inicio\/index.php\/2021\/08\/13\/pico-echaron-a-la-profesora-que-saco-un-certificado-medico-y-se-fue-de-vacaciones-a-miami\/"},"author":{"name":"Diario1 Diario1","@id":"https:\/\/diariotextual.com\/inicio\/#\/schema\/person\/418fc4093c33e86ed41562db3508f958"},"headline":"Pico: echaron a la profesora que sac\u00f3 un certificado m\u00e9dico y se fue de vacaciones a Miami","datePublished":"2021-08-13T15:52:19+00:00","dateModified":"2021-08-13T20:44:20+00:00","mainEntityOfPage":{"@id":"https:\/\/diariotextual.com\/inicio\/index.php\/2021\/08\/13\/pico-echaron-a-la-profesora-que-saco-un-certificado-medico-y-se-fue-de-vacaciones-a-miami\/"},"wordCount":392,"publisher":{"@id":"https:\/\/diariotextual.com\/inicio\/#organization"},"image":{"@id":"https:\/\/diariotextual.com\/inicio\/index.php\/2021\/08\/13\/pico-echaron-a-la-profesora-que-saco-un-certificado-medico-y-se-fue-de-vacaciones-a-miami\/#primaryimage"},"thumbnailUrl":"https:\/\/diariotextual.com\/inicio\/wp-content\/uploads\/2019\/09\/aulaescuela222.jpg","keywords":["aula"],"articleSection":["A - PORTADA2","SOCIEDAD"],"inLanguage":"es"},{"@type":"WebPage","@id":"https:\/\/diariotextual.com\/inicio\/index.php\/2021\/08\/13\/pico-echaron-a-la-profesora-que-saco-un-certificado-medico-y-se-fue-de-vacaciones-a-miami\/","url":"https:\/\/diariotextual.com\/inicio\/index.php\/2021\/08\/13\/pico-echaron-a-la-profesora-que-saco-un-certificado-medico-y-se-fue-de-vacaciones-a-miami\/","name":"Pico: echaron a la profesora que sac\u00f3 un certificado m\u00e9dico y se fue de vacaciones a Miami - Diario Textual","isPartOf":{"@id":"https:\/\/diariotextual.com\/inicio\/#website"},"primaryImageOfPage":{"@id":"https:\/\/diariotextual.com\/inicio\/index.php\/2021\/08\/13\/pico-echaron-a-la-profesora-que-saco-un-certificado-medico-y-se-fue-de-vacaciones-a-miami\/#primaryimage"},"image":{"@id":"https:\/\/diariotextual.com\/inicio\/index.php\/2021\/08\/13\/pico-echaron-a-la-profesora-que-saco-un-certificado-medico-y-se-fue-de-vacaciones-a-miami\/#primaryimage"},"thumbnailUrl":"https:\/\/diariotextual.com\/inicio\/wp-content\/uploads\/2019\/09\/aulaescuela222.jpg","datePublished":"2021-08-13T15:52:19+00:00","dateModified":"2021-08-13T20:44:20+00:00","breadcrumb":{"@id":"https:\/\/diariotextual.com\/inicio\/index.php\/2021\/08\/13\/pico-echaron-a-la-profesora-que-saco-un-certificado-medico-y-se-fue-de-vacaciones-a-miami\/#breadcrumb"},"inLanguage":"es","potentialAction":[{"@type":"ReadAction","target":["https:\/\/diariotextual.com\/inicio\/index.php\/2021\/08\/13\/pico-echaron-a-la-profesora-que-saco-un-certificado-medico-y-se-fue-de-vacaciones-a-miami\/"]}]},{"@type":"ImageObject","inLanguage":"es","@id":"https:\/\/diariotextual.com\/inicio\/index.php\/2021\/08\/13\/pico-echaron-a-la-profesora-que-saco-un-certificado-medico-y-se-fue-de-vacaciones-a-miami\/#primaryimage","url":"https:\/\/diariotextual.com\/inicio\/wp-content\/uploads\/2019\/09\/aulaescuela222.jpg","contentUrl":"https:\/\/diariotextual.com\/inicio\/wp-content\/uploads\/2019\/09\/aulaescuela222.jpg","width":696,"height":464},{"@type":"BreadcrumbList","@id":"https:\/\/diariotextual.com\/inicio\/index.php\/2021\/08\/13\/pico-echaron-a-la-profesora-que-saco-un-certificado-medico-y-se-fue-de-vacaciones-a-miami\/#breadcrumb","itemListElement":[{"@type":"ListItem","position":1,"name":"Portada","item":"https:\/\/diariotextual.com\/inicio\/"},{"@type":"ListItem","position":2,"name":"Pico: echaron a la profesora que sac\u00f3 un certificado m\u00e9dico y se fue de vacaciones a Miami"}]},{"@type":"WebSite","@id":"https:\/\/diariotextual.com\/inicio\/#website","url":"https:\/\/diariotextual.com\/inicio\/","name":"Diario Textual","description":"","publisher":{"@id":"https:\/\/diariotextual.com\/inicio\/#organization"},"potentialAction":[{"@type":"SearchAction","target":{"@type":"EntryPoint","urlTemplate":"https:\/\/diariotextual.com\/inicio\/?s={search_term_string}"},"query-input":{"@type":"PropertyValueSpecification","valueRequired":true,"valueName":"search_term_string"}}],"inLanguage":"es"},{"@type":"Organization","@id":"https:\/\/diariotextual.com\/inicio\/#organization","name":"Diario Textual","url":"https:\/\/diariotextual.com\/inicio\/","logo":{"@type":"ImageObject","inLanguage":"es","@id":"https:\/\/diariotextual.com\/inicio\/#\/schema\/logo\/image\/","url":"https:\/\/diariotextual.com\/inicio\/wp-content\/uploads\/2023\/05\/logotextual1.jpg","contentUrl":"https:\/\/diariotextual.com\/inicio\/wp-content\/uploads\/2023\/05\/logotextual1.jpg","width":516,"height":76,"caption":"Diario Textual"},"image":{"@id":"https:\/\/diariotextual.com\/inicio\/#\/schema\/logo\/image\/"},"sameAs":["https:\/\/www.facebook.com\/eltextual","https:\/\/x.com\/eltextual","http:\/\/www.instagram.com\/eltextual"]},{"@type":"Person","@id":"https:\/\/diariotextual.com\/inicio\/#\/schema\/person\/418fc4093c33e86ed41562db3508f958","name":"Diario1 Diario1","image":{"@type":"ImageObject","inLanguage":"es","@id":"https:\/\/secure.gravatar.com\/avatar\/9167d280179c85bc18be67aa7eda765854300033af4896dd779b608640f2ef7a?s=96&d=mm&r=g","url":"https:\/\/secure.gravatar.com\/avatar\/9167d280179c85bc18be67aa7eda765854300033af4896dd779b608640f2ef7a?s=96&d=mm&r=g","contentUrl":"https:\/\/secure.gravatar.com\/avatar\/9167d280179c85bc18be67aa7eda765854300033af4896dd779b608640f2ef7a?s=96&d=mm&r=g","caption":"Diario1 Diario1"},"url":"https:\/\/diariotextual.com\/inicio\/index.php\/author\/diario1\/"}]}},"_links":{"self":[{"href":"https:\/\/diariotextual.com\/inicio\/index.php\/wp-json\/wp\/v2\/posts\/157796","targetHints":{"allow":["GET"]}}],"collection":[{"href":"https:\/\/diariotextual.com\/inicio\/index.php\/wp-json\/wp\/v2\/posts"}],"about":[{"href":"https:\/\/diariotextual.com\/inicio\/index.php\/wp-json\/wp\/v2\/types\/post"}],"author":[{"embeddable":true,"href":"https:\/\/diariotextual.com\/inicio\/index.php\/wp-json\/wp\/v2\/users\/3"}],"replies":[{"embeddable":true,"href":"https:\/\/diariotextual.com\/inicio\/index.php\/wp-json\/wp\/v2\/comments?post=157796"}],"version-history":[{"count":2,"href":"https:\/\/diariotextual.com\/inicio\/index.php\/wp-json\/wp\/v2\/posts\/157796\/revisions"}],"predecessor-version":[{"id":157798,"href":"https:\/\/diariotextual.com\/inicio\/index.php\/wp-json\/wp\/v2\/posts\/157796\/revisions\/157798"}],"wp:featuredmedia":[{"embeddable":true,"href":"https:\/\/diariotextual.com\/inicio\/index.php\/wp-json\/wp\/v2\/media\/61730"}],"wp:attachment":[{"href":"https:\/\/diariotextual.com\/inicio\/index.php\/wp-json\/wp\/v2\/media?parent=157796"}],"wp:term":[{"taxonomy":"category","embeddable":true,"href":"https:\/\/diariotextual.com\/inicio\/index.php\/wp-json\/wp\/v2\/categories?post=157796"},{"taxonomy":"post_tag","embeddable":true,"href":"https:\/\/diariotextual.com\/inicio\/index.php\/wp-json\/wp\/v2\/tags?post=157796"}],"curies":[{"name":"wp","href":"https:\/\/api.w.org\/{rel}","templated":true}]}}