{"id":157834,"date":"2021-08-13T17:38:49","date_gmt":"2021-08-13T20:38:49","guid":{"rendered":"https:\/\/diariotextual.com\/inicio\/?p=157834"},"modified":"2021-08-13T20:14:16","modified_gmt":"2021-08-13T23:14:16","slug":"el-presidente-lamento-la-fiesta-en-olivos-no-va-a-volver-a-ocurrir","status":"publish","type":"post","link":"https:\/\/diariotextual.com\/inicio\/index.php\/2021\/08\/13\/el-presidente-lamento-la-fiesta-en-olivos-no-va-a-volver-a-ocurrir\/","title":{"rendered":"El presidente lament\u00f3 la fiesta en Olivos: \u00abNo va a volver a ocurrir\u00bb"},"content":{"rendered":"\n<p>El presidente Alberto Fern\u00e1ndez se refiri\u00f3 por primera vez de la fiesta en Olivos por el cumplea\u00f1os de su esposa Fabiola Ya\u00f1ez. \u201cEl 14 de julio Fabiola convoc\u00f3 a una reuni\u00f3n, a un brindis, que no debi\u00f3 haberse hecho. Me doy cuenta que no debi\u00f3 haberse hecho y lamento que haya ocurrido\u201d, reconoci\u00f3 \u00a0el jefe de Estado durante un acto en el que anunci\u00f3 la puesta en marcha de la ley 27.637, que ampl\u00eda el universo de beneficiarios y beneficiarias del R\u00e9gimen de Zona Fr\u00eda (RZF).<\/p>\n\n\n\n<p>Adem\u00e1s de referirse a este tema, el primer mandatario traz\u00f3 una comparaci\u00f3n entre el gobierno de Cambiemos y el actual del Frente de Todos, que asumi\u00f3 en 2019, al asegurar que\u00a0<strong>\u00abla diferencia entre ellos y nosotros es que ellos representan a los acreedores y nosotros al pueblo\u00bb.<\/strong><\/p>\n\n\n\n<p>En relaci\u00f3n la normativa que estaban anunciando, el Presidente destac\u00f3 que la nueva ley de tarifas de gas diferenciadas para consumidores de zonas fr\u00edas tiene el \u00abprop\u00f3sito de buscar igualdad\u00bb entre los argentinos.<\/p>\n\n\n\n<p>Record\u00f3 adem\u00e1s que una norma similar votada por el Congreso Nacional fue \u00abvetada\u00bb por el entonces presidente Mauricio Macri que \u00abseguramente le importaba c\u00f3mo segu\u00eda el negocio de sus amigos\u00bb.<\/p>\n\n\n\n<p>Y destac\u00f3 que el Gobierno nacional \u00abno hizo ninguna distinci\u00f3n pol\u00edtica\u00bb a la hora de sumar provincias alcanzadas por la Ley de Zonas Fr\u00edas, al destacar el caso de Mendoza, gobernada por un opositor.<\/p>\n\n\n\n<p>\u00abNo hemos hecho ninguna distinci\u00f3n pol\u00edtica. Mi problema no es el gobernador, sino los mendocinos, yo quiero que vivan mejor los mendocinos\u00bb, dijo el Presidente y precis\u00f3 que en las pr\u00f3ximas facturas que reciban los 4 millones de hogares que beneficiar\u00e1 a 13 millones de personas, \u00abya tendr\u00e1n descuento\u00bb, al anunciar la puesta en marcha de la ley 27.637.<\/p>\n\n\n\n<p>El presidente, que estuvo acompa\u00f1ado por el gobernador Axel Kicillof y el presidente de la C\u00e1mara de Diputados, Sergio Massa, entre otros funcionarios, destac\u00f3 las cr\u00edticas opositoras a las medidas de cuidado y al plande vacunaci\u00f3n contra la Covid-19, que se manifestaron durante toda la pandemia y remarc\u00f3: \u00ab<strong>Hay un momento donde tanta miserabilidad queda en descubierto<\/strong>\u00bb e inst\u00f3 a \u00abpensar en la Argentina que so\u00f1amos\u00bb<\/p>\n\n\n\n<p>\u00abTodos saben que soy reformista pero lo que no quiero es convertirme en un conservador que no le importe que el mundo cambie. Necesito que el mundo cambie para que los argentinos vivan mejor. Lo que no quiero es vivir este presente\u00bb, dijo el Presidente al cerrar su discurso en Olavarr\u00eda.<\/p>\n\n\n\n<p><\/p>\n\n\n\n<p><a href=\"https:\/\/diariotextual.com\/inicio\/index.php\/2021\/08\/13\/cafiero-admitio-la-fiesta-en-olivos-fue-un-error-no-deberia-haber-ocurrido\/\" target=\"_blank\" rel=\"noreferrer noopener\">Cafiero admiti\u00f3 la fiesta en Olivos: \u201cFue un error, no deber\u00eda haber ocurrido\u201d<\/a><\/p>\n\n\n\n<p><a href=\"https:\/\/diariotextual.com\/inicio\/index.php\/2021\/08\/13\/anibal-culpo-a-fabiola-por-el-cumple-en-olivos-que-va-a-hacer-alberto-cagarla-a-palos\/\" target=\"_blank\" rel=\"noreferrer noopener\">An\u00edbal culp\u00f3 a Fabiola por el cumple en Olivos: \u201c\u00bfQu\u00e9 va a hacer Alberto, cagarla a palos?\u201d<\/a><\/p>\n","protected":false},"excerpt":{"rendered":"<p>El presidente Alberto Fern\u00e1ndez se refiri\u00f3 por primera vez de la fiesta en Olivos por el cumplea\u00f1os de su esposa Fabiola Ya\u00f1ez. \u201cEl 14 de julio Fabiola convoc\u00f3 a una&hellip;<\/p>\n","protected":false},"author":4,"featured_media":116102,"comment_status":"closed","ping_status":"open","sticky":false,"template":"","format":"standard","meta":{"_acf_changed":false,"footnotes":""},"categories":[10,8],"tags":[],"class_list":["post-157834","post","type-post","status-publish","format-standard","has-post-thumbnail","hentry","category-portada-2","category-politica"],"acf":[],"yoast_head":"<!-- This site is optimized with the Yoast SEO plugin v27.5 - https:\/\/yoast.com\/product\/yoast-seo-wordpress\/ -->\n<title>El presidente lament\u00f3 la fiesta en Olivos: &quot;No va a volver a ocurrir&quot; - Diario Textual<\/title>\n<meta name=\"robots\" content=\"index, follow, max-snippet:-1, max-image-preview:large, max-video-preview:-1\" \/>\n<link rel=\"canonical\" href=\"https:\/\/diariotextual.com\/inicio\/index.php\/2021\/08\/13\/el-presidente-lamento-la-fiesta-en-olivos-no-va-a-volver-a-ocurrir\/\" \/>\n<meta property=\"og:locale\" content=\"es_ES\" \/>\n<meta property=\"og:type\" content=\"article\" \/>\n<meta property=\"og:title\" content=\"El presidente lament\u00f3 la fiesta en Olivos: &quot;No va a volver a ocurrir&quot; - Diario Textual\" \/>\n<meta property=\"og:description\" content=\"El presidente Alberto Fern\u00e1ndez se refiri\u00f3 por primera vez de la fiesta en Olivos por el cumplea\u00f1os de su esposa Fabiola Ya\u00f1ez. \u201cEl 14 de julio Fabiola convoc\u00f3 a una&hellip;\" \/>\n<meta property=\"og:url\" content=\"https:\/\/diariotextual.com\/inicio\/index.php\/2021\/08\/13\/el-presidente-lamento-la-fiesta-en-olivos-no-va-a-volver-a-ocurrir\/\" \/>\n<meta property=\"og:site_name\" content=\"Diario Textual\" \/>\n<meta property=\"article:publisher\" content=\"https:\/\/www.facebook.com\/eltextual\" \/>\n<meta property=\"article:published_time\" content=\"2021-08-13T20:38:49+00:00\" \/>\n<meta property=\"article:modified_time\" content=\"2021-08-13T23:14:16+00:00\" \/>\n<meta property=\"og:image\" content=\"https:\/\/diariotextual.com\/inicio\/wp-content\/uploads\/2020\/10\/fernandezalbertotelam2020-15-1.jpg\" \/>\n\t<meta property=\"og:image:width\" content=\"775\" \/>\n\t<meta property=\"og:image:height\" content=\"507\" \/>\n\t<meta property=\"og:image:type\" content=\"image\/jpeg\" \/>\n<meta name=\"author\" content=\"diario2\" \/>\n<meta name=\"twitter:card\" content=\"summary_large_image\" \/>\n<meta name=\"twitter:creator\" content=\"@eltextual\" \/>\n<meta name=\"twitter:site\" content=\"@eltextual\" \/>\n<meta name=\"twitter:label1\" content=\"Escrito por\" \/>\n\t<meta name=\"twitter:data1\" content=\"diario2\" \/>\n\t<meta name=\"twitter:label2\" content=\"Tiempo de lectura\" \/>\n\t<meta name=\"twitter:data2\" content=\"2 minutos\" \/>\n<script type=\"application\/ld+json\" class=\"yoast-schema-graph\">{\"@context\":\"https:\\\/\\\/schema.org\",\"@graph\":[{\"@type\":\"Article\",\"@id\":\"https:\\\/\\\/diariotextual.com\\\/inicio\\\/index.php\\\/2021\\\/08\\\/13\\\/el-presidente-lamento-la-fiesta-en-olivos-no-va-a-volver-a-ocurrir\\\/#article\",\"isPartOf\":{\"@id\":\"https:\\\/\\\/diariotextual.com\\\/inicio\\\/index.php\\\/2021\\\/08\\\/13\\\/el-presidente-lamento-la-fiesta-en-olivos-no-va-a-volver-a-ocurrir\\\/\"},\"author\":{\"name\":\"diario2\",\"@id\":\"https:\\\/\\\/diariotextual.com\\\/inicio\\\/#\\\/schema\\\/person\\\/694f60677f23c4a530867a98f22b3768\"},\"headline\":\"El presidente lament\u00f3 la fiesta en Olivos: \u00abNo va a volver a ocurrir\u00bb\",\"datePublished\":\"2021-08-13T20:38:49+00:00\",\"dateModified\":\"2021-08-13T23:14:16+00:00\",\"mainEntityOfPage\":{\"@id\":\"https:\\\/\\\/diariotextual.com\\\/inicio\\\/index.php\\\/2021\\\/08\\\/13\\\/el-presidente-lamento-la-fiesta-en-olivos-no-va-a-volver-a-ocurrir\\\/\"},\"wordCount\":474,\"publisher\":{\"@id\":\"https:\\\/\\\/diariotextual.com\\\/inicio\\\/#organization\"},\"image\":{\"@id\":\"https:\\\/\\\/diariotextual.com\\\/inicio\\\/index.php\\\/2021\\\/08\\\/13\\\/el-presidente-lamento-la-fiesta-en-olivos-no-va-a-volver-a-ocurrir\\\/#primaryimage\"},\"thumbnailUrl\":\"https:\\\/\\\/diariotextual.com\\\/inicio\\\/wp-content\\\/uploads\\\/2020\\\/10\\\/fernandezalbertotelam2020-15-1.jpg\",\"articleSection\":[\"A - PORTADA2\",\"POLITICA\"],\"inLanguage\":\"es\"},{\"@type\":\"WebPage\",\"@id\":\"https:\\\/\\\/diariotextual.com\\\/inicio\\\/index.php\\\/2021\\\/08\\\/13\\\/el-presidente-lamento-la-fiesta-en-olivos-no-va-a-volver-a-ocurrir\\\/\",\"url\":\"https:\\\/\\\/diariotextual.com\\\/inicio\\\/index.php\\\/2021\\\/08\\\/13\\\/el-presidente-lamento-la-fiesta-en-olivos-no-va-a-volver-a-ocurrir\\\/\",\"name\":\"El presidente lament\u00f3 la fiesta en Olivos: \\\"No va a volver a ocurrir\\\" - Diario Textual\",\"isPartOf\":{\"@id\":\"https:\\\/\\\/diariotextual.com\\\/inicio\\\/#website\"},\"primaryImageOfPage\":{\"@id\":\"https:\\\/\\\/diariotextual.com\\\/inicio\\\/index.php\\\/2021\\\/08\\\/13\\\/el-presidente-lamento-la-fiesta-en-olivos-no-va-a-volver-a-ocurrir\\\/#primaryimage\"},\"image\":{\"@id\":\"https:\\\/\\\/diariotextual.com\\\/inicio\\\/index.php\\\/2021\\\/08\\\/13\\\/el-presidente-lamento-la-fiesta-en-olivos-no-va-a-volver-a-ocurrir\\\/#primaryimage\"},\"thumbnailUrl\":\"https:\\\/\\\/diariotextual.com\\\/inicio\\\/wp-content\\\/uploads\\\/2020\\\/10\\\/fernandezalbertotelam2020-15-1.jpg\",\"datePublished\":\"2021-08-13T20:38:49+00:00\",\"dateModified\":\"2021-08-13T23:14:16+00:00\",\"breadcrumb\":{\"@id\":\"https:\\\/\\\/diariotextual.com\\\/inicio\\\/index.php\\\/2021\\\/08\\\/13\\\/el-presidente-lamento-la-fiesta-en-olivos-no-va-a-volver-a-ocurrir\\\/#breadcrumb\"},\"inLanguage\":\"es\",\"potentialAction\":[{\"@type\":\"ReadAction\",\"target\":[\"https:\\\/\\\/diariotextual.com\\\/inicio\\\/index.php\\\/2021\\\/08\\\/13\\\/el-presidente-lamento-la-fiesta-en-olivos-no-va-a-volver-a-ocurrir\\\/\"]}]},{\"@type\":\"ImageObject\",\"inLanguage\":\"es\",\"@id\":\"https:\\\/\\\/diariotextual.com\\\/inicio\\\/index.php\\\/2021\\\/08\\\/13\\\/el-presidente-lamento-la-fiesta-en-olivos-no-va-a-volver-a-ocurrir\\\/#primaryimage\",\"url\":\"https:\\\/\\\/diariotextual.com\\\/inicio\\\/wp-content\\\/uploads\\\/2020\\\/10\\\/fernandezalbertotelam2020-15-1.jpg\",\"contentUrl\":\"https:\\\/\\\/diariotextual.com\\\/inicio\\\/wp-content\\\/uploads\\\/2020\\\/10\\\/fernandezalbertotelam2020-15-1.jpg\",\"width\":775,\"height\":507},{\"@type\":\"BreadcrumbList\",\"@id\":\"https:\\\/\\\/diariotextual.com\\\/inicio\\\/index.php\\\/2021\\\/08\\\/13\\\/el-presidente-lamento-la-fiesta-en-olivos-no-va-a-volver-a-ocurrir\\\/#breadcrumb\",\"itemListElement\":[{\"@type\":\"ListItem\",\"position\":1,\"name\":\"Portada\",\"item\":\"https:\\\/\\\/diariotextual.com\\\/inicio\\\/\"},{\"@type\":\"ListItem\",\"position\":2,\"name\":\"El presidente lament\u00f3 la fiesta en Olivos: \u00abNo va a volver a ocurrir\u00bb\"}]},{\"@type\":\"WebSite\",\"@id\":\"https:\\\/\\\/diariotextual.com\\\/inicio\\\/#website\",\"url\":\"https:\\\/\\\/diariotextual.com\\\/inicio\\\/\",\"name\":\"Diario Textual\",\"description\":\"\",\"publisher\":{\"@id\":\"https:\\\/\\\/diariotextual.com\\\/inicio\\\/#organization\"},\"potentialAction\":[{\"@type\":\"SearchAction\",\"target\":{\"@type\":\"EntryPoint\",\"urlTemplate\":\"https:\\\/\\\/diariotextual.com\\\/inicio\\\/?s={search_term_string}\"},\"query-input\":{\"@type\":\"PropertyValueSpecification\",\"valueRequired\":true,\"valueName\":\"search_term_string\"}}],\"inLanguage\":\"es\"},{\"@type\":\"Organization\",\"@id\":\"https:\\\/\\\/diariotextual.com\\\/inicio\\\/#organization\",\"name\":\"Diario Textual\",\"url\":\"https:\\\/\\\/diariotextual.com\\\/inicio\\\/\",\"logo\":{\"@type\":\"ImageObject\",\"inLanguage\":\"es\",\"@id\":\"https:\\\/\\\/diariotextual.com\\\/inicio\\\/#\\\/schema\\\/logo\\\/image\\\/\",\"url\":\"https:\\\/\\\/diariotextual.com\\\/inicio\\\/wp-content\\\/uploads\\\/2023\\\/05\\\/logotextual1.jpg\",\"contentUrl\":\"https:\\\/\\\/diariotextual.com\\\/inicio\\\/wp-content\\\/uploads\\\/2023\\\/05\\\/logotextual1.jpg\",\"width\":516,\"height\":76,\"caption\":\"Diario Textual\"},\"image\":{\"@id\":\"https:\\\/\\\/diariotextual.com\\\/inicio\\\/#\\\/schema\\\/logo\\\/image\\\/\"},\"sameAs\":[\"https:\\\/\\\/www.facebook.com\\\/eltextual\",\"https:\\\/\\\/x.com\\\/eltextual\",\"http:\\\/\\\/www.instagram.com\\\/eltextual\"]},{\"@type\":\"Person\",\"@id\":\"https:\\\/\\\/diariotextual.com\\\/inicio\\\/#\\\/schema\\\/person\\\/694f60677f23c4a530867a98f22b3768\",\"name\":\"diario2\",\"image\":{\"@type\":\"ImageObject\",\"inLanguage\":\"es\",\"@id\":\"https:\\\/\\\/secure.gravatar.com\\\/avatar\\\/5a2567495ba16b852fcd8f1ed006a2e24fcace936018ed8237e95f488ad6e0a7?s=96&d=mm&r=g\",\"url\":\"https:\\\/\\\/secure.gravatar.com\\\/avatar\\\/5a2567495ba16b852fcd8f1ed006a2e24fcace936018ed8237e95f488ad6e0a7?s=96&d=mm&r=g\",\"contentUrl\":\"https:\\\/\\\/secure.gravatar.com\\\/avatar\\\/5a2567495ba16b852fcd8f1ed006a2e24fcace936018ed8237e95f488ad6e0a7?s=96&d=mm&r=g\",\"caption\":\"diario2\"},\"url\":\"https:\\\/\\\/diariotextual.com\\\/inicio\\\/index.php\\\/author\\\/diario2\\\/\"}]}<\/script>\n<!-- \/ Yoast SEO plugin. -->","yoast_head_json":{"title":"El presidente lament\u00f3 la fiesta en Olivos: \"No va a volver a ocurrir\" - Diario Textual","robots":{"index":"index","follow":"follow","max-snippet":"max-snippet:-1","max-image-preview":"max-image-preview:large","max-video-preview":"max-video-preview:-1"},"canonical":"https:\/\/diariotextual.com\/inicio\/index.php\/2021\/08\/13\/el-presidente-lamento-la-fiesta-en-olivos-no-va-a-volver-a-ocurrir\/","og_locale":"es_ES","og_type":"article","og_title":"El presidente lament\u00f3 la fiesta en Olivos: \"No va a volver a ocurrir\" - Diario Textual","og_description":"El presidente Alberto Fern\u00e1ndez se refiri\u00f3 por primera vez de la fiesta en Olivos por el cumplea\u00f1os de su esposa Fabiola Ya\u00f1ez. \u201cEl 14 de julio Fabiola convoc\u00f3 a una&hellip;","og_url":"https:\/\/diariotextual.com\/inicio\/index.php\/2021\/08\/13\/el-presidente-lamento-la-fiesta-en-olivos-no-va-a-volver-a-ocurrir\/","og_site_name":"Diario Textual","article_publisher":"https:\/\/www.facebook.com\/eltextual","article_published_time":"2021-08-13T20:38:49+00:00","article_modified_time":"2021-08-13T23:14:16+00:00","og_image":[{"width":775,"height":507,"url":"https:\/\/diariotextual.com\/inicio\/wp-content\/uploads\/2020\/10\/fernandezalbertotelam2020-15-1.jpg","type":"image\/jpeg"}],"author":"diario2","twitter_card":"summary_large_image","twitter_creator":"@eltextual","twitter_site":"@eltextual","twitter_misc":{"Escrito por":"diario2","Tiempo de lectura":"2 minutos"},"schema":{"@context":"https:\/\/schema.org","@graph":[{"@type":"Article","@id":"https:\/\/diariotextual.com\/inicio\/index.php\/2021\/08\/13\/el-presidente-lamento-la-fiesta-en-olivos-no-va-a-volver-a-ocurrir\/#article","isPartOf":{"@id":"https:\/\/diariotextual.com\/inicio\/index.php\/2021\/08\/13\/el-presidente-lamento-la-fiesta-en-olivos-no-va-a-volver-a-ocurrir\/"},"author":{"name":"diario2","@id":"https:\/\/diariotextual.com\/inicio\/#\/schema\/person\/694f60677f23c4a530867a98f22b3768"},"headline":"El presidente lament\u00f3 la fiesta en Olivos: \u00abNo va a volver a ocurrir\u00bb","datePublished":"2021-08-13T20:38:49+00:00","dateModified":"2021-08-13T23:14:16+00:00","mainEntityOfPage":{"@id":"https:\/\/diariotextual.com\/inicio\/index.php\/2021\/08\/13\/el-presidente-lamento-la-fiesta-en-olivos-no-va-a-volver-a-ocurrir\/"},"wordCount":474,"publisher":{"@id":"https:\/\/diariotextual.com\/inicio\/#organization"},"image":{"@id":"https:\/\/diariotextual.com\/inicio\/index.php\/2021\/08\/13\/el-presidente-lamento-la-fiesta-en-olivos-no-va-a-volver-a-ocurrir\/#primaryimage"},"thumbnailUrl":"https:\/\/diariotextual.com\/inicio\/wp-content\/uploads\/2020\/10\/fernandezalbertotelam2020-15-1.jpg","articleSection":["A - PORTADA2","POLITICA"],"inLanguage":"es"},{"@type":"WebPage","@id":"https:\/\/diariotextual.com\/inicio\/index.php\/2021\/08\/13\/el-presidente-lamento-la-fiesta-en-olivos-no-va-a-volver-a-ocurrir\/","url":"https:\/\/diariotextual.com\/inicio\/index.php\/2021\/08\/13\/el-presidente-lamento-la-fiesta-en-olivos-no-va-a-volver-a-ocurrir\/","name":"El presidente lament\u00f3 la fiesta en Olivos: \"No va a volver a ocurrir\" - Diario Textual","isPartOf":{"@id":"https:\/\/diariotextual.com\/inicio\/#website"},"primaryImageOfPage":{"@id":"https:\/\/diariotextual.com\/inicio\/index.php\/2021\/08\/13\/el-presidente-lamento-la-fiesta-en-olivos-no-va-a-volver-a-ocurrir\/#primaryimage"},"image":{"@id":"https:\/\/diariotextual.com\/inicio\/index.php\/2021\/08\/13\/el-presidente-lamento-la-fiesta-en-olivos-no-va-a-volver-a-ocurrir\/#primaryimage"},"thumbnailUrl":"https:\/\/diariotextual.com\/inicio\/wp-content\/uploads\/2020\/10\/fernandezalbertotelam2020-15-1.jpg","datePublished":"2021-08-13T20:38:49+00:00","dateModified":"2021-08-13T23:14:16+00:00","breadcrumb":{"@id":"https:\/\/diariotextual.com\/inicio\/index.php\/2021\/08\/13\/el-presidente-lamento-la-fiesta-en-olivos-no-va-a-volver-a-ocurrir\/#breadcrumb"},"inLanguage":"es","potentialAction":[{"@type":"ReadAction","target":["https:\/\/diariotextual.com\/inicio\/index.php\/2021\/08\/13\/el-presidente-lamento-la-fiesta-en-olivos-no-va-a-volver-a-ocurrir\/"]}]},{"@type":"ImageObject","inLanguage":"es","@id":"https:\/\/diariotextual.com\/inicio\/index.php\/2021\/08\/13\/el-presidente-lamento-la-fiesta-en-olivos-no-va-a-volver-a-ocurrir\/#primaryimage","url":"https:\/\/diariotextual.com\/inicio\/wp-content\/uploads\/2020\/10\/fernandezalbertotelam2020-15-1.jpg","contentUrl":"https:\/\/diariotextual.com\/inicio\/wp-content\/uploads\/2020\/10\/fernandezalbertotelam2020-15-1.jpg","width":775,"height":507},{"@type":"BreadcrumbList","@id":"https:\/\/diariotextual.com\/inicio\/index.php\/2021\/08\/13\/el-presidente-lamento-la-fiesta-en-olivos-no-va-a-volver-a-ocurrir\/#breadcrumb","itemListElement":[{"@type":"ListItem","position":1,"name":"Portada","item":"https:\/\/diariotextual.com\/inicio\/"},{"@type":"ListItem","position":2,"name":"El presidente lament\u00f3 la fiesta en Olivos: \u00abNo va a volver a ocurrir\u00bb"}]},{"@type":"WebSite","@id":"https:\/\/diariotextual.com\/inicio\/#website","url":"https:\/\/diariotextual.com\/inicio\/","name":"Diario Textual","description":"","publisher":{"@id":"https:\/\/diariotextual.com\/inicio\/#organization"},"potentialAction":[{"@type":"SearchAction","target":{"@type":"EntryPoint","urlTemplate":"https:\/\/diariotextual.com\/inicio\/?s={search_term_string}"},"query-input":{"@type":"PropertyValueSpecification","valueRequired":true,"valueName":"search_term_string"}}],"inLanguage":"es"},{"@type":"Organization","@id":"https:\/\/diariotextual.com\/inicio\/#organization","name":"Diario Textual","url":"https:\/\/diariotextual.com\/inicio\/","logo":{"@type":"ImageObject","inLanguage":"es","@id":"https:\/\/diariotextual.com\/inicio\/#\/schema\/logo\/image\/","url":"https:\/\/diariotextual.com\/inicio\/wp-content\/uploads\/2023\/05\/logotextual1.jpg","contentUrl":"https:\/\/diariotextual.com\/inicio\/wp-content\/uploads\/2023\/05\/logotextual1.jpg","width":516,"height":76,"caption":"Diario Textual"},"image":{"@id":"https:\/\/diariotextual.com\/inicio\/#\/schema\/logo\/image\/"},"sameAs":["https:\/\/www.facebook.com\/eltextual","https:\/\/x.com\/eltextual","http:\/\/www.instagram.com\/eltextual"]},{"@type":"Person","@id":"https:\/\/diariotextual.com\/inicio\/#\/schema\/person\/694f60677f23c4a530867a98f22b3768","name":"diario2","image":{"@type":"ImageObject","inLanguage":"es","@id":"https:\/\/secure.gravatar.com\/avatar\/5a2567495ba16b852fcd8f1ed006a2e24fcace936018ed8237e95f488ad6e0a7?s=96&d=mm&r=g","url":"https:\/\/secure.gravatar.com\/avatar\/5a2567495ba16b852fcd8f1ed006a2e24fcace936018ed8237e95f488ad6e0a7?s=96&d=mm&r=g","contentUrl":"https:\/\/secure.gravatar.com\/avatar\/5a2567495ba16b852fcd8f1ed006a2e24fcace936018ed8237e95f488ad6e0a7?s=96&d=mm&r=g","caption":"diario2"},"url":"https:\/\/diariotextual.com\/inicio\/index.php\/author\/diario2\/"}]}},"_links":{"self":[{"href":"https:\/\/diariotextual.com\/inicio\/index.php\/wp-json\/wp\/v2\/posts\/157834","targetHints":{"allow":["GET"]}}],"collection":[{"href":"https:\/\/diariotextual.com\/inicio\/index.php\/wp-json\/wp\/v2\/posts"}],"about":[{"href":"https:\/\/diariotextual.com\/inicio\/index.php\/wp-json\/wp\/v2\/types\/post"}],"author":[{"embeddable":true,"href":"https:\/\/diariotextual.com\/inicio\/index.php\/wp-json\/wp\/v2\/users\/4"}],"replies":[{"embeddable":true,"href":"https:\/\/diariotextual.com\/inicio\/index.php\/wp-json\/wp\/v2\/comments?post=157834"}],"version-history":[{"count":5,"href":"https:\/\/diariotextual.com\/inicio\/index.php\/wp-json\/wp\/v2\/posts\/157834\/revisions"}],"predecessor-version":[{"id":157841,"href":"https:\/\/diariotextual.com\/inicio\/index.php\/wp-json\/wp\/v2\/posts\/157834\/revisions\/157841"}],"wp:featuredmedia":[{"embeddable":true,"href":"https:\/\/diariotextual.com\/inicio\/index.php\/wp-json\/wp\/v2\/media\/116102"}],"wp:attachment":[{"href":"https:\/\/diariotextual.com\/inicio\/index.php\/wp-json\/wp\/v2\/media?parent=157834"}],"wp:term":[{"taxonomy":"category","embeddable":true,"href":"https:\/\/diariotextual.com\/inicio\/index.php\/wp-json\/wp\/v2\/categories?post=157834"},{"taxonomy":"post_tag","embeddable":true,"href":"https:\/\/diariotextual.com\/inicio\/index.php\/wp-json\/wp\/v2\/tags?post=157834"}],"curies":[{"name":"wp","href":"https:\/\/api.w.org\/{rel}","templated":true}]}}