{"id":157879,"date":"2021-08-14T09:06:34","date_gmt":"2021-08-14T12:06:34","guid":{"rendered":"https:\/\/diariotextual.com\/inicio\/?p=157879"},"modified":"2021-08-14T20:44:29","modified_gmt":"2021-08-14T23:44:29","slug":"el-gobierno-reglamento-por-decreto-la-ley-de-interrupcion-voluntaria-del-embarazo","status":"publish","type":"post","link":"https:\/\/diariotextual.com\/inicio\/index.php\/2021\/08\/14\/el-gobierno-reglamento-por-decreto-la-ley-de-interrupcion-voluntaria-del-embarazo\/","title":{"rendered":"El Gobierno reglament\u00f3 por decreto la ley de Interrupci\u00f3n Voluntaria del Embarazo"},"content":{"rendered":"\n<p>El Gobierno public\u00f3 en la medianoche del viernes en el Bolet\u00edn Oficial el decreto 516\/2021, a trav\u00e9s del cual&nbsp;<strong>se reglamenta la ley de Acceso a la Interrupci\u00f3n Voluntaria del Embarazo (27610, sancionada el 30 de diciembre de 2020) y estableci\u00f3 como autoridad de aplicaci\u00f3n de la norma al Ministerio de Salud de la Naci\u00f3n.<\/strong><\/p>\n\n\n\n<p>Con las firmas del presidente Alberto Fern\u00e1ndez, el jefe de Gabinete Santiago Cafiero y las ministras Carla Vizzotti (Salud) y Elizabeth G\u00f3mez Alcorta (Mujeres, G\u00e9neros y Diversidad), el decreto 516 contiene s\u00f3lo tres art\u00edculos, aunque el primero de ellos es el m\u00e1s importante porque aprueba el anexo con las reglamentaciones de la ley aprobada en el Congreso.<\/p>\n\n\n\n<p>El anexo en cuesti\u00f3n contiene los detalles de la reglamentaci\u00f3n \u00abdel acceso a la Interrupci\u00f3n Voluntaria del Embarazo y de la Atenci\u00f3n postaborto\u00bb y lleva la firma de la secretaria de Acceso a la Salud, Sandra Tirado.<\/p>\n\n\n\n<p>Dicha&nbsp;<strong>reglamentaci\u00f3n precisa de qu\u00e9 manera se va a llevar a la pr\u00e1ctica el \u00abejercicio del derecho a la confidencialidad\u00bb<\/strong>&nbsp;como tambi\u00e9n se establecen \u00ablas condiciones de otorgamiento del consentimiento informado\u00bb.<\/p>\n\n\n\n<p>Tambi\u00e9n se dispone c\u00f3mo se aplicar\u00e1 el contenido de la ley 27610 en el marco de \u00abla situaci\u00f3n de las personas con capacidad restringida\u00bb y se fijan cu\u00e1les ser\u00e1n \u00ablos supuestos en los cuales los o las profesionales de la salud no podr\u00e1n alegar objeci\u00f3n de conciencia\u00bb.<\/p>\n\n\n\n<p>En el caso de la objeci\u00f3n de conciencia,&nbsp;<strong>se establece que \u00abel personal de salud no podr\u00e1 negarse a la realizaci\u00f3n de la interrupci\u00f3n del embarazo en caso de emergencia, cuando la pr\u00e1ctica deba realizarse en forma urgente<\/strong>, pues su no realizaci\u00f3n inmediata pondr\u00eda en riesgo la salud f\u00edsica o la vida de la persona gestante\u00bb.<\/p>\n\n\n\n<p>Otra de las obligaciones que establece la reglamentaci\u00f3n es \u00abel deber de confidencialidad\u00bb que debe cumplir \u00abtoda persona que acceda a la documentaci\u00f3n cl\u00ednica de las prestaciones reguladas\u00bb por la ley de Acceso a la Interrupci\u00f3n Voluntaria del Embarazo, por lo cual<strong>\u00a0ning\u00fan profesional de la salud \u00abpodr\u00e1 entregar informaci\u00f3n obtenida en el marco de la atenci\u00f3n sanitaria a ninguna persona, salvo que exista orden judicial expresa\u00bb.<\/strong><\/p>\n\n\n\n<p>El Gobierno public\u00f3 tambi\u00e9n en la medianoche del viernes en el Bolet\u00edn Oficial el decreto 515\/2021, a trav\u00e9s del cual reglament\u00f3 la&nbsp;<strong>Ley Nacional de Atenci\u00f3n y Cuidado Integral de la Salud durante el Embarazo y la Primera Infancia, conocida tambi\u00e9n como de los 1000 d\u00edas (ley 27611\/2020)<\/strong>.<\/p>\n\n\n\n<p>El decreto lleva tambi\u00e9n la firma del presidente Alberto Fern\u00e1ndez, el jefe de Gabinete Santiago Cafiero y los ministros Carla Vizzotti (Salud), Elizabeth G\u00f3mez Alcorta (Mujeres, G\u00e9neros y Diversidad), Claudio Moroni (Trabajo) y Eduardo \u00abWado\u00bb De Pedro (Interior).<\/p>\n\n\n\n<p>En el decreto 515 se establece que&nbsp;<strong>\u00aba los fines de garantizar el ejercicio de los derechos y el cumplimiento de las obligaciones establecidos\u00bb en la ley de los 1000 d\u00edas<\/strong>&nbsp;\u00abresulta necesario el dise\u00f1o del modelo de atenci\u00f3n y cuidado integral por parte de la Autoridad de Aplicaci\u00f3n\u00bb, que en este caso corresponde, al igual que en la ley IVE, al Ministerio de Salud.<\/p>\n\n\n\n<p>En ese sentido, el decreto tambi\u00e9n dispone que la cartera sanitaria -en tanto autoridad de aplicaci\u00f3n- deber\u00e1 \u00abestablecer las prestaciones que brindar\u00e1 el sistema, definir su cobertura y\/o su inclusi\u00f3n en el Programa M\u00e9dico Obligatorio\u00bb, y que tambi\u00e9n tendr\u00e1 que elaborar \u00abun Plan Nacional de Implementaci\u00f3n\u00bb con un cronograma p\u00fablico a cumplir.<\/p>\n\n\n\n<p>En el anexo al decreto, suscripto por la secretaria de Acceso a la Salud Sandra Tirado, se precisan montos y competencias para cumplir con los distintos art\u00edculos de la ley 27611\/2020, que en uno de sus apartados fundamentales cre\u00f3 la Asignaci\u00f3n por Cuidado de Salud Integral y la incorpor\u00f3 al R\u00e9gimen de Asignaciones Familiares.<\/p>\n\n\n\n<p>En este \u00faltimo caso, se trata de un pago una vez por a\u00f1o de \u00abuna suma a las personas por cada ni\u00f1o o ni\u00f1a menor de tres a\u00f1os que se encuentre a su cargo, siempre que hayan tenido derecho al cobro de la AUH para protecci\u00f3n social dentro del a\u00f1o calendario, y acrediten el cumplimiento del plan de vacunaci\u00f3n y control sanitario\u00bb.<\/p>\n","protected":false},"excerpt":{"rendered":"<p>El Gobierno public\u00f3 en la medianoche del viernes en el Bolet\u00edn Oficial el decreto 516\/2021, a trav\u00e9s del cual&nbsp;se reglamenta la ley de Acceso a la Interrupci\u00f3n Voluntaria del Embarazo&hellip;<\/p>\n","protected":false},"author":3,"featured_media":125283,"comment_status":"closed","ping_status":"open","sticky":false,"template":"","format":"standard","meta":{"_acf_changed":false,"footnotes":""},"categories":[10,12],"tags":[],"class_list":["post-157879","post","type-post","status-publish","format-standard","has-post-thumbnail","hentry","category-portada-2","category-sociedad"],"acf":[],"yoast_head":"<!-- This site is optimized with the Yoast SEO plugin v27.5 - https:\/\/yoast.com\/product\/yoast-seo-wordpress\/ -->\n<title>El Gobierno reglament\u00f3 por decreto la ley de Interrupci\u00f3n Voluntaria del Embarazo - Diario Textual<\/title>\n<meta name=\"robots\" content=\"index, follow, max-snippet:-1, max-image-preview:large, max-video-preview:-1\" \/>\n<link rel=\"canonical\" href=\"https:\/\/diariotextual.com\/inicio\/index.php\/2021\/08\/14\/el-gobierno-reglamento-por-decreto-la-ley-de-interrupcion-voluntaria-del-embarazo\/\" \/>\n<meta property=\"og:locale\" content=\"es_ES\" \/>\n<meta property=\"og:type\" content=\"article\" \/>\n<meta property=\"og:title\" content=\"El Gobierno reglament\u00f3 por decreto la ley de Interrupci\u00f3n Voluntaria del Embarazo - Diario Textual\" \/>\n<meta property=\"og:description\" content=\"El Gobierno public\u00f3 en la medianoche del viernes en el Bolet\u00edn Oficial el decreto 516\/2021, a trav\u00e9s del cual&nbsp;se reglamenta la ley de Acceso a la Interrupci\u00f3n Voluntaria del Embarazo&hellip;\" \/>\n<meta property=\"og:url\" content=\"https:\/\/diariotextual.com\/inicio\/index.php\/2021\/08\/14\/el-gobierno-reglamento-por-decreto-la-ley-de-interrupcion-voluntaria-del-embarazo\/\" \/>\n<meta property=\"og:site_name\" content=\"Diario Textual\" \/>\n<meta property=\"article:publisher\" content=\"https:\/\/www.facebook.com\/eltextual\" \/>\n<meta property=\"article:published_time\" content=\"2021-08-14T12:06:34+00:00\" \/>\n<meta property=\"article:modified_time\" content=\"2021-08-14T23:44:29+00:00\" \/>\n<meta property=\"og:image\" content=\"https:\/\/diariotextual.com\/inicio\/wp-content\/uploads\/2020\/12\/abortolegalcongresotelam2020-4.jpg\" \/>\n\t<meta property=\"og:image:width\" content=\"916\" \/>\n\t<meta property=\"og:image:height\" content=\"599\" \/>\n\t<meta property=\"og:image:type\" content=\"image\/jpeg\" \/>\n<meta name=\"author\" content=\"Diario1 Diario1\" \/>\n<meta name=\"twitter:card\" content=\"summary_large_image\" \/>\n<meta name=\"twitter:creator\" content=\"@eltextual\" \/>\n<meta name=\"twitter:site\" content=\"@eltextual\" \/>\n<meta name=\"twitter:label1\" content=\"Escrito por\" \/>\n\t<meta name=\"twitter:data1\" content=\"Diario1 Diario1\" \/>\n\t<meta name=\"twitter:label2\" content=\"Tiempo de lectura\" \/>\n\t<meta name=\"twitter:data2\" content=\"3 minutos\" \/>\n<script type=\"application\/ld+json\" class=\"yoast-schema-graph\">{\"@context\":\"https:\\\/\\\/schema.org\",\"@graph\":[{\"@type\":\"Article\",\"@id\":\"https:\\\/\\\/diariotextual.com\\\/inicio\\\/index.php\\\/2021\\\/08\\\/14\\\/el-gobierno-reglamento-por-decreto-la-ley-de-interrupcion-voluntaria-del-embarazo\\\/#article\",\"isPartOf\":{\"@id\":\"https:\\\/\\\/diariotextual.com\\\/inicio\\\/index.php\\\/2021\\\/08\\\/14\\\/el-gobierno-reglamento-por-decreto-la-ley-de-interrupcion-voluntaria-del-embarazo\\\/\"},\"author\":{\"name\":\"Diario1 Diario1\",\"@id\":\"https:\\\/\\\/diariotextual.com\\\/inicio\\\/#\\\/schema\\\/person\\\/418fc4093c33e86ed41562db3508f958\"},\"headline\":\"El Gobierno reglament\u00f3 por decreto la ley de Interrupci\u00f3n Voluntaria del Embarazo\",\"datePublished\":\"2021-08-14T12:06:34+00:00\",\"dateModified\":\"2021-08-14T23:44:29+00:00\",\"mainEntityOfPage\":{\"@id\":\"https:\\\/\\\/diariotextual.com\\\/inicio\\\/index.php\\\/2021\\\/08\\\/14\\\/el-gobierno-reglamento-por-decreto-la-ley-de-interrupcion-voluntaria-del-embarazo\\\/\"},\"wordCount\":748,\"publisher\":{\"@id\":\"https:\\\/\\\/diariotextual.com\\\/inicio\\\/#organization\"},\"image\":{\"@id\":\"https:\\\/\\\/diariotextual.com\\\/inicio\\\/index.php\\\/2021\\\/08\\\/14\\\/el-gobierno-reglamento-por-decreto-la-ley-de-interrupcion-voluntaria-del-embarazo\\\/#primaryimage\"},\"thumbnailUrl\":\"https:\\\/\\\/diariotextual.com\\\/inicio\\\/wp-content\\\/uploads\\\/2020\\\/12\\\/abortolegalcongresotelam2020-4.jpg\",\"articleSection\":[\"A - PORTADA2\",\"SOCIEDAD\"],\"inLanguage\":\"es\"},{\"@type\":\"WebPage\",\"@id\":\"https:\\\/\\\/diariotextual.com\\\/inicio\\\/index.php\\\/2021\\\/08\\\/14\\\/el-gobierno-reglamento-por-decreto-la-ley-de-interrupcion-voluntaria-del-embarazo\\\/\",\"url\":\"https:\\\/\\\/diariotextual.com\\\/inicio\\\/index.php\\\/2021\\\/08\\\/14\\\/el-gobierno-reglamento-por-decreto-la-ley-de-interrupcion-voluntaria-del-embarazo\\\/\",\"name\":\"El Gobierno reglament\u00f3 por decreto la ley de Interrupci\u00f3n Voluntaria del Embarazo - Diario Textual\",\"isPartOf\":{\"@id\":\"https:\\\/\\\/diariotextual.com\\\/inicio\\\/#website\"},\"primaryImageOfPage\":{\"@id\":\"https:\\\/\\\/diariotextual.com\\\/inicio\\\/index.php\\\/2021\\\/08\\\/14\\\/el-gobierno-reglamento-por-decreto-la-ley-de-interrupcion-voluntaria-del-embarazo\\\/#primaryimage\"},\"image\":{\"@id\":\"https:\\\/\\\/diariotextual.com\\\/inicio\\\/index.php\\\/2021\\\/08\\\/14\\\/el-gobierno-reglamento-por-decreto-la-ley-de-interrupcion-voluntaria-del-embarazo\\\/#primaryimage\"},\"thumbnailUrl\":\"https:\\\/\\\/diariotextual.com\\\/inicio\\\/wp-content\\\/uploads\\\/2020\\\/12\\\/abortolegalcongresotelam2020-4.jpg\",\"datePublished\":\"2021-08-14T12:06:34+00:00\",\"dateModified\":\"2021-08-14T23:44:29+00:00\",\"breadcrumb\":{\"@id\":\"https:\\\/\\\/diariotextual.com\\\/inicio\\\/index.php\\\/2021\\\/08\\\/14\\\/el-gobierno-reglamento-por-decreto-la-ley-de-interrupcion-voluntaria-del-embarazo\\\/#breadcrumb\"},\"inLanguage\":\"es\",\"potentialAction\":[{\"@type\":\"ReadAction\",\"target\":[\"https:\\\/\\\/diariotextual.com\\\/inicio\\\/index.php\\\/2021\\\/08\\\/14\\\/el-gobierno-reglamento-por-decreto-la-ley-de-interrupcion-voluntaria-del-embarazo\\\/\"]}]},{\"@type\":\"ImageObject\",\"inLanguage\":\"es\",\"@id\":\"https:\\\/\\\/diariotextual.com\\\/inicio\\\/index.php\\\/2021\\\/08\\\/14\\\/el-gobierno-reglamento-por-decreto-la-ley-de-interrupcion-voluntaria-del-embarazo\\\/#primaryimage\",\"url\":\"https:\\\/\\\/diariotextual.com\\\/inicio\\\/wp-content\\\/uploads\\\/2020\\\/12\\\/abortolegalcongresotelam2020-4.jpg\",\"contentUrl\":\"https:\\\/\\\/diariotextual.com\\\/inicio\\\/wp-content\\\/uploads\\\/2020\\\/12\\\/abortolegalcongresotelam2020-4.jpg\",\"width\":916,\"height\":599},{\"@type\":\"BreadcrumbList\",\"@id\":\"https:\\\/\\\/diariotextual.com\\\/inicio\\\/index.php\\\/2021\\\/08\\\/14\\\/el-gobierno-reglamento-por-decreto-la-ley-de-interrupcion-voluntaria-del-embarazo\\\/#breadcrumb\",\"itemListElement\":[{\"@type\":\"ListItem\",\"position\":1,\"name\":\"Portada\",\"item\":\"https:\\\/\\\/diariotextual.com\\\/inicio\\\/\"},{\"@type\":\"ListItem\",\"position\":2,\"name\":\"El Gobierno reglament\u00f3 por decreto la ley de Interrupci\u00f3n Voluntaria del Embarazo\"}]},{\"@type\":\"WebSite\",\"@id\":\"https:\\\/\\\/diariotextual.com\\\/inicio\\\/#website\",\"url\":\"https:\\\/\\\/diariotextual.com\\\/inicio\\\/\",\"name\":\"Diario Textual\",\"description\":\"\",\"publisher\":{\"@id\":\"https:\\\/\\\/diariotextual.com\\\/inicio\\\/#organization\"},\"potentialAction\":[{\"@type\":\"SearchAction\",\"target\":{\"@type\":\"EntryPoint\",\"urlTemplate\":\"https:\\\/\\\/diariotextual.com\\\/inicio\\\/?s={search_term_string}\"},\"query-input\":{\"@type\":\"PropertyValueSpecification\",\"valueRequired\":true,\"valueName\":\"search_term_string\"}}],\"inLanguage\":\"es\"},{\"@type\":\"Organization\",\"@id\":\"https:\\\/\\\/diariotextual.com\\\/inicio\\\/#organization\",\"name\":\"Diario Textual\",\"url\":\"https:\\\/\\\/diariotextual.com\\\/inicio\\\/\",\"logo\":{\"@type\":\"ImageObject\",\"inLanguage\":\"es\",\"@id\":\"https:\\\/\\\/diariotextual.com\\\/inicio\\\/#\\\/schema\\\/logo\\\/image\\\/\",\"url\":\"https:\\\/\\\/diariotextual.com\\\/inicio\\\/wp-content\\\/uploads\\\/2023\\\/05\\\/logotextual1.jpg\",\"contentUrl\":\"https:\\\/\\\/diariotextual.com\\\/inicio\\\/wp-content\\\/uploads\\\/2023\\\/05\\\/logotextual1.jpg\",\"width\":516,\"height\":76,\"caption\":\"Diario Textual\"},\"image\":{\"@id\":\"https:\\\/\\\/diariotextual.com\\\/inicio\\\/#\\\/schema\\\/logo\\\/image\\\/\"},\"sameAs\":[\"https:\\\/\\\/www.facebook.com\\\/eltextual\",\"https:\\\/\\\/x.com\\\/eltextual\",\"http:\\\/\\\/www.instagram.com\\\/eltextual\"]},{\"@type\":\"Person\",\"@id\":\"https:\\\/\\\/diariotextual.com\\\/inicio\\\/#\\\/schema\\\/person\\\/418fc4093c33e86ed41562db3508f958\",\"name\":\"Diario1 Diario1\",\"image\":{\"@type\":\"ImageObject\",\"inLanguage\":\"es\",\"@id\":\"https:\\\/\\\/secure.gravatar.com\\\/avatar\\\/9167d280179c85bc18be67aa7eda765854300033af4896dd779b608640f2ef7a?s=96&d=mm&r=g\",\"url\":\"https:\\\/\\\/secure.gravatar.com\\\/avatar\\\/9167d280179c85bc18be67aa7eda765854300033af4896dd779b608640f2ef7a?s=96&d=mm&r=g\",\"contentUrl\":\"https:\\\/\\\/secure.gravatar.com\\\/avatar\\\/9167d280179c85bc18be67aa7eda765854300033af4896dd779b608640f2ef7a?s=96&d=mm&r=g\",\"caption\":\"Diario1 Diario1\"},\"url\":\"https:\\\/\\\/diariotextual.com\\\/inicio\\\/index.php\\\/author\\\/diario1\\\/\"}]}<\/script>\n<!-- \/ Yoast SEO plugin. -->","yoast_head_json":{"title":"El Gobierno reglament\u00f3 por decreto la ley de Interrupci\u00f3n Voluntaria del Embarazo - Diario Textual","robots":{"index":"index","follow":"follow","max-snippet":"max-snippet:-1","max-image-preview":"max-image-preview:large","max-video-preview":"max-video-preview:-1"},"canonical":"https:\/\/diariotextual.com\/inicio\/index.php\/2021\/08\/14\/el-gobierno-reglamento-por-decreto-la-ley-de-interrupcion-voluntaria-del-embarazo\/","og_locale":"es_ES","og_type":"article","og_title":"El Gobierno reglament\u00f3 por decreto la ley de Interrupci\u00f3n Voluntaria del Embarazo - Diario Textual","og_description":"El Gobierno public\u00f3 en la medianoche del viernes en el Bolet\u00edn Oficial el decreto 516\/2021, a trav\u00e9s del cual&nbsp;se reglamenta la ley de Acceso a la Interrupci\u00f3n Voluntaria del Embarazo&hellip;","og_url":"https:\/\/diariotextual.com\/inicio\/index.php\/2021\/08\/14\/el-gobierno-reglamento-por-decreto-la-ley-de-interrupcion-voluntaria-del-embarazo\/","og_site_name":"Diario Textual","article_publisher":"https:\/\/www.facebook.com\/eltextual","article_published_time":"2021-08-14T12:06:34+00:00","article_modified_time":"2021-08-14T23:44:29+00:00","og_image":[{"width":916,"height":599,"url":"https:\/\/diariotextual.com\/inicio\/wp-content\/uploads\/2020\/12\/abortolegalcongresotelam2020-4.jpg","type":"image\/jpeg"}],"author":"Diario1 Diario1","twitter_card":"summary_large_image","twitter_creator":"@eltextual","twitter_site":"@eltextual","twitter_misc":{"Escrito por":"Diario1 Diario1","Tiempo de lectura":"3 minutos"},"schema":{"@context":"https:\/\/schema.org","@graph":[{"@type":"Article","@id":"https:\/\/diariotextual.com\/inicio\/index.php\/2021\/08\/14\/el-gobierno-reglamento-por-decreto-la-ley-de-interrupcion-voluntaria-del-embarazo\/#article","isPartOf":{"@id":"https:\/\/diariotextual.com\/inicio\/index.php\/2021\/08\/14\/el-gobierno-reglamento-por-decreto-la-ley-de-interrupcion-voluntaria-del-embarazo\/"},"author":{"name":"Diario1 Diario1","@id":"https:\/\/diariotextual.com\/inicio\/#\/schema\/person\/418fc4093c33e86ed41562db3508f958"},"headline":"El Gobierno reglament\u00f3 por decreto la ley de Interrupci\u00f3n Voluntaria del Embarazo","datePublished":"2021-08-14T12:06:34+00:00","dateModified":"2021-08-14T23:44:29+00:00","mainEntityOfPage":{"@id":"https:\/\/diariotextual.com\/inicio\/index.php\/2021\/08\/14\/el-gobierno-reglamento-por-decreto-la-ley-de-interrupcion-voluntaria-del-embarazo\/"},"wordCount":748,"publisher":{"@id":"https:\/\/diariotextual.com\/inicio\/#organization"},"image":{"@id":"https:\/\/diariotextual.com\/inicio\/index.php\/2021\/08\/14\/el-gobierno-reglamento-por-decreto-la-ley-de-interrupcion-voluntaria-del-embarazo\/#primaryimage"},"thumbnailUrl":"https:\/\/diariotextual.com\/inicio\/wp-content\/uploads\/2020\/12\/abortolegalcongresotelam2020-4.jpg","articleSection":["A - PORTADA2","SOCIEDAD"],"inLanguage":"es"},{"@type":"WebPage","@id":"https:\/\/diariotextual.com\/inicio\/index.php\/2021\/08\/14\/el-gobierno-reglamento-por-decreto-la-ley-de-interrupcion-voluntaria-del-embarazo\/","url":"https:\/\/diariotextual.com\/inicio\/index.php\/2021\/08\/14\/el-gobierno-reglamento-por-decreto-la-ley-de-interrupcion-voluntaria-del-embarazo\/","name":"El Gobierno reglament\u00f3 por decreto la ley de Interrupci\u00f3n Voluntaria del Embarazo - Diario Textual","isPartOf":{"@id":"https:\/\/diariotextual.com\/inicio\/#website"},"primaryImageOfPage":{"@id":"https:\/\/diariotextual.com\/inicio\/index.php\/2021\/08\/14\/el-gobierno-reglamento-por-decreto-la-ley-de-interrupcion-voluntaria-del-embarazo\/#primaryimage"},"image":{"@id":"https:\/\/diariotextual.com\/inicio\/index.php\/2021\/08\/14\/el-gobierno-reglamento-por-decreto-la-ley-de-interrupcion-voluntaria-del-embarazo\/#primaryimage"},"thumbnailUrl":"https:\/\/diariotextual.com\/inicio\/wp-content\/uploads\/2020\/12\/abortolegalcongresotelam2020-4.jpg","datePublished":"2021-08-14T12:06:34+00:00","dateModified":"2021-08-14T23:44:29+00:00","breadcrumb":{"@id":"https:\/\/diariotextual.com\/inicio\/index.php\/2021\/08\/14\/el-gobierno-reglamento-por-decreto-la-ley-de-interrupcion-voluntaria-del-embarazo\/#breadcrumb"},"inLanguage":"es","potentialAction":[{"@type":"ReadAction","target":["https:\/\/diariotextual.com\/inicio\/index.php\/2021\/08\/14\/el-gobierno-reglamento-por-decreto-la-ley-de-interrupcion-voluntaria-del-embarazo\/"]}]},{"@type":"ImageObject","inLanguage":"es","@id":"https:\/\/diariotextual.com\/inicio\/index.php\/2021\/08\/14\/el-gobierno-reglamento-por-decreto-la-ley-de-interrupcion-voluntaria-del-embarazo\/#primaryimage","url":"https:\/\/diariotextual.com\/inicio\/wp-content\/uploads\/2020\/12\/abortolegalcongresotelam2020-4.jpg","contentUrl":"https:\/\/diariotextual.com\/inicio\/wp-content\/uploads\/2020\/12\/abortolegalcongresotelam2020-4.jpg","width":916,"height":599},{"@type":"BreadcrumbList","@id":"https:\/\/diariotextual.com\/inicio\/index.php\/2021\/08\/14\/el-gobierno-reglamento-por-decreto-la-ley-de-interrupcion-voluntaria-del-embarazo\/#breadcrumb","itemListElement":[{"@type":"ListItem","position":1,"name":"Portada","item":"https:\/\/diariotextual.com\/inicio\/"},{"@type":"ListItem","position":2,"name":"El Gobierno reglament\u00f3 por decreto la ley de Interrupci\u00f3n Voluntaria del Embarazo"}]},{"@type":"WebSite","@id":"https:\/\/diariotextual.com\/inicio\/#website","url":"https:\/\/diariotextual.com\/inicio\/","name":"Diario Textual","description":"","publisher":{"@id":"https:\/\/diariotextual.com\/inicio\/#organization"},"potentialAction":[{"@type":"SearchAction","target":{"@type":"EntryPoint","urlTemplate":"https:\/\/diariotextual.com\/inicio\/?s={search_term_string}"},"query-input":{"@type":"PropertyValueSpecification","valueRequired":true,"valueName":"search_term_string"}}],"inLanguage":"es"},{"@type":"Organization","@id":"https:\/\/diariotextual.com\/inicio\/#organization","name":"Diario Textual","url":"https:\/\/diariotextual.com\/inicio\/","logo":{"@type":"ImageObject","inLanguage":"es","@id":"https:\/\/diariotextual.com\/inicio\/#\/schema\/logo\/image\/","url":"https:\/\/diariotextual.com\/inicio\/wp-content\/uploads\/2023\/05\/logotextual1.jpg","contentUrl":"https:\/\/diariotextual.com\/inicio\/wp-content\/uploads\/2023\/05\/logotextual1.jpg","width":516,"height":76,"caption":"Diario Textual"},"image":{"@id":"https:\/\/diariotextual.com\/inicio\/#\/schema\/logo\/image\/"},"sameAs":["https:\/\/www.facebook.com\/eltextual","https:\/\/x.com\/eltextual","http:\/\/www.instagram.com\/eltextual"]},{"@type":"Person","@id":"https:\/\/diariotextual.com\/inicio\/#\/schema\/person\/418fc4093c33e86ed41562db3508f958","name":"Diario1 Diario1","image":{"@type":"ImageObject","inLanguage":"es","@id":"https:\/\/secure.gravatar.com\/avatar\/9167d280179c85bc18be67aa7eda765854300033af4896dd779b608640f2ef7a?s=96&d=mm&r=g","url":"https:\/\/secure.gravatar.com\/avatar\/9167d280179c85bc18be67aa7eda765854300033af4896dd779b608640f2ef7a?s=96&d=mm&r=g","contentUrl":"https:\/\/secure.gravatar.com\/avatar\/9167d280179c85bc18be67aa7eda765854300033af4896dd779b608640f2ef7a?s=96&d=mm&r=g","caption":"Diario1 Diario1"},"url":"https:\/\/diariotextual.com\/inicio\/index.php\/author\/diario1\/"}]}},"_links":{"self":[{"href":"https:\/\/diariotextual.com\/inicio\/index.php\/wp-json\/wp\/v2\/posts\/157879","targetHints":{"allow":["GET"]}}],"collection":[{"href":"https:\/\/diariotextual.com\/inicio\/index.php\/wp-json\/wp\/v2\/posts"}],"about":[{"href":"https:\/\/diariotextual.com\/inicio\/index.php\/wp-json\/wp\/v2\/types\/post"}],"author":[{"embeddable":true,"href":"https:\/\/diariotextual.com\/inicio\/index.php\/wp-json\/wp\/v2\/users\/3"}],"replies":[{"embeddable":true,"href":"https:\/\/diariotextual.com\/inicio\/index.php\/wp-json\/wp\/v2\/comments?post=157879"}],"version-history":[{"count":1,"href":"https:\/\/diariotextual.com\/inicio\/index.php\/wp-json\/wp\/v2\/posts\/157879\/revisions"}],"predecessor-version":[{"id":157880,"href":"https:\/\/diariotextual.com\/inicio\/index.php\/wp-json\/wp\/v2\/posts\/157879\/revisions\/157880"}],"wp:featuredmedia":[{"embeddable":true,"href":"https:\/\/diariotextual.com\/inicio\/index.php\/wp-json\/wp\/v2\/media\/125283"}],"wp:attachment":[{"href":"https:\/\/diariotextual.com\/inicio\/index.php\/wp-json\/wp\/v2\/media?parent=157879"}],"wp:term":[{"taxonomy":"category","embeddable":true,"href":"https:\/\/diariotextual.com\/inicio\/index.php\/wp-json\/wp\/v2\/categories?post=157879"},{"taxonomy":"post_tag","embeddable":true,"href":"https:\/\/diariotextual.com\/inicio\/index.php\/wp-json\/wp\/v2\/tags?post=157879"}],"curies":[{"name":"wp","href":"https:\/\/api.w.org\/{rel}","templated":true}]}}