{"id":157984,"date":"2021-08-15T12:35:41","date_gmt":"2021-08-15T15:35:41","guid":{"rendered":"https:\/\/diariotextual.com\/inicio\/?p=157984"},"modified":"2021-08-15T21:02:13","modified_gmt":"2021-08-16T00:02:13","slug":"la-justicia-pampeana-accedera-a-datos-de-las-personas-en-forma-inmediata","status":"publish","type":"post","link":"https:\/\/diariotextual.com\/inicio\/index.php\/2021\/08\/15\/la-justicia-pampeana-accedera-a-datos-de-las-personas-en-forma-inmediata\/","title":{"rendered":"La Justicia pampeana acceder\u00e1 a datos de las personas en forma inmediata"},"content":{"rendered":"\n<p>El Superior Tribunal de Justicia y el Registro Nacional de las Personas&nbsp;<strong>firmaron digitalmente<\/strong>&nbsp;un convenio de colaboraci\u00f3n y cooperaci\u00f3n para que la Justicia provincial pueda obtener, de manera autom\u00e1tica e inmediata, los datos actualizados del documento nacional de identidad de las personas, con el fin de comprobar sus identidades en el marco de las causas penales y civiles.<\/p>\n\n\n\n<p>El acuerdo permitir\u00e1 aligerar sustancialmente los tiempos de tramitaci\u00f3n de los expedientes \u2013hasta ahora deb\u00eda enviarse un oficio y esperar la respuesta\u2013, y se enmarca en la pol\u00edtica institucional del STJ relativa a la b\u00fasqueda de mecanismos que \u201coptimicen el acceso a la informaci\u00f3n\u201d y tiendan a&nbsp;<strong>\u201cuna constante y progresiva modernizaci\u00f3n y mejora de los procesos, mediante la incorporaci\u00f3n de herramientas tecnol\u00f3gicas y sistemas \u00e1giles de gesti\u00f3n\u201d.<\/strong><\/p>\n\n\n\n<p>El convenio espec\u00edfico suscripto entre el STJ y el Renaper se encuadra en el contexto del convenio marco de cooperaci\u00f3n institucional suscripto entre el organismo nacional y la Junta Federal de Cortes y Superiores de Tribunales de Justicia de las Provincias Argentinas y la Ciudad Aut\u00f3noma de Buenos Aires (Jufejus).<\/p>\n\n\n\n<p>Para el cumplimiento de dichos fines, se prev\u00e9 que el Renaper \u201cfacilitara al Poder Judicial,&nbsp;<strong>sin erogaciones presupuestarias, un servicio web que devolver\u00e1 la informaci\u00f3n en formato digital<\/strong>\u201d, especifica el texto. Y agrega: \u201cel&nbsp;&nbsp; servicio&nbsp; no&nbsp;&nbsp; arancelado&nbsp;&nbsp; abarcar\u00e1&nbsp; requerimientos&nbsp; efectuados&nbsp; desde&nbsp; los&nbsp; fueros&nbsp; penal,&nbsp; de&nbsp; familia,&nbsp; contencioso administrativo y laboral, y en general, todos los casos independientemente del fuero requirente\u201d.<\/p>\n\n\n\n<p>Como contrapartida, el Registro exige \u201cmantener la m\u00e1s estricta reserva y confidencialidad de la informaci\u00f3n recabada (\u2026), considerando la sensibilidad de los datos registrados y los recaudos legales exigidos en materia de protecci\u00f3n de datos personales\u201d.<\/p>\n\n\n\n<p>El convenio tiene como objeto espec\u00edfico el desarrollo e implementaci\u00f3n de \u201cacciones conjuntas y coordinadas de cooperaci\u00f3n e intercambio de la informaci\u00f3n, para el mejor cumplimiento de las misiones y funciones de cada una de las partes, y con los alcances que cada una de ellas establezca\u201d.<\/p>\n\n\n\n<p>Entre las funciones del Renaper se encuentran la inscripci\u00f3n e identificaci\u00f3n de las personas que se domicilien en el territorio argentino, y de todos los argentinos sea cual fuere el lugar donde residan; as\u00ed como el registro, la clasificaci\u00f3n y el procesamiento&nbsp; de la informaci\u00f3n y antecedentes&nbsp; de mayor importancia.<\/p>\n\n\n\n<p>Por eso, para un mejor cumplimiento de la actividad judicial, \u201ces necesario dotar a los jueces de herramientas suficientes que permitan asistir a toda la comunidad en la defensa de sus derechos y velar por el cumplimiento de los deberes que su funci\u00f3n les impone\u201d, a\u00f1ade el acuerdo.<\/p>\n\n\n\n<p>Agrega que, con tal motivo,&nbsp;<strong>las partes desarrollaron \u201cdiversas acciones tendientes a lograr<\/strong><strong>la modernizaci\u00f3n tecnol\u00f3gica&nbsp;<\/strong>en sus respectivos organismos y a implementar herramientas para la informatizaci\u00f3n de sus procesos de trabajo\u201d.<\/p>\n\n\n\n<p>Por \u00faltimo, uno de los anexos especifica los datos personales que brindar\u00e1 el Renaper (nombre y apellido, sexo, n\u00famero de documento nacional de identidad, foto, nacionalidad, fecha de nacimiento, domicilio, pa\u00eds de nacimiento, letras del ejemplar e ID del tr\u00e1mite del DNI).<\/p>\n\n\n\n<p><\/p>\n","protected":false},"excerpt":{"rendered":"<p>El Superior Tribunal de Justicia y el Registro Nacional de las Personas&nbsp;firmaron digitalmente&nbsp;un convenio de colaboraci\u00f3n y cooperaci\u00f3n para que la Justicia provincial pueda obtener, de manera autom\u00e1tica e inmediata,&hellip;<\/p>\n","protected":false},"author":3,"featured_media":147148,"comment_status":"closed","ping_status":"open","sticky":false,"template":"","format":"standard","meta":{"_acf_changed":false,"footnotes":""},"categories":[10,12],"tags":[5935],"class_list":["post-157984","post","type-post","status-publish","format-standard","has-post-thumbnail","hentry","category-portada-2","category-sociedad","tag-datos"],"acf":[],"yoast_head":"<!-- This site is optimized with the Yoast SEO plugin v27.5 - https:\/\/yoast.com\/product\/yoast-seo-wordpress\/ -->\n<title>La Justicia pampeana acceder\u00e1 a datos de las personas en forma inmediata - Diario Textual<\/title>\n<meta name=\"robots\" content=\"index, follow, max-snippet:-1, max-image-preview:large, max-video-preview:-1\" \/>\n<link rel=\"canonical\" href=\"https:\/\/diariotextual.com\/inicio\/index.php\/2021\/08\/15\/la-justicia-pampeana-accedera-a-datos-de-las-personas-en-forma-inmediata\/\" \/>\n<meta property=\"og:locale\" content=\"es_ES\" \/>\n<meta property=\"og:type\" content=\"article\" \/>\n<meta property=\"og:title\" content=\"La Justicia pampeana acceder\u00e1 a datos de las personas en forma inmediata - Diario Textual\" \/>\n<meta property=\"og:description\" content=\"El Superior Tribunal de Justicia y el Registro Nacional de las Personas&nbsp;firmaron digitalmente&nbsp;un convenio de colaboraci\u00f3n y cooperaci\u00f3n para que la Justicia provincial pueda obtener, de manera autom\u00e1tica e inmediata,&hellip;\" \/>\n<meta property=\"og:url\" content=\"https:\/\/diariotextual.com\/inicio\/index.php\/2021\/08\/15\/la-justicia-pampeana-accedera-a-datos-de-las-personas-en-forma-inmediata\/\" \/>\n<meta property=\"og:site_name\" content=\"Diario Textual\" \/>\n<meta property=\"article:publisher\" content=\"https:\/\/www.facebook.com\/eltextual\" \/>\n<meta property=\"article:published_time\" content=\"2021-08-15T15:35:41+00:00\" \/>\n<meta property=\"article:modified_time\" content=\"2021-08-16T00:02:13+00:00\" \/>\n<meta property=\"og:image\" content=\"https:\/\/diariotextual.com\/inicio\/wp-content\/uploads\/2021\/05\/coronaviruscuarentenaconfinamientomayo2021-2.jpg\" \/>\n\t<meta property=\"og:image:width\" content=\"933\" \/>\n\t<meta property=\"og:image:height\" content=\"572\" \/>\n\t<meta property=\"og:image:type\" content=\"image\/jpeg\" \/>\n<meta name=\"author\" content=\"Diario1 Diario1\" \/>\n<meta name=\"twitter:card\" content=\"summary_large_image\" \/>\n<meta name=\"twitter:creator\" content=\"@eltextual\" \/>\n<meta name=\"twitter:site\" content=\"@eltextual\" \/>\n<meta name=\"twitter:label1\" content=\"Escrito por\" \/>\n\t<meta name=\"twitter:data1\" content=\"Diario1 Diario1\" \/>\n\t<meta name=\"twitter:label2\" content=\"Tiempo de lectura\" \/>\n\t<meta name=\"twitter:data2\" content=\"3 minutos\" \/>\n<script type=\"application\/ld+json\" class=\"yoast-schema-graph\">{\"@context\":\"https:\\\/\\\/schema.org\",\"@graph\":[{\"@type\":\"Article\",\"@id\":\"https:\\\/\\\/diariotextual.com\\\/inicio\\\/index.php\\\/2021\\\/08\\\/15\\\/la-justicia-pampeana-accedera-a-datos-de-las-personas-en-forma-inmediata\\\/#article\",\"isPartOf\":{\"@id\":\"https:\\\/\\\/diariotextual.com\\\/inicio\\\/index.php\\\/2021\\\/08\\\/15\\\/la-justicia-pampeana-accedera-a-datos-de-las-personas-en-forma-inmediata\\\/\"},\"author\":{\"name\":\"Diario1 Diario1\",\"@id\":\"https:\\\/\\\/diariotextual.com\\\/inicio\\\/#\\\/schema\\\/person\\\/418fc4093c33e86ed41562db3508f958\"},\"headline\":\"La Justicia pampeana acceder\u00e1 a datos de las personas en forma inmediata\",\"datePublished\":\"2021-08-15T15:35:41+00:00\",\"dateModified\":\"2021-08-16T00:02:13+00:00\",\"mainEntityOfPage\":{\"@id\":\"https:\\\/\\\/diariotextual.com\\\/inicio\\\/index.php\\\/2021\\\/08\\\/15\\\/la-justicia-pampeana-accedera-a-datos-de-las-personas-en-forma-inmediata\\\/\"},\"wordCount\":562,\"publisher\":{\"@id\":\"https:\\\/\\\/diariotextual.com\\\/inicio\\\/#organization\"},\"image\":{\"@id\":\"https:\\\/\\\/diariotextual.com\\\/inicio\\\/index.php\\\/2021\\\/08\\\/15\\\/la-justicia-pampeana-accedera-a-datos-de-las-personas-en-forma-inmediata\\\/#primaryimage\"},\"thumbnailUrl\":\"https:\\\/\\\/diariotextual.com\\\/inicio\\\/wp-content\\\/uploads\\\/2021\\\/05\\\/coronaviruscuarentenaconfinamientomayo2021-2.jpg\",\"keywords\":[\"datos\"],\"articleSection\":[\"A - PORTADA2\",\"SOCIEDAD\"],\"inLanguage\":\"es\"},{\"@type\":\"WebPage\",\"@id\":\"https:\\\/\\\/diariotextual.com\\\/inicio\\\/index.php\\\/2021\\\/08\\\/15\\\/la-justicia-pampeana-accedera-a-datos-de-las-personas-en-forma-inmediata\\\/\",\"url\":\"https:\\\/\\\/diariotextual.com\\\/inicio\\\/index.php\\\/2021\\\/08\\\/15\\\/la-justicia-pampeana-accedera-a-datos-de-las-personas-en-forma-inmediata\\\/\",\"name\":\"La Justicia pampeana acceder\u00e1 a datos de las personas en forma inmediata - Diario Textual\",\"isPartOf\":{\"@id\":\"https:\\\/\\\/diariotextual.com\\\/inicio\\\/#website\"},\"primaryImageOfPage\":{\"@id\":\"https:\\\/\\\/diariotextual.com\\\/inicio\\\/index.php\\\/2021\\\/08\\\/15\\\/la-justicia-pampeana-accedera-a-datos-de-las-personas-en-forma-inmediata\\\/#primaryimage\"},\"image\":{\"@id\":\"https:\\\/\\\/diariotextual.com\\\/inicio\\\/index.php\\\/2021\\\/08\\\/15\\\/la-justicia-pampeana-accedera-a-datos-de-las-personas-en-forma-inmediata\\\/#primaryimage\"},\"thumbnailUrl\":\"https:\\\/\\\/diariotextual.com\\\/inicio\\\/wp-content\\\/uploads\\\/2021\\\/05\\\/coronaviruscuarentenaconfinamientomayo2021-2.jpg\",\"datePublished\":\"2021-08-15T15:35:41+00:00\",\"dateModified\":\"2021-08-16T00:02:13+00:00\",\"breadcrumb\":{\"@id\":\"https:\\\/\\\/diariotextual.com\\\/inicio\\\/index.php\\\/2021\\\/08\\\/15\\\/la-justicia-pampeana-accedera-a-datos-de-las-personas-en-forma-inmediata\\\/#breadcrumb\"},\"inLanguage\":\"es\",\"potentialAction\":[{\"@type\":\"ReadAction\",\"target\":[\"https:\\\/\\\/diariotextual.com\\\/inicio\\\/index.php\\\/2021\\\/08\\\/15\\\/la-justicia-pampeana-accedera-a-datos-de-las-personas-en-forma-inmediata\\\/\"]}]},{\"@type\":\"ImageObject\",\"inLanguage\":\"es\",\"@id\":\"https:\\\/\\\/diariotextual.com\\\/inicio\\\/index.php\\\/2021\\\/08\\\/15\\\/la-justicia-pampeana-accedera-a-datos-de-las-personas-en-forma-inmediata\\\/#primaryimage\",\"url\":\"https:\\\/\\\/diariotextual.com\\\/inicio\\\/wp-content\\\/uploads\\\/2021\\\/05\\\/coronaviruscuarentenaconfinamientomayo2021-2.jpg\",\"contentUrl\":\"https:\\\/\\\/diariotextual.com\\\/inicio\\\/wp-content\\\/uploads\\\/2021\\\/05\\\/coronaviruscuarentenaconfinamientomayo2021-2.jpg\",\"width\":933,\"height\":572},{\"@type\":\"BreadcrumbList\",\"@id\":\"https:\\\/\\\/diariotextual.com\\\/inicio\\\/index.php\\\/2021\\\/08\\\/15\\\/la-justicia-pampeana-accedera-a-datos-de-las-personas-en-forma-inmediata\\\/#breadcrumb\",\"itemListElement\":[{\"@type\":\"ListItem\",\"position\":1,\"name\":\"Portada\",\"item\":\"https:\\\/\\\/diariotextual.com\\\/inicio\\\/\"},{\"@type\":\"ListItem\",\"position\":2,\"name\":\"La Justicia pampeana acceder\u00e1 a datos de las personas en forma inmediata\"}]},{\"@type\":\"WebSite\",\"@id\":\"https:\\\/\\\/diariotextual.com\\\/inicio\\\/#website\",\"url\":\"https:\\\/\\\/diariotextual.com\\\/inicio\\\/\",\"name\":\"Diario Textual\",\"description\":\"\",\"publisher\":{\"@id\":\"https:\\\/\\\/diariotextual.com\\\/inicio\\\/#organization\"},\"potentialAction\":[{\"@type\":\"SearchAction\",\"target\":{\"@type\":\"EntryPoint\",\"urlTemplate\":\"https:\\\/\\\/diariotextual.com\\\/inicio\\\/?s={search_term_string}\"},\"query-input\":{\"@type\":\"PropertyValueSpecification\",\"valueRequired\":true,\"valueName\":\"search_term_string\"}}],\"inLanguage\":\"es\"},{\"@type\":\"Organization\",\"@id\":\"https:\\\/\\\/diariotextual.com\\\/inicio\\\/#organization\",\"name\":\"Diario Textual\",\"url\":\"https:\\\/\\\/diariotextual.com\\\/inicio\\\/\",\"logo\":{\"@type\":\"ImageObject\",\"inLanguage\":\"es\",\"@id\":\"https:\\\/\\\/diariotextual.com\\\/inicio\\\/#\\\/schema\\\/logo\\\/image\\\/\",\"url\":\"https:\\\/\\\/diariotextual.com\\\/inicio\\\/wp-content\\\/uploads\\\/2023\\\/05\\\/logotextual1.jpg\",\"contentUrl\":\"https:\\\/\\\/diariotextual.com\\\/inicio\\\/wp-content\\\/uploads\\\/2023\\\/05\\\/logotextual1.jpg\",\"width\":516,\"height\":76,\"caption\":\"Diario Textual\"},\"image\":{\"@id\":\"https:\\\/\\\/diariotextual.com\\\/inicio\\\/#\\\/schema\\\/logo\\\/image\\\/\"},\"sameAs\":[\"https:\\\/\\\/www.facebook.com\\\/eltextual\",\"https:\\\/\\\/x.com\\\/eltextual\",\"http:\\\/\\\/www.instagram.com\\\/eltextual\"]},{\"@type\":\"Person\",\"@id\":\"https:\\\/\\\/diariotextual.com\\\/inicio\\\/#\\\/schema\\\/person\\\/418fc4093c33e86ed41562db3508f958\",\"name\":\"Diario1 Diario1\",\"image\":{\"@type\":\"ImageObject\",\"inLanguage\":\"es\",\"@id\":\"https:\\\/\\\/secure.gravatar.com\\\/avatar\\\/9167d280179c85bc18be67aa7eda765854300033af4896dd779b608640f2ef7a?s=96&d=mm&r=g\",\"url\":\"https:\\\/\\\/secure.gravatar.com\\\/avatar\\\/9167d280179c85bc18be67aa7eda765854300033af4896dd779b608640f2ef7a?s=96&d=mm&r=g\",\"contentUrl\":\"https:\\\/\\\/secure.gravatar.com\\\/avatar\\\/9167d280179c85bc18be67aa7eda765854300033af4896dd779b608640f2ef7a?s=96&d=mm&r=g\",\"caption\":\"Diario1 Diario1\"},\"url\":\"https:\\\/\\\/diariotextual.com\\\/inicio\\\/index.php\\\/author\\\/diario1\\\/\"}]}<\/script>\n<!-- \/ Yoast SEO plugin. -->","yoast_head_json":{"title":"La Justicia pampeana acceder\u00e1 a datos de las personas en forma inmediata - Diario Textual","robots":{"index":"index","follow":"follow","max-snippet":"max-snippet:-1","max-image-preview":"max-image-preview:large","max-video-preview":"max-video-preview:-1"},"canonical":"https:\/\/diariotextual.com\/inicio\/index.php\/2021\/08\/15\/la-justicia-pampeana-accedera-a-datos-de-las-personas-en-forma-inmediata\/","og_locale":"es_ES","og_type":"article","og_title":"La Justicia pampeana acceder\u00e1 a datos de las personas en forma inmediata - Diario Textual","og_description":"El Superior Tribunal de Justicia y el Registro Nacional de las Personas&nbsp;firmaron digitalmente&nbsp;un convenio de colaboraci\u00f3n y cooperaci\u00f3n para que la Justicia provincial pueda obtener, de manera autom\u00e1tica e inmediata,&hellip;","og_url":"https:\/\/diariotextual.com\/inicio\/index.php\/2021\/08\/15\/la-justicia-pampeana-accedera-a-datos-de-las-personas-en-forma-inmediata\/","og_site_name":"Diario Textual","article_publisher":"https:\/\/www.facebook.com\/eltextual","article_published_time":"2021-08-15T15:35:41+00:00","article_modified_time":"2021-08-16T00:02:13+00:00","og_image":[{"width":933,"height":572,"url":"https:\/\/diariotextual.com\/inicio\/wp-content\/uploads\/2021\/05\/coronaviruscuarentenaconfinamientomayo2021-2.jpg","type":"image\/jpeg"}],"author":"Diario1 Diario1","twitter_card":"summary_large_image","twitter_creator":"@eltextual","twitter_site":"@eltextual","twitter_misc":{"Escrito por":"Diario1 Diario1","Tiempo de lectura":"3 minutos"},"schema":{"@context":"https:\/\/schema.org","@graph":[{"@type":"Article","@id":"https:\/\/diariotextual.com\/inicio\/index.php\/2021\/08\/15\/la-justicia-pampeana-accedera-a-datos-de-las-personas-en-forma-inmediata\/#article","isPartOf":{"@id":"https:\/\/diariotextual.com\/inicio\/index.php\/2021\/08\/15\/la-justicia-pampeana-accedera-a-datos-de-las-personas-en-forma-inmediata\/"},"author":{"name":"Diario1 Diario1","@id":"https:\/\/diariotextual.com\/inicio\/#\/schema\/person\/418fc4093c33e86ed41562db3508f958"},"headline":"La Justicia pampeana acceder\u00e1 a datos de las personas en forma inmediata","datePublished":"2021-08-15T15:35:41+00:00","dateModified":"2021-08-16T00:02:13+00:00","mainEntityOfPage":{"@id":"https:\/\/diariotextual.com\/inicio\/index.php\/2021\/08\/15\/la-justicia-pampeana-accedera-a-datos-de-las-personas-en-forma-inmediata\/"},"wordCount":562,"publisher":{"@id":"https:\/\/diariotextual.com\/inicio\/#organization"},"image":{"@id":"https:\/\/diariotextual.com\/inicio\/index.php\/2021\/08\/15\/la-justicia-pampeana-accedera-a-datos-de-las-personas-en-forma-inmediata\/#primaryimage"},"thumbnailUrl":"https:\/\/diariotextual.com\/inicio\/wp-content\/uploads\/2021\/05\/coronaviruscuarentenaconfinamientomayo2021-2.jpg","keywords":["datos"],"articleSection":["A - PORTADA2","SOCIEDAD"],"inLanguage":"es"},{"@type":"WebPage","@id":"https:\/\/diariotextual.com\/inicio\/index.php\/2021\/08\/15\/la-justicia-pampeana-accedera-a-datos-de-las-personas-en-forma-inmediata\/","url":"https:\/\/diariotextual.com\/inicio\/index.php\/2021\/08\/15\/la-justicia-pampeana-accedera-a-datos-de-las-personas-en-forma-inmediata\/","name":"La Justicia pampeana acceder\u00e1 a datos de las personas en forma inmediata - Diario Textual","isPartOf":{"@id":"https:\/\/diariotextual.com\/inicio\/#website"},"primaryImageOfPage":{"@id":"https:\/\/diariotextual.com\/inicio\/index.php\/2021\/08\/15\/la-justicia-pampeana-accedera-a-datos-de-las-personas-en-forma-inmediata\/#primaryimage"},"image":{"@id":"https:\/\/diariotextual.com\/inicio\/index.php\/2021\/08\/15\/la-justicia-pampeana-accedera-a-datos-de-las-personas-en-forma-inmediata\/#primaryimage"},"thumbnailUrl":"https:\/\/diariotextual.com\/inicio\/wp-content\/uploads\/2021\/05\/coronaviruscuarentenaconfinamientomayo2021-2.jpg","datePublished":"2021-08-15T15:35:41+00:00","dateModified":"2021-08-16T00:02:13+00:00","breadcrumb":{"@id":"https:\/\/diariotextual.com\/inicio\/index.php\/2021\/08\/15\/la-justicia-pampeana-accedera-a-datos-de-las-personas-en-forma-inmediata\/#breadcrumb"},"inLanguage":"es","potentialAction":[{"@type":"ReadAction","target":["https:\/\/diariotextual.com\/inicio\/index.php\/2021\/08\/15\/la-justicia-pampeana-accedera-a-datos-de-las-personas-en-forma-inmediata\/"]}]},{"@type":"ImageObject","inLanguage":"es","@id":"https:\/\/diariotextual.com\/inicio\/index.php\/2021\/08\/15\/la-justicia-pampeana-accedera-a-datos-de-las-personas-en-forma-inmediata\/#primaryimage","url":"https:\/\/diariotextual.com\/inicio\/wp-content\/uploads\/2021\/05\/coronaviruscuarentenaconfinamientomayo2021-2.jpg","contentUrl":"https:\/\/diariotextual.com\/inicio\/wp-content\/uploads\/2021\/05\/coronaviruscuarentenaconfinamientomayo2021-2.jpg","width":933,"height":572},{"@type":"BreadcrumbList","@id":"https:\/\/diariotextual.com\/inicio\/index.php\/2021\/08\/15\/la-justicia-pampeana-accedera-a-datos-de-las-personas-en-forma-inmediata\/#breadcrumb","itemListElement":[{"@type":"ListItem","position":1,"name":"Portada","item":"https:\/\/diariotextual.com\/inicio\/"},{"@type":"ListItem","position":2,"name":"La Justicia pampeana acceder\u00e1 a datos de las personas en forma inmediata"}]},{"@type":"WebSite","@id":"https:\/\/diariotextual.com\/inicio\/#website","url":"https:\/\/diariotextual.com\/inicio\/","name":"Diario Textual","description":"","publisher":{"@id":"https:\/\/diariotextual.com\/inicio\/#organization"},"potentialAction":[{"@type":"SearchAction","target":{"@type":"EntryPoint","urlTemplate":"https:\/\/diariotextual.com\/inicio\/?s={search_term_string}"},"query-input":{"@type":"PropertyValueSpecification","valueRequired":true,"valueName":"search_term_string"}}],"inLanguage":"es"},{"@type":"Organization","@id":"https:\/\/diariotextual.com\/inicio\/#organization","name":"Diario Textual","url":"https:\/\/diariotextual.com\/inicio\/","logo":{"@type":"ImageObject","inLanguage":"es","@id":"https:\/\/diariotextual.com\/inicio\/#\/schema\/logo\/image\/","url":"https:\/\/diariotextual.com\/inicio\/wp-content\/uploads\/2023\/05\/logotextual1.jpg","contentUrl":"https:\/\/diariotextual.com\/inicio\/wp-content\/uploads\/2023\/05\/logotextual1.jpg","width":516,"height":76,"caption":"Diario Textual"},"image":{"@id":"https:\/\/diariotextual.com\/inicio\/#\/schema\/logo\/image\/"},"sameAs":["https:\/\/www.facebook.com\/eltextual","https:\/\/x.com\/eltextual","http:\/\/www.instagram.com\/eltextual"]},{"@type":"Person","@id":"https:\/\/diariotextual.com\/inicio\/#\/schema\/person\/418fc4093c33e86ed41562db3508f958","name":"Diario1 Diario1","image":{"@type":"ImageObject","inLanguage":"es","@id":"https:\/\/secure.gravatar.com\/avatar\/9167d280179c85bc18be67aa7eda765854300033af4896dd779b608640f2ef7a?s=96&d=mm&r=g","url":"https:\/\/secure.gravatar.com\/avatar\/9167d280179c85bc18be67aa7eda765854300033af4896dd779b608640f2ef7a?s=96&d=mm&r=g","contentUrl":"https:\/\/secure.gravatar.com\/avatar\/9167d280179c85bc18be67aa7eda765854300033af4896dd779b608640f2ef7a?s=96&d=mm&r=g","caption":"Diario1 Diario1"},"url":"https:\/\/diariotextual.com\/inicio\/index.php\/author\/diario1\/"}]}},"_links":{"self":[{"href":"https:\/\/diariotextual.com\/inicio\/index.php\/wp-json\/wp\/v2\/posts\/157984","targetHints":{"allow":["GET"]}}],"collection":[{"href":"https:\/\/diariotextual.com\/inicio\/index.php\/wp-json\/wp\/v2\/posts"}],"about":[{"href":"https:\/\/diariotextual.com\/inicio\/index.php\/wp-json\/wp\/v2\/types\/post"}],"author":[{"embeddable":true,"href":"https:\/\/diariotextual.com\/inicio\/index.php\/wp-json\/wp\/v2\/users\/3"}],"replies":[{"embeddable":true,"href":"https:\/\/diariotextual.com\/inicio\/index.php\/wp-json\/wp\/v2\/comments?post=157984"}],"version-history":[{"count":1,"href":"https:\/\/diariotextual.com\/inicio\/index.php\/wp-json\/wp\/v2\/posts\/157984\/revisions"}],"predecessor-version":[{"id":157985,"href":"https:\/\/diariotextual.com\/inicio\/index.php\/wp-json\/wp\/v2\/posts\/157984\/revisions\/157985"}],"wp:featuredmedia":[{"embeddable":true,"href":"https:\/\/diariotextual.com\/inicio\/index.php\/wp-json\/wp\/v2\/media\/147148"}],"wp:attachment":[{"href":"https:\/\/diariotextual.com\/inicio\/index.php\/wp-json\/wp\/v2\/media?parent=157984"}],"wp:term":[{"taxonomy":"category","embeddable":true,"href":"https:\/\/diariotextual.com\/inicio\/index.php\/wp-json\/wp\/v2\/categories?post=157984"},{"taxonomy":"post_tag","embeddable":true,"href":"https:\/\/diariotextual.com\/inicio\/index.php\/wp-json\/wp\/v2\/tags?post=157984"}],"curies":[{"name":"wp","href":"https:\/\/api.w.org\/{rel}","templated":true}]}}