{"id":158048,"date":"2021-08-16T14:00:58","date_gmt":"2021-08-16T17:00:58","guid":{"rendered":"https:\/\/diariotextual.com\/inicio\/?p=158048"},"modified":"2021-08-16T20:18:33","modified_gmt":"2021-08-16T23:18:33","slug":"dos-nuevas-estrellas-en-la-ruta-5-en-recuerdo-de-olivia-y-la-familia-gomez-avalos","status":"publish","type":"post","link":"https:\/\/diariotextual.com\/inicio\/index.php\/2021\/08\/16\/dos-nuevas-estrellas-en-la-ruta-5-en-recuerdo-de-olivia-y-la-familia-gomez-avalos\/","title":{"rendered":"Dos nuevas estrellas en la ruta 5, en recuerdo de Olivia y de la familia G\u00f3mez \u2013 \u00c1valos"},"content":{"rendered":"\n<p>La Fundaci\u00f3n Estrellas Amarillas, con motivo de la conmemoraci\u00f3n del D\u00eda del Compromiso Federal por la Seguridad Vial, coloc\u00f3 dos nuevas estrellas amarillas en la ruta nacional 5, que recuerda dos siniestros que se cobraron vidas de pampeanos.<\/p>\n\n\n\n<p>En el kil\u00f3metro 555, en cercan\u00edas al acceso de la localidad de La Gloria, colocaron la se\u00f1al de Estrellas Amarillas perteneciente a las familias G\u00f3mez y \u00c1valos.<\/p>\n\n\n\n<p>Este hecho ocurri\u00f3 el 3 de marzo de 2013. Un conocido empresario de la ciudad de Santa Rosa se adelant\u00f3 en forma antirreglamentaria en una curva y choc\u00f3 de frente con otro veh\u00edculo: provoc\u00f3 la muerte de Vilma \u00c1valos (37 a\u00f1os), Alberto G\u00f3mez (50 a\u00f1os) y Juan Ignacio G\u00f3mez \u00c1valos (10 a\u00f1os). Adem\u00e1s, dej\u00f3 a un ni\u00f1o hu\u00e9rfano de solo 8 a\u00f1os, en estado cr\u00edtico y cr\u00f3nico.<\/p>\n\n\n\n<p>En tanto, sobre la misma ruta, en el kil\u00f3metro 597 -a la salida de Santa Rosa- colocaron la estrella que recuerda a Olivia Ibarra (22 meses).<\/p>\n\n\n\n<figure class=\"wp-block-image size-large\"><img fetchpriority=\"high\" decoding=\"async\" width=\"687\" height=\"559\" src=\"https:\/\/diariotextual.com\/inicio\/wp-content\/uploads\/2021\/08\/arroyomariamadreoliviaestrella2021-1.jpeg\" alt=\"\" class=\"wp-image-158050\" srcset=\"https:\/\/diariotextual.com\/inicio\/wp-content\/uploads\/2021\/08\/arroyomariamadreoliviaestrella2021-1.jpeg 687w, https:\/\/diariotextual.com\/inicio\/wp-content\/uploads\/2021\/08\/arroyomariamadreoliviaestrella2021-1-300x244.jpeg 300w, https:\/\/diariotextual.com\/inicio\/wp-content\/uploads\/2021\/08\/arroyomariamadreoliviaestrella2021-1-585x476.jpeg 585w\" sizes=\"(max-width: 687px) 100vw, 687px\" \/><\/figure>\n\n\n\n<p>Este siniestro ocurri\u00f3 el 25 de febrero de 2020, cuando la familia se trasladaba desde Santa Rosa hacia la localidad de Anguil.<\/p>\n\n\n\n<p>Un primo de la familia, en otro auto, los choc\u00f3 de atr\u00e1s. Estaba alcoholizado. \u201cHoy esta familia vive un malestar constante, a su duelo y dolor se suma el camino hacia el pedido de Justicia y las numerosas denuncias que han tenido que presentar por las constantes profanaciones a la tumba de Olivia. Hay una investigaci\u00f3n en curso pero a\u00fan no se ha logrado encontrar a los presuntos autores de tan escalofriante hecho\u201d, dijo Silvia Gonz\u00e1lez, presidenta de la ONG.<\/p>\n\n\n\n<figure class=\"wp-block-image size-large\"><img decoding=\"async\" width=\"1024\" height=\"576\" src=\"https:\/\/diariotextual.com\/inicio\/wp-content\/uploads\/2021\/08\/oliviaibarraestrellasamarillas2021-2-1024x576.jpg\" alt=\"\" class=\"wp-image-158051\" srcset=\"https:\/\/diariotextual.com\/inicio\/wp-content\/uploads\/2021\/08\/oliviaibarraestrellasamarillas2021-2-1024x576.jpg 1024w, https:\/\/diariotextual.com\/inicio\/wp-content\/uploads\/2021\/08\/oliviaibarraestrellasamarillas2021-2-300x169.jpg 300w, https:\/\/diariotextual.com\/inicio\/wp-content\/uploads\/2021\/08\/oliviaibarraestrellasamarillas2021-2-768x432.jpg 768w, https:\/\/diariotextual.com\/inicio\/wp-content\/uploads\/2021\/08\/oliviaibarraestrellasamarillas2021-2-1170x658.jpg 1170w, https:\/\/diariotextual.com\/inicio\/wp-content\/uploads\/2021\/08\/oliviaibarraestrellasamarillas2021-2-585x329.jpg 585w, https:\/\/diariotextual.com\/inicio\/wp-content\/uploads\/2021\/08\/oliviaibarraestrellasamarillas2021-2.jpg 1280w\" sizes=\"(max-width: 1024px) 100vw, 1024px\" \/><\/figure>\n\n\n\n<p>En estos actos donde se colocaron las estrellas estuvieron el intendente de Uriburu, Pascual Fern\u00e1ndez, y la viceintendenta Ivana Ferrer.<\/p>\n\n\n\n<p>\u201cQueremos dar un gran agradecimiento por el trabajo y compromiso de nuestra ONG\u201d, dijo Fern\u00e1ndez. \u201cConsidero que si ustedes no har\u00edan este trabajo serian muchas mas las estrellas que deber\u00edamos coloca\u201d.<\/p>\n\n\n\n<p>Silvia Gonz\u00e1lez, a su turno, agradeci\u00f3 a las familias de las v\u00edctimas por el esfuerzo en salir adelante y continuar la lucha en honor a sus seres amados. \u201cY tambi\u00e9n al gran trabajo que realizan los compa\u00f1eros del Distrito 21\u00ba de la Direcci\u00f3n Nacional de Vialidad: su presidente Mart\u00edn Izaguirre; Sabrina Fracarolli, la jefa de Recursos Humanos Yanina Frank; y el jefe de Se\u00f1alamiento, Fabricio Cabral. Esta gesti\u00f3n da la importancia que merecen las se\u00f1ales de prevenci\u00f3n de Estrellas, destacando lo que suman a construir rutas m\u00e1s seguras\u201d, dijo.<\/p>\n\n\n\n<p>\u201cAgradecemos tambi\u00e9n al municipio de Anguil, a los Familiares de G\u00f3mez- \u00c1valos que no pudieran estar presentes por las distancias que nos separan, pero igual enviaron unas palabras para que ley\u00e9ramos en su nombre, a los Estudiantes de la Universidad Siglo XXI y al Grupo de Estrellas Amarillas \u2013 Uriburu\u201d, sostuvo. \u201cEsta actividad, es una de la que mas nos cuesta realizar, por el contenido emocional que conlleva. Pero a su vez sentimos mucha gratitud hacia quienes nos acompa\u00f1an y hacen que las colocaciones se concreten, porque de esa manera cumplimos con todas las familias que se han ido acercando a trav\u00e9s del tiempo a la Fundaci\u00f3n solicitando este homenaje a sus seres queridos a fines de visibilizar sus casos y todos juntos poder concretar el sue\u00f1o que ya no hayan m\u00e1s imprudentes al volante, que ya no haya mas violencia vial\u201d, concluy\u00f3 Gonz\u00e1lez.<\/p>\n","protected":false},"excerpt":{"rendered":"<p>La Fundaci\u00f3n Estrellas Amarillas, con motivo de la conmemoraci\u00f3n del D\u00eda del Compromiso Federal por la Seguridad Vial, coloc\u00f3 dos nuevas estrellas amarillas en la ruta nacional 5, que recuerda&hellip;<\/p>\n","protected":false},"author":3,"featured_media":158052,"comment_status":"closed","ping_status":"open","sticky":false,"template":"","format":"standard","meta":{"_acf_changed":false,"footnotes":""},"categories":[10,12],"tags":[1819],"class_list":["post-158048","post","type-post","status-publish","format-standard","has-post-thumbnail","hentry","category-portada-2","category-sociedad","tag-estrellas"],"acf":[],"yoast_head":"<!-- This site is optimized with the Yoast SEO plugin v27.5 - https:\/\/yoast.com\/product\/yoast-seo-wordpress\/ -->\n<title>Dos nuevas estrellas en la ruta 5, en recuerdo de Olivia y de la familia G\u00f3mez \u2013 \u00c1valos - Diario Textual<\/title>\n<meta name=\"robots\" content=\"index, follow, max-snippet:-1, max-image-preview:large, max-video-preview:-1\" \/>\n<link rel=\"canonical\" href=\"https:\/\/diariotextual.com\/inicio\/index.php\/2021\/08\/16\/dos-nuevas-estrellas-en-la-ruta-5-en-recuerdo-de-olivia-y-la-familia-gomez-avalos\/\" \/>\n<meta property=\"og:locale\" content=\"es_ES\" \/>\n<meta property=\"og:type\" content=\"article\" \/>\n<meta property=\"og:title\" content=\"Dos nuevas estrellas en la ruta 5, en recuerdo de Olivia y de la familia G\u00f3mez \u2013 \u00c1valos - Diario Textual\" \/>\n<meta property=\"og:description\" content=\"La Fundaci\u00f3n Estrellas Amarillas, con motivo de la conmemoraci\u00f3n del D\u00eda del Compromiso Federal por la Seguridad Vial, coloc\u00f3 dos nuevas estrellas amarillas en la ruta nacional 5, que recuerda&hellip;\" \/>\n<meta property=\"og:url\" content=\"https:\/\/diariotextual.com\/inicio\/index.php\/2021\/08\/16\/dos-nuevas-estrellas-en-la-ruta-5-en-recuerdo-de-olivia-y-la-familia-gomez-avalos\/\" \/>\n<meta property=\"og:site_name\" content=\"Diario Textual\" \/>\n<meta property=\"article:publisher\" content=\"https:\/\/www.facebook.com\/eltextual\" \/>\n<meta property=\"article:published_time\" content=\"2021-08-16T17:00:58+00:00\" \/>\n<meta property=\"article:modified_time\" content=\"2021-08-16T23:18:33+00:00\" \/>\n<meta property=\"og:image\" content=\"https:\/\/diariotextual.com\/inicio\/wp-content\/uploads\/2021\/08\/estrellasamarillasruta5familiasavalogomez2021-1.jpeg\" \/>\n\t<meta property=\"og:image:width\" content=\"686\" \/>\n\t<meta property=\"og:image:height\" content=\"455\" \/>\n\t<meta property=\"og:image:type\" content=\"image\/jpeg\" \/>\n<meta name=\"author\" content=\"Diario1 Diario1\" \/>\n<meta name=\"twitter:card\" content=\"summary_large_image\" \/>\n<meta name=\"twitter:creator\" content=\"@eltextual\" \/>\n<meta name=\"twitter:site\" content=\"@eltextual\" \/>\n<meta name=\"twitter:label1\" content=\"Escrito por\" \/>\n\t<meta name=\"twitter:data1\" content=\"Diario1 Diario1\" \/>\n\t<meta name=\"twitter:label2\" content=\"Tiempo de lectura\" \/>\n\t<meta name=\"twitter:data2\" content=\"3 minutos\" \/>\n<script type=\"application\/ld+json\" class=\"yoast-schema-graph\">{\"@context\":\"https:\\\/\\\/schema.org\",\"@graph\":[{\"@type\":\"Article\",\"@id\":\"https:\\\/\\\/diariotextual.com\\\/inicio\\\/index.php\\\/2021\\\/08\\\/16\\\/dos-nuevas-estrellas-en-la-ruta-5-en-recuerdo-de-olivia-y-la-familia-gomez-avalos\\\/#article\",\"isPartOf\":{\"@id\":\"https:\\\/\\\/diariotextual.com\\\/inicio\\\/index.php\\\/2021\\\/08\\\/16\\\/dos-nuevas-estrellas-en-la-ruta-5-en-recuerdo-de-olivia-y-la-familia-gomez-avalos\\\/\"},\"author\":{\"name\":\"Diario1 Diario1\",\"@id\":\"https:\\\/\\\/diariotextual.com\\\/inicio\\\/#\\\/schema\\\/person\\\/418fc4093c33e86ed41562db3508f958\"},\"headline\":\"Dos nuevas estrellas en la ruta 5, en recuerdo de Olivia y de la familia G\u00f3mez \u2013 \u00c1valos\",\"datePublished\":\"2021-08-16T17:00:58+00:00\",\"dateModified\":\"2021-08-16T23:18:33+00:00\",\"mainEntityOfPage\":{\"@id\":\"https:\\\/\\\/diariotextual.com\\\/inicio\\\/index.php\\\/2021\\\/08\\\/16\\\/dos-nuevas-estrellas-en-la-ruta-5-en-recuerdo-de-olivia-y-la-familia-gomez-avalos\\\/\"},\"wordCount\":595,\"publisher\":{\"@id\":\"https:\\\/\\\/diariotextual.com\\\/inicio\\\/#organization\"},\"image\":{\"@id\":\"https:\\\/\\\/diariotextual.com\\\/inicio\\\/index.php\\\/2021\\\/08\\\/16\\\/dos-nuevas-estrellas-en-la-ruta-5-en-recuerdo-de-olivia-y-la-familia-gomez-avalos\\\/#primaryimage\"},\"thumbnailUrl\":\"https:\\\/\\\/diariotextual.com\\\/inicio\\\/wp-content\\\/uploads\\\/2021\\\/08\\\/estrellasamarillasruta5familiasavalogomez2021-1.jpeg\",\"keywords\":[\"estrellas\"],\"articleSection\":[\"A - PORTADA2\",\"SOCIEDAD\"],\"inLanguage\":\"es\"},{\"@type\":\"WebPage\",\"@id\":\"https:\\\/\\\/diariotextual.com\\\/inicio\\\/index.php\\\/2021\\\/08\\\/16\\\/dos-nuevas-estrellas-en-la-ruta-5-en-recuerdo-de-olivia-y-la-familia-gomez-avalos\\\/\",\"url\":\"https:\\\/\\\/diariotextual.com\\\/inicio\\\/index.php\\\/2021\\\/08\\\/16\\\/dos-nuevas-estrellas-en-la-ruta-5-en-recuerdo-de-olivia-y-la-familia-gomez-avalos\\\/\",\"name\":\"Dos nuevas estrellas en la ruta 5, en recuerdo de Olivia y de la familia G\u00f3mez \u2013 \u00c1valos - Diario Textual\",\"isPartOf\":{\"@id\":\"https:\\\/\\\/diariotextual.com\\\/inicio\\\/#website\"},\"primaryImageOfPage\":{\"@id\":\"https:\\\/\\\/diariotextual.com\\\/inicio\\\/index.php\\\/2021\\\/08\\\/16\\\/dos-nuevas-estrellas-en-la-ruta-5-en-recuerdo-de-olivia-y-la-familia-gomez-avalos\\\/#primaryimage\"},\"image\":{\"@id\":\"https:\\\/\\\/diariotextual.com\\\/inicio\\\/index.php\\\/2021\\\/08\\\/16\\\/dos-nuevas-estrellas-en-la-ruta-5-en-recuerdo-de-olivia-y-la-familia-gomez-avalos\\\/#primaryimage\"},\"thumbnailUrl\":\"https:\\\/\\\/diariotextual.com\\\/inicio\\\/wp-content\\\/uploads\\\/2021\\\/08\\\/estrellasamarillasruta5familiasavalogomez2021-1.jpeg\",\"datePublished\":\"2021-08-16T17:00:58+00:00\",\"dateModified\":\"2021-08-16T23:18:33+00:00\",\"breadcrumb\":{\"@id\":\"https:\\\/\\\/diariotextual.com\\\/inicio\\\/index.php\\\/2021\\\/08\\\/16\\\/dos-nuevas-estrellas-en-la-ruta-5-en-recuerdo-de-olivia-y-la-familia-gomez-avalos\\\/#breadcrumb\"},\"inLanguage\":\"es\",\"potentialAction\":[{\"@type\":\"ReadAction\",\"target\":[\"https:\\\/\\\/diariotextual.com\\\/inicio\\\/index.php\\\/2021\\\/08\\\/16\\\/dos-nuevas-estrellas-en-la-ruta-5-en-recuerdo-de-olivia-y-la-familia-gomez-avalos\\\/\"]}]},{\"@type\":\"ImageObject\",\"inLanguage\":\"es\",\"@id\":\"https:\\\/\\\/diariotextual.com\\\/inicio\\\/index.php\\\/2021\\\/08\\\/16\\\/dos-nuevas-estrellas-en-la-ruta-5-en-recuerdo-de-olivia-y-la-familia-gomez-avalos\\\/#primaryimage\",\"url\":\"https:\\\/\\\/diariotextual.com\\\/inicio\\\/wp-content\\\/uploads\\\/2021\\\/08\\\/estrellasamarillasruta5familiasavalogomez2021-1.jpeg\",\"contentUrl\":\"https:\\\/\\\/diariotextual.com\\\/inicio\\\/wp-content\\\/uploads\\\/2021\\\/08\\\/estrellasamarillasruta5familiasavalogomez2021-1.jpeg\",\"width\":686,\"height\":455},{\"@type\":\"BreadcrumbList\",\"@id\":\"https:\\\/\\\/diariotextual.com\\\/inicio\\\/index.php\\\/2021\\\/08\\\/16\\\/dos-nuevas-estrellas-en-la-ruta-5-en-recuerdo-de-olivia-y-la-familia-gomez-avalos\\\/#breadcrumb\",\"itemListElement\":[{\"@type\":\"ListItem\",\"position\":1,\"name\":\"Portada\",\"item\":\"https:\\\/\\\/diariotextual.com\\\/inicio\\\/\"},{\"@type\":\"ListItem\",\"position\":2,\"name\":\"Dos nuevas estrellas en la ruta 5, en recuerdo de Olivia y de la familia G\u00f3mez \u2013 \u00c1valos\"}]},{\"@type\":\"WebSite\",\"@id\":\"https:\\\/\\\/diariotextual.com\\\/inicio\\\/#website\",\"url\":\"https:\\\/\\\/diariotextual.com\\\/inicio\\\/\",\"name\":\"Diario Textual\",\"description\":\"\",\"publisher\":{\"@id\":\"https:\\\/\\\/diariotextual.com\\\/inicio\\\/#organization\"},\"potentialAction\":[{\"@type\":\"SearchAction\",\"target\":{\"@type\":\"EntryPoint\",\"urlTemplate\":\"https:\\\/\\\/diariotextual.com\\\/inicio\\\/?s={search_term_string}\"},\"query-input\":{\"@type\":\"PropertyValueSpecification\",\"valueRequired\":true,\"valueName\":\"search_term_string\"}}],\"inLanguage\":\"es\"},{\"@type\":\"Organization\",\"@id\":\"https:\\\/\\\/diariotextual.com\\\/inicio\\\/#organization\",\"name\":\"Diario Textual\",\"url\":\"https:\\\/\\\/diariotextual.com\\\/inicio\\\/\",\"logo\":{\"@type\":\"ImageObject\",\"inLanguage\":\"es\",\"@id\":\"https:\\\/\\\/diariotextual.com\\\/inicio\\\/#\\\/schema\\\/logo\\\/image\\\/\",\"url\":\"https:\\\/\\\/diariotextual.com\\\/inicio\\\/wp-content\\\/uploads\\\/2023\\\/05\\\/logotextual1.jpg\",\"contentUrl\":\"https:\\\/\\\/diariotextual.com\\\/inicio\\\/wp-content\\\/uploads\\\/2023\\\/05\\\/logotextual1.jpg\",\"width\":516,\"height\":76,\"caption\":\"Diario Textual\"},\"image\":{\"@id\":\"https:\\\/\\\/diariotextual.com\\\/inicio\\\/#\\\/schema\\\/logo\\\/image\\\/\"},\"sameAs\":[\"https:\\\/\\\/www.facebook.com\\\/eltextual\",\"https:\\\/\\\/x.com\\\/eltextual\",\"http:\\\/\\\/www.instagram.com\\\/eltextual\"]},{\"@type\":\"Person\",\"@id\":\"https:\\\/\\\/diariotextual.com\\\/inicio\\\/#\\\/schema\\\/person\\\/418fc4093c33e86ed41562db3508f958\",\"name\":\"Diario1 Diario1\",\"image\":{\"@type\":\"ImageObject\",\"inLanguage\":\"es\",\"@id\":\"https:\\\/\\\/secure.gravatar.com\\\/avatar\\\/9167d280179c85bc18be67aa7eda765854300033af4896dd779b608640f2ef7a?s=96&d=mm&r=g\",\"url\":\"https:\\\/\\\/secure.gravatar.com\\\/avatar\\\/9167d280179c85bc18be67aa7eda765854300033af4896dd779b608640f2ef7a?s=96&d=mm&r=g\",\"contentUrl\":\"https:\\\/\\\/secure.gravatar.com\\\/avatar\\\/9167d280179c85bc18be67aa7eda765854300033af4896dd779b608640f2ef7a?s=96&d=mm&r=g\",\"caption\":\"Diario1 Diario1\"},\"url\":\"https:\\\/\\\/diariotextual.com\\\/inicio\\\/index.php\\\/author\\\/diario1\\\/\"}]}<\/script>\n<!-- \/ Yoast SEO plugin. -->","yoast_head_json":{"title":"Dos nuevas estrellas en la ruta 5, en recuerdo de Olivia y de la familia G\u00f3mez \u2013 \u00c1valos - Diario Textual","robots":{"index":"index","follow":"follow","max-snippet":"max-snippet:-1","max-image-preview":"max-image-preview:large","max-video-preview":"max-video-preview:-1"},"canonical":"https:\/\/diariotextual.com\/inicio\/index.php\/2021\/08\/16\/dos-nuevas-estrellas-en-la-ruta-5-en-recuerdo-de-olivia-y-la-familia-gomez-avalos\/","og_locale":"es_ES","og_type":"article","og_title":"Dos nuevas estrellas en la ruta 5, en recuerdo de Olivia y de la familia G\u00f3mez \u2013 \u00c1valos - Diario Textual","og_description":"La Fundaci\u00f3n Estrellas Amarillas, con motivo de la conmemoraci\u00f3n del D\u00eda del Compromiso Federal por la Seguridad Vial, coloc\u00f3 dos nuevas estrellas amarillas en la ruta nacional 5, que recuerda&hellip;","og_url":"https:\/\/diariotextual.com\/inicio\/index.php\/2021\/08\/16\/dos-nuevas-estrellas-en-la-ruta-5-en-recuerdo-de-olivia-y-la-familia-gomez-avalos\/","og_site_name":"Diario Textual","article_publisher":"https:\/\/www.facebook.com\/eltextual","article_published_time":"2021-08-16T17:00:58+00:00","article_modified_time":"2021-08-16T23:18:33+00:00","og_image":[{"width":686,"height":455,"url":"https:\/\/diariotextual.com\/inicio\/wp-content\/uploads\/2021\/08\/estrellasamarillasruta5familiasavalogomez2021-1.jpeg","type":"image\/jpeg"}],"author":"Diario1 Diario1","twitter_card":"summary_large_image","twitter_creator":"@eltextual","twitter_site":"@eltextual","twitter_misc":{"Escrito por":"Diario1 Diario1","Tiempo de lectura":"3 minutos"},"schema":{"@context":"https:\/\/schema.org","@graph":[{"@type":"Article","@id":"https:\/\/diariotextual.com\/inicio\/index.php\/2021\/08\/16\/dos-nuevas-estrellas-en-la-ruta-5-en-recuerdo-de-olivia-y-la-familia-gomez-avalos\/#article","isPartOf":{"@id":"https:\/\/diariotextual.com\/inicio\/index.php\/2021\/08\/16\/dos-nuevas-estrellas-en-la-ruta-5-en-recuerdo-de-olivia-y-la-familia-gomez-avalos\/"},"author":{"name":"Diario1 Diario1","@id":"https:\/\/diariotextual.com\/inicio\/#\/schema\/person\/418fc4093c33e86ed41562db3508f958"},"headline":"Dos nuevas estrellas en la ruta 5, en recuerdo de Olivia y de la familia G\u00f3mez \u2013 \u00c1valos","datePublished":"2021-08-16T17:00:58+00:00","dateModified":"2021-08-16T23:18:33+00:00","mainEntityOfPage":{"@id":"https:\/\/diariotextual.com\/inicio\/index.php\/2021\/08\/16\/dos-nuevas-estrellas-en-la-ruta-5-en-recuerdo-de-olivia-y-la-familia-gomez-avalos\/"},"wordCount":595,"publisher":{"@id":"https:\/\/diariotextual.com\/inicio\/#organization"},"image":{"@id":"https:\/\/diariotextual.com\/inicio\/index.php\/2021\/08\/16\/dos-nuevas-estrellas-en-la-ruta-5-en-recuerdo-de-olivia-y-la-familia-gomez-avalos\/#primaryimage"},"thumbnailUrl":"https:\/\/diariotextual.com\/inicio\/wp-content\/uploads\/2021\/08\/estrellasamarillasruta5familiasavalogomez2021-1.jpeg","keywords":["estrellas"],"articleSection":["A - PORTADA2","SOCIEDAD"],"inLanguage":"es"},{"@type":"WebPage","@id":"https:\/\/diariotextual.com\/inicio\/index.php\/2021\/08\/16\/dos-nuevas-estrellas-en-la-ruta-5-en-recuerdo-de-olivia-y-la-familia-gomez-avalos\/","url":"https:\/\/diariotextual.com\/inicio\/index.php\/2021\/08\/16\/dos-nuevas-estrellas-en-la-ruta-5-en-recuerdo-de-olivia-y-la-familia-gomez-avalos\/","name":"Dos nuevas estrellas en la ruta 5, en recuerdo de Olivia y de la familia G\u00f3mez \u2013 \u00c1valos - Diario Textual","isPartOf":{"@id":"https:\/\/diariotextual.com\/inicio\/#website"},"primaryImageOfPage":{"@id":"https:\/\/diariotextual.com\/inicio\/index.php\/2021\/08\/16\/dos-nuevas-estrellas-en-la-ruta-5-en-recuerdo-de-olivia-y-la-familia-gomez-avalos\/#primaryimage"},"image":{"@id":"https:\/\/diariotextual.com\/inicio\/index.php\/2021\/08\/16\/dos-nuevas-estrellas-en-la-ruta-5-en-recuerdo-de-olivia-y-la-familia-gomez-avalos\/#primaryimage"},"thumbnailUrl":"https:\/\/diariotextual.com\/inicio\/wp-content\/uploads\/2021\/08\/estrellasamarillasruta5familiasavalogomez2021-1.jpeg","datePublished":"2021-08-16T17:00:58+00:00","dateModified":"2021-08-16T23:18:33+00:00","breadcrumb":{"@id":"https:\/\/diariotextual.com\/inicio\/index.php\/2021\/08\/16\/dos-nuevas-estrellas-en-la-ruta-5-en-recuerdo-de-olivia-y-la-familia-gomez-avalos\/#breadcrumb"},"inLanguage":"es","potentialAction":[{"@type":"ReadAction","target":["https:\/\/diariotextual.com\/inicio\/index.php\/2021\/08\/16\/dos-nuevas-estrellas-en-la-ruta-5-en-recuerdo-de-olivia-y-la-familia-gomez-avalos\/"]}]},{"@type":"ImageObject","inLanguage":"es","@id":"https:\/\/diariotextual.com\/inicio\/index.php\/2021\/08\/16\/dos-nuevas-estrellas-en-la-ruta-5-en-recuerdo-de-olivia-y-la-familia-gomez-avalos\/#primaryimage","url":"https:\/\/diariotextual.com\/inicio\/wp-content\/uploads\/2021\/08\/estrellasamarillasruta5familiasavalogomez2021-1.jpeg","contentUrl":"https:\/\/diariotextual.com\/inicio\/wp-content\/uploads\/2021\/08\/estrellasamarillasruta5familiasavalogomez2021-1.jpeg","width":686,"height":455},{"@type":"BreadcrumbList","@id":"https:\/\/diariotextual.com\/inicio\/index.php\/2021\/08\/16\/dos-nuevas-estrellas-en-la-ruta-5-en-recuerdo-de-olivia-y-la-familia-gomez-avalos\/#breadcrumb","itemListElement":[{"@type":"ListItem","position":1,"name":"Portada","item":"https:\/\/diariotextual.com\/inicio\/"},{"@type":"ListItem","position":2,"name":"Dos nuevas estrellas en la ruta 5, en recuerdo de Olivia y de la familia G\u00f3mez \u2013 \u00c1valos"}]},{"@type":"WebSite","@id":"https:\/\/diariotextual.com\/inicio\/#website","url":"https:\/\/diariotextual.com\/inicio\/","name":"Diario Textual","description":"","publisher":{"@id":"https:\/\/diariotextual.com\/inicio\/#organization"},"potentialAction":[{"@type":"SearchAction","target":{"@type":"EntryPoint","urlTemplate":"https:\/\/diariotextual.com\/inicio\/?s={search_term_string}"},"query-input":{"@type":"PropertyValueSpecification","valueRequired":true,"valueName":"search_term_string"}}],"inLanguage":"es"},{"@type":"Organization","@id":"https:\/\/diariotextual.com\/inicio\/#organization","name":"Diario Textual","url":"https:\/\/diariotextual.com\/inicio\/","logo":{"@type":"ImageObject","inLanguage":"es","@id":"https:\/\/diariotextual.com\/inicio\/#\/schema\/logo\/image\/","url":"https:\/\/diariotextual.com\/inicio\/wp-content\/uploads\/2023\/05\/logotextual1.jpg","contentUrl":"https:\/\/diariotextual.com\/inicio\/wp-content\/uploads\/2023\/05\/logotextual1.jpg","width":516,"height":76,"caption":"Diario Textual"},"image":{"@id":"https:\/\/diariotextual.com\/inicio\/#\/schema\/logo\/image\/"},"sameAs":["https:\/\/www.facebook.com\/eltextual","https:\/\/x.com\/eltextual","http:\/\/www.instagram.com\/eltextual"]},{"@type":"Person","@id":"https:\/\/diariotextual.com\/inicio\/#\/schema\/person\/418fc4093c33e86ed41562db3508f958","name":"Diario1 Diario1","image":{"@type":"ImageObject","inLanguage":"es","@id":"https:\/\/secure.gravatar.com\/avatar\/9167d280179c85bc18be67aa7eda765854300033af4896dd779b608640f2ef7a?s=96&d=mm&r=g","url":"https:\/\/secure.gravatar.com\/avatar\/9167d280179c85bc18be67aa7eda765854300033af4896dd779b608640f2ef7a?s=96&d=mm&r=g","contentUrl":"https:\/\/secure.gravatar.com\/avatar\/9167d280179c85bc18be67aa7eda765854300033af4896dd779b608640f2ef7a?s=96&d=mm&r=g","caption":"Diario1 Diario1"},"url":"https:\/\/diariotextual.com\/inicio\/index.php\/author\/diario1\/"}]}},"_links":{"self":[{"href":"https:\/\/diariotextual.com\/inicio\/index.php\/wp-json\/wp\/v2\/posts\/158048","targetHints":{"allow":["GET"]}}],"collection":[{"href":"https:\/\/diariotextual.com\/inicio\/index.php\/wp-json\/wp\/v2\/posts"}],"about":[{"href":"https:\/\/diariotextual.com\/inicio\/index.php\/wp-json\/wp\/v2\/types\/post"}],"author":[{"embeddable":true,"href":"https:\/\/diariotextual.com\/inicio\/index.php\/wp-json\/wp\/v2\/users\/3"}],"replies":[{"embeddable":true,"href":"https:\/\/diariotextual.com\/inicio\/index.php\/wp-json\/wp\/v2\/comments?post=158048"}],"version-history":[{"count":5,"href":"https:\/\/diariotextual.com\/inicio\/index.php\/wp-json\/wp\/v2\/posts\/158048\/revisions"}],"predecessor-version":[{"id":158058,"href":"https:\/\/diariotextual.com\/inicio\/index.php\/wp-json\/wp\/v2\/posts\/158048\/revisions\/158058"}],"wp:featuredmedia":[{"embeddable":true,"href":"https:\/\/diariotextual.com\/inicio\/index.php\/wp-json\/wp\/v2\/media\/158052"}],"wp:attachment":[{"href":"https:\/\/diariotextual.com\/inicio\/index.php\/wp-json\/wp\/v2\/media?parent=158048"}],"wp:term":[{"taxonomy":"category","embeddable":true,"href":"https:\/\/diariotextual.com\/inicio\/index.php\/wp-json\/wp\/v2\/categories?post=158048"},{"taxonomy":"post_tag","embeddable":true,"href":"https:\/\/diariotextual.com\/inicio\/index.php\/wp-json\/wp\/v2\/tags?post=158048"}],"curies":[{"name":"wp","href":"https:\/\/api.w.org\/{rel}","templated":true}]}}