{"id":158075,"date":"2021-08-17T12:28:06","date_gmt":"2021-08-17T15:28:06","guid":{"rendered":"https:\/\/diariotextual.com\/inicio\/?p=158075"},"modified":"2021-08-17T17:59:24","modified_gmt":"2021-08-17T20:59:24","slug":"di-napoli-lanza-el-plan-qunita-para-santa-rosa","status":"publish","type":"post","link":"https:\/\/diariotextual.com\/inicio\/index.php\/2021\/08\/17\/di-napoli-lanza-el-plan-qunita-para-santa-rosa\/","title":{"rendered":"Lanzaron en Santa Rosa el plan \u201cAcunar\u201d"},"content":{"rendered":"\n<p>El intendente de Santa Rosa, <strong>Luciano di N\u00e1poli<\/strong>, lanz\u00f3 este martes el <strong>plan<\/strong> <strong>\u201cAcunar\u201d<\/strong>, una adaptaci\u00f3n al plan Qunita nacional, de <strong>acompa\u00f1amiento a las mujeres embarazadas<\/strong> en su per\u00edodo de gestaci\u00f3n. <\/p>\n\n\n\n<p>El acto se hizo en la Isla de los Ni\u00f1os, en el predio de la laguna Don Tom\u00e1s, en compa\u00f1\u00eda de los ministros de Desarrollo Social y de Gobierno, Diego Alvarez y Pablo Bensus\u00e1n, respectivamente.<\/p>\n\n\n\n<p>El encargado de presentar el plan fue el secretario de Desarrollo Social de Santa Rosa, Marcos Alvarez Etcheveste. El programa forma parte del programa Sumar de la Anses y est\u00e1 orientado a titulares de la Asignaci\u00f3n Universal por Embarazo (AUE) o prestaciones sociales, a quienes se les realizar\u00e1 un seguimiento m\u00e9dico.<\/p>\n\n\n\n<figure class=\"wp-block-image size-large\"><img fetchpriority=\"high\" decoding=\"async\" width=\"1024\" height=\"653\" src=\"https:\/\/diariotextual.com\/inicio\/wp-content\/uploads\/2021\/08\/acunarplan-11-1024x653.jpg\" alt=\"\" class=\"wp-image-158114\" srcset=\"https:\/\/diariotextual.com\/inicio\/wp-content\/uploads\/2021\/08\/acunarplan-11-1024x653.jpg 1024w, https:\/\/diariotextual.com\/inicio\/wp-content\/uploads\/2021\/08\/acunarplan-11-300x191.jpg 300w, https:\/\/diariotextual.com\/inicio\/wp-content\/uploads\/2021\/08\/acunarplan-11-768x490.jpg 768w, https:\/\/diariotextual.com\/inicio\/wp-content\/uploads\/2021\/08\/acunarplan-11-1536x979.jpg 1536w, https:\/\/diariotextual.com\/inicio\/wp-content\/uploads\/2021\/08\/acunarplan-11-1170x746.jpg 1170w, https:\/\/diariotextual.com\/inicio\/wp-content\/uploads\/2021\/08\/acunarplan-11-585x373.jpg 585w, https:\/\/diariotextual.com\/inicio\/wp-content\/uploads\/2021\/08\/acunarplan-11.jpg 1600w\" sizes=\"(max-width: 1024px) 100vw, 1024px\" \/><\/figure>\n\n\n\n<p>El plan est\u00e1 incluye la provisi\u00f3n de elementos adquiridos en comercios de Santa Rosa. Los kits est\u00e1n compuestos por un bolso materno, un cambiador, un set de babitas, mantas, un toall\u00f3n capucha, algod\u00f3n, \u00f3leo calc\u00e1reo, pa\u00f1ales, set de mamaderas, babero, term\u00f3metro, cuna, colch\u00f3n y s\u00e1banas para cuna y el primer ajuar (batas, gorro, body y medias).<\/p>\n\n\n\n<p>\u201cLa Santa Rosa que queremos es con igualdad de oportunidades, m\u00e1s justicia social y m\u00e1s derechos para madres embarazadas y sus hijos e hijas\u201d, sostuvo el intendente Luciano Di N\u00e1poli.<\/p>\n\n\n\n<p>\u201cEste programa es una iniciativa municipal que da muestras de la importancia de un Estado presente que promocione y ampl\u00ede derechos. Acunar ya est\u00e1 en marcha y a partir de hoy las madres santarrose\u00f1as que lo necesiten podr\u00e1n acercarse a la Secretar\u00eda de Desarrollo Social del municipio para efectuar su entrega\u201d, dijo. <\/p>\n\n\n\n<p>\u201cVaya tambi\u00e9n un homenaje al compa\u00f1ero Tiago Ares, creador del programa &#8216;Qunita&#8217;, fuente de inspiraci\u00f3n de nuestro proyecto, y por supuesto a la enorme Cristina quien en su presidencia hizo posible que esta sea una pol\u00edtica universal en toda nuestra patria. Somos un Estado presente y din\u00e1mico que trabaja d\u00eda a d\u00eda para mejorar la calidad de vida nuestros vecinos y vecinas\u201d, cerr\u00f3 el jefe comunal.<\/p>\n","protected":false},"excerpt":{"rendered":"<p>El intendente de Santa Rosa, Luciano di N\u00e1poli, lanz\u00f3 este martes el plan \u201cAcunar\u201d, una adaptaci\u00f3n al plan Qunita nacional, de acompa\u00f1amiento a las mujeres embarazadas en su per\u00edodo de&hellip;<\/p>\n","protected":false},"author":4,"featured_media":158113,"comment_status":"closed","ping_status":"open","sticky":false,"template":"","format":"standard","meta":{"_acf_changed":false,"footnotes":""},"categories":[10,12],"tags":[5938,5937,5723],"class_list":["post-158075","post","type-post","status-publish","format-standard","has-post-thumbnail","hentry","category-portada-2","category-sociedad","tag-acunar","tag-plan-qunita","tag-qunita"],"acf":[],"yoast_head":"<!-- This site is optimized with the Yoast SEO plugin v27.5 - https:\/\/yoast.com\/product\/yoast-seo-wordpress\/ -->\n<title>Lanzaron en Santa Rosa el plan \u201cAcunar\u201d - Diario Textual<\/title>\n<meta name=\"robots\" content=\"index, follow, max-snippet:-1, max-image-preview:large, max-video-preview:-1\" \/>\n<link rel=\"canonical\" href=\"https:\/\/diariotextual.com\/inicio\/index.php\/2021\/08\/17\/di-napoli-lanza-el-plan-qunita-para-santa-rosa\/\" \/>\n<meta property=\"og:locale\" content=\"es_ES\" \/>\n<meta property=\"og:type\" content=\"article\" \/>\n<meta property=\"og:title\" content=\"Lanzaron en Santa Rosa el plan \u201cAcunar\u201d - Diario Textual\" \/>\n<meta property=\"og:description\" content=\"El intendente de Santa Rosa, Luciano di N\u00e1poli, lanz\u00f3 este martes el plan \u201cAcunar\u201d, una adaptaci\u00f3n al plan Qunita nacional, de acompa\u00f1amiento a las mujeres embarazadas en su per\u00edodo de&hellip;\" \/>\n<meta property=\"og:url\" content=\"https:\/\/diariotextual.com\/inicio\/index.php\/2021\/08\/17\/di-napoli-lanza-el-plan-qunita-para-santa-rosa\/\" \/>\n<meta property=\"og:site_name\" content=\"Diario Textual\" \/>\n<meta property=\"article:publisher\" content=\"https:\/\/www.facebook.com\/eltextual\" \/>\n<meta property=\"article:published_time\" content=\"2021-08-17T15:28:06+00:00\" \/>\n<meta property=\"article:modified_time\" content=\"2021-08-17T20:59:24+00:00\" \/>\n<meta property=\"og:image\" content=\"https:\/\/diariotextual.com\/inicio\/wp-content\/uploads\/2021\/08\/acunarplan.jpg\" \/>\n\t<meta property=\"og:image:width\" content=\"1599\" \/>\n\t<meta property=\"og:image:height\" content=\"1087\" \/>\n\t<meta property=\"og:image:type\" content=\"image\/jpeg\" \/>\n<meta name=\"author\" content=\"diario2\" \/>\n<meta name=\"twitter:card\" content=\"summary_large_image\" \/>\n<meta name=\"twitter:creator\" content=\"@eltextual\" \/>\n<meta name=\"twitter:site\" content=\"@eltextual\" \/>\n<meta name=\"twitter:label1\" content=\"Escrito por\" \/>\n\t<meta name=\"twitter:data1\" content=\"diario2\" \/>\n\t<meta name=\"twitter:label2\" content=\"Tiempo de lectura\" \/>\n\t<meta name=\"twitter:data2\" content=\"2 minutos\" \/>\n<script type=\"application\/ld+json\" class=\"yoast-schema-graph\">{\"@context\":\"https:\\\/\\\/schema.org\",\"@graph\":[{\"@type\":\"Article\",\"@id\":\"https:\\\/\\\/diariotextual.com\\\/inicio\\\/index.php\\\/2021\\\/08\\\/17\\\/di-napoli-lanza-el-plan-qunita-para-santa-rosa\\\/#article\",\"isPartOf\":{\"@id\":\"https:\\\/\\\/diariotextual.com\\\/inicio\\\/index.php\\\/2021\\\/08\\\/17\\\/di-napoli-lanza-el-plan-qunita-para-santa-rosa\\\/\"},\"author\":{\"name\":\"diario2\",\"@id\":\"https:\\\/\\\/diariotextual.com\\\/inicio\\\/#\\\/schema\\\/person\\\/694f60677f23c4a530867a98f22b3768\"},\"headline\":\"Lanzaron en Santa Rosa el plan \u201cAcunar\u201d\",\"datePublished\":\"2021-08-17T15:28:06+00:00\",\"dateModified\":\"2021-08-17T20:59:24+00:00\",\"mainEntityOfPage\":{\"@id\":\"https:\\\/\\\/diariotextual.com\\\/inicio\\\/index.php\\\/2021\\\/08\\\/17\\\/di-napoli-lanza-el-plan-qunita-para-santa-rosa\\\/\"},\"wordCount\":362,\"publisher\":{\"@id\":\"https:\\\/\\\/diariotextual.com\\\/inicio\\\/#organization\"},\"image\":{\"@id\":\"https:\\\/\\\/diariotextual.com\\\/inicio\\\/index.php\\\/2021\\\/08\\\/17\\\/di-napoli-lanza-el-plan-qunita-para-santa-rosa\\\/#primaryimage\"},\"thumbnailUrl\":\"https:\\\/\\\/diariotextual.com\\\/inicio\\\/wp-content\\\/uploads\\\/2021\\\/08\\\/acunarplan.jpg\",\"keywords\":[\"acunar\",\"plan qunita\",\"qunita\"],\"articleSection\":[\"A - PORTADA2\",\"SOCIEDAD\"],\"inLanguage\":\"es\"},{\"@type\":\"WebPage\",\"@id\":\"https:\\\/\\\/diariotextual.com\\\/inicio\\\/index.php\\\/2021\\\/08\\\/17\\\/di-napoli-lanza-el-plan-qunita-para-santa-rosa\\\/\",\"url\":\"https:\\\/\\\/diariotextual.com\\\/inicio\\\/index.php\\\/2021\\\/08\\\/17\\\/di-napoli-lanza-el-plan-qunita-para-santa-rosa\\\/\",\"name\":\"Lanzaron en Santa Rosa el plan \u201cAcunar\u201d - Diario Textual\",\"isPartOf\":{\"@id\":\"https:\\\/\\\/diariotextual.com\\\/inicio\\\/#website\"},\"primaryImageOfPage\":{\"@id\":\"https:\\\/\\\/diariotextual.com\\\/inicio\\\/index.php\\\/2021\\\/08\\\/17\\\/di-napoli-lanza-el-plan-qunita-para-santa-rosa\\\/#primaryimage\"},\"image\":{\"@id\":\"https:\\\/\\\/diariotextual.com\\\/inicio\\\/index.php\\\/2021\\\/08\\\/17\\\/di-napoli-lanza-el-plan-qunita-para-santa-rosa\\\/#primaryimage\"},\"thumbnailUrl\":\"https:\\\/\\\/diariotextual.com\\\/inicio\\\/wp-content\\\/uploads\\\/2021\\\/08\\\/acunarplan.jpg\",\"datePublished\":\"2021-08-17T15:28:06+00:00\",\"dateModified\":\"2021-08-17T20:59:24+00:00\",\"breadcrumb\":{\"@id\":\"https:\\\/\\\/diariotextual.com\\\/inicio\\\/index.php\\\/2021\\\/08\\\/17\\\/di-napoli-lanza-el-plan-qunita-para-santa-rosa\\\/#breadcrumb\"},\"inLanguage\":\"es\",\"potentialAction\":[{\"@type\":\"ReadAction\",\"target\":[\"https:\\\/\\\/diariotextual.com\\\/inicio\\\/index.php\\\/2021\\\/08\\\/17\\\/di-napoli-lanza-el-plan-qunita-para-santa-rosa\\\/\"]}]},{\"@type\":\"ImageObject\",\"inLanguage\":\"es\",\"@id\":\"https:\\\/\\\/diariotextual.com\\\/inicio\\\/index.php\\\/2021\\\/08\\\/17\\\/di-napoli-lanza-el-plan-qunita-para-santa-rosa\\\/#primaryimage\",\"url\":\"https:\\\/\\\/diariotextual.com\\\/inicio\\\/wp-content\\\/uploads\\\/2021\\\/08\\\/acunarplan.jpg\",\"contentUrl\":\"https:\\\/\\\/diariotextual.com\\\/inicio\\\/wp-content\\\/uploads\\\/2021\\\/08\\\/acunarplan.jpg\",\"width\":1599,\"height\":1087},{\"@type\":\"BreadcrumbList\",\"@id\":\"https:\\\/\\\/diariotextual.com\\\/inicio\\\/index.php\\\/2021\\\/08\\\/17\\\/di-napoli-lanza-el-plan-qunita-para-santa-rosa\\\/#breadcrumb\",\"itemListElement\":[{\"@type\":\"ListItem\",\"position\":1,\"name\":\"Portada\",\"item\":\"https:\\\/\\\/diariotextual.com\\\/inicio\\\/\"},{\"@type\":\"ListItem\",\"position\":2,\"name\":\"Lanzaron en Santa Rosa el plan \u201cAcunar\u201d\"}]},{\"@type\":\"WebSite\",\"@id\":\"https:\\\/\\\/diariotextual.com\\\/inicio\\\/#website\",\"url\":\"https:\\\/\\\/diariotextual.com\\\/inicio\\\/\",\"name\":\"Diario Textual\",\"description\":\"\",\"publisher\":{\"@id\":\"https:\\\/\\\/diariotextual.com\\\/inicio\\\/#organization\"},\"potentialAction\":[{\"@type\":\"SearchAction\",\"target\":{\"@type\":\"EntryPoint\",\"urlTemplate\":\"https:\\\/\\\/diariotextual.com\\\/inicio\\\/?s={search_term_string}\"},\"query-input\":{\"@type\":\"PropertyValueSpecification\",\"valueRequired\":true,\"valueName\":\"search_term_string\"}}],\"inLanguage\":\"es\"},{\"@type\":\"Organization\",\"@id\":\"https:\\\/\\\/diariotextual.com\\\/inicio\\\/#organization\",\"name\":\"Diario Textual\",\"url\":\"https:\\\/\\\/diariotextual.com\\\/inicio\\\/\",\"logo\":{\"@type\":\"ImageObject\",\"inLanguage\":\"es\",\"@id\":\"https:\\\/\\\/diariotextual.com\\\/inicio\\\/#\\\/schema\\\/logo\\\/image\\\/\",\"url\":\"https:\\\/\\\/diariotextual.com\\\/inicio\\\/wp-content\\\/uploads\\\/2023\\\/05\\\/logotextual1.jpg\",\"contentUrl\":\"https:\\\/\\\/diariotextual.com\\\/inicio\\\/wp-content\\\/uploads\\\/2023\\\/05\\\/logotextual1.jpg\",\"width\":516,\"height\":76,\"caption\":\"Diario Textual\"},\"image\":{\"@id\":\"https:\\\/\\\/diariotextual.com\\\/inicio\\\/#\\\/schema\\\/logo\\\/image\\\/\"},\"sameAs\":[\"https:\\\/\\\/www.facebook.com\\\/eltextual\",\"https:\\\/\\\/x.com\\\/eltextual\",\"http:\\\/\\\/www.instagram.com\\\/eltextual\"]},{\"@type\":\"Person\",\"@id\":\"https:\\\/\\\/diariotextual.com\\\/inicio\\\/#\\\/schema\\\/person\\\/694f60677f23c4a530867a98f22b3768\",\"name\":\"diario2\",\"image\":{\"@type\":\"ImageObject\",\"inLanguage\":\"es\",\"@id\":\"https:\\\/\\\/secure.gravatar.com\\\/avatar\\\/5a2567495ba16b852fcd8f1ed006a2e24fcace936018ed8237e95f488ad6e0a7?s=96&d=mm&r=g\",\"url\":\"https:\\\/\\\/secure.gravatar.com\\\/avatar\\\/5a2567495ba16b852fcd8f1ed006a2e24fcace936018ed8237e95f488ad6e0a7?s=96&d=mm&r=g\",\"contentUrl\":\"https:\\\/\\\/secure.gravatar.com\\\/avatar\\\/5a2567495ba16b852fcd8f1ed006a2e24fcace936018ed8237e95f488ad6e0a7?s=96&d=mm&r=g\",\"caption\":\"diario2\"},\"url\":\"https:\\\/\\\/diariotextual.com\\\/inicio\\\/index.php\\\/author\\\/diario2\\\/\"}]}<\/script>\n<!-- \/ Yoast SEO plugin. -->","yoast_head_json":{"title":"Lanzaron en Santa Rosa el plan \u201cAcunar\u201d - Diario Textual","robots":{"index":"index","follow":"follow","max-snippet":"max-snippet:-1","max-image-preview":"max-image-preview:large","max-video-preview":"max-video-preview:-1"},"canonical":"https:\/\/diariotextual.com\/inicio\/index.php\/2021\/08\/17\/di-napoli-lanza-el-plan-qunita-para-santa-rosa\/","og_locale":"es_ES","og_type":"article","og_title":"Lanzaron en Santa Rosa el plan \u201cAcunar\u201d - Diario Textual","og_description":"El intendente de Santa Rosa, Luciano di N\u00e1poli, lanz\u00f3 este martes el plan \u201cAcunar\u201d, una adaptaci\u00f3n al plan Qunita nacional, de acompa\u00f1amiento a las mujeres embarazadas en su per\u00edodo de&hellip;","og_url":"https:\/\/diariotextual.com\/inicio\/index.php\/2021\/08\/17\/di-napoli-lanza-el-plan-qunita-para-santa-rosa\/","og_site_name":"Diario Textual","article_publisher":"https:\/\/www.facebook.com\/eltextual","article_published_time":"2021-08-17T15:28:06+00:00","article_modified_time":"2021-08-17T20:59:24+00:00","og_image":[{"width":1599,"height":1087,"url":"https:\/\/diariotextual.com\/inicio\/wp-content\/uploads\/2021\/08\/acunarplan.jpg","type":"image\/jpeg"}],"author":"diario2","twitter_card":"summary_large_image","twitter_creator":"@eltextual","twitter_site":"@eltextual","twitter_misc":{"Escrito por":"diario2","Tiempo de lectura":"2 minutos"},"schema":{"@context":"https:\/\/schema.org","@graph":[{"@type":"Article","@id":"https:\/\/diariotextual.com\/inicio\/index.php\/2021\/08\/17\/di-napoli-lanza-el-plan-qunita-para-santa-rosa\/#article","isPartOf":{"@id":"https:\/\/diariotextual.com\/inicio\/index.php\/2021\/08\/17\/di-napoli-lanza-el-plan-qunita-para-santa-rosa\/"},"author":{"name":"diario2","@id":"https:\/\/diariotextual.com\/inicio\/#\/schema\/person\/694f60677f23c4a530867a98f22b3768"},"headline":"Lanzaron en Santa Rosa el plan \u201cAcunar\u201d","datePublished":"2021-08-17T15:28:06+00:00","dateModified":"2021-08-17T20:59:24+00:00","mainEntityOfPage":{"@id":"https:\/\/diariotextual.com\/inicio\/index.php\/2021\/08\/17\/di-napoli-lanza-el-plan-qunita-para-santa-rosa\/"},"wordCount":362,"publisher":{"@id":"https:\/\/diariotextual.com\/inicio\/#organization"},"image":{"@id":"https:\/\/diariotextual.com\/inicio\/index.php\/2021\/08\/17\/di-napoli-lanza-el-plan-qunita-para-santa-rosa\/#primaryimage"},"thumbnailUrl":"https:\/\/diariotextual.com\/inicio\/wp-content\/uploads\/2021\/08\/acunarplan.jpg","keywords":["acunar","plan qunita","qunita"],"articleSection":["A - PORTADA2","SOCIEDAD"],"inLanguage":"es"},{"@type":"WebPage","@id":"https:\/\/diariotextual.com\/inicio\/index.php\/2021\/08\/17\/di-napoli-lanza-el-plan-qunita-para-santa-rosa\/","url":"https:\/\/diariotextual.com\/inicio\/index.php\/2021\/08\/17\/di-napoli-lanza-el-plan-qunita-para-santa-rosa\/","name":"Lanzaron en Santa Rosa el plan \u201cAcunar\u201d - Diario Textual","isPartOf":{"@id":"https:\/\/diariotextual.com\/inicio\/#website"},"primaryImageOfPage":{"@id":"https:\/\/diariotextual.com\/inicio\/index.php\/2021\/08\/17\/di-napoli-lanza-el-plan-qunita-para-santa-rosa\/#primaryimage"},"image":{"@id":"https:\/\/diariotextual.com\/inicio\/index.php\/2021\/08\/17\/di-napoli-lanza-el-plan-qunita-para-santa-rosa\/#primaryimage"},"thumbnailUrl":"https:\/\/diariotextual.com\/inicio\/wp-content\/uploads\/2021\/08\/acunarplan.jpg","datePublished":"2021-08-17T15:28:06+00:00","dateModified":"2021-08-17T20:59:24+00:00","breadcrumb":{"@id":"https:\/\/diariotextual.com\/inicio\/index.php\/2021\/08\/17\/di-napoli-lanza-el-plan-qunita-para-santa-rosa\/#breadcrumb"},"inLanguage":"es","potentialAction":[{"@type":"ReadAction","target":["https:\/\/diariotextual.com\/inicio\/index.php\/2021\/08\/17\/di-napoli-lanza-el-plan-qunita-para-santa-rosa\/"]}]},{"@type":"ImageObject","inLanguage":"es","@id":"https:\/\/diariotextual.com\/inicio\/index.php\/2021\/08\/17\/di-napoli-lanza-el-plan-qunita-para-santa-rosa\/#primaryimage","url":"https:\/\/diariotextual.com\/inicio\/wp-content\/uploads\/2021\/08\/acunarplan.jpg","contentUrl":"https:\/\/diariotextual.com\/inicio\/wp-content\/uploads\/2021\/08\/acunarplan.jpg","width":1599,"height":1087},{"@type":"BreadcrumbList","@id":"https:\/\/diariotextual.com\/inicio\/index.php\/2021\/08\/17\/di-napoli-lanza-el-plan-qunita-para-santa-rosa\/#breadcrumb","itemListElement":[{"@type":"ListItem","position":1,"name":"Portada","item":"https:\/\/diariotextual.com\/inicio\/"},{"@type":"ListItem","position":2,"name":"Lanzaron en Santa Rosa el plan \u201cAcunar\u201d"}]},{"@type":"WebSite","@id":"https:\/\/diariotextual.com\/inicio\/#website","url":"https:\/\/diariotextual.com\/inicio\/","name":"Diario Textual","description":"","publisher":{"@id":"https:\/\/diariotextual.com\/inicio\/#organization"},"potentialAction":[{"@type":"SearchAction","target":{"@type":"EntryPoint","urlTemplate":"https:\/\/diariotextual.com\/inicio\/?s={search_term_string}"},"query-input":{"@type":"PropertyValueSpecification","valueRequired":true,"valueName":"search_term_string"}}],"inLanguage":"es"},{"@type":"Organization","@id":"https:\/\/diariotextual.com\/inicio\/#organization","name":"Diario Textual","url":"https:\/\/diariotextual.com\/inicio\/","logo":{"@type":"ImageObject","inLanguage":"es","@id":"https:\/\/diariotextual.com\/inicio\/#\/schema\/logo\/image\/","url":"https:\/\/diariotextual.com\/inicio\/wp-content\/uploads\/2023\/05\/logotextual1.jpg","contentUrl":"https:\/\/diariotextual.com\/inicio\/wp-content\/uploads\/2023\/05\/logotextual1.jpg","width":516,"height":76,"caption":"Diario Textual"},"image":{"@id":"https:\/\/diariotextual.com\/inicio\/#\/schema\/logo\/image\/"},"sameAs":["https:\/\/www.facebook.com\/eltextual","https:\/\/x.com\/eltextual","http:\/\/www.instagram.com\/eltextual"]},{"@type":"Person","@id":"https:\/\/diariotextual.com\/inicio\/#\/schema\/person\/694f60677f23c4a530867a98f22b3768","name":"diario2","image":{"@type":"ImageObject","inLanguage":"es","@id":"https:\/\/secure.gravatar.com\/avatar\/5a2567495ba16b852fcd8f1ed006a2e24fcace936018ed8237e95f488ad6e0a7?s=96&d=mm&r=g","url":"https:\/\/secure.gravatar.com\/avatar\/5a2567495ba16b852fcd8f1ed006a2e24fcace936018ed8237e95f488ad6e0a7?s=96&d=mm&r=g","contentUrl":"https:\/\/secure.gravatar.com\/avatar\/5a2567495ba16b852fcd8f1ed006a2e24fcace936018ed8237e95f488ad6e0a7?s=96&d=mm&r=g","caption":"diario2"},"url":"https:\/\/diariotextual.com\/inicio\/index.php\/author\/diario2\/"}]}},"_links":{"self":[{"href":"https:\/\/diariotextual.com\/inicio\/index.php\/wp-json\/wp\/v2\/posts\/158075","targetHints":{"allow":["GET"]}}],"collection":[{"href":"https:\/\/diariotextual.com\/inicio\/index.php\/wp-json\/wp\/v2\/posts"}],"about":[{"href":"https:\/\/diariotextual.com\/inicio\/index.php\/wp-json\/wp\/v2\/types\/post"}],"author":[{"embeddable":true,"href":"https:\/\/diariotextual.com\/inicio\/index.php\/wp-json\/wp\/v2\/users\/4"}],"replies":[{"embeddable":true,"href":"https:\/\/diariotextual.com\/inicio\/index.php\/wp-json\/wp\/v2\/comments?post=158075"}],"version-history":[{"count":9,"href":"https:\/\/diariotextual.com\/inicio\/index.php\/wp-json\/wp\/v2\/posts\/158075\/revisions"}],"predecessor-version":[{"id":158140,"href":"https:\/\/diariotextual.com\/inicio\/index.php\/wp-json\/wp\/v2\/posts\/158075\/revisions\/158140"}],"wp:featuredmedia":[{"embeddable":true,"href":"https:\/\/diariotextual.com\/inicio\/index.php\/wp-json\/wp\/v2\/media\/158113"}],"wp:attachment":[{"href":"https:\/\/diariotextual.com\/inicio\/index.php\/wp-json\/wp\/v2\/media?parent=158075"}],"wp:term":[{"taxonomy":"category","embeddable":true,"href":"https:\/\/diariotextual.com\/inicio\/index.php\/wp-json\/wp\/v2\/categories?post=158075"},{"taxonomy":"post_tag","embeddable":true,"href":"https:\/\/diariotextual.com\/inicio\/index.php\/wp-json\/wp\/v2\/tags?post=158075"}],"curies":[{"name":"wp","href":"https:\/\/api.w.org\/{rel}","templated":true}]}}