{"id":158092,"date":"2021-08-17T09:13:48","date_gmt":"2021-08-17T12:13:48","guid":{"rendered":"https:\/\/diariotextual.com\/inicio\/?p=158092"},"modified":"2021-08-17T14:42:31","modified_gmt":"2021-08-17T17:42:31","slug":"clinicas-y-sanatorios-anuncian-que-no-renovaran-convenio-con-pami","status":"publish","type":"post","link":"https:\/\/diariotextual.com\/inicio\/index.php\/2021\/08\/17\/clinicas-y-sanatorios-anuncian-que-no-renovaran-convenio-con-pami\/","title":{"rendered":"Cl\u00ednicas y sanatorios anuncian que no renovar\u00e1n convenio con PAMI"},"content":{"rendered":"\n<p>La decisi\u00f3n ya est\u00e1 tomada: las <strong>cl\u00ednicas y sanatorios privados de La Pampa<\/strong> anunciar\u00e1n este mi\u00e9rcoles la <strong>no renovaci\u00f3n del convenio con PAMI<\/strong>. \u00bfEl motivo? La falta de respuesta a los pedidos que se realizan desde hace casi un a\u00f1o, aseguraron.<\/p>\n\n\n\n<p>El anuncio se har\u00e1 en una conferencia de prensa en el auditorio del Colegio M\u00e9dico de Santa Rosa, este mi\u00e9rcoles a las 10.30. \u201cEl objetivo de esta convocatoria es brindar informaci\u00f3n sobre la cr\u00edtica situaci\u00f3n en el v\u00ednculo con PAMI. En los pr\u00f3ximos d\u00edas vence la vigencia del convenio y ante la falta de respuesta a los pedidos que se realizan desde hace casi un a\u00f1o, se hace imposible la renovaci\u00f3n\u201c, dijeron las cl\u00ednicas y sanatorios.<\/p>\n\n\n\n<p>Las instituciones privadas de salud revelaron que d\u00edas atr\u00e1s elevaron una nota al organismo nacional ante la falta de respuesta, desde hace m\u00e1s de un a\u00f1o, a pedidos de actualizaci\u00f3n en los valores de las prestaciones y otros factores que hacen imposible sostener la atenci\u00f3n.<\/p>\n\n\n\n<p>\u201cEl reclamo destaca la desactualizaci\u00f3n de valores prestacionales en un promedio del 65%, el incumplimiento de un acta acuerdo firmada en febrero de este a\u00f1o y los aumentos en los costos que deben asumir las cl\u00ednicas y sanatorios. Esto comprende: aumento salarial para trabajadores de sanidad -recientemente firmado del 45% sobre los salarios de junio-, aumentos de honorarios profesionales, medicaci\u00f3n, insumos, energ\u00eda y otros rubros\u201d, precisaron.&nbsp;<\/p>\n\n\n\n<p>\u201cDurante estos \u00faltimos meses, con mucho esfuerzo y compromiso se mantuvieron las atenciones y el correcto funcionamiento de los servicios, pero los altos costos en relaci\u00f3n a los valores que las cl\u00ednicas perciben de parte de PAMI por las prestaciones, hacen imposible sostener la situaci\u00f3n\u201d, agregaron.&nbsp;<\/p>\n\n\n\n<p>La nota presentada el d\u00eda 9 de agosto manifiesta a PAMI la intenci\u00f3n de no renovar el convenio vigente, si el organismo nacional no hace lugar al requerimiento de tratamiento urgente de las demandas. Esta solicitud destaca la gravedad de la situaci\u00f3n, dada la masa de jubilados y pensionados que se ver\u00edan afectados a partir del 30 de septiembre.<\/p>\n\n\n\n<p>\u201cLas cl\u00ednicas y sanatorios valoran tambi\u00e9n el v\u00ednculo con el Gobierno de la Provincia de La Pampa. Las autoridades de Salud de la provincia est\u00e1n al tanto del reclamo ante el ente nacional, entendiendo que es un problema serio que afecta a un importante sector de la comunidad y llegar\u00eda a desencadenar un desequilibrio en la capacidad de atenci\u00f3n de la salud p\u00fablica. Esto afectar\u00eda tambi\u00e9n el sostenimiento de las instituciones de salud, con sus trabajadores, m\u00e9dicos, laboratorios, centros de im\u00e1genes y dem\u00e1s prestadores que dependen de las mismas\u201d, cerraron.<\/p>\n\n\n\n<p><br><\/p>\n","protected":false},"excerpt":{"rendered":"<p>La decisi\u00f3n ya est\u00e1 tomada: las cl\u00ednicas y sanatorios privados de La Pampa anunciar\u00e1n este mi\u00e9rcoles la no renovaci\u00f3n del convenio con PAMI. \u00bfEl motivo? La falta de respuesta a&hellip;<\/p>\n","protected":false},"author":7,"featured_media":8599,"comment_status":"closed","ping_status":"open","sticky":false,"template":"","format":"standard","meta":{"_acf_changed":false,"footnotes":""},"categories":[10,12],"tags":[5940,488],"class_list":["post-158092","post","type-post","status-publish","format-standard","has-post-thumbnail","hentry","category-portada-2","category-sociedad","tag-clinicas-y-sanatorios","tag-pami"],"acf":[],"yoast_head":"<!-- This site is optimized with the Yoast SEO plugin v27.5 - https:\/\/yoast.com\/product\/yoast-seo-wordpress\/ -->\n<title>Cl\u00ednicas y sanatorios anuncian que no renovar\u00e1n convenio con PAMI - Diario Textual<\/title>\n<meta name=\"robots\" content=\"index, follow, max-snippet:-1, max-image-preview:large, max-video-preview:-1\" \/>\n<link rel=\"canonical\" href=\"https:\/\/diariotextual.com\/inicio\/index.php\/2021\/08\/17\/clinicas-y-sanatorios-anuncian-que-no-renovaran-convenio-con-pami\/\" \/>\n<meta property=\"og:locale\" content=\"es_ES\" \/>\n<meta property=\"og:type\" content=\"article\" \/>\n<meta property=\"og:title\" content=\"Cl\u00ednicas y sanatorios anuncian que no renovar\u00e1n convenio con PAMI - Diario Textual\" \/>\n<meta property=\"og:description\" content=\"La decisi\u00f3n ya est\u00e1 tomada: las cl\u00ednicas y sanatorios privados de La Pampa anunciar\u00e1n este mi\u00e9rcoles la no renovaci\u00f3n del convenio con PAMI. \u00bfEl motivo? La falta de respuesta a&hellip;\" \/>\n<meta property=\"og:url\" content=\"https:\/\/diariotextual.com\/inicio\/index.php\/2021\/08\/17\/clinicas-y-sanatorios-anuncian-que-no-renovaran-convenio-con-pami\/\" \/>\n<meta property=\"og:site_name\" content=\"Diario Textual\" \/>\n<meta property=\"article:publisher\" content=\"https:\/\/www.facebook.com\/eltextual\" \/>\n<meta property=\"article:published_time\" content=\"2021-08-17T12:13:48+00:00\" \/>\n<meta property=\"article:modified_time\" content=\"2021-08-17T17:42:31+00:00\" \/>\n<meta property=\"og:image\" content=\"https:\/\/diariotextual.com\/inicio\/wp-content\/uploads\/2018\/05\/pami.jpg\" \/>\n\t<meta property=\"og:image:width\" content=\"1008\" \/>\n\t<meta property=\"og:image:height\" content=\"566\" \/>\n\t<meta property=\"og:image:type\" content=\"image\/jpeg\" \/>\n<meta name=\"author\" content=\"diario5\" \/>\n<meta name=\"twitter:card\" content=\"summary_large_image\" \/>\n<meta name=\"twitter:creator\" content=\"@eltextual\" \/>\n<meta name=\"twitter:site\" content=\"@eltextual\" \/>\n<meta name=\"twitter:label1\" content=\"Escrito por\" \/>\n\t<meta name=\"twitter:data1\" content=\"diario5\" \/>\n\t<meta name=\"twitter:label2\" content=\"Tiempo de lectura\" \/>\n\t<meta name=\"twitter:data2\" content=\"2 minutos\" \/>\n<script type=\"application\/ld+json\" class=\"yoast-schema-graph\">{\"@context\":\"https:\\\/\\\/schema.org\",\"@graph\":[{\"@type\":\"Article\",\"@id\":\"https:\\\/\\\/diariotextual.com\\\/inicio\\\/index.php\\\/2021\\\/08\\\/17\\\/clinicas-y-sanatorios-anuncian-que-no-renovaran-convenio-con-pami\\\/#article\",\"isPartOf\":{\"@id\":\"https:\\\/\\\/diariotextual.com\\\/inicio\\\/index.php\\\/2021\\\/08\\\/17\\\/clinicas-y-sanatorios-anuncian-que-no-renovaran-convenio-con-pami\\\/\"},\"author\":{\"name\":\"diario5\",\"@id\":\"https:\\\/\\\/diariotextual.com\\\/inicio\\\/#\\\/schema\\\/person\\\/c7834961ad8b29b1d9cdbf4571299067\"},\"headline\":\"Cl\u00ednicas y sanatorios anuncian que no renovar\u00e1n convenio con PAMI\",\"datePublished\":\"2021-08-17T12:13:48+00:00\",\"dateModified\":\"2021-08-17T17:42:31+00:00\",\"mainEntityOfPage\":{\"@id\":\"https:\\\/\\\/diariotextual.com\\\/inicio\\\/index.php\\\/2021\\\/08\\\/17\\\/clinicas-y-sanatorios-anuncian-que-no-renovaran-convenio-con-pami\\\/\"},\"wordCount\":479,\"publisher\":{\"@id\":\"https:\\\/\\\/diariotextual.com\\\/inicio\\\/#organization\"},\"image\":{\"@id\":\"https:\\\/\\\/diariotextual.com\\\/inicio\\\/index.php\\\/2021\\\/08\\\/17\\\/clinicas-y-sanatorios-anuncian-que-no-renovaran-convenio-con-pami\\\/#primaryimage\"},\"thumbnailUrl\":\"https:\\\/\\\/diariotextual.com\\\/inicio\\\/wp-content\\\/uploads\\\/2018\\\/05\\\/pami.jpg\",\"keywords\":[\"cl\u00ednicas y sanatorios\",\"pami\"],\"articleSection\":[\"A - PORTADA2\",\"SOCIEDAD\"],\"inLanguage\":\"es\"},{\"@type\":\"WebPage\",\"@id\":\"https:\\\/\\\/diariotextual.com\\\/inicio\\\/index.php\\\/2021\\\/08\\\/17\\\/clinicas-y-sanatorios-anuncian-que-no-renovaran-convenio-con-pami\\\/\",\"url\":\"https:\\\/\\\/diariotextual.com\\\/inicio\\\/index.php\\\/2021\\\/08\\\/17\\\/clinicas-y-sanatorios-anuncian-que-no-renovaran-convenio-con-pami\\\/\",\"name\":\"Cl\u00ednicas y sanatorios anuncian que no renovar\u00e1n convenio con PAMI - Diario Textual\",\"isPartOf\":{\"@id\":\"https:\\\/\\\/diariotextual.com\\\/inicio\\\/#website\"},\"primaryImageOfPage\":{\"@id\":\"https:\\\/\\\/diariotextual.com\\\/inicio\\\/index.php\\\/2021\\\/08\\\/17\\\/clinicas-y-sanatorios-anuncian-que-no-renovaran-convenio-con-pami\\\/#primaryimage\"},\"image\":{\"@id\":\"https:\\\/\\\/diariotextual.com\\\/inicio\\\/index.php\\\/2021\\\/08\\\/17\\\/clinicas-y-sanatorios-anuncian-que-no-renovaran-convenio-con-pami\\\/#primaryimage\"},\"thumbnailUrl\":\"https:\\\/\\\/diariotextual.com\\\/inicio\\\/wp-content\\\/uploads\\\/2018\\\/05\\\/pami.jpg\",\"datePublished\":\"2021-08-17T12:13:48+00:00\",\"dateModified\":\"2021-08-17T17:42:31+00:00\",\"breadcrumb\":{\"@id\":\"https:\\\/\\\/diariotextual.com\\\/inicio\\\/index.php\\\/2021\\\/08\\\/17\\\/clinicas-y-sanatorios-anuncian-que-no-renovaran-convenio-con-pami\\\/#breadcrumb\"},\"inLanguage\":\"es\",\"potentialAction\":[{\"@type\":\"ReadAction\",\"target\":[\"https:\\\/\\\/diariotextual.com\\\/inicio\\\/index.php\\\/2021\\\/08\\\/17\\\/clinicas-y-sanatorios-anuncian-que-no-renovaran-convenio-con-pami\\\/\"]}]},{\"@type\":\"ImageObject\",\"inLanguage\":\"es\",\"@id\":\"https:\\\/\\\/diariotextual.com\\\/inicio\\\/index.php\\\/2021\\\/08\\\/17\\\/clinicas-y-sanatorios-anuncian-que-no-renovaran-convenio-con-pami\\\/#primaryimage\",\"url\":\"https:\\\/\\\/diariotextual.com\\\/inicio\\\/wp-content\\\/uploads\\\/2018\\\/05\\\/pami.jpg\",\"contentUrl\":\"https:\\\/\\\/diariotextual.com\\\/inicio\\\/wp-content\\\/uploads\\\/2018\\\/05\\\/pami.jpg\",\"width\":1008,\"height\":566},{\"@type\":\"BreadcrumbList\",\"@id\":\"https:\\\/\\\/diariotextual.com\\\/inicio\\\/index.php\\\/2021\\\/08\\\/17\\\/clinicas-y-sanatorios-anuncian-que-no-renovaran-convenio-con-pami\\\/#breadcrumb\",\"itemListElement\":[{\"@type\":\"ListItem\",\"position\":1,\"name\":\"Portada\",\"item\":\"https:\\\/\\\/diariotextual.com\\\/inicio\\\/\"},{\"@type\":\"ListItem\",\"position\":2,\"name\":\"Cl\u00ednicas y sanatorios anuncian que no renovar\u00e1n convenio con PAMI\"}]},{\"@type\":\"WebSite\",\"@id\":\"https:\\\/\\\/diariotextual.com\\\/inicio\\\/#website\",\"url\":\"https:\\\/\\\/diariotextual.com\\\/inicio\\\/\",\"name\":\"Diario Textual\",\"description\":\"\",\"publisher\":{\"@id\":\"https:\\\/\\\/diariotextual.com\\\/inicio\\\/#organization\"},\"potentialAction\":[{\"@type\":\"SearchAction\",\"target\":{\"@type\":\"EntryPoint\",\"urlTemplate\":\"https:\\\/\\\/diariotextual.com\\\/inicio\\\/?s={search_term_string}\"},\"query-input\":{\"@type\":\"PropertyValueSpecification\",\"valueRequired\":true,\"valueName\":\"search_term_string\"}}],\"inLanguage\":\"es\"},{\"@type\":\"Organization\",\"@id\":\"https:\\\/\\\/diariotextual.com\\\/inicio\\\/#organization\",\"name\":\"Diario Textual\",\"url\":\"https:\\\/\\\/diariotextual.com\\\/inicio\\\/\",\"logo\":{\"@type\":\"ImageObject\",\"inLanguage\":\"es\",\"@id\":\"https:\\\/\\\/diariotextual.com\\\/inicio\\\/#\\\/schema\\\/logo\\\/image\\\/\",\"url\":\"https:\\\/\\\/diariotextual.com\\\/inicio\\\/wp-content\\\/uploads\\\/2023\\\/05\\\/logotextual1.jpg\",\"contentUrl\":\"https:\\\/\\\/diariotextual.com\\\/inicio\\\/wp-content\\\/uploads\\\/2023\\\/05\\\/logotextual1.jpg\",\"width\":516,\"height\":76,\"caption\":\"Diario Textual\"},\"image\":{\"@id\":\"https:\\\/\\\/diariotextual.com\\\/inicio\\\/#\\\/schema\\\/logo\\\/image\\\/\"},\"sameAs\":[\"https:\\\/\\\/www.facebook.com\\\/eltextual\",\"https:\\\/\\\/x.com\\\/eltextual\",\"http:\\\/\\\/www.instagram.com\\\/eltextual\"]},{\"@type\":\"Person\",\"@id\":\"https:\\\/\\\/diariotextual.com\\\/inicio\\\/#\\\/schema\\\/person\\\/c7834961ad8b29b1d9cdbf4571299067\",\"name\":\"diario5\",\"image\":{\"@type\":\"ImageObject\",\"inLanguage\":\"es\",\"@id\":\"https:\\\/\\\/secure.gravatar.com\\\/avatar\\\/948c893b847ca6df68216ead81b63f363408ec9b0f600fefc0641ce78613b111?s=96&d=mm&r=g\",\"url\":\"https:\\\/\\\/secure.gravatar.com\\\/avatar\\\/948c893b847ca6df68216ead81b63f363408ec9b0f600fefc0641ce78613b111?s=96&d=mm&r=g\",\"contentUrl\":\"https:\\\/\\\/secure.gravatar.com\\\/avatar\\\/948c893b847ca6df68216ead81b63f363408ec9b0f600fefc0641ce78613b111?s=96&d=mm&r=g\",\"caption\":\"diario5\"},\"url\":\"https:\\\/\\\/diariotextual.com\\\/inicio\\\/index.php\\\/author\\\/diario5\\\/\"}]}<\/script>\n<!-- \/ Yoast SEO plugin. -->","yoast_head_json":{"title":"Cl\u00ednicas y sanatorios anuncian que no renovar\u00e1n convenio con PAMI - Diario Textual","robots":{"index":"index","follow":"follow","max-snippet":"max-snippet:-1","max-image-preview":"max-image-preview:large","max-video-preview":"max-video-preview:-1"},"canonical":"https:\/\/diariotextual.com\/inicio\/index.php\/2021\/08\/17\/clinicas-y-sanatorios-anuncian-que-no-renovaran-convenio-con-pami\/","og_locale":"es_ES","og_type":"article","og_title":"Cl\u00ednicas y sanatorios anuncian que no renovar\u00e1n convenio con PAMI - Diario Textual","og_description":"La decisi\u00f3n ya est\u00e1 tomada: las cl\u00ednicas y sanatorios privados de La Pampa anunciar\u00e1n este mi\u00e9rcoles la no renovaci\u00f3n del convenio con PAMI. \u00bfEl motivo? La falta de respuesta a&hellip;","og_url":"https:\/\/diariotextual.com\/inicio\/index.php\/2021\/08\/17\/clinicas-y-sanatorios-anuncian-que-no-renovaran-convenio-con-pami\/","og_site_name":"Diario Textual","article_publisher":"https:\/\/www.facebook.com\/eltextual","article_published_time":"2021-08-17T12:13:48+00:00","article_modified_time":"2021-08-17T17:42:31+00:00","og_image":[{"width":1008,"height":566,"url":"https:\/\/diariotextual.com\/inicio\/wp-content\/uploads\/2018\/05\/pami.jpg","type":"image\/jpeg"}],"author":"diario5","twitter_card":"summary_large_image","twitter_creator":"@eltextual","twitter_site":"@eltextual","twitter_misc":{"Escrito por":"diario5","Tiempo de lectura":"2 minutos"},"schema":{"@context":"https:\/\/schema.org","@graph":[{"@type":"Article","@id":"https:\/\/diariotextual.com\/inicio\/index.php\/2021\/08\/17\/clinicas-y-sanatorios-anuncian-que-no-renovaran-convenio-con-pami\/#article","isPartOf":{"@id":"https:\/\/diariotextual.com\/inicio\/index.php\/2021\/08\/17\/clinicas-y-sanatorios-anuncian-que-no-renovaran-convenio-con-pami\/"},"author":{"name":"diario5","@id":"https:\/\/diariotextual.com\/inicio\/#\/schema\/person\/c7834961ad8b29b1d9cdbf4571299067"},"headline":"Cl\u00ednicas y sanatorios anuncian que no renovar\u00e1n convenio con PAMI","datePublished":"2021-08-17T12:13:48+00:00","dateModified":"2021-08-17T17:42:31+00:00","mainEntityOfPage":{"@id":"https:\/\/diariotextual.com\/inicio\/index.php\/2021\/08\/17\/clinicas-y-sanatorios-anuncian-que-no-renovaran-convenio-con-pami\/"},"wordCount":479,"publisher":{"@id":"https:\/\/diariotextual.com\/inicio\/#organization"},"image":{"@id":"https:\/\/diariotextual.com\/inicio\/index.php\/2021\/08\/17\/clinicas-y-sanatorios-anuncian-que-no-renovaran-convenio-con-pami\/#primaryimage"},"thumbnailUrl":"https:\/\/diariotextual.com\/inicio\/wp-content\/uploads\/2018\/05\/pami.jpg","keywords":["cl\u00ednicas y sanatorios","pami"],"articleSection":["A - PORTADA2","SOCIEDAD"],"inLanguage":"es"},{"@type":"WebPage","@id":"https:\/\/diariotextual.com\/inicio\/index.php\/2021\/08\/17\/clinicas-y-sanatorios-anuncian-que-no-renovaran-convenio-con-pami\/","url":"https:\/\/diariotextual.com\/inicio\/index.php\/2021\/08\/17\/clinicas-y-sanatorios-anuncian-que-no-renovaran-convenio-con-pami\/","name":"Cl\u00ednicas y sanatorios anuncian que no renovar\u00e1n convenio con PAMI - Diario Textual","isPartOf":{"@id":"https:\/\/diariotextual.com\/inicio\/#website"},"primaryImageOfPage":{"@id":"https:\/\/diariotextual.com\/inicio\/index.php\/2021\/08\/17\/clinicas-y-sanatorios-anuncian-que-no-renovaran-convenio-con-pami\/#primaryimage"},"image":{"@id":"https:\/\/diariotextual.com\/inicio\/index.php\/2021\/08\/17\/clinicas-y-sanatorios-anuncian-que-no-renovaran-convenio-con-pami\/#primaryimage"},"thumbnailUrl":"https:\/\/diariotextual.com\/inicio\/wp-content\/uploads\/2018\/05\/pami.jpg","datePublished":"2021-08-17T12:13:48+00:00","dateModified":"2021-08-17T17:42:31+00:00","breadcrumb":{"@id":"https:\/\/diariotextual.com\/inicio\/index.php\/2021\/08\/17\/clinicas-y-sanatorios-anuncian-que-no-renovaran-convenio-con-pami\/#breadcrumb"},"inLanguage":"es","potentialAction":[{"@type":"ReadAction","target":["https:\/\/diariotextual.com\/inicio\/index.php\/2021\/08\/17\/clinicas-y-sanatorios-anuncian-que-no-renovaran-convenio-con-pami\/"]}]},{"@type":"ImageObject","inLanguage":"es","@id":"https:\/\/diariotextual.com\/inicio\/index.php\/2021\/08\/17\/clinicas-y-sanatorios-anuncian-que-no-renovaran-convenio-con-pami\/#primaryimage","url":"https:\/\/diariotextual.com\/inicio\/wp-content\/uploads\/2018\/05\/pami.jpg","contentUrl":"https:\/\/diariotextual.com\/inicio\/wp-content\/uploads\/2018\/05\/pami.jpg","width":1008,"height":566},{"@type":"BreadcrumbList","@id":"https:\/\/diariotextual.com\/inicio\/index.php\/2021\/08\/17\/clinicas-y-sanatorios-anuncian-que-no-renovaran-convenio-con-pami\/#breadcrumb","itemListElement":[{"@type":"ListItem","position":1,"name":"Portada","item":"https:\/\/diariotextual.com\/inicio\/"},{"@type":"ListItem","position":2,"name":"Cl\u00ednicas y sanatorios anuncian que no renovar\u00e1n convenio con PAMI"}]},{"@type":"WebSite","@id":"https:\/\/diariotextual.com\/inicio\/#website","url":"https:\/\/diariotextual.com\/inicio\/","name":"Diario Textual","description":"","publisher":{"@id":"https:\/\/diariotextual.com\/inicio\/#organization"},"potentialAction":[{"@type":"SearchAction","target":{"@type":"EntryPoint","urlTemplate":"https:\/\/diariotextual.com\/inicio\/?s={search_term_string}"},"query-input":{"@type":"PropertyValueSpecification","valueRequired":true,"valueName":"search_term_string"}}],"inLanguage":"es"},{"@type":"Organization","@id":"https:\/\/diariotextual.com\/inicio\/#organization","name":"Diario Textual","url":"https:\/\/diariotextual.com\/inicio\/","logo":{"@type":"ImageObject","inLanguage":"es","@id":"https:\/\/diariotextual.com\/inicio\/#\/schema\/logo\/image\/","url":"https:\/\/diariotextual.com\/inicio\/wp-content\/uploads\/2023\/05\/logotextual1.jpg","contentUrl":"https:\/\/diariotextual.com\/inicio\/wp-content\/uploads\/2023\/05\/logotextual1.jpg","width":516,"height":76,"caption":"Diario Textual"},"image":{"@id":"https:\/\/diariotextual.com\/inicio\/#\/schema\/logo\/image\/"},"sameAs":["https:\/\/www.facebook.com\/eltextual","https:\/\/x.com\/eltextual","http:\/\/www.instagram.com\/eltextual"]},{"@type":"Person","@id":"https:\/\/diariotextual.com\/inicio\/#\/schema\/person\/c7834961ad8b29b1d9cdbf4571299067","name":"diario5","image":{"@type":"ImageObject","inLanguage":"es","@id":"https:\/\/secure.gravatar.com\/avatar\/948c893b847ca6df68216ead81b63f363408ec9b0f600fefc0641ce78613b111?s=96&d=mm&r=g","url":"https:\/\/secure.gravatar.com\/avatar\/948c893b847ca6df68216ead81b63f363408ec9b0f600fefc0641ce78613b111?s=96&d=mm&r=g","contentUrl":"https:\/\/secure.gravatar.com\/avatar\/948c893b847ca6df68216ead81b63f363408ec9b0f600fefc0641ce78613b111?s=96&d=mm&r=g","caption":"diario5"},"url":"https:\/\/diariotextual.com\/inicio\/index.php\/author\/diario5\/"}]}},"_links":{"self":[{"href":"https:\/\/diariotextual.com\/inicio\/index.php\/wp-json\/wp\/v2\/posts\/158092","targetHints":{"allow":["GET"]}}],"collection":[{"href":"https:\/\/diariotextual.com\/inicio\/index.php\/wp-json\/wp\/v2\/posts"}],"about":[{"href":"https:\/\/diariotextual.com\/inicio\/index.php\/wp-json\/wp\/v2\/types\/post"}],"author":[{"embeddable":true,"href":"https:\/\/diariotextual.com\/inicio\/index.php\/wp-json\/wp\/v2\/users\/7"}],"replies":[{"embeddable":true,"href":"https:\/\/diariotextual.com\/inicio\/index.php\/wp-json\/wp\/v2\/comments?post=158092"}],"version-history":[{"count":6,"href":"https:\/\/diariotextual.com\/inicio\/index.php\/wp-json\/wp\/v2\/posts\/158092\/revisions"}],"predecessor-version":[{"id":158102,"href":"https:\/\/diariotextual.com\/inicio\/index.php\/wp-json\/wp\/v2\/posts\/158092\/revisions\/158102"}],"wp:featuredmedia":[{"embeddable":true,"href":"https:\/\/diariotextual.com\/inicio\/index.php\/wp-json\/wp\/v2\/media\/8599"}],"wp:attachment":[{"href":"https:\/\/diariotextual.com\/inicio\/index.php\/wp-json\/wp\/v2\/media?parent=158092"}],"wp:term":[{"taxonomy":"category","embeddable":true,"href":"https:\/\/diariotextual.com\/inicio\/index.php\/wp-json\/wp\/v2\/categories?post=158092"},{"taxonomy":"post_tag","embeddable":true,"href":"https:\/\/diariotextual.com\/inicio\/index.php\/wp-json\/wp\/v2\/tags?post=158092"}],"curies":[{"name":"wp","href":"https:\/\/api.w.org\/{rel}","templated":true}]}}