{"id":158147,"date":"2021-08-17T17:01:35","date_gmt":"2021-08-17T20:01:35","guid":{"rendered":"https:\/\/diariotextual.com\/inicio\/?p=158147"},"modified":"2021-08-17T20:14:20","modified_gmt":"2021-08-17T23:14:20","slug":"cpe-primeras-senales-de-recuperacion-en-la-demanda-de-energia","status":"publish","type":"post","link":"https:\/\/diariotextual.com\/inicio\/index.php\/2021\/08\/17\/cpe-primeras-senales-de-recuperacion-en-la-demanda-de-energia\/","title":{"rendered":"CPE: primeras se\u00f1ales de recuperaci\u00f3n en la demanda de energ\u00eda"},"content":{"rendered":"\n<p>Un nuevo informe de la Gerencia del Servicio El\u00e9ctrico y de Alumbrado P\u00fablico de la Cooperativa Popular de Electricidad (CPE) destac\u00f3 alguna <strong>se\u00f1al alentadora en cuanto a la recuperaci\u00f3n del consumo de energ\u00eda<\/strong>, luego de casi cinco a\u00f1os de constantes retrocesos, apenas interrumpidos entre octubre de 2019 y marzo de 2020. <\/p>\n\n\n\n<p>Aquel esperanzador semestre en el que comenzaba una franca recuperaci\u00f3n despu\u00e9s de devaluaciones y aumentos exponenciales de las tarifas, se vio abruptamente suspendido por la llegada de la pandemia al pa\u00eds, con las consecuentes restricciones impuestas por las autoridades.<\/p>\n\n\n\n<p><strong>Buen dato<\/strong><\/p>\n\n\n\n<p>El <a href=\"https:\/\/1deoctubre.com.ar\/\" target=\"_blank\" rel=\"noreferrer noopener\">informe publicado por la revista 1 de Octubre<\/a> se\u00f1al\u00f3 que durante el mes de julio de 2021, la energ\u00eda total entregada por la Administraci\u00f3n Provincial de Energ\u00eda a la Cooperativa fue de 26,93 millones de kWh, que en la comparaci\u00f3n interanual \u2014es decir, cotejada con igual mes del a\u00f1o anterior\u2014 refleja un incremento de 2,8 %. Aunque es positivo, podr\u00eda ser enga\u00f1oso guiarse exclusivamente con la comparaci\u00f3n de un \u00fanico mes en distintos a\u00f1os, sobre todo en per\u00edodos donde se han restringido alternativamente las actividades por cuestiones sanitarias.<\/p>\n\n\n\n<p>El <strong>dato alentador del informe es la comparaci\u00f3n entre la demanda de energ\u00eda en los \u00faltimos doce meses \u2014agosto de 2020 a julio de 2021\u2014 y los doces meses anteriores \u2014agosto de 2019 a julio de 2020<\/strong>\u2014. Si bien muestra una ca\u00edda del 0,7 %, puede decirse que el indicador es bueno, considerando la tendencia que se advierte desde el mes de marzo de 2021 en los registros anualizados. Desde ese mes, como indica la l\u00ednea azul del primer gr\u00e1fico, los indicadores negativos de las comparaciones interanuales han ido disminuyendo.<\/p>\n\n\n\n<figure class=\"wp-block-image size-large\"><img fetchpriority=\"high\" decoding=\"async\" width=\"728\" height=\"428\" src=\"https:\/\/diariotextual.com\/inicio\/wp-content\/uploads\/2021\/08\/demandaenergiagrafico1.jpg\" alt=\"\" class=\"wp-image-158149\" srcset=\"https:\/\/diariotextual.com\/inicio\/wp-content\/uploads\/2021\/08\/demandaenergiagrafico1.jpg 728w, https:\/\/diariotextual.com\/inicio\/wp-content\/uploads\/2021\/08\/demandaenergiagrafico1-300x176.jpg 300w, https:\/\/diariotextual.com\/inicio\/wp-content\/uploads\/2021\/08\/demandaenergiagrafico1-585x344.jpg 585w\" sizes=\"(max-width: 728px) 100vw, 728px\" \/><\/figure>\n\n\n\n<p><strong>Historia de un indicador<\/strong><\/p>\n\n\n\n<p>En efecto, desde el a\u00f1o 2006 al 2015, la tasa de crecimiento de la demanda de energ\u00eda anual se ubic\u00f3 entre el + 3,7 % y + 5,3 %, siendo en el a\u00f1o 2015 de + 4 %. Pero en 2016 comenz\u00f3 a caer inexorablemente hasta llegar a un &#8211; 2,3 % en el a\u00f1o 2020.<\/p>\n\n\n\n<p>Hasta marzo de 2021 la l\u00ednea que dibuja en los gr\u00e1ficos estad\u00edsticos ese indicador, iba hacia abajo. Si bien contin\u00faa en valores negativos, estos son cada mes menores. Semejante reducci\u00f3n de la demanda de energ\u00eda no se registr\u00f3 ni siquiera en la crisis de 2001.<\/p>\n","protected":false},"excerpt":{"rendered":"<p>Un nuevo informe de la Gerencia del Servicio El\u00e9ctrico y de Alumbrado P\u00fablico de la Cooperativa Popular de Electricidad (CPE) destac\u00f3 alguna se\u00f1al alentadora en cuanto a la recuperaci\u00f3n del&hellip;<\/p>\n","protected":false},"author":4,"featured_media":155758,"comment_status":"closed","ping_status":"open","sticky":false,"template":"","format":"standard","meta":{"_acf_changed":false,"footnotes":""},"categories":[10,12],"tags":[],"class_list":["post-158147","post","type-post","status-publish","format-standard","has-post-thumbnail","hentry","category-portada-2","category-sociedad"],"acf":[],"yoast_head":"<!-- This site is optimized with the Yoast SEO plugin v27.5 - https:\/\/yoast.com\/product\/yoast-seo-wordpress\/ -->\n<title>CPE: primeras se\u00f1ales de recuperaci\u00f3n en la demanda de energ\u00eda - Diario Textual<\/title>\n<meta name=\"robots\" content=\"index, follow, max-snippet:-1, max-image-preview:large, max-video-preview:-1\" \/>\n<link rel=\"canonical\" href=\"https:\/\/diariotextual.com\/inicio\/index.php\/2021\/08\/17\/cpe-primeras-senales-de-recuperacion-en-la-demanda-de-energia\/\" \/>\n<meta property=\"og:locale\" content=\"es_ES\" \/>\n<meta property=\"og:type\" content=\"article\" \/>\n<meta property=\"og:title\" content=\"CPE: primeras se\u00f1ales de recuperaci\u00f3n en la demanda de energ\u00eda - Diario Textual\" \/>\n<meta property=\"og:description\" content=\"Un nuevo informe de la Gerencia del Servicio El\u00e9ctrico y de Alumbrado P\u00fablico de la Cooperativa Popular de Electricidad (CPE) destac\u00f3 alguna se\u00f1al alentadora en cuanto a la recuperaci\u00f3n del&hellip;\" \/>\n<meta property=\"og:url\" content=\"https:\/\/diariotextual.com\/inicio\/index.php\/2021\/08\/17\/cpe-primeras-senales-de-recuperacion-en-la-demanda-de-energia\/\" \/>\n<meta property=\"og:site_name\" content=\"Diario Textual\" \/>\n<meta property=\"article:publisher\" content=\"https:\/\/www.facebook.com\/eltextual\" \/>\n<meta property=\"article:published_time\" content=\"2021-08-17T20:01:35+00:00\" \/>\n<meta property=\"article:modified_time\" content=\"2021-08-17T23:14:20+00:00\" \/>\n<meta property=\"og:image\" content=\"https:\/\/diariotextual.com\/inicio\/wp-content\/uploads\/2021\/07\/cpeobranuevaintihue.jpg\" \/>\n\t<meta property=\"og:image:width\" content=\"1971\" \/>\n\t<meta property=\"og:image:height\" content=\"1305\" \/>\n\t<meta property=\"og:image:type\" content=\"image\/jpeg\" \/>\n<meta name=\"author\" content=\"diario2\" \/>\n<meta name=\"twitter:card\" content=\"summary_large_image\" \/>\n<meta name=\"twitter:creator\" content=\"@eltextual\" \/>\n<meta name=\"twitter:site\" content=\"@eltextual\" \/>\n<meta name=\"twitter:label1\" content=\"Escrito por\" \/>\n\t<meta name=\"twitter:data1\" content=\"diario2\" \/>\n\t<meta name=\"twitter:label2\" content=\"Tiempo de lectura\" \/>\n\t<meta name=\"twitter:data2\" content=\"2 minutos\" \/>\n<script type=\"application\/ld+json\" class=\"yoast-schema-graph\">{\"@context\":\"https:\\\/\\\/schema.org\",\"@graph\":[{\"@type\":\"Article\",\"@id\":\"https:\\\/\\\/diariotextual.com\\\/inicio\\\/index.php\\\/2021\\\/08\\\/17\\\/cpe-primeras-senales-de-recuperacion-en-la-demanda-de-energia\\\/#article\",\"isPartOf\":{\"@id\":\"https:\\\/\\\/diariotextual.com\\\/inicio\\\/index.php\\\/2021\\\/08\\\/17\\\/cpe-primeras-senales-de-recuperacion-en-la-demanda-de-energia\\\/\"},\"author\":{\"name\":\"diario2\",\"@id\":\"https:\\\/\\\/diariotextual.com\\\/inicio\\\/#\\\/schema\\\/person\\\/694f60677f23c4a530867a98f22b3768\"},\"headline\":\"CPE: primeras se\u00f1ales de recuperaci\u00f3n en la demanda de energ\u00eda\",\"datePublished\":\"2021-08-17T20:01:35+00:00\",\"dateModified\":\"2021-08-17T23:14:20+00:00\",\"mainEntityOfPage\":{\"@id\":\"https:\\\/\\\/diariotextual.com\\\/inicio\\\/index.php\\\/2021\\\/08\\\/17\\\/cpe-primeras-senales-de-recuperacion-en-la-demanda-de-energia\\\/\"},\"wordCount\":392,\"publisher\":{\"@id\":\"https:\\\/\\\/diariotextual.com\\\/inicio\\\/#organization\"},\"image\":{\"@id\":\"https:\\\/\\\/diariotextual.com\\\/inicio\\\/index.php\\\/2021\\\/08\\\/17\\\/cpe-primeras-senales-de-recuperacion-en-la-demanda-de-energia\\\/#primaryimage\"},\"thumbnailUrl\":\"https:\\\/\\\/diariotextual.com\\\/inicio\\\/wp-content\\\/uploads\\\/2021\\\/07\\\/cpeobranuevaintihue.jpg\",\"articleSection\":[\"A - PORTADA2\",\"SOCIEDAD\"],\"inLanguage\":\"es\"},{\"@type\":\"WebPage\",\"@id\":\"https:\\\/\\\/diariotextual.com\\\/inicio\\\/index.php\\\/2021\\\/08\\\/17\\\/cpe-primeras-senales-de-recuperacion-en-la-demanda-de-energia\\\/\",\"url\":\"https:\\\/\\\/diariotextual.com\\\/inicio\\\/index.php\\\/2021\\\/08\\\/17\\\/cpe-primeras-senales-de-recuperacion-en-la-demanda-de-energia\\\/\",\"name\":\"CPE: primeras se\u00f1ales de recuperaci\u00f3n en la demanda de energ\u00eda - Diario Textual\",\"isPartOf\":{\"@id\":\"https:\\\/\\\/diariotextual.com\\\/inicio\\\/#website\"},\"primaryImageOfPage\":{\"@id\":\"https:\\\/\\\/diariotextual.com\\\/inicio\\\/index.php\\\/2021\\\/08\\\/17\\\/cpe-primeras-senales-de-recuperacion-en-la-demanda-de-energia\\\/#primaryimage\"},\"image\":{\"@id\":\"https:\\\/\\\/diariotextual.com\\\/inicio\\\/index.php\\\/2021\\\/08\\\/17\\\/cpe-primeras-senales-de-recuperacion-en-la-demanda-de-energia\\\/#primaryimage\"},\"thumbnailUrl\":\"https:\\\/\\\/diariotextual.com\\\/inicio\\\/wp-content\\\/uploads\\\/2021\\\/07\\\/cpeobranuevaintihue.jpg\",\"datePublished\":\"2021-08-17T20:01:35+00:00\",\"dateModified\":\"2021-08-17T23:14:20+00:00\",\"breadcrumb\":{\"@id\":\"https:\\\/\\\/diariotextual.com\\\/inicio\\\/index.php\\\/2021\\\/08\\\/17\\\/cpe-primeras-senales-de-recuperacion-en-la-demanda-de-energia\\\/#breadcrumb\"},\"inLanguage\":\"es\",\"potentialAction\":[{\"@type\":\"ReadAction\",\"target\":[\"https:\\\/\\\/diariotextual.com\\\/inicio\\\/index.php\\\/2021\\\/08\\\/17\\\/cpe-primeras-senales-de-recuperacion-en-la-demanda-de-energia\\\/\"]}]},{\"@type\":\"ImageObject\",\"inLanguage\":\"es\",\"@id\":\"https:\\\/\\\/diariotextual.com\\\/inicio\\\/index.php\\\/2021\\\/08\\\/17\\\/cpe-primeras-senales-de-recuperacion-en-la-demanda-de-energia\\\/#primaryimage\",\"url\":\"https:\\\/\\\/diariotextual.com\\\/inicio\\\/wp-content\\\/uploads\\\/2021\\\/07\\\/cpeobranuevaintihue.jpg\",\"contentUrl\":\"https:\\\/\\\/diariotextual.com\\\/inicio\\\/wp-content\\\/uploads\\\/2021\\\/07\\\/cpeobranuevaintihue.jpg\",\"width\":1971,\"height\":1305},{\"@type\":\"BreadcrumbList\",\"@id\":\"https:\\\/\\\/diariotextual.com\\\/inicio\\\/index.php\\\/2021\\\/08\\\/17\\\/cpe-primeras-senales-de-recuperacion-en-la-demanda-de-energia\\\/#breadcrumb\",\"itemListElement\":[{\"@type\":\"ListItem\",\"position\":1,\"name\":\"Portada\",\"item\":\"https:\\\/\\\/diariotextual.com\\\/inicio\\\/\"},{\"@type\":\"ListItem\",\"position\":2,\"name\":\"CPE: primeras se\u00f1ales de recuperaci\u00f3n en la demanda de energ\u00eda\"}]},{\"@type\":\"WebSite\",\"@id\":\"https:\\\/\\\/diariotextual.com\\\/inicio\\\/#website\",\"url\":\"https:\\\/\\\/diariotextual.com\\\/inicio\\\/\",\"name\":\"Diario Textual\",\"description\":\"\",\"publisher\":{\"@id\":\"https:\\\/\\\/diariotextual.com\\\/inicio\\\/#organization\"},\"potentialAction\":[{\"@type\":\"SearchAction\",\"target\":{\"@type\":\"EntryPoint\",\"urlTemplate\":\"https:\\\/\\\/diariotextual.com\\\/inicio\\\/?s={search_term_string}\"},\"query-input\":{\"@type\":\"PropertyValueSpecification\",\"valueRequired\":true,\"valueName\":\"search_term_string\"}}],\"inLanguage\":\"es\"},{\"@type\":\"Organization\",\"@id\":\"https:\\\/\\\/diariotextual.com\\\/inicio\\\/#organization\",\"name\":\"Diario Textual\",\"url\":\"https:\\\/\\\/diariotextual.com\\\/inicio\\\/\",\"logo\":{\"@type\":\"ImageObject\",\"inLanguage\":\"es\",\"@id\":\"https:\\\/\\\/diariotextual.com\\\/inicio\\\/#\\\/schema\\\/logo\\\/image\\\/\",\"url\":\"https:\\\/\\\/diariotextual.com\\\/inicio\\\/wp-content\\\/uploads\\\/2023\\\/05\\\/logotextual1.jpg\",\"contentUrl\":\"https:\\\/\\\/diariotextual.com\\\/inicio\\\/wp-content\\\/uploads\\\/2023\\\/05\\\/logotextual1.jpg\",\"width\":516,\"height\":76,\"caption\":\"Diario Textual\"},\"image\":{\"@id\":\"https:\\\/\\\/diariotextual.com\\\/inicio\\\/#\\\/schema\\\/logo\\\/image\\\/\"},\"sameAs\":[\"https:\\\/\\\/www.facebook.com\\\/eltextual\",\"https:\\\/\\\/x.com\\\/eltextual\",\"http:\\\/\\\/www.instagram.com\\\/eltextual\"]},{\"@type\":\"Person\",\"@id\":\"https:\\\/\\\/diariotextual.com\\\/inicio\\\/#\\\/schema\\\/person\\\/694f60677f23c4a530867a98f22b3768\",\"name\":\"diario2\",\"image\":{\"@type\":\"ImageObject\",\"inLanguage\":\"es\",\"@id\":\"https:\\\/\\\/secure.gravatar.com\\\/avatar\\\/5a2567495ba16b852fcd8f1ed006a2e24fcace936018ed8237e95f488ad6e0a7?s=96&d=mm&r=g\",\"url\":\"https:\\\/\\\/secure.gravatar.com\\\/avatar\\\/5a2567495ba16b852fcd8f1ed006a2e24fcace936018ed8237e95f488ad6e0a7?s=96&d=mm&r=g\",\"contentUrl\":\"https:\\\/\\\/secure.gravatar.com\\\/avatar\\\/5a2567495ba16b852fcd8f1ed006a2e24fcace936018ed8237e95f488ad6e0a7?s=96&d=mm&r=g\",\"caption\":\"diario2\"},\"url\":\"https:\\\/\\\/diariotextual.com\\\/inicio\\\/index.php\\\/author\\\/diario2\\\/\"}]}<\/script>\n<!-- \/ Yoast SEO plugin. -->","yoast_head_json":{"title":"CPE: primeras se\u00f1ales de recuperaci\u00f3n en la demanda de energ\u00eda - Diario Textual","robots":{"index":"index","follow":"follow","max-snippet":"max-snippet:-1","max-image-preview":"max-image-preview:large","max-video-preview":"max-video-preview:-1"},"canonical":"https:\/\/diariotextual.com\/inicio\/index.php\/2021\/08\/17\/cpe-primeras-senales-de-recuperacion-en-la-demanda-de-energia\/","og_locale":"es_ES","og_type":"article","og_title":"CPE: primeras se\u00f1ales de recuperaci\u00f3n en la demanda de energ\u00eda - Diario Textual","og_description":"Un nuevo informe de la Gerencia del Servicio El\u00e9ctrico y de Alumbrado P\u00fablico de la Cooperativa Popular de Electricidad (CPE) destac\u00f3 alguna se\u00f1al alentadora en cuanto a la recuperaci\u00f3n del&hellip;","og_url":"https:\/\/diariotextual.com\/inicio\/index.php\/2021\/08\/17\/cpe-primeras-senales-de-recuperacion-en-la-demanda-de-energia\/","og_site_name":"Diario Textual","article_publisher":"https:\/\/www.facebook.com\/eltextual","article_published_time":"2021-08-17T20:01:35+00:00","article_modified_time":"2021-08-17T23:14:20+00:00","og_image":[{"width":1971,"height":1305,"url":"https:\/\/diariotextual.com\/inicio\/wp-content\/uploads\/2021\/07\/cpeobranuevaintihue.jpg","type":"image\/jpeg"}],"author":"diario2","twitter_card":"summary_large_image","twitter_creator":"@eltextual","twitter_site":"@eltextual","twitter_misc":{"Escrito por":"diario2","Tiempo de lectura":"2 minutos"},"schema":{"@context":"https:\/\/schema.org","@graph":[{"@type":"Article","@id":"https:\/\/diariotextual.com\/inicio\/index.php\/2021\/08\/17\/cpe-primeras-senales-de-recuperacion-en-la-demanda-de-energia\/#article","isPartOf":{"@id":"https:\/\/diariotextual.com\/inicio\/index.php\/2021\/08\/17\/cpe-primeras-senales-de-recuperacion-en-la-demanda-de-energia\/"},"author":{"name":"diario2","@id":"https:\/\/diariotextual.com\/inicio\/#\/schema\/person\/694f60677f23c4a530867a98f22b3768"},"headline":"CPE: primeras se\u00f1ales de recuperaci\u00f3n en la demanda de energ\u00eda","datePublished":"2021-08-17T20:01:35+00:00","dateModified":"2021-08-17T23:14:20+00:00","mainEntityOfPage":{"@id":"https:\/\/diariotextual.com\/inicio\/index.php\/2021\/08\/17\/cpe-primeras-senales-de-recuperacion-en-la-demanda-de-energia\/"},"wordCount":392,"publisher":{"@id":"https:\/\/diariotextual.com\/inicio\/#organization"},"image":{"@id":"https:\/\/diariotextual.com\/inicio\/index.php\/2021\/08\/17\/cpe-primeras-senales-de-recuperacion-en-la-demanda-de-energia\/#primaryimage"},"thumbnailUrl":"https:\/\/diariotextual.com\/inicio\/wp-content\/uploads\/2021\/07\/cpeobranuevaintihue.jpg","articleSection":["A - PORTADA2","SOCIEDAD"],"inLanguage":"es"},{"@type":"WebPage","@id":"https:\/\/diariotextual.com\/inicio\/index.php\/2021\/08\/17\/cpe-primeras-senales-de-recuperacion-en-la-demanda-de-energia\/","url":"https:\/\/diariotextual.com\/inicio\/index.php\/2021\/08\/17\/cpe-primeras-senales-de-recuperacion-en-la-demanda-de-energia\/","name":"CPE: primeras se\u00f1ales de recuperaci\u00f3n en la demanda de energ\u00eda - Diario Textual","isPartOf":{"@id":"https:\/\/diariotextual.com\/inicio\/#website"},"primaryImageOfPage":{"@id":"https:\/\/diariotextual.com\/inicio\/index.php\/2021\/08\/17\/cpe-primeras-senales-de-recuperacion-en-la-demanda-de-energia\/#primaryimage"},"image":{"@id":"https:\/\/diariotextual.com\/inicio\/index.php\/2021\/08\/17\/cpe-primeras-senales-de-recuperacion-en-la-demanda-de-energia\/#primaryimage"},"thumbnailUrl":"https:\/\/diariotextual.com\/inicio\/wp-content\/uploads\/2021\/07\/cpeobranuevaintihue.jpg","datePublished":"2021-08-17T20:01:35+00:00","dateModified":"2021-08-17T23:14:20+00:00","breadcrumb":{"@id":"https:\/\/diariotextual.com\/inicio\/index.php\/2021\/08\/17\/cpe-primeras-senales-de-recuperacion-en-la-demanda-de-energia\/#breadcrumb"},"inLanguage":"es","potentialAction":[{"@type":"ReadAction","target":["https:\/\/diariotextual.com\/inicio\/index.php\/2021\/08\/17\/cpe-primeras-senales-de-recuperacion-en-la-demanda-de-energia\/"]}]},{"@type":"ImageObject","inLanguage":"es","@id":"https:\/\/diariotextual.com\/inicio\/index.php\/2021\/08\/17\/cpe-primeras-senales-de-recuperacion-en-la-demanda-de-energia\/#primaryimage","url":"https:\/\/diariotextual.com\/inicio\/wp-content\/uploads\/2021\/07\/cpeobranuevaintihue.jpg","contentUrl":"https:\/\/diariotextual.com\/inicio\/wp-content\/uploads\/2021\/07\/cpeobranuevaintihue.jpg","width":1971,"height":1305},{"@type":"BreadcrumbList","@id":"https:\/\/diariotextual.com\/inicio\/index.php\/2021\/08\/17\/cpe-primeras-senales-de-recuperacion-en-la-demanda-de-energia\/#breadcrumb","itemListElement":[{"@type":"ListItem","position":1,"name":"Portada","item":"https:\/\/diariotextual.com\/inicio\/"},{"@type":"ListItem","position":2,"name":"CPE: primeras se\u00f1ales de recuperaci\u00f3n en la demanda de energ\u00eda"}]},{"@type":"WebSite","@id":"https:\/\/diariotextual.com\/inicio\/#website","url":"https:\/\/diariotextual.com\/inicio\/","name":"Diario Textual","description":"","publisher":{"@id":"https:\/\/diariotextual.com\/inicio\/#organization"},"potentialAction":[{"@type":"SearchAction","target":{"@type":"EntryPoint","urlTemplate":"https:\/\/diariotextual.com\/inicio\/?s={search_term_string}"},"query-input":{"@type":"PropertyValueSpecification","valueRequired":true,"valueName":"search_term_string"}}],"inLanguage":"es"},{"@type":"Organization","@id":"https:\/\/diariotextual.com\/inicio\/#organization","name":"Diario Textual","url":"https:\/\/diariotextual.com\/inicio\/","logo":{"@type":"ImageObject","inLanguage":"es","@id":"https:\/\/diariotextual.com\/inicio\/#\/schema\/logo\/image\/","url":"https:\/\/diariotextual.com\/inicio\/wp-content\/uploads\/2023\/05\/logotextual1.jpg","contentUrl":"https:\/\/diariotextual.com\/inicio\/wp-content\/uploads\/2023\/05\/logotextual1.jpg","width":516,"height":76,"caption":"Diario Textual"},"image":{"@id":"https:\/\/diariotextual.com\/inicio\/#\/schema\/logo\/image\/"},"sameAs":["https:\/\/www.facebook.com\/eltextual","https:\/\/x.com\/eltextual","http:\/\/www.instagram.com\/eltextual"]},{"@type":"Person","@id":"https:\/\/diariotextual.com\/inicio\/#\/schema\/person\/694f60677f23c4a530867a98f22b3768","name":"diario2","image":{"@type":"ImageObject","inLanguage":"es","@id":"https:\/\/secure.gravatar.com\/avatar\/5a2567495ba16b852fcd8f1ed006a2e24fcace936018ed8237e95f488ad6e0a7?s=96&d=mm&r=g","url":"https:\/\/secure.gravatar.com\/avatar\/5a2567495ba16b852fcd8f1ed006a2e24fcace936018ed8237e95f488ad6e0a7?s=96&d=mm&r=g","contentUrl":"https:\/\/secure.gravatar.com\/avatar\/5a2567495ba16b852fcd8f1ed006a2e24fcace936018ed8237e95f488ad6e0a7?s=96&d=mm&r=g","caption":"diario2"},"url":"https:\/\/diariotextual.com\/inicio\/index.php\/author\/diario2\/"}]}},"_links":{"self":[{"href":"https:\/\/diariotextual.com\/inicio\/index.php\/wp-json\/wp\/v2\/posts\/158147","targetHints":{"allow":["GET"]}}],"collection":[{"href":"https:\/\/diariotextual.com\/inicio\/index.php\/wp-json\/wp\/v2\/posts"}],"about":[{"href":"https:\/\/diariotextual.com\/inicio\/index.php\/wp-json\/wp\/v2\/types\/post"}],"author":[{"embeddable":true,"href":"https:\/\/diariotextual.com\/inicio\/index.php\/wp-json\/wp\/v2\/users\/4"}],"replies":[{"embeddable":true,"href":"https:\/\/diariotextual.com\/inicio\/index.php\/wp-json\/wp\/v2\/comments?post=158147"}],"version-history":[{"count":2,"href":"https:\/\/diariotextual.com\/inicio\/index.php\/wp-json\/wp\/v2\/posts\/158147\/revisions"}],"predecessor-version":[{"id":158150,"href":"https:\/\/diariotextual.com\/inicio\/index.php\/wp-json\/wp\/v2\/posts\/158147\/revisions\/158150"}],"wp:featuredmedia":[{"embeddable":true,"href":"https:\/\/diariotextual.com\/inicio\/index.php\/wp-json\/wp\/v2\/media\/155758"}],"wp:attachment":[{"href":"https:\/\/diariotextual.com\/inicio\/index.php\/wp-json\/wp\/v2\/media?parent=158147"}],"wp:term":[{"taxonomy":"category","embeddable":true,"href":"https:\/\/diariotextual.com\/inicio\/index.php\/wp-json\/wp\/v2\/categories?post=158147"},{"taxonomy":"post_tag","embeddable":true,"href":"https:\/\/diariotextual.com\/inicio\/index.php\/wp-json\/wp\/v2\/tags?post=158147"}],"curies":[{"name":"wp","href":"https:\/\/api.w.org\/{rel}","templated":true}]}}