{"id":158199,"date":"2021-08-18T09:26:53","date_gmt":"2021-08-18T12:26:53","guid":{"rendered":"https:\/\/diariotextual.com\/inicio\/?p=158199"},"modified":"2021-08-18T15:06:36","modified_gmt":"2021-08-18T18:06:36","slug":"como-impacto-la-cena-en-la-imagen-de-alberto-fernandez","status":"publish","type":"post","link":"https:\/\/diariotextual.com\/inicio\/index.php\/2021\/08\/18\/como-impacto-la-cena-en-la-imagen-de-alberto-fernandez\/","title":{"rendered":"\u00bfC\u00f3mo impact\u00f3 la cena en la imagen de Alberto Fern\u00e1ndez?"},"content":{"rendered":"\n<p>Luego de las <strong>repercusiones medi\u00e1ticas de la cena en plena pandemia <\/strong>que hicieron el presidente <strong>Alberto Fern\u00e1ndez<\/strong> y la primera dama <strong>Fabiola Y\u00e1nez<\/strong>,<strong> las encuestadoras comenzaron a medir c\u00f3mo afect\u00f3 el hecho la imagen del mandatario y c\u00f3mo influye en el voto del Frente de Todos.<\/strong><br><\/p>\n\n\n\n<p>Establecieron que, si bien el tema est\u00e1 cruzado claramente por la grieta, el festejo del cumplea\u00f1os en la residencia oficial impact\u00f3 fuerte entre los \u00abdesencantados\u00bb con el Gobierno. Los que votaron a los Fern\u00e1ndez en 2019 y esperaban m\u00e1s de su gesti\u00f3n.<br><\/p>\n\n\n\n<p>Un estudio que evalu\u00f3 este escenario es de <strong>Synopsis<\/strong>, una consultora creada en 2015 y ya insertada en el mundo de la pol\u00edtica. Entre el 13 y el 15 de agosto, a menos de un mes de las PASO 2021, hizo un relevamiento de 1.623 casos.<br><\/p>\n\n\n\n<p>Cuando se consult\u00f3 por el sentimiento que provoc\u00f3 la foto de la cena, con 18 variantes de respuestas, <strong>el 84,5% resultaron negativas y s\u00f3lo un 15,5%, neutras. Lideraron: \u00abBronca\u00bb (16,4%), \u00abIndignaci\u00f3n\u00bb (14,6%) y \u00abAsco\u00bb (10,7%).<\/strong><br><\/p>\n\n\n\n<p>Cuando los datos se discriminan seg\u00fan el voto 2019, se ve a pleno el filtro de la grieta: entre los electores del Frente de Todos, los dos primeros \u00absentimientos\u00bb que les gener\u00f3 la foto fueron \u00abNada\u00bb (26,8%) y \u00abNinguno\u00bb (9,2%). De todos modos, en el balance general de este sector, el 50,4% de las respuestas fueron negativas contra 49,6%, neutras.<br><\/p>\n\n\n\n<p>Otro informe fue el de <strong>Management &amp; Fit <\/strong>(que mide, entre otros, para los gobiernos de la Ciudad, C\u00f3rdoba y Santa Fe), realizado entre el 14 y 14 de agosto en el que el 63,2% de los consultados en el AMBA consider\u00f3 la situaci\u00f3n muy grave y el 12,9% algo grave.<br><\/p>\n\n\n\n<p><strong>El 60,2% lo consideraba un esc\u00e1ndalo pol\u00edtico que merece consecuencias y el 22,3% de los encuestados indic\u00f3 que iba a votar al Frente de Todos pero cambiar\u00e1 su voto <\/strong>y el 23% seguir\u00e1 votando al oficialismo. En tanto, el 11,7% dijo que a\u00fan no se hab\u00eda definido pero votar\u00eda en contra.<\/p>\n\n\n\n<p><\/p>\n\n\n\n<p><\/p>\n","protected":false},"excerpt":{"rendered":"<p>Luego de las repercusiones medi\u00e1ticas de la cena en plena pandemia que hicieron el presidente Alberto Fern\u00e1ndez y la primera dama Fabiola Y\u00e1nez, las encuestadoras comenzaron a medir c\u00f3mo afect\u00f3&hellip;<\/p>\n","protected":false},"author":3,"featured_media":157734,"comment_status":"closed","ping_status":"open","sticky":false,"template":"","format":"standard","meta":{"_acf_changed":false,"footnotes":""},"categories":[10,8],"tags":[1168,3813,4815],"class_list":["post-158199","post","type-post","status-publish","format-standard","has-post-thumbnail","hentry","category-portada-2","category-politica","tag-brindis","tag-cena","tag-fabiola"],"acf":[],"yoast_head":"<!-- This site is optimized with the Yoast SEO plugin v27.5 - https:\/\/yoast.com\/product\/yoast-seo-wordpress\/ -->\n<title>\u00bfC\u00f3mo impact\u00f3 la cena en la imagen de Alberto Fern\u00e1ndez? - Diario Textual<\/title>\n<meta name=\"robots\" content=\"index, follow, max-snippet:-1, max-image-preview:large, max-video-preview:-1\" \/>\n<link rel=\"canonical\" href=\"https:\/\/diariotextual.com\/inicio\/index.php\/2021\/08\/18\/como-impacto-la-cena-en-la-imagen-de-alberto-fernandez\/\" \/>\n<meta property=\"og:locale\" content=\"es_ES\" \/>\n<meta property=\"og:type\" content=\"article\" \/>\n<meta property=\"og:title\" content=\"\u00bfC\u00f3mo impact\u00f3 la cena en la imagen de Alberto Fern\u00e1ndez? - Diario Textual\" \/>\n<meta property=\"og:description\" content=\"Luego de las repercusiones medi\u00e1ticas de la cena en plena pandemia que hicieron el presidente Alberto Fern\u00e1ndez y la primera dama Fabiola Y\u00e1nez, las encuestadoras comenzaron a medir c\u00f3mo afect\u00f3&hellip;\" \/>\n<meta property=\"og:url\" content=\"https:\/\/diariotextual.com\/inicio\/index.php\/2021\/08\/18\/como-impacto-la-cena-en-la-imagen-de-alberto-fernandez\/\" \/>\n<meta property=\"og:site_name\" content=\"Diario Textual\" \/>\n<meta property=\"article:publisher\" content=\"https:\/\/www.facebook.com\/eltextual\" \/>\n<meta property=\"article:published_time\" content=\"2021-08-18T12:26:53+00:00\" \/>\n<meta property=\"article:modified_time\" content=\"2021-08-18T18:06:36+00:00\" \/>\n<meta property=\"og:image\" content=\"https:\/\/diariotextual.com\/inicio\/wp-content\/uploads\/2021\/08\/fernandezalbertofabiolaolivoreunionclandestina001.jpg\" \/>\n\t<meta property=\"og:image:width\" content=\"1200\" \/>\n\t<meta property=\"og:image:height\" content=\"675\" \/>\n\t<meta property=\"og:image:type\" content=\"image\/jpeg\" \/>\n<meta name=\"author\" content=\"Diario1 Diario1\" \/>\n<meta name=\"twitter:card\" content=\"summary_large_image\" \/>\n<meta name=\"twitter:creator\" content=\"@eltextual\" \/>\n<meta name=\"twitter:site\" content=\"@eltextual\" \/>\n<meta name=\"twitter:label1\" content=\"Escrito por\" \/>\n\t<meta name=\"twitter:data1\" content=\"Diario1 Diario1\" \/>\n\t<meta name=\"twitter:label2\" content=\"Tiempo de lectura\" \/>\n\t<meta name=\"twitter:data2\" content=\"2 minutos\" \/>\n<script type=\"application\/ld+json\" class=\"yoast-schema-graph\">{\"@context\":\"https:\\\/\\\/schema.org\",\"@graph\":[{\"@type\":\"Article\",\"@id\":\"https:\\\/\\\/diariotextual.com\\\/inicio\\\/index.php\\\/2021\\\/08\\\/18\\\/como-impacto-la-cena-en-la-imagen-de-alberto-fernandez\\\/#article\",\"isPartOf\":{\"@id\":\"https:\\\/\\\/diariotextual.com\\\/inicio\\\/index.php\\\/2021\\\/08\\\/18\\\/como-impacto-la-cena-en-la-imagen-de-alberto-fernandez\\\/\"},\"author\":{\"name\":\"Diario1 Diario1\",\"@id\":\"https:\\\/\\\/diariotextual.com\\\/inicio\\\/#\\\/schema\\\/person\\\/418fc4093c33e86ed41562db3508f958\"},\"headline\":\"\u00bfC\u00f3mo impact\u00f3 la cena en la imagen de Alberto Fern\u00e1ndez?\",\"datePublished\":\"2021-08-18T12:26:53+00:00\",\"dateModified\":\"2021-08-18T18:06:36+00:00\",\"mainEntityOfPage\":{\"@id\":\"https:\\\/\\\/diariotextual.com\\\/inicio\\\/index.php\\\/2021\\\/08\\\/18\\\/como-impacto-la-cena-en-la-imagen-de-alberto-fernandez\\\/\"},\"wordCount\":338,\"publisher\":{\"@id\":\"https:\\\/\\\/diariotextual.com\\\/inicio\\\/#organization\"},\"image\":{\"@id\":\"https:\\\/\\\/diariotextual.com\\\/inicio\\\/index.php\\\/2021\\\/08\\\/18\\\/como-impacto-la-cena-en-la-imagen-de-alberto-fernandez\\\/#primaryimage\"},\"thumbnailUrl\":\"https:\\\/\\\/diariotextual.com\\\/inicio\\\/wp-content\\\/uploads\\\/2021\\\/08\\\/fernandezalbertofabiolaolivoreunionclandestina001.jpg\",\"keywords\":[\"brindis\",\"cena\",\"fabiola\"],\"articleSection\":[\"A - PORTADA2\",\"POLITICA\"],\"inLanguage\":\"es\"},{\"@type\":\"WebPage\",\"@id\":\"https:\\\/\\\/diariotextual.com\\\/inicio\\\/index.php\\\/2021\\\/08\\\/18\\\/como-impacto-la-cena-en-la-imagen-de-alberto-fernandez\\\/\",\"url\":\"https:\\\/\\\/diariotextual.com\\\/inicio\\\/index.php\\\/2021\\\/08\\\/18\\\/como-impacto-la-cena-en-la-imagen-de-alberto-fernandez\\\/\",\"name\":\"\u00bfC\u00f3mo impact\u00f3 la cena en la imagen de Alberto Fern\u00e1ndez? - Diario Textual\",\"isPartOf\":{\"@id\":\"https:\\\/\\\/diariotextual.com\\\/inicio\\\/#website\"},\"primaryImageOfPage\":{\"@id\":\"https:\\\/\\\/diariotextual.com\\\/inicio\\\/index.php\\\/2021\\\/08\\\/18\\\/como-impacto-la-cena-en-la-imagen-de-alberto-fernandez\\\/#primaryimage\"},\"image\":{\"@id\":\"https:\\\/\\\/diariotextual.com\\\/inicio\\\/index.php\\\/2021\\\/08\\\/18\\\/como-impacto-la-cena-en-la-imagen-de-alberto-fernandez\\\/#primaryimage\"},\"thumbnailUrl\":\"https:\\\/\\\/diariotextual.com\\\/inicio\\\/wp-content\\\/uploads\\\/2021\\\/08\\\/fernandezalbertofabiolaolivoreunionclandestina001.jpg\",\"datePublished\":\"2021-08-18T12:26:53+00:00\",\"dateModified\":\"2021-08-18T18:06:36+00:00\",\"breadcrumb\":{\"@id\":\"https:\\\/\\\/diariotextual.com\\\/inicio\\\/index.php\\\/2021\\\/08\\\/18\\\/como-impacto-la-cena-en-la-imagen-de-alberto-fernandez\\\/#breadcrumb\"},\"inLanguage\":\"es\",\"potentialAction\":[{\"@type\":\"ReadAction\",\"target\":[\"https:\\\/\\\/diariotextual.com\\\/inicio\\\/index.php\\\/2021\\\/08\\\/18\\\/como-impacto-la-cena-en-la-imagen-de-alberto-fernandez\\\/\"]}]},{\"@type\":\"ImageObject\",\"inLanguage\":\"es\",\"@id\":\"https:\\\/\\\/diariotextual.com\\\/inicio\\\/index.php\\\/2021\\\/08\\\/18\\\/como-impacto-la-cena-en-la-imagen-de-alberto-fernandez\\\/#primaryimage\",\"url\":\"https:\\\/\\\/diariotextual.com\\\/inicio\\\/wp-content\\\/uploads\\\/2021\\\/08\\\/fernandezalbertofabiolaolivoreunionclandestina001.jpg\",\"contentUrl\":\"https:\\\/\\\/diariotextual.com\\\/inicio\\\/wp-content\\\/uploads\\\/2021\\\/08\\\/fernandezalbertofabiolaolivoreunionclandestina001.jpg\",\"width\":1200,\"height\":675},{\"@type\":\"BreadcrumbList\",\"@id\":\"https:\\\/\\\/diariotextual.com\\\/inicio\\\/index.php\\\/2021\\\/08\\\/18\\\/como-impacto-la-cena-en-la-imagen-de-alberto-fernandez\\\/#breadcrumb\",\"itemListElement\":[{\"@type\":\"ListItem\",\"position\":1,\"name\":\"Portada\",\"item\":\"https:\\\/\\\/diariotextual.com\\\/inicio\\\/\"},{\"@type\":\"ListItem\",\"position\":2,\"name\":\"\u00bfC\u00f3mo impact\u00f3 la cena en la imagen de Alberto Fern\u00e1ndez?\"}]},{\"@type\":\"WebSite\",\"@id\":\"https:\\\/\\\/diariotextual.com\\\/inicio\\\/#website\",\"url\":\"https:\\\/\\\/diariotextual.com\\\/inicio\\\/\",\"name\":\"Diario Textual\",\"description\":\"\",\"publisher\":{\"@id\":\"https:\\\/\\\/diariotextual.com\\\/inicio\\\/#organization\"},\"potentialAction\":[{\"@type\":\"SearchAction\",\"target\":{\"@type\":\"EntryPoint\",\"urlTemplate\":\"https:\\\/\\\/diariotextual.com\\\/inicio\\\/?s={search_term_string}\"},\"query-input\":{\"@type\":\"PropertyValueSpecification\",\"valueRequired\":true,\"valueName\":\"search_term_string\"}}],\"inLanguage\":\"es\"},{\"@type\":\"Organization\",\"@id\":\"https:\\\/\\\/diariotextual.com\\\/inicio\\\/#organization\",\"name\":\"Diario Textual\",\"url\":\"https:\\\/\\\/diariotextual.com\\\/inicio\\\/\",\"logo\":{\"@type\":\"ImageObject\",\"inLanguage\":\"es\",\"@id\":\"https:\\\/\\\/diariotextual.com\\\/inicio\\\/#\\\/schema\\\/logo\\\/image\\\/\",\"url\":\"https:\\\/\\\/diariotextual.com\\\/inicio\\\/wp-content\\\/uploads\\\/2023\\\/05\\\/logotextual1.jpg\",\"contentUrl\":\"https:\\\/\\\/diariotextual.com\\\/inicio\\\/wp-content\\\/uploads\\\/2023\\\/05\\\/logotextual1.jpg\",\"width\":516,\"height\":76,\"caption\":\"Diario Textual\"},\"image\":{\"@id\":\"https:\\\/\\\/diariotextual.com\\\/inicio\\\/#\\\/schema\\\/logo\\\/image\\\/\"},\"sameAs\":[\"https:\\\/\\\/www.facebook.com\\\/eltextual\",\"https:\\\/\\\/x.com\\\/eltextual\",\"http:\\\/\\\/www.instagram.com\\\/eltextual\"]},{\"@type\":\"Person\",\"@id\":\"https:\\\/\\\/diariotextual.com\\\/inicio\\\/#\\\/schema\\\/person\\\/418fc4093c33e86ed41562db3508f958\",\"name\":\"Diario1 Diario1\",\"image\":{\"@type\":\"ImageObject\",\"inLanguage\":\"es\",\"@id\":\"https:\\\/\\\/secure.gravatar.com\\\/avatar\\\/9167d280179c85bc18be67aa7eda765854300033af4896dd779b608640f2ef7a?s=96&d=mm&r=g\",\"url\":\"https:\\\/\\\/secure.gravatar.com\\\/avatar\\\/9167d280179c85bc18be67aa7eda765854300033af4896dd779b608640f2ef7a?s=96&d=mm&r=g\",\"contentUrl\":\"https:\\\/\\\/secure.gravatar.com\\\/avatar\\\/9167d280179c85bc18be67aa7eda765854300033af4896dd779b608640f2ef7a?s=96&d=mm&r=g\",\"caption\":\"Diario1 Diario1\"},\"url\":\"https:\\\/\\\/diariotextual.com\\\/inicio\\\/index.php\\\/author\\\/diario1\\\/\"}]}<\/script>\n<!-- \/ Yoast SEO plugin. -->","yoast_head_json":{"title":"\u00bfC\u00f3mo impact\u00f3 la cena en la imagen de Alberto Fern\u00e1ndez? - Diario Textual","robots":{"index":"index","follow":"follow","max-snippet":"max-snippet:-1","max-image-preview":"max-image-preview:large","max-video-preview":"max-video-preview:-1"},"canonical":"https:\/\/diariotextual.com\/inicio\/index.php\/2021\/08\/18\/como-impacto-la-cena-en-la-imagen-de-alberto-fernandez\/","og_locale":"es_ES","og_type":"article","og_title":"\u00bfC\u00f3mo impact\u00f3 la cena en la imagen de Alberto Fern\u00e1ndez? - Diario Textual","og_description":"Luego de las repercusiones medi\u00e1ticas de la cena en plena pandemia que hicieron el presidente Alberto Fern\u00e1ndez y la primera dama Fabiola Y\u00e1nez, las encuestadoras comenzaron a medir c\u00f3mo afect\u00f3&hellip;","og_url":"https:\/\/diariotextual.com\/inicio\/index.php\/2021\/08\/18\/como-impacto-la-cena-en-la-imagen-de-alberto-fernandez\/","og_site_name":"Diario Textual","article_publisher":"https:\/\/www.facebook.com\/eltextual","article_published_time":"2021-08-18T12:26:53+00:00","article_modified_time":"2021-08-18T18:06:36+00:00","og_image":[{"width":1200,"height":675,"url":"https:\/\/diariotextual.com\/inicio\/wp-content\/uploads\/2021\/08\/fernandezalbertofabiolaolivoreunionclandestina001.jpg","type":"image\/jpeg"}],"author":"Diario1 Diario1","twitter_card":"summary_large_image","twitter_creator":"@eltextual","twitter_site":"@eltextual","twitter_misc":{"Escrito por":"Diario1 Diario1","Tiempo de lectura":"2 minutos"},"schema":{"@context":"https:\/\/schema.org","@graph":[{"@type":"Article","@id":"https:\/\/diariotextual.com\/inicio\/index.php\/2021\/08\/18\/como-impacto-la-cena-en-la-imagen-de-alberto-fernandez\/#article","isPartOf":{"@id":"https:\/\/diariotextual.com\/inicio\/index.php\/2021\/08\/18\/como-impacto-la-cena-en-la-imagen-de-alberto-fernandez\/"},"author":{"name":"Diario1 Diario1","@id":"https:\/\/diariotextual.com\/inicio\/#\/schema\/person\/418fc4093c33e86ed41562db3508f958"},"headline":"\u00bfC\u00f3mo impact\u00f3 la cena en la imagen de Alberto Fern\u00e1ndez?","datePublished":"2021-08-18T12:26:53+00:00","dateModified":"2021-08-18T18:06:36+00:00","mainEntityOfPage":{"@id":"https:\/\/diariotextual.com\/inicio\/index.php\/2021\/08\/18\/como-impacto-la-cena-en-la-imagen-de-alberto-fernandez\/"},"wordCount":338,"publisher":{"@id":"https:\/\/diariotextual.com\/inicio\/#organization"},"image":{"@id":"https:\/\/diariotextual.com\/inicio\/index.php\/2021\/08\/18\/como-impacto-la-cena-en-la-imagen-de-alberto-fernandez\/#primaryimage"},"thumbnailUrl":"https:\/\/diariotextual.com\/inicio\/wp-content\/uploads\/2021\/08\/fernandezalbertofabiolaolivoreunionclandestina001.jpg","keywords":["brindis","cena","fabiola"],"articleSection":["A - PORTADA2","POLITICA"],"inLanguage":"es"},{"@type":"WebPage","@id":"https:\/\/diariotextual.com\/inicio\/index.php\/2021\/08\/18\/como-impacto-la-cena-en-la-imagen-de-alberto-fernandez\/","url":"https:\/\/diariotextual.com\/inicio\/index.php\/2021\/08\/18\/como-impacto-la-cena-en-la-imagen-de-alberto-fernandez\/","name":"\u00bfC\u00f3mo impact\u00f3 la cena en la imagen de Alberto Fern\u00e1ndez? - Diario Textual","isPartOf":{"@id":"https:\/\/diariotextual.com\/inicio\/#website"},"primaryImageOfPage":{"@id":"https:\/\/diariotextual.com\/inicio\/index.php\/2021\/08\/18\/como-impacto-la-cena-en-la-imagen-de-alberto-fernandez\/#primaryimage"},"image":{"@id":"https:\/\/diariotextual.com\/inicio\/index.php\/2021\/08\/18\/como-impacto-la-cena-en-la-imagen-de-alberto-fernandez\/#primaryimage"},"thumbnailUrl":"https:\/\/diariotextual.com\/inicio\/wp-content\/uploads\/2021\/08\/fernandezalbertofabiolaolivoreunionclandestina001.jpg","datePublished":"2021-08-18T12:26:53+00:00","dateModified":"2021-08-18T18:06:36+00:00","breadcrumb":{"@id":"https:\/\/diariotextual.com\/inicio\/index.php\/2021\/08\/18\/como-impacto-la-cena-en-la-imagen-de-alberto-fernandez\/#breadcrumb"},"inLanguage":"es","potentialAction":[{"@type":"ReadAction","target":["https:\/\/diariotextual.com\/inicio\/index.php\/2021\/08\/18\/como-impacto-la-cena-en-la-imagen-de-alberto-fernandez\/"]}]},{"@type":"ImageObject","inLanguage":"es","@id":"https:\/\/diariotextual.com\/inicio\/index.php\/2021\/08\/18\/como-impacto-la-cena-en-la-imagen-de-alberto-fernandez\/#primaryimage","url":"https:\/\/diariotextual.com\/inicio\/wp-content\/uploads\/2021\/08\/fernandezalbertofabiolaolivoreunionclandestina001.jpg","contentUrl":"https:\/\/diariotextual.com\/inicio\/wp-content\/uploads\/2021\/08\/fernandezalbertofabiolaolivoreunionclandestina001.jpg","width":1200,"height":675},{"@type":"BreadcrumbList","@id":"https:\/\/diariotextual.com\/inicio\/index.php\/2021\/08\/18\/como-impacto-la-cena-en-la-imagen-de-alberto-fernandez\/#breadcrumb","itemListElement":[{"@type":"ListItem","position":1,"name":"Portada","item":"https:\/\/diariotextual.com\/inicio\/"},{"@type":"ListItem","position":2,"name":"\u00bfC\u00f3mo impact\u00f3 la cena en la imagen de Alberto Fern\u00e1ndez?"}]},{"@type":"WebSite","@id":"https:\/\/diariotextual.com\/inicio\/#website","url":"https:\/\/diariotextual.com\/inicio\/","name":"Diario Textual","description":"","publisher":{"@id":"https:\/\/diariotextual.com\/inicio\/#organization"},"potentialAction":[{"@type":"SearchAction","target":{"@type":"EntryPoint","urlTemplate":"https:\/\/diariotextual.com\/inicio\/?s={search_term_string}"},"query-input":{"@type":"PropertyValueSpecification","valueRequired":true,"valueName":"search_term_string"}}],"inLanguage":"es"},{"@type":"Organization","@id":"https:\/\/diariotextual.com\/inicio\/#organization","name":"Diario Textual","url":"https:\/\/diariotextual.com\/inicio\/","logo":{"@type":"ImageObject","inLanguage":"es","@id":"https:\/\/diariotextual.com\/inicio\/#\/schema\/logo\/image\/","url":"https:\/\/diariotextual.com\/inicio\/wp-content\/uploads\/2023\/05\/logotextual1.jpg","contentUrl":"https:\/\/diariotextual.com\/inicio\/wp-content\/uploads\/2023\/05\/logotextual1.jpg","width":516,"height":76,"caption":"Diario Textual"},"image":{"@id":"https:\/\/diariotextual.com\/inicio\/#\/schema\/logo\/image\/"},"sameAs":["https:\/\/www.facebook.com\/eltextual","https:\/\/x.com\/eltextual","http:\/\/www.instagram.com\/eltextual"]},{"@type":"Person","@id":"https:\/\/diariotextual.com\/inicio\/#\/schema\/person\/418fc4093c33e86ed41562db3508f958","name":"Diario1 Diario1","image":{"@type":"ImageObject","inLanguage":"es","@id":"https:\/\/secure.gravatar.com\/avatar\/9167d280179c85bc18be67aa7eda765854300033af4896dd779b608640f2ef7a?s=96&d=mm&r=g","url":"https:\/\/secure.gravatar.com\/avatar\/9167d280179c85bc18be67aa7eda765854300033af4896dd779b608640f2ef7a?s=96&d=mm&r=g","contentUrl":"https:\/\/secure.gravatar.com\/avatar\/9167d280179c85bc18be67aa7eda765854300033af4896dd779b608640f2ef7a?s=96&d=mm&r=g","caption":"Diario1 Diario1"},"url":"https:\/\/diariotextual.com\/inicio\/index.php\/author\/diario1\/"}]}},"_links":{"self":[{"href":"https:\/\/diariotextual.com\/inicio\/index.php\/wp-json\/wp\/v2\/posts\/158199","targetHints":{"allow":["GET"]}}],"collection":[{"href":"https:\/\/diariotextual.com\/inicio\/index.php\/wp-json\/wp\/v2\/posts"}],"about":[{"href":"https:\/\/diariotextual.com\/inicio\/index.php\/wp-json\/wp\/v2\/types\/post"}],"author":[{"embeddable":true,"href":"https:\/\/diariotextual.com\/inicio\/index.php\/wp-json\/wp\/v2\/users\/3"}],"replies":[{"embeddable":true,"href":"https:\/\/diariotextual.com\/inicio\/index.php\/wp-json\/wp\/v2\/comments?post=158199"}],"version-history":[{"count":3,"href":"https:\/\/diariotextual.com\/inicio\/index.php\/wp-json\/wp\/v2\/posts\/158199\/revisions"}],"predecessor-version":[{"id":158204,"href":"https:\/\/diariotextual.com\/inicio\/index.php\/wp-json\/wp\/v2\/posts\/158199\/revisions\/158204"}],"wp:featuredmedia":[{"embeddable":true,"href":"https:\/\/diariotextual.com\/inicio\/index.php\/wp-json\/wp\/v2\/media\/157734"}],"wp:attachment":[{"href":"https:\/\/diariotextual.com\/inicio\/index.php\/wp-json\/wp\/v2\/media?parent=158199"}],"wp:term":[{"taxonomy":"category","embeddable":true,"href":"https:\/\/diariotextual.com\/inicio\/index.php\/wp-json\/wp\/v2\/categories?post=158199"},{"taxonomy":"post_tag","embeddable":true,"href":"https:\/\/diariotextual.com\/inicio\/index.php\/wp-json\/wp\/v2\/tags?post=158199"}],"curies":[{"name":"wp","href":"https:\/\/api.w.org\/{rel}","templated":true}]}}