{"id":15839,"date":"2018-08-03T15:00:21","date_gmt":"2018-08-03T18:00:21","guid":{"rendered":"http:\/\/diariotextual.com\/inicio\/?p=15839"},"modified":"2018-08-03T15:00:21","modified_gmt":"2018-08-03T18:00:21","slug":"santa-rosa-abusaron-nena-no-la-denuncia-ahora-fue-condenada","status":"publish","type":"post","link":"https:\/\/diariotextual.com\/inicio\/index.php\/2018\/08\/03\/santa-rosa-abusaron-nena-no-la-denuncia-ahora-fue-condenada\/","title":{"rendered":"En Santa Rosa abusaron de su nena, no hizo la denuncia y ahora fue condenada"},"content":{"rendered":"<p><strong>Sab\u00eda que su hija, desde los cinco o seis a\u00f1os, era manoseada por su novio.<\/strong> Pero no hizo la denuncia policial. Ahora, ante un juez, <strong>lo admiti\u00f3<\/strong>.<\/p>\n<p>Hoy el juez de audiencia santarrose\u00f1o <strong>Carlos Alberto Besi<\/strong> conden\u00f3 a un hombre de 36 a\u00f1os a la pena de<strong> tres a\u00f1os de prisi\u00f3n de cumplimiento efectivo<\/strong> por haber abusado sexualmente, con tocamientos, a una ni\u00f1a. La madre de la peque\u00f1a tambi\u00e9n fue condenada, pero a tres a\u00f1os de prisi\u00f3n en suspenso: conoc\u00eda el caso pero no lo hab\u00eda denunciado. <strong>El magistrado orden\u00f3 evaluar si corresponde o no revincular a la ni\u00f1a con su madre<\/strong>.<\/p>\n<p>El hombre fue condenado por el delito de abuso sexual simple agravado por la situaci\u00f3n de convivencia preexistente con una menor de 18 a\u00f1os como delito continuado. La madre, de 35 a\u00f1os, fue imputada en car\u00e1cter de part\u00edcipe primaria del delito.<\/p>\n<p>El conflicto penal se resolvi\u00f3 por la v\u00eda de un juicio abreviado propuesto por el fiscal Andr\u00e9s Eduardo Torino, el defensor particular Carlos P\u00e9rez Funes y los dos imputados, quienes admitieron su culpabilidad.<\/p>\n<p>Con las pruebas reunidas por el Ministerio P\u00fablico Fiscal se acredit\u00f3 que el hombre, de profesi\u00f3n constructor, efectu\u00f3 \u201cm\u00faltiples oportunidades\u201d tocamientos a la menor, hija de su pareja conviviente, y que ello ocurri\u00f3 en el domicilio materno desde que la v\u00edctima ten\u00eda 5 o 6 a\u00f1os hasta el a\u00f1o pasado. \u00abLa madre de la ni\u00f1a, pareja del acusado, tuvo conocimiento de los hechos y no hizo la correspondiente denuncia\u201d, dijo el juez en el fallo.<\/p>\n<p>A su vez, la imputada deber\u00e1 cumplir con las siguientes pautas de conducta durante dos a\u00f1os: fijar residencia, someterse al contralor del Ente de Pol\u00edticas Socializadoras y realizar un tratamiento psicol\u00f3gico.<\/p>\n<p>Besi, por \u00faltimo, libr\u00f3 un oficio a la Direcci\u00f3n de Prevenci\u00f3n y Asistencia a la Violencia Familiar, \u201ca fin de que se brinde un tratamiento interdisciplinario\u201d a ella, \u201ccon el fin de evaluar la posibilidad o no de la revinculaci\u00f3n materno-filial, con especial atenci\u00f3n al inter\u00e9s superior de la ni\u00f1a\u201d.\u200b<\/p>\n<p>&nbsp;<\/p>\n<p>&nbsp;<\/p>\n","protected":false},"excerpt":{"rendered":"<p>Sab\u00eda que su hija, desde los cinco o seis a\u00f1os, era manoseada por su novio. Pero no hizo la denuncia policial. Ahora, ante un juez, lo admiti\u00f3. Hoy el juez&hellip;<\/p>\n","protected":false},"author":3,"featured_media":15842,"comment_status":"closed","ping_status":"open","sticky":false,"template":"","format":"standard","meta":{"_acf_changed":false,"footnotes":""},"categories":[4,12],"tags":[159],"class_list":["post-15839","post","type-post","status-publish","format-standard","has-post-thumbnail","hentry","category-destacadas","category-sociedad","tag-abuso"],"acf":[],"yoast_head":"<!-- This site is optimized with the Yoast SEO plugin v27.5 - https:\/\/yoast.com\/product\/yoast-seo-wordpress\/ -->\n<title>En Santa Rosa abusaron de su nena, no hizo la denuncia y ahora fue condenada - Diario Textual<\/title>\n<meta name=\"robots\" content=\"index, follow, max-snippet:-1, max-image-preview:large, max-video-preview:-1\" \/>\n<link rel=\"canonical\" href=\"https:\/\/diariotextual.com\/inicio\/index.php\/2018\/08\/03\/santa-rosa-abusaron-nena-no-la-denuncia-ahora-fue-condenada\/\" \/>\n<meta property=\"og:locale\" content=\"es_ES\" \/>\n<meta property=\"og:type\" content=\"article\" \/>\n<meta property=\"og:title\" content=\"En Santa Rosa abusaron de su nena, no hizo la denuncia y ahora fue condenada - Diario Textual\" \/>\n<meta property=\"og:description\" content=\"Sab\u00eda que su hija, desde los cinco o seis a\u00f1os, era manoseada por su novio. Pero no hizo la denuncia policial. Ahora, ante un juez, lo admiti\u00f3. Hoy el juez&hellip;\" \/>\n<meta property=\"og:url\" content=\"https:\/\/diariotextual.com\/inicio\/index.php\/2018\/08\/03\/santa-rosa-abusaron-nena-no-la-denuncia-ahora-fue-condenada\/\" \/>\n<meta property=\"og:site_name\" content=\"Diario Textual\" \/>\n<meta property=\"article:publisher\" content=\"https:\/\/www.facebook.com\/eltextual\" \/>\n<meta property=\"article:published_time\" content=\"2018-08-03T18:00:21+00:00\" \/>\n<meta property=\"og:image\" content=\"https:\/\/diariotextual.com\/inicio\/wp-content\/uploads\/2018\/08\/abusosni\u00f1ez2222.jpg\" \/>\n\t<meta property=\"og:image:width\" content=\"690\" \/>\n\t<meta property=\"og:image:height\" content=\"450\" \/>\n\t<meta property=\"og:image:type\" content=\"image\/jpeg\" \/>\n<meta name=\"author\" content=\"Diario1 Diario1\" \/>\n<meta name=\"twitter:card\" content=\"summary_large_image\" \/>\n<meta name=\"twitter:creator\" content=\"@eltextual\" \/>\n<meta name=\"twitter:site\" content=\"@eltextual\" \/>\n<meta name=\"twitter:label1\" content=\"Escrito por\" \/>\n\t<meta name=\"twitter:data1\" content=\"Diario1 Diario1\" \/>\n\t<meta name=\"twitter:label2\" content=\"Tiempo de lectura\" \/>\n\t<meta name=\"twitter:data2\" content=\"2 minutos\" \/>\n<script type=\"application\/ld+json\" class=\"yoast-schema-graph\">{\"@context\":\"https:\\\/\\\/schema.org\",\"@graph\":[{\"@type\":\"Article\",\"@id\":\"https:\\\/\\\/diariotextual.com\\\/inicio\\\/index.php\\\/2018\\\/08\\\/03\\\/santa-rosa-abusaron-nena-no-la-denuncia-ahora-fue-condenada\\\/#article\",\"isPartOf\":{\"@id\":\"https:\\\/\\\/diariotextual.com\\\/inicio\\\/index.php\\\/2018\\\/08\\\/03\\\/santa-rosa-abusaron-nena-no-la-denuncia-ahora-fue-condenada\\\/\"},\"author\":{\"name\":\"Diario1 Diario1\",\"@id\":\"https:\\\/\\\/diariotextual.com\\\/inicio\\\/#\\\/schema\\\/person\\\/418fc4093c33e86ed41562db3508f958\"},\"headline\":\"En Santa Rosa abusaron de su nena, no hizo la denuncia y ahora fue condenada\",\"datePublished\":\"2018-08-03T18:00:21+00:00\",\"mainEntityOfPage\":{\"@id\":\"https:\\\/\\\/diariotextual.com\\\/inicio\\\/index.php\\\/2018\\\/08\\\/03\\\/santa-rosa-abusaron-nena-no-la-denuncia-ahora-fue-condenada\\\/\"},\"wordCount\":383,\"publisher\":{\"@id\":\"https:\\\/\\\/diariotextual.com\\\/inicio\\\/#organization\"},\"image\":{\"@id\":\"https:\\\/\\\/diariotextual.com\\\/inicio\\\/index.php\\\/2018\\\/08\\\/03\\\/santa-rosa-abusaron-nena-no-la-denuncia-ahora-fue-condenada\\\/#primaryimage\"},\"thumbnailUrl\":\"https:\\\/\\\/diariotextual.com\\\/inicio\\\/wp-content\\\/uploads\\\/2018\\\/08\\\/abusosni\u00f1ez2222.jpg\",\"keywords\":[\"abuso\"],\"articleSection\":[\"A - DESTACADAS (mod 16)\",\"SOCIEDAD\"],\"inLanguage\":\"es\"},{\"@type\":\"WebPage\",\"@id\":\"https:\\\/\\\/diariotextual.com\\\/inicio\\\/index.php\\\/2018\\\/08\\\/03\\\/santa-rosa-abusaron-nena-no-la-denuncia-ahora-fue-condenada\\\/\",\"url\":\"https:\\\/\\\/diariotextual.com\\\/inicio\\\/index.php\\\/2018\\\/08\\\/03\\\/santa-rosa-abusaron-nena-no-la-denuncia-ahora-fue-condenada\\\/\",\"name\":\"En Santa Rosa abusaron de su nena, no hizo la denuncia y ahora fue condenada - Diario Textual\",\"isPartOf\":{\"@id\":\"https:\\\/\\\/diariotextual.com\\\/inicio\\\/#website\"},\"primaryImageOfPage\":{\"@id\":\"https:\\\/\\\/diariotextual.com\\\/inicio\\\/index.php\\\/2018\\\/08\\\/03\\\/santa-rosa-abusaron-nena-no-la-denuncia-ahora-fue-condenada\\\/#primaryimage\"},\"image\":{\"@id\":\"https:\\\/\\\/diariotextual.com\\\/inicio\\\/index.php\\\/2018\\\/08\\\/03\\\/santa-rosa-abusaron-nena-no-la-denuncia-ahora-fue-condenada\\\/#primaryimage\"},\"thumbnailUrl\":\"https:\\\/\\\/diariotextual.com\\\/inicio\\\/wp-content\\\/uploads\\\/2018\\\/08\\\/abusosni\u00f1ez2222.jpg\",\"datePublished\":\"2018-08-03T18:00:21+00:00\",\"breadcrumb\":{\"@id\":\"https:\\\/\\\/diariotextual.com\\\/inicio\\\/index.php\\\/2018\\\/08\\\/03\\\/santa-rosa-abusaron-nena-no-la-denuncia-ahora-fue-condenada\\\/#breadcrumb\"},\"inLanguage\":\"es\",\"potentialAction\":[{\"@type\":\"ReadAction\",\"target\":[\"https:\\\/\\\/diariotextual.com\\\/inicio\\\/index.php\\\/2018\\\/08\\\/03\\\/santa-rosa-abusaron-nena-no-la-denuncia-ahora-fue-condenada\\\/\"]}]},{\"@type\":\"ImageObject\",\"inLanguage\":\"es\",\"@id\":\"https:\\\/\\\/diariotextual.com\\\/inicio\\\/index.php\\\/2018\\\/08\\\/03\\\/santa-rosa-abusaron-nena-no-la-denuncia-ahora-fue-condenada\\\/#primaryimage\",\"url\":\"https:\\\/\\\/diariotextual.com\\\/inicio\\\/wp-content\\\/uploads\\\/2018\\\/08\\\/abusosni\u00f1ez2222.jpg\",\"contentUrl\":\"https:\\\/\\\/diariotextual.com\\\/inicio\\\/wp-content\\\/uploads\\\/2018\\\/08\\\/abusosni\u00f1ez2222.jpg\",\"width\":690,\"height\":450},{\"@type\":\"BreadcrumbList\",\"@id\":\"https:\\\/\\\/diariotextual.com\\\/inicio\\\/index.php\\\/2018\\\/08\\\/03\\\/santa-rosa-abusaron-nena-no-la-denuncia-ahora-fue-condenada\\\/#breadcrumb\",\"itemListElement\":[{\"@type\":\"ListItem\",\"position\":1,\"name\":\"Portada\",\"item\":\"https:\\\/\\\/diariotextual.com\\\/inicio\\\/\"},{\"@type\":\"ListItem\",\"position\":2,\"name\":\"En Santa Rosa abusaron de su nena, no hizo la denuncia y ahora fue condenada\"}]},{\"@type\":\"WebSite\",\"@id\":\"https:\\\/\\\/diariotextual.com\\\/inicio\\\/#website\",\"url\":\"https:\\\/\\\/diariotextual.com\\\/inicio\\\/\",\"name\":\"Diario Textual\",\"description\":\"\",\"publisher\":{\"@id\":\"https:\\\/\\\/diariotextual.com\\\/inicio\\\/#organization\"},\"potentialAction\":[{\"@type\":\"SearchAction\",\"target\":{\"@type\":\"EntryPoint\",\"urlTemplate\":\"https:\\\/\\\/diariotextual.com\\\/inicio\\\/?s={search_term_string}\"},\"query-input\":{\"@type\":\"PropertyValueSpecification\",\"valueRequired\":true,\"valueName\":\"search_term_string\"}}],\"inLanguage\":\"es\"},{\"@type\":\"Organization\",\"@id\":\"https:\\\/\\\/diariotextual.com\\\/inicio\\\/#organization\",\"name\":\"Diario Textual\",\"url\":\"https:\\\/\\\/diariotextual.com\\\/inicio\\\/\",\"logo\":{\"@type\":\"ImageObject\",\"inLanguage\":\"es\",\"@id\":\"https:\\\/\\\/diariotextual.com\\\/inicio\\\/#\\\/schema\\\/logo\\\/image\\\/\",\"url\":\"https:\\\/\\\/diariotextual.com\\\/inicio\\\/wp-content\\\/uploads\\\/2023\\\/05\\\/logotextual1.jpg\",\"contentUrl\":\"https:\\\/\\\/diariotextual.com\\\/inicio\\\/wp-content\\\/uploads\\\/2023\\\/05\\\/logotextual1.jpg\",\"width\":516,\"height\":76,\"caption\":\"Diario Textual\"},\"image\":{\"@id\":\"https:\\\/\\\/diariotextual.com\\\/inicio\\\/#\\\/schema\\\/logo\\\/image\\\/\"},\"sameAs\":[\"https:\\\/\\\/www.facebook.com\\\/eltextual\",\"https:\\\/\\\/x.com\\\/eltextual\",\"http:\\\/\\\/www.instagram.com\\\/eltextual\"]},{\"@type\":\"Person\",\"@id\":\"https:\\\/\\\/diariotextual.com\\\/inicio\\\/#\\\/schema\\\/person\\\/418fc4093c33e86ed41562db3508f958\",\"name\":\"Diario1 Diario1\",\"image\":{\"@type\":\"ImageObject\",\"inLanguage\":\"es\",\"@id\":\"https:\\\/\\\/secure.gravatar.com\\\/avatar\\\/9167d280179c85bc18be67aa7eda765854300033af4896dd779b608640f2ef7a?s=96&d=mm&r=g\",\"url\":\"https:\\\/\\\/secure.gravatar.com\\\/avatar\\\/9167d280179c85bc18be67aa7eda765854300033af4896dd779b608640f2ef7a?s=96&d=mm&r=g\",\"contentUrl\":\"https:\\\/\\\/secure.gravatar.com\\\/avatar\\\/9167d280179c85bc18be67aa7eda765854300033af4896dd779b608640f2ef7a?s=96&d=mm&r=g\",\"caption\":\"Diario1 Diario1\"},\"url\":\"https:\\\/\\\/diariotextual.com\\\/inicio\\\/index.php\\\/author\\\/diario1\\\/\"}]}<\/script>\n<!-- \/ Yoast SEO plugin. -->","yoast_head_json":{"title":"En Santa Rosa abusaron de su nena, no hizo la denuncia y ahora fue condenada - Diario Textual","robots":{"index":"index","follow":"follow","max-snippet":"max-snippet:-1","max-image-preview":"max-image-preview:large","max-video-preview":"max-video-preview:-1"},"canonical":"https:\/\/diariotextual.com\/inicio\/index.php\/2018\/08\/03\/santa-rosa-abusaron-nena-no-la-denuncia-ahora-fue-condenada\/","og_locale":"es_ES","og_type":"article","og_title":"En Santa Rosa abusaron de su nena, no hizo la denuncia y ahora fue condenada - Diario Textual","og_description":"Sab\u00eda que su hija, desde los cinco o seis a\u00f1os, era manoseada por su novio. Pero no hizo la denuncia policial. Ahora, ante un juez, lo admiti\u00f3. Hoy el juez&hellip;","og_url":"https:\/\/diariotextual.com\/inicio\/index.php\/2018\/08\/03\/santa-rosa-abusaron-nena-no-la-denuncia-ahora-fue-condenada\/","og_site_name":"Diario Textual","article_publisher":"https:\/\/www.facebook.com\/eltextual","article_published_time":"2018-08-03T18:00:21+00:00","og_image":[{"width":690,"height":450,"url":"https:\/\/diariotextual.com\/inicio\/wp-content\/uploads\/2018\/08\/abusosni\u00f1ez2222.jpg","type":"image\/jpeg"}],"author":"Diario1 Diario1","twitter_card":"summary_large_image","twitter_creator":"@eltextual","twitter_site":"@eltextual","twitter_misc":{"Escrito por":"Diario1 Diario1","Tiempo de lectura":"2 minutos"},"schema":{"@context":"https:\/\/schema.org","@graph":[{"@type":"Article","@id":"https:\/\/diariotextual.com\/inicio\/index.php\/2018\/08\/03\/santa-rosa-abusaron-nena-no-la-denuncia-ahora-fue-condenada\/#article","isPartOf":{"@id":"https:\/\/diariotextual.com\/inicio\/index.php\/2018\/08\/03\/santa-rosa-abusaron-nena-no-la-denuncia-ahora-fue-condenada\/"},"author":{"name":"Diario1 Diario1","@id":"https:\/\/diariotextual.com\/inicio\/#\/schema\/person\/418fc4093c33e86ed41562db3508f958"},"headline":"En Santa Rosa abusaron de su nena, no hizo la denuncia y ahora fue condenada","datePublished":"2018-08-03T18:00:21+00:00","mainEntityOfPage":{"@id":"https:\/\/diariotextual.com\/inicio\/index.php\/2018\/08\/03\/santa-rosa-abusaron-nena-no-la-denuncia-ahora-fue-condenada\/"},"wordCount":383,"publisher":{"@id":"https:\/\/diariotextual.com\/inicio\/#organization"},"image":{"@id":"https:\/\/diariotextual.com\/inicio\/index.php\/2018\/08\/03\/santa-rosa-abusaron-nena-no-la-denuncia-ahora-fue-condenada\/#primaryimage"},"thumbnailUrl":"https:\/\/diariotextual.com\/inicio\/wp-content\/uploads\/2018\/08\/abusosni\u00f1ez2222.jpg","keywords":["abuso"],"articleSection":["A - DESTACADAS (mod 16)","SOCIEDAD"],"inLanguage":"es"},{"@type":"WebPage","@id":"https:\/\/diariotextual.com\/inicio\/index.php\/2018\/08\/03\/santa-rosa-abusaron-nena-no-la-denuncia-ahora-fue-condenada\/","url":"https:\/\/diariotextual.com\/inicio\/index.php\/2018\/08\/03\/santa-rosa-abusaron-nena-no-la-denuncia-ahora-fue-condenada\/","name":"En Santa Rosa abusaron de su nena, no hizo la denuncia y ahora fue condenada - Diario Textual","isPartOf":{"@id":"https:\/\/diariotextual.com\/inicio\/#website"},"primaryImageOfPage":{"@id":"https:\/\/diariotextual.com\/inicio\/index.php\/2018\/08\/03\/santa-rosa-abusaron-nena-no-la-denuncia-ahora-fue-condenada\/#primaryimage"},"image":{"@id":"https:\/\/diariotextual.com\/inicio\/index.php\/2018\/08\/03\/santa-rosa-abusaron-nena-no-la-denuncia-ahora-fue-condenada\/#primaryimage"},"thumbnailUrl":"https:\/\/diariotextual.com\/inicio\/wp-content\/uploads\/2018\/08\/abusosni\u00f1ez2222.jpg","datePublished":"2018-08-03T18:00:21+00:00","breadcrumb":{"@id":"https:\/\/diariotextual.com\/inicio\/index.php\/2018\/08\/03\/santa-rosa-abusaron-nena-no-la-denuncia-ahora-fue-condenada\/#breadcrumb"},"inLanguage":"es","potentialAction":[{"@type":"ReadAction","target":["https:\/\/diariotextual.com\/inicio\/index.php\/2018\/08\/03\/santa-rosa-abusaron-nena-no-la-denuncia-ahora-fue-condenada\/"]}]},{"@type":"ImageObject","inLanguage":"es","@id":"https:\/\/diariotextual.com\/inicio\/index.php\/2018\/08\/03\/santa-rosa-abusaron-nena-no-la-denuncia-ahora-fue-condenada\/#primaryimage","url":"https:\/\/diariotextual.com\/inicio\/wp-content\/uploads\/2018\/08\/abusosni\u00f1ez2222.jpg","contentUrl":"https:\/\/diariotextual.com\/inicio\/wp-content\/uploads\/2018\/08\/abusosni\u00f1ez2222.jpg","width":690,"height":450},{"@type":"BreadcrumbList","@id":"https:\/\/diariotextual.com\/inicio\/index.php\/2018\/08\/03\/santa-rosa-abusaron-nena-no-la-denuncia-ahora-fue-condenada\/#breadcrumb","itemListElement":[{"@type":"ListItem","position":1,"name":"Portada","item":"https:\/\/diariotextual.com\/inicio\/"},{"@type":"ListItem","position":2,"name":"En Santa Rosa abusaron de su nena, no hizo la denuncia y ahora fue condenada"}]},{"@type":"WebSite","@id":"https:\/\/diariotextual.com\/inicio\/#website","url":"https:\/\/diariotextual.com\/inicio\/","name":"Diario Textual","description":"","publisher":{"@id":"https:\/\/diariotextual.com\/inicio\/#organization"},"potentialAction":[{"@type":"SearchAction","target":{"@type":"EntryPoint","urlTemplate":"https:\/\/diariotextual.com\/inicio\/?s={search_term_string}"},"query-input":{"@type":"PropertyValueSpecification","valueRequired":true,"valueName":"search_term_string"}}],"inLanguage":"es"},{"@type":"Organization","@id":"https:\/\/diariotextual.com\/inicio\/#organization","name":"Diario Textual","url":"https:\/\/diariotextual.com\/inicio\/","logo":{"@type":"ImageObject","inLanguage":"es","@id":"https:\/\/diariotextual.com\/inicio\/#\/schema\/logo\/image\/","url":"https:\/\/diariotextual.com\/inicio\/wp-content\/uploads\/2023\/05\/logotextual1.jpg","contentUrl":"https:\/\/diariotextual.com\/inicio\/wp-content\/uploads\/2023\/05\/logotextual1.jpg","width":516,"height":76,"caption":"Diario Textual"},"image":{"@id":"https:\/\/diariotextual.com\/inicio\/#\/schema\/logo\/image\/"},"sameAs":["https:\/\/www.facebook.com\/eltextual","https:\/\/x.com\/eltextual","http:\/\/www.instagram.com\/eltextual"]},{"@type":"Person","@id":"https:\/\/diariotextual.com\/inicio\/#\/schema\/person\/418fc4093c33e86ed41562db3508f958","name":"Diario1 Diario1","image":{"@type":"ImageObject","inLanguage":"es","@id":"https:\/\/secure.gravatar.com\/avatar\/9167d280179c85bc18be67aa7eda765854300033af4896dd779b608640f2ef7a?s=96&d=mm&r=g","url":"https:\/\/secure.gravatar.com\/avatar\/9167d280179c85bc18be67aa7eda765854300033af4896dd779b608640f2ef7a?s=96&d=mm&r=g","contentUrl":"https:\/\/secure.gravatar.com\/avatar\/9167d280179c85bc18be67aa7eda765854300033af4896dd779b608640f2ef7a?s=96&d=mm&r=g","caption":"Diario1 Diario1"},"url":"https:\/\/diariotextual.com\/inicio\/index.php\/author\/diario1\/"}]}},"_links":{"self":[{"href":"https:\/\/diariotextual.com\/inicio\/index.php\/wp-json\/wp\/v2\/posts\/15839","targetHints":{"allow":["GET"]}}],"collection":[{"href":"https:\/\/diariotextual.com\/inicio\/index.php\/wp-json\/wp\/v2\/posts"}],"about":[{"href":"https:\/\/diariotextual.com\/inicio\/index.php\/wp-json\/wp\/v2\/types\/post"}],"author":[{"embeddable":true,"href":"https:\/\/diariotextual.com\/inicio\/index.php\/wp-json\/wp\/v2\/users\/3"}],"replies":[{"embeddable":true,"href":"https:\/\/diariotextual.com\/inicio\/index.php\/wp-json\/wp\/v2\/comments?post=15839"}],"version-history":[{"count":2,"href":"https:\/\/diariotextual.com\/inicio\/index.php\/wp-json\/wp\/v2\/posts\/15839\/revisions"}],"predecessor-version":[{"id":15843,"href":"https:\/\/diariotextual.com\/inicio\/index.php\/wp-json\/wp\/v2\/posts\/15839\/revisions\/15843"}],"wp:featuredmedia":[{"embeddable":true,"href":"https:\/\/diariotextual.com\/inicio\/index.php\/wp-json\/wp\/v2\/media\/15842"}],"wp:attachment":[{"href":"https:\/\/diariotextual.com\/inicio\/index.php\/wp-json\/wp\/v2\/media?parent=15839"}],"wp:term":[{"taxonomy":"category","embeddable":true,"href":"https:\/\/diariotextual.com\/inicio\/index.php\/wp-json\/wp\/v2\/categories?post=15839"},{"taxonomy":"post_tag","embeddable":true,"href":"https:\/\/diariotextual.com\/inicio\/index.php\/wp-json\/wp\/v2\/tags?post=15839"}],"curies":[{"name":"wp","href":"https:\/\/api.w.org\/{rel}","templated":true}]}}