{"id":158432,"date":"2021-08-19T22:52:00","date_gmt":"2021-08-20T01:52:00","guid":{"rendered":"https:\/\/diariotextual.com\/inicio\/?p=158432"},"modified":"2021-08-20T08:43:31","modified_gmt":"2021-08-20T11:43:31","slug":"nacion-envio-5500-dosis-de-astrazeneca-a-la-pampa","status":"publish","type":"post","link":"https:\/\/diariotextual.com\/inicio\/index.php\/2021\/08\/19\/nacion-envio-5500-dosis-de-astrazeneca-a-la-pampa\/","title":{"rendered":"Naci\u00f3n envi\u00f3 5500 dosis de Astrazeneca a La Pampa"},"content":{"rendered":"\n<p><strong>Un total de 680.000 dosis de vacunas desarrolladas por la Universidad de Oxford y el laboratorio Astrazeneca, y producidas en la Argentina, ser\u00e1n distribuidas entre este viernes y el s\u00e1bado en los 24 distritos del pa\u00eds para completar esquemas de vacunaci\u00f3n (es decir, se usar\u00e1n como segundas dosis). La Pampa recibir\u00e1 5500 dosis.<\/strong><\/p>\n\n\n\n<p>Luego de realizar el proceso de desaduanaje, recepci\u00f3n, control t\u00e9rmico, conteo, fraccionamiento y acondicionamiento, las 23 provincias y la Ciudad Aut\u00f3noma de Buenos Aires recibir\u00e1n sus cuotas de dosis.<\/p>\n\n\n\n<p>Seg\u00fan el criterio dispuesto por el Ministerio de Salud de la Naci\u00f3n, en base a la cantidad de poblaci\u00f3n de cada distrito, a la provincia de Buenos Aires le corresponden 270.700, a la Ciudad Aut\u00f3noma de Buenos Aires 27.000, a Catamarca 6.400, a Chaco 18.600, a Chubut 9.600, a C\u00f3rdoba 58.000, a Corrientes 17.300, a Entre R\u00edos 21.400, a Formosa 9.300, a Jujuy 11.900, a <strong>La Pampa 5.500<\/strong>, a La Rioja 6.100, a Mendoza 30.700, a Misiones 19.500, a Neuqu\u00e9n 10.300, a R\u00edo Negro 11.600, a Salta 22.000, a San Juan 12.100, a San Luis 7.900, a Santa Cruz 5.700, a Santa Fe 54.500, a Santiago del Estero 15.000, a Tierra del Fuego 2.700, y a Tucum\u00e1n 26.200.<\/p>\n\n\n\n<p>De acuerdo al Monitor P\u00fablico de Vacunaci\u00f3n, hasta esta tarde se distribuyeron 42.812.314 dosis de vacunas en todo el territorio, al tiempo que se aplicaron 38.145.435. De ese total, hay 26.993.547 personas inoculadas con la primera dosis, y 11.151.888 cuentan con el esquema completo de inmunizaci\u00f3n.<\/p>\n\n\n\n<p>De este modo, seg\u00fan el informe de avance de vacunaci\u00f3n, el 58,5 por ciento de la poblaci\u00f3n recibi\u00f3 al menos una dosis. El 81,5 por ciento de la poblaci\u00f3n mayor de 18 a\u00f1os inici\u00f3 su esquema de vacunaci\u00f3n y el 32,1 por ciento de esa franja etaria ya cuenta con las dos dosis.<\/p>\n\n\n\n<p><\/p>\n","protected":false},"excerpt":{"rendered":"<p>Un total de 680.000 dosis de vacunas desarrolladas por la Universidad de Oxford y el laboratorio Astrazeneca, y producidas en la Argentina, ser\u00e1n distribuidas entre este viernes y el s\u00e1bado&hellip;<\/p>\n","protected":false},"author":3,"featured_media":158440,"comment_status":"closed","ping_status":"open","sticky":false,"template":"","format":"standard","meta":{"_acf_changed":false,"footnotes":""},"categories":[10,12],"tags":[5953],"class_list":["post-158432","post","type-post","status-publish","format-standard","has-post-thumbnail","hentry","category-portada-2","category-sociedad","tag-astrazeeca"],"acf":[],"yoast_head":"<!-- This site is optimized with the Yoast SEO plugin v27.5 - https:\/\/yoast.com\/product\/yoast-seo-wordpress\/ -->\n<title>Naci\u00f3n envi\u00f3 5500 dosis de Astrazeneca a La Pampa - Diario Textual<\/title>\n<meta name=\"robots\" content=\"index, follow, max-snippet:-1, max-image-preview:large, max-video-preview:-1\" \/>\n<link rel=\"canonical\" href=\"https:\/\/diariotextual.com\/inicio\/index.php\/2021\/08\/19\/nacion-envio-5500-dosis-de-astrazeneca-a-la-pampa\/\" \/>\n<meta property=\"og:locale\" content=\"es_ES\" \/>\n<meta property=\"og:type\" content=\"article\" \/>\n<meta property=\"og:title\" content=\"Naci\u00f3n envi\u00f3 5500 dosis de Astrazeneca a La Pampa - Diario Textual\" \/>\n<meta property=\"og:description\" content=\"Un total de 680.000 dosis de vacunas desarrolladas por la Universidad de Oxford y el laboratorio Astrazeneca, y producidas en la Argentina, ser\u00e1n distribuidas entre este viernes y el s\u00e1bado&hellip;\" \/>\n<meta property=\"og:url\" content=\"https:\/\/diariotextual.com\/inicio\/index.php\/2021\/08\/19\/nacion-envio-5500-dosis-de-astrazeneca-a-la-pampa\/\" \/>\n<meta property=\"og:site_name\" content=\"Diario Textual\" \/>\n<meta property=\"article:publisher\" content=\"https:\/\/www.facebook.com\/eltextual\" \/>\n<meta property=\"article:published_time\" content=\"2021-08-20T01:52:00+00:00\" \/>\n<meta property=\"article:modified_time\" content=\"2021-08-20T11:43:31+00:00\" \/>\n<meta property=\"og:image\" content=\"https:\/\/diariotextual.com\/inicio\/wp-content\/uploads\/2021\/08\/coronavirusvacunas2021-1000.jpg\" \/>\n\t<meta property=\"og:image:width\" content=\"900\" \/>\n\t<meta property=\"og:image:height\" content=\"506\" \/>\n\t<meta property=\"og:image:type\" content=\"image\/jpeg\" \/>\n<meta name=\"author\" content=\"Diario1 Diario1\" \/>\n<meta name=\"twitter:card\" content=\"summary_large_image\" \/>\n<meta name=\"twitter:creator\" content=\"@eltextual\" \/>\n<meta name=\"twitter:site\" content=\"@eltextual\" \/>\n<meta name=\"twitter:label1\" content=\"Escrito por\" \/>\n\t<meta name=\"twitter:data1\" content=\"Diario1 Diario1\" \/>\n\t<meta name=\"twitter:label2\" content=\"Tiempo de lectura\" \/>\n\t<meta name=\"twitter:data2\" content=\"2 minutos\" \/>\n<script type=\"application\/ld+json\" class=\"yoast-schema-graph\">{\"@context\":\"https:\\\/\\\/schema.org\",\"@graph\":[{\"@type\":\"Article\",\"@id\":\"https:\\\/\\\/diariotextual.com\\\/inicio\\\/index.php\\\/2021\\\/08\\\/19\\\/nacion-envio-5500-dosis-de-astrazeneca-a-la-pampa\\\/#article\",\"isPartOf\":{\"@id\":\"https:\\\/\\\/diariotextual.com\\\/inicio\\\/index.php\\\/2021\\\/08\\\/19\\\/nacion-envio-5500-dosis-de-astrazeneca-a-la-pampa\\\/\"},\"author\":{\"name\":\"Diario1 Diario1\",\"@id\":\"https:\\\/\\\/diariotextual.com\\\/inicio\\\/#\\\/schema\\\/person\\\/418fc4093c33e86ed41562db3508f958\"},\"headline\":\"Naci\u00f3n envi\u00f3 5500 dosis de Astrazeneca a La Pampa\",\"datePublished\":\"2021-08-20T01:52:00+00:00\",\"dateModified\":\"2021-08-20T11:43:31+00:00\",\"mainEntityOfPage\":{\"@id\":\"https:\\\/\\\/diariotextual.com\\\/inicio\\\/index.php\\\/2021\\\/08\\\/19\\\/nacion-envio-5500-dosis-de-astrazeneca-a-la-pampa\\\/\"},\"wordCount\":299,\"publisher\":{\"@id\":\"https:\\\/\\\/diariotextual.com\\\/inicio\\\/#organization\"},\"image\":{\"@id\":\"https:\\\/\\\/diariotextual.com\\\/inicio\\\/index.php\\\/2021\\\/08\\\/19\\\/nacion-envio-5500-dosis-de-astrazeneca-a-la-pampa\\\/#primaryimage\"},\"thumbnailUrl\":\"https:\\\/\\\/diariotextual.com\\\/inicio\\\/wp-content\\\/uploads\\\/2021\\\/08\\\/coronavirusvacunas2021-1000.jpg\",\"keywords\":[\"astrazeeca\"],\"articleSection\":[\"A - PORTADA2\",\"SOCIEDAD\"],\"inLanguage\":\"es\"},{\"@type\":\"WebPage\",\"@id\":\"https:\\\/\\\/diariotextual.com\\\/inicio\\\/index.php\\\/2021\\\/08\\\/19\\\/nacion-envio-5500-dosis-de-astrazeneca-a-la-pampa\\\/\",\"url\":\"https:\\\/\\\/diariotextual.com\\\/inicio\\\/index.php\\\/2021\\\/08\\\/19\\\/nacion-envio-5500-dosis-de-astrazeneca-a-la-pampa\\\/\",\"name\":\"Naci\u00f3n envi\u00f3 5500 dosis de Astrazeneca a La Pampa - Diario Textual\",\"isPartOf\":{\"@id\":\"https:\\\/\\\/diariotextual.com\\\/inicio\\\/#website\"},\"primaryImageOfPage\":{\"@id\":\"https:\\\/\\\/diariotextual.com\\\/inicio\\\/index.php\\\/2021\\\/08\\\/19\\\/nacion-envio-5500-dosis-de-astrazeneca-a-la-pampa\\\/#primaryimage\"},\"image\":{\"@id\":\"https:\\\/\\\/diariotextual.com\\\/inicio\\\/index.php\\\/2021\\\/08\\\/19\\\/nacion-envio-5500-dosis-de-astrazeneca-a-la-pampa\\\/#primaryimage\"},\"thumbnailUrl\":\"https:\\\/\\\/diariotextual.com\\\/inicio\\\/wp-content\\\/uploads\\\/2021\\\/08\\\/coronavirusvacunas2021-1000.jpg\",\"datePublished\":\"2021-08-20T01:52:00+00:00\",\"dateModified\":\"2021-08-20T11:43:31+00:00\",\"breadcrumb\":{\"@id\":\"https:\\\/\\\/diariotextual.com\\\/inicio\\\/index.php\\\/2021\\\/08\\\/19\\\/nacion-envio-5500-dosis-de-astrazeneca-a-la-pampa\\\/#breadcrumb\"},\"inLanguage\":\"es\",\"potentialAction\":[{\"@type\":\"ReadAction\",\"target\":[\"https:\\\/\\\/diariotextual.com\\\/inicio\\\/index.php\\\/2021\\\/08\\\/19\\\/nacion-envio-5500-dosis-de-astrazeneca-a-la-pampa\\\/\"]}]},{\"@type\":\"ImageObject\",\"inLanguage\":\"es\",\"@id\":\"https:\\\/\\\/diariotextual.com\\\/inicio\\\/index.php\\\/2021\\\/08\\\/19\\\/nacion-envio-5500-dosis-de-astrazeneca-a-la-pampa\\\/#primaryimage\",\"url\":\"https:\\\/\\\/diariotextual.com\\\/inicio\\\/wp-content\\\/uploads\\\/2021\\\/08\\\/coronavirusvacunas2021-1000.jpg\",\"contentUrl\":\"https:\\\/\\\/diariotextual.com\\\/inicio\\\/wp-content\\\/uploads\\\/2021\\\/08\\\/coronavirusvacunas2021-1000.jpg\",\"width\":900,\"height\":506},{\"@type\":\"BreadcrumbList\",\"@id\":\"https:\\\/\\\/diariotextual.com\\\/inicio\\\/index.php\\\/2021\\\/08\\\/19\\\/nacion-envio-5500-dosis-de-astrazeneca-a-la-pampa\\\/#breadcrumb\",\"itemListElement\":[{\"@type\":\"ListItem\",\"position\":1,\"name\":\"Portada\",\"item\":\"https:\\\/\\\/diariotextual.com\\\/inicio\\\/\"},{\"@type\":\"ListItem\",\"position\":2,\"name\":\"Naci\u00f3n envi\u00f3 5500 dosis de Astrazeneca a La Pampa\"}]},{\"@type\":\"WebSite\",\"@id\":\"https:\\\/\\\/diariotextual.com\\\/inicio\\\/#website\",\"url\":\"https:\\\/\\\/diariotextual.com\\\/inicio\\\/\",\"name\":\"Diario Textual\",\"description\":\"\",\"publisher\":{\"@id\":\"https:\\\/\\\/diariotextual.com\\\/inicio\\\/#organization\"},\"potentialAction\":[{\"@type\":\"SearchAction\",\"target\":{\"@type\":\"EntryPoint\",\"urlTemplate\":\"https:\\\/\\\/diariotextual.com\\\/inicio\\\/?s={search_term_string}\"},\"query-input\":{\"@type\":\"PropertyValueSpecification\",\"valueRequired\":true,\"valueName\":\"search_term_string\"}}],\"inLanguage\":\"es\"},{\"@type\":\"Organization\",\"@id\":\"https:\\\/\\\/diariotextual.com\\\/inicio\\\/#organization\",\"name\":\"Diario Textual\",\"url\":\"https:\\\/\\\/diariotextual.com\\\/inicio\\\/\",\"logo\":{\"@type\":\"ImageObject\",\"inLanguage\":\"es\",\"@id\":\"https:\\\/\\\/diariotextual.com\\\/inicio\\\/#\\\/schema\\\/logo\\\/image\\\/\",\"url\":\"https:\\\/\\\/diariotextual.com\\\/inicio\\\/wp-content\\\/uploads\\\/2023\\\/05\\\/logotextual1.jpg\",\"contentUrl\":\"https:\\\/\\\/diariotextual.com\\\/inicio\\\/wp-content\\\/uploads\\\/2023\\\/05\\\/logotextual1.jpg\",\"width\":516,\"height\":76,\"caption\":\"Diario Textual\"},\"image\":{\"@id\":\"https:\\\/\\\/diariotextual.com\\\/inicio\\\/#\\\/schema\\\/logo\\\/image\\\/\"},\"sameAs\":[\"https:\\\/\\\/www.facebook.com\\\/eltextual\",\"https:\\\/\\\/x.com\\\/eltextual\",\"http:\\\/\\\/www.instagram.com\\\/eltextual\"]},{\"@type\":\"Person\",\"@id\":\"https:\\\/\\\/diariotextual.com\\\/inicio\\\/#\\\/schema\\\/person\\\/418fc4093c33e86ed41562db3508f958\",\"name\":\"Diario1 Diario1\",\"image\":{\"@type\":\"ImageObject\",\"inLanguage\":\"es\",\"@id\":\"https:\\\/\\\/secure.gravatar.com\\\/avatar\\\/9167d280179c85bc18be67aa7eda765854300033af4896dd779b608640f2ef7a?s=96&d=mm&r=g\",\"url\":\"https:\\\/\\\/secure.gravatar.com\\\/avatar\\\/9167d280179c85bc18be67aa7eda765854300033af4896dd779b608640f2ef7a?s=96&d=mm&r=g\",\"contentUrl\":\"https:\\\/\\\/secure.gravatar.com\\\/avatar\\\/9167d280179c85bc18be67aa7eda765854300033af4896dd779b608640f2ef7a?s=96&d=mm&r=g\",\"caption\":\"Diario1 Diario1\"},\"url\":\"https:\\\/\\\/diariotextual.com\\\/inicio\\\/index.php\\\/author\\\/diario1\\\/\"}]}<\/script>\n<!-- \/ Yoast SEO plugin. -->","yoast_head_json":{"title":"Naci\u00f3n envi\u00f3 5500 dosis de Astrazeneca a La Pampa - Diario Textual","robots":{"index":"index","follow":"follow","max-snippet":"max-snippet:-1","max-image-preview":"max-image-preview:large","max-video-preview":"max-video-preview:-1"},"canonical":"https:\/\/diariotextual.com\/inicio\/index.php\/2021\/08\/19\/nacion-envio-5500-dosis-de-astrazeneca-a-la-pampa\/","og_locale":"es_ES","og_type":"article","og_title":"Naci\u00f3n envi\u00f3 5500 dosis de Astrazeneca a La Pampa - Diario Textual","og_description":"Un total de 680.000 dosis de vacunas desarrolladas por la Universidad de Oxford y el laboratorio Astrazeneca, y producidas en la Argentina, ser\u00e1n distribuidas entre este viernes y el s\u00e1bado&hellip;","og_url":"https:\/\/diariotextual.com\/inicio\/index.php\/2021\/08\/19\/nacion-envio-5500-dosis-de-astrazeneca-a-la-pampa\/","og_site_name":"Diario Textual","article_publisher":"https:\/\/www.facebook.com\/eltextual","article_published_time":"2021-08-20T01:52:00+00:00","article_modified_time":"2021-08-20T11:43:31+00:00","og_image":[{"width":900,"height":506,"url":"https:\/\/diariotextual.com\/inicio\/wp-content\/uploads\/2021\/08\/coronavirusvacunas2021-1000.jpg","type":"image\/jpeg"}],"author":"Diario1 Diario1","twitter_card":"summary_large_image","twitter_creator":"@eltextual","twitter_site":"@eltextual","twitter_misc":{"Escrito por":"Diario1 Diario1","Tiempo de lectura":"2 minutos"},"schema":{"@context":"https:\/\/schema.org","@graph":[{"@type":"Article","@id":"https:\/\/diariotextual.com\/inicio\/index.php\/2021\/08\/19\/nacion-envio-5500-dosis-de-astrazeneca-a-la-pampa\/#article","isPartOf":{"@id":"https:\/\/diariotextual.com\/inicio\/index.php\/2021\/08\/19\/nacion-envio-5500-dosis-de-astrazeneca-a-la-pampa\/"},"author":{"name":"Diario1 Diario1","@id":"https:\/\/diariotextual.com\/inicio\/#\/schema\/person\/418fc4093c33e86ed41562db3508f958"},"headline":"Naci\u00f3n envi\u00f3 5500 dosis de Astrazeneca a La Pampa","datePublished":"2021-08-20T01:52:00+00:00","dateModified":"2021-08-20T11:43:31+00:00","mainEntityOfPage":{"@id":"https:\/\/diariotextual.com\/inicio\/index.php\/2021\/08\/19\/nacion-envio-5500-dosis-de-astrazeneca-a-la-pampa\/"},"wordCount":299,"publisher":{"@id":"https:\/\/diariotextual.com\/inicio\/#organization"},"image":{"@id":"https:\/\/diariotextual.com\/inicio\/index.php\/2021\/08\/19\/nacion-envio-5500-dosis-de-astrazeneca-a-la-pampa\/#primaryimage"},"thumbnailUrl":"https:\/\/diariotextual.com\/inicio\/wp-content\/uploads\/2021\/08\/coronavirusvacunas2021-1000.jpg","keywords":["astrazeeca"],"articleSection":["A - PORTADA2","SOCIEDAD"],"inLanguage":"es"},{"@type":"WebPage","@id":"https:\/\/diariotextual.com\/inicio\/index.php\/2021\/08\/19\/nacion-envio-5500-dosis-de-astrazeneca-a-la-pampa\/","url":"https:\/\/diariotextual.com\/inicio\/index.php\/2021\/08\/19\/nacion-envio-5500-dosis-de-astrazeneca-a-la-pampa\/","name":"Naci\u00f3n envi\u00f3 5500 dosis de Astrazeneca a La Pampa - Diario Textual","isPartOf":{"@id":"https:\/\/diariotextual.com\/inicio\/#website"},"primaryImageOfPage":{"@id":"https:\/\/diariotextual.com\/inicio\/index.php\/2021\/08\/19\/nacion-envio-5500-dosis-de-astrazeneca-a-la-pampa\/#primaryimage"},"image":{"@id":"https:\/\/diariotextual.com\/inicio\/index.php\/2021\/08\/19\/nacion-envio-5500-dosis-de-astrazeneca-a-la-pampa\/#primaryimage"},"thumbnailUrl":"https:\/\/diariotextual.com\/inicio\/wp-content\/uploads\/2021\/08\/coronavirusvacunas2021-1000.jpg","datePublished":"2021-08-20T01:52:00+00:00","dateModified":"2021-08-20T11:43:31+00:00","breadcrumb":{"@id":"https:\/\/diariotextual.com\/inicio\/index.php\/2021\/08\/19\/nacion-envio-5500-dosis-de-astrazeneca-a-la-pampa\/#breadcrumb"},"inLanguage":"es","potentialAction":[{"@type":"ReadAction","target":["https:\/\/diariotextual.com\/inicio\/index.php\/2021\/08\/19\/nacion-envio-5500-dosis-de-astrazeneca-a-la-pampa\/"]}]},{"@type":"ImageObject","inLanguage":"es","@id":"https:\/\/diariotextual.com\/inicio\/index.php\/2021\/08\/19\/nacion-envio-5500-dosis-de-astrazeneca-a-la-pampa\/#primaryimage","url":"https:\/\/diariotextual.com\/inicio\/wp-content\/uploads\/2021\/08\/coronavirusvacunas2021-1000.jpg","contentUrl":"https:\/\/diariotextual.com\/inicio\/wp-content\/uploads\/2021\/08\/coronavirusvacunas2021-1000.jpg","width":900,"height":506},{"@type":"BreadcrumbList","@id":"https:\/\/diariotextual.com\/inicio\/index.php\/2021\/08\/19\/nacion-envio-5500-dosis-de-astrazeneca-a-la-pampa\/#breadcrumb","itemListElement":[{"@type":"ListItem","position":1,"name":"Portada","item":"https:\/\/diariotextual.com\/inicio\/"},{"@type":"ListItem","position":2,"name":"Naci\u00f3n envi\u00f3 5500 dosis de Astrazeneca a La Pampa"}]},{"@type":"WebSite","@id":"https:\/\/diariotextual.com\/inicio\/#website","url":"https:\/\/diariotextual.com\/inicio\/","name":"Diario Textual","description":"","publisher":{"@id":"https:\/\/diariotextual.com\/inicio\/#organization"},"potentialAction":[{"@type":"SearchAction","target":{"@type":"EntryPoint","urlTemplate":"https:\/\/diariotextual.com\/inicio\/?s={search_term_string}"},"query-input":{"@type":"PropertyValueSpecification","valueRequired":true,"valueName":"search_term_string"}}],"inLanguage":"es"},{"@type":"Organization","@id":"https:\/\/diariotextual.com\/inicio\/#organization","name":"Diario Textual","url":"https:\/\/diariotextual.com\/inicio\/","logo":{"@type":"ImageObject","inLanguage":"es","@id":"https:\/\/diariotextual.com\/inicio\/#\/schema\/logo\/image\/","url":"https:\/\/diariotextual.com\/inicio\/wp-content\/uploads\/2023\/05\/logotextual1.jpg","contentUrl":"https:\/\/diariotextual.com\/inicio\/wp-content\/uploads\/2023\/05\/logotextual1.jpg","width":516,"height":76,"caption":"Diario Textual"},"image":{"@id":"https:\/\/diariotextual.com\/inicio\/#\/schema\/logo\/image\/"},"sameAs":["https:\/\/www.facebook.com\/eltextual","https:\/\/x.com\/eltextual","http:\/\/www.instagram.com\/eltextual"]},{"@type":"Person","@id":"https:\/\/diariotextual.com\/inicio\/#\/schema\/person\/418fc4093c33e86ed41562db3508f958","name":"Diario1 Diario1","image":{"@type":"ImageObject","inLanguage":"es","@id":"https:\/\/secure.gravatar.com\/avatar\/9167d280179c85bc18be67aa7eda765854300033af4896dd779b608640f2ef7a?s=96&d=mm&r=g","url":"https:\/\/secure.gravatar.com\/avatar\/9167d280179c85bc18be67aa7eda765854300033af4896dd779b608640f2ef7a?s=96&d=mm&r=g","contentUrl":"https:\/\/secure.gravatar.com\/avatar\/9167d280179c85bc18be67aa7eda765854300033af4896dd779b608640f2ef7a?s=96&d=mm&r=g","caption":"Diario1 Diario1"},"url":"https:\/\/diariotextual.com\/inicio\/index.php\/author\/diario1\/"}]}},"_links":{"self":[{"href":"https:\/\/diariotextual.com\/inicio\/index.php\/wp-json\/wp\/v2\/posts\/158432","targetHints":{"allow":["GET"]}}],"collection":[{"href":"https:\/\/diariotextual.com\/inicio\/index.php\/wp-json\/wp\/v2\/posts"}],"about":[{"href":"https:\/\/diariotextual.com\/inicio\/index.php\/wp-json\/wp\/v2\/types\/post"}],"author":[{"embeddable":true,"href":"https:\/\/diariotextual.com\/inicio\/index.php\/wp-json\/wp\/v2\/users\/3"}],"replies":[{"embeddable":true,"href":"https:\/\/diariotextual.com\/inicio\/index.php\/wp-json\/wp\/v2\/comments?post=158432"}],"version-history":[{"count":2,"href":"https:\/\/diariotextual.com\/inicio\/index.php\/wp-json\/wp\/v2\/posts\/158432\/revisions"}],"predecessor-version":[{"id":158434,"href":"https:\/\/diariotextual.com\/inicio\/index.php\/wp-json\/wp\/v2\/posts\/158432\/revisions\/158434"}],"wp:featuredmedia":[{"embeddable":true,"href":"https:\/\/diariotextual.com\/inicio\/index.php\/wp-json\/wp\/v2\/media\/158440"}],"wp:attachment":[{"href":"https:\/\/diariotextual.com\/inicio\/index.php\/wp-json\/wp\/v2\/media?parent=158432"}],"wp:term":[{"taxonomy":"category","embeddable":true,"href":"https:\/\/diariotextual.com\/inicio\/index.php\/wp-json\/wp\/v2\/categories?post=158432"},{"taxonomy":"post_tag","embeddable":true,"href":"https:\/\/diariotextual.com\/inicio\/index.php\/wp-json\/wp\/v2\/tags?post=158432"}],"curies":[{"name":"wp","href":"https:\/\/api.w.org\/{rel}","templated":true}]}}