{"id":158480,"date":"2021-08-20T09:38:18","date_gmt":"2021-08-20T12:38:18","guid":{"rendered":"https:\/\/diariotextual.com\/inicio\/?p=158480"},"modified":"2021-08-20T12:49:34","modified_gmt":"2021-08-20T15:49:34","slug":"oficial-las-jubilaciones-aumentan-1239-desde-septiembre","status":"publish","type":"post","link":"https:\/\/diariotextual.com\/inicio\/index.php\/2021\/08\/20\/oficial-las-jubilaciones-aumentan-1239-desde-septiembre\/","title":{"rendered":"Oficial: las jubilaciones aumentan 12,39% desde septiembre"},"content":{"rendered":"\n<p>El Gobierno oficializ\u00f3 un <strong>aumento del&nbsp;12,39%&nbsp;para&nbsp;jubilaciones, pensiones y asignaciones<\/strong>&nbsp;que se cobrar\u00e1&nbsp;a partir del mes que viene&nbsp;y llevar\u00e1 el <strong>haber previsional m\u00ednimo a&nbsp;$25.922.<\/strong>&nbsp;El haber m\u00e1ximo alcanzar\u00e1 a&nbsp;$174.433&nbsp;y la&nbsp;Asignaci\u00f3n Universal por Hijo y por Embarazo, &nbsp;a&nbsp;$5.063,&nbsp;seg\u00fan la&nbsp;Resoluci\u00f3n 171\/2021&nbsp;de la ANSeS, publicada este viernes en el&nbsp;Bolet\u00edn Oficial&nbsp;con la firma de la directora ejecutiva de ese organismo,&nbsp;Fernanda Raverta.<\/p>\n\n\n\n<p>\u201cEstabl\u00e9cese que el valor de la movilidad prevista en el art\u00edculo 32 de la Ley N\u00b0 24.241 y sus modificatorias, correspondiente a septiembre de 2021, es de 12,39%\u201d, seg\u00fan el texto oficial.<\/p>\n\n\n\n<p>A fin de practicar la actualizaci\u00f3n trimestral de las remuneraciones previsionales, se aplica un \u00edndice combinado entre la inflaci\u00f3n y la Remuneraci\u00f3n Imponible Promedio de los Trabajadores Estables (RIPTE). De este modo, a partir del primero de septiembre se aplicar\u00e1 el tercer aumento desde que se sancion\u00f3 la nueva Ley de Movilidad:&nbsp;la suba acumulada en lo que va del a\u00f1o alcanzar\u00e1 al 36,2%.<\/p>\n\n\n\n<p>Seg\u00fan detall\u00f3 la ANSeS recientemente, este incremento del&nbsp;12,39%&nbsp;alcanzar\u00e1 a&nbsp;7,1 millones de jubiladas, jubilados, pensionadas y pensionados, a&nbsp;m\u00e1s de 9 millones de ni\u00f1os, ni\u00f1as y adolescentes&nbsp;(4,4 millones de Asignaciones Universales por Hijo y 4,6 millones de Asignaciones Familiares) y a&nbsp;m\u00e1s de 800 mil c\u00f3nyuges. Tambi\u00e9n, la mejora abarcar\u00e1 las asignaciones por&nbsp;Embarazo, Prenatal, Nacimiento, Adopci\u00f3n y Matrimonio.<\/p>\n\n\n\n<p>Asimismo, en lo que va de&nbsp;2021&nbsp;se otorgaron tres bonos:&nbsp;en abril y mayo, de&nbsp;$1.500&nbsp;cada uno, para complementar la movilidad aplicada en&nbsp;marzo.&nbsp;A eso se sum\u00f3 un nuevo bono de&nbsp;$5.000&nbsp;que&nbsp;se est\u00e1 pagando durante este mes.<\/p>\n\n\n\n<p>Por \u00faltimo, a trav\u00e9s de otra Resoluci\u00f3n publicada este viernes, la&nbsp;172\/2021,&nbsp;se establecieron los calendarios de pago de las&nbsp;Prestaciones del Sistema Integrado Previsional Argentino&nbsp;(SIPA), para las emisiones correspondientes a de&nbsp;septiembre, octubre&nbsp;y&nbsp;noviembre.<\/p>\n","protected":false},"excerpt":{"rendered":"<p>El Gobierno oficializ\u00f3 un aumento del&nbsp;12,39%&nbsp;para&nbsp;jubilaciones, pensiones y asignaciones&nbsp;que se cobrar\u00e1&nbsp;a partir del mes que viene&nbsp;y llevar\u00e1 el haber previsional m\u00ednimo a&nbsp;$25.922.&nbsp;El haber m\u00e1ximo alcanzar\u00e1 a&nbsp;$174.433&nbsp;y la&nbsp;Asignaci\u00f3n Universal por Hijo&hellip;<\/p>\n","protected":false},"author":7,"featured_media":158281,"comment_status":"closed","ping_status":"open","sticky":false,"template":"","format":"standard","meta":{"_acf_changed":false,"footnotes":""},"categories":[10,12],"tags":[3720],"class_list":["post-158480","post","type-post","status-publish","format-standard","has-post-thumbnail","hentry","category-portada-2","category-sociedad","tag-jubilaciones"],"acf":[],"yoast_head":"<!-- This site is optimized with the Yoast SEO plugin v27.5 - https:\/\/yoast.com\/product\/yoast-seo-wordpress\/ -->\n<title>Oficial: las jubilaciones aumentan 12,39% desde septiembre - Diario Textual<\/title>\n<meta name=\"robots\" content=\"index, follow, max-snippet:-1, max-image-preview:large, max-video-preview:-1\" \/>\n<link rel=\"canonical\" href=\"https:\/\/diariotextual.com\/inicio\/index.php\/2021\/08\/20\/oficial-las-jubilaciones-aumentan-1239-desde-septiembre\/\" \/>\n<meta property=\"og:locale\" content=\"es_ES\" \/>\n<meta property=\"og:type\" content=\"article\" \/>\n<meta property=\"og:title\" content=\"Oficial: las jubilaciones aumentan 12,39% desde septiembre - Diario Textual\" \/>\n<meta property=\"og:description\" content=\"El Gobierno oficializ\u00f3 un aumento del&nbsp;12,39%&nbsp;para&nbsp;jubilaciones, pensiones y asignaciones&nbsp;que se cobrar\u00e1&nbsp;a partir del mes que viene&nbsp;y llevar\u00e1 el haber previsional m\u00ednimo a&nbsp;$25.922.&nbsp;El haber m\u00e1ximo alcanzar\u00e1 a&nbsp;$174.433&nbsp;y la&nbsp;Asignaci\u00f3n Universal por Hijo&hellip;\" \/>\n<meta property=\"og:url\" content=\"https:\/\/diariotextual.com\/inicio\/index.php\/2021\/08\/20\/oficial-las-jubilaciones-aumentan-1239-desde-septiembre\/\" \/>\n<meta property=\"og:site_name\" content=\"Diario Textual\" \/>\n<meta property=\"article:publisher\" content=\"https:\/\/www.facebook.com\/eltextual\" \/>\n<meta property=\"article:published_time\" content=\"2021-08-20T12:38:18+00:00\" \/>\n<meta property=\"article:modified_time\" content=\"2021-08-20T15:49:34+00:00\" \/>\n<meta property=\"og:image\" content=\"https:\/\/diariotextual.com\/inicio\/wp-content\/uploads\/2021\/08\/jubiladosbarbijos.jpg\" \/>\n\t<meta property=\"og:image:width\" content=\"700\" \/>\n\t<meta property=\"og:image:height\" content=\"394\" \/>\n\t<meta property=\"og:image:type\" content=\"image\/jpeg\" \/>\n<meta name=\"author\" content=\"diario5\" \/>\n<meta name=\"twitter:card\" content=\"summary_large_image\" \/>\n<meta name=\"twitter:creator\" content=\"@eltextual\" \/>\n<meta name=\"twitter:site\" content=\"@eltextual\" \/>\n<meta name=\"twitter:label1\" content=\"Escrito por\" \/>\n\t<meta name=\"twitter:data1\" content=\"diario5\" \/>\n\t<meta name=\"twitter:label2\" content=\"Tiempo de lectura\" \/>\n\t<meta name=\"twitter:data2\" content=\"2 minutos\" \/>\n<script type=\"application\/ld+json\" class=\"yoast-schema-graph\">{\"@context\":\"https:\\\/\\\/schema.org\",\"@graph\":[{\"@type\":\"Article\",\"@id\":\"https:\\\/\\\/diariotextual.com\\\/inicio\\\/index.php\\\/2021\\\/08\\\/20\\\/oficial-las-jubilaciones-aumentan-1239-desde-septiembre\\\/#article\",\"isPartOf\":{\"@id\":\"https:\\\/\\\/diariotextual.com\\\/inicio\\\/index.php\\\/2021\\\/08\\\/20\\\/oficial-las-jubilaciones-aumentan-1239-desde-septiembre\\\/\"},\"author\":{\"name\":\"diario5\",\"@id\":\"https:\\\/\\\/diariotextual.com\\\/inicio\\\/#\\\/schema\\\/person\\\/c7834961ad8b29b1d9cdbf4571299067\"},\"headline\":\"Oficial: las jubilaciones aumentan 12,39% desde septiembre\",\"datePublished\":\"2021-08-20T12:38:18+00:00\",\"dateModified\":\"2021-08-20T15:49:34+00:00\",\"mainEntityOfPage\":{\"@id\":\"https:\\\/\\\/diariotextual.com\\\/inicio\\\/index.php\\\/2021\\\/08\\\/20\\\/oficial-las-jubilaciones-aumentan-1239-desde-septiembre\\\/\"},\"wordCount\":362,\"publisher\":{\"@id\":\"https:\\\/\\\/diariotextual.com\\\/inicio\\\/#organization\"},\"image\":{\"@id\":\"https:\\\/\\\/diariotextual.com\\\/inicio\\\/index.php\\\/2021\\\/08\\\/20\\\/oficial-las-jubilaciones-aumentan-1239-desde-septiembre\\\/#primaryimage\"},\"thumbnailUrl\":\"https:\\\/\\\/diariotextual.com\\\/inicio\\\/wp-content\\\/uploads\\\/2021\\\/08\\\/jubiladosbarbijos.jpg\",\"keywords\":[\"jubilaciones\"],\"articleSection\":[\"A - PORTADA2\",\"SOCIEDAD\"],\"inLanguage\":\"es\"},{\"@type\":\"WebPage\",\"@id\":\"https:\\\/\\\/diariotextual.com\\\/inicio\\\/index.php\\\/2021\\\/08\\\/20\\\/oficial-las-jubilaciones-aumentan-1239-desde-septiembre\\\/\",\"url\":\"https:\\\/\\\/diariotextual.com\\\/inicio\\\/index.php\\\/2021\\\/08\\\/20\\\/oficial-las-jubilaciones-aumentan-1239-desde-septiembre\\\/\",\"name\":\"Oficial: las jubilaciones aumentan 12,39% desde septiembre - Diario Textual\",\"isPartOf\":{\"@id\":\"https:\\\/\\\/diariotextual.com\\\/inicio\\\/#website\"},\"primaryImageOfPage\":{\"@id\":\"https:\\\/\\\/diariotextual.com\\\/inicio\\\/index.php\\\/2021\\\/08\\\/20\\\/oficial-las-jubilaciones-aumentan-1239-desde-septiembre\\\/#primaryimage\"},\"image\":{\"@id\":\"https:\\\/\\\/diariotextual.com\\\/inicio\\\/index.php\\\/2021\\\/08\\\/20\\\/oficial-las-jubilaciones-aumentan-1239-desde-septiembre\\\/#primaryimage\"},\"thumbnailUrl\":\"https:\\\/\\\/diariotextual.com\\\/inicio\\\/wp-content\\\/uploads\\\/2021\\\/08\\\/jubiladosbarbijos.jpg\",\"datePublished\":\"2021-08-20T12:38:18+00:00\",\"dateModified\":\"2021-08-20T15:49:34+00:00\",\"breadcrumb\":{\"@id\":\"https:\\\/\\\/diariotextual.com\\\/inicio\\\/index.php\\\/2021\\\/08\\\/20\\\/oficial-las-jubilaciones-aumentan-1239-desde-septiembre\\\/#breadcrumb\"},\"inLanguage\":\"es\",\"potentialAction\":[{\"@type\":\"ReadAction\",\"target\":[\"https:\\\/\\\/diariotextual.com\\\/inicio\\\/index.php\\\/2021\\\/08\\\/20\\\/oficial-las-jubilaciones-aumentan-1239-desde-septiembre\\\/\"]}]},{\"@type\":\"ImageObject\",\"inLanguage\":\"es\",\"@id\":\"https:\\\/\\\/diariotextual.com\\\/inicio\\\/index.php\\\/2021\\\/08\\\/20\\\/oficial-las-jubilaciones-aumentan-1239-desde-septiembre\\\/#primaryimage\",\"url\":\"https:\\\/\\\/diariotextual.com\\\/inicio\\\/wp-content\\\/uploads\\\/2021\\\/08\\\/jubiladosbarbijos.jpg\",\"contentUrl\":\"https:\\\/\\\/diariotextual.com\\\/inicio\\\/wp-content\\\/uploads\\\/2021\\\/08\\\/jubiladosbarbijos.jpg\",\"width\":700,\"height\":394},{\"@type\":\"BreadcrumbList\",\"@id\":\"https:\\\/\\\/diariotextual.com\\\/inicio\\\/index.php\\\/2021\\\/08\\\/20\\\/oficial-las-jubilaciones-aumentan-1239-desde-septiembre\\\/#breadcrumb\",\"itemListElement\":[{\"@type\":\"ListItem\",\"position\":1,\"name\":\"Portada\",\"item\":\"https:\\\/\\\/diariotextual.com\\\/inicio\\\/\"},{\"@type\":\"ListItem\",\"position\":2,\"name\":\"Oficial: las jubilaciones aumentan 12,39% desde septiembre\"}]},{\"@type\":\"WebSite\",\"@id\":\"https:\\\/\\\/diariotextual.com\\\/inicio\\\/#website\",\"url\":\"https:\\\/\\\/diariotextual.com\\\/inicio\\\/\",\"name\":\"Diario Textual\",\"description\":\"\",\"publisher\":{\"@id\":\"https:\\\/\\\/diariotextual.com\\\/inicio\\\/#organization\"},\"potentialAction\":[{\"@type\":\"SearchAction\",\"target\":{\"@type\":\"EntryPoint\",\"urlTemplate\":\"https:\\\/\\\/diariotextual.com\\\/inicio\\\/?s={search_term_string}\"},\"query-input\":{\"@type\":\"PropertyValueSpecification\",\"valueRequired\":true,\"valueName\":\"search_term_string\"}}],\"inLanguage\":\"es\"},{\"@type\":\"Organization\",\"@id\":\"https:\\\/\\\/diariotextual.com\\\/inicio\\\/#organization\",\"name\":\"Diario Textual\",\"url\":\"https:\\\/\\\/diariotextual.com\\\/inicio\\\/\",\"logo\":{\"@type\":\"ImageObject\",\"inLanguage\":\"es\",\"@id\":\"https:\\\/\\\/diariotextual.com\\\/inicio\\\/#\\\/schema\\\/logo\\\/image\\\/\",\"url\":\"https:\\\/\\\/diariotextual.com\\\/inicio\\\/wp-content\\\/uploads\\\/2023\\\/05\\\/logotextual1.jpg\",\"contentUrl\":\"https:\\\/\\\/diariotextual.com\\\/inicio\\\/wp-content\\\/uploads\\\/2023\\\/05\\\/logotextual1.jpg\",\"width\":516,\"height\":76,\"caption\":\"Diario Textual\"},\"image\":{\"@id\":\"https:\\\/\\\/diariotextual.com\\\/inicio\\\/#\\\/schema\\\/logo\\\/image\\\/\"},\"sameAs\":[\"https:\\\/\\\/www.facebook.com\\\/eltextual\",\"https:\\\/\\\/x.com\\\/eltextual\",\"http:\\\/\\\/www.instagram.com\\\/eltextual\"]},{\"@type\":\"Person\",\"@id\":\"https:\\\/\\\/diariotextual.com\\\/inicio\\\/#\\\/schema\\\/person\\\/c7834961ad8b29b1d9cdbf4571299067\",\"name\":\"diario5\",\"image\":{\"@type\":\"ImageObject\",\"inLanguage\":\"es\",\"@id\":\"https:\\\/\\\/secure.gravatar.com\\\/avatar\\\/948c893b847ca6df68216ead81b63f363408ec9b0f600fefc0641ce78613b111?s=96&d=mm&r=g\",\"url\":\"https:\\\/\\\/secure.gravatar.com\\\/avatar\\\/948c893b847ca6df68216ead81b63f363408ec9b0f600fefc0641ce78613b111?s=96&d=mm&r=g\",\"contentUrl\":\"https:\\\/\\\/secure.gravatar.com\\\/avatar\\\/948c893b847ca6df68216ead81b63f363408ec9b0f600fefc0641ce78613b111?s=96&d=mm&r=g\",\"caption\":\"diario5\"},\"url\":\"https:\\\/\\\/diariotextual.com\\\/inicio\\\/index.php\\\/author\\\/diario5\\\/\"}]}<\/script>\n<!-- \/ Yoast SEO plugin. -->","yoast_head_json":{"title":"Oficial: las jubilaciones aumentan 12,39% desde septiembre - Diario Textual","robots":{"index":"index","follow":"follow","max-snippet":"max-snippet:-1","max-image-preview":"max-image-preview:large","max-video-preview":"max-video-preview:-1"},"canonical":"https:\/\/diariotextual.com\/inicio\/index.php\/2021\/08\/20\/oficial-las-jubilaciones-aumentan-1239-desde-septiembre\/","og_locale":"es_ES","og_type":"article","og_title":"Oficial: las jubilaciones aumentan 12,39% desde septiembre - Diario Textual","og_description":"El Gobierno oficializ\u00f3 un aumento del&nbsp;12,39%&nbsp;para&nbsp;jubilaciones, pensiones y asignaciones&nbsp;que se cobrar\u00e1&nbsp;a partir del mes que viene&nbsp;y llevar\u00e1 el haber previsional m\u00ednimo a&nbsp;$25.922.&nbsp;El haber m\u00e1ximo alcanzar\u00e1 a&nbsp;$174.433&nbsp;y la&nbsp;Asignaci\u00f3n Universal por Hijo&hellip;","og_url":"https:\/\/diariotextual.com\/inicio\/index.php\/2021\/08\/20\/oficial-las-jubilaciones-aumentan-1239-desde-septiembre\/","og_site_name":"Diario Textual","article_publisher":"https:\/\/www.facebook.com\/eltextual","article_published_time":"2021-08-20T12:38:18+00:00","article_modified_time":"2021-08-20T15:49:34+00:00","og_image":[{"width":700,"height":394,"url":"https:\/\/diariotextual.com\/inicio\/wp-content\/uploads\/2021\/08\/jubiladosbarbijos.jpg","type":"image\/jpeg"}],"author":"diario5","twitter_card":"summary_large_image","twitter_creator":"@eltextual","twitter_site":"@eltextual","twitter_misc":{"Escrito por":"diario5","Tiempo de lectura":"2 minutos"},"schema":{"@context":"https:\/\/schema.org","@graph":[{"@type":"Article","@id":"https:\/\/diariotextual.com\/inicio\/index.php\/2021\/08\/20\/oficial-las-jubilaciones-aumentan-1239-desde-septiembre\/#article","isPartOf":{"@id":"https:\/\/diariotextual.com\/inicio\/index.php\/2021\/08\/20\/oficial-las-jubilaciones-aumentan-1239-desde-septiembre\/"},"author":{"name":"diario5","@id":"https:\/\/diariotextual.com\/inicio\/#\/schema\/person\/c7834961ad8b29b1d9cdbf4571299067"},"headline":"Oficial: las jubilaciones aumentan 12,39% desde septiembre","datePublished":"2021-08-20T12:38:18+00:00","dateModified":"2021-08-20T15:49:34+00:00","mainEntityOfPage":{"@id":"https:\/\/diariotextual.com\/inicio\/index.php\/2021\/08\/20\/oficial-las-jubilaciones-aumentan-1239-desde-septiembre\/"},"wordCount":362,"publisher":{"@id":"https:\/\/diariotextual.com\/inicio\/#organization"},"image":{"@id":"https:\/\/diariotextual.com\/inicio\/index.php\/2021\/08\/20\/oficial-las-jubilaciones-aumentan-1239-desde-septiembre\/#primaryimage"},"thumbnailUrl":"https:\/\/diariotextual.com\/inicio\/wp-content\/uploads\/2021\/08\/jubiladosbarbijos.jpg","keywords":["jubilaciones"],"articleSection":["A - PORTADA2","SOCIEDAD"],"inLanguage":"es"},{"@type":"WebPage","@id":"https:\/\/diariotextual.com\/inicio\/index.php\/2021\/08\/20\/oficial-las-jubilaciones-aumentan-1239-desde-septiembre\/","url":"https:\/\/diariotextual.com\/inicio\/index.php\/2021\/08\/20\/oficial-las-jubilaciones-aumentan-1239-desde-septiembre\/","name":"Oficial: las jubilaciones aumentan 12,39% desde septiembre - Diario Textual","isPartOf":{"@id":"https:\/\/diariotextual.com\/inicio\/#website"},"primaryImageOfPage":{"@id":"https:\/\/diariotextual.com\/inicio\/index.php\/2021\/08\/20\/oficial-las-jubilaciones-aumentan-1239-desde-septiembre\/#primaryimage"},"image":{"@id":"https:\/\/diariotextual.com\/inicio\/index.php\/2021\/08\/20\/oficial-las-jubilaciones-aumentan-1239-desde-septiembre\/#primaryimage"},"thumbnailUrl":"https:\/\/diariotextual.com\/inicio\/wp-content\/uploads\/2021\/08\/jubiladosbarbijos.jpg","datePublished":"2021-08-20T12:38:18+00:00","dateModified":"2021-08-20T15:49:34+00:00","breadcrumb":{"@id":"https:\/\/diariotextual.com\/inicio\/index.php\/2021\/08\/20\/oficial-las-jubilaciones-aumentan-1239-desde-septiembre\/#breadcrumb"},"inLanguage":"es","potentialAction":[{"@type":"ReadAction","target":["https:\/\/diariotextual.com\/inicio\/index.php\/2021\/08\/20\/oficial-las-jubilaciones-aumentan-1239-desde-septiembre\/"]}]},{"@type":"ImageObject","inLanguage":"es","@id":"https:\/\/diariotextual.com\/inicio\/index.php\/2021\/08\/20\/oficial-las-jubilaciones-aumentan-1239-desde-septiembre\/#primaryimage","url":"https:\/\/diariotextual.com\/inicio\/wp-content\/uploads\/2021\/08\/jubiladosbarbijos.jpg","contentUrl":"https:\/\/diariotextual.com\/inicio\/wp-content\/uploads\/2021\/08\/jubiladosbarbijos.jpg","width":700,"height":394},{"@type":"BreadcrumbList","@id":"https:\/\/diariotextual.com\/inicio\/index.php\/2021\/08\/20\/oficial-las-jubilaciones-aumentan-1239-desde-septiembre\/#breadcrumb","itemListElement":[{"@type":"ListItem","position":1,"name":"Portada","item":"https:\/\/diariotextual.com\/inicio\/"},{"@type":"ListItem","position":2,"name":"Oficial: las jubilaciones aumentan 12,39% desde septiembre"}]},{"@type":"WebSite","@id":"https:\/\/diariotextual.com\/inicio\/#website","url":"https:\/\/diariotextual.com\/inicio\/","name":"Diario Textual","description":"","publisher":{"@id":"https:\/\/diariotextual.com\/inicio\/#organization"},"potentialAction":[{"@type":"SearchAction","target":{"@type":"EntryPoint","urlTemplate":"https:\/\/diariotextual.com\/inicio\/?s={search_term_string}"},"query-input":{"@type":"PropertyValueSpecification","valueRequired":true,"valueName":"search_term_string"}}],"inLanguage":"es"},{"@type":"Organization","@id":"https:\/\/diariotextual.com\/inicio\/#organization","name":"Diario Textual","url":"https:\/\/diariotextual.com\/inicio\/","logo":{"@type":"ImageObject","inLanguage":"es","@id":"https:\/\/diariotextual.com\/inicio\/#\/schema\/logo\/image\/","url":"https:\/\/diariotextual.com\/inicio\/wp-content\/uploads\/2023\/05\/logotextual1.jpg","contentUrl":"https:\/\/diariotextual.com\/inicio\/wp-content\/uploads\/2023\/05\/logotextual1.jpg","width":516,"height":76,"caption":"Diario Textual"},"image":{"@id":"https:\/\/diariotextual.com\/inicio\/#\/schema\/logo\/image\/"},"sameAs":["https:\/\/www.facebook.com\/eltextual","https:\/\/x.com\/eltextual","http:\/\/www.instagram.com\/eltextual"]},{"@type":"Person","@id":"https:\/\/diariotextual.com\/inicio\/#\/schema\/person\/c7834961ad8b29b1d9cdbf4571299067","name":"diario5","image":{"@type":"ImageObject","inLanguage":"es","@id":"https:\/\/secure.gravatar.com\/avatar\/948c893b847ca6df68216ead81b63f363408ec9b0f600fefc0641ce78613b111?s=96&d=mm&r=g","url":"https:\/\/secure.gravatar.com\/avatar\/948c893b847ca6df68216ead81b63f363408ec9b0f600fefc0641ce78613b111?s=96&d=mm&r=g","contentUrl":"https:\/\/secure.gravatar.com\/avatar\/948c893b847ca6df68216ead81b63f363408ec9b0f600fefc0641ce78613b111?s=96&d=mm&r=g","caption":"diario5"},"url":"https:\/\/diariotextual.com\/inicio\/index.php\/author\/diario5\/"}]}},"_links":{"self":[{"href":"https:\/\/diariotextual.com\/inicio\/index.php\/wp-json\/wp\/v2\/posts\/158480","targetHints":{"allow":["GET"]}}],"collection":[{"href":"https:\/\/diariotextual.com\/inicio\/index.php\/wp-json\/wp\/v2\/posts"}],"about":[{"href":"https:\/\/diariotextual.com\/inicio\/index.php\/wp-json\/wp\/v2\/types\/post"}],"author":[{"embeddable":true,"href":"https:\/\/diariotextual.com\/inicio\/index.php\/wp-json\/wp\/v2\/users\/7"}],"replies":[{"embeddable":true,"href":"https:\/\/diariotextual.com\/inicio\/index.php\/wp-json\/wp\/v2\/comments?post=158480"}],"version-history":[{"count":2,"href":"https:\/\/diariotextual.com\/inicio\/index.php\/wp-json\/wp\/v2\/posts\/158480\/revisions"}],"predecessor-version":[{"id":158482,"href":"https:\/\/diariotextual.com\/inicio\/index.php\/wp-json\/wp\/v2\/posts\/158480\/revisions\/158482"}],"wp:featuredmedia":[{"embeddable":true,"href":"https:\/\/diariotextual.com\/inicio\/index.php\/wp-json\/wp\/v2\/media\/158281"}],"wp:attachment":[{"href":"https:\/\/diariotextual.com\/inicio\/index.php\/wp-json\/wp\/v2\/media?parent=158480"}],"wp:term":[{"taxonomy":"category","embeddable":true,"href":"https:\/\/diariotextual.com\/inicio\/index.php\/wp-json\/wp\/v2\/categories?post=158480"},{"taxonomy":"post_tag","embeddable":true,"href":"https:\/\/diariotextual.com\/inicio\/index.php\/wp-json\/wp\/v2\/tags?post=158480"}],"curies":[{"name":"wp","href":"https:\/\/api.w.org\/{rel}","templated":true}]}}