{"id":158492,"date":"2021-08-20T11:35:40","date_gmt":"2021-08-20T14:35:40","guid":{"rendered":"https:\/\/diariotextual.com\/inicio\/?p=158492"},"modified":"2021-08-20T13:47:25","modified_gmt":"2021-08-20T16:47:25","slug":"pami-suspendio-reunion-con-clinicas-y-sanatorios-y-hay-incertidumbre-por-la-renovacion-del-convenio","status":"publish","type":"post","link":"https:\/\/diariotextual.com\/inicio\/index.php\/2021\/08\/20\/pami-suspendio-reunion-con-clinicas-y-sanatorios-y-hay-incertidumbre-por-la-renovacion-del-convenio\/","title":{"rendered":"Pami suspendi\u00f3 reuni\u00f3n con cl\u00ednicas y sanatorios y hay incertidumbre por el convenio"},"content":{"rendered":"\n<p>La obra social <strong>Pami<\/strong> suspendi\u00f3 una reuni\u00f3n con <strong>cl\u00ednicas y sanatorios de La Pampa<\/strong> para tratar los reclamos del sector.  \u201cLas expectativas generadas en torno a una posible soluci\u00f3n se truncaron ante la suspensi\u00f3n de la reuni\u00f3n\u201d, lamentaron los prestadores.<\/p>\n\n\n\n<p>El encuentro comenz\u00f3 de manera virtual y autoridades nacionales de nivel central informaron a los representantes de las cl\u00ednicas y sanatorios que hab\u00edan recibido orden de la directora ejecutiva del Instituto Nacional de Servicios Sociales para Jubilados y Pensionados, Luana Volnovich, de suspender la reuni\u00f3n. \u201cLa explicaci\u00f3n fue clara, no cay\u00f3 bien que las instituciones hayan informado p\u00fablicamente el problema existente\u201d, aseguraron desde las cl\u00ednicas y sanatorios.<\/p>\n\n\n\n<p>Los prestadores privados advirtieron que a la gravedad de la situaci\u00f3n se suma la \u201cincertidumbre\u201d ya que el ente nacional no aclar\u00f3 cuales ser\u00edan los pasos a seguir. Esto en el marco de un convenio que tiene fecha de renovaci\u00f3n el 30 de septiembre.<\/p>\n\n\n\n<p>\u201cPese a la decisi\u00f3n unilateral del organismo de suspender la reuni\u00f3n, la agrupaci\u00f3n volvi\u00f3 a ratificar la voluntad de di\u00e1logo y trabajo conjunto para encontrar una soluci\u00f3n. Asimismo volvi\u00f3 a afirmar que la prestaci\u00f3n estar\u00e1 garantizada mientras tenga vigencia el convenio actual aclarando que nunca se plante\u00f3 el corte de prestaciones como una alternativa\u201d, se\u00f1alaron desde cl\u00ednicas y sanatorios. <\/p>\n\n\n\n<p>Remarcaron que para el sector la situaci\u00f3n es \u201cangustiante y preocupante\u201d, porque en nuestras comunidades el v\u00ednculo con el paciente es de cercan\u00eda, cada caso es un conocido, un vecino o un familiar.<\/p>\n\n\n\n<p>\u201cPor el momento se sostiene la intenci\u00f3n de encontrar una soluci\u00f3n, se espera alg\u00fan tipo de comunicaci\u00f3n de parte de Pami y se mantiene informada a las autoridades de salud de la provincia\u201d, dijeron.<\/p>\n\n\n\n<p>\u00bfQu\u00e9 reclaman las cl\u00ednicas y sanatorios? Una actualizaci\u00f3n en los valores de las prestaciones. Sostienen que la \u201cdesactualizaci\u00f3n\u201d de valores prestacionales oscila el 65%. A ello se suma el \u201cincumplimiento de un acta acuerdo firmada en febrero de este a\u00f1o y los aumentos en los costos\u201d que deben asumir las cl\u00ednicas y sanatorios. \u201cEsto comprende: aumento salarial para trabajadores de sanidad -recientemente firmado del 45% sobre los salarios de junio-, aumentos de honorarios profesionales, medicaci\u00f3n, insumos, energ\u00eda y otros rubros\u201d, precisaron.&nbsp;<\/p>\n","protected":false},"excerpt":{"rendered":"<p>La obra social Pami suspendi\u00f3 una reuni\u00f3n con cl\u00ednicas y sanatorios de La Pampa para tratar los reclamos del sector. \u201cLas expectativas generadas en torno a una posible soluci\u00f3n se&hellip;<\/p>\n","protected":false},"author":7,"featured_media":11682,"comment_status":"closed","ping_status":"open","sticky":false,"template":"","format":"standard","meta":{"_acf_changed":false,"footnotes":""},"categories":[10,12],"tags":[5940,488],"class_list":["post-158492","post","type-post","status-publish","format-standard","has-post-thumbnail","hentry","category-portada-2","category-sociedad","tag-clinicas-y-sanatorios","tag-pami"],"acf":[],"yoast_head":"<!-- This site is optimized with the Yoast SEO plugin v27.5 - https:\/\/yoast.com\/product\/yoast-seo-wordpress\/ -->\n<title>Pami suspendi\u00f3 reuni\u00f3n con cl\u00ednicas y sanatorios y hay incertidumbre por el convenio - Diario Textual<\/title>\n<meta name=\"robots\" content=\"index, follow, max-snippet:-1, max-image-preview:large, max-video-preview:-1\" \/>\n<link rel=\"canonical\" href=\"https:\/\/diariotextual.com\/inicio\/index.php\/2021\/08\/20\/pami-suspendio-reunion-con-clinicas-y-sanatorios-y-hay-incertidumbre-por-la-renovacion-del-convenio\/\" \/>\n<meta property=\"og:locale\" content=\"es_ES\" \/>\n<meta property=\"og:type\" content=\"article\" \/>\n<meta property=\"og:title\" content=\"Pami suspendi\u00f3 reuni\u00f3n con cl\u00ednicas y sanatorios y hay incertidumbre por el convenio - Diario Textual\" \/>\n<meta property=\"og:description\" content=\"La obra social Pami suspendi\u00f3 una reuni\u00f3n con cl\u00ednicas y sanatorios de La Pampa para tratar los reclamos del sector. \u201cLas expectativas generadas en torno a una posible soluci\u00f3n se&hellip;\" \/>\n<meta property=\"og:url\" content=\"https:\/\/diariotextual.com\/inicio\/index.php\/2021\/08\/20\/pami-suspendio-reunion-con-clinicas-y-sanatorios-y-hay-incertidumbre-por-la-renovacion-del-convenio\/\" \/>\n<meta property=\"og:site_name\" content=\"Diario Textual\" \/>\n<meta property=\"article:publisher\" content=\"https:\/\/www.facebook.com\/eltextual\" \/>\n<meta property=\"article:published_time\" content=\"2021-08-20T14:35:40+00:00\" \/>\n<meta property=\"article:modified_time\" content=\"2021-08-20T16:47:25+00:00\" \/>\n<meta property=\"og:image\" content=\"https:\/\/diariotextual.com\/inicio\/wp-content\/uploads\/2018\/06\/pami9999.jpg\" \/>\n\t<meta property=\"og:image:width\" content=\"644\" \/>\n\t<meta property=\"og:image:height\" content=\"405\" \/>\n\t<meta property=\"og:image:type\" content=\"image\/jpeg\" \/>\n<meta name=\"author\" content=\"diario5\" \/>\n<meta name=\"twitter:card\" content=\"summary_large_image\" \/>\n<meta name=\"twitter:creator\" content=\"@eltextual\" \/>\n<meta name=\"twitter:site\" content=\"@eltextual\" \/>\n<meta name=\"twitter:label1\" content=\"Escrito por\" \/>\n\t<meta name=\"twitter:data1\" content=\"diario5\" \/>\n\t<meta name=\"twitter:label2\" content=\"Tiempo de lectura\" \/>\n\t<meta name=\"twitter:data2\" content=\"2 minutos\" \/>\n<script type=\"application\/ld+json\" class=\"yoast-schema-graph\">{\"@context\":\"https:\\\/\\\/schema.org\",\"@graph\":[{\"@type\":\"Article\",\"@id\":\"https:\\\/\\\/diariotextual.com\\\/inicio\\\/index.php\\\/2021\\\/08\\\/20\\\/pami-suspendio-reunion-con-clinicas-y-sanatorios-y-hay-incertidumbre-por-la-renovacion-del-convenio\\\/#article\",\"isPartOf\":{\"@id\":\"https:\\\/\\\/diariotextual.com\\\/inicio\\\/index.php\\\/2021\\\/08\\\/20\\\/pami-suspendio-reunion-con-clinicas-y-sanatorios-y-hay-incertidumbre-por-la-renovacion-del-convenio\\\/\"},\"author\":{\"name\":\"diario5\",\"@id\":\"https:\\\/\\\/diariotextual.com\\\/inicio\\\/#\\\/schema\\\/person\\\/c7834961ad8b29b1d9cdbf4571299067\"},\"headline\":\"Pami suspendi\u00f3 reuni\u00f3n con cl\u00ednicas y sanatorios y hay incertidumbre por el convenio\",\"datePublished\":\"2021-08-20T14:35:40+00:00\",\"dateModified\":\"2021-08-20T16:47:25+00:00\",\"mainEntityOfPage\":{\"@id\":\"https:\\\/\\\/diariotextual.com\\\/inicio\\\/index.php\\\/2021\\\/08\\\/20\\\/pami-suspendio-reunion-con-clinicas-y-sanatorios-y-hay-incertidumbre-por-la-renovacion-del-convenio\\\/\"},\"wordCount\":407,\"publisher\":{\"@id\":\"https:\\\/\\\/diariotextual.com\\\/inicio\\\/#organization\"},\"image\":{\"@id\":\"https:\\\/\\\/diariotextual.com\\\/inicio\\\/index.php\\\/2021\\\/08\\\/20\\\/pami-suspendio-reunion-con-clinicas-y-sanatorios-y-hay-incertidumbre-por-la-renovacion-del-convenio\\\/#primaryimage\"},\"thumbnailUrl\":\"https:\\\/\\\/diariotextual.com\\\/inicio\\\/wp-content\\\/uploads\\\/2018\\\/06\\\/pami9999.jpg\",\"keywords\":[\"cl\u00ednicas y sanatorios\",\"pami\"],\"articleSection\":[\"A - PORTADA2\",\"SOCIEDAD\"],\"inLanguage\":\"es\"},{\"@type\":\"WebPage\",\"@id\":\"https:\\\/\\\/diariotextual.com\\\/inicio\\\/index.php\\\/2021\\\/08\\\/20\\\/pami-suspendio-reunion-con-clinicas-y-sanatorios-y-hay-incertidumbre-por-la-renovacion-del-convenio\\\/\",\"url\":\"https:\\\/\\\/diariotextual.com\\\/inicio\\\/index.php\\\/2021\\\/08\\\/20\\\/pami-suspendio-reunion-con-clinicas-y-sanatorios-y-hay-incertidumbre-por-la-renovacion-del-convenio\\\/\",\"name\":\"Pami suspendi\u00f3 reuni\u00f3n con cl\u00ednicas y sanatorios y hay incertidumbre por el convenio - Diario Textual\",\"isPartOf\":{\"@id\":\"https:\\\/\\\/diariotextual.com\\\/inicio\\\/#website\"},\"primaryImageOfPage\":{\"@id\":\"https:\\\/\\\/diariotextual.com\\\/inicio\\\/index.php\\\/2021\\\/08\\\/20\\\/pami-suspendio-reunion-con-clinicas-y-sanatorios-y-hay-incertidumbre-por-la-renovacion-del-convenio\\\/#primaryimage\"},\"image\":{\"@id\":\"https:\\\/\\\/diariotextual.com\\\/inicio\\\/index.php\\\/2021\\\/08\\\/20\\\/pami-suspendio-reunion-con-clinicas-y-sanatorios-y-hay-incertidumbre-por-la-renovacion-del-convenio\\\/#primaryimage\"},\"thumbnailUrl\":\"https:\\\/\\\/diariotextual.com\\\/inicio\\\/wp-content\\\/uploads\\\/2018\\\/06\\\/pami9999.jpg\",\"datePublished\":\"2021-08-20T14:35:40+00:00\",\"dateModified\":\"2021-08-20T16:47:25+00:00\",\"breadcrumb\":{\"@id\":\"https:\\\/\\\/diariotextual.com\\\/inicio\\\/index.php\\\/2021\\\/08\\\/20\\\/pami-suspendio-reunion-con-clinicas-y-sanatorios-y-hay-incertidumbre-por-la-renovacion-del-convenio\\\/#breadcrumb\"},\"inLanguage\":\"es\",\"potentialAction\":[{\"@type\":\"ReadAction\",\"target\":[\"https:\\\/\\\/diariotextual.com\\\/inicio\\\/index.php\\\/2021\\\/08\\\/20\\\/pami-suspendio-reunion-con-clinicas-y-sanatorios-y-hay-incertidumbre-por-la-renovacion-del-convenio\\\/\"]}]},{\"@type\":\"ImageObject\",\"inLanguage\":\"es\",\"@id\":\"https:\\\/\\\/diariotextual.com\\\/inicio\\\/index.php\\\/2021\\\/08\\\/20\\\/pami-suspendio-reunion-con-clinicas-y-sanatorios-y-hay-incertidumbre-por-la-renovacion-del-convenio\\\/#primaryimage\",\"url\":\"https:\\\/\\\/diariotextual.com\\\/inicio\\\/wp-content\\\/uploads\\\/2018\\\/06\\\/pami9999.jpg\",\"contentUrl\":\"https:\\\/\\\/diariotextual.com\\\/inicio\\\/wp-content\\\/uploads\\\/2018\\\/06\\\/pami9999.jpg\",\"width\":644,\"height\":405},{\"@type\":\"BreadcrumbList\",\"@id\":\"https:\\\/\\\/diariotextual.com\\\/inicio\\\/index.php\\\/2021\\\/08\\\/20\\\/pami-suspendio-reunion-con-clinicas-y-sanatorios-y-hay-incertidumbre-por-la-renovacion-del-convenio\\\/#breadcrumb\",\"itemListElement\":[{\"@type\":\"ListItem\",\"position\":1,\"name\":\"Portada\",\"item\":\"https:\\\/\\\/diariotextual.com\\\/inicio\\\/\"},{\"@type\":\"ListItem\",\"position\":2,\"name\":\"Pami suspendi\u00f3 reuni\u00f3n con cl\u00ednicas y sanatorios y hay incertidumbre por el convenio\"}]},{\"@type\":\"WebSite\",\"@id\":\"https:\\\/\\\/diariotextual.com\\\/inicio\\\/#website\",\"url\":\"https:\\\/\\\/diariotextual.com\\\/inicio\\\/\",\"name\":\"Diario Textual\",\"description\":\"\",\"publisher\":{\"@id\":\"https:\\\/\\\/diariotextual.com\\\/inicio\\\/#organization\"},\"potentialAction\":[{\"@type\":\"SearchAction\",\"target\":{\"@type\":\"EntryPoint\",\"urlTemplate\":\"https:\\\/\\\/diariotextual.com\\\/inicio\\\/?s={search_term_string}\"},\"query-input\":{\"@type\":\"PropertyValueSpecification\",\"valueRequired\":true,\"valueName\":\"search_term_string\"}}],\"inLanguage\":\"es\"},{\"@type\":\"Organization\",\"@id\":\"https:\\\/\\\/diariotextual.com\\\/inicio\\\/#organization\",\"name\":\"Diario Textual\",\"url\":\"https:\\\/\\\/diariotextual.com\\\/inicio\\\/\",\"logo\":{\"@type\":\"ImageObject\",\"inLanguage\":\"es\",\"@id\":\"https:\\\/\\\/diariotextual.com\\\/inicio\\\/#\\\/schema\\\/logo\\\/image\\\/\",\"url\":\"https:\\\/\\\/diariotextual.com\\\/inicio\\\/wp-content\\\/uploads\\\/2023\\\/05\\\/logotextual1.jpg\",\"contentUrl\":\"https:\\\/\\\/diariotextual.com\\\/inicio\\\/wp-content\\\/uploads\\\/2023\\\/05\\\/logotextual1.jpg\",\"width\":516,\"height\":76,\"caption\":\"Diario Textual\"},\"image\":{\"@id\":\"https:\\\/\\\/diariotextual.com\\\/inicio\\\/#\\\/schema\\\/logo\\\/image\\\/\"},\"sameAs\":[\"https:\\\/\\\/www.facebook.com\\\/eltextual\",\"https:\\\/\\\/x.com\\\/eltextual\",\"http:\\\/\\\/www.instagram.com\\\/eltextual\"]},{\"@type\":\"Person\",\"@id\":\"https:\\\/\\\/diariotextual.com\\\/inicio\\\/#\\\/schema\\\/person\\\/c7834961ad8b29b1d9cdbf4571299067\",\"name\":\"diario5\",\"image\":{\"@type\":\"ImageObject\",\"inLanguage\":\"es\",\"@id\":\"https:\\\/\\\/secure.gravatar.com\\\/avatar\\\/948c893b847ca6df68216ead81b63f363408ec9b0f600fefc0641ce78613b111?s=96&d=mm&r=g\",\"url\":\"https:\\\/\\\/secure.gravatar.com\\\/avatar\\\/948c893b847ca6df68216ead81b63f363408ec9b0f600fefc0641ce78613b111?s=96&d=mm&r=g\",\"contentUrl\":\"https:\\\/\\\/secure.gravatar.com\\\/avatar\\\/948c893b847ca6df68216ead81b63f363408ec9b0f600fefc0641ce78613b111?s=96&d=mm&r=g\",\"caption\":\"diario5\"},\"url\":\"https:\\\/\\\/diariotextual.com\\\/inicio\\\/index.php\\\/author\\\/diario5\\\/\"}]}<\/script>\n<!-- \/ Yoast SEO plugin. -->","yoast_head_json":{"title":"Pami suspendi\u00f3 reuni\u00f3n con cl\u00ednicas y sanatorios y hay incertidumbre por el convenio - Diario Textual","robots":{"index":"index","follow":"follow","max-snippet":"max-snippet:-1","max-image-preview":"max-image-preview:large","max-video-preview":"max-video-preview:-1"},"canonical":"https:\/\/diariotextual.com\/inicio\/index.php\/2021\/08\/20\/pami-suspendio-reunion-con-clinicas-y-sanatorios-y-hay-incertidumbre-por-la-renovacion-del-convenio\/","og_locale":"es_ES","og_type":"article","og_title":"Pami suspendi\u00f3 reuni\u00f3n con cl\u00ednicas y sanatorios y hay incertidumbre por el convenio - Diario Textual","og_description":"La obra social Pami suspendi\u00f3 una reuni\u00f3n con cl\u00ednicas y sanatorios de La Pampa para tratar los reclamos del sector. \u201cLas expectativas generadas en torno a una posible soluci\u00f3n se&hellip;","og_url":"https:\/\/diariotextual.com\/inicio\/index.php\/2021\/08\/20\/pami-suspendio-reunion-con-clinicas-y-sanatorios-y-hay-incertidumbre-por-la-renovacion-del-convenio\/","og_site_name":"Diario Textual","article_publisher":"https:\/\/www.facebook.com\/eltextual","article_published_time":"2021-08-20T14:35:40+00:00","article_modified_time":"2021-08-20T16:47:25+00:00","og_image":[{"width":644,"height":405,"url":"https:\/\/diariotextual.com\/inicio\/wp-content\/uploads\/2018\/06\/pami9999.jpg","type":"image\/jpeg"}],"author":"diario5","twitter_card":"summary_large_image","twitter_creator":"@eltextual","twitter_site":"@eltextual","twitter_misc":{"Escrito por":"diario5","Tiempo de lectura":"2 minutos"},"schema":{"@context":"https:\/\/schema.org","@graph":[{"@type":"Article","@id":"https:\/\/diariotextual.com\/inicio\/index.php\/2021\/08\/20\/pami-suspendio-reunion-con-clinicas-y-sanatorios-y-hay-incertidumbre-por-la-renovacion-del-convenio\/#article","isPartOf":{"@id":"https:\/\/diariotextual.com\/inicio\/index.php\/2021\/08\/20\/pami-suspendio-reunion-con-clinicas-y-sanatorios-y-hay-incertidumbre-por-la-renovacion-del-convenio\/"},"author":{"name":"diario5","@id":"https:\/\/diariotextual.com\/inicio\/#\/schema\/person\/c7834961ad8b29b1d9cdbf4571299067"},"headline":"Pami suspendi\u00f3 reuni\u00f3n con cl\u00ednicas y sanatorios y hay incertidumbre por el convenio","datePublished":"2021-08-20T14:35:40+00:00","dateModified":"2021-08-20T16:47:25+00:00","mainEntityOfPage":{"@id":"https:\/\/diariotextual.com\/inicio\/index.php\/2021\/08\/20\/pami-suspendio-reunion-con-clinicas-y-sanatorios-y-hay-incertidumbre-por-la-renovacion-del-convenio\/"},"wordCount":407,"publisher":{"@id":"https:\/\/diariotextual.com\/inicio\/#organization"},"image":{"@id":"https:\/\/diariotextual.com\/inicio\/index.php\/2021\/08\/20\/pami-suspendio-reunion-con-clinicas-y-sanatorios-y-hay-incertidumbre-por-la-renovacion-del-convenio\/#primaryimage"},"thumbnailUrl":"https:\/\/diariotextual.com\/inicio\/wp-content\/uploads\/2018\/06\/pami9999.jpg","keywords":["cl\u00ednicas y sanatorios","pami"],"articleSection":["A - PORTADA2","SOCIEDAD"],"inLanguage":"es"},{"@type":"WebPage","@id":"https:\/\/diariotextual.com\/inicio\/index.php\/2021\/08\/20\/pami-suspendio-reunion-con-clinicas-y-sanatorios-y-hay-incertidumbre-por-la-renovacion-del-convenio\/","url":"https:\/\/diariotextual.com\/inicio\/index.php\/2021\/08\/20\/pami-suspendio-reunion-con-clinicas-y-sanatorios-y-hay-incertidumbre-por-la-renovacion-del-convenio\/","name":"Pami suspendi\u00f3 reuni\u00f3n con cl\u00ednicas y sanatorios y hay incertidumbre por el convenio - Diario Textual","isPartOf":{"@id":"https:\/\/diariotextual.com\/inicio\/#website"},"primaryImageOfPage":{"@id":"https:\/\/diariotextual.com\/inicio\/index.php\/2021\/08\/20\/pami-suspendio-reunion-con-clinicas-y-sanatorios-y-hay-incertidumbre-por-la-renovacion-del-convenio\/#primaryimage"},"image":{"@id":"https:\/\/diariotextual.com\/inicio\/index.php\/2021\/08\/20\/pami-suspendio-reunion-con-clinicas-y-sanatorios-y-hay-incertidumbre-por-la-renovacion-del-convenio\/#primaryimage"},"thumbnailUrl":"https:\/\/diariotextual.com\/inicio\/wp-content\/uploads\/2018\/06\/pami9999.jpg","datePublished":"2021-08-20T14:35:40+00:00","dateModified":"2021-08-20T16:47:25+00:00","breadcrumb":{"@id":"https:\/\/diariotextual.com\/inicio\/index.php\/2021\/08\/20\/pami-suspendio-reunion-con-clinicas-y-sanatorios-y-hay-incertidumbre-por-la-renovacion-del-convenio\/#breadcrumb"},"inLanguage":"es","potentialAction":[{"@type":"ReadAction","target":["https:\/\/diariotextual.com\/inicio\/index.php\/2021\/08\/20\/pami-suspendio-reunion-con-clinicas-y-sanatorios-y-hay-incertidumbre-por-la-renovacion-del-convenio\/"]}]},{"@type":"ImageObject","inLanguage":"es","@id":"https:\/\/diariotextual.com\/inicio\/index.php\/2021\/08\/20\/pami-suspendio-reunion-con-clinicas-y-sanatorios-y-hay-incertidumbre-por-la-renovacion-del-convenio\/#primaryimage","url":"https:\/\/diariotextual.com\/inicio\/wp-content\/uploads\/2018\/06\/pami9999.jpg","contentUrl":"https:\/\/diariotextual.com\/inicio\/wp-content\/uploads\/2018\/06\/pami9999.jpg","width":644,"height":405},{"@type":"BreadcrumbList","@id":"https:\/\/diariotextual.com\/inicio\/index.php\/2021\/08\/20\/pami-suspendio-reunion-con-clinicas-y-sanatorios-y-hay-incertidumbre-por-la-renovacion-del-convenio\/#breadcrumb","itemListElement":[{"@type":"ListItem","position":1,"name":"Portada","item":"https:\/\/diariotextual.com\/inicio\/"},{"@type":"ListItem","position":2,"name":"Pami suspendi\u00f3 reuni\u00f3n con cl\u00ednicas y sanatorios y hay incertidumbre por el convenio"}]},{"@type":"WebSite","@id":"https:\/\/diariotextual.com\/inicio\/#website","url":"https:\/\/diariotextual.com\/inicio\/","name":"Diario Textual","description":"","publisher":{"@id":"https:\/\/diariotextual.com\/inicio\/#organization"},"potentialAction":[{"@type":"SearchAction","target":{"@type":"EntryPoint","urlTemplate":"https:\/\/diariotextual.com\/inicio\/?s={search_term_string}"},"query-input":{"@type":"PropertyValueSpecification","valueRequired":true,"valueName":"search_term_string"}}],"inLanguage":"es"},{"@type":"Organization","@id":"https:\/\/diariotextual.com\/inicio\/#organization","name":"Diario Textual","url":"https:\/\/diariotextual.com\/inicio\/","logo":{"@type":"ImageObject","inLanguage":"es","@id":"https:\/\/diariotextual.com\/inicio\/#\/schema\/logo\/image\/","url":"https:\/\/diariotextual.com\/inicio\/wp-content\/uploads\/2023\/05\/logotextual1.jpg","contentUrl":"https:\/\/diariotextual.com\/inicio\/wp-content\/uploads\/2023\/05\/logotextual1.jpg","width":516,"height":76,"caption":"Diario Textual"},"image":{"@id":"https:\/\/diariotextual.com\/inicio\/#\/schema\/logo\/image\/"},"sameAs":["https:\/\/www.facebook.com\/eltextual","https:\/\/x.com\/eltextual","http:\/\/www.instagram.com\/eltextual"]},{"@type":"Person","@id":"https:\/\/diariotextual.com\/inicio\/#\/schema\/person\/c7834961ad8b29b1d9cdbf4571299067","name":"diario5","image":{"@type":"ImageObject","inLanguage":"es","@id":"https:\/\/secure.gravatar.com\/avatar\/948c893b847ca6df68216ead81b63f363408ec9b0f600fefc0641ce78613b111?s=96&d=mm&r=g","url":"https:\/\/secure.gravatar.com\/avatar\/948c893b847ca6df68216ead81b63f363408ec9b0f600fefc0641ce78613b111?s=96&d=mm&r=g","contentUrl":"https:\/\/secure.gravatar.com\/avatar\/948c893b847ca6df68216ead81b63f363408ec9b0f600fefc0641ce78613b111?s=96&d=mm&r=g","caption":"diario5"},"url":"https:\/\/diariotextual.com\/inicio\/index.php\/author\/diario5\/"}]}},"_links":{"self":[{"href":"https:\/\/diariotextual.com\/inicio\/index.php\/wp-json\/wp\/v2\/posts\/158492","targetHints":{"allow":["GET"]}}],"collection":[{"href":"https:\/\/diariotextual.com\/inicio\/index.php\/wp-json\/wp\/v2\/posts"}],"about":[{"href":"https:\/\/diariotextual.com\/inicio\/index.php\/wp-json\/wp\/v2\/types\/post"}],"author":[{"embeddable":true,"href":"https:\/\/diariotextual.com\/inicio\/index.php\/wp-json\/wp\/v2\/users\/7"}],"replies":[{"embeddable":true,"href":"https:\/\/diariotextual.com\/inicio\/index.php\/wp-json\/wp\/v2\/comments?post=158492"}],"version-history":[{"count":4,"href":"https:\/\/diariotextual.com\/inicio\/index.php\/wp-json\/wp\/v2\/posts\/158492\/revisions"}],"predecessor-version":[{"id":158501,"href":"https:\/\/diariotextual.com\/inicio\/index.php\/wp-json\/wp\/v2\/posts\/158492\/revisions\/158501"}],"wp:featuredmedia":[{"embeddable":true,"href":"https:\/\/diariotextual.com\/inicio\/index.php\/wp-json\/wp\/v2\/media\/11682"}],"wp:attachment":[{"href":"https:\/\/diariotextual.com\/inicio\/index.php\/wp-json\/wp\/v2\/media?parent=158492"}],"wp:term":[{"taxonomy":"category","embeddable":true,"href":"https:\/\/diariotextual.com\/inicio\/index.php\/wp-json\/wp\/v2\/categories?post=158492"},{"taxonomy":"post_tag","embeddable":true,"href":"https:\/\/diariotextual.com\/inicio\/index.php\/wp-json\/wp\/v2\/tags?post=158492"}],"curies":[{"name":"wp","href":"https:\/\/api.w.org\/{rel}","templated":true}]}}