{"id":158595,"date":"2021-08-21T10:34:46","date_gmt":"2021-08-21T13:34:46","guid":{"rendered":"https:\/\/diariotextual.com\/inicio\/?p=158595"},"modified":"2021-08-21T17:20:51","modified_gmt":"2021-08-21T20:20:51","slug":"pami-pide-a-los-sanatorios-pampeanos-a-retomar-de-buena-fe-las-negociaciones","status":"publish","type":"post","link":"https:\/\/diariotextual.com\/inicio\/index.php\/2021\/08\/21\/pami-pide-a-los-sanatorios-pampeanos-a-retomar-de-buena-fe-las-negociaciones\/","title":{"rendered":"Pami pide a los sanatorios pampeanos a retomar \u201cde buena fe\u201d las negociaciones"},"content":{"rendered":"\n<p>La obra social <strong>Pami <\/strong>sali\u00f3 al cruce de los sanatorios de la provincia, que anunciaron que no renovar\u00edan el convenio de atenci\u00f3n de no mediar aumentos: cuestion\u00f3<strong> \u201clas \u00faltimas acciones\u201d <\/strong>de sus prestadores y <strong>llam\u00f3 a retomar las negociaciones \u201cde buena fe\u201d.<\/strong><\/p>\n\n\n\n<p>En el d\u00eda de ayer los representantes de la obra social y los sanatorios privados mantuvieron una reuni\u00f3n. Seg\u00fan dijeron desde el Pami, hubo \u201cduros reproches\u201d sobre la \u201cactitud p\u00fablica\u201d que tomaron los prestadores durante la conferencia de prensa brindada por las cl\u00ednicas el mi\u00e9rcoles 18.<strong> \u201cLa campa\u00f1a de prensa lanzada por un grupo de cl\u00ednicas y sanatorios los d\u00edas previos a la cita, sembrando dudas sobre la continuidad de la atenci\u00f3n m\u00e9dica de nuestras personas afiliadas es una medida de presi\u00f3n que no podemos permitir en el marco de una negociaci\u00f3n\u201d<\/strong>, afirm\u00f3 la directora ejecutiva de Pami La Pampa, <strong>Cecilia Giacco<\/strong>.<\/p>\n\n\n\n<p>\u00bfQu\u00e9 reclaman las cl\u00ednicas y sanatorios? Una actualizaci\u00f3n en los valores de las prestaciones. Sostuvieron que la \u201cdesactualizaci\u00f3n\u201d de valores prestacionales oscila el 65%. A ello se suma el \u201cincumplimiento de un acta acuerdo firmada en febrero de este a\u00f1o y los aumentos en los costos\u201d que deben asumir las cl\u00ednicas y sanatorios. \u201cEsto comprende un aumento salarial para trabajadores de sanidad -recientemente firmado del 45% sobre los salarios de junio-, aumentos de honorarios profesionales, medicaci\u00f3n, insumos, energ\u00eda y otros rubros\u00bb, precisaron.<\/p>\n\n\n\n<p>Sin embargo, <strong>desde la obra social tambi\u00e9n objetaron los n\u00fameros sobre la situaci\u00f3n econ\u00f3mica de los sanatorios. <\/strong>\u201cDurante la conferencia del mi\u00e9rcoles se esgrimieron cifras que no se condicen con la realidad. Lo cierto es que desde noviembre de 2020 a junio de 2021, Pami otorg\u00f3 un aumento de valores del 56% que alcanzar\u00e1 en las pr\u00f3ximas semanas al 71%. Desde principios de a\u00f1o a junio de 2021, la inversi\u00f3n que PAMI realiz\u00f3 en la provincia en materia de pagos a cl\u00ednicas y sanatorios privados asciende a m\u00e1s de 330 millones de pesos\u201d, agreg\u00f3 la titular del Pami.<\/p>\n\n\n\n<p>La funcionaria dijo que en la obra social son conscientes de la situaci\u00f3n de las cl\u00ednicas y sanatorios ante el contexto de la pandemia, pero insisti\u00f3 con que siguen abiertos los canales de di\u00e1logo y buena predisposici\u00f3n a escuchar y acordar acciones.<\/p>\n\n\n\n<p>A su vez, afirm\u00f3 que estaba en los planes de la reuni\u00f3n pautada para este jueves presentar a los prestadores una serie de medidas que retomaban sus \u00faltimos reclamos, pero que la conferencia de prensa del mi\u00e9rcoles cambi\u00f3 el escenario. \u201cNo podemos aceptar que se expresen planteos que no se condicen con la realidad, ni que se utilice la preocupaci\u00f3n de nuestras personas afiliadas como carta de negociaci\u00f3n\u00bb, dijo.<\/p>\n\n\n\n<p>Por \u00faltimo, destac\u00f3 el acuerdo firmado en febrero 2021 que permiti\u00f3 la revisi\u00f3n de los valores de las Unidades moduladas seg\u00fan nomenclador que aplican en la provincia, con el objetivo de avanzar en la equiparaci\u00f3n total entre los valores prestacionales que tiene La Pampa con el resto de las provincias que integran la Patagonia Norte. Esta medida, seg\u00fan la representante de la obra social, represent\u00f3 una reivindicaci\u00f3n de larga data y permiti\u00f3 que los prestadores del Nivel 2 de la Pampa tengan una suba de la facturaci\u00f3n del 60% entre octubre 2020 y junio 2021.<\/p>\n\n\n\n<p><\/p>\n","protected":false},"excerpt":{"rendered":"<p>La obra social Pami sali\u00f3 al cruce de los sanatorios de la provincia, que anunciaron que no renovar\u00edan el convenio de atenci\u00f3n de no mediar aumentos: cuestion\u00f3 \u201clas \u00faltimas acciones\u201d&hellip;<\/p>\n","protected":false},"author":3,"featured_media":8599,"comment_status":"closed","ping_status":"open","sticky":false,"template":"","format":"standard","meta":{"_acf_changed":false,"footnotes":""},"categories":[10,12],"tags":[],"class_list":["post-158595","post","type-post","status-publish","format-standard","has-post-thumbnail","hentry","category-portada-2","category-sociedad"],"acf":[],"yoast_head":"<!-- This site is optimized with the Yoast SEO plugin v27.5 - https:\/\/yoast.com\/product\/yoast-seo-wordpress\/ -->\n<title>Pami pide a los sanatorios pampeanos a retomar \u201cde buena fe\u201d las negociaciones - Diario Textual<\/title>\n<meta name=\"robots\" content=\"index, follow, max-snippet:-1, max-image-preview:large, max-video-preview:-1\" \/>\n<link rel=\"canonical\" href=\"https:\/\/diariotextual.com\/inicio\/index.php\/2021\/08\/21\/pami-pide-a-los-sanatorios-pampeanos-a-retomar-de-buena-fe-las-negociaciones\/\" \/>\n<meta property=\"og:locale\" content=\"es_ES\" \/>\n<meta property=\"og:type\" content=\"article\" \/>\n<meta property=\"og:title\" content=\"Pami pide a los sanatorios pampeanos a retomar \u201cde buena fe\u201d las negociaciones - Diario Textual\" \/>\n<meta property=\"og:description\" content=\"La obra social Pami sali\u00f3 al cruce de los sanatorios de la provincia, que anunciaron que no renovar\u00edan el convenio de atenci\u00f3n de no mediar aumentos: cuestion\u00f3 \u201clas \u00faltimas acciones\u201d&hellip;\" \/>\n<meta property=\"og:url\" content=\"https:\/\/diariotextual.com\/inicio\/index.php\/2021\/08\/21\/pami-pide-a-los-sanatorios-pampeanos-a-retomar-de-buena-fe-las-negociaciones\/\" \/>\n<meta property=\"og:site_name\" content=\"Diario Textual\" \/>\n<meta property=\"article:publisher\" content=\"https:\/\/www.facebook.com\/eltextual\" \/>\n<meta property=\"article:published_time\" content=\"2021-08-21T13:34:46+00:00\" \/>\n<meta property=\"article:modified_time\" content=\"2021-08-21T20:20:51+00:00\" \/>\n<meta property=\"og:image\" content=\"https:\/\/diariotextual.com\/inicio\/wp-content\/uploads\/2018\/05\/pami.jpg\" \/>\n\t<meta property=\"og:image:width\" content=\"1008\" \/>\n\t<meta property=\"og:image:height\" content=\"566\" \/>\n\t<meta property=\"og:image:type\" content=\"image\/jpeg\" \/>\n<meta name=\"author\" content=\"Diario1 Diario1\" \/>\n<meta name=\"twitter:card\" content=\"summary_large_image\" \/>\n<meta name=\"twitter:creator\" content=\"@eltextual\" \/>\n<meta name=\"twitter:site\" content=\"@eltextual\" \/>\n<meta name=\"twitter:label1\" content=\"Escrito por\" \/>\n\t<meta name=\"twitter:data1\" content=\"Diario1 Diario1\" \/>\n\t<meta name=\"twitter:label2\" content=\"Tiempo de lectura\" \/>\n\t<meta name=\"twitter:data2\" content=\"3 minutos\" \/>\n<script type=\"application\/ld+json\" class=\"yoast-schema-graph\">{\"@context\":\"https:\\\/\\\/schema.org\",\"@graph\":[{\"@type\":\"Article\",\"@id\":\"https:\\\/\\\/diariotextual.com\\\/inicio\\\/index.php\\\/2021\\\/08\\\/21\\\/pami-pide-a-los-sanatorios-pampeanos-a-retomar-de-buena-fe-las-negociaciones\\\/#article\",\"isPartOf\":{\"@id\":\"https:\\\/\\\/diariotextual.com\\\/inicio\\\/index.php\\\/2021\\\/08\\\/21\\\/pami-pide-a-los-sanatorios-pampeanos-a-retomar-de-buena-fe-las-negociaciones\\\/\"},\"author\":{\"name\":\"Diario1 Diario1\",\"@id\":\"https:\\\/\\\/diariotextual.com\\\/inicio\\\/#\\\/schema\\\/person\\\/418fc4093c33e86ed41562db3508f958\"},\"headline\":\"Pami pide a los sanatorios pampeanos a retomar \u201cde buena fe\u201d las negociaciones\",\"datePublished\":\"2021-08-21T13:34:46+00:00\",\"dateModified\":\"2021-08-21T20:20:51+00:00\",\"mainEntityOfPage\":{\"@id\":\"https:\\\/\\\/diariotextual.com\\\/inicio\\\/index.php\\\/2021\\\/08\\\/21\\\/pami-pide-a-los-sanatorios-pampeanos-a-retomar-de-buena-fe-las-negociaciones\\\/\"},\"wordCount\":575,\"publisher\":{\"@id\":\"https:\\\/\\\/diariotextual.com\\\/inicio\\\/#organization\"},\"image\":{\"@id\":\"https:\\\/\\\/diariotextual.com\\\/inicio\\\/index.php\\\/2021\\\/08\\\/21\\\/pami-pide-a-los-sanatorios-pampeanos-a-retomar-de-buena-fe-las-negociaciones\\\/#primaryimage\"},\"thumbnailUrl\":\"https:\\\/\\\/diariotextual.com\\\/inicio\\\/wp-content\\\/uploads\\\/2018\\\/05\\\/pami.jpg\",\"articleSection\":[\"A - PORTADA2\",\"SOCIEDAD\"],\"inLanguage\":\"es\"},{\"@type\":\"WebPage\",\"@id\":\"https:\\\/\\\/diariotextual.com\\\/inicio\\\/index.php\\\/2021\\\/08\\\/21\\\/pami-pide-a-los-sanatorios-pampeanos-a-retomar-de-buena-fe-las-negociaciones\\\/\",\"url\":\"https:\\\/\\\/diariotextual.com\\\/inicio\\\/index.php\\\/2021\\\/08\\\/21\\\/pami-pide-a-los-sanatorios-pampeanos-a-retomar-de-buena-fe-las-negociaciones\\\/\",\"name\":\"Pami pide a los sanatorios pampeanos a retomar \u201cde buena fe\u201d las negociaciones - Diario Textual\",\"isPartOf\":{\"@id\":\"https:\\\/\\\/diariotextual.com\\\/inicio\\\/#website\"},\"primaryImageOfPage\":{\"@id\":\"https:\\\/\\\/diariotextual.com\\\/inicio\\\/index.php\\\/2021\\\/08\\\/21\\\/pami-pide-a-los-sanatorios-pampeanos-a-retomar-de-buena-fe-las-negociaciones\\\/#primaryimage\"},\"image\":{\"@id\":\"https:\\\/\\\/diariotextual.com\\\/inicio\\\/index.php\\\/2021\\\/08\\\/21\\\/pami-pide-a-los-sanatorios-pampeanos-a-retomar-de-buena-fe-las-negociaciones\\\/#primaryimage\"},\"thumbnailUrl\":\"https:\\\/\\\/diariotextual.com\\\/inicio\\\/wp-content\\\/uploads\\\/2018\\\/05\\\/pami.jpg\",\"datePublished\":\"2021-08-21T13:34:46+00:00\",\"dateModified\":\"2021-08-21T20:20:51+00:00\",\"breadcrumb\":{\"@id\":\"https:\\\/\\\/diariotextual.com\\\/inicio\\\/index.php\\\/2021\\\/08\\\/21\\\/pami-pide-a-los-sanatorios-pampeanos-a-retomar-de-buena-fe-las-negociaciones\\\/#breadcrumb\"},\"inLanguage\":\"es\",\"potentialAction\":[{\"@type\":\"ReadAction\",\"target\":[\"https:\\\/\\\/diariotextual.com\\\/inicio\\\/index.php\\\/2021\\\/08\\\/21\\\/pami-pide-a-los-sanatorios-pampeanos-a-retomar-de-buena-fe-las-negociaciones\\\/\"]}]},{\"@type\":\"ImageObject\",\"inLanguage\":\"es\",\"@id\":\"https:\\\/\\\/diariotextual.com\\\/inicio\\\/index.php\\\/2021\\\/08\\\/21\\\/pami-pide-a-los-sanatorios-pampeanos-a-retomar-de-buena-fe-las-negociaciones\\\/#primaryimage\",\"url\":\"https:\\\/\\\/diariotextual.com\\\/inicio\\\/wp-content\\\/uploads\\\/2018\\\/05\\\/pami.jpg\",\"contentUrl\":\"https:\\\/\\\/diariotextual.com\\\/inicio\\\/wp-content\\\/uploads\\\/2018\\\/05\\\/pami.jpg\",\"width\":1008,\"height\":566},{\"@type\":\"BreadcrumbList\",\"@id\":\"https:\\\/\\\/diariotextual.com\\\/inicio\\\/index.php\\\/2021\\\/08\\\/21\\\/pami-pide-a-los-sanatorios-pampeanos-a-retomar-de-buena-fe-las-negociaciones\\\/#breadcrumb\",\"itemListElement\":[{\"@type\":\"ListItem\",\"position\":1,\"name\":\"Portada\",\"item\":\"https:\\\/\\\/diariotextual.com\\\/inicio\\\/\"},{\"@type\":\"ListItem\",\"position\":2,\"name\":\"Pami pide a los sanatorios pampeanos a retomar \u201cde buena fe\u201d las negociaciones\"}]},{\"@type\":\"WebSite\",\"@id\":\"https:\\\/\\\/diariotextual.com\\\/inicio\\\/#website\",\"url\":\"https:\\\/\\\/diariotextual.com\\\/inicio\\\/\",\"name\":\"Diario Textual\",\"description\":\"\",\"publisher\":{\"@id\":\"https:\\\/\\\/diariotextual.com\\\/inicio\\\/#organization\"},\"potentialAction\":[{\"@type\":\"SearchAction\",\"target\":{\"@type\":\"EntryPoint\",\"urlTemplate\":\"https:\\\/\\\/diariotextual.com\\\/inicio\\\/?s={search_term_string}\"},\"query-input\":{\"@type\":\"PropertyValueSpecification\",\"valueRequired\":true,\"valueName\":\"search_term_string\"}}],\"inLanguage\":\"es\"},{\"@type\":\"Organization\",\"@id\":\"https:\\\/\\\/diariotextual.com\\\/inicio\\\/#organization\",\"name\":\"Diario Textual\",\"url\":\"https:\\\/\\\/diariotextual.com\\\/inicio\\\/\",\"logo\":{\"@type\":\"ImageObject\",\"inLanguage\":\"es\",\"@id\":\"https:\\\/\\\/diariotextual.com\\\/inicio\\\/#\\\/schema\\\/logo\\\/image\\\/\",\"url\":\"https:\\\/\\\/diariotextual.com\\\/inicio\\\/wp-content\\\/uploads\\\/2023\\\/05\\\/logotextual1.jpg\",\"contentUrl\":\"https:\\\/\\\/diariotextual.com\\\/inicio\\\/wp-content\\\/uploads\\\/2023\\\/05\\\/logotextual1.jpg\",\"width\":516,\"height\":76,\"caption\":\"Diario Textual\"},\"image\":{\"@id\":\"https:\\\/\\\/diariotextual.com\\\/inicio\\\/#\\\/schema\\\/logo\\\/image\\\/\"},\"sameAs\":[\"https:\\\/\\\/www.facebook.com\\\/eltextual\",\"https:\\\/\\\/x.com\\\/eltextual\",\"http:\\\/\\\/www.instagram.com\\\/eltextual\"]},{\"@type\":\"Person\",\"@id\":\"https:\\\/\\\/diariotextual.com\\\/inicio\\\/#\\\/schema\\\/person\\\/418fc4093c33e86ed41562db3508f958\",\"name\":\"Diario1 Diario1\",\"image\":{\"@type\":\"ImageObject\",\"inLanguage\":\"es\",\"@id\":\"https:\\\/\\\/secure.gravatar.com\\\/avatar\\\/9167d280179c85bc18be67aa7eda765854300033af4896dd779b608640f2ef7a?s=96&d=mm&r=g\",\"url\":\"https:\\\/\\\/secure.gravatar.com\\\/avatar\\\/9167d280179c85bc18be67aa7eda765854300033af4896dd779b608640f2ef7a?s=96&d=mm&r=g\",\"contentUrl\":\"https:\\\/\\\/secure.gravatar.com\\\/avatar\\\/9167d280179c85bc18be67aa7eda765854300033af4896dd779b608640f2ef7a?s=96&d=mm&r=g\",\"caption\":\"Diario1 Diario1\"},\"url\":\"https:\\\/\\\/diariotextual.com\\\/inicio\\\/index.php\\\/author\\\/diario1\\\/\"}]}<\/script>\n<!-- \/ Yoast SEO plugin. -->","yoast_head_json":{"title":"Pami pide a los sanatorios pampeanos a retomar \u201cde buena fe\u201d las negociaciones - Diario Textual","robots":{"index":"index","follow":"follow","max-snippet":"max-snippet:-1","max-image-preview":"max-image-preview:large","max-video-preview":"max-video-preview:-1"},"canonical":"https:\/\/diariotextual.com\/inicio\/index.php\/2021\/08\/21\/pami-pide-a-los-sanatorios-pampeanos-a-retomar-de-buena-fe-las-negociaciones\/","og_locale":"es_ES","og_type":"article","og_title":"Pami pide a los sanatorios pampeanos a retomar \u201cde buena fe\u201d las negociaciones - Diario Textual","og_description":"La obra social Pami sali\u00f3 al cruce de los sanatorios de la provincia, que anunciaron que no renovar\u00edan el convenio de atenci\u00f3n de no mediar aumentos: cuestion\u00f3 \u201clas \u00faltimas acciones\u201d&hellip;","og_url":"https:\/\/diariotextual.com\/inicio\/index.php\/2021\/08\/21\/pami-pide-a-los-sanatorios-pampeanos-a-retomar-de-buena-fe-las-negociaciones\/","og_site_name":"Diario Textual","article_publisher":"https:\/\/www.facebook.com\/eltextual","article_published_time":"2021-08-21T13:34:46+00:00","article_modified_time":"2021-08-21T20:20:51+00:00","og_image":[{"width":1008,"height":566,"url":"https:\/\/diariotextual.com\/inicio\/wp-content\/uploads\/2018\/05\/pami.jpg","type":"image\/jpeg"}],"author":"Diario1 Diario1","twitter_card":"summary_large_image","twitter_creator":"@eltextual","twitter_site":"@eltextual","twitter_misc":{"Escrito por":"Diario1 Diario1","Tiempo de lectura":"3 minutos"},"schema":{"@context":"https:\/\/schema.org","@graph":[{"@type":"Article","@id":"https:\/\/diariotextual.com\/inicio\/index.php\/2021\/08\/21\/pami-pide-a-los-sanatorios-pampeanos-a-retomar-de-buena-fe-las-negociaciones\/#article","isPartOf":{"@id":"https:\/\/diariotextual.com\/inicio\/index.php\/2021\/08\/21\/pami-pide-a-los-sanatorios-pampeanos-a-retomar-de-buena-fe-las-negociaciones\/"},"author":{"name":"Diario1 Diario1","@id":"https:\/\/diariotextual.com\/inicio\/#\/schema\/person\/418fc4093c33e86ed41562db3508f958"},"headline":"Pami pide a los sanatorios pampeanos a retomar \u201cde buena fe\u201d las negociaciones","datePublished":"2021-08-21T13:34:46+00:00","dateModified":"2021-08-21T20:20:51+00:00","mainEntityOfPage":{"@id":"https:\/\/diariotextual.com\/inicio\/index.php\/2021\/08\/21\/pami-pide-a-los-sanatorios-pampeanos-a-retomar-de-buena-fe-las-negociaciones\/"},"wordCount":575,"publisher":{"@id":"https:\/\/diariotextual.com\/inicio\/#organization"},"image":{"@id":"https:\/\/diariotextual.com\/inicio\/index.php\/2021\/08\/21\/pami-pide-a-los-sanatorios-pampeanos-a-retomar-de-buena-fe-las-negociaciones\/#primaryimage"},"thumbnailUrl":"https:\/\/diariotextual.com\/inicio\/wp-content\/uploads\/2018\/05\/pami.jpg","articleSection":["A - PORTADA2","SOCIEDAD"],"inLanguage":"es"},{"@type":"WebPage","@id":"https:\/\/diariotextual.com\/inicio\/index.php\/2021\/08\/21\/pami-pide-a-los-sanatorios-pampeanos-a-retomar-de-buena-fe-las-negociaciones\/","url":"https:\/\/diariotextual.com\/inicio\/index.php\/2021\/08\/21\/pami-pide-a-los-sanatorios-pampeanos-a-retomar-de-buena-fe-las-negociaciones\/","name":"Pami pide a los sanatorios pampeanos a retomar \u201cde buena fe\u201d las negociaciones - Diario Textual","isPartOf":{"@id":"https:\/\/diariotextual.com\/inicio\/#website"},"primaryImageOfPage":{"@id":"https:\/\/diariotextual.com\/inicio\/index.php\/2021\/08\/21\/pami-pide-a-los-sanatorios-pampeanos-a-retomar-de-buena-fe-las-negociaciones\/#primaryimage"},"image":{"@id":"https:\/\/diariotextual.com\/inicio\/index.php\/2021\/08\/21\/pami-pide-a-los-sanatorios-pampeanos-a-retomar-de-buena-fe-las-negociaciones\/#primaryimage"},"thumbnailUrl":"https:\/\/diariotextual.com\/inicio\/wp-content\/uploads\/2018\/05\/pami.jpg","datePublished":"2021-08-21T13:34:46+00:00","dateModified":"2021-08-21T20:20:51+00:00","breadcrumb":{"@id":"https:\/\/diariotextual.com\/inicio\/index.php\/2021\/08\/21\/pami-pide-a-los-sanatorios-pampeanos-a-retomar-de-buena-fe-las-negociaciones\/#breadcrumb"},"inLanguage":"es","potentialAction":[{"@type":"ReadAction","target":["https:\/\/diariotextual.com\/inicio\/index.php\/2021\/08\/21\/pami-pide-a-los-sanatorios-pampeanos-a-retomar-de-buena-fe-las-negociaciones\/"]}]},{"@type":"ImageObject","inLanguage":"es","@id":"https:\/\/diariotextual.com\/inicio\/index.php\/2021\/08\/21\/pami-pide-a-los-sanatorios-pampeanos-a-retomar-de-buena-fe-las-negociaciones\/#primaryimage","url":"https:\/\/diariotextual.com\/inicio\/wp-content\/uploads\/2018\/05\/pami.jpg","contentUrl":"https:\/\/diariotextual.com\/inicio\/wp-content\/uploads\/2018\/05\/pami.jpg","width":1008,"height":566},{"@type":"BreadcrumbList","@id":"https:\/\/diariotextual.com\/inicio\/index.php\/2021\/08\/21\/pami-pide-a-los-sanatorios-pampeanos-a-retomar-de-buena-fe-las-negociaciones\/#breadcrumb","itemListElement":[{"@type":"ListItem","position":1,"name":"Portada","item":"https:\/\/diariotextual.com\/inicio\/"},{"@type":"ListItem","position":2,"name":"Pami pide a los sanatorios pampeanos a retomar \u201cde buena fe\u201d las negociaciones"}]},{"@type":"WebSite","@id":"https:\/\/diariotextual.com\/inicio\/#website","url":"https:\/\/diariotextual.com\/inicio\/","name":"Diario Textual","description":"","publisher":{"@id":"https:\/\/diariotextual.com\/inicio\/#organization"},"potentialAction":[{"@type":"SearchAction","target":{"@type":"EntryPoint","urlTemplate":"https:\/\/diariotextual.com\/inicio\/?s={search_term_string}"},"query-input":{"@type":"PropertyValueSpecification","valueRequired":true,"valueName":"search_term_string"}}],"inLanguage":"es"},{"@type":"Organization","@id":"https:\/\/diariotextual.com\/inicio\/#organization","name":"Diario Textual","url":"https:\/\/diariotextual.com\/inicio\/","logo":{"@type":"ImageObject","inLanguage":"es","@id":"https:\/\/diariotextual.com\/inicio\/#\/schema\/logo\/image\/","url":"https:\/\/diariotextual.com\/inicio\/wp-content\/uploads\/2023\/05\/logotextual1.jpg","contentUrl":"https:\/\/diariotextual.com\/inicio\/wp-content\/uploads\/2023\/05\/logotextual1.jpg","width":516,"height":76,"caption":"Diario Textual"},"image":{"@id":"https:\/\/diariotextual.com\/inicio\/#\/schema\/logo\/image\/"},"sameAs":["https:\/\/www.facebook.com\/eltextual","https:\/\/x.com\/eltextual","http:\/\/www.instagram.com\/eltextual"]},{"@type":"Person","@id":"https:\/\/diariotextual.com\/inicio\/#\/schema\/person\/418fc4093c33e86ed41562db3508f958","name":"Diario1 Diario1","image":{"@type":"ImageObject","inLanguage":"es","@id":"https:\/\/secure.gravatar.com\/avatar\/9167d280179c85bc18be67aa7eda765854300033af4896dd779b608640f2ef7a?s=96&d=mm&r=g","url":"https:\/\/secure.gravatar.com\/avatar\/9167d280179c85bc18be67aa7eda765854300033af4896dd779b608640f2ef7a?s=96&d=mm&r=g","contentUrl":"https:\/\/secure.gravatar.com\/avatar\/9167d280179c85bc18be67aa7eda765854300033af4896dd779b608640f2ef7a?s=96&d=mm&r=g","caption":"Diario1 Diario1"},"url":"https:\/\/diariotextual.com\/inicio\/index.php\/author\/diario1\/"}]}},"_links":{"self":[{"href":"https:\/\/diariotextual.com\/inicio\/index.php\/wp-json\/wp\/v2\/posts\/158595","targetHints":{"allow":["GET"]}}],"collection":[{"href":"https:\/\/diariotextual.com\/inicio\/index.php\/wp-json\/wp\/v2\/posts"}],"about":[{"href":"https:\/\/diariotextual.com\/inicio\/index.php\/wp-json\/wp\/v2\/types\/post"}],"author":[{"embeddable":true,"href":"https:\/\/diariotextual.com\/inicio\/index.php\/wp-json\/wp\/v2\/users\/3"}],"replies":[{"embeddable":true,"href":"https:\/\/diariotextual.com\/inicio\/index.php\/wp-json\/wp\/v2\/comments?post=158595"}],"version-history":[{"count":6,"href":"https:\/\/diariotextual.com\/inicio\/index.php\/wp-json\/wp\/v2\/posts\/158595\/revisions"}],"predecessor-version":[{"id":158604,"href":"https:\/\/diariotextual.com\/inicio\/index.php\/wp-json\/wp\/v2\/posts\/158595\/revisions\/158604"}],"wp:featuredmedia":[{"embeddable":true,"href":"https:\/\/diariotextual.com\/inicio\/index.php\/wp-json\/wp\/v2\/media\/8599"}],"wp:attachment":[{"href":"https:\/\/diariotextual.com\/inicio\/index.php\/wp-json\/wp\/v2\/media?parent=158595"}],"wp:term":[{"taxonomy":"category","embeddable":true,"href":"https:\/\/diariotextual.com\/inicio\/index.php\/wp-json\/wp\/v2\/categories?post=158595"},{"taxonomy":"post_tag","embeddable":true,"href":"https:\/\/diariotextual.com\/inicio\/index.php\/wp-json\/wp\/v2\/tags?post=158595"}],"curies":[{"name":"wp","href":"https:\/\/api.w.org\/{rel}","templated":true}]}}