{"id":158619,"date":"2021-08-21T12:54:03","date_gmt":"2021-08-21T15:54:03","guid":{"rendered":"https:\/\/diariotextual.com\/inicio\/?p=158619"},"modified":"2021-08-21T20:54:43","modified_gmt":"2021-08-21T23:54:43","slug":"cafiero-sobre-el-cumpleanos-de-carrio-estamos-esperando-sus-disculpas-y-las-de-larreta","status":"publish","type":"post","link":"https:\/\/diariotextual.com\/inicio\/index.php\/2021\/08\/21\/cafiero-sobre-el-cumpleanos-de-carrio-estamos-esperando-sus-disculpas-y-las-de-larreta\/","title":{"rendered":"Cafiero sobre el cumplea\u00f1os de Carri\u00f3: \u00abEstamos esperando sus disculpas y las de Larreta\u00bb"},"content":{"rendered":"\n<p>El jefe de Gabinete,<strong> Santiago Cafiero<\/strong>, se refiri\u00f3 hoy a la denuncia por el multitudinario festejo de 70 personas del cumplea\u00f1os de la l\u00edder de la Coalici\u00f3n C\u00edvica, <strong>Elisa Carri\u00f3<\/strong>, en plena cuarentena. <strong>\u201cEstamos esperando sus disculpas, las de Mario Negri y las de Horacio Rodr\u00edguez Larreta\u201d<\/strong>, lanz\u00f3 en declaraciones radiales.<br><\/p>\n\n\n\n<p>Cafiero aludi\u00f3 al evento, del que participaron el jefe de Gobierno porte\u00f1o y el diputado cordob\u00e9s, al ser consultado sobre la estrategia electoral del oficialismo luego de la difusi\u00f3n de las fotos del cumplea\u00f1os de la primera dama, Fabiola Ya\u00f1ez, durante el aislamiento estricto.<br><\/p>\n\n\n\n<p>El funcionario, al respecto, remarc\u00f3 que el presidente Alberto Fern\u00e1ndez reconoci\u00f3 el \u201cdescuido\u201d y \u201cpidi\u00f3 disculpas\u201d. A continuaci\u00f3n, compar\u00f3 el gesto del mandatario con la actitud de los referentes opositores tras la denuncia contra Carri\u00f3 por incumplimiento del DNU presidencial en un contexto an\u00e1logo.<br><\/p>\n\n\n\n<p>\u201cCuando se tom\u00f3 registro de que la situaci\u00f3n (en Olivos) era incorrecta y hab\u00eda habido un descuido, el presidente pidi\u00f3 disculpas y sigui\u00f3 avanzando con la agenda que le importa a la gente.<strong> Al presidente se le exigi\u00f3 much\u00edsimo y no est\u00e1 mal, pero Elisa Carri\u00f3 hizo un cumplea\u00f1os cuando no estaba permitido y todav\u00eda no hay ninguna disculpa ni de ella, ni de Negri ni de Larreta<\/strong>\u201d, sentenci\u00f3 el funcionario en di\u00e1logo con Radio 10. \u201cEstamos esperando las disculpas de todos de esos dirigentes, que hicieron una fiesta con mariachis incluidos\u201d.<br><\/p>\n\n\n\n<p>Los cuestionamientos de Cafiero contra la oposici\u00f3n no se detuvieron all\u00ed, sino que tambi\u00e9n cruz\u00f3 a la precandidata a diputada por la ciudad de Buenos Aires, Mar\u00eda Eugenia Vidal, despu\u00e9s de que acusara en LN+ al Gobierno de endeudar al pa\u00eds \u201cm\u00e1s r\u00e1pido que Mauricio Macri\u201d.<\/p>\n\n\n\n<p><br>\u201cVidal particip\u00f3 del gobierno de Macri y endeud\u00f3 a la Provincia en moneda extranjera de un modo tremendo. Dice que nuestra gesti\u00f3n es una que ha endeudado, cuando hicimos una pol\u00edtica de desendeudamiento. Por eso reestructuramos la deuda y le ahorramos a la Argentina US$37.700 millones que ellos se hab\u00edan comprometido a pagar\u201d, replic\u00f3.<\/p>\n\n\n\n<p><br>De esta forma, el jefe de Gabinete reivindic\u00f3 la gesti\u00f3n del Ejecutivo y afirm\u00f3 que Fern\u00e1ndez \u201cles pidi\u00f3 a los ministros que trabajen el doble\u201d para lograr una recuperaci\u00f3n econ\u00f3mica tras m\u00e1s de un a\u00f1o y medio de pandemia. \u201cIntegramos un frente pol\u00edtico donde puede haber matices pero los objetivos son los mismos: recuperar nuestra patria, que haya consumo y volver a los cimientos del peronismo, un modelo de desarrollo con justicia social\u201d, concluy\u00f3.<\/p>\n","protected":false},"excerpt":{"rendered":"<p>El jefe de Gabinete, Santiago Cafiero, se refiri\u00f3 hoy a la denuncia por el multitudinario festejo de 70 personas del cumplea\u00f1os de la l\u00edder de la Coalici\u00f3n C\u00edvica, Elisa Carri\u00f3,&hellip;<\/p>\n","protected":false},"author":3,"featured_media":147310,"comment_status":"closed","ping_status":"open","sticky":false,"template":"","format":"standard","meta":{"_acf_changed":false,"footnotes":""},"categories":[10,8],"tags":[],"class_list":["post-158619","post","type-post","status-publish","format-standard","has-post-thumbnail","hentry","category-portada-2","category-politica"],"acf":[],"yoast_head":"<!-- This site is optimized with the Yoast SEO plugin v27.5 - https:\/\/yoast.com\/product\/yoast-seo-wordpress\/ -->\n<title>Cafiero sobre el cumplea\u00f1os de Carri\u00f3: &quot;Estamos esperando sus disculpas y las de Larreta&quot; - Diario Textual<\/title>\n<meta name=\"robots\" content=\"index, follow, max-snippet:-1, max-image-preview:large, max-video-preview:-1\" \/>\n<link rel=\"canonical\" href=\"https:\/\/diariotextual.com\/inicio\/index.php\/2021\/08\/21\/cafiero-sobre-el-cumpleanos-de-carrio-estamos-esperando-sus-disculpas-y-las-de-larreta\/\" \/>\n<meta property=\"og:locale\" content=\"es_ES\" \/>\n<meta property=\"og:type\" content=\"article\" \/>\n<meta property=\"og:title\" content=\"Cafiero sobre el cumplea\u00f1os de Carri\u00f3: &quot;Estamos esperando sus disculpas y las de Larreta&quot; - Diario Textual\" \/>\n<meta property=\"og:description\" content=\"El jefe de Gabinete, Santiago Cafiero, se refiri\u00f3 hoy a la denuncia por el multitudinario festejo de 70 personas del cumplea\u00f1os de la l\u00edder de la Coalici\u00f3n C\u00edvica, Elisa Carri\u00f3,&hellip;\" \/>\n<meta property=\"og:url\" content=\"https:\/\/diariotextual.com\/inicio\/index.php\/2021\/08\/21\/cafiero-sobre-el-cumpleanos-de-carrio-estamos-esperando-sus-disculpas-y-las-de-larreta\/\" \/>\n<meta property=\"og:site_name\" content=\"Diario Textual\" \/>\n<meta property=\"article:publisher\" content=\"https:\/\/www.facebook.com\/eltextual\" \/>\n<meta property=\"article:published_time\" content=\"2021-08-21T15:54:03+00:00\" \/>\n<meta property=\"article:modified_time\" content=\"2021-08-21T23:54:43+00:00\" \/>\n<meta property=\"og:image\" content=\"https:\/\/diariotextual.com\/inicio\/wp-content\/uploads\/2021\/05\/cafierosantiago2021-1.jpg\" \/>\n\t<meta property=\"og:image:width\" content=\"1004\" \/>\n\t<meta property=\"og:image:height\" content=\"565\" \/>\n\t<meta property=\"og:image:type\" content=\"image\/jpeg\" \/>\n<meta name=\"author\" content=\"Diario1 Diario1\" \/>\n<meta name=\"twitter:card\" content=\"summary_large_image\" \/>\n<meta name=\"twitter:creator\" content=\"@eltextual\" \/>\n<meta name=\"twitter:site\" content=\"@eltextual\" \/>\n<meta name=\"twitter:label1\" content=\"Escrito por\" \/>\n\t<meta name=\"twitter:data1\" content=\"Diario1 Diario1\" \/>\n\t<meta name=\"twitter:label2\" content=\"Tiempo de lectura\" \/>\n\t<meta name=\"twitter:data2\" content=\"2 minutos\" \/>\n<script type=\"application\/ld+json\" class=\"yoast-schema-graph\">{\"@context\":\"https:\\\/\\\/schema.org\",\"@graph\":[{\"@type\":\"Article\",\"@id\":\"https:\\\/\\\/diariotextual.com\\\/inicio\\\/index.php\\\/2021\\\/08\\\/21\\\/cafiero-sobre-el-cumpleanos-de-carrio-estamos-esperando-sus-disculpas-y-las-de-larreta\\\/#article\",\"isPartOf\":{\"@id\":\"https:\\\/\\\/diariotextual.com\\\/inicio\\\/index.php\\\/2021\\\/08\\\/21\\\/cafiero-sobre-el-cumpleanos-de-carrio-estamos-esperando-sus-disculpas-y-las-de-larreta\\\/\"},\"author\":{\"name\":\"Diario1 Diario1\",\"@id\":\"https:\\\/\\\/diariotextual.com\\\/inicio\\\/#\\\/schema\\\/person\\\/418fc4093c33e86ed41562db3508f958\"},\"headline\":\"Cafiero sobre el cumplea\u00f1os de Carri\u00f3: \u00abEstamos esperando sus disculpas y las de Larreta\u00bb\",\"datePublished\":\"2021-08-21T15:54:03+00:00\",\"dateModified\":\"2021-08-21T23:54:43+00:00\",\"mainEntityOfPage\":{\"@id\":\"https:\\\/\\\/diariotextual.com\\\/inicio\\\/index.php\\\/2021\\\/08\\\/21\\\/cafiero-sobre-el-cumpleanos-de-carrio-estamos-esperando-sus-disculpas-y-las-de-larreta\\\/\"},\"wordCount\":454,\"publisher\":{\"@id\":\"https:\\\/\\\/diariotextual.com\\\/inicio\\\/#organization\"},\"image\":{\"@id\":\"https:\\\/\\\/diariotextual.com\\\/inicio\\\/index.php\\\/2021\\\/08\\\/21\\\/cafiero-sobre-el-cumpleanos-de-carrio-estamos-esperando-sus-disculpas-y-las-de-larreta\\\/#primaryimage\"},\"thumbnailUrl\":\"https:\\\/\\\/diariotextual.com\\\/inicio\\\/wp-content\\\/uploads\\\/2021\\\/05\\\/cafierosantiago2021-1.jpg\",\"articleSection\":[\"A - PORTADA2\",\"POLITICA\"],\"inLanguage\":\"es\"},{\"@type\":\"WebPage\",\"@id\":\"https:\\\/\\\/diariotextual.com\\\/inicio\\\/index.php\\\/2021\\\/08\\\/21\\\/cafiero-sobre-el-cumpleanos-de-carrio-estamos-esperando-sus-disculpas-y-las-de-larreta\\\/\",\"url\":\"https:\\\/\\\/diariotextual.com\\\/inicio\\\/index.php\\\/2021\\\/08\\\/21\\\/cafiero-sobre-el-cumpleanos-de-carrio-estamos-esperando-sus-disculpas-y-las-de-larreta\\\/\",\"name\":\"Cafiero sobre el cumplea\u00f1os de Carri\u00f3: \\\"Estamos esperando sus disculpas y las de Larreta\\\" - Diario Textual\",\"isPartOf\":{\"@id\":\"https:\\\/\\\/diariotextual.com\\\/inicio\\\/#website\"},\"primaryImageOfPage\":{\"@id\":\"https:\\\/\\\/diariotextual.com\\\/inicio\\\/index.php\\\/2021\\\/08\\\/21\\\/cafiero-sobre-el-cumpleanos-de-carrio-estamos-esperando-sus-disculpas-y-las-de-larreta\\\/#primaryimage\"},\"image\":{\"@id\":\"https:\\\/\\\/diariotextual.com\\\/inicio\\\/index.php\\\/2021\\\/08\\\/21\\\/cafiero-sobre-el-cumpleanos-de-carrio-estamos-esperando-sus-disculpas-y-las-de-larreta\\\/#primaryimage\"},\"thumbnailUrl\":\"https:\\\/\\\/diariotextual.com\\\/inicio\\\/wp-content\\\/uploads\\\/2021\\\/05\\\/cafierosantiago2021-1.jpg\",\"datePublished\":\"2021-08-21T15:54:03+00:00\",\"dateModified\":\"2021-08-21T23:54:43+00:00\",\"breadcrumb\":{\"@id\":\"https:\\\/\\\/diariotextual.com\\\/inicio\\\/index.php\\\/2021\\\/08\\\/21\\\/cafiero-sobre-el-cumpleanos-de-carrio-estamos-esperando-sus-disculpas-y-las-de-larreta\\\/#breadcrumb\"},\"inLanguage\":\"es\",\"potentialAction\":[{\"@type\":\"ReadAction\",\"target\":[\"https:\\\/\\\/diariotextual.com\\\/inicio\\\/index.php\\\/2021\\\/08\\\/21\\\/cafiero-sobre-el-cumpleanos-de-carrio-estamos-esperando-sus-disculpas-y-las-de-larreta\\\/\"]}]},{\"@type\":\"ImageObject\",\"inLanguage\":\"es\",\"@id\":\"https:\\\/\\\/diariotextual.com\\\/inicio\\\/index.php\\\/2021\\\/08\\\/21\\\/cafiero-sobre-el-cumpleanos-de-carrio-estamos-esperando-sus-disculpas-y-las-de-larreta\\\/#primaryimage\",\"url\":\"https:\\\/\\\/diariotextual.com\\\/inicio\\\/wp-content\\\/uploads\\\/2021\\\/05\\\/cafierosantiago2021-1.jpg\",\"contentUrl\":\"https:\\\/\\\/diariotextual.com\\\/inicio\\\/wp-content\\\/uploads\\\/2021\\\/05\\\/cafierosantiago2021-1.jpg\",\"width\":1004,\"height\":565},{\"@type\":\"BreadcrumbList\",\"@id\":\"https:\\\/\\\/diariotextual.com\\\/inicio\\\/index.php\\\/2021\\\/08\\\/21\\\/cafiero-sobre-el-cumpleanos-de-carrio-estamos-esperando-sus-disculpas-y-las-de-larreta\\\/#breadcrumb\",\"itemListElement\":[{\"@type\":\"ListItem\",\"position\":1,\"name\":\"Portada\",\"item\":\"https:\\\/\\\/diariotextual.com\\\/inicio\\\/\"},{\"@type\":\"ListItem\",\"position\":2,\"name\":\"Cafiero sobre el cumplea\u00f1os de Carri\u00f3: \u00abEstamos esperando sus disculpas y las de Larreta\u00bb\"}]},{\"@type\":\"WebSite\",\"@id\":\"https:\\\/\\\/diariotextual.com\\\/inicio\\\/#website\",\"url\":\"https:\\\/\\\/diariotextual.com\\\/inicio\\\/\",\"name\":\"Diario Textual\",\"description\":\"\",\"publisher\":{\"@id\":\"https:\\\/\\\/diariotextual.com\\\/inicio\\\/#organization\"},\"potentialAction\":[{\"@type\":\"SearchAction\",\"target\":{\"@type\":\"EntryPoint\",\"urlTemplate\":\"https:\\\/\\\/diariotextual.com\\\/inicio\\\/?s={search_term_string}\"},\"query-input\":{\"@type\":\"PropertyValueSpecification\",\"valueRequired\":true,\"valueName\":\"search_term_string\"}}],\"inLanguage\":\"es\"},{\"@type\":\"Organization\",\"@id\":\"https:\\\/\\\/diariotextual.com\\\/inicio\\\/#organization\",\"name\":\"Diario Textual\",\"url\":\"https:\\\/\\\/diariotextual.com\\\/inicio\\\/\",\"logo\":{\"@type\":\"ImageObject\",\"inLanguage\":\"es\",\"@id\":\"https:\\\/\\\/diariotextual.com\\\/inicio\\\/#\\\/schema\\\/logo\\\/image\\\/\",\"url\":\"https:\\\/\\\/diariotextual.com\\\/inicio\\\/wp-content\\\/uploads\\\/2023\\\/05\\\/logotextual1.jpg\",\"contentUrl\":\"https:\\\/\\\/diariotextual.com\\\/inicio\\\/wp-content\\\/uploads\\\/2023\\\/05\\\/logotextual1.jpg\",\"width\":516,\"height\":76,\"caption\":\"Diario Textual\"},\"image\":{\"@id\":\"https:\\\/\\\/diariotextual.com\\\/inicio\\\/#\\\/schema\\\/logo\\\/image\\\/\"},\"sameAs\":[\"https:\\\/\\\/www.facebook.com\\\/eltextual\",\"https:\\\/\\\/x.com\\\/eltextual\",\"http:\\\/\\\/www.instagram.com\\\/eltextual\"]},{\"@type\":\"Person\",\"@id\":\"https:\\\/\\\/diariotextual.com\\\/inicio\\\/#\\\/schema\\\/person\\\/418fc4093c33e86ed41562db3508f958\",\"name\":\"Diario1 Diario1\",\"image\":{\"@type\":\"ImageObject\",\"inLanguage\":\"es\",\"@id\":\"https:\\\/\\\/secure.gravatar.com\\\/avatar\\\/9167d280179c85bc18be67aa7eda765854300033af4896dd779b608640f2ef7a?s=96&d=mm&r=g\",\"url\":\"https:\\\/\\\/secure.gravatar.com\\\/avatar\\\/9167d280179c85bc18be67aa7eda765854300033af4896dd779b608640f2ef7a?s=96&d=mm&r=g\",\"contentUrl\":\"https:\\\/\\\/secure.gravatar.com\\\/avatar\\\/9167d280179c85bc18be67aa7eda765854300033af4896dd779b608640f2ef7a?s=96&d=mm&r=g\",\"caption\":\"Diario1 Diario1\"},\"url\":\"https:\\\/\\\/diariotextual.com\\\/inicio\\\/index.php\\\/author\\\/diario1\\\/\"}]}<\/script>\n<!-- \/ Yoast SEO plugin. -->","yoast_head_json":{"title":"Cafiero sobre el cumplea\u00f1os de Carri\u00f3: \"Estamos esperando sus disculpas y las de Larreta\" - Diario Textual","robots":{"index":"index","follow":"follow","max-snippet":"max-snippet:-1","max-image-preview":"max-image-preview:large","max-video-preview":"max-video-preview:-1"},"canonical":"https:\/\/diariotextual.com\/inicio\/index.php\/2021\/08\/21\/cafiero-sobre-el-cumpleanos-de-carrio-estamos-esperando-sus-disculpas-y-las-de-larreta\/","og_locale":"es_ES","og_type":"article","og_title":"Cafiero sobre el cumplea\u00f1os de Carri\u00f3: \"Estamos esperando sus disculpas y las de Larreta\" - Diario Textual","og_description":"El jefe de Gabinete, Santiago Cafiero, se refiri\u00f3 hoy a la denuncia por el multitudinario festejo de 70 personas del cumplea\u00f1os de la l\u00edder de la Coalici\u00f3n C\u00edvica, Elisa Carri\u00f3,&hellip;","og_url":"https:\/\/diariotextual.com\/inicio\/index.php\/2021\/08\/21\/cafiero-sobre-el-cumpleanos-de-carrio-estamos-esperando-sus-disculpas-y-las-de-larreta\/","og_site_name":"Diario Textual","article_publisher":"https:\/\/www.facebook.com\/eltextual","article_published_time":"2021-08-21T15:54:03+00:00","article_modified_time":"2021-08-21T23:54:43+00:00","og_image":[{"width":1004,"height":565,"url":"https:\/\/diariotextual.com\/inicio\/wp-content\/uploads\/2021\/05\/cafierosantiago2021-1.jpg","type":"image\/jpeg"}],"author":"Diario1 Diario1","twitter_card":"summary_large_image","twitter_creator":"@eltextual","twitter_site":"@eltextual","twitter_misc":{"Escrito por":"Diario1 Diario1","Tiempo de lectura":"2 minutos"},"schema":{"@context":"https:\/\/schema.org","@graph":[{"@type":"Article","@id":"https:\/\/diariotextual.com\/inicio\/index.php\/2021\/08\/21\/cafiero-sobre-el-cumpleanos-de-carrio-estamos-esperando-sus-disculpas-y-las-de-larreta\/#article","isPartOf":{"@id":"https:\/\/diariotextual.com\/inicio\/index.php\/2021\/08\/21\/cafiero-sobre-el-cumpleanos-de-carrio-estamos-esperando-sus-disculpas-y-las-de-larreta\/"},"author":{"name":"Diario1 Diario1","@id":"https:\/\/diariotextual.com\/inicio\/#\/schema\/person\/418fc4093c33e86ed41562db3508f958"},"headline":"Cafiero sobre el cumplea\u00f1os de Carri\u00f3: \u00abEstamos esperando sus disculpas y las de Larreta\u00bb","datePublished":"2021-08-21T15:54:03+00:00","dateModified":"2021-08-21T23:54:43+00:00","mainEntityOfPage":{"@id":"https:\/\/diariotextual.com\/inicio\/index.php\/2021\/08\/21\/cafiero-sobre-el-cumpleanos-de-carrio-estamos-esperando-sus-disculpas-y-las-de-larreta\/"},"wordCount":454,"publisher":{"@id":"https:\/\/diariotextual.com\/inicio\/#organization"},"image":{"@id":"https:\/\/diariotextual.com\/inicio\/index.php\/2021\/08\/21\/cafiero-sobre-el-cumpleanos-de-carrio-estamos-esperando-sus-disculpas-y-las-de-larreta\/#primaryimage"},"thumbnailUrl":"https:\/\/diariotextual.com\/inicio\/wp-content\/uploads\/2021\/05\/cafierosantiago2021-1.jpg","articleSection":["A - PORTADA2","POLITICA"],"inLanguage":"es"},{"@type":"WebPage","@id":"https:\/\/diariotextual.com\/inicio\/index.php\/2021\/08\/21\/cafiero-sobre-el-cumpleanos-de-carrio-estamos-esperando-sus-disculpas-y-las-de-larreta\/","url":"https:\/\/diariotextual.com\/inicio\/index.php\/2021\/08\/21\/cafiero-sobre-el-cumpleanos-de-carrio-estamos-esperando-sus-disculpas-y-las-de-larreta\/","name":"Cafiero sobre el cumplea\u00f1os de Carri\u00f3: \"Estamos esperando sus disculpas y las de Larreta\" - Diario Textual","isPartOf":{"@id":"https:\/\/diariotextual.com\/inicio\/#website"},"primaryImageOfPage":{"@id":"https:\/\/diariotextual.com\/inicio\/index.php\/2021\/08\/21\/cafiero-sobre-el-cumpleanos-de-carrio-estamos-esperando-sus-disculpas-y-las-de-larreta\/#primaryimage"},"image":{"@id":"https:\/\/diariotextual.com\/inicio\/index.php\/2021\/08\/21\/cafiero-sobre-el-cumpleanos-de-carrio-estamos-esperando-sus-disculpas-y-las-de-larreta\/#primaryimage"},"thumbnailUrl":"https:\/\/diariotextual.com\/inicio\/wp-content\/uploads\/2021\/05\/cafierosantiago2021-1.jpg","datePublished":"2021-08-21T15:54:03+00:00","dateModified":"2021-08-21T23:54:43+00:00","breadcrumb":{"@id":"https:\/\/diariotextual.com\/inicio\/index.php\/2021\/08\/21\/cafiero-sobre-el-cumpleanos-de-carrio-estamos-esperando-sus-disculpas-y-las-de-larreta\/#breadcrumb"},"inLanguage":"es","potentialAction":[{"@type":"ReadAction","target":["https:\/\/diariotextual.com\/inicio\/index.php\/2021\/08\/21\/cafiero-sobre-el-cumpleanos-de-carrio-estamos-esperando-sus-disculpas-y-las-de-larreta\/"]}]},{"@type":"ImageObject","inLanguage":"es","@id":"https:\/\/diariotextual.com\/inicio\/index.php\/2021\/08\/21\/cafiero-sobre-el-cumpleanos-de-carrio-estamos-esperando-sus-disculpas-y-las-de-larreta\/#primaryimage","url":"https:\/\/diariotextual.com\/inicio\/wp-content\/uploads\/2021\/05\/cafierosantiago2021-1.jpg","contentUrl":"https:\/\/diariotextual.com\/inicio\/wp-content\/uploads\/2021\/05\/cafierosantiago2021-1.jpg","width":1004,"height":565},{"@type":"BreadcrumbList","@id":"https:\/\/diariotextual.com\/inicio\/index.php\/2021\/08\/21\/cafiero-sobre-el-cumpleanos-de-carrio-estamos-esperando-sus-disculpas-y-las-de-larreta\/#breadcrumb","itemListElement":[{"@type":"ListItem","position":1,"name":"Portada","item":"https:\/\/diariotextual.com\/inicio\/"},{"@type":"ListItem","position":2,"name":"Cafiero sobre el cumplea\u00f1os de Carri\u00f3: \u00abEstamos esperando sus disculpas y las de Larreta\u00bb"}]},{"@type":"WebSite","@id":"https:\/\/diariotextual.com\/inicio\/#website","url":"https:\/\/diariotextual.com\/inicio\/","name":"Diario Textual","description":"","publisher":{"@id":"https:\/\/diariotextual.com\/inicio\/#organization"},"potentialAction":[{"@type":"SearchAction","target":{"@type":"EntryPoint","urlTemplate":"https:\/\/diariotextual.com\/inicio\/?s={search_term_string}"},"query-input":{"@type":"PropertyValueSpecification","valueRequired":true,"valueName":"search_term_string"}}],"inLanguage":"es"},{"@type":"Organization","@id":"https:\/\/diariotextual.com\/inicio\/#organization","name":"Diario Textual","url":"https:\/\/diariotextual.com\/inicio\/","logo":{"@type":"ImageObject","inLanguage":"es","@id":"https:\/\/diariotextual.com\/inicio\/#\/schema\/logo\/image\/","url":"https:\/\/diariotextual.com\/inicio\/wp-content\/uploads\/2023\/05\/logotextual1.jpg","contentUrl":"https:\/\/diariotextual.com\/inicio\/wp-content\/uploads\/2023\/05\/logotextual1.jpg","width":516,"height":76,"caption":"Diario Textual"},"image":{"@id":"https:\/\/diariotextual.com\/inicio\/#\/schema\/logo\/image\/"},"sameAs":["https:\/\/www.facebook.com\/eltextual","https:\/\/x.com\/eltextual","http:\/\/www.instagram.com\/eltextual"]},{"@type":"Person","@id":"https:\/\/diariotextual.com\/inicio\/#\/schema\/person\/418fc4093c33e86ed41562db3508f958","name":"Diario1 Diario1","image":{"@type":"ImageObject","inLanguage":"es","@id":"https:\/\/secure.gravatar.com\/avatar\/9167d280179c85bc18be67aa7eda765854300033af4896dd779b608640f2ef7a?s=96&d=mm&r=g","url":"https:\/\/secure.gravatar.com\/avatar\/9167d280179c85bc18be67aa7eda765854300033af4896dd779b608640f2ef7a?s=96&d=mm&r=g","contentUrl":"https:\/\/secure.gravatar.com\/avatar\/9167d280179c85bc18be67aa7eda765854300033af4896dd779b608640f2ef7a?s=96&d=mm&r=g","caption":"Diario1 Diario1"},"url":"https:\/\/diariotextual.com\/inicio\/index.php\/author\/diario1\/"}]}},"_links":{"self":[{"href":"https:\/\/diariotextual.com\/inicio\/index.php\/wp-json\/wp\/v2\/posts\/158619","targetHints":{"allow":["GET"]}}],"collection":[{"href":"https:\/\/diariotextual.com\/inicio\/index.php\/wp-json\/wp\/v2\/posts"}],"about":[{"href":"https:\/\/diariotextual.com\/inicio\/index.php\/wp-json\/wp\/v2\/types\/post"}],"author":[{"embeddable":true,"href":"https:\/\/diariotextual.com\/inicio\/index.php\/wp-json\/wp\/v2\/users\/3"}],"replies":[{"embeddable":true,"href":"https:\/\/diariotextual.com\/inicio\/index.php\/wp-json\/wp\/v2\/comments?post=158619"}],"version-history":[{"count":2,"href":"https:\/\/diariotextual.com\/inicio\/index.php\/wp-json\/wp\/v2\/posts\/158619\/revisions"}],"predecessor-version":[{"id":158621,"href":"https:\/\/diariotextual.com\/inicio\/index.php\/wp-json\/wp\/v2\/posts\/158619\/revisions\/158621"}],"wp:featuredmedia":[{"embeddable":true,"href":"https:\/\/diariotextual.com\/inicio\/index.php\/wp-json\/wp\/v2\/media\/147310"}],"wp:attachment":[{"href":"https:\/\/diariotextual.com\/inicio\/index.php\/wp-json\/wp\/v2\/media?parent=158619"}],"wp:term":[{"taxonomy":"category","embeddable":true,"href":"https:\/\/diariotextual.com\/inicio\/index.php\/wp-json\/wp\/v2\/categories?post=158619"},{"taxonomy":"post_tag","embeddable":true,"href":"https:\/\/diariotextual.com\/inicio\/index.php\/wp-json\/wp\/v2\/tags?post=158619"}],"curies":[{"name":"wp","href":"https:\/\/api.w.org\/{rel}","templated":true}]}}