{"id":158656,"date":"2021-08-21T20:52:21","date_gmt":"2021-08-21T23:52:21","guid":{"rendered":"https:\/\/diariotextual.com\/inicio\/?p=158656"},"modified":"2021-08-22T10:15:25","modified_gmt":"2021-08-22T13:15:25","slug":"carbap-debatio-en-olavarria-sobre-el-cierre-parcial-de-las-exportaciones-de-la-carne","status":"publish","type":"post","link":"https:\/\/diariotextual.com\/inicio\/index.php\/2021\/08\/21\/carbap-debatio-en-olavarria-sobre-el-cierre-parcial-de-las-exportaciones-de-la-carne\/","title":{"rendered":"Carbap debati\u00f3 en Olavarr\u00eda sobre el cierre parcial de las exportaciones de la carne"},"content":{"rendered":"\n<p>La <strong>Confederaci\u00f3n de Asociaciones Rurales de Buenos Aires y La Pampa <\/strong>(Carbap) llev\u00f3 a cabo este s\u00e1bado en Olavarr\u00eda una reuni\u00f3n abierta de su Consejo Directivo para<strong> analizar el impacto del cierre parcial a las exportaciones decretado en junio por el Gobierno nacional<\/strong>, y discutir la situaci\u00f3n del mercado triguero. Hasta la localidad ubicada en el centro bonaerense, concurri\u00f3 alrededor de un centenar de productores y otros representantes de la cadena de la carne, quienes coincidieron en las \u201cconsecuencias negativas\u201d que las medidas restrictivas ocasionaron al sector. <strong>Entre otros, concurrieron autoridades de la Asociaci\u00f3n Agr\u00edcola Ganadera de La Pampa.<\/strong><\/p>\n\n\n\n<p>El plenario, realizado en el predio ferial de la Sociedad de Olavarr\u00eda fue encabezado por el titular de Carbap, Horario Salaverri y el vicepresidente de Confederaciones Rurales Argentinas (CRA), Gabriel de Raedemaeker.<\/p>\n\n\n\n<p>Durante la reuni\u00f3n, tomaron la palabra los diferentes representantes del sector. Algunos productores pidieron elevar un mandato con medidas de fuerzas como \u201cir a un paro de actividades\u201d o evitar por un tiempo determinado la compra de bienes de capital. Otros, m\u00e1s moderados, apuntaron a incrementar la publicidad y la comunicaci\u00f3n para \u201cdesarmar el discurso del gobierno\u201d y llegar a otros sectores de la comunidad. Hicieron hincapi\u00e9 en la importancia de contar con legisladores y representantes del sector en los concejos deliberantes.<\/p>\n\n\n\n<figure class=\"wp-block-embed is-type-rich is-provider-twitter wp-block-embed-twitter\"><div class=\"wp-block-embed__wrapper\">\n<blockquote class=\"twitter-tweet\" data-width=\"550\" data-dnt=\"true\"><p lang=\"es\" dir=\"ltr\"><a href=\"https:\/\/twitter.com\/hashtag\/ConsejoAbierto?src=hash&amp;ref_src=twsrc%5Etfw\">#ConsejoAbierto<\/a> Vallejos, representante de los trabajadores de frigor\u00edficos nos cuenta el efecto el el bolsillo del trabajador que produce el cierre de exportaciones de carne. Misma receta del 2006, igual fracaso en 2021. <a href=\"https:\/\/twitter.com\/hashtag\/gobiernodeimutiles?src=hash&amp;ref_src=twsrc%5Etfw\">#gobiernodeimutiles<\/a> <a href=\"https:\/\/twitter.com\/CARBAP_ARG?ref_src=twsrc%5Etfw\">@CARBAP_ARG<\/a> <a href=\"https:\/\/t.co\/I6pZbkFJNe\">pic.twitter.com\/I6pZbkFJNe<\/a><\/p>&mdash; Pablo Ginestet (@PabloGinestet) <a href=\"https:\/\/twitter.com\/PabloGinestet\/status\/1429097907156918274?ref_src=twsrc%5Etfw\">August 21, 2021<\/a><\/blockquote><script async src=\"https:\/\/platform.twitter.com\/widgets.js\" charset=\"utf-8\"><\/script>\n<\/div><\/figure>\n\n\n\n<p>A modo de cierre del plenario, tomaron la palabra Horacio Salaverri y Gabriel de Raedemaeker.<\/p>\n\n\n\n<p>El titular de CARBAP, valor\u00f3 la amplitud de participantes que asistieron a la reuni\u00f3n en Olavarr\u00eda, localidad con la mayor cantidad de cabezas de ganado de la provincia de Buenos Aires: \u201cHemos sentado a todos los actores de la cadena c\u00e1rnica. Compartimos el mismo problema. Hay estrategias y distintos momentos para quemar las naves de salida. La paciencia es compleja, las necesidades son muchas. Se est\u00e1 llegando a d\u00f3nde se tiene que llegar. No estamos solos los due\u00f1os de los animales, est\u00e1 toda la cadena. Nos junt\u00f3 el espanto, la adversidad, la postura de un gobierno que no escucha. Carbap fue caja de la resonancia para el sector y eso supone un salto de calidad\u201d, remarc\u00f3, seg\u00fan reprodujo el portal Infocielo.<\/p>\n\n\n\n<p>En representaci\u00f3n de la AAGLP asistieron su presidente <strong>Julio Rodr\u00edguez<\/strong>, el protesorero <strong>Luis Colla<\/strong> y el vocal<strong> V\u00edctor Tapi\u00e9.<\/strong><\/p>\n\n\n\n<p>El cierre parcial a las exportaciones a la carne vacuna est\u00e1n golpeando a La Pampa. Incluso, el gobernador Sergio Ziliotto ha manifestado su \u00abpreocupaci\u00f3n\u00bb y ha pedido que se empiece a flexibilizar el cepo.<\/p>\n\n\n\n<p><\/p>\n","protected":false},"excerpt":{"rendered":"<p>La Confederaci\u00f3n de Asociaciones Rurales de Buenos Aires y La Pampa (Carbap) llev\u00f3 a cabo este s\u00e1bado en Olavarr\u00eda una reuni\u00f3n abierta de su Consejo Directivo para analizar el impacto&hellip;<\/p>\n","protected":false},"author":3,"featured_media":158657,"comment_status":"closed","ping_status":"open","sticky":false,"template":"","format":"standard","meta":{"_acf_changed":false,"footnotes":""},"categories":[10,20],"tags":[2644],"class_list":["post-158656","post","type-post","status-publish","format-standard","has-post-thumbnail","hentry","category-portada-2","category-campo","tag-carbap"],"acf":[],"yoast_head":"<!-- This site is optimized with the Yoast SEO plugin v27.5 - https:\/\/yoast.com\/product\/yoast-seo-wordpress\/ -->\n<title>Carbap debati\u00f3 en Olavarr\u00eda sobre el cierre parcial de las exportaciones de la carne - Diario Textual<\/title>\n<meta name=\"robots\" content=\"index, follow, max-snippet:-1, max-image-preview:large, max-video-preview:-1\" \/>\n<link rel=\"canonical\" href=\"https:\/\/diariotextual.com\/inicio\/index.php\/2021\/08\/21\/carbap-debatio-en-olavarria-sobre-el-cierre-parcial-de-las-exportaciones-de-la-carne\/\" \/>\n<meta property=\"og:locale\" content=\"es_ES\" \/>\n<meta property=\"og:type\" content=\"article\" \/>\n<meta property=\"og:title\" content=\"Carbap debati\u00f3 en Olavarr\u00eda sobre el cierre parcial de las exportaciones de la carne - Diario Textual\" \/>\n<meta property=\"og:description\" content=\"La Confederaci\u00f3n de Asociaciones Rurales de Buenos Aires y La Pampa (Carbap) llev\u00f3 a cabo este s\u00e1bado en Olavarr\u00eda una reuni\u00f3n abierta de su Consejo Directivo para analizar el impacto&hellip;\" \/>\n<meta property=\"og:url\" content=\"https:\/\/diariotextual.com\/inicio\/index.php\/2021\/08\/21\/carbap-debatio-en-olavarria-sobre-el-cierre-parcial-de-las-exportaciones-de-la-carne\/\" \/>\n<meta property=\"og:site_name\" content=\"Diario Textual\" \/>\n<meta property=\"article:publisher\" content=\"https:\/\/www.facebook.com\/eltextual\" \/>\n<meta property=\"article:published_time\" content=\"2021-08-21T23:52:21+00:00\" \/>\n<meta property=\"article:modified_time\" content=\"2021-08-22T13:15:25+00:00\" \/>\n<meta property=\"og:image\" content=\"https:\/\/diariotextual.com\/inicio\/wp-content\/uploads\/2021\/08\/carbap2021-1.jpeg\" \/>\n\t<meta property=\"og:image:width\" content=\"1024\" \/>\n\t<meta property=\"og:image:height\" content=\"675\" \/>\n\t<meta property=\"og:image:type\" content=\"image\/jpeg\" \/>\n<meta name=\"author\" content=\"Diario1 Diario1\" \/>\n<meta name=\"twitter:card\" content=\"summary_large_image\" \/>\n<meta name=\"twitter:creator\" content=\"@eltextual\" \/>\n<meta name=\"twitter:site\" content=\"@eltextual\" \/>\n<meta name=\"twitter:label1\" content=\"Escrito por\" \/>\n\t<meta name=\"twitter:data1\" content=\"Diario1 Diario1\" \/>\n\t<meta name=\"twitter:label2\" content=\"Tiempo de lectura\" \/>\n\t<meta name=\"twitter:data2\" content=\"2 minutos\" \/>\n<script type=\"application\/ld+json\" class=\"yoast-schema-graph\">{\"@context\":\"https:\\\/\\\/schema.org\",\"@graph\":[{\"@type\":\"Article\",\"@id\":\"https:\\\/\\\/diariotextual.com\\\/inicio\\\/index.php\\\/2021\\\/08\\\/21\\\/carbap-debatio-en-olavarria-sobre-el-cierre-parcial-de-las-exportaciones-de-la-carne\\\/#article\",\"isPartOf\":{\"@id\":\"https:\\\/\\\/diariotextual.com\\\/inicio\\\/index.php\\\/2021\\\/08\\\/21\\\/carbap-debatio-en-olavarria-sobre-el-cierre-parcial-de-las-exportaciones-de-la-carne\\\/\"},\"author\":{\"name\":\"Diario1 Diario1\",\"@id\":\"https:\\\/\\\/diariotextual.com\\\/inicio\\\/#\\\/schema\\\/person\\\/418fc4093c33e86ed41562db3508f958\"},\"headline\":\"Carbap debati\u00f3 en Olavarr\u00eda sobre el cierre parcial de las exportaciones de la carne\",\"datePublished\":\"2021-08-21T23:52:21+00:00\",\"dateModified\":\"2021-08-22T13:15:25+00:00\",\"mainEntityOfPage\":{\"@id\":\"https:\\\/\\\/diariotextual.com\\\/inicio\\\/index.php\\\/2021\\\/08\\\/21\\\/carbap-debatio-en-olavarria-sobre-el-cierre-parcial-de-las-exportaciones-de-la-carne\\\/\"},\"wordCount\":444,\"publisher\":{\"@id\":\"https:\\\/\\\/diariotextual.com\\\/inicio\\\/#organization\"},\"image\":{\"@id\":\"https:\\\/\\\/diariotextual.com\\\/inicio\\\/index.php\\\/2021\\\/08\\\/21\\\/carbap-debatio-en-olavarria-sobre-el-cierre-parcial-de-las-exportaciones-de-la-carne\\\/#primaryimage\"},\"thumbnailUrl\":\"https:\\\/\\\/diariotextual.com\\\/inicio\\\/wp-content\\\/uploads\\\/2021\\\/08\\\/carbap2021-1.jpeg\",\"keywords\":[\"carbap\"],\"articleSection\":[\"A - PORTADA2\",\"CAMPO\"],\"inLanguage\":\"es\"},{\"@type\":\"WebPage\",\"@id\":\"https:\\\/\\\/diariotextual.com\\\/inicio\\\/index.php\\\/2021\\\/08\\\/21\\\/carbap-debatio-en-olavarria-sobre-el-cierre-parcial-de-las-exportaciones-de-la-carne\\\/\",\"url\":\"https:\\\/\\\/diariotextual.com\\\/inicio\\\/index.php\\\/2021\\\/08\\\/21\\\/carbap-debatio-en-olavarria-sobre-el-cierre-parcial-de-las-exportaciones-de-la-carne\\\/\",\"name\":\"Carbap debati\u00f3 en Olavarr\u00eda sobre el cierre parcial de las exportaciones de la carne - Diario Textual\",\"isPartOf\":{\"@id\":\"https:\\\/\\\/diariotextual.com\\\/inicio\\\/#website\"},\"primaryImageOfPage\":{\"@id\":\"https:\\\/\\\/diariotextual.com\\\/inicio\\\/index.php\\\/2021\\\/08\\\/21\\\/carbap-debatio-en-olavarria-sobre-el-cierre-parcial-de-las-exportaciones-de-la-carne\\\/#primaryimage\"},\"image\":{\"@id\":\"https:\\\/\\\/diariotextual.com\\\/inicio\\\/index.php\\\/2021\\\/08\\\/21\\\/carbap-debatio-en-olavarria-sobre-el-cierre-parcial-de-las-exportaciones-de-la-carne\\\/#primaryimage\"},\"thumbnailUrl\":\"https:\\\/\\\/diariotextual.com\\\/inicio\\\/wp-content\\\/uploads\\\/2021\\\/08\\\/carbap2021-1.jpeg\",\"datePublished\":\"2021-08-21T23:52:21+00:00\",\"dateModified\":\"2021-08-22T13:15:25+00:00\",\"breadcrumb\":{\"@id\":\"https:\\\/\\\/diariotextual.com\\\/inicio\\\/index.php\\\/2021\\\/08\\\/21\\\/carbap-debatio-en-olavarria-sobre-el-cierre-parcial-de-las-exportaciones-de-la-carne\\\/#breadcrumb\"},\"inLanguage\":\"es\",\"potentialAction\":[{\"@type\":\"ReadAction\",\"target\":[\"https:\\\/\\\/diariotextual.com\\\/inicio\\\/index.php\\\/2021\\\/08\\\/21\\\/carbap-debatio-en-olavarria-sobre-el-cierre-parcial-de-las-exportaciones-de-la-carne\\\/\"]}]},{\"@type\":\"ImageObject\",\"inLanguage\":\"es\",\"@id\":\"https:\\\/\\\/diariotextual.com\\\/inicio\\\/index.php\\\/2021\\\/08\\\/21\\\/carbap-debatio-en-olavarria-sobre-el-cierre-parcial-de-las-exportaciones-de-la-carne\\\/#primaryimage\",\"url\":\"https:\\\/\\\/diariotextual.com\\\/inicio\\\/wp-content\\\/uploads\\\/2021\\\/08\\\/carbap2021-1.jpeg\",\"contentUrl\":\"https:\\\/\\\/diariotextual.com\\\/inicio\\\/wp-content\\\/uploads\\\/2021\\\/08\\\/carbap2021-1.jpeg\",\"width\":1024,\"height\":675},{\"@type\":\"BreadcrumbList\",\"@id\":\"https:\\\/\\\/diariotextual.com\\\/inicio\\\/index.php\\\/2021\\\/08\\\/21\\\/carbap-debatio-en-olavarria-sobre-el-cierre-parcial-de-las-exportaciones-de-la-carne\\\/#breadcrumb\",\"itemListElement\":[{\"@type\":\"ListItem\",\"position\":1,\"name\":\"Portada\",\"item\":\"https:\\\/\\\/diariotextual.com\\\/inicio\\\/\"},{\"@type\":\"ListItem\",\"position\":2,\"name\":\"Carbap debati\u00f3 en Olavarr\u00eda sobre el cierre parcial de las exportaciones de la carne\"}]},{\"@type\":\"WebSite\",\"@id\":\"https:\\\/\\\/diariotextual.com\\\/inicio\\\/#website\",\"url\":\"https:\\\/\\\/diariotextual.com\\\/inicio\\\/\",\"name\":\"Diario Textual\",\"description\":\"\",\"publisher\":{\"@id\":\"https:\\\/\\\/diariotextual.com\\\/inicio\\\/#organization\"},\"potentialAction\":[{\"@type\":\"SearchAction\",\"target\":{\"@type\":\"EntryPoint\",\"urlTemplate\":\"https:\\\/\\\/diariotextual.com\\\/inicio\\\/?s={search_term_string}\"},\"query-input\":{\"@type\":\"PropertyValueSpecification\",\"valueRequired\":true,\"valueName\":\"search_term_string\"}}],\"inLanguage\":\"es\"},{\"@type\":\"Organization\",\"@id\":\"https:\\\/\\\/diariotextual.com\\\/inicio\\\/#organization\",\"name\":\"Diario Textual\",\"url\":\"https:\\\/\\\/diariotextual.com\\\/inicio\\\/\",\"logo\":{\"@type\":\"ImageObject\",\"inLanguage\":\"es\",\"@id\":\"https:\\\/\\\/diariotextual.com\\\/inicio\\\/#\\\/schema\\\/logo\\\/image\\\/\",\"url\":\"https:\\\/\\\/diariotextual.com\\\/inicio\\\/wp-content\\\/uploads\\\/2023\\\/05\\\/logotextual1.jpg\",\"contentUrl\":\"https:\\\/\\\/diariotextual.com\\\/inicio\\\/wp-content\\\/uploads\\\/2023\\\/05\\\/logotextual1.jpg\",\"width\":516,\"height\":76,\"caption\":\"Diario Textual\"},\"image\":{\"@id\":\"https:\\\/\\\/diariotextual.com\\\/inicio\\\/#\\\/schema\\\/logo\\\/image\\\/\"},\"sameAs\":[\"https:\\\/\\\/www.facebook.com\\\/eltextual\",\"https:\\\/\\\/x.com\\\/eltextual\",\"http:\\\/\\\/www.instagram.com\\\/eltextual\"]},{\"@type\":\"Person\",\"@id\":\"https:\\\/\\\/diariotextual.com\\\/inicio\\\/#\\\/schema\\\/person\\\/418fc4093c33e86ed41562db3508f958\",\"name\":\"Diario1 Diario1\",\"image\":{\"@type\":\"ImageObject\",\"inLanguage\":\"es\",\"@id\":\"https:\\\/\\\/secure.gravatar.com\\\/avatar\\\/9167d280179c85bc18be67aa7eda765854300033af4896dd779b608640f2ef7a?s=96&d=mm&r=g\",\"url\":\"https:\\\/\\\/secure.gravatar.com\\\/avatar\\\/9167d280179c85bc18be67aa7eda765854300033af4896dd779b608640f2ef7a?s=96&d=mm&r=g\",\"contentUrl\":\"https:\\\/\\\/secure.gravatar.com\\\/avatar\\\/9167d280179c85bc18be67aa7eda765854300033af4896dd779b608640f2ef7a?s=96&d=mm&r=g\",\"caption\":\"Diario1 Diario1\"},\"url\":\"https:\\\/\\\/diariotextual.com\\\/inicio\\\/index.php\\\/author\\\/diario1\\\/\"}]}<\/script>\n<!-- \/ Yoast SEO plugin. -->","yoast_head_json":{"title":"Carbap debati\u00f3 en Olavarr\u00eda sobre el cierre parcial de las exportaciones de la carne - Diario Textual","robots":{"index":"index","follow":"follow","max-snippet":"max-snippet:-1","max-image-preview":"max-image-preview:large","max-video-preview":"max-video-preview:-1"},"canonical":"https:\/\/diariotextual.com\/inicio\/index.php\/2021\/08\/21\/carbap-debatio-en-olavarria-sobre-el-cierre-parcial-de-las-exportaciones-de-la-carne\/","og_locale":"es_ES","og_type":"article","og_title":"Carbap debati\u00f3 en Olavarr\u00eda sobre el cierre parcial de las exportaciones de la carne - Diario Textual","og_description":"La Confederaci\u00f3n de Asociaciones Rurales de Buenos Aires y La Pampa (Carbap) llev\u00f3 a cabo este s\u00e1bado en Olavarr\u00eda una reuni\u00f3n abierta de su Consejo Directivo para analizar el impacto&hellip;","og_url":"https:\/\/diariotextual.com\/inicio\/index.php\/2021\/08\/21\/carbap-debatio-en-olavarria-sobre-el-cierre-parcial-de-las-exportaciones-de-la-carne\/","og_site_name":"Diario Textual","article_publisher":"https:\/\/www.facebook.com\/eltextual","article_published_time":"2021-08-21T23:52:21+00:00","article_modified_time":"2021-08-22T13:15:25+00:00","og_image":[{"width":1024,"height":675,"url":"https:\/\/diariotextual.com\/inicio\/wp-content\/uploads\/2021\/08\/carbap2021-1.jpeg","type":"image\/jpeg"}],"author":"Diario1 Diario1","twitter_card":"summary_large_image","twitter_creator":"@eltextual","twitter_site":"@eltextual","twitter_misc":{"Escrito por":"Diario1 Diario1","Tiempo de lectura":"2 minutos"},"schema":{"@context":"https:\/\/schema.org","@graph":[{"@type":"Article","@id":"https:\/\/diariotextual.com\/inicio\/index.php\/2021\/08\/21\/carbap-debatio-en-olavarria-sobre-el-cierre-parcial-de-las-exportaciones-de-la-carne\/#article","isPartOf":{"@id":"https:\/\/diariotextual.com\/inicio\/index.php\/2021\/08\/21\/carbap-debatio-en-olavarria-sobre-el-cierre-parcial-de-las-exportaciones-de-la-carne\/"},"author":{"name":"Diario1 Diario1","@id":"https:\/\/diariotextual.com\/inicio\/#\/schema\/person\/418fc4093c33e86ed41562db3508f958"},"headline":"Carbap debati\u00f3 en Olavarr\u00eda sobre el cierre parcial de las exportaciones de la carne","datePublished":"2021-08-21T23:52:21+00:00","dateModified":"2021-08-22T13:15:25+00:00","mainEntityOfPage":{"@id":"https:\/\/diariotextual.com\/inicio\/index.php\/2021\/08\/21\/carbap-debatio-en-olavarria-sobre-el-cierre-parcial-de-las-exportaciones-de-la-carne\/"},"wordCount":444,"publisher":{"@id":"https:\/\/diariotextual.com\/inicio\/#organization"},"image":{"@id":"https:\/\/diariotextual.com\/inicio\/index.php\/2021\/08\/21\/carbap-debatio-en-olavarria-sobre-el-cierre-parcial-de-las-exportaciones-de-la-carne\/#primaryimage"},"thumbnailUrl":"https:\/\/diariotextual.com\/inicio\/wp-content\/uploads\/2021\/08\/carbap2021-1.jpeg","keywords":["carbap"],"articleSection":["A - PORTADA2","CAMPO"],"inLanguage":"es"},{"@type":"WebPage","@id":"https:\/\/diariotextual.com\/inicio\/index.php\/2021\/08\/21\/carbap-debatio-en-olavarria-sobre-el-cierre-parcial-de-las-exportaciones-de-la-carne\/","url":"https:\/\/diariotextual.com\/inicio\/index.php\/2021\/08\/21\/carbap-debatio-en-olavarria-sobre-el-cierre-parcial-de-las-exportaciones-de-la-carne\/","name":"Carbap debati\u00f3 en Olavarr\u00eda sobre el cierre parcial de las exportaciones de la carne - Diario Textual","isPartOf":{"@id":"https:\/\/diariotextual.com\/inicio\/#website"},"primaryImageOfPage":{"@id":"https:\/\/diariotextual.com\/inicio\/index.php\/2021\/08\/21\/carbap-debatio-en-olavarria-sobre-el-cierre-parcial-de-las-exportaciones-de-la-carne\/#primaryimage"},"image":{"@id":"https:\/\/diariotextual.com\/inicio\/index.php\/2021\/08\/21\/carbap-debatio-en-olavarria-sobre-el-cierre-parcial-de-las-exportaciones-de-la-carne\/#primaryimage"},"thumbnailUrl":"https:\/\/diariotextual.com\/inicio\/wp-content\/uploads\/2021\/08\/carbap2021-1.jpeg","datePublished":"2021-08-21T23:52:21+00:00","dateModified":"2021-08-22T13:15:25+00:00","breadcrumb":{"@id":"https:\/\/diariotextual.com\/inicio\/index.php\/2021\/08\/21\/carbap-debatio-en-olavarria-sobre-el-cierre-parcial-de-las-exportaciones-de-la-carne\/#breadcrumb"},"inLanguage":"es","potentialAction":[{"@type":"ReadAction","target":["https:\/\/diariotextual.com\/inicio\/index.php\/2021\/08\/21\/carbap-debatio-en-olavarria-sobre-el-cierre-parcial-de-las-exportaciones-de-la-carne\/"]}]},{"@type":"ImageObject","inLanguage":"es","@id":"https:\/\/diariotextual.com\/inicio\/index.php\/2021\/08\/21\/carbap-debatio-en-olavarria-sobre-el-cierre-parcial-de-las-exportaciones-de-la-carne\/#primaryimage","url":"https:\/\/diariotextual.com\/inicio\/wp-content\/uploads\/2021\/08\/carbap2021-1.jpeg","contentUrl":"https:\/\/diariotextual.com\/inicio\/wp-content\/uploads\/2021\/08\/carbap2021-1.jpeg","width":1024,"height":675},{"@type":"BreadcrumbList","@id":"https:\/\/diariotextual.com\/inicio\/index.php\/2021\/08\/21\/carbap-debatio-en-olavarria-sobre-el-cierre-parcial-de-las-exportaciones-de-la-carne\/#breadcrumb","itemListElement":[{"@type":"ListItem","position":1,"name":"Portada","item":"https:\/\/diariotextual.com\/inicio\/"},{"@type":"ListItem","position":2,"name":"Carbap debati\u00f3 en Olavarr\u00eda sobre el cierre parcial de las exportaciones de la carne"}]},{"@type":"WebSite","@id":"https:\/\/diariotextual.com\/inicio\/#website","url":"https:\/\/diariotextual.com\/inicio\/","name":"Diario Textual","description":"","publisher":{"@id":"https:\/\/diariotextual.com\/inicio\/#organization"},"potentialAction":[{"@type":"SearchAction","target":{"@type":"EntryPoint","urlTemplate":"https:\/\/diariotextual.com\/inicio\/?s={search_term_string}"},"query-input":{"@type":"PropertyValueSpecification","valueRequired":true,"valueName":"search_term_string"}}],"inLanguage":"es"},{"@type":"Organization","@id":"https:\/\/diariotextual.com\/inicio\/#organization","name":"Diario Textual","url":"https:\/\/diariotextual.com\/inicio\/","logo":{"@type":"ImageObject","inLanguage":"es","@id":"https:\/\/diariotextual.com\/inicio\/#\/schema\/logo\/image\/","url":"https:\/\/diariotextual.com\/inicio\/wp-content\/uploads\/2023\/05\/logotextual1.jpg","contentUrl":"https:\/\/diariotextual.com\/inicio\/wp-content\/uploads\/2023\/05\/logotextual1.jpg","width":516,"height":76,"caption":"Diario Textual"},"image":{"@id":"https:\/\/diariotextual.com\/inicio\/#\/schema\/logo\/image\/"},"sameAs":["https:\/\/www.facebook.com\/eltextual","https:\/\/x.com\/eltextual","http:\/\/www.instagram.com\/eltextual"]},{"@type":"Person","@id":"https:\/\/diariotextual.com\/inicio\/#\/schema\/person\/418fc4093c33e86ed41562db3508f958","name":"Diario1 Diario1","image":{"@type":"ImageObject","inLanguage":"es","@id":"https:\/\/secure.gravatar.com\/avatar\/9167d280179c85bc18be67aa7eda765854300033af4896dd779b608640f2ef7a?s=96&d=mm&r=g","url":"https:\/\/secure.gravatar.com\/avatar\/9167d280179c85bc18be67aa7eda765854300033af4896dd779b608640f2ef7a?s=96&d=mm&r=g","contentUrl":"https:\/\/secure.gravatar.com\/avatar\/9167d280179c85bc18be67aa7eda765854300033af4896dd779b608640f2ef7a?s=96&d=mm&r=g","caption":"Diario1 Diario1"},"url":"https:\/\/diariotextual.com\/inicio\/index.php\/author\/diario1\/"}]}},"_links":{"self":[{"href":"https:\/\/diariotextual.com\/inicio\/index.php\/wp-json\/wp\/v2\/posts\/158656","targetHints":{"allow":["GET"]}}],"collection":[{"href":"https:\/\/diariotextual.com\/inicio\/index.php\/wp-json\/wp\/v2\/posts"}],"about":[{"href":"https:\/\/diariotextual.com\/inicio\/index.php\/wp-json\/wp\/v2\/types\/post"}],"author":[{"embeddable":true,"href":"https:\/\/diariotextual.com\/inicio\/index.php\/wp-json\/wp\/v2\/users\/3"}],"replies":[{"embeddable":true,"href":"https:\/\/diariotextual.com\/inicio\/index.php\/wp-json\/wp\/v2\/comments?post=158656"}],"version-history":[{"count":3,"href":"https:\/\/diariotextual.com\/inicio\/index.php\/wp-json\/wp\/v2\/posts\/158656\/revisions"}],"predecessor-version":[{"id":158661,"href":"https:\/\/diariotextual.com\/inicio\/index.php\/wp-json\/wp\/v2\/posts\/158656\/revisions\/158661"}],"wp:featuredmedia":[{"embeddable":true,"href":"https:\/\/diariotextual.com\/inicio\/index.php\/wp-json\/wp\/v2\/media\/158657"}],"wp:attachment":[{"href":"https:\/\/diariotextual.com\/inicio\/index.php\/wp-json\/wp\/v2\/media?parent=158656"}],"wp:term":[{"taxonomy":"category","embeddable":true,"href":"https:\/\/diariotextual.com\/inicio\/index.php\/wp-json\/wp\/v2\/categories?post=158656"},{"taxonomy":"post_tag","embeddable":true,"href":"https:\/\/diariotextual.com\/inicio\/index.php\/wp-json\/wp\/v2\/tags?post=158656"}],"curies":[{"name":"wp","href":"https:\/\/api.w.org\/{rel}","templated":true}]}}