{"id":158673,"date":"2021-08-22T08:59:39","date_gmt":"2021-08-22T11:59:39","guid":{"rendered":"https:\/\/diariotextual.com\/inicio\/?p=158673"},"modified":"2021-08-22T20:57:50","modified_gmt":"2021-08-22T23:57:50","slug":"el-gobierno-analiza-intensificar-la-presencialidad-escolar-en-todo-el-pais","status":"publish","type":"post","link":"https:\/\/diariotextual.com\/inicio\/index.php\/2021\/08\/22\/el-gobierno-analiza-intensificar-la-presencialidad-escolar-en-todo-el-pais\/","title":{"rendered":"El Gobierno analiza intensificar la presencialidad escolar en todo el pa\u00eds"},"content":{"rendered":"\n<p>El ministro de Educaci\u00f3n,\u00a0<strong>Nicol\u00e1s Trotta, se reunir\u00e1 este lunes con los especialistas\u00a0<\/strong>en salud, epidemiolog\u00eda, higiene y seguridad e infraestructura escolar que integran el Consejo Asesor para el Regreso a las Clases Presenciales, para evaluar la posibilidad de \u00abintensificar la presencialidad\u00bb en las escuelas de todo el pa\u00eds, a partir de la mejora de los indicadores sanitarios sobre el coronavirus, se inform\u00f3 oficialmente.<\/p>\n\n\n\n<p>Seg\u00fan estiman en el Gobierno, las&nbsp;<strong>experiencias internacionales permiten proyectar una mayor presencialidad&nbsp;<\/strong>en las aulas, gracias al avance del plan de vacunaci\u00f3n de la poblaci\u00f3n, de la disminuci\u00f3n del n\u00famero de casos y la ocupaci\u00f3n de camas de terapia intensiva, y la posibilidad de usar espacios abiertos ante el inicio de las temperaturas m\u00e1s c\u00e1lidas.<\/p>\n\n\n\n<p>\u00abEn este segundo semestre del a\u00f1o, tenemos la expectativa de alcanzar una presencialidad mucho m\u00e1s robusta de la que tuvimos a comienzos de 2021. Adem\u00e1s, creemos que cuando empiecen a mejorar las temperaturas, vamos a poder transitar una mayor presencia en todo el territorio nacional\u00bb, afirm\u00f3 Trotta, seg\u00fan un comunicado de su cartera.<\/p>\n\n\n\n<p>De la reuni\u00f3n participar\u00e1 el equipo de la cartera educativa nacional y los especialistas que componen el Consejo, creado por la resoluci\u00f3n ministerial 423.<\/p>\n\n\n\n<p>En el encuentro del lunes,&nbsp;<strong>se analizar\u00e1 el estado de situaci\u00f3n de la aplicaci\u00f3n de los protocolos en las escuelas del pa\u00eds y se pondr\u00e1 a consideraci\u00f3n la ventana de oportunidad que se presenta ante \u00abnotorias mejor\u00edas\u00bb&nbsp;<\/strong>en los \u00e1mbitos sanitario y epidemiol\u00f3gico, indicaron desde la cartera de Educaci\u00f3n.<\/p>\n\n\n\n<p>Las conclusiones de la reuni\u00f3n ser\u00e1n presentadas en una segunda instancia ante el Consejo Federal de Educaci\u00f3n.<\/p>\n\n\n\n<p>El viernes, el Ministerio de Salud inform\u00f3 que\u00a0<strong>desde hace 12 semanas el pa\u00eds registra un descenso sostenido de casos de coronavirus<\/strong>\u00a0y que se observa una reducci\u00f3n de casi el 80 por ciento del n\u00famero de infectados entre el pico del mes de mayo y la semana pasada.<\/p>\n\n\n\n<p>El gobierno nacional eval\u00faa que<strong>&nbsp;esos indicadores positivos se relacionan con el avance del plan nacional de vacunaci\u00f3n&nbsp;<\/strong>contra el coronavirus y&nbsp;<strong>al sostenimiento de las medidas de cuidado.<\/strong><\/p>\n\n\n\n<p>\u00abNuestro compromiso y nuestro desaf\u00edo con todo el sistema educativo argentino es priorizar la presencialidad seg\u00fan el momento que se est\u00e9 transitando en los distintos territorios de la Argentina, siempre cuidando la salud de la comunidad educativa\u00bb, destac\u00f3 Trotta.<\/p>\n\n\n\n<p>Hasta este momento,<strong>&nbsp;los protocolos para la presencialidad en las escuelas,&nbsp;<\/strong>consensuados con el Ministerio de Salud, indican&nbsp;<strong>el uso de barbijos, la ventilaci\u00f3n permanente y el distanciamiento f\u00edsico adecuado<\/strong>, as\u00ed como el aprovechamiento integral de las instalaciones escolares.<\/p>\n\n\n\n<p>Asimismo, se han redactado y aprobado por unanimidad protocolos espec\u00edficos para las diversas instancias y modalidades educativas.<\/p>\n","protected":false},"excerpt":{"rendered":"<p>El ministro de Educaci\u00f3n,\u00a0Nicol\u00e1s Trotta, se reunir\u00e1 este lunes con los especialistas\u00a0en salud, epidemiolog\u00eda, higiene y seguridad e infraestructura escolar que integran el Consejo Asesor para el Regreso a las&hellip;<\/p>\n","protected":false},"author":3,"featured_media":154886,"comment_status":"closed","ping_status":"open","sticky":false,"template":"","format":"standard","meta":{"_acf_changed":false,"footnotes":""},"categories":[10,12],"tags":[991],"class_list":["post-158673","post","type-post","status-publish","format-standard","has-post-thumbnail","hentry","category-portada-2","category-sociedad","tag-clases"],"acf":[],"yoast_head":"<!-- This site is optimized with the Yoast SEO plugin v27.5 - https:\/\/yoast.com\/product\/yoast-seo-wordpress\/ -->\n<title>El Gobierno analiza intensificar la presencialidad escolar en todo el pa\u00eds - Diario Textual<\/title>\n<meta name=\"robots\" content=\"index, follow, max-snippet:-1, max-image-preview:large, max-video-preview:-1\" \/>\n<link rel=\"canonical\" href=\"https:\/\/diariotextual.com\/inicio\/index.php\/2021\/08\/22\/el-gobierno-analiza-intensificar-la-presencialidad-escolar-en-todo-el-pais\/\" \/>\n<meta property=\"og:locale\" content=\"es_ES\" \/>\n<meta property=\"og:type\" content=\"article\" \/>\n<meta property=\"og:title\" content=\"El Gobierno analiza intensificar la presencialidad escolar en todo el pa\u00eds - Diario Textual\" \/>\n<meta property=\"og:description\" content=\"El ministro de Educaci\u00f3n,\u00a0Nicol\u00e1s Trotta, se reunir\u00e1 este lunes con los especialistas\u00a0en salud, epidemiolog\u00eda, higiene y seguridad e infraestructura escolar que integran el Consejo Asesor para el Regreso a las&hellip;\" \/>\n<meta property=\"og:url\" content=\"https:\/\/diariotextual.com\/inicio\/index.php\/2021\/08\/22\/el-gobierno-analiza-intensificar-la-presencialidad-escolar-en-todo-el-pais\/\" \/>\n<meta property=\"og:site_name\" content=\"Diario Textual\" \/>\n<meta property=\"article:publisher\" content=\"https:\/\/www.facebook.com\/eltextual\" \/>\n<meta property=\"article:published_time\" content=\"2021-08-22T11:59:39+00:00\" \/>\n<meta property=\"article:modified_time\" content=\"2021-08-22T23:57:50+00:00\" \/>\n<meta property=\"og:image\" content=\"https:\/\/diariotextual.com\/inicio\/wp-content\/uploads\/2021\/07\/clasesaulasalumnosescuelascoronavirusprevencion2021-13.jpg\" \/>\n\t<meta property=\"og:image:width\" content=\"1004\" \/>\n\t<meta property=\"og:image:height\" content=\"565\" \/>\n\t<meta property=\"og:image:type\" content=\"image\/jpeg\" \/>\n<meta name=\"author\" content=\"Diario1 Diario1\" \/>\n<meta name=\"twitter:card\" content=\"summary_large_image\" \/>\n<meta name=\"twitter:creator\" content=\"@eltextual\" \/>\n<meta name=\"twitter:site\" content=\"@eltextual\" \/>\n<meta name=\"twitter:label1\" content=\"Escrito por\" \/>\n\t<meta name=\"twitter:data1\" content=\"Diario1 Diario1\" \/>\n\t<meta name=\"twitter:label2\" content=\"Tiempo de lectura\" \/>\n\t<meta name=\"twitter:data2\" content=\"2 minutos\" \/>\n<script type=\"application\/ld+json\" class=\"yoast-schema-graph\">{\"@context\":\"https:\\\/\\\/schema.org\",\"@graph\":[{\"@type\":\"Article\",\"@id\":\"https:\\\/\\\/diariotextual.com\\\/inicio\\\/index.php\\\/2021\\\/08\\\/22\\\/el-gobierno-analiza-intensificar-la-presencialidad-escolar-en-todo-el-pais\\\/#article\",\"isPartOf\":{\"@id\":\"https:\\\/\\\/diariotextual.com\\\/inicio\\\/index.php\\\/2021\\\/08\\\/22\\\/el-gobierno-analiza-intensificar-la-presencialidad-escolar-en-todo-el-pais\\\/\"},\"author\":{\"name\":\"Diario1 Diario1\",\"@id\":\"https:\\\/\\\/diariotextual.com\\\/inicio\\\/#\\\/schema\\\/person\\\/418fc4093c33e86ed41562db3508f958\"},\"headline\":\"El Gobierno analiza intensificar la presencialidad escolar en todo el pa\u00eds\",\"datePublished\":\"2021-08-22T11:59:39+00:00\",\"dateModified\":\"2021-08-22T23:57:50+00:00\",\"mainEntityOfPage\":{\"@id\":\"https:\\\/\\\/diariotextual.com\\\/inicio\\\/index.php\\\/2021\\\/08\\\/22\\\/el-gobierno-analiza-intensificar-la-presencialidad-escolar-en-todo-el-pais\\\/\"},\"wordCount\":492,\"publisher\":{\"@id\":\"https:\\\/\\\/diariotextual.com\\\/inicio\\\/#organization\"},\"image\":{\"@id\":\"https:\\\/\\\/diariotextual.com\\\/inicio\\\/index.php\\\/2021\\\/08\\\/22\\\/el-gobierno-analiza-intensificar-la-presencialidad-escolar-en-todo-el-pais\\\/#primaryimage\"},\"thumbnailUrl\":\"https:\\\/\\\/diariotextual.com\\\/inicio\\\/wp-content\\\/uploads\\\/2021\\\/07\\\/clasesaulasalumnosescuelascoronavirusprevencion2021-13.jpg\",\"keywords\":[\"clases\"],\"articleSection\":[\"A - PORTADA2\",\"SOCIEDAD\"],\"inLanguage\":\"es\"},{\"@type\":\"WebPage\",\"@id\":\"https:\\\/\\\/diariotextual.com\\\/inicio\\\/index.php\\\/2021\\\/08\\\/22\\\/el-gobierno-analiza-intensificar-la-presencialidad-escolar-en-todo-el-pais\\\/\",\"url\":\"https:\\\/\\\/diariotextual.com\\\/inicio\\\/index.php\\\/2021\\\/08\\\/22\\\/el-gobierno-analiza-intensificar-la-presencialidad-escolar-en-todo-el-pais\\\/\",\"name\":\"El Gobierno analiza intensificar la presencialidad escolar en todo el pa\u00eds - Diario Textual\",\"isPartOf\":{\"@id\":\"https:\\\/\\\/diariotextual.com\\\/inicio\\\/#website\"},\"primaryImageOfPage\":{\"@id\":\"https:\\\/\\\/diariotextual.com\\\/inicio\\\/index.php\\\/2021\\\/08\\\/22\\\/el-gobierno-analiza-intensificar-la-presencialidad-escolar-en-todo-el-pais\\\/#primaryimage\"},\"image\":{\"@id\":\"https:\\\/\\\/diariotextual.com\\\/inicio\\\/index.php\\\/2021\\\/08\\\/22\\\/el-gobierno-analiza-intensificar-la-presencialidad-escolar-en-todo-el-pais\\\/#primaryimage\"},\"thumbnailUrl\":\"https:\\\/\\\/diariotextual.com\\\/inicio\\\/wp-content\\\/uploads\\\/2021\\\/07\\\/clasesaulasalumnosescuelascoronavirusprevencion2021-13.jpg\",\"datePublished\":\"2021-08-22T11:59:39+00:00\",\"dateModified\":\"2021-08-22T23:57:50+00:00\",\"breadcrumb\":{\"@id\":\"https:\\\/\\\/diariotextual.com\\\/inicio\\\/index.php\\\/2021\\\/08\\\/22\\\/el-gobierno-analiza-intensificar-la-presencialidad-escolar-en-todo-el-pais\\\/#breadcrumb\"},\"inLanguage\":\"es\",\"potentialAction\":[{\"@type\":\"ReadAction\",\"target\":[\"https:\\\/\\\/diariotextual.com\\\/inicio\\\/index.php\\\/2021\\\/08\\\/22\\\/el-gobierno-analiza-intensificar-la-presencialidad-escolar-en-todo-el-pais\\\/\"]}]},{\"@type\":\"ImageObject\",\"inLanguage\":\"es\",\"@id\":\"https:\\\/\\\/diariotextual.com\\\/inicio\\\/index.php\\\/2021\\\/08\\\/22\\\/el-gobierno-analiza-intensificar-la-presencialidad-escolar-en-todo-el-pais\\\/#primaryimage\",\"url\":\"https:\\\/\\\/diariotextual.com\\\/inicio\\\/wp-content\\\/uploads\\\/2021\\\/07\\\/clasesaulasalumnosescuelascoronavirusprevencion2021-13.jpg\",\"contentUrl\":\"https:\\\/\\\/diariotextual.com\\\/inicio\\\/wp-content\\\/uploads\\\/2021\\\/07\\\/clasesaulasalumnosescuelascoronavirusprevencion2021-13.jpg\",\"width\":1004,\"height\":565},{\"@type\":\"BreadcrumbList\",\"@id\":\"https:\\\/\\\/diariotextual.com\\\/inicio\\\/index.php\\\/2021\\\/08\\\/22\\\/el-gobierno-analiza-intensificar-la-presencialidad-escolar-en-todo-el-pais\\\/#breadcrumb\",\"itemListElement\":[{\"@type\":\"ListItem\",\"position\":1,\"name\":\"Portada\",\"item\":\"https:\\\/\\\/diariotextual.com\\\/inicio\\\/\"},{\"@type\":\"ListItem\",\"position\":2,\"name\":\"El Gobierno analiza intensificar la presencialidad escolar en todo el pa\u00eds\"}]},{\"@type\":\"WebSite\",\"@id\":\"https:\\\/\\\/diariotextual.com\\\/inicio\\\/#website\",\"url\":\"https:\\\/\\\/diariotextual.com\\\/inicio\\\/\",\"name\":\"Diario Textual\",\"description\":\"\",\"publisher\":{\"@id\":\"https:\\\/\\\/diariotextual.com\\\/inicio\\\/#organization\"},\"potentialAction\":[{\"@type\":\"SearchAction\",\"target\":{\"@type\":\"EntryPoint\",\"urlTemplate\":\"https:\\\/\\\/diariotextual.com\\\/inicio\\\/?s={search_term_string}\"},\"query-input\":{\"@type\":\"PropertyValueSpecification\",\"valueRequired\":true,\"valueName\":\"search_term_string\"}}],\"inLanguage\":\"es\"},{\"@type\":\"Organization\",\"@id\":\"https:\\\/\\\/diariotextual.com\\\/inicio\\\/#organization\",\"name\":\"Diario Textual\",\"url\":\"https:\\\/\\\/diariotextual.com\\\/inicio\\\/\",\"logo\":{\"@type\":\"ImageObject\",\"inLanguage\":\"es\",\"@id\":\"https:\\\/\\\/diariotextual.com\\\/inicio\\\/#\\\/schema\\\/logo\\\/image\\\/\",\"url\":\"https:\\\/\\\/diariotextual.com\\\/inicio\\\/wp-content\\\/uploads\\\/2023\\\/05\\\/logotextual1.jpg\",\"contentUrl\":\"https:\\\/\\\/diariotextual.com\\\/inicio\\\/wp-content\\\/uploads\\\/2023\\\/05\\\/logotextual1.jpg\",\"width\":516,\"height\":76,\"caption\":\"Diario Textual\"},\"image\":{\"@id\":\"https:\\\/\\\/diariotextual.com\\\/inicio\\\/#\\\/schema\\\/logo\\\/image\\\/\"},\"sameAs\":[\"https:\\\/\\\/www.facebook.com\\\/eltextual\",\"https:\\\/\\\/x.com\\\/eltextual\",\"http:\\\/\\\/www.instagram.com\\\/eltextual\"]},{\"@type\":\"Person\",\"@id\":\"https:\\\/\\\/diariotextual.com\\\/inicio\\\/#\\\/schema\\\/person\\\/418fc4093c33e86ed41562db3508f958\",\"name\":\"Diario1 Diario1\",\"image\":{\"@type\":\"ImageObject\",\"inLanguage\":\"es\",\"@id\":\"https:\\\/\\\/secure.gravatar.com\\\/avatar\\\/9167d280179c85bc18be67aa7eda765854300033af4896dd779b608640f2ef7a?s=96&d=mm&r=g\",\"url\":\"https:\\\/\\\/secure.gravatar.com\\\/avatar\\\/9167d280179c85bc18be67aa7eda765854300033af4896dd779b608640f2ef7a?s=96&d=mm&r=g\",\"contentUrl\":\"https:\\\/\\\/secure.gravatar.com\\\/avatar\\\/9167d280179c85bc18be67aa7eda765854300033af4896dd779b608640f2ef7a?s=96&d=mm&r=g\",\"caption\":\"Diario1 Diario1\"},\"url\":\"https:\\\/\\\/diariotextual.com\\\/inicio\\\/index.php\\\/author\\\/diario1\\\/\"}]}<\/script>\n<!-- \/ Yoast SEO plugin. -->","yoast_head_json":{"title":"El Gobierno analiza intensificar la presencialidad escolar en todo el pa\u00eds - Diario Textual","robots":{"index":"index","follow":"follow","max-snippet":"max-snippet:-1","max-image-preview":"max-image-preview:large","max-video-preview":"max-video-preview:-1"},"canonical":"https:\/\/diariotextual.com\/inicio\/index.php\/2021\/08\/22\/el-gobierno-analiza-intensificar-la-presencialidad-escolar-en-todo-el-pais\/","og_locale":"es_ES","og_type":"article","og_title":"El Gobierno analiza intensificar la presencialidad escolar en todo el pa\u00eds - Diario Textual","og_description":"El ministro de Educaci\u00f3n,\u00a0Nicol\u00e1s Trotta, se reunir\u00e1 este lunes con los especialistas\u00a0en salud, epidemiolog\u00eda, higiene y seguridad e infraestructura escolar que integran el Consejo Asesor para el Regreso a las&hellip;","og_url":"https:\/\/diariotextual.com\/inicio\/index.php\/2021\/08\/22\/el-gobierno-analiza-intensificar-la-presencialidad-escolar-en-todo-el-pais\/","og_site_name":"Diario Textual","article_publisher":"https:\/\/www.facebook.com\/eltextual","article_published_time":"2021-08-22T11:59:39+00:00","article_modified_time":"2021-08-22T23:57:50+00:00","og_image":[{"width":1004,"height":565,"url":"https:\/\/diariotextual.com\/inicio\/wp-content\/uploads\/2021\/07\/clasesaulasalumnosescuelascoronavirusprevencion2021-13.jpg","type":"image\/jpeg"}],"author":"Diario1 Diario1","twitter_card":"summary_large_image","twitter_creator":"@eltextual","twitter_site":"@eltextual","twitter_misc":{"Escrito por":"Diario1 Diario1","Tiempo de lectura":"2 minutos"},"schema":{"@context":"https:\/\/schema.org","@graph":[{"@type":"Article","@id":"https:\/\/diariotextual.com\/inicio\/index.php\/2021\/08\/22\/el-gobierno-analiza-intensificar-la-presencialidad-escolar-en-todo-el-pais\/#article","isPartOf":{"@id":"https:\/\/diariotextual.com\/inicio\/index.php\/2021\/08\/22\/el-gobierno-analiza-intensificar-la-presencialidad-escolar-en-todo-el-pais\/"},"author":{"name":"Diario1 Diario1","@id":"https:\/\/diariotextual.com\/inicio\/#\/schema\/person\/418fc4093c33e86ed41562db3508f958"},"headline":"El Gobierno analiza intensificar la presencialidad escolar en todo el pa\u00eds","datePublished":"2021-08-22T11:59:39+00:00","dateModified":"2021-08-22T23:57:50+00:00","mainEntityOfPage":{"@id":"https:\/\/diariotextual.com\/inicio\/index.php\/2021\/08\/22\/el-gobierno-analiza-intensificar-la-presencialidad-escolar-en-todo-el-pais\/"},"wordCount":492,"publisher":{"@id":"https:\/\/diariotextual.com\/inicio\/#organization"},"image":{"@id":"https:\/\/diariotextual.com\/inicio\/index.php\/2021\/08\/22\/el-gobierno-analiza-intensificar-la-presencialidad-escolar-en-todo-el-pais\/#primaryimage"},"thumbnailUrl":"https:\/\/diariotextual.com\/inicio\/wp-content\/uploads\/2021\/07\/clasesaulasalumnosescuelascoronavirusprevencion2021-13.jpg","keywords":["clases"],"articleSection":["A - PORTADA2","SOCIEDAD"],"inLanguage":"es"},{"@type":"WebPage","@id":"https:\/\/diariotextual.com\/inicio\/index.php\/2021\/08\/22\/el-gobierno-analiza-intensificar-la-presencialidad-escolar-en-todo-el-pais\/","url":"https:\/\/diariotextual.com\/inicio\/index.php\/2021\/08\/22\/el-gobierno-analiza-intensificar-la-presencialidad-escolar-en-todo-el-pais\/","name":"El Gobierno analiza intensificar la presencialidad escolar en todo el pa\u00eds - Diario Textual","isPartOf":{"@id":"https:\/\/diariotextual.com\/inicio\/#website"},"primaryImageOfPage":{"@id":"https:\/\/diariotextual.com\/inicio\/index.php\/2021\/08\/22\/el-gobierno-analiza-intensificar-la-presencialidad-escolar-en-todo-el-pais\/#primaryimage"},"image":{"@id":"https:\/\/diariotextual.com\/inicio\/index.php\/2021\/08\/22\/el-gobierno-analiza-intensificar-la-presencialidad-escolar-en-todo-el-pais\/#primaryimage"},"thumbnailUrl":"https:\/\/diariotextual.com\/inicio\/wp-content\/uploads\/2021\/07\/clasesaulasalumnosescuelascoronavirusprevencion2021-13.jpg","datePublished":"2021-08-22T11:59:39+00:00","dateModified":"2021-08-22T23:57:50+00:00","breadcrumb":{"@id":"https:\/\/diariotextual.com\/inicio\/index.php\/2021\/08\/22\/el-gobierno-analiza-intensificar-la-presencialidad-escolar-en-todo-el-pais\/#breadcrumb"},"inLanguage":"es","potentialAction":[{"@type":"ReadAction","target":["https:\/\/diariotextual.com\/inicio\/index.php\/2021\/08\/22\/el-gobierno-analiza-intensificar-la-presencialidad-escolar-en-todo-el-pais\/"]}]},{"@type":"ImageObject","inLanguage":"es","@id":"https:\/\/diariotextual.com\/inicio\/index.php\/2021\/08\/22\/el-gobierno-analiza-intensificar-la-presencialidad-escolar-en-todo-el-pais\/#primaryimage","url":"https:\/\/diariotextual.com\/inicio\/wp-content\/uploads\/2021\/07\/clasesaulasalumnosescuelascoronavirusprevencion2021-13.jpg","contentUrl":"https:\/\/diariotextual.com\/inicio\/wp-content\/uploads\/2021\/07\/clasesaulasalumnosescuelascoronavirusprevencion2021-13.jpg","width":1004,"height":565},{"@type":"BreadcrumbList","@id":"https:\/\/diariotextual.com\/inicio\/index.php\/2021\/08\/22\/el-gobierno-analiza-intensificar-la-presencialidad-escolar-en-todo-el-pais\/#breadcrumb","itemListElement":[{"@type":"ListItem","position":1,"name":"Portada","item":"https:\/\/diariotextual.com\/inicio\/"},{"@type":"ListItem","position":2,"name":"El Gobierno analiza intensificar la presencialidad escolar en todo el pa\u00eds"}]},{"@type":"WebSite","@id":"https:\/\/diariotextual.com\/inicio\/#website","url":"https:\/\/diariotextual.com\/inicio\/","name":"Diario Textual","description":"","publisher":{"@id":"https:\/\/diariotextual.com\/inicio\/#organization"},"potentialAction":[{"@type":"SearchAction","target":{"@type":"EntryPoint","urlTemplate":"https:\/\/diariotextual.com\/inicio\/?s={search_term_string}"},"query-input":{"@type":"PropertyValueSpecification","valueRequired":true,"valueName":"search_term_string"}}],"inLanguage":"es"},{"@type":"Organization","@id":"https:\/\/diariotextual.com\/inicio\/#organization","name":"Diario Textual","url":"https:\/\/diariotextual.com\/inicio\/","logo":{"@type":"ImageObject","inLanguage":"es","@id":"https:\/\/diariotextual.com\/inicio\/#\/schema\/logo\/image\/","url":"https:\/\/diariotextual.com\/inicio\/wp-content\/uploads\/2023\/05\/logotextual1.jpg","contentUrl":"https:\/\/diariotextual.com\/inicio\/wp-content\/uploads\/2023\/05\/logotextual1.jpg","width":516,"height":76,"caption":"Diario Textual"},"image":{"@id":"https:\/\/diariotextual.com\/inicio\/#\/schema\/logo\/image\/"},"sameAs":["https:\/\/www.facebook.com\/eltextual","https:\/\/x.com\/eltextual","http:\/\/www.instagram.com\/eltextual"]},{"@type":"Person","@id":"https:\/\/diariotextual.com\/inicio\/#\/schema\/person\/418fc4093c33e86ed41562db3508f958","name":"Diario1 Diario1","image":{"@type":"ImageObject","inLanguage":"es","@id":"https:\/\/secure.gravatar.com\/avatar\/9167d280179c85bc18be67aa7eda765854300033af4896dd779b608640f2ef7a?s=96&d=mm&r=g","url":"https:\/\/secure.gravatar.com\/avatar\/9167d280179c85bc18be67aa7eda765854300033af4896dd779b608640f2ef7a?s=96&d=mm&r=g","contentUrl":"https:\/\/secure.gravatar.com\/avatar\/9167d280179c85bc18be67aa7eda765854300033af4896dd779b608640f2ef7a?s=96&d=mm&r=g","caption":"Diario1 Diario1"},"url":"https:\/\/diariotextual.com\/inicio\/index.php\/author\/diario1\/"}]}},"_links":{"self":[{"href":"https:\/\/diariotextual.com\/inicio\/index.php\/wp-json\/wp\/v2\/posts\/158673","targetHints":{"allow":["GET"]}}],"collection":[{"href":"https:\/\/diariotextual.com\/inicio\/index.php\/wp-json\/wp\/v2\/posts"}],"about":[{"href":"https:\/\/diariotextual.com\/inicio\/index.php\/wp-json\/wp\/v2\/types\/post"}],"author":[{"embeddable":true,"href":"https:\/\/diariotextual.com\/inicio\/index.php\/wp-json\/wp\/v2\/users\/3"}],"replies":[{"embeddable":true,"href":"https:\/\/diariotextual.com\/inicio\/index.php\/wp-json\/wp\/v2\/comments?post=158673"}],"version-history":[{"count":1,"href":"https:\/\/diariotextual.com\/inicio\/index.php\/wp-json\/wp\/v2\/posts\/158673\/revisions"}],"predecessor-version":[{"id":158674,"href":"https:\/\/diariotextual.com\/inicio\/index.php\/wp-json\/wp\/v2\/posts\/158673\/revisions\/158674"}],"wp:featuredmedia":[{"embeddable":true,"href":"https:\/\/diariotextual.com\/inicio\/index.php\/wp-json\/wp\/v2\/media\/154886"}],"wp:attachment":[{"href":"https:\/\/diariotextual.com\/inicio\/index.php\/wp-json\/wp\/v2\/media?parent=158673"}],"wp:term":[{"taxonomy":"category","embeddable":true,"href":"https:\/\/diariotextual.com\/inicio\/index.php\/wp-json\/wp\/v2\/categories?post=158673"},{"taxonomy":"post_tag","embeddable":true,"href":"https:\/\/diariotextual.com\/inicio\/index.php\/wp-json\/wp\/v2\/tags?post=158673"}],"curies":[{"name":"wp","href":"https:\/\/api.w.org\/{rel}","templated":true}]}}