{"id":158756,"date":"2021-08-23T09:48:53","date_gmt":"2021-08-23T12:48:53","guid":{"rendered":"https:\/\/diariotextual.com\/inicio\/?p=158756"},"modified":"2021-08-23T14:57:14","modified_gmt":"2021-08-23T17:57:14","slug":"todo-listo-en-santa-rosa-para-iniciar-la-separacion-de-la-basura-en-origen","status":"publish","type":"post","link":"https:\/\/diariotextual.com\/inicio\/index.php\/2021\/08\/23\/todo-listo-en-santa-rosa-para-iniciar-la-separacion-de-la-basura-en-origen\/","title":{"rendered":"Todo listo en Santa Rosa para iniciar la separaci\u00f3n de la basura en origen"},"content":{"rendered":"\n<p>El gerente del <strong>Ente Municipal de Higiene y Salubridad Urbana<\/strong>, Jos\u00e9 Hurtado, dijo a <strong>Diario Textual<\/strong> que falta muy poco para largar en Santa Rosa la campa\u00f1a de <strong>separaci\u00f3n de residuos en origen<\/strong> para avanzar hacia el <strong>reciclado de la basura domiciliaria.<\/strong> \u201cLas m\u00e1quinas ya est\u00e1n instaladas, solo falta terminar de completar la papeler\u00eda. La cooperativa de recicladores tambi\u00e9n est\u00e1 armada\u201d, dijo.<\/p>\n\n\n\n<p>El pasado 4 de mayo el ministro de Ambiente de la Naci\u00f3n, Juan Cabandi\u00e9, vino La Pampa y trajo maquinaria para el reciclado de residuos en General Pico y Santa Rosa. A la capital provincial le entreg\u00f3 equipos por 35 millones de pesos y a la ciudad norte\u00f1a por 47 millones.<\/p>\n\n\n\n<p>La intenci\u00f3n de las autoridades santarrose\u00f1as es comenzar antes de fin de a\u00f1o a clasificar la basura domiciliaria para su posterior tratamiento y reutilizaci\u00f3n en el relleno sanitario. <\/p>\n\n\n\n<p>\u201cTodav\u00eda no se larg\u00f3 la campa\u00f1a de comunicaci\u00f3n para la separaci\u00f3n en origen pero estamos muy cerquita de hacerlo. Estamos esperando la papeler\u00eda de la maquinaria y ya se reorden\u00f3 todo en el relleno sanitario para comenzar\u201d, dijo a Diario Textual el gerente del Ente Municipal de Higiene Urbana de Santa Rosa, Jos\u00e9 Hurtado.<\/p>\n\n\n\n<p>\u201cCreo que vamos a arrancar muy pronto. Est\u00e1 todo armado, las prensas instaladas, as\u00ed como las trituradoras de neum\u00e1ticos, escombros y vidrios. Tambi\u00e9n est\u00e1n listos los tableros\u201d, explic\u00f3.<\/p>\n\n\n\n<p>A modo de prueba piloto, el EMHSU dispuso que dos camiones salgan los martes y jueves por la tarde a recolectar solo cartones. \u201cLa idea es mantener ese esquema: martes y jueves residuos secos y el resto de los d\u00edas residuos h\u00famedos\u201d, dijo.<\/p>\n\n\n\n<p>Por \u00faltimo, Hurtado confirm\u00f3 que la cooperativa de recicladores, que va a operar la planta, ya esta armada y tendr\u00e1 alrededor de 60 trabajadores y trabajadoras.<\/p>\n","protected":false},"excerpt":{"rendered":"<p>El gerente del Ente Municipal de Higiene y Salubridad Urbana, Jos\u00e9 Hurtado, dijo a Diario Textual que falta muy poco para largar en Santa Rosa la campa\u00f1a de separaci\u00f3n de&hellip;<\/p>\n","protected":false},"author":7,"featured_media":870,"comment_status":"closed","ping_status":"open","sticky":false,"template":"","format":"standard","meta":{"_acf_changed":false,"footnotes":""},"categories":[10,12],"tags":[1602,4488],"class_list":["post-158756","post","type-post","status-publish","format-standard","has-post-thumbnail","hentry","category-portada-2","category-sociedad","tag-reciclado","tag-separacion-de-residuos"],"acf":[],"yoast_head":"<!-- This site is optimized with the Yoast SEO plugin v27.5 - https:\/\/yoast.com\/product\/yoast-seo-wordpress\/ -->\n<title>Todo listo en Santa Rosa para iniciar la separaci\u00f3n de la basura en origen - Diario Textual<\/title>\n<meta name=\"robots\" content=\"index, follow, max-snippet:-1, max-image-preview:large, max-video-preview:-1\" \/>\n<link rel=\"canonical\" href=\"https:\/\/diariotextual.com\/inicio\/index.php\/2021\/08\/23\/todo-listo-en-santa-rosa-para-iniciar-la-separacion-de-la-basura-en-origen\/\" \/>\n<meta property=\"og:locale\" content=\"es_ES\" \/>\n<meta property=\"og:type\" content=\"article\" \/>\n<meta property=\"og:title\" content=\"Todo listo en Santa Rosa para iniciar la separaci\u00f3n de la basura en origen - Diario Textual\" \/>\n<meta property=\"og:description\" content=\"El gerente del Ente Municipal de Higiene y Salubridad Urbana, Jos\u00e9 Hurtado, dijo a Diario Textual que falta muy poco para largar en Santa Rosa la campa\u00f1a de separaci\u00f3n de&hellip;\" \/>\n<meta property=\"og:url\" content=\"https:\/\/diariotextual.com\/inicio\/index.php\/2021\/08\/23\/todo-listo-en-santa-rosa-para-iniciar-la-separacion-de-la-basura-en-origen\/\" \/>\n<meta property=\"og:site_name\" content=\"Diario Textual\" \/>\n<meta property=\"article:publisher\" content=\"https:\/\/www.facebook.com\/eltextual\" \/>\n<meta property=\"article:published_time\" content=\"2021-08-23T12:48:53+00:00\" \/>\n<meta property=\"article:modified_time\" content=\"2021-08-23T17:57:14+00:00\" \/>\n<meta property=\"og:image\" content=\"https:\/\/diariotextual.com\/inicio\/wp-content\/uploads\/2018\/03\/recoleccionresiduosreciclables031017.jpg\" \/>\n\t<meta property=\"og:image:width\" content=\"600\" \/>\n\t<meta property=\"og:image:height\" content=\"367\" \/>\n\t<meta property=\"og:image:type\" content=\"image\/jpeg\" \/>\n<meta name=\"author\" content=\"diario5\" \/>\n<meta name=\"twitter:card\" content=\"summary_large_image\" \/>\n<meta name=\"twitter:creator\" content=\"@eltextual\" \/>\n<meta name=\"twitter:site\" content=\"@eltextual\" \/>\n<meta name=\"twitter:label1\" content=\"Escrito por\" \/>\n\t<meta name=\"twitter:data1\" content=\"diario5\" \/>\n\t<meta name=\"twitter:label2\" content=\"Tiempo de lectura\" \/>\n\t<meta name=\"twitter:data2\" content=\"2 minutos\" \/>\n<script type=\"application\/ld+json\" class=\"yoast-schema-graph\">{\"@context\":\"https:\\\/\\\/schema.org\",\"@graph\":[{\"@type\":\"Article\",\"@id\":\"https:\\\/\\\/diariotextual.com\\\/inicio\\\/index.php\\\/2021\\\/08\\\/23\\\/todo-listo-en-santa-rosa-para-iniciar-la-separacion-de-la-basura-en-origen\\\/#article\",\"isPartOf\":{\"@id\":\"https:\\\/\\\/diariotextual.com\\\/inicio\\\/index.php\\\/2021\\\/08\\\/23\\\/todo-listo-en-santa-rosa-para-iniciar-la-separacion-de-la-basura-en-origen\\\/\"},\"author\":{\"name\":\"diario5\",\"@id\":\"https:\\\/\\\/diariotextual.com\\\/inicio\\\/#\\\/schema\\\/person\\\/c7834961ad8b29b1d9cdbf4571299067\"},\"headline\":\"Todo listo en Santa Rosa para iniciar la separaci\u00f3n de la basura en origen\",\"datePublished\":\"2021-08-23T12:48:53+00:00\",\"dateModified\":\"2021-08-23T17:57:14+00:00\",\"mainEntityOfPage\":{\"@id\":\"https:\\\/\\\/diariotextual.com\\\/inicio\\\/index.php\\\/2021\\\/08\\\/23\\\/todo-listo-en-santa-rosa-para-iniciar-la-separacion-de-la-basura-en-origen\\\/\"},\"wordCount\":325,\"publisher\":{\"@id\":\"https:\\\/\\\/diariotextual.com\\\/inicio\\\/#organization\"},\"image\":{\"@id\":\"https:\\\/\\\/diariotextual.com\\\/inicio\\\/index.php\\\/2021\\\/08\\\/23\\\/todo-listo-en-santa-rosa-para-iniciar-la-separacion-de-la-basura-en-origen\\\/#primaryimage\"},\"thumbnailUrl\":\"https:\\\/\\\/diariotextual.com\\\/inicio\\\/wp-content\\\/uploads\\\/2018\\\/03\\\/recoleccionresiduosreciclables031017.jpg\",\"keywords\":[\"reciclado\",\"separacion de residuos\"],\"articleSection\":[\"A - PORTADA2\",\"SOCIEDAD\"],\"inLanguage\":\"es\"},{\"@type\":\"WebPage\",\"@id\":\"https:\\\/\\\/diariotextual.com\\\/inicio\\\/index.php\\\/2021\\\/08\\\/23\\\/todo-listo-en-santa-rosa-para-iniciar-la-separacion-de-la-basura-en-origen\\\/\",\"url\":\"https:\\\/\\\/diariotextual.com\\\/inicio\\\/index.php\\\/2021\\\/08\\\/23\\\/todo-listo-en-santa-rosa-para-iniciar-la-separacion-de-la-basura-en-origen\\\/\",\"name\":\"Todo listo en Santa Rosa para iniciar la separaci\u00f3n de la basura en origen - Diario Textual\",\"isPartOf\":{\"@id\":\"https:\\\/\\\/diariotextual.com\\\/inicio\\\/#website\"},\"primaryImageOfPage\":{\"@id\":\"https:\\\/\\\/diariotextual.com\\\/inicio\\\/index.php\\\/2021\\\/08\\\/23\\\/todo-listo-en-santa-rosa-para-iniciar-la-separacion-de-la-basura-en-origen\\\/#primaryimage\"},\"image\":{\"@id\":\"https:\\\/\\\/diariotextual.com\\\/inicio\\\/index.php\\\/2021\\\/08\\\/23\\\/todo-listo-en-santa-rosa-para-iniciar-la-separacion-de-la-basura-en-origen\\\/#primaryimage\"},\"thumbnailUrl\":\"https:\\\/\\\/diariotextual.com\\\/inicio\\\/wp-content\\\/uploads\\\/2018\\\/03\\\/recoleccionresiduosreciclables031017.jpg\",\"datePublished\":\"2021-08-23T12:48:53+00:00\",\"dateModified\":\"2021-08-23T17:57:14+00:00\",\"breadcrumb\":{\"@id\":\"https:\\\/\\\/diariotextual.com\\\/inicio\\\/index.php\\\/2021\\\/08\\\/23\\\/todo-listo-en-santa-rosa-para-iniciar-la-separacion-de-la-basura-en-origen\\\/#breadcrumb\"},\"inLanguage\":\"es\",\"potentialAction\":[{\"@type\":\"ReadAction\",\"target\":[\"https:\\\/\\\/diariotextual.com\\\/inicio\\\/index.php\\\/2021\\\/08\\\/23\\\/todo-listo-en-santa-rosa-para-iniciar-la-separacion-de-la-basura-en-origen\\\/\"]}]},{\"@type\":\"ImageObject\",\"inLanguage\":\"es\",\"@id\":\"https:\\\/\\\/diariotextual.com\\\/inicio\\\/index.php\\\/2021\\\/08\\\/23\\\/todo-listo-en-santa-rosa-para-iniciar-la-separacion-de-la-basura-en-origen\\\/#primaryimage\",\"url\":\"https:\\\/\\\/diariotextual.com\\\/inicio\\\/wp-content\\\/uploads\\\/2018\\\/03\\\/recoleccionresiduosreciclables031017.jpg\",\"contentUrl\":\"https:\\\/\\\/diariotextual.com\\\/inicio\\\/wp-content\\\/uploads\\\/2018\\\/03\\\/recoleccionresiduosreciclables031017.jpg\",\"width\":600,\"height\":367},{\"@type\":\"BreadcrumbList\",\"@id\":\"https:\\\/\\\/diariotextual.com\\\/inicio\\\/index.php\\\/2021\\\/08\\\/23\\\/todo-listo-en-santa-rosa-para-iniciar-la-separacion-de-la-basura-en-origen\\\/#breadcrumb\",\"itemListElement\":[{\"@type\":\"ListItem\",\"position\":1,\"name\":\"Portada\",\"item\":\"https:\\\/\\\/diariotextual.com\\\/inicio\\\/\"},{\"@type\":\"ListItem\",\"position\":2,\"name\":\"Todo listo en Santa Rosa para iniciar la separaci\u00f3n de la basura en origen\"}]},{\"@type\":\"WebSite\",\"@id\":\"https:\\\/\\\/diariotextual.com\\\/inicio\\\/#website\",\"url\":\"https:\\\/\\\/diariotextual.com\\\/inicio\\\/\",\"name\":\"Diario Textual\",\"description\":\"\",\"publisher\":{\"@id\":\"https:\\\/\\\/diariotextual.com\\\/inicio\\\/#organization\"},\"potentialAction\":[{\"@type\":\"SearchAction\",\"target\":{\"@type\":\"EntryPoint\",\"urlTemplate\":\"https:\\\/\\\/diariotextual.com\\\/inicio\\\/?s={search_term_string}\"},\"query-input\":{\"@type\":\"PropertyValueSpecification\",\"valueRequired\":true,\"valueName\":\"search_term_string\"}}],\"inLanguage\":\"es\"},{\"@type\":\"Organization\",\"@id\":\"https:\\\/\\\/diariotextual.com\\\/inicio\\\/#organization\",\"name\":\"Diario Textual\",\"url\":\"https:\\\/\\\/diariotextual.com\\\/inicio\\\/\",\"logo\":{\"@type\":\"ImageObject\",\"inLanguage\":\"es\",\"@id\":\"https:\\\/\\\/diariotextual.com\\\/inicio\\\/#\\\/schema\\\/logo\\\/image\\\/\",\"url\":\"https:\\\/\\\/diariotextual.com\\\/inicio\\\/wp-content\\\/uploads\\\/2023\\\/05\\\/logotextual1.jpg\",\"contentUrl\":\"https:\\\/\\\/diariotextual.com\\\/inicio\\\/wp-content\\\/uploads\\\/2023\\\/05\\\/logotextual1.jpg\",\"width\":516,\"height\":76,\"caption\":\"Diario Textual\"},\"image\":{\"@id\":\"https:\\\/\\\/diariotextual.com\\\/inicio\\\/#\\\/schema\\\/logo\\\/image\\\/\"},\"sameAs\":[\"https:\\\/\\\/www.facebook.com\\\/eltextual\",\"https:\\\/\\\/x.com\\\/eltextual\",\"http:\\\/\\\/www.instagram.com\\\/eltextual\"]},{\"@type\":\"Person\",\"@id\":\"https:\\\/\\\/diariotextual.com\\\/inicio\\\/#\\\/schema\\\/person\\\/c7834961ad8b29b1d9cdbf4571299067\",\"name\":\"diario5\",\"image\":{\"@type\":\"ImageObject\",\"inLanguage\":\"es\",\"@id\":\"https:\\\/\\\/secure.gravatar.com\\\/avatar\\\/948c893b847ca6df68216ead81b63f363408ec9b0f600fefc0641ce78613b111?s=96&d=mm&r=g\",\"url\":\"https:\\\/\\\/secure.gravatar.com\\\/avatar\\\/948c893b847ca6df68216ead81b63f363408ec9b0f600fefc0641ce78613b111?s=96&d=mm&r=g\",\"contentUrl\":\"https:\\\/\\\/secure.gravatar.com\\\/avatar\\\/948c893b847ca6df68216ead81b63f363408ec9b0f600fefc0641ce78613b111?s=96&d=mm&r=g\",\"caption\":\"diario5\"},\"url\":\"https:\\\/\\\/diariotextual.com\\\/inicio\\\/index.php\\\/author\\\/diario5\\\/\"}]}<\/script>\n<!-- \/ Yoast SEO plugin. -->","yoast_head_json":{"title":"Todo listo en Santa Rosa para iniciar la separaci\u00f3n de la basura en origen - Diario Textual","robots":{"index":"index","follow":"follow","max-snippet":"max-snippet:-1","max-image-preview":"max-image-preview:large","max-video-preview":"max-video-preview:-1"},"canonical":"https:\/\/diariotextual.com\/inicio\/index.php\/2021\/08\/23\/todo-listo-en-santa-rosa-para-iniciar-la-separacion-de-la-basura-en-origen\/","og_locale":"es_ES","og_type":"article","og_title":"Todo listo en Santa Rosa para iniciar la separaci\u00f3n de la basura en origen - Diario Textual","og_description":"El gerente del Ente Municipal de Higiene y Salubridad Urbana, Jos\u00e9 Hurtado, dijo a Diario Textual que falta muy poco para largar en Santa Rosa la campa\u00f1a de separaci\u00f3n de&hellip;","og_url":"https:\/\/diariotextual.com\/inicio\/index.php\/2021\/08\/23\/todo-listo-en-santa-rosa-para-iniciar-la-separacion-de-la-basura-en-origen\/","og_site_name":"Diario Textual","article_publisher":"https:\/\/www.facebook.com\/eltextual","article_published_time":"2021-08-23T12:48:53+00:00","article_modified_time":"2021-08-23T17:57:14+00:00","og_image":[{"width":600,"height":367,"url":"https:\/\/diariotextual.com\/inicio\/wp-content\/uploads\/2018\/03\/recoleccionresiduosreciclables031017.jpg","type":"image\/jpeg"}],"author":"diario5","twitter_card":"summary_large_image","twitter_creator":"@eltextual","twitter_site":"@eltextual","twitter_misc":{"Escrito por":"diario5","Tiempo de lectura":"2 minutos"},"schema":{"@context":"https:\/\/schema.org","@graph":[{"@type":"Article","@id":"https:\/\/diariotextual.com\/inicio\/index.php\/2021\/08\/23\/todo-listo-en-santa-rosa-para-iniciar-la-separacion-de-la-basura-en-origen\/#article","isPartOf":{"@id":"https:\/\/diariotextual.com\/inicio\/index.php\/2021\/08\/23\/todo-listo-en-santa-rosa-para-iniciar-la-separacion-de-la-basura-en-origen\/"},"author":{"name":"diario5","@id":"https:\/\/diariotextual.com\/inicio\/#\/schema\/person\/c7834961ad8b29b1d9cdbf4571299067"},"headline":"Todo listo en Santa Rosa para iniciar la separaci\u00f3n de la basura en origen","datePublished":"2021-08-23T12:48:53+00:00","dateModified":"2021-08-23T17:57:14+00:00","mainEntityOfPage":{"@id":"https:\/\/diariotextual.com\/inicio\/index.php\/2021\/08\/23\/todo-listo-en-santa-rosa-para-iniciar-la-separacion-de-la-basura-en-origen\/"},"wordCount":325,"publisher":{"@id":"https:\/\/diariotextual.com\/inicio\/#organization"},"image":{"@id":"https:\/\/diariotextual.com\/inicio\/index.php\/2021\/08\/23\/todo-listo-en-santa-rosa-para-iniciar-la-separacion-de-la-basura-en-origen\/#primaryimage"},"thumbnailUrl":"https:\/\/diariotextual.com\/inicio\/wp-content\/uploads\/2018\/03\/recoleccionresiduosreciclables031017.jpg","keywords":["reciclado","separacion de residuos"],"articleSection":["A - PORTADA2","SOCIEDAD"],"inLanguage":"es"},{"@type":"WebPage","@id":"https:\/\/diariotextual.com\/inicio\/index.php\/2021\/08\/23\/todo-listo-en-santa-rosa-para-iniciar-la-separacion-de-la-basura-en-origen\/","url":"https:\/\/diariotextual.com\/inicio\/index.php\/2021\/08\/23\/todo-listo-en-santa-rosa-para-iniciar-la-separacion-de-la-basura-en-origen\/","name":"Todo listo en Santa Rosa para iniciar la separaci\u00f3n de la basura en origen - Diario Textual","isPartOf":{"@id":"https:\/\/diariotextual.com\/inicio\/#website"},"primaryImageOfPage":{"@id":"https:\/\/diariotextual.com\/inicio\/index.php\/2021\/08\/23\/todo-listo-en-santa-rosa-para-iniciar-la-separacion-de-la-basura-en-origen\/#primaryimage"},"image":{"@id":"https:\/\/diariotextual.com\/inicio\/index.php\/2021\/08\/23\/todo-listo-en-santa-rosa-para-iniciar-la-separacion-de-la-basura-en-origen\/#primaryimage"},"thumbnailUrl":"https:\/\/diariotextual.com\/inicio\/wp-content\/uploads\/2018\/03\/recoleccionresiduosreciclables031017.jpg","datePublished":"2021-08-23T12:48:53+00:00","dateModified":"2021-08-23T17:57:14+00:00","breadcrumb":{"@id":"https:\/\/diariotextual.com\/inicio\/index.php\/2021\/08\/23\/todo-listo-en-santa-rosa-para-iniciar-la-separacion-de-la-basura-en-origen\/#breadcrumb"},"inLanguage":"es","potentialAction":[{"@type":"ReadAction","target":["https:\/\/diariotextual.com\/inicio\/index.php\/2021\/08\/23\/todo-listo-en-santa-rosa-para-iniciar-la-separacion-de-la-basura-en-origen\/"]}]},{"@type":"ImageObject","inLanguage":"es","@id":"https:\/\/diariotextual.com\/inicio\/index.php\/2021\/08\/23\/todo-listo-en-santa-rosa-para-iniciar-la-separacion-de-la-basura-en-origen\/#primaryimage","url":"https:\/\/diariotextual.com\/inicio\/wp-content\/uploads\/2018\/03\/recoleccionresiduosreciclables031017.jpg","contentUrl":"https:\/\/diariotextual.com\/inicio\/wp-content\/uploads\/2018\/03\/recoleccionresiduosreciclables031017.jpg","width":600,"height":367},{"@type":"BreadcrumbList","@id":"https:\/\/diariotextual.com\/inicio\/index.php\/2021\/08\/23\/todo-listo-en-santa-rosa-para-iniciar-la-separacion-de-la-basura-en-origen\/#breadcrumb","itemListElement":[{"@type":"ListItem","position":1,"name":"Portada","item":"https:\/\/diariotextual.com\/inicio\/"},{"@type":"ListItem","position":2,"name":"Todo listo en Santa Rosa para iniciar la separaci\u00f3n de la basura en origen"}]},{"@type":"WebSite","@id":"https:\/\/diariotextual.com\/inicio\/#website","url":"https:\/\/diariotextual.com\/inicio\/","name":"Diario Textual","description":"","publisher":{"@id":"https:\/\/diariotextual.com\/inicio\/#organization"},"potentialAction":[{"@type":"SearchAction","target":{"@type":"EntryPoint","urlTemplate":"https:\/\/diariotextual.com\/inicio\/?s={search_term_string}"},"query-input":{"@type":"PropertyValueSpecification","valueRequired":true,"valueName":"search_term_string"}}],"inLanguage":"es"},{"@type":"Organization","@id":"https:\/\/diariotextual.com\/inicio\/#organization","name":"Diario Textual","url":"https:\/\/diariotextual.com\/inicio\/","logo":{"@type":"ImageObject","inLanguage":"es","@id":"https:\/\/diariotextual.com\/inicio\/#\/schema\/logo\/image\/","url":"https:\/\/diariotextual.com\/inicio\/wp-content\/uploads\/2023\/05\/logotextual1.jpg","contentUrl":"https:\/\/diariotextual.com\/inicio\/wp-content\/uploads\/2023\/05\/logotextual1.jpg","width":516,"height":76,"caption":"Diario Textual"},"image":{"@id":"https:\/\/diariotextual.com\/inicio\/#\/schema\/logo\/image\/"},"sameAs":["https:\/\/www.facebook.com\/eltextual","https:\/\/x.com\/eltextual","http:\/\/www.instagram.com\/eltextual"]},{"@type":"Person","@id":"https:\/\/diariotextual.com\/inicio\/#\/schema\/person\/c7834961ad8b29b1d9cdbf4571299067","name":"diario5","image":{"@type":"ImageObject","inLanguage":"es","@id":"https:\/\/secure.gravatar.com\/avatar\/948c893b847ca6df68216ead81b63f363408ec9b0f600fefc0641ce78613b111?s=96&d=mm&r=g","url":"https:\/\/secure.gravatar.com\/avatar\/948c893b847ca6df68216ead81b63f363408ec9b0f600fefc0641ce78613b111?s=96&d=mm&r=g","contentUrl":"https:\/\/secure.gravatar.com\/avatar\/948c893b847ca6df68216ead81b63f363408ec9b0f600fefc0641ce78613b111?s=96&d=mm&r=g","caption":"diario5"},"url":"https:\/\/diariotextual.com\/inicio\/index.php\/author\/diario5\/"}]}},"_links":{"self":[{"href":"https:\/\/diariotextual.com\/inicio\/index.php\/wp-json\/wp\/v2\/posts\/158756","targetHints":{"allow":["GET"]}}],"collection":[{"href":"https:\/\/diariotextual.com\/inicio\/index.php\/wp-json\/wp\/v2\/posts"}],"about":[{"href":"https:\/\/diariotextual.com\/inicio\/index.php\/wp-json\/wp\/v2\/types\/post"}],"author":[{"embeddable":true,"href":"https:\/\/diariotextual.com\/inicio\/index.php\/wp-json\/wp\/v2\/users\/7"}],"replies":[{"embeddable":true,"href":"https:\/\/diariotextual.com\/inicio\/index.php\/wp-json\/wp\/v2\/comments?post=158756"}],"version-history":[{"count":1,"href":"https:\/\/diariotextual.com\/inicio\/index.php\/wp-json\/wp\/v2\/posts\/158756\/revisions"}],"predecessor-version":[{"id":158757,"href":"https:\/\/diariotextual.com\/inicio\/index.php\/wp-json\/wp\/v2\/posts\/158756\/revisions\/158757"}],"wp:featuredmedia":[{"embeddable":true,"href":"https:\/\/diariotextual.com\/inicio\/index.php\/wp-json\/wp\/v2\/media\/870"}],"wp:attachment":[{"href":"https:\/\/diariotextual.com\/inicio\/index.php\/wp-json\/wp\/v2\/media?parent=158756"}],"wp:term":[{"taxonomy":"category","embeddable":true,"href":"https:\/\/diariotextual.com\/inicio\/index.php\/wp-json\/wp\/v2\/categories?post=158756"},{"taxonomy":"post_tag","embeddable":true,"href":"https:\/\/diariotextual.com\/inicio\/index.php\/wp-json\/wp\/v2\/tags?post=158756"}],"curies":[{"name":"wp","href":"https:\/\/api.w.org\/{rel}","templated":true}]}}