{"id":158761,"date":"2021-08-23T13:21:00","date_gmt":"2021-08-23T16:21:00","guid":{"rendered":"https:\/\/diariotextual.com\/inicio\/?p=158761"},"modified":"2021-08-23T16:39:06","modified_gmt":"2021-08-23T19:39:06","slug":"vizzotti-sobre-la-delta-no-es-todavia-predominante-pero-ya-esta-cerquita-de-ser-comunitaria","status":"publish","type":"post","link":"https:\/\/diariotextual.com\/inicio\/index.php\/2021\/08\/23\/vizzotti-sobre-la-delta-no-es-todavia-predominante-pero-ya-esta-cerquita-de-ser-comunitaria\/","title":{"rendered":"Vizzotti, sobre la Delta: \u00abNo es todav\u00eda predominante pero ya est\u00e1 cerquita de ser comunitaria\u00bb"},"content":{"rendered":"\n<p>La ministra de Salud, Carla Vizzotti, asegur\u00f3 este lunes que si bien la circulaci\u00f3n de la variante Delta de coronavirus \u00abno es predominante\u00bb en la Argentina, \u00abya est\u00e1 cerquita de ser comunitaria\u00bb.<\/p>\n\n\n\n<p><strong>\u00abSe sigue vigilando la circulaci\u00f3n, que a la fecha no es todav\u00eda predominante pero ya est\u00e1 cerquita de ser comunitaria\u00bb,<\/strong>&nbsp;sostuvo Vizzotti en declaraciones formuladas esta ma\u00f1ana a Radio 10 desde Rusia, donde viaj\u00f3 junto a la asesora presidencial Cecilia Nicolini con el objetivo de profundizar el trabajo colaborativo en relaci\u00f3n a la producci\u00f3n y provisi\u00f3n de vacunas con el Instituto Gamaleya.<\/p>\n\n\n\n<p>La ministra de Salud explic\u00f3 a qu\u00e9 se refiere el concepto de circulaci\u00f3n \u00abcomunitaria\u00bb cuando se habla de la variante Delta o de cualquier otro virus o cepa.<\/p>\n\n\n\n<p><strong>\u00abCuando no se encuentra un v\u00ednculo entre los casos o con un viajero, se dice que es comunitaria, pero eso no significa que sea predominante\u00bb<\/strong>, dijo.<\/p>\n\n\n\n<p>Agreg\u00f3, en ese sentido, que \u00abpor ahora la variante predominante en la Argentina es la Manaos\u00bb.<\/p>\n\n\n\n<p>Por eso, indic\u00f3&nbsp;<strong>que se sigue \u00abmuy atentamente\u00bb la evoluci\u00f3n de la circulaci\u00f3n de la variante Delta, que en Europa y otros pa\u00edses demostr\u00f3 ser m\u00e1s contagiosa que otras, mientras se contin\u00faa \u00abaislando personas que tienen relaci\u00f3n con los viajes\u00bb procedentes del exterior.<\/strong><\/p>\n\n\n\n<p>Vizzotti puntualiz\u00f3 que en C\u00f3rdoba y en la Ciudad de Buenos Aires hay algunos casos que no tienen relaci\u00f3n entre ellos y precis\u00f3 que esto es \u00absobre todo en el caso de C\u00f3rdoba, que no hab\u00edan encontrado nexo con viajero\u00bb, que fue el caso cero y que falleci\u00f3 este fin de semana.<\/p>\n","protected":false},"excerpt":{"rendered":"<p>La ministra de Salud, Carla Vizzotti, asegur\u00f3 este lunes que si bien la circulaci\u00f3n de la variante Delta de coronavirus \u00abno es predominante\u00bb en la Argentina, \u00abya est\u00e1 cerquita de&hellip;<\/p>\n","protected":false},"author":4,"featured_media":146921,"comment_status":"closed","ping_status":"open","sticky":false,"template":"","format":"standard","meta":{"_acf_changed":false,"footnotes":""},"categories":[10,12],"tags":[2662,2899,5701,5036],"class_list":["post-158761","post","type-post","status-publish","format-standard","has-post-thumbnail","hentry","category-portada-2","category-sociedad","tag-coronavirus","tag-covid","tag-delta","tag-vizzotti"],"acf":[],"yoast_head":"<!-- This site is optimized with the Yoast SEO plugin v27.5 - https:\/\/yoast.com\/product\/yoast-seo-wordpress\/ -->\n<title>Vizzotti, sobre la Delta: &quot;No es todav\u00eda predominante pero ya est\u00e1 cerquita de ser comunitaria&quot; - Diario Textual<\/title>\n<meta name=\"robots\" content=\"index, follow, max-snippet:-1, max-image-preview:large, max-video-preview:-1\" \/>\n<link rel=\"canonical\" href=\"https:\/\/diariotextual.com\/inicio\/index.php\/2021\/08\/23\/vizzotti-sobre-la-delta-no-es-todavia-predominante-pero-ya-esta-cerquita-de-ser-comunitaria\/\" \/>\n<meta property=\"og:locale\" content=\"es_ES\" \/>\n<meta property=\"og:type\" content=\"article\" \/>\n<meta property=\"og:title\" content=\"Vizzotti, sobre la Delta: &quot;No es todav\u00eda predominante pero ya est\u00e1 cerquita de ser comunitaria&quot; - Diario Textual\" \/>\n<meta property=\"og:description\" content=\"La ministra de Salud, Carla Vizzotti, asegur\u00f3 este lunes que si bien la circulaci\u00f3n de la variante Delta de coronavirus \u00abno es predominante\u00bb en la Argentina, \u00abya est\u00e1 cerquita de&hellip;\" \/>\n<meta property=\"og:url\" content=\"https:\/\/diariotextual.com\/inicio\/index.php\/2021\/08\/23\/vizzotti-sobre-la-delta-no-es-todavia-predominante-pero-ya-esta-cerquita-de-ser-comunitaria\/\" \/>\n<meta property=\"og:site_name\" content=\"Diario Textual\" \/>\n<meta property=\"article:publisher\" content=\"https:\/\/www.facebook.com\/eltextual\" \/>\n<meta property=\"article:published_time\" content=\"2021-08-23T16:21:00+00:00\" \/>\n<meta property=\"article:modified_time\" content=\"2021-08-23T19:39:06+00:00\" \/>\n<meta property=\"og:image\" content=\"https:\/\/diariotextual.com\/inicio\/wp-content\/uploads\/2021\/05\/vizzotticarlamayo2021.jpg\" \/>\n\t<meta property=\"og:image:width\" content=\"700\" \/>\n\t<meta property=\"og:image:height\" content=\"394\" \/>\n\t<meta property=\"og:image:type\" content=\"image\/jpeg\" \/>\n<meta name=\"author\" content=\"diario2\" \/>\n<meta name=\"twitter:card\" content=\"summary_large_image\" \/>\n<meta name=\"twitter:creator\" content=\"@eltextual\" \/>\n<meta name=\"twitter:site\" content=\"@eltextual\" \/>\n<meta name=\"twitter:label1\" content=\"Escrito por\" \/>\n\t<meta name=\"twitter:data1\" content=\"diario2\" \/>\n\t<meta name=\"twitter:label2\" content=\"Tiempo de lectura\" \/>\n\t<meta name=\"twitter:data2\" content=\"2 minutos\" \/>\n<script type=\"application\/ld+json\" class=\"yoast-schema-graph\">{\"@context\":\"https:\\\/\\\/schema.org\",\"@graph\":[{\"@type\":\"Article\",\"@id\":\"https:\\\/\\\/diariotextual.com\\\/inicio\\\/index.php\\\/2021\\\/08\\\/23\\\/vizzotti-sobre-la-delta-no-es-todavia-predominante-pero-ya-esta-cerquita-de-ser-comunitaria\\\/#article\",\"isPartOf\":{\"@id\":\"https:\\\/\\\/diariotextual.com\\\/inicio\\\/index.php\\\/2021\\\/08\\\/23\\\/vizzotti-sobre-la-delta-no-es-todavia-predominante-pero-ya-esta-cerquita-de-ser-comunitaria\\\/\"},\"author\":{\"name\":\"diario2\",\"@id\":\"https:\\\/\\\/diariotextual.com\\\/inicio\\\/#\\\/schema\\\/person\\\/694f60677f23c4a530867a98f22b3768\"},\"headline\":\"Vizzotti, sobre la Delta: \u00abNo es todav\u00eda predominante pero ya est\u00e1 cerquita de ser comunitaria\u00bb\",\"datePublished\":\"2021-08-23T16:21:00+00:00\",\"dateModified\":\"2021-08-23T19:39:06+00:00\",\"mainEntityOfPage\":{\"@id\":\"https:\\\/\\\/diariotextual.com\\\/inicio\\\/index.php\\\/2021\\\/08\\\/23\\\/vizzotti-sobre-la-delta-no-es-todavia-predominante-pero-ya-esta-cerquita-de-ser-comunitaria\\\/\"},\"wordCount\":295,\"publisher\":{\"@id\":\"https:\\\/\\\/diariotextual.com\\\/inicio\\\/#organization\"},\"image\":{\"@id\":\"https:\\\/\\\/diariotextual.com\\\/inicio\\\/index.php\\\/2021\\\/08\\\/23\\\/vizzotti-sobre-la-delta-no-es-todavia-predominante-pero-ya-esta-cerquita-de-ser-comunitaria\\\/#primaryimage\"},\"thumbnailUrl\":\"https:\\\/\\\/diariotextual.com\\\/inicio\\\/wp-content\\\/uploads\\\/2021\\\/05\\\/vizzotticarlamayo2021.jpg\",\"keywords\":[\"coronavirus\",\"covid\",\"delta\",\"vizzotti\"],\"articleSection\":[\"A - PORTADA2\",\"SOCIEDAD\"],\"inLanguage\":\"es\"},{\"@type\":\"WebPage\",\"@id\":\"https:\\\/\\\/diariotextual.com\\\/inicio\\\/index.php\\\/2021\\\/08\\\/23\\\/vizzotti-sobre-la-delta-no-es-todavia-predominante-pero-ya-esta-cerquita-de-ser-comunitaria\\\/\",\"url\":\"https:\\\/\\\/diariotextual.com\\\/inicio\\\/index.php\\\/2021\\\/08\\\/23\\\/vizzotti-sobre-la-delta-no-es-todavia-predominante-pero-ya-esta-cerquita-de-ser-comunitaria\\\/\",\"name\":\"Vizzotti, sobre la Delta: \\\"No es todav\u00eda predominante pero ya est\u00e1 cerquita de ser comunitaria\\\" - Diario Textual\",\"isPartOf\":{\"@id\":\"https:\\\/\\\/diariotextual.com\\\/inicio\\\/#website\"},\"primaryImageOfPage\":{\"@id\":\"https:\\\/\\\/diariotextual.com\\\/inicio\\\/index.php\\\/2021\\\/08\\\/23\\\/vizzotti-sobre-la-delta-no-es-todavia-predominante-pero-ya-esta-cerquita-de-ser-comunitaria\\\/#primaryimage\"},\"image\":{\"@id\":\"https:\\\/\\\/diariotextual.com\\\/inicio\\\/index.php\\\/2021\\\/08\\\/23\\\/vizzotti-sobre-la-delta-no-es-todavia-predominante-pero-ya-esta-cerquita-de-ser-comunitaria\\\/#primaryimage\"},\"thumbnailUrl\":\"https:\\\/\\\/diariotextual.com\\\/inicio\\\/wp-content\\\/uploads\\\/2021\\\/05\\\/vizzotticarlamayo2021.jpg\",\"datePublished\":\"2021-08-23T16:21:00+00:00\",\"dateModified\":\"2021-08-23T19:39:06+00:00\",\"breadcrumb\":{\"@id\":\"https:\\\/\\\/diariotextual.com\\\/inicio\\\/index.php\\\/2021\\\/08\\\/23\\\/vizzotti-sobre-la-delta-no-es-todavia-predominante-pero-ya-esta-cerquita-de-ser-comunitaria\\\/#breadcrumb\"},\"inLanguage\":\"es\",\"potentialAction\":[{\"@type\":\"ReadAction\",\"target\":[\"https:\\\/\\\/diariotextual.com\\\/inicio\\\/index.php\\\/2021\\\/08\\\/23\\\/vizzotti-sobre-la-delta-no-es-todavia-predominante-pero-ya-esta-cerquita-de-ser-comunitaria\\\/\"]}]},{\"@type\":\"ImageObject\",\"inLanguage\":\"es\",\"@id\":\"https:\\\/\\\/diariotextual.com\\\/inicio\\\/index.php\\\/2021\\\/08\\\/23\\\/vizzotti-sobre-la-delta-no-es-todavia-predominante-pero-ya-esta-cerquita-de-ser-comunitaria\\\/#primaryimage\",\"url\":\"https:\\\/\\\/diariotextual.com\\\/inicio\\\/wp-content\\\/uploads\\\/2021\\\/05\\\/vizzotticarlamayo2021.jpg\",\"contentUrl\":\"https:\\\/\\\/diariotextual.com\\\/inicio\\\/wp-content\\\/uploads\\\/2021\\\/05\\\/vizzotticarlamayo2021.jpg\",\"width\":700,\"height\":394},{\"@type\":\"BreadcrumbList\",\"@id\":\"https:\\\/\\\/diariotextual.com\\\/inicio\\\/index.php\\\/2021\\\/08\\\/23\\\/vizzotti-sobre-la-delta-no-es-todavia-predominante-pero-ya-esta-cerquita-de-ser-comunitaria\\\/#breadcrumb\",\"itemListElement\":[{\"@type\":\"ListItem\",\"position\":1,\"name\":\"Portada\",\"item\":\"https:\\\/\\\/diariotextual.com\\\/inicio\\\/\"},{\"@type\":\"ListItem\",\"position\":2,\"name\":\"Vizzotti, sobre la Delta: \u00abNo es todav\u00eda predominante pero ya est\u00e1 cerquita de ser comunitaria\u00bb\"}]},{\"@type\":\"WebSite\",\"@id\":\"https:\\\/\\\/diariotextual.com\\\/inicio\\\/#website\",\"url\":\"https:\\\/\\\/diariotextual.com\\\/inicio\\\/\",\"name\":\"Diario Textual\",\"description\":\"\",\"publisher\":{\"@id\":\"https:\\\/\\\/diariotextual.com\\\/inicio\\\/#organization\"},\"potentialAction\":[{\"@type\":\"SearchAction\",\"target\":{\"@type\":\"EntryPoint\",\"urlTemplate\":\"https:\\\/\\\/diariotextual.com\\\/inicio\\\/?s={search_term_string}\"},\"query-input\":{\"@type\":\"PropertyValueSpecification\",\"valueRequired\":true,\"valueName\":\"search_term_string\"}}],\"inLanguage\":\"es\"},{\"@type\":\"Organization\",\"@id\":\"https:\\\/\\\/diariotextual.com\\\/inicio\\\/#organization\",\"name\":\"Diario Textual\",\"url\":\"https:\\\/\\\/diariotextual.com\\\/inicio\\\/\",\"logo\":{\"@type\":\"ImageObject\",\"inLanguage\":\"es\",\"@id\":\"https:\\\/\\\/diariotextual.com\\\/inicio\\\/#\\\/schema\\\/logo\\\/image\\\/\",\"url\":\"https:\\\/\\\/diariotextual.com\\\/inicio\\\/wp-content\\\/uploads\\\/2023\\\/05\\\/logotextual1.jpg\",\"contentUrl\":\"https:\\\/\\\/diariotextual.com\\\/inicio\\\/wp-content\\\/uploads\\\/2023\\\/05\\\/logotextual1.jpg\",\"width\":516,\"height\":76,\"caption\":\"Diario Textual\"},\"image\":{\"@id\":\"https:\\\/\\\/diariotextual.com\\\/inicio\\\/#\\\/schema\\\/logo\\\/image\\\/\"},\"sameAs\":[\"https:\\\/\\\/www.facebook.com\\\/eltextual\",\"https:\\\/\\\/x.com\\\/eltextual\",\"http:\\\/\\\/www.instagram.com\\\/eltextual\"]},{\"@type\":\"Person\",\"@id\":\"https:\\\/\\\/diariotextual.com\\\/inicio\\\/#\\\/schema\\\/person\\\/694f60677f23c4a530867a98f22b3768\",\"name\":\"diario2\",\"image\":{\"@type\":\"ImageObject\",\"inLanguage\":\"es\",\"@id\":\"https:\\\/\\\/secure.gravatar.com\\\/avatar\\\/5a2567495ba16b852fcd8f1ed006a2e24fcace936018ed8237e95f488ad6e0a7?s=96&d=mm&r=g\",\"url\":\"https:\\\/\\\/secure.gravatar.com\\\/avatar\\\/5a2567495ba16b852fcd8f1ed006a2e24fcace936018ed8237e95f488ad6e0a7?s=96&d=mm&r=g\",\"contentUrl\":\"https:\\\/\\\/secure.gravatar.com\\\/avatar\\\/5a2567495ba16b852fcd8f1ed006a2e24fcace936018ed8237e95f488ad6e0a7?s=96&d=mm&r=g\",\"caption\":\"diario2\"},\"url\":\"https:\\\/\\\/diariotextual.com\\\/inicio\\\/index.php\\\/author\\\/diario2\\\/\"}]}<\/script>\n<!-- \/ Yoast SEO plugin. -->","yoast_head_json":{"title":"Vizzotti, sobre la Delta: \"No es todav\u00eda predominante pero ya est\u00e1 cerquita de ser comunitaria\" - Diario Textual","robots":{"index":"index","follow":"follow","max-snippet":"max-snippet:-1","max-image-preview":"max-image-preview:large","max-video-preview":"max-video-preview:-1"},"canonical":"https:\/\/diariotextual.com\/inicio\/index.php\/2021\/08\/23\/vizzotti-sobre-la-delta-no-es-todavia-predominante-pero-ya-esta-cerquita-de-ser-comunitaria\/","og_locale":"es_ES","og_type":"article","og_title":"Vizzotti, sobre la Delta: \"No es todav\u00eda predominante pero ya est\u00e1 cerquita de ser comunitaria\" - Diario Textual","og_description":"La ministra de Salud, Carla Vizzotti, asegur\u00f3 este lunes que si bien la circulaci\u00f3n de la variante Delta de coronavirus \u00abno es predominante\u00bb en la Argentina, \u00abya est\u00e1 cerquita de&hellip;","og_url":"https:\/\/diariotextual.com\/inicio\/index.php\/2021\/08\/23\/vizzotti-sobre-la-delta-no-es-todavia-predominante-pero-ya-esta-cerquita-de-ser-comunitaria\/","og_site_name":"Diario Textual","article_publisher":"https:\/\/www.facebook.com\/eltextual","article_published_time":"2021-08-23T16:21:00+00:00","article_modified_time":"2021-08-23T19:39:06+00:00","og_image":[{"width":700,"height":394,"url":"https:\/\/diariotextual.com\/inicio\/wp-content\/uploads\/2021\/05\/vizzotticarlamayo2021.jpg","type":"image\/jpeg"}],"author":"diario2","twitter_card":"summary_large_image","twitter_creator":"@eltextual","twitter_site":"@eltextual","twitter_misc":{"Escrito por":"diario2","Tiempo de lectura":"2 minutos"},"schema":{"@context":"https:\/\/schema.org","@graph":[{"@type":"Article","@id":"https:\/\/diariotextual.com\/inicio\/index.php\/2021\/08\/23\/vizzotti-sobre-la-delta-no-es-todavia-predominante-pero-ya-esta-cerquita-de-ser-comunitaria\/#article","isPartOf":{"@id":"https:\/\/diariotextual.com\/inicio\/index.php\/2021\/08\/23\/vizzotti-sobre-la-delta-no-es-todavia-predominante-pero-ya-esta-cerquita-de-ser-comunitaria\/"},"author":{"name":"diario2","@id":"https:\/\/diariotextual.com\/inicio\/#\/schema\/person\/694f60677f23c4a530867a98f22b3768"},"headline":"Vizzotti, sobre la Delta: \u00abNo es todav\u00eda predominante pero ya est\u00e1 cerquita de ser comunitaria\u00bb","datePublished":"2021-08-23T16:21:00+00:00","dateModified":"2021-08-23T19:39:06+00:00","mainEntityOfPage":{"@id":"https:\/\/diariotextual.com\/inicio\/index.php\/2021\/08\/23\/vizzotti-sobre-la-delta-no-es-todavia-predominante-pero-ya-esta-cerquita-de-ser-comunitaria\/"},"wordCount":295,"publisher":{"@id":"https:\/\/diariotextual.com\/inicio\/#organization"},"image":{"@id":"https:\/\/diariotextual.com\/inicio\/index.php\/2021\/08\/23\/vizzotti-sobre-la-delta-no-es-todavia-predominante-pero-ya-esta-cerquita-de-ser-comunitaria\/#primaryimage"},"thumbnailUrl":"https:\/\/diariotextual.com\/inicio\/wp-content\/uploads\/2021\/05\/vizzotticarlamayo2021.jpg","keywords":["coronavirus","covid","delta","vizzotti"],"articleSection":["A - PORTADA2","SOCIEDAD"],"inLanguage":"es"},{"@type":"WebPage","@id":"https:\/\/diariotextual.com\/inicio\/index.php\/2021\/08\/23\/vizzotti-sobre-la-delta-no-es-todavia-predominante-pero-ya-esta-cerquita-de-ser-comunitaria\/","url":"https:\/\/diariotextual.com\/inicio\/index.php\/2021\/08\/23\/vizzotti-sobre-la-delta-no-es-todavia-predominante-pero-ya-esta-cerquita-de-ser-comunitaria\/","name":"Vizzotti, sobre la Delta: \"No es todav\u00eda predominante pero ya est\u00e1 cerquita de ser comunitaria\" - Diario Textual","isPartOf":{"@id":"https:\/\/diariotextual.com\/inicio\/#website"},"primaryImageOfPage":{"@id":"https:\/\/diariotextual.com\/inicio\/index.php\/2021\/08\/23\/vizzotti-sobre-la-delta-no-es-todavia-predominante-pero-ya-esta-cerquita-de-ser-comunitaria\/#primaryimage"},"image":{"@id":"https:\/\/diariotextual.com\/inicio\/index.php\/2021\/08\/23\/vizzotti-sobre-la-delta-no-es-todavia-predominante-pero-ya-esta-cerquita-de-ser-comunitaria\/#primaryimage"},"thumbnailUrl":"https:\/\/diariotextual.com\/inicio\/wp-content\/uploads\/2021\/05\/vizzotticarlamayo2021.jpg","datePublished":"2021-08-23T16:21:00+00:00","dateModified":"2021-08-23T19:39:06+00:00","breadcrumb":{"@id":"https:\/\/diariotextual.com\/inicio\/index.php\/2021\/08\/23\/vizzotti-sobre-la-delta-no-es-todavia-predominante-pero-ya-esta-cerquita-de-ser-comunitaria\/#breadcrumb"},"inLanguage":"es","potentialAction":[{"@type":"ReadAction","target":["https:\/\/diariotextual.com\/inicio\/index.php\/2021\/08\/23\/vizzotti-sobre-la-delta-no-es-todavia-predominante-pero-ya-esta-cerquita-de-ser-comunitaria\/"]}]},{"@type":"ImageObject","inLanguage":"es","@id":"https:\/\/diariotextual.com\/inicio\/index.php\/2021\/08\/23\/vizzotti-sobre-la-delta-no-es-todavia-predominante-pero-ya-esta-cerquita-de-ser-comunitaria\/#primaryimage","url":"https:\/\/diariotextual.com\/inicio\/wp-content\/uploads\/2021\/05\/vizzotticarlamayo2021.jpg","contentUrl":"https:\/\/diariotextual.com\/inicio\/wp-content\/uploads\/2021\/05\/vizzotticarlamayo2021.jpg","width":700,"height":394},{"@type":"BreadcrumbList","@id":"https:\/\/diariotextual.com\/inicio\/index.php\/2021\/08\/23\/vizzotti-sobre-la-delta-no-es-todavia-predominante-pero-ya-esta-cerquita-de-ser-comunitaria\/#breadcrumb","itemListElement":[{"@type":"ListItem","position":1,"name":"Portada","item":"https:\/\/diariotextual.com\/inicio\/"},{"@type":"ListItem","position":2,"name":"Vizzotti, sobre la Delta: \u00abNo es todav\u00eda predominante pero ya est\u00e1 cerquita de ser comunitaria\u00bb"}]},{"@type":"WebSite","@id":"https:\/\/diariotextual.com\/inicio\/#website","url":"https:\/\/diariotextual.com\/inicio\/","name":"Diario Textual","description":"","publisher":{"@id":"https:\/\/diariotextual.com\/inicio\/#organization"},"potentialAction":[{"@type":"SearchAction","target":{"@type":"EntryPoint","urlTemplate":"https:\/\/diariotextual.com\/inicio\/?s={search_term_string}"},"query-input":{"@type":"PropertyValueSpecification","valueRequired":true,"valueName":"search_term_string"}}],"inLanguage":"es"},{"@type":"Organization","@id":"https:\/\/diariotextual.com\/inicio\/#organization","name":"Diario Textual","url":"https:\/\/diariotextual.com\/inicio\/","logo":{"@type":"ImageObject","inLanguage":"es","@id":"https:\/\/diariotextual.com\/inicio\/#\/schema\/logo\/image\/","url":"https:\/\/diariotextual.com\/inicio\/wp-content\/uploads\/2023\/05\/logotextual1.jpg","contentUrl":"https:\/\/diariotextual.com\/inicio\/wp-content\/uploads\/2023\/05\/logotextual1.jpg","width":516,"height":76,"caption":"Diario Textual"},"image":{"@id":"https:\/\/diariotextual.com\/inicio\/#\/schema\/logo\/image\/"},"sameAs":["https:\/\/www.facebook.com\/eltextual","https:\/\/x.com\/eltextual","http:\/\/www.instagram.com\/eltextual"]},{"@type":"Person","@id":"https:\/\/diariotextual.com\/inicio\/#\/schema\/person\/694f60677f23c4a530867a98f22b3768","name":"diario2","image":{"@type":"ImageObject","inLanguage":"es","@id":"https:\/\/secure.gravatar.com\/avatar\/5a2567495ba16b852fcd8f1ed006a2e24fcace936018ed8237e95f488ad6e0a7?s=96&d=mm&r=g","url":"https:\/\/secure.gravatar.com\/avatar\/5a2567495ba16b852fcd8f1ed006a2e24fcace936018ed8237e95f488ad6e0a7?s=96&d=mm&r=g","contentUrl":"https:\/\/secure.gravatar.com\/avatar\/5a2567495ba16b852fcd8f1ed006a2e24fcace936018ed8237e95f488ad6e0a7?s=96&d=mm&r=g","caption":"diario2"},"url":"https:\/\/diariotextual.com\/inicio\/index.php\/author\/diario2\/"}]}},"_links":{"self":[{"href":"https:\/\/diariotextual.com\/inicio\/index.php\/wp-json\/wp\/v2\/posts\/158761","targetHints":{"allow":["GET"]}}],"collection":[{"href":"https:\/\/diariotextual.com\/inicio\/index.php\/wp-json\/wp\/v2\/posts"}],"about":[{"href":"https:\/\/diariotextual.com\/inicio\/index.php\/wp-json\/wp\/v2\/types\/post"}],"author":[{"embeddable":true,"href":"https:\/\/diariotextual.com\/inicio\/index.php\/wp-json\/wp\/v2\/users\/4"}],"replies":[{"embeddable":true,"href":"https:\/\/diariotextual.com\/inicio\/index.php\/wp-json\/wp\/v2\/comments?post=158761"}],"version-history":[{"count":1,"href":"https:\/\/diariotextual.com\/inicio\/index.php\/wp-json\/wp\/v2\/posts\/158761\/revisions"}],"predecessor-version":[{"id":158762,"href":"https:\/\/diariotextual.com\/inicio\/index.php\/wp-json\/wp\/v2\/posts\/158761\/revisions\/158762"}],"wp:featuredmedia":[{"embeddable":true,"href":"https:\/\/diariotextual.com\/inicio\/index.php\/wp-json\/wp\/v2\/media\/146921"}],"wp:attachment":[{"href":"https:\/\/diariotextual.com\/inicio\/index.php\/wp-json\/wp\/v2\/media?parent=158761"}],"wp:term":[{"taxonomy":"category","embeddable":true,"href":"https:\/\/diariotextual.com\/inicio\/index.php\/wp-json\/wp\/v2\/categories?post=158761"},{"taxonomy":"post_tag","embeddable":true,"href":"https:\/\/diariotextual.com\/inicio\/index.php\/wp-json\/wp\/v2\/tags?post=158761"}],"curies":[{"name":"wp","href":"https:\/\/api.w.org\/{rel}","templated":true}]}}