{"id":158769,"date":"2021-08-23T14:56:56","date_gmt":"2021-08-23T17:56:56","guid":{"rendered":"https:\/\/diariotextual.com\/inicio\/?p=158769"},"modified":"2021-08-23T17:30:48","modified_gmt":"2021-08-23T20:30:48","slug":"se-aumento-la-cantidad-de-personas-que-pueden-viajar-en-transporte-de-larga-distancia","status":"publish","type":"post","link":"https:\/\/diariotextual.com\/inicio\/index.php\/2021\/08\/23\/se-aumento-la-cantidad-de-personas-que-pueden-viajar-en-transporte-de-larga-distancia\/","title":{"rendered":"Se aument\u00f3 la cantidad de personas que pueden viajar en transporte de larga distancia"},"content":{"rendered":"\n<p>El <strong>Ministerio de Transporte aument\u00f3 hoy la cantidad de personas que pueden viajar<\/strong> en los servicios de transporte de larga distancia, elevando la <strong>capacidad de ocupaci\u00f3n a un 80 por ciento,<\/strong> seg\u00fan la Resoluci\u00f3n 289\/2021, publicada hoy en el Bolet\u00edn Oficial.<\/p>\n\n\n\n<p>\u201cLos veh\u00edculos afectados a la prestaci\u00f3n de servicios de transporte automotor interurbano de pasajeros que respondan a las caracter\u00edsticas t\u00e9cnicas de las categor\u00edas<strong> Com\u00fan, Com\u00fan con Aire y Semi Cama deber\u00e1n limitar su capacidad de ocupaci\u00f3n al ochenta por ciento (80%)<\/strong> de la cantidad de butacas disponibles para cada tipo de veh\u00edculo, no admiti\u00e9ndose en ning\u00fan caso pasajeros de pie\u201d, detall\u00f3 la resoluci\u00f3n que lleva la firma del titular de la cartera, Alexis Guerrera.<\/p>\n\n\n\n<p>Y se agreg\u00f3 que las unidades afectadas a los servicios de transporte automotor interurbano de pasajeros correspondientes a las <strong>categor\u00edas Cama Ejecutivo y Cama Suite, podr\u00e1n tener plena ocupaci\u00f3n de sus butacas, no admiti\u00e9ndose en ning\u00fan caso pasajeros de pie.<\/strong><\/p>\n\n\n\n<p>\u201cEn el <strong>transporte ferroviario interurbano de pasajeros, deber\u00e1 limitarse la capacidad de ocupaci\u00f3n al ochenta por ciento (80%) por cada coche en servicio<\/strong>\u201d, remarc\u00f3 otro p\u00e1rrafo y se advierte que en todos los casos deber\u00e1n extremarse las medidas para un mejor distanciamiento social en el interior de los veh\u00edculos.<\/p>\n\n\n\n<p>En los considerandos de la medida se hace menci\u00f3n a que el Decreto de Necesidad y Urgencia N\u00ba 494\/21 toma en cuenta en sus considerandos al \u201cinmenso trabajo de fortalecimiento del sistema de salud realizado desde marzo de 2020 y que contin\u00faa en la actualidad\u201d.<\/p>\n\n\n\n<p>Tambi\u00e9n indic\u00f3 que la medida tomada se basa en que se ha fortalecido \u201cel sistema de salud\u201d y pudo \u201cdar respuesta\u201d, sin saturarse y a que en la actualidad avanza el plan de vacunaci\u00f3n en las 24 jurisdicciones del pa\u00eds, con casi \u201cel 80% de los mayores de 18 a\u00f1os con al menos 1 dosis de vacuna contra el coronavirus y m\u00e1s del 50% de los mayores de 60 a\u00f1os con 2 dosis de vacuna\u201d.<\/p>\n\n\n\n<p>Destac\u00f3 adem\u00e1s que \u201cla incidencia de casos dej\u00f3 de ser un indicador sensible de la situaci\u00f3n sanitaria\u201d y que la alarma epidemiol\u00f3gica y sanitaria estar\u00e1 dada por la ocupaci\u00f3n de camas totales de terapia intensiva cuando sea superior al 80%, y cuando la variaci\u00f3n porcentual del n\u00famero de pacientes internados en UTI por Covid-19 de los \u00faltimos 7 d\u00edas, respecto de los 7 d\u00edas anteriores, sea superior al 20%.<\/p>\n\n\n\n<p>Adem\u00e1s, se detall\u00f3 que en el caso de implementarse medidas ante situaci\u00f3n de alarma epidemiol\u00f3gica y sanitaria, ser\u00e1n \u201cpor un per\u00edodo de tiempo corto y focalizadas\u201d.<\/p>\n","protected":false},"excerpt":{"rendered":"<p>El Ministerio de Transporte aument\u00f3 hoy la cantidad de personas que pueden viajar en los servicios de transporte de larga distancia, elevando la capacidad de ocupaci\u00f3n a un 80 por&hellip;<\/p>\n","protected":false},"author":5,"featured_media":158770,"comment_status":"closed","ping_status":"open","sticky":false,"template":"","format":"standard","meta":{"_acf_changed":false,"footnotes":""},"categories":[10,12],"tags":[],"class_list":["post-158769","post","type-post","status-publish","format-standard","has-post-thumbnail","hentry","category-portada-2","category-sociedad"],"acf":[],"yoast_head":"<!-- This site is optimized with the Yoast SEO plugin v27.5 - https:\/\/yoast.com\/product\/yoast-seo-wordpress\/ -->\n<title>Se aument\u00f3 la cantidad de personas que pueden viajar en transporte de larga distancia - Diario Textual<\/title>\n<meta name=\"robots\" content=\"index, follow, max-snippet:-1, max-image-preview:large, max-video-preview:-1\" \/>\n<link rel=\"canonical\" href=\"https:\/\/diariotextual.com\/inicio\/index.php\/2021\/08\/23\/se-aumento-la-cantidad-de-personas-que-pueden-viajar-en-transporte-de-larga-distancia\/\" \/>\n<meta property=\"og:locale\" content=\"es_ES\" \/>\n<meta property=\"og:type\" content=\"article\" \/>\n<meta property=\"og:title\" content=\"Se aument\u00f3 la cantidad de personas que pueden viajar en transporte de larga distancia - Diario Textual\" \/>\n<meta property=\"og:description\" content=\"El Ministerio de Transporte aument\u00f3 hoy la cantidad de personas que pueden viajar en los servicios de transporte de larga distancia, elevando la capacidad de ocupaci\u00f3n a un 80 por&hellip;\" \/>\n<meta property=\"og:url\" content=\"https:\/\/diariotextual.com\/inicio\/index.php\/2021\/08\/23\/se-aumento-la-cantidad-de-personas-que-pueden-viajar-en-transporte-de-larga-distancia\/\" \/>\n<meta property=\"og:site_name\" content=\"Diario Textual\" \/>\n<meta property=\"article:publisher\" content=\"https:\/\/www.facebook.com\/eltextual\" \/>\n<meta property=\"article:published_time\" content=\"2021-08-23T17:56:56+00:00\" \/>\n<meta property=\"article:modified_time\" content=\"2021-08-23T20:30:48+00:00\" \/>\n<meta property=\"og:image\" content=\"https:\/\/diariotextual.com\/inicio\/wp-content\/uploads\/2021\/08\/transportelargadistanciacovid.jpg\" \/>\n\t<meta property=\"og:image:width\" content=\"540\" \/>\n\t<meta property=\"og:image:height\" content=\"362\" \/>\n\t<meta property=\"og:image:type\" content=\"image\/jpeg\" \/>\n<meta name=\"author\" content=\"diario3\" \/>\n<meta name=\"twitter:card\" content=\"summary_large_image\" \/>\n<meta name=\"twitter:creator\" content=\"@eltextual\" \/>\n<meta name=\"twitter:site\" content=\"@eltextual\" \/>\n<meta name=\"twitter:label1\" content=\"Escrito por\" \/>\n\t<meta name=\"twitter:data1\" content=\"diario3\" \/>\n\t<meta name=\"twitter:label2\" content=\"Tiempo de lectura\" \/>\n\t<meta name=\"twitter:data2\" content=\"2 minutos\" \/>\n<script type=\"application\/ld+json\" class=\"yoast-schema-graph\">{\"@context\":\"https:\\\/\\\/schema.org\",\"@graph\":[{\"@type\":\"Article\",\"@id\":\"https:\\\/\\\/diariotextual.com\\\/inicio\\\/index.php\\\/2021\\\/08\\\/23\\\/se-aumento-la-cantidad-de-personas-que-pueden-viajar-en-transporte-de-larga-distancia\\\/#article\",\"isPartOf\":{\"@id\":\"https:\\\/\\\/diariotextual.com\\\/inicio\\\/index.php\\\/2021\\\/08\\\/23\\\/se-aumento-la-cantidad-de-personas-que-pueden-viajar-en-transporte-de-larga-distancia\\\/\"},\"author\":{\"name\":\"diario3\",\"@id\":\"https:\\\/\\\/diariotextual.com\\\/inicio\\\/#\\\/schema\\\/person\\\/a1b6f563e0ee944c60f98119389a4d9f\"},\"headline\":\"Se aument\u00f3 la cantidad de personas que pueden viajar en transporte de larga distancia\",\"datePublished\":\"2021-08-23T17:56:56+00:00\",\"dateModified\":\"2021-08-23T20:30:48+00:00\",\"mainEntityOfPage\":{\"@id\":\"https:\\\/\\\/diariotextual.com\\\/inicio\\\/index.php\\\/2021\\\/08\\\/23\\\/se-aumento-la-cantidad-de-personas-que-pueden-viajar-en-transporte-de-larga-distancia\\\/\"},\"wordCount\":463,\"publisher\":{\"@id\":\"https:\\\/\\\/diariotextual.com\\\/inicio\\\/#organization\"},\"image\":{\"@id\":\"https:\\\/\\\/diariotextual.com\\\/inicio\\\/index.php\\\/2021\\\/08\\\/23\\\/se-aumento-la-cantidad-de-personas-que-pueden-viajar-en-transporte-de-larga-distancia\\\/#primaryimage\"},\"thumbnailUrl\":\"https:\\\/\\\/diariotextual.com\\\/inicio\\\/wp-content\\\/uploads\\\/2021\\\/08\\\/transportelargadistanciacovid.jpg\",\"articleSection\":[\"A - PORTADA2\",\"SOCIEDAD\"],\"inLanguage\":\"es\"},{\"@type\":\"WebPage\",\"@id\":\"https:\\\/\\\/diariotextual.com\\\/inicio\\\/index.php\\\/2021\\\/08\\\/23\\\/se-aumento-la-cantidad-de-personas-que-pueden-viajar-en-transporte-de-larga-distancia\\\/\",\"url\":\"https:\\\/\\\/diariotextual.com\\\/inicio\\\/index.php\\\/2021\\\/08\\\/23\\\/se-aumento-la-cantidad-de-personas-que-pueden-viajar-en-transporte-de-larga-distancia\\\/\",\"name\":\"Se aument\u00f3 la cantidad de personas que pueden viajar en transporte de larga distancia - Diario Textual\",\"isPartOf\":{\"@id\":\"https:\\\/\\\/diariotextual.com\\\/inicio\\\/#website\"},\"primaryImageOfPage\":{\"@id\":\"https:\\\/\\\/diariotextual.com\\\/inicio\\\/index.php\\\/2021\\\/08\\\/23\\\/se-aumento-la-cantidad-de-personas-que-pueden-viajar-en-transporte-de-larga-distancia\\\/#primaryimage\"},\"image\":{\"@id\":\"https:\\\/\\\/diariotextual.com\\\/inicio\\\/index.php\\\/2021\\\/08\\\/23\\\/se-aumento-la-cantidad-de-personas-que-pueden-viajar-en-transporte-de-larga-distancia\\\/#primaryimage\"},\"thumbnailUrl\":\"https:\\\/\\\/diariotextual.com\\\/inicio\\\/wp-content\\\/uploads\\\/2021\\\/08\\\/transportelargadistanciacovid.jpg\",\"datePublished\":\"2021-08-23T17:56:56+00:00\",\"dateModified\":\"2021-08-23T20:30:48+00:00\",\"breadcrumb\":{\"@id\":\"https:\\\/\\\/diariotextual.com\\\/inicio\\\/index.php\\\/2021\\\/08\\\/23\\\/se-aumento-la-cantidad-de-personas-que-pueden-viajar-en-transporte-de-larga-distancia\\\/#breadcrumb\"},\"inLanguage\":\"es\",\"potentialAction\":[{\"@type\":\"ReadAction\",\"target\":[\"https:\\\/\\\/diariotextual.com\\\/inicio\\\/index.php\\\/2021\\\/08\\\/23\\\/se-aumento-la-cantidad-de-personas-que-pueden-viajar-en-transporte-de-larga-distancia\\\/\"]}]},{\"@type\":\"ImageObject\",\"inLanguage\":\"es\",\"@id\":\"https:\\\/\\\/diariotextual.com\\\/inicio\\\/index.php\\\/2021\\\/08\\\/23\\\/se-aumento-la-cantidad-de-personas-que-pueden-viajar-en-transporte-de-larga-distancia\\\/#primaryimage\",\"url\":\"https:\\\/\\\/diariotextual.com\\\/inicio\\\/wp-content\\\/uploads\\\/2021\\\/08\\\/transportelargadistanciacovid.jpg\",\"contentUrl\":\"https:\\\/\\\/diariotextual.com\\\/inicio\\\/wp-content\\\/uploads\\\/2021\\\/08\\\/transportelargadistanciacovid.jpg\",\"width\":540,\"height\":362},{\"@type\":\"BreadcrumbList\",\"@id\":\"https:\\\/\\\/diariotextual.com\\\/inicio\\\/index.php\\\/2021\\\/08\\\/23\\\/se-aumento-la-cantidad-de-personas-que-pueden-viajar-en-transporte-de-larga-distancia\\\/#breadcrumb\",\"itemListElement\":[{\"@type\":\"ListItem\",\"position\":1,\"name\":\"Portada\",\"item\":\"https:\\\/\\\/diariotextual.com\\\/inicio\\\/\"},{\"@type\":\"ListItem\",\"position\":2,\"name\":\"Se aument\u00f3 la cantidad de personas que pueden viajar en transporte de larga distancia\"}]},{\"@type\":\"WebSite\",\"@id\":\"https:\\\/\\\/diariotextual.com\\\/inicio\\\/#website\",\"url\":\"https:\\\/\\\/diariotextual.com\\\/inicio\\\/\",\"name\":\"Diario Textual\",\"description\":\"\",\"publisher\":{\"@id\":\"https:\\\/\\\/diariotextual.com\\\/inicio\\\/#organization\"},\"potentialAction\":[{\"@type\":\"SearchAction\",\"target\":{\"@type\":\"EntryPoint\",\"urlTemplate\":\"https:\\\/\\\/diariotextual.com\\\/inicio\\\/?s={search_term_string}\"},\"query-input\":{\"@type\":\"PropertyValueSpecification\",\"valueRequired\":true,\"valueName\":\"search_term_string\"}}],\"inLanguage\":\"es\"},{\"@type\":\"Organization\",\"@id\":\"https:\\\/\\\/diariotextual.com\\\/inicio\\\/#organization\",\"name\":\"Diario Textual\",\"url\":\"https:\\\/\\\/diariotextual.com\\\/inicio\\\/\",\"logo\":{\"@type\":\"ImageObject\",\"inLanguage\":\"es\",\"@id\":\"https:\\\/\\\/diariotextual.com\\\/inicio\\\/#\\\/schema\\\/logo\\\/image\\\/\",\"url\":\"https:\\\/\\\/diariotextual.com\\\/inicio\\\/wp-content\\\/uploads\\\/2023\\\/05\\\/logotextual1.jpg\",\"contentUrl\":\"https:\\\/\\\/diariotextual.com\\\/inicio\\\/wp-content\\\/uploads\\\/2023\\\/05\\\/logotextual1.jpg\",\"width\":516,\"height\":76,\"caption\":\"Diario Textual\"},\"image\":{\"@id\":\"https:\\\/\\\/diariotextual.com\\\/inicio\\\/#\\\/schema\\\/logo\\\/image\\\/\"},\"sameAs\":[\"https:\\\/\\\/www.facebook.com\\\/eltextual\",\"https:\\\/\\\/x.com\\\/eltextual\",\"http:\\\/\\\/www.instagram.com\\\/eltextual\"]},{\"@type\":\"Person\",\"@id\":\"https:\\\/\\\/diariotextual.com\\\/inicio\\\/#\\\/schema\\\/person\\\/a1b6f563e0ee944c60f98119389a4d9f\",\"name\":\"diario3\",\"image\":{\"@type\":\"ImageObject\",\"inLanguage\":\"es\",\"@id\":\"https:\\\/\\\/secure.gravatar.com\\\/avatar\\\/5e7ee62c82fc04d9dd79d746a390d93c69c43223e5faeeb3ea9461ef752bfc5d?s=96&d=mm&r=g\",\"url\":\"https:\\\/\\\/secure.gravatar.com\\\/avatar\\\/5e7ee62c82fc04d9dd79d746a390d93c69c43223e5faeeb3ea9461ef752bfc5d?s=96&d=mm&r=g\",\"contentUrl\":\"https:\\\/\\\/secure.gravatar.com\\\/avatar\\\/5e7ee62c82fc04d9dd79d746a390d93c69c43223e5faeeb3ea9461ef752bfc5d?s=96&d=mm&r=g\",\"caption\":\"diario3\"},\"url\":\"https:\\\/\\\/diariotextual.com\\\/inicio\\\/index.php\\\/author\\\/diario3\\\/\"}]}<\/script>\n<!-- \/ Yoast SEO plugin. -->","yoast_head_json":{"title":"Se aument\u00f3 la cantidad de personas que pueden viajar en transporte de larga distancia - Diario Textual","robots":{"index":"index","follow":"follow","max-snippet":"max-snippet:-1","max-image-preview":"max-image-preview:large","max-video-preview":"max-video-preview:-1"},"canonical":"https:\/\/diariotextual.com\/inicio\/index.php\/2021\/08\/23\/se-aumento-la-cantidad-de-personas-que-pueden-viajar-en-transporte-de-larga-distancia\/","og_locale":"es_ES","og_type":"article","og_title":"Se aument\u00f3 la cantidad de personas que pueden viajar en transporte de larga distancia - Diario Textual","og_description":"El Ministerio de Transporte aument\u00f3 hoy la cantidad de personas que pueden viajar en los servicios de transporte de larga distancia, elevando la capacidad de ocupaci\u00f3n a un 80 por&hellip;","og_url":"https:\/\/diariotextual.com\/inicio\/index.php\/2021\/08\/23\/se-aumento-la-cantidad-de-personas-que-pueden-viajar-en-transporte-de-larga-distancia\/","og_site_name":"Diario Textual","article_publisher":"https:\/\/www.facebook.com\/eltextual","article_published_time":"2021-08-23T17:56:56+00:00","article_modified_time":"2021-08-23T20:30:48+00:00","og_image":[{"width":540,"height":362,"url":"https:\/\/diariotextual.com\/inicio\/wp-content\/uploads\/2021\/08\/transportelargadistanciacovid.jpg","type":"image\/jpeg"}],"author":"diario3","twitter_card":"summary_large_image","twitter_creator":"@eltextual","twitter_site":"@eltextual","twitter_misc":{"Escrito por":"diario3","Tiempo de lectura":"2 minutos"},"schema":{"@context":"https:\/\/schema.org","@graph":[{"@type":"Article","@id":"https:\/\/diariotextual.com\/inicio\/index.php\/2021\/08\/23\/se-aumento-la-cantidad-de-personas-que-pueden-viajar-en-transporte-de-larga-distancia\/#article","isPartOf":{"@id":"https:\/\/diariotextual.com\/inicio\/index.php\/2021\/08\/23\/se-aumento-la-cantidad-de-personas-que-pueden-viajar-en-transporte-de-larga-distancia\/"},"author":{"name":"diario3","@id":"https:\/\/diariotextual.com\/inicio\/#\/schema\/person\/a1b6f563e0ee944c60f98119389a4d9f"},"headline":"Se aument\u00f3 la cantidad de personas que pueden viajar en transporte de larga distancia","datePublished":"2021-08-23T17:56:56+00:00","dateModified":"2021-08-23T20:30:48+00:00","mainEntityOfPage":{"@id":"https:\/\/diariotextual.com\/inicio\/index.php\/2021\/08\/23\/se-aumento-la-cantidad-de-personas-que-pueden-viajar-en-transporte-de-larga-distancia\/"},"wordCount":463,"publisher":{"@id":"https:\/\/diariotextual.com\/inicio\/#organization"},"image":{"@id":"https:\/\/diariotextual.com\/inicio\/index.php\/2021\/08\/23\/se-aumento-la-cantidad-de-personas-que-pueden-viajar-en-transporte-de-larga-distancia\/#primaryimage"},"thumbnailUrl":"https:\/\/diariotextual.com\/inicio\/wp-content\/uploads\/2021\/08\/transportelargadistanciacovid.jpg","articleSection":["A - PORTADA2","SOCIEDAD"],"inLanguage":"es"},{"@type":"WebPage","@id":"https:\/\/diariotextual.com\/inicio\/index.php\/2021\/08\/23\/se-aumento-la-cantidad-de-personas-que-pueden-viajar-en-transporte-de-larga-distancia\/","url":"https:\/\/diariotextual.com\/inicio\/index.php\/2021\/08\/23\/se-aumento-la-cantidad-de-personas-que-pueden-viajar-en-transporte-de-larga-distancia\/","name":"Se aument\u00f3 la cantidad de personas que pueden viajar en transporte de larga distancia - Diario Textual","isPartOf":{"@id":"https:\/\/diariotextual.com\/inicio\/#website"},"primaryImageOfPage":{"@id":"https:\/\/diariotextual.com\/inicio\/index.php\/2021\/08\/23\/se-aumento-la-cantidad-de-personas-que-pueden-viajar-en-transporte-de-larga-distancia\/#primaryimage"},"image":{"@id":"https:\/\/diariotextual.com\/inicio\/index.php\/2021\/08\/23\/se-aumento-la-cantidad-de-personas-que-pueden-viajar-en-transporte-de-larga-distancia\/#primaryimage"},"thumbnailUrl":"https:\/\/diariotextual.com\/inicio\/wp-content\/uploads\/2021\/08\/transportelargadistanciacovid.jpg","datePublished":"2021-08-23T17:56:56+00:00","dateModified":"2021-08-23T20:30:48+00:00","breadcrumb":{"@id":"https:\/\/diariotextual.com\/inicio\/index.php\/2021\/08\/23\/se-aumento-la-cantidad-de-personas-que-pueden-viajar-en-transporte-de-larga-distancia\/#breadcrumb"},"inLanguage":"es","potentialAction":[{"@type":"ReadAction","target":["https:\/\/diariotextual.com\/inicio\/index.php\/2021\/08\/23\/se-aumento-la-cantidad-de-personas-que-pueden-viajar-en-transporte-de-larga-distancia\/"]}]},{"@type":"ImageObject","inLanguage":"es","@id":"https:\/\/diariotextual.com\/inicio\/index.php\/2021\/08\/23\/se-aumento-la-cantidad-de-personas-que-pueden-viajar-en-transporte-de-larga-distancia\/#primaryimage","url":"https:\/\/diariotextual.com\/inicio\/wp-content\/uploads\/2021\/08\/transportelargadistanciacovid.jpg","contentUrl":"https:\/\/diariotextual.com\/inicio\/wp-content\/uploads\/2021\/08\/transportelargadistanciacovid.jpg","width":540,"height":362},{"@type":"BreadcrumbList","@id":"https:\/\/diariotextual.com\/inicio\/index.php\/2021\/08\/23\/se-aumento-la-cantidad-de-personas-que-pueden-viajar-en-transporte-de-larga-distancia\/#breadcrumb","itemListElement":[{"@type":"ListItem","position":1,"name":"Portada","item":"https:\/\/diariotextual.com\/inicio\/"},{"@type":"ListItem","position":2,"name":"Se aument\u00f3 la cantidad de personas que pueden viajar en transporte de larga distancia"}]},{"@type":"WebSite","@id":"https:\/\/diariotextual.com\/inicio\/#website","url":"https:\/\/diariotextual.com\/inicio\/","name":"Diario Textual","description":"","publisher":{"@id":"https:\/\/diariotextual.com\/inicio\/#organization"},"potentialAction":[{"@type":"SearchAction","target":{"@type":"EntryPoint","urlTemplate":"https:\/\/diariotextual.com\/inicio\/?s={search_term_string}"},"query-input":{"@type":"PropertyValueSpecification","valueRequired":true,"valueName":"search_term_string"}}],"inLanguage":"es"},{"@type":"Organization","@id":"https:\/\/diariotextual.com\/inicio\/#organization","name":"Diario Textual","url":"https:\/\/diariotextual.com\/inicio\/","logo":{"@type":"ImageObject","inLanguage":"es","@id":"https:\/\/diariotextual.com\/inicio\/#\/schema\/logo\/image\/","url":"https:\/\/diariotextual.com\/inicio\/wp-content\/uploads\/2023\/05\/logotextual1.jpg","contentUrl":"https:\/\/diariotextual.com\/inicio\/wp-content\/uploads\/2023\/05\/logotextual1.jpg","width":516,"height":76,"caption":"Diario Textual"},"image":{"@id":"https:\/\/diariotextual.com\/inicio\/#\/schema\/logo\/image\/"},"sameAs":["https:\/\/www.facebook.com\/eltextual","https:\/\/x.com\/eltextual","http:\/\/www.instagram.com\/eltextual"]},{"@type":"Person","@id":"https:\/\/diariotextual.com\/inicio\/#\/schema\/person\/a1b6f563e0ee944c60f98119389a4d9f","name":"diario3","image":{"@type":"ImageObject","inLanguage":"es","@id":"https:\/\/secure.gravatar.com\/avatar\/5e7ee62c82fc04d9dd79d746a390d93c69c43223e5faeeb3ea9461ef752bfc5d?s=96&d=mm&r=g","url":"https:\/\/secure.gravatar.com\/avatar\/5e7ee62c82fc04d9dd79d746a390d93c69c43223e5faeeb3ea9461ef752bfc5d?s=96&d=mm&r=g","contentUrl":"https:\/\/secure.gravatar.com\/avatar\/5e7ee62c82fc04d9dd79d746a390d93c69c43223e5faeeb3ea9461ef752bfc5d?s=96&d=mm&r=g","caption":"diario3"},"url":"https:\/\/diariotextual.com\/inicio\/index.php\/author\/diario3\/"}]}},"_links":{"self":[{"href":"https:\/\/diariotextual.com\/inicio\/index.php\/wp-json\/wp\/v2\/posts\/158769","targetHints":{"allow":["GET"]}}],"collection":[{"href":"https:\/\/diariotextual.com\/inicio\/index.php\/wp-json\/wp\/v2\/posts"}],"about":[{"href":"https:\/\/diariotextual.com\/inicio\/index.php\/wp-json\/wp\/v2\/types\/post"}],"author":[{"embeddable":true,"href":"https:\/\/diariotextual.com\/inicio\/index.php\/wp-json\/wp\/v2\/users\/5"}],"replies":[{"embeddable":true,"href":"https:\/\/diariotextual.com\/inicio\/index.php\/wp-json\/wp\/v2\/comments?post=158769"}],"version-history":[{"count":1,"href":"https:\/\/diariotextual.com\/inicio\/index.php\/wp-json\/wp\/v2\/posts\/158769\/revisions"}],"predecessor-version":[{"id":158771,"href":"https:\/\/diariotextual.com\/inicio\/index.php\/wp-json\/wp\/v2\/posts\/158769\/revisions\/158771"}],"wp:featuredmedia":[{"embeddable":true,"href":"https:\/\/diariotextual.com\/inicio\/index.php\/wp-json\/wp\/v2\/media\/158770"}],"wp:attachment":[{"href":"https:\/\/diariotextual.com\/inicio\/index.php\/wp-json\/wp\/v2\/media?parent=158769"}],"wp:term":[{"taxonomy":"category","embeddable":true,"href":"https:\/\/diariotextual.com\/inicio\/index.php\/wp-json\/wp\/v2\/categories?post=158769"},{"taxonomy":"post_tag","embeddable":true,"href":"https:\/\/diariotextual.com\/inicio\/index.php\/wp-json\/wp\/v2\/tags?post=158769"}],"curies":[{"name":"wp","href":"https:\/\/api.w.org\/{rel}","templated":true}]}}