{"id":158795,"date":"2021-08-23T19:11:36","date_gmt":"2021-08-23T22:11:36","guid":{"rendered":"https:\/\/diariotextual.com\/inicio\/?p=158795"},"modified":"2021-08-24T08:35:54","modified_gmt":"2021-08-24T11:35:54","slug":"armas-a-bolivia-imputaron-a-marcos-pena-jorge-faurie-y-fulvio-pompeo","status":"publish","type":"post","link":"https:\/\/diariotextual.com\/inicio\/index.php\/2021\/08\/23\/armas-a-bolivia-imputaron-a-marcos-pena-jorge-faurie-y-fulvio-pompeo\/","title":{"rendered":"Armas a Bolivia: imputaron a Marcos Pe\u00f1a, Jorge Faurie y Fulvio Pompeo"},"content":{"rendered":"\n<p>El fiscal del fuero Penal Econ\u00f3mico<strong> Claudio Navas Rial<\/strong> imput\u00f3 en la tarde del lunes al exjefe de Gabinete de Mauricio Macri, <strong>Marcos Pe\u00f1a<\/strong>, y al canciller de la gesti\u00f3n de Cambiemos,<strong> Jorge Faurie<\/strong>, en la causa que se investiga el contrabando de material represivo de Argentina a Bolivia, en 2019, cuando se produjo el golpe de Estado contra <strong>Evo Morales<\/strong>.<\/p>\n\n\n\n<p>El fiscal tambi\u00e9n imput\u00f3 al exsecretario de Asuntos Estrat\u00e9gicos, <strong>Fulvio Pompeo<\/strong>, al incorporar la ampliaci\u00f3n de la denuncia original presentada la semana pasada por funcionarios del gobierno nacional que encontraron elementos que vincular\u00edan a los denunciados con las maniobras investigadas. En su resoluci\u00f3n, el fiscal expuso que \u00ablos elementos arrimados por los denunciantes en esta oportunidad permiten robustecer preliminarmente la hip\u00f3tesis del caso originalmente trazada, a la vez que justifican dirigir la atenci\u00f3n de la pesquisa a la conducta atribuida a los entonces jefe de Gabinete, Marcos Pe\u00f1a; al canciller, Jorge Faurie; y al secretario de Asuntos Estrat\u00e9gicos de la Naci\u00f3n, Fulvio Pompeo; en cuanto a una supuesta participaci\u00f3n\u00bb.<\/p>\n\n\n\n<p>Del dictamen, que Navas Rial le present\u00f3 al juez Javier L\u00f3pez Biscayar, surge que los imputados habr\u00edan participado de la \u00aborganizaci\u00f3n y desarrollo de las condiciones necesarias para el env\u00edo de los gendarmes y del material armament\u00edstico al Estado Plurinacional de Bolivia vulnerando el adecuado ejercicio de control del servicio aduanero\u00bb.<\/p>\n\n\n\n<p>En la ampliaci\u00f3n de la denuncia, el Gobierno nacional consider\u00f3 probada la participaci\u00f3n del expresidente Mauricio Macri en el golpe de Estado cometido contra Evo Morales en Bolivia en 2019.<\/p>\n\n\n\n<p>Los ministros Martin Soria (Justicia), Sabina Frederic (Seguridad) y la titular de la AFIP, Mercedes Marc\u00f3 del Pont, hab\u00edan incluido en la ampliaci\u00f3n de la denuncia una serie de documentos y registros oficiales sobre reuniones mantenidas en la Casa Rosada por funcionarios de Cambiemos en los d\u00edas que se gestion\u00f3 el traslado ilegal de armamento al pa\u00eds vecino, atravesado por una forzada crisis institucional, entre los que figuran los recientemente imputados Pe\u00f1a, Faurie y Pompeo.<\/p>\n\n\n\n<p>\u00abLos documentos oficiales encontrados en las \u00faltimas semanas dan cuenta de hechos que refuerzan lo oportunamente denunciado: fue Mauricio Macri, el expresidente de la Naci\u00f3n, quien orden\u00f3 y organiz\u00f3 en forma directa la maniobra de contrabando\u00bb, sostuvieron en aquel escrito. La orden para la salida de las 70.000 balas antitumulto -que terminaron en poder de la polic\u00eda y de la Fuerza A\u00e9rea Boliviana (FAB)- se efectu\u00f3 el 13 de noviembre de 2019, cuando ya el golpe contra Evo Morales era un hecho.<\/p>\n","protected":false},"excerpt":{"rendered":"<p>El fiscal del fuero Penal Econ\u00f3mico Claudio Navas Rial imput\u00f3 en la tarde del lunes al exjefe de Gabinete de Mauricio Macri, Marcos Pe\u00f1a, y al canciller de la gesti\u00f3n&hellip;<\/p>\n","protected":false},"author":3,"featured_media":16418,"comment_status":"closed","ping_status":"open","sticky":false,"template":"","format":"standard","meta":{"_acf_changed":false,"footnotes":""},"categories":[10,8],"tags":[],"class_list":["post-158795","post","type-post","status-publish","format-standard","has-post-thumbnail","hentry","category-portada-2","category-politica"],"acf":[],"yoast_head":"<!-- This site is optimized with the Yoast SEO plugin v27.5 - https:\/\/yoast.com\/product\/yoast-seo-wordpress\/ -->\n<title>Armas a Bolivia: imputaron a Marcos Pe\u00f1a, Jorge Faurie y Fulvio Pompeo - Diario Textual<\/title>\n<meta name=\"robots\" content=\"index, follow, max-snippet:-1, max-image-preview:large, max-video-preview:-1\" \/>\n<link rel=\"canonical\" href=\"https:\/\/diariotextual.com\/inicio\/index.php\/2021\/08\/23\/armas-a-bolivia-imputaron-a-marcos-pena-jorge-faurie-y-fulvio-pompeo\/\" \/>\n<meta property=\"og:locale\" content=\"es_ES\" \/>\n<meta property=\"og:type\" content=\"article\" \/>\n<meta property=\"og:title\" content=\"Armas a Bolivia: imputaron a Marcos Pe\u00f1a, Jorge Faurie y Fulvio Pompeo - Diario Textual\" \/>\n<meta property=\"og:description\" content=\"El fiscal del fuero Penal Econ\u00f3mico Claudio Navas Rial imput\u00f3 en la tarde del lunes al exjefe de Gabinete de Mauricio Macri, Marcos Pe\u00f1a, y al canciller de la gesti\u00f3n&hellip;\" \/>\n<meta property=\"og:url\" content=\"https:\/\/diariotextual.com\/inicio\/index.php\/2021\/08\/23\/armas-a-bolivia-imputaron-a-marcos-pena-jorge-faurie-y-fulvio-pompeo\/\" \/>\n<meta property=\"og:site_name\" content=\"Diario Textual\" \/>\n<meta property=\"article:publisher\" content=\"https:\/\/www.facebook.com\/eltextual\" \/>\n<meta property=\"article:published_time\" content=\"2021-08-23T22:11:36+00:00\" \/>\n<meta property=\"article:modified_time\" content=\"2021-08-24T11:35:54+00:00\" \/>\n<meta property=\"og:image\" content=\"https:\/\/diariotextual.com\/inicio\/wp-content\/uploads\/2018\/08\/pe\u00f1amarcos81111.jpg\" \/>\n\t<meta property=\"og:image:width\" content=\"789\" \/>\n\t<meta property=\"og:image:height\" content=\"481\" \/>\n\t<meta property=\"og:image:type\" content=\"image\/jpeg\" \/>\n<meta name=\"author\" content=\"Diario1 Diario1\" \/>\n<meta name=\"twitter:card\" content=\"summary_large_image\" \/>\n<meta name=\"twitter:creator\" content=\"@eltextual\" \/>\n<meta name=\"twitter:site\" content=\"@eltextual\" \/>\n<meta name=\"twitter:label1\" content=\"Escrito por\" \/>\n\t<meta name=\"twitter:data1\" content=\"Diario1 Diario1\" \/>\n\t<meta name=\"twitter:label2\" content=\"Tiempo de lectura\" \/>\n\t<meta name=\"twitter:data2\" content=\"2 minutos\" \/>\n<script type=\"application\/ld+json\" class=\"yoast-schema-graph\">{\"@context\":\"https:\\\/\\\/schema.org\",\"@graph\":[{\"@type\":\"Article\",\"@id\":\"https:\\\/\\\/diariotextual.com\\\/inicio\\\/index.php\\\/2021\\\/08\\\/23\\\/armas-a-bolivia-imputaron-a-marcos-pena-jorge-faurie-y-fulvio-pompeo\\\/#article\",\"isPartOf\":{\"@id\":\"https:\\\/\\\/diariotextual.com\\\/inicio\\\/index.php\\\/2021\\\/08\\\/23\\\/armas-a-bolivia-imputaron-a-marcos-pena-jorge-faurie-y-fulvio-pompeo\\\/\"},\"author\":{\"name\":\"Diario1 Diario1\",\"@id\":\"https:\\\/\\\/diariotextual.com\\\/inicio\\\/#\\\/schema\\\/person\\\/418fc4093c33e86ed41562db3508f958\"},\"headline\":\"Armas a Bolivia: imputaron a Marcos Pe\u00f1a, Jorge Faurie y Fulvio Pompeo\",\"datePublished\":\"2021-08-23T22:11:36+00:00\",\"dateModified\":\"2021-08-24T11:35:54+00:00\",\"mainEntityOfPage\":{\"@id\":\"https:\\\/\\\/diariotextual.com\\\/inicio\\\/index.php\\\/2021\\\/08\\\/23\\\/armas-a-bolivia-imputaron-a-marcos-pena-jorge-faurie-y-fulvio-pompeo\\\/\"},\"wordCount\":446,\"publisher\":{\"@id\":\"https:\\\/\\\/diariotextual.com\\\/inicio\\\/#organization\"},\"image\":{\"@id\":\"https:\\\/\\\/diariotextual.com\\\/inicio\\\/index.php\\\/2021\\\/08\\\/23\\\/armas-a-bolivia-imputaron-a-marcos-pena-jorge-faurie-y-fulvio-pompeo\\\/#primaryimage\"},\"thumbnailUrl\":\"https:\\\/\\\/diariotextual.com\\\/inicio\\\/wp-content\\\/uploads\\\/2018\\\/08\\\/pe\u00f1amarcos81111.jpg\",\"articleSection\":[\"A - PORTADA2\",\"POLITICA\"],\"inLanguage\":\"es\"},{\"@type\":\"WebPage\",\"@id\":\"https:\\\/\\\/diariotextual.com\\\/inicio\\\/index.php\\\/2021\\\/08\\\/23\\\/armas-a-bolivia-imputaron-a-marcos-pena-jorge-faurie-y-fulvio-pompeo\\\/\",\"url\":\"https:\\\/\\\/diariotextual.com\\\/inicio\\\/index.php\\\/2021\\\/08\\\/23\\\/armas-a-bolivia-imputaron-a-marcos-pena-jorge-faurie-y-fulvio-pompeo\\\/\",\"name\":\"Armas a Bolivia: imputaron a Marcos Pe\u00f1a, Jorge Faurie y Fulvio Pompeo - Diario Textual\",\"isPartOf\":{\"@id\":\"https:\\\/\\\/diariotextual.com\\\/inicio\\\/#website\"},\"primaryImageOfPage\":{\"@id\":\"https:\\\/\\\/diariotextual.com\\\/inicio\\\/index.php\\\/2021\\\/08\\\/23\\\/armas-a-bolivia-imputaron-a-marcos-pena-jorge-faurie-y-fulvio-pompeo\\\/#primaryimage\"},\"image\":{\"@id\":\"https:\\\/\\\/diariotextual.com\\\/inicio\\\/index.php\\\/2021\\\/08\\\/23\\\/armas-a-bolivia-imputaron-a-marcos-pena-jorge-faurie-y-fulvio-pompeo\\\/#primaryimage\"},\"thumbnailUrl\":\"https:\\\/\\\/diariotextual.com\\\/inicio\\\/wp-content\\\/uploads\\\/2018\\\/08\\\/pe\u00f1amarcos81111.jpg\",\"datePublished\":\"2021-08-23T22:11:36+00:00\",\"dateModified\":\"2021-08-24T11:35:54+00:00\",\"breadcrumb\":{\"@id\":\"https:\\\/\\\/diariotextual.com\\\/inicio\\\/index.php\\\/2021\\\/08\\\/23\\\/armas-a-bolivia-imputaron-a-marcos-pena-jorge-faurie-y-fulvio-pompeo\\\/#breadcrumb\"},\"inLanguage\":\"es\",\"potentialAction\":[{\"@type\":\"ReadAction\",\"target\":[\"https:\\\/\\\/diariotextual.com\\\/inicio\\\/index.php\\\/2021\\\/08\\\/23\\\/armas-a-bolivia-imputaron-a-marcos-pena-jorge-faurie-y-fulvio-pompeo\\\/\"]}]},{\"@type\":\"ImageObject\",\"inLanguage\":\"es\",\"@id\":\"https:\\\/\\\/diariotextual.com\\\/inicio\\\/index.php\\\/2021\\\/08\\\/23\\\/armas-a-bolivia-imputaron-a-marcos-pena-jorge-faurie-y-fulvio-pompeo\\\/#primaryimage\",\"url\":\"https:\\\/\\\/diariotextual.com\\\/inicio\\\/wp-content\\\/uploads\\\/2018\\\/08\\\/pe\u00f1amarcos81111.jpg\",\"contentUrl\":\"https:\\\/\\\/diariotextual.com\\\/inicio\\\/wp-content\\\/uploads\\\/2018\\\/08\\\/pe\u00f1amarcos81111.jpg\",\"width\":789,\"height\":481},{\"@type\":\"BreadcrumbList\",\"@id\":\"https:\\\/\\\/diariotextual.com\\\/inicio\\\/index.php\\\/2021\\\/08\\\/23\\\/armas-a-bolivia-imputaron-a-marcos-pena-jorge-faurie-y-fulvio-pompeo\\\/#breadcrumb\",\"itemListElement\":[{\"@type\":\"ListItem\",\"position\":1,\"name\":\"Portada\",\"item\":\"https:\\\/\\\/diariotextual.com\\\/inicio\\\/\"},{\"@type\":\"ListItem\",\"position\":2,\"name\":\"Armas a Bolivia: imputaron a Marcos Pe\u00f1a, Jorge Faurie y Fulvio Pompeo\"}]},{\"@type\":\"WebSite\",\"@id\":\"https:\\\/\\\/diariotextual.com\\\/inicio\\\/#website\",\"url\":\"https:\\\/\\\/diariotextual.com\\\/inicio\\\/\",\"name\":\"Diario Textual\",\"description\":\"\",\"publisher\":{\"@id\":\"https:\\\/\\\/diariotextual.com\\\/inicio\\\/#organization\"},\"potentialAction\":[{\"@type\":\"SearchAction\",\"target\":{\"@type\":\"EntryPoint\",\"urlTemplate\":\"https:\\\/\\\/diariotextual.com\\\/inicio\\\/?s={search_term_string}\"},\"query-input\":{\"@type\":\"PropertyValueSpecification\",\"valueRequired\":true,\"valueName\":\"search_term_string\"}}],\"inLanguage\":\"es\"},{\"@type\":\"Organization\",\"@id\":\"https:\\\/\\\/diariotextual.com\\\/inicio\\\/#organization\",\"name\":\"Diario Textual\",\"url\":\"https:\\\/\\\/diariotextual.com\\\/inicio\\\/\",\"logo\":{\"@type\":\"ImageObject\",\"inLanguage\":\"es\",\"@id\":\"https:\\\/\\\/diariotextual.com\\\/inicio\\\/#\\\/schema\\\/logo\\\/image\\\/\",\"url\":\"https:\\\/\\\/diariotextual.com\\\/inicio\\\/wp-content\\\/uploads\\\/2023\\\/05\\\/logotextual1.jpg\",\"contentUrl\":\"https:\\\/\\\/diariotextual.com\\\/inicio\\\/wp-content\\\/uploads\\\/2023\\\/05\\\/logotextual1.jpg\",\"width\":516,\"height\":76,\"caption\":\"Diario Textual\"},\"image\":{\"@id\":\"https:\\\/\\\/diariotextual.com\\\/inicio\\\/#\\\/schema\\\/logo\\\/image\\\/\"},\"sameAs\":[\"https:\\\/\\\/www.facebook.com\\\/eltextual\",\"https:\\\/\\\/x.com\\\/eltextual\",\"http:\\\/\\\/www.instagram.com\\\/eltextual\"]},{\"@type\":\"Person\",\"@id\":\"https:\\\/\\\/diariotextual.com\\\/inicio\\\/#\\\/schema\\\/person\\\/418fc4093c33e86ed41562db3508f958\",\"name\":\"Diario1 Diario1\",\"image\":{\"@type\":\"ImageObject\",\"inLanguage\":\"es\",\"@id\":\"https:\\\/\\\/secure.gravatar.com\\\/avatar\\\/9167d280179c85bc18be67aa7eda765854300033af4896dd779b608640f2ef7a?s=96&d=mm&r=g\",\"url\":\"https:\\\/\\\/secure.gravatar.com\\\/avatar\\\/9167d280179c85bc18be67aa7eda765854300033af4896dd779b608640f2ef7a?s=96&d=mm&r=g\",\"contentUrl\":\"https:\\\/\\\/secure.gravatar.com\\\/avatar\\\/9167d280179c85bc18be67aa7eda765854300033af4896dd779b608640f2ef7a?s=96&d=mm&r=g\",\"caption\":\"Diario1 Diario1\"},\"url\":\"https:\\\/\\\/diariotextual.com\\\/inicio\\\/index.php\\\/author\\\/diario1\\\/\"}]}<\/script>\n<!-- \/ Yoast SEO plugin. -->","yoast_head_json":{"title":"Armas a Bolivia: imputaron a Marcos Pe\u00f1a, Jorge Faurie y Fulvio Pompeo - Diario Textual","robots":{"index":"index","follow":"follow","max-snippet":"max-snippet:-1","max-image-preview":"max-image-preview:large","max-video-preview":"max-video-preview:-1"},"canonical":"https:\/\/diariotextual.com\/inicio\/index.php\/2021\/08\/23\/armas-a-bolivia-imputaron-a-marcos-pena-jorge-faurie-y-fulvio-pompeo\/","og_locale":"es_ES","og_type":"article","og_title":"Armas a Bolivia: imputaron a Marcos Pe\u00f1a, Jorge Faurie y Fulvio Pompeo - Diario Textual","og_description":"El fiscal del fuero Penal Econ\u00f3mico Claudio Navas Rial imput\u00f3 en la tarde del lunes al exjefe de Gabinete de Mauricio Macri, Marcos Pe\u00f1a, y al canciller de la gesti\u00f3n&hellip;","og_url":"https:\/\/diariotextual.com\/inicio\/index.php\/2021\/08\/23\/armas-a-bolivia-imputaron-a-marcos-pena-jorge-faurie-y-fulvio-pompeo\/","og_site_name":"Diario Textual","article_publisher":"https:\/\/www.facebook.com\/eltextual","article_published_time":"2021-08-23T22:11:36+00:00","article_modified_time":"2021-08-24T11:35:54+00:00","og_image":[{"width":789,"height":481,"url":"https:\/\/diariotextual.com\/inicio\/wp-content\/uploads\/2018\/08\/pe\u00f1amarcos81111.jpg","type":"image\/jpeg"}],"author":"Diario1 Diario1","twitter_card":"summary_large_image","twitter_creator":"@eltextual","twitter_site":"@eltextual","twitter_misc":{"Escrito por":"Diario1 Diario1","Tiempo de lectura":"2 minutos"},"schema":{"@context":"https:\/\/schema.org","@graph":[{"@type":"Article","@id":"https:\/\/diariotextual.com\/inicio\/index.php\/2021\/08\/23\/armas-a-bolivia-imputaron-a-marcos-pena-jorge-faurie-y-fulvio-pompeo\/#article","isPartOf":{"@id":"https:\/\/diariotextual.com\/inicio\/index.php\/2021\/08\/23\/armas-a-bolivia-imputaron-a-marcos-pena-jorge-faurie-y-fulvio-pompeo\/"},"author":{"name":"Diario1 Diario1","@id":"https:\/\/diariotextual.com\/inicio\/#\/schema\/person\/418fc4093c33e86ed41562db3508f958"},"headline":"Armas a Bolivia: imputaron a Marcos Pe\u00f1a, Jorge Faurie y Fulvio Pompeo","datePublished":"2021-08-23T22:11:36+00:00","dateModified":"2021-08-24T11:35:54+00:00","mainEntityOfPage":{"@id":"https:\/\/diariotextual.com\/inicio\/index.php\/2021\/08\/23\/armas-a-bolivia-imputaron-a-marcos-pena-jorge-faurie-y-fulvio-pompeo\/"},"wordCount":446,"publisher":{"@id":"https:\/\/diariotextual.com\/inicio\/#organization"},"image":{"@id":"https:\/\/diariotextual.com\/inicio\/index.php\/2021\/08\/23\/armas-a-bolivia-imputaron-a-marcos-pena-jorge-faurie-y-fulvio-pompeo\/#primaryimage"},"thumbnailUrl":"https:\/\/diariotextual.com\/inicio\/wp-content\/uploads\/2018\/08\/pe\u00f1amarcos81111.jpg","articleSection":["A - PORTADA2","POLITICA"],"inLanguage":"es"},{"@type":"WebPage","@id":"https:\/\/diariotextual.com\/inicio\/index.php\/2021\/08\/23\/armas-a-bolivia-imputaron-a-marcos-pena-jorge-faurie-y-fulvio-pompeo\/","url":"https:\/\/diariotextual.com\/inicio\/index.php\/2021\/08\/23\/armas-a-bolivia-imputaron-a-marcos-pena-jorge-faurie-y-fulvio-pompeo\/","name":"Armas a Bolivia: imputaron a Marcos Pe\u00f1a, Jorge Faurie y Fulvio Pompeo - Diario Textual","isPartOf":{"@id":"https:\/\/diariotextual.com\/inicio\/#website"},"primaryImageOfPage":{"@id":"https:\/\/diariotextual.com\/inicio\/index.php\/2021\/08\/23\/armas-a-bolivia-imputaron-a-marcos-pena-jorge-faurie-y-fulvio-pompeo\/#primaryimage"},"image":{"@id":"https:\/\/diariotextual.com\/inicio\/index.php\/2021\/08\/23\/armas-a-bolivia-imputaron-a-marcos-pena-jorge-faurie-y-fulvio-pompeo\/#primaryimage"},"thumbnailUrl":"https:\/\/diariotextual.com\/inicio\/wp-content\/uploads\/2018\/08\/pe\u00f1amarcos81111.jpg","datePublished":"2021-08-23T22:11:36+00:00","dateModified":"2021-08-24T11:35:54+00:00","breadcrumb":{"@id":"https:\/\/diariotextual.com\/inicio\/index.php\/2021\/08\/23\/armas-a-bolivia-imputaron-a-marcos-pena-jorge-faurie-y-fulvio-pompeo\/#breadcrumb"},"inLanguage":"es","potentialAction":[{"@type":"ReadAction","target":["https:\/\/diariotextual.com\/inicio\/index.php\/2021\/08\/23\/armas-a-bolivia-imputaron-a-marcos-pena-jorge-faurie-y-fulvio-pompeo\/"]}]},{"@type":"ImageObject","inLanguage":"es","@id":"https:\/\/diariotextual.com\/inicio\/index.php\/2021\/08\/23\/armas-a-bolivia-imputaron-a-marcos-pena-jorge-faurie-y-fulvio-pompeo\/#primaryimage","url":"https:\/\/diariotextual.com\/inicio\/wp-content\/uploads\/2018\/08\/pe\u00f1amarcos81111.jpg","contentUrl":"https:\/\/diariotextual.com\/inicio\/wp-content\/uploads\/2018\/08\/pe\u00f1amarcos81111.jpg","width":789,"height":481},{"@type":"BreadcrumbList","@id":"https:\/\/diariotextual.com\/inicio\/index.php\/2021\/08\/23\/armas-a-bolivia-imputaron-a-marcos-pena-jorge-faurie-y-fulvio-pompeo\/#breadcrumb","itemListElement":[{"@type":"ListItem","position":1,"name":"Portada","item":"https:\/\/diariotextual.com\/inicio\/"},{"@type":"ListItem","position":2,"name":"Armas a Bolivia: imputaron a Marcos Pe\u00f1a, Jorge Faurie y Fulvio Pompeo"}]},{"@type":"WebSite","@id":"https:\/\/diariotextual.com\/inicio\/#website","url":"https:\/\/diariotextual.com\/inicio\/","name":"Diario Textual","description":"","publisher":{"@id":"https:\/\/diariotextual.com\/inicio\/#organization"},"potentialAction":[{"@type":"SearchAction","target":{"@type":"EntryPoint","urlTemplate":"https:\/\/diariotextual.com\/inicio\/?s={search_term_string}"},"query-input":{"@type":"PropertyValueSpecification","valueRequired":true,"valueName":"search_term_string"}}],"inLanguage":"es"},{"@type":"Organization","@id":"https:\/\/diariotextual.com\/inicio\/#organization","name":"Diario Textual","url":"https:\/\/diariotextual.com\/inicio\/","logo":{"@type":"ImageObject","inLanguage":"es","@id":"https:\/\/diariotextual.com\/inicio\/#\/schema\/logo\/image\/","url":"https:\/\/diariotextual.com\/inicio\/wp-content\/uploads\/2023\/05\/logotextual1.jpg","contentUrl":"https:\/\/diariotextual.com\/inicio\/wp-content\/uploads\/2023\/05\/logotextual1.jpg","width":516,"height":76,"caption":"Diario Textual"},"image":{"@id":"https:\/\/diariotextual.com\/inicio\/#\/schema\/logo\/image\/"},"sameAs":["https:\/\/www.facebook.com\/eltextual","https:\/\/x.com\/eltextual","http:\/\/www.instagram.com\/eltextual"]},{"@type":"Person","@id":"https:\/\/diariotextual.com\/inicio\/#\/schema\/person\/418fc4093c33e86ed41562db3508f958","name":"Diario1 Diario1","image":{"@type":"ImageObject","inLanguage":"es","@id":"https:\/\/secure.gravatar.com\/avatar\/9167d280179c85bc18be67aa7eda765854300033af4896dd779b608640f2ef7a?s=96&d=mm&r=g","url":"https:\/\/secure.gravatar.com\/avatar\/9167d280179c85bc18be67aa7eda765854300033af4896dd779b608640f2ef7a?s=96&d=mm&r=g","contentUrl":"https:\/\/secure.gravatar.com\/avatar\/9167d280179c85bc18be67aa7eda765854300033af4896dd779b608640f2ef7a?s=96&d=mm&r=g","caption":"Diario1 Diario1"},"url":"https:\/\/diariotextual.com\/inicio\/index.php\/author\/diario1\/"}]}},"_links":{"self":[{"href":"https:\/\/diariotextual.com\/inicio\/index.php\/wp-json\/wp\/v2\/posts\/158795","targetHints":{"allow":["GET"]}}],"collection":[{"href":"https:\/\/diariotextual.com\/inicio\/index.php\/wp-json\/wp\/v2\/posts"}],"about":[{"href":"https:\/\/diariotextual.com\/inicio\/index.php\/wp-json\/wp\/v2\/types\/post"}],"author":[{"embeddable":true,"href":"https:\/\/diariotextual.com\/inicio\/index.php\/wp-json\/wp\/v2\/users\/3"}],"replies":[{"embeddable":true,"href":"https:\/\/diariotextual.com\/inicio\/index.php\/wp-json\/wp\/v2\/comments?post=158795"}],"version-history":[{"count":2,"href":"https:\/\/diariotextual.com\/inicio\/index.php\/wp-json\/wp\/v2\/posts\/158795\/revisions"}],"predecessor-version":[{"id":158797,"href":"https:\/\/diariotextual.com\/inicio\/index.php\/wp-json\/wp\/v2\/posts\/158795\/revisions\/158797"}],"wp:featuredmedia":[{"embeddable":true,"href":"https:\/\/diariotextual.com\/inicio\/index.php\/wp-json\/wp\/v2\/media\/16418"}],"wp:attachment":[{"href":"https:\/\/diariotextual.com\/inicio\/index.php\/wp-json\/wp\/v2\/media?parent=158795"}],"wp:term":[{"taxonomy":"category","embeddable":true,"href":"https:\/\/diariotextual.com\/inicio\/index.php\/wp-json\/wp\/v2\/categories?post=158795"},{"taxonomy":"post_tag","embeddable":true,"href":"https:\/\/diariotextual.com\/inicio\/index.php\/wp-json\/wp\/v2\/tags?post=158795"}],"curies":[{"name":"wp","href":"https:\/\/api.w.org\/{rel}","templated":true}]}}