{"id":158818,"date":"2021-08-24T08:18:49","date_gmt":"2021-08-24T11:18:49","guid":{"rendered":"https:\/\/diariotextual.com\/inicio\/?p=158818"},"modified":"2021-08-24T09:41:50","modified_gmt":"2021-08-24T12:41:50","slug":"santa-rosa-75-personas-ya-iniciaron-el-tramite-para-el-registro-de-cannabis-medicinal","status":"publish","type":"post","link":"https:\/\/diariotextual.com\/inicio\/index.php\/2021\/08\/24\/santa-rosa-75-personas-ya-iniciaron-el-tramite-para-el-registro-de-cannabis-medicinal\/","title":{"rendered":"Santa Rosa: 75 personas ya iniciaron el tr\u00e1mite para el registro de cannabis medicinal"},"content":{"rendered":"\n<p>Un total de<strong>\u00a075 personas<\/strong>\u00a0ya iniciaron el tr\u00e1mite para ingresar al\u00a0<strong>Registro Voluntario de Personas Usuarias y\/o Cultivadores de Cannabis Medicinal y sus Derivados de Santa Rosa<\/strong>. <\/p>\n\n\n\n<p>El registro fue aprobado, por ordenanza, en septiembre de 2020. A fines de julio de este a\u00f1o finalmente, se puso en marcha.<\/p>\n\n\n\n<p>La inscripci\u00f3n se realiza en el sitio <strong><a href=\"https:\/\/cannabis.santarosa.gob.ar\/\" target=\"_blank\" rel=\"noreferrer noopener\">www.cannabis.santarosa.gob.ar<\/a><\/strong> y los datos que se brindan son confidenciales. <\/p>\n\n\n\n<p>Pueden inscribirse los habitantes de Santa Rosa. Para hacerlo deben declarar la patolog\u00eda que tratan con cannabis, adem\u00e1s de presentar una certificaci\u00f3n m\u00e9dica. Tambi\u00e9n deben declarar las particularidades de su cultivo.<\/p>\n\n\n\n<p><\/p>\n","protected":false},"excerpt":{"rendered":"<p>Un total de\u00a075 personas\u00a0ya iniciaron el tr\u00e1mite para ingresar al\u00a0Registro Voluntario de Personas Usuarias y\/o Cultivadores de Cannabis Medicinal y sus Derivados de Santa Rosa. El registro fue aprobado, por&hellip;<\/p>\n","protected":false},"author":7,"featured_media":101962,"comment_status":"closed","ping_status":"open","sticky":false,"template":"","format":"standard","meta":{"_acf_changed":false,"footnotes":""},"categories":[10,12],"tags":[504],"class_list":["post-158818","post","type-post","status-publish","format-standard","has-post-thumbnail","hentry","category-portada-2","category-sociedad","tag-cannabis-medicinal"],"acf":[],"yoast_head":"<!-- This site is optimized with the Yoast SEO plugin v27.5 - https:\/\/yoast.com\/product\/yoast-seo-wordpress\/ -->\n<title>Santa Rosa: 75 personas ya iniciaron el tr\u00e1mite para el registro de cannabis medicinal - Diario Textual<\/title>\n<meta name=\"robots\" content=\"index, follow, max-snippet:-1, max-image-preview:large, max-video-preview:-1\" \/>\n<link rel=\"canonical\" href=\"https:\/\/diariotextual.com\/inicio\/index.php\/2021\/08\/24\/santa-rosa-75-personas-ya-iniciaron-el-tramite-para-el-registro-de-cannabis-medicinal\/\" \/>\n<meta property=\"og:locale\" content=\"es_ES\" \/>\n<meta property=\"og:type\" content=\"article\" \/>\n<meta property=\"og:title\" content=\"Santa Rosa: 75 personas ya iniciaron el tr\u00e1mite para el registro de cannabis medicinal - Diario Textual\" \/>\n<meta property=\"og:description\" content=\"Un total de\u00a075 personas\u00a0ya iniciaron el tr\u00e1mite para ingresar al\u00a0Registro Voluntario de Personas Usuarias y\/o Cultivadores de Cannabis Medicinal y sus Derivados de Santa Rosa. El registro fue aprobado, por&hellip;\" \/>\n<meta property=\"og:url\" content=\"https:\/\/diariotextual.com\/inicio\/index.php\/2021\/08\/24\/santa-rosa-75-personas-ya-iniciaron-el-tramite-para-el-registro-de-cannabis-medicinal\/\" \/>\n<meta property=\"og:site_name\" content=\"Diario Textual\" \/>\n<meta property=\"article:publisher\" content=\"https:\/\/www.facebook.com\/eltextual\" \/>\n<meta property=\"article:published_time\" content=\"2021-08-24T11:18:49+00:00\" \/>\n<meta property=\"article:modified_time\" content=\"2021-08-24T12:41:50+00:00\" \/>\n<meta property=\"og:image\" content=\"https:\/\/diariotextual.com\/inicio\/wp-content\/uploads\/2020\/07\/cannabismarihuanatelam2020-1.jpg\" \/>\n\t<meta property=\"og:image:width\" content=\"1004\" \/>\n\t<meta property=\"og:image:height\" content=\"565\" \/>\n\t<meta property=\"og:image:type\" content=\"image\/jpeg\" \/>\n<meta name=\"author\" content=\"diario5\" \/>\n<meta name=\"twitter:card\" content=\"summary_large_image\" \/>\n<meta name=\"twitter:creator\" content=\"@eltextual\" \/>\n<meta name=\"twitter:site\" content=\"@eltextual\" \/>\n<meta name=\"twitter:label1\" content=\"Escrito por\" \/>\n\t<meta name=\"twitter:data1\" content=\"diario5\" \/>\n\t<meta name=\"twitter:label2\" content=\"Tiempo de lectura\" \/>\n\t<meta name=\"twitter:data2\" content=\"1 minuto\" \/>\n<script type=\"application\/ld+json\" class=\"yoast-schema-graph\">{\"@context\":\"https:\\\/\\\/schema.org\",\"@graph\":[{\"@type\":\"Article\",\"@id\":\"https:\\\/\\\/diariotextual.com\\\/inicio\\\/index.php\\\/2021\\\/08\\\/24\\\/santa-rosa-75-personas-ya-iniciaron-el-tramite-para-el-registro-de-cannabis-medicinal\\\/#article\",\"isPartOf\":{\"@id\":\"https:\\\/\\\/diariotextual.com\\\/inicio\\\/index.php\\\/2021\\\/08\\\/24\\\/santa-rosa-75-personas-ya-iniciaron-el-tramite-para-el-registro-de-cannabis-medicinal\\\/\"},\"author\":{\"name\":\"diario5\",\"@id\":\"https:\\\/\\\/diariotextual.com\\\/inicio\\\/#\\\/schema\\\/person\\\/c7834961ad8b29b1d9cdbf4571299067\"},\"headline\":\"Santa Rosa: 75 personas ya iniciaron el tr\u00e1mite para el registro de cannabis medicinal\",\"datePublished\":\"2021-08-24T11:18:49+00:00\",\"dateModified\":\"2021-08-24T12:41:50+00:00\",\"mainEntityOfPage\":{\"@id\":\"https:\\\/\\\/diariotextual.com\\\/inicio\\\/index.php\\\/2021\\\/08\\\/24\\\/santa-rosa-75-personas-ya-iniciaron-el-tramite-para-el-registro-de-cannabis-medicinal\\\/\"},\"wordCount\":122,\"publisher\":{\"@id\":\"https:\\\/\\\/diariotextual.com\\\/inicio\\\/#organization\"},\"image\":{\"@id\":\"https:\\\/\\\/diariotextual.com\\\/inicio\\\/index.php\\\/2021\\\/08\\\/24\\\/santa-rosa-75-personas-ya-iniciaron-el-tramite-para-el-registro-de-cannabis-medicinal\\\/#primaryimage\"},\"thumbnailUrl\":\"https:\\\/\\\/diariotextual.com\\\/inicio\\\/wp-content\\\/uploads\\\/2020\\\/07\\\/cannabismarihuanatelam2020-1.jpg\",\"keywords\":[\"cannabis medicinal\"],\"articleSection\":[\"A - PORTADA2\",\"SOCIEDAD\"],\"inLanguage\":\"es\"},{\"@type\":\"WebPage\",\"@id\":\"https:\\\/\\\/diariotextual.com\\\/inicio\\\/index.php\\\/2021\\\/08\\\/24\\\/santa-rosa-75-personas-ya-iniciaron-el-tramite-para-el-registro-de-cannabis-medicinal\\\/\",\"url\":\"https:\\\/\\\/diariotextual.com\\\/inicio\\\/index.php\\\/2021\\\/08\\\/24\\\/santa-rosa-75-personas-ya-iniciaron-el-tramite-para-el-registro-de-cannabis-medicinal\\\/\",\"name\":\"Santa Rosa: 75 personas ya iniciaron el tr\u00e1mite para el registro de cannabis medicinal - Diario Textual\",\"isPartOf\":{\"@id\":\"https:\\\/\\\/diariotextual.com\\\/inicio\\\/#website\"},\"primaryImageOfPage\":{\"@id\":\"https:\\\/\\\/diariotextual.com\\\/inicio\\\/index.php\\\/2021\\\/08\\\/24\\\/santa-rosa-75-personas-ya-iniciaron-el-tramite-para-el-registro-de-cannabis-medicinal\\\/#primaryimage\"},\"image\":{\"@id\":\"https:\\\/\\\/diariotextual.com\\\/inicio\\\/index.php\\\/2021\\\/08\\\/24\\\/santa-rosa-75-personas-ya-iniciaron-el-tramite-para-el-registro-de-cannabis-medicinal\\\/#primaryimage\"},\"thumbnailUrl\":\"https:\\\/\\\/diariotextual.com\\\/inicio\\\/wp-content\\\/uploads\\\/2020\\\/07\\\/cannabismarihuanatelam2020-1.jpg\",\"datePublished\":\"2021-08-24T11:18:49+00:00\",\"dateModified\":\"2021-08-24T12:41:50+00:00\",\"breadcrumb\":{\"@id\":\"https:\\\/\\\/diariotextual.com\\\/inicio\\\/index.php\\\/2021\\\/08\\\/24\\\/santa-rosa-75-personas-ya-iniciaron-el-tramite-para-el-registro-de-cannabis-medicinal\\\/#breadcrumb\"},\"inLanguage\":\"es\",\"potentialAction\":[{\"@type\":\"ReadAction\",\"target\":[\"https:\\\/\\\/diariotextual.com\\\/inicio\\\/index.php\\\/2021\\\/08\\\/24\\\/santa-rosa-75-personas-ya-iniciaron-el-tramite-para-el-registro-de-cannabis-medicinal\\\/\"]}]},{\"@type\":\"ImageObject\",\"inLanguage\":\"es\",\"@id\":\"https:\\\/\\\/diariotextual.com\\\/inicio\\\/index.php\\\/2021\\\/08\\\/24\\\/santa-rosa-75-personas-ya-iniciaron-el-tramite-para-el-registro-de-cannabis-medicinal\\\/#primaryimage\",\"url\":\"https:\\\/\\\/diariotextual.com\\\/inicio\\\/wp-content\\\/uploads\\\/2020\\\/07\\\/cannabismarihuanatelam2020-1.jpg\",\"contentUrl\":\"https:\\\/\\\/diariotextual.com\\\/inicio\\\/wp-content\\\/uploads\\\/2020\\\/07\\\/cannabismarihuanatelam2020-1.jpg\",\"width\":1004,\"height\":565},{\"@type\":\"BreadcrumbList\",\"@id\":\"https:\\\/\\\/diariotextual.com\\\/inicio\\\/index.php\\\/2021\\\/08\\\/24\\\/santa-rosa-75-personas-ya-iniciaron-el-tramite-para-el-registro-de-cannabis-medicinal\\\/#breadcrumb\",\"itemListElement\":[{\"@type\":\"ListItem\",\"position\":1,\"name\":\"Portada\",\"item\":\"https:\\\/\\\/diariotextual.com\\\/inicio\\\/\"},{\"@type\":\"ListItem\",\"position\":2,\"name\":\"Santa Rosa: 75 personas ya iniciaron el tr\u00e1mite para el registro de cannabis medicinal\"}]},{\"@type\":\"WebSite\",\"@id\":\"https:\\\/\\\/diariotextual.com\\\/inicio\\\/#website\",\"url\":\"https:\\\/\\\/diariotextual.com\\\/inicio\\\/\",\"name\":\"Diario Textual\",\"description\":\"\",\"publisher\":{\"@id\":\"https:\\\/\\\/diariotextual.com\\\/inicio\\\/#organization\"},\"potentialAction\":[{\"@type\":\"SearchAction\",\"target\":{\"@type\":\"EntryPoint\",\"urlTemplate\":\"https:\\\/\\\/diariotextual.com\\\/inicio\\\/?s={search_term_string}\"},\"query-input\":{\"@type\":\"PropertyValueSpecification\",\"valueRequired\":true,\"valueName\":\"search_term_string\"}}],\"inLanguage\":\"es\"},{\"@type\":\"Organization\",\"@id\":\"https:\\\/\\\/diariotextual.com\\\/inicio\\\/#organization\",\"name\":\"Diario Textual\",\"url\":\"https:\\\/\\\/diariotextual.com\\\/inicio\\\/\",\"logo\":{\"@type\":\"ImageObject\",\"inLanguage\":\"es\",\"@id\":\"https:\\\/\\\/diariotextual.com\\\/inicio\\\/#\\\/schema\\\/logo\\\/image\\\/\",\"url\":\"https:\\\/\\\/diariotextual.com\\\/inicio\\\/wp-content\\\/uploads\\\/2023\\\/05\\\/logotextual1.jpg\",\"contentUrl\":\"https:\\\/\\\/diariotextual.com\\\/inicio\\\/wp-content\\\/uploads\\\/2023\\\/05\\\/logotextual1.jpg\",\"width\":516,\"height\":76,\"caption\":\"Diario Textual\"},\"image\":{\"@id\":\"https:\\\/\\\/diariotextual.com\\\/inicio\\\/#\\\/schema\\\/logo\\\/image\\\/\"},\"sameAs\":[\"https:\\\/\\\/www.facebook.com\\\/eltextual\",\"https:\\\/\\\/x.com\\\/eltextual\",\"http:\\\/\\\/www.instagram.com\\\/eltextual\"]},{\"@type\":\"Person\",\"@id\":\"https:\\\/\\\/diariotextual.com\\\/inicio\\\/#\\\/schema\\\/person\\\/c7834961ad8b29b1d9cdbf4571299067\",\"name\":\"diario5\",\"image\":{\"@type\":\"ImageObject\",\"inLanguage\":\"es\",\"@id\":\"https:\\\/\\\/secure.gravatar.com\\\/avatar\\\/948c893b847ca6df68216ead81b63f363408ec9b0f600fefc0641ce78613b111?s=96&d=mm&r=g\",\"url\":\"https:\\\/\\\/secure.gravatar.com\\\/avatar\\\/948c893b847ca6df68216ead81b63f363408ec9b0f600fefc0641ce78613b111?s=96&d=mm&r=g\",\"contentUrl\":\"https:\\\/\\\/secure.gravatar.com\\\/avatar\\\/948c893b847ca6df68216ead81b63f363408ec9b0f600fefc0641ce78613b111?s=96&d=mm&r=g\",\"caption\":\"diario5\"},\"url\":\"https:\\\/\\\/diariotextual.com\\\/inicio\\\/index.php\\\/author\\\/diario5\\\/\"}]}<\/script>\n<!-- \/ Yoast SEO plugin. -->","yoast_head_json":{"title":"Santa Rosa: 75 personas ya iniciaron el tr\u00e1mite para el registro de cannabis medicinal - Diario Textual","robots":{"index":"index","follow":"follow","max-snippet":"max-snippet:-1","max-image-preview":"max-image-preview:large","max-video-preview":"max-video-preview:-1"},"canonical":"https:\/\/diariotextual.com\/inicio\/index.php\/2021\/08\/24\/santa-rosa-75-personas-ya-iniciaron-el-tramite-para-el-registro-de-cannabis-medicinal\/","og_locale":"es_ES","og_type":"article","og_title":"Santa Rosa: 75 personas ya iniciaron el tr\u00e1mite para el registro de cannabis medicinal - Diario Textual","og_description":"Un total de\u00a075 personas\u00a0ya iniciaron el tr\u00e1mite para ingresar al\u00a0Registro Voluntario de Personas Usuarias y\/o Cultivadores de Cannabis Medicinal y sus Derivados de Santa Rosa. El registro fue aprobado, por&hellip;","og_url":"https:\/\/diariotextual.com\/inicio\/index.php\/2021\/08\/24\/santa-rosa-75-personas-ya-iniciaron-el-tramite-para-el-registro-de-cannabis-medicinal\/","og_site_name":"Diario Textual","article_publisher":"https:\/\/www.facebook.com\/eltextual","article_published_time":"2021-08-24T11:18:49+00:00","article_modified_time":"2021-08-24T12:41:50+00:00","og_image":[{"width":1004,"height":565,"url":"https:\/\/diariotextual.com\/inicio\/wp-content\/uploads\/2020\/07\/cannabismarihuanatelam2020-1.jpg","type":"image\/jpeg"}],"author":"diario5","twitter_card":"summary_large_image","twitter_creator":"@eltextual","twitter_site":"@eltextual","twitter_misc":{"Escrito por":"diario5","Tiempo de lectura":"1 minuto"},"schema":{"@context":"https:\/\/schema.org","@graph":[{"@type":"Article","@id":"https:\/\/diariotextual.com\/inicio\/index.php\/2021\/08\/24\/santa-rosa-75-personas-ya-iniciaron-el-tramite-para-el-registro-de-cannabis-medicinal\/#article","isPartOf":{"@id":"https:\/\/diariotextual.com\/inicio\/index.php\/2021\/08\/24\/santa-rosa-75-personas-ya-iniciaron-el-tramite-para-el-registro-de-cannabis-medicinal\/"},"author":{"name":"diario5","@id":"https:\/\/diariotextual.com\/inicio\/#\/schema\/person\/c7834961ad8b29b1d9cdbf4571299067"},"headline":"Santa Rosa: 75 personas ya iniciaron el tr\u00e1mite para el registro de cannabis medicinal","datePublished":"2021-08-24T11:18:49+00:00","dateModified":"2021-08-24T12:41:50+00:00","mainEntityOfPage":{"@id":"https:\/\/diariotextual.com\/inicio\/index.php\/2021\/08\/24\/santa-rosa-75-personas-ya-iniciaron-el-tramite-para-el-registro-de-cannabis-medicinal\/"},"wordCount":122,"publisher":{"@id":"https:\/\/diariotextual.com\/inicio\/#organization"},"image":{"@id":"https:\/\/diariotextual.com\/inicio\/index.php\/2021\/08\/24\/santa-rosa-75-personas-ya-iniciaron-el-tramite-para-el-registro-de-cannabis-medicinal\/#primaryimage"},"thumbnailUrl":"https:\/\/diariotextual.com\/inicio\/wp-content\/uploads\/2020\/07\/cannabismarihuanatelam2020-1.jpg","keywords":["cannabis medicinal"],"articleSection":["A - PORTADA2","SOCIEDAD"],"inLanguage":"es"},{"@type":"WebPage","@id":"https:\/\/diariotextual.com\/inicio\/index.php\/2021\/08\/24\/santa-rosa-75-personas-ya-iniciaron-el-tramite-para-el-registro-de-cannabis-medicinal\/","url":"https:\/\/diariotextual.com\/inicio\/index.php\/2021\/08\/24\/santa-rosa-75-personas-ya-iniciaron-el-tramite-para-el-registro-de-cannabis-medicinal\/","name":"Santa Rosa: 75 personas ya iniciaron el tr\u00e1mite para el registro de cannabis medicinal - Diario Textual","isPartOf":{"@id":"https:\/\/diariotextual.com\/inicio\/#website"},"primaryImageOfPage":{"@id":"https:\/\/diariotextual.com\/inicio\/index.php\/2021\/08\/24\/santa-rosa-75-personas-ya-iniciaron-el-tramite-para-el-registro-de-cannabis-medicinal\/#primaryimage"},"image":{"@id":"https:\/\/diariotextual.com\/inicio\/index.php\/2021\/08\/24\/santa-rosa-75-personas-ya-iniciaron-el-tramite-para-el-registro-de-cannabis-medicinal\/#primaryimage"},"thumbnailUrl":"https:\/\/diariotextual.com\/inicio\/wp-content\/uploads\/2020\/07\/cannabismarihuanatelam2020-1.jpg","datePublished":"2021-08-24T11:18:49+00:00","dateModified":"2021-08-24T12:41:50+00:00","breadcrumb":{"@id":"https:\/\/diariotextual.com\/inicio\/index.php\/2021\/08\/24\/santa-rosa-75-personas-ya-iniciaron-el-tramite-para-el-registro-de-cannabis-medicinal\/#breadcrumb"},"inLanguage":"es","potentialAction":[{"@type":"ReadAction","target":["https:\/\/diariotextual.com\/inicio\/index.php\/2021\/08\/24\/santa-rosa-75-personas-ya-iniciaron-el-tramite-para-el-registro-de-cannabis-medicinal\/"]}]},{"@type":"ImageObject","inLanguage":"es","@id":"https:\/\/diariotextual.com\/inicio\/index.php\/2021\/08\/24\/santa-rosa-75-personas-ya-iniciaron-el-tramite-para-el-registro-de-cannabis-medicinal\/#primaryimage","url":"https:\/\/diariotextual.com\/inicio\/wp-content\/uploads\/2020\/07\/cannabismarihuanatelam2020-1.jpg","contentUrl":"https:\/\/diariotextual.com\/inicio\/wp-content\/uploads\/2020\/07\/cannabismarihuanatelam2020-1.jpg","width":1004,"height":565},{"@type":"BreadcrumbList","@id":"https:\/\/diariotextual.com\/inicio\/index.php\/2021\/08\/24\/santa-rosa-75-personas-ya-iniciaron-el-tramite-para-el-registro-de-cannabis-medicinal\/#breadcrumb","itemListElement":[{"@type":"ListItem","position":1,"name":"Portada","item":"https:\/\/diariotextual.com\/inicio\/"},{"@type":"ListItem","position":2,"name":"Santa Rosa: 75 personas ya iniciaron el tr\u00e1mite para el registro de cannabis medicinal"}]},{"@type":"WebSite","@id":"https:\/\/diariotextual.com\/inicio\/#website","url":"https:\/\/diariotextual.com\/inicio\/","name":"Diario Textual","description":"","publisher":{"@id":"https:\/\/diariotextual.com\/inicio\/#organization"},"potentialAction":[{"@type":"SearchAction","target":{"@type":"EntryPoint","urlTemplate":"https:\/\/diariotextual.com\/inicio\/?s={search_term_string}"},"query-input":{"@type":"PropertyValueSpecification","valueRequired":true,"valueName":"search_term_string"}}],"inLanguage":"es"},{"@type":"Organization","@id":"https:\/\/diariotextual.com\/inicio\/#organization","name":"Diario Textual","url":"https:\/\/diariotextual.com\/inicio\/","logo":{"@type":"ImageObject","inLanguage":"es","@id":"https:\/\/diariotextual.com\/inicio\/#\/schema\/logo\/image\/","url":"https:\/\/diariotextual.com\/inicio\/wp-content\/uploads\/2023\/05\/logotextual1.jpg","contentUrl":"https:\/\/diariotextual.com\/inicio\/wp-content\/uploads\/2023\/05\/logotextual1.jpg","width":516,"height":76,"caption":"Diario Textual"},"image":{"@id":"https:\/\/diariotextual.com\/inicio\/#\/schema\/logo\/image\/"},"sameAs":["https:\/\/www.facebook.com\/eltextual","https:\/\/x.com\/eltextual","http:\/\/www.instagram.com\/eltextual"]},{"@type":"Person","@id":"https:\/\/diariotextual.com\/inicio\/#\/schema\/person\/c7834961ad8b29b1d9cdbf4571299067","name":"diario5","image":{"@type":"ImageObject","inLanguage":"es","@id":"https:\/\/secure.gravatar.com\/avatar\/948c893b847ca6df68216ead81b63f363408ec9b0f600fefc0641ce78613b111?s=96&d=mm&r=g","url":"https:\/\/secure.gravatar.com\/avatar\/948c893b847ca6df68216ead81b63f363408ec9b0f600fefc0641ce78613b111?s=96&d=mm&r=g","contentUrl":"https:\/\/secure.gravatar.com\/avatar\/948c893b847ca6df68216ead81b63f363408ec9b0f600fefc0641ce78613b111?s=96&d=mm&r=g","caption":"diario5"},"url":"https:\/\/diariotextual.com\/inicio\/index.php\/author\/diario5\/"}]}},"_links":{"self":[{"href":"https:\/\/diariotextual.com\/inicio\/index.php\/wp-json\/wp\/v2\/posts\/158818","targetHints":{"allow":["GET"]}}],"collection":[{"href":"https:\/\/diariotextual.com\/inicio\/index.php\/wp-json\/wp\/v2\/posts"}],"about":[{"href":"https:\/\/diariotextual.com\/inicio\/index.php\/wp-json\/wp\/v2\/types\/post"}],"author":[{"embeddable":true,"href":"https:\/\/diariotextual.com\/inicio\/index.php\/wp-json\/wp\/v2\/users\/7"}],"replies":[{"embeddable":true,"href":"https:\/\/diariotextual.com\/inicio\/index.php\/wp-json\/wp\/v2\/comments?post=158818"}],"version-history":[{"count":1,"href":"https:\/\/diariotextual.com\/inicio\/index.php\/wp-json\/wp\/v2\/posts\/158818\/revisions"}],"predecessor-version":[{"id":158822,"href":"https:\/\/diariotextual.com\/inicio\/index.php\/wp-json\/wp\/v2\/posts\/158818\/revisions\/158822"}],"wp:featuredmedia":[{"embeddable":true,"href":"https:\/\/diariotextual.com\/inicio\/index.php\/wp-json\/wp\/v2\/media\/101962"}],"wp:attachment":[{"href":"https:\/\/diariotextual.com\/inicio\/index.php\/wp-json\/wp\/v2\/media?parent=158818"}],"wp:term":[{"taxonomy":"category","embeddable":true,"href":"https:\/\/diariotextual.com\/inicio\/index.php\/wp-json\/wp\/v2\/categories?post=158818"},{"taxonomy":"post_tag","embeddable":true,"href":"https:\/\/diariotextual.com\/inicio\/index.php\/wp-json\/wp\/v2\/tags?post=158818"}],"curies":[{"name":"wp","href":"https:\/\/api.w.org\/{rel}","templated":true}]}}