{"id":158850,"date":"2021-08-25T08:20:52","date_gmt":"2021-08-25T11:20:52","guid":{"rendered":"https:\/\/diariotextual.com\/inicio\/?p=158850"},"modified":"2021-08-25T11:04:57","modified_gmt":"2021-08-25T14:04:57","slug":"la-pampa-la-provincia-que-produce-la-mejor-leche-del-pais","status":"publish","type":"post","link":"https:\/\/diariotextual.com\/inicio\/index.php\/2021\/08\/25\/la-pampa-la-provincia-que-produce-la-mejor-leche-del-pais\/","title":{"rendered":"La Pampa, la provincia que produce la mejor leche del pa\u00eds"},"content":{"rendered":"\n<p>La Pampa es la provincia que produce la mejor leche del pa\u00eds, de acuerdo a los par\u00e1metros de sanidad del Observatorio de la Cadena L\u00e1ctea. La leche pampeana contiene un 7,52% de s\u00f3lidos \u00fatiles (grasa butirosa + prote\u00edna), seguida por Buenos Aires con un 7,27% y por Santa Fe con un 7,23%.<\/p>\n\n\n\n<p>La informaci\u00f3n publicada en el sitio bichosdecampo.com precis\u00f3 que en julio pasado el nivel promedio de s\u00f3lidos \u00fatiles de la leche argentina a nivel nacional fue de 7,20%, la cifra m\u00e1s elevada de la \u00faltima d\u00e9cada. En julio de 2020, seg\u00fan datos de Siglea difundidos por el Observatorio de la Cadena L\u00e1ctea (Ocla), hab\u00eda sido de 7,14%.<\/p>\n\n\n\n<figure class=\"wp-block-image size-large\"><img fetchpriority=\"high\" decoding=\"async\" width=\"1024\" height=\"272\" src=\"https:\/\/diariotextual.com\/inicio\/wp-content\/uploads\/2021\/08\/lechecuadro-1024x272.png\" alt=\"\" class=\"wp-image-158856\" srcset=\"https:\/\/diariotextual.com\/inicio\/wp-content\/uploads\/2021\/08\/lechecuadro-1024x272.png 1024w, https:\/\/diariotextual.com\/inicio\/wp-content\/uploads\/2021\/08\/lechecuadro-300x80.png 300w, https:\/\/diariotextual.com\/inicio\/wp-content\/uploads\/2021\/08\/lechecuadro-768x204.png 768w, https:\/\/diariotextual.com\/inicio\/wp-content\/uploads\/2021\/08\/lechecuadro-1536x408.png 1536w, https:\/\/diariotextual.com\/inicio\/wp-content\/uploads\/2021\/08\/lechecuadro-2048x543.png 2048w, https:\/\/diariotextual.com\/inicio\/wp-content\/uploads\/2021\/08\/lechecuadro-1170x310.png 1170w, https:\/\/diariotextual.com\/inicio\/wp-content\/uploads\/2021\/08\/lechecuadro-585x155.png 585w\" sizes=\"(max-width: 1024px) 100vw, 1024px\" \/><\/figure>\n\n\n\n<p>\u00bfPor qu\u00e9 la leche de La Pampa es la de mejor calidad? En primer lugar porque el volumen de leche elaborado en La Pampa es muy limitado, con lo cual unos pocos grandes tambos pueden explicar el promedio. En segundo lugar, al tener condiciones menos propicias para dise\u00f1ar sistemas de base pastoril, las empresas lecheras presentes en La Pampa suelen contar con planteos intensivos.<\/p>\n\n\n\n<p>En t\u00e9rminos ponderados, si se considera el enorme volumen de leche aportado, la provincia de Buenos Aires es la que cuenta con los mejores indicadores sanitarios y de calidad de leche argentina.<\/p>\n\n\n\n<p>A partir del ingreso a la primavera, la productividad de los tambos de las diferentes cuencas lecheras comienza a incrementarse junto con un descenso relativo de los s\u00f3lidos \u00fatiles, que reci\u00e9n se incrementan a partir del oto\u00f1o.<\/p>\n\n\n\n<p>La normativa vigente (resoluci\u00f3n 189\/2014) establece que la liquidaci\u00f3n de la leche cruda deber\u00e1 conformarse de forma tal que, como m\u00ednimo, el 80% resulte de la ponderaci\u00f3n de atributos de calidad composicional e higi\u00e9nico-sanitarios y, como m\u00e1ximo, el 20% por otras bonificaciones o bonificaciones comerciales.<\/p>\n\n\n\n<p>La valorizaci\u00f3n que corresponda a los contenidos de s\u00f3lidos (grasa y prote\u00edna) y calidad higi\u00e9nico-sanitaria, deber\u00e1 respetar la siguiente proporci\u00f3n: 65% como m\u00ednimo para grasa y prote\u00edna y 35% como m\u00e1ximo para la calidad higi\u00e9nico-sanitario.<\/p>\n","protected":false},"excerpt":{"rendered":"<p>La Pampa es la provincia que produce la mejor leche del pa\u00eds, de acuerdo a los par\u00e1metros de sanidad del Observatorio de la Cadena L\u00e1ctea. La leche pampeana contiene un&hellip;<\/p>\n","protected":false},"author":7,"featured_media":14636,"comment_status":"closed","ping_status":"open","sticky":false,"template":"","format":"standard","meta":{"_acf_changed":false,"footnotes":""},"categories":[10,20],"tags":[2009],"class_list":["post-158850","post","type-post","status-publish","format-standard","has-post-thumbnail","hentry","category-portada-2","category-campo","tag-leche"],"acf":[],"yoast_head":"<!-- This site is optimized with the Yoast SEO plugin v27.5 - https:\/\/yoast.com\/product\/yoast-seo-wordpress\/ -->\n<title>La Pampa, la provincia que produce la mejor leche del pa\u00eds - Diario Textual<\/title>\n<meta name=\"robots\" content=\"index, follow, max-snippet:-1, max-image-preview:large, max-video-preview:-1\" \/>\n<link rel=\"canonical\" href=\"https:\/\/diariotextual.com\/inicio\/index.php\/2021\/08\/25\/la-pampa-la-provincia-que-produce-la-mejor-leche-del-pais\/\" \/>\n<meta property=\"og:locale\" content=\"es_ES\" \/>\n<meta property=\"og:type\" content=\"article\" \/>\n<meta property=\"og:title\" content=\"La Pampa, la provincia que produce la mejor leche del pa\u00eds - Diario Textual\" \/>\n<meta property=\"og:description\" content=\"La Pampa es la provincia que produce la mejor leche del pa\u00eds, de acuerdo a los par\u00e1metros de sanidad del Observatorio de la Cadena L\u00e1ctea. La leche pampeana contiene un&hellip;\" \/>\n<meta property=\"og:url\" content=\"https:\/\/diariotextual.com\/inicio\/index.php\/2021\/08\/25\/la-pampa-la-provincia-que-produce-la-mejor-leche-del-pais\/\" \/>\n<meta property=\"og:site_name\" content=\"Diario Textual\" \/>\n<meta property=\"article:publisher\" content=\"https:\/\/www.facebook.com\/eltextual\" \/>\n<meta property=\"article:published_time\" content=\"2021-08-25T11:20:52+00:00\" \/>\n<meta property=\"article:modified_time\" content=\"2021-08-25T14:04:57+00:00\" \/>\n<meta property=\"og:image\" content=\"https:\/\/diariotextual.com\/inicio\/wp-content\/uploads\/2018\/07\/tamboslecheria911.jpg\" \/>\n\t<meta property=\"og:image:width\" content=\"920\" \/>\n\t<meta property=\"og:image:height\" content=\"565\" \/>\n\t<meta property=\"og:image:type\" content=\"image\/jpeg\" \/>\n<meta name=\"author\" content=\"diario5\" \/>\n<meta name=\"twitter:card\" content=\"summary_large_image\" \/>\n<meta name=\"twitter:creator\" content=\"@eltextual\" \/>\n<meta name=\"twitter:site\" content=\"@eltextual\" \/>\n<meta name=\"twitter:label1\" content=\"Escrito por\" \/>\n\t<meta name=\"twitter:data1\" content=\"diario5\" \/>\n\t<meta name=\"twitter:label2\" content=\"Tiempo de lectura\" \/>\n\t<meta name=\"twitter:data2\" content=\"2 minutos\" \/>\n<script type=\"application\/ld+json\" class=\"yoast-schema-graph\">{\"@context\":\"https:\\\/\\\/schema.org\",\"@graph\":[{\"@type\":\"Article\",\"@id\":\"https:\\\/\\\/diariotextual.com\\\/inicio\\\/index.php\\\/2021\\\/08\\\/25\\\/la-pampa-la-provincia-que-produce-la-mejor-leche-del-pais\\\/#article\",\"isPartOf\":{\"@id\":\"https:\\\/\\\/diariotextual.com\\\/inicio\\\/index.php\\\/2021\\\/08\\\/25\\\/la-pampa-la-provincia-que-produce-la-mejor-leche-del-pais\\\/\"},\"author\":{\"name\":\"diario5\",\"@id\":\"https:\\\/\\\/diariotextual.com\\\/inicio\\\/#\\\/schema\\\/person\\\/c7834961ad8b29b1d9cdbf4571299067\"},\"headline\":\"La Pampa, la provincia que produce la mejor leche del pa\u00eds\",\"datePublished\":\"2021-08-25T11:20:52+00:00\",\"dateModified\":\"2021-08-25T14:04:57+00:00\",\"mainEntityOfPage\":{\"@id\":\"https:\\\/\\\/diariotextual.com\\\/inicio\\\/index.php\\\/2021\\\/08\\\/25\\\/la-pampa-la-provincia-que-produce-la-mejor-leche-del-pais\\\/\"},\"wordCount\":355,\"publisher\":{\"@id\":\"https:\\\/\\\/diariotextual.com\\\/inicio\\\/#organization\"},\"image\":{\"@id\":\"https:\\\/\\\/diariotextual.com\\\/inicio\\\/index.php\\\/2021\\\/08\\\/25\\\/la-pampa-la-provincia-que-produce-la-mejor-leche-del-pais\\\/#primaryimage\"},\"thumbnailUrl\":\"https:\\\/\\\/diariotextual.com\\\/inicio\\\/wp-content\\\/uploads\\\/2018\\\/07\\\/tamboslecheria911.jpg\",\"keywords\":[\"leche\"],\"articleSection\":[\"A - PORTADA2\",\"CAMPO\"],\"inLanguage\":\"es\"},{\"@type\":\"WebPage\",\"@id\":\"https:\\\/\\\/diariotextual.com\\\/inicio\\\/index.php\\\/2021\\\/08\\\/25\\\/la-pampa-la-provincia-que-produce-la-mejor-leche-del-pais\\\/\",\"url\":\"https:\\\/\\\/diariotextual.com\\\/inicio\\\/index.php\\\/2021\\\/08\\\/25\\\/la-pampa-la-provincia-que-produce-la-mejor-leche-del-pais\\\/\",\"name\":\"La Pampa, la provincia que produce la mejor leche del pa\u00eds - Diario Textual\",\"isPartOf\":{\"@id\":\"https:\\\/\\\/diariotextual.com\\\/inicio\\\/#website\"},\"primaryImageOfPage\":{\"@id\":\"https:\\\/\\\/diariotextual.com\\\/inicio\\\/index.php\\\/2021\\\/08\\\/25\\\/la-pampa-la-provincia-que-produce-la-mejor-leche-del-pais\\\/#primaryimage\"},\"image\":{\"@id\":\"https:\\\/\\\/diariotextual.com\\\/inicio\\\/index.php\\\/2021\\\/08\\\/25\\\/la-pampa-la-provincia-que-produce-la-mejor-leche-del-pais\\\/#primaryimage\"},\"thumbnailUrl\":\"https:\\\/\\\/diariotextual.com\\\/inicio\\\/wp-content\\\/uploads\\\/2018\\\/07\\\/tamboslecheria911.jpg\",\"datePublished\":\"2021-08-25T11:20:52+00:00\",\"dateModified\":\"2021-08-25T14:04:57+00:00\",\"breadcrumb\":{\"@id\":\"https:\\\/\\\/diariotextual.com\\\/inicio\\\/index.php\\\/2021\\\/08\\\/25\\\/la-pampa-la-provincia-que-produce-la-mejor-leche-del-pais\\\/#breadcrumb\"},\"inLanguage\":\"es\",\"potentialAction\":[{\"@type\":\"ReadAction\",\"target\":[\"https:\\\/\\\/diariotextual.com\\\/inicio\\\/index.php\\\/2021\\\/08\\\/25\\\/la-pampa-la-provincia-que-produce-la-mejor-leche-del-pais\\\/\"]}]},{\"@type\":\"ImageObject\",\"inLanguage\":\"es\",\"@id\":\"https:\\\/\\\/diariotextual.com\\\/inicio\\\/index.php\\\/2021\\\/08\\\/25\\\/la-pampa-la-provincia-que-produce-la-mejor-leche-del-pais\\\/#primaryimage\",\"url\":\"https:\\\/\\\/diariotextual.com\\\/inicio\\\/wp-content\\\/uploads\\\/2018\\\/07\\\/tamboslecheria911.jpg\",\"contentUrl\":\"https:\\\/\\\/diariotextual.com\\\/inicio\\\/wp-content\\\/uploads\\\/2018\\\/07\\\/tamboslecheria911.jpg\",\"width\":920,\"height\":565},{\"@type\":\"BreadcrumbList\",\"@id\":\"https:\\\/\\\/diariotextual.com\\\/inicio\\\/index.php\\\/2021\\\/08\\\/25\\\/la-pampa-la-provincia-que-produce-la-mejor-leche-del-pais\\\/#breadcrumb\",\"itemListElement\":[{\"@type\":\"ListItem\",\"position\":1,\"name\":\"Portada\",\"item\":\"https:\\\/\\\/diariotextual.com\\\/inicio\\\/\"},{\"@type\":\"ListItem\",\"position\":2,\"name\":\"La Pampa, la provincia que produce la mejor leche del pa\u00eds\"}]},{\"@type\":\"WebSite\",\"@id\":\"https:\\\/\\\/diariotextual.com\\\/inicio\\\/#website\",\"url\":\"https:\\\/\\\/diariotextual.com\\\/inicio\\\/\",\"name\":\"Diario Textual\",\"description\":\"\",\"publisher\":{\"@id\":\"https:\\\/\\\/diariotextual.com\\\/inicio\\\/#organization\"},\"potentialAction\":[{\"@type\":\"SearchAction\",\"target\":{\"@type\":\"EntryPoint\",\"urlTemplate\":\"https:\\\/\\\/diariotextual.com\\\/inicio\\\/?s={search_term_string}\"},\"query-input\":{\"@type\":\"PropertyValueSpecification\",\"valueRequired\":true,\"valueName\":\"search_term_string\"}}],\"inLanguage\":\"es\"},{\"@type\":\"Organization\",\"@id\":\"https:\\\/\\\/diariotextual.com\\\/inicio\\\/#organization\",\"name\":\"Diario Textual\",\"url\":\"https:\\\/\\\/diariotextual.com\\\/inicio\\\/\",\"logo\":{\"@type\":\"ImageObject\",\"inLanguage\":\"es\",\"@id\":\"https:\\\/\\\/diariotextual.com\\\/inicio\\\/#\\\/schema\\\/logo\\\/image\\\/\",\"url\":\"https:\\\/\\\/diariotextual.com\\\/inicio\\\/wp-content\\\/uploads\\\/2023\\\/05\\\/logotextual1.jpg\",\"contentUrl\":\"https:\\\/\\\/diariotextual.com\\\/inicio\\\/wp-content\\\/uploads\\\/2023\\\/05\\\/logotextual1.jpg\",\"width\":516,\"height\":76,\"caption\":\"Diario Textual\"},\"image\":{\"@id\":\"https:\\\/\\\/diariotextual.com\\\/inicio\\\/#\\\/schema\\\/logo\\\/image\\\/\"},\"sameAs\":[\"https:\\\/\\\/www.facebook.com\\\/eltextual\",\"https:\\\/\\\/x.com\\\/eltextual\",\"http:\\\/\\\/www.instagram.com\\\/eltextual\"]},{\"@type\":\"Person\",\"@id\":\"https:\\\/\\\/diariotextual.com\\\/inicio\\\/#\\\/schema\\\/person\\\/c7834961ad8b29b1d9cdbf4571299067\",\"name\":\"diario5\",\"image\":{\"@type\":\"ImageObject\",\"inLanguage\":\"es\",\"@id\":\"https:\\\/\\\/secure.gravatar.com\\\/avatar\\\/948c893b847ca6df68216ead81b63f363408ec9b0f600fefc0641ce78613b111?s=96&d=mm&r=g\",\"url\":\"https:\\\/\\\/secure.gravatar.com\\\/avatar\\\/948c893b847ca6df68216ead81b63f363408ec9b0f600fefc0641ce78613b111?s=96&d=mm&r=g\",\"contentUrl\":\"https:\\\/\\\/secure.gravatar.com\\\/avatar\\\/948c893b847ca6df68216ead81b63f363408ec9b0f600fefc0641ce78613b111?s=96&d=mm&r=g\",\"caption\":\"diario5\"},\"url\":\"https:\\\/\\\/diariotextual.com\\\/inicio\\\/index.php\\\/author\\\/diario5\\\/\"}]}<\/script>\n<!-- \/ Yoast SEO plugin. -->","yoast_head_json":{"title":"La Pampa, la provincia que produce la mejor leche del pa\u00eds - Diario Textual","robots":{"index":"index","follow":"follow","max-snippet":"max-snippet:-1","max-image-preview":"max-image-preview:large","max-video-preview":"max-video-preview:-1"},"canonical":"https:\/\/diariotextual.com\/inicio\/index.php\/2021\/08\/25\/la-pampa-la-provincia-que-produce-la-mejor-leche-del-pais\/","og_locale":"es_ES","og_type":"article","og_title":"La Pampa, la provincia que produce la mejor leche del pa\u00eds - Diario Textual","og_description":"La Pampa es la provincia que produce la mejor leche del pa\u00eds, de acuerdo a los par\u00e1metros de sanidad del Observatorio de la Cadena L\u00e1ctea. La leche pampeana contiene un&hellip;","og_url":"https:\/\/diariotextual.com\/inicio\/index.php\/2021\/08\/25\/la-pampa-la-provincia-que-produce-la-mejor-leche-del-pais\/","og_site_name":"Diario Textual","article_publisher":"https:\/\/www.facebook.com\/eltextual","article_published_time":"2021-08-25T11:20:52+00:00","article_modified_time":"2021-08-25T14:04:57+00:00","og_image":[{"width":920,"height":565,"url":"https:\/\/diariotextual.com\/inicio\/wp-content\/uploads\/2018\/07\/tamboslecheria911.jpg","type":"image\/jpeg"}],"author":"diario5","twitter_card":"summary_large_image","twitter_creator":"@eltextual","twitter_site":"@eltextual","twitter_misc":{"Escrito por":"diario5","Tiempo de lectura":"2 minutos"},"schema":{"@context":"https:\/\/schema.org","@graph":[{"@type":"Article","@id":"https:\/\/diariotextual.com\/inicio\/index.php\/2021\/08\/25\/la-pampa-la-provincia-que-produce-la-mejor-leche-del-pais\/#article","isPartOf":{"@id":"https:\/\/diariotextual.com\/inicio\/index.php\/2021\/08\/25\/la-pampa-la-provincia-que-produce-la-mejor-leche-del-pais\/"},"author":{"name":"diario5","@id":"https:\/\/diariotextual.com\/inicio\/#\/schema\/person\/c7834961ad8b29b1d9cdbf4571299067"},"headline":"La Pampa, la provincia que produce la mejor leche del pa\u00eds","datePublished":"2021-08-25T11:20:52+00:00","dateModified":"2021-08-25T14:04:57+00:00","mainEntityOfPage":{"@id":"https:\/\/diariotextual.com\/inicio\/index.php\/2021\/08\/25\/la-pampa-la-provincia-que-produce-la-mejor-leche-del-pais\/"},"wordCount":355,"publisher":{"@id":"https:\/\/diariotextual.com\/inicio\/#organization"},"image":{"@id":"https:\/\/diariotextual.com\/inicio\/index.php\/2021\/08\/25\/la-pampa-la-provincia-que-produce-la-mejor-leche-del-pais\/#primaryimage"},"thumbnailUrl":"https:\/\/diariotextual.com\/inicio\/wp-content\/uploads\/2018\/07\/tamboslecheria911.jpg","keywords":["leche"],"articleSection":["A - PORTADA2","CAMPO"],"inLanguage":"es"},{"@type":"WebPage","@id":"https:\/\/diariotextual.com\/inicio\/index.php\/2021\/08\/25\/la-pampa-la-provincia-que-produce-la-mejor-leche-del-pais\/","url":"https:\/\/diariotextual.com\/inicio\/index.php\/2021\/08\/25\/la-pampa-la-provincia-que-produce-la-mejor-leche-del-pais\/","name":"La Pampa, la provincia que produce la mejor leche del pa\u00eds - Diario Textual","isPartOf":{"@id":"https:\/\/diariotextual.com\/inicio\/#website"},"primaryImageOfPage":{"@id":"https:\/\/diariotextual.com\/inicio\/index.php\/2021\/08\/25\/la-pampa-la-provincia-que-produce-la-mejor-leche-del-pais\/#primaryimage"},"image":{"@id":"https:\/\/diariotextual.com\/inicio\/index.php\/2021\/08\/25\/la-pampa-la-provincia-que-produce-la-mejor-leche-del-pais\/#primaryimage"},"thumbnailUrl":"https:\/\/diariotextual.com\/inicio\/wp-content\/uploads\/2018\/07\/tamboslecheria911.jpg","datePublished":"2021-08-25T11:20:52+00:00","dateModified":"2021-08-25T14:04:57+00:00","breadcrumb":{"@id":"https:\/\/diariotextual.com\/inicio\/index.php\/2021\/08\/25\/la-pampa-la-provincia-que-produce-la-mejor-leche-del-pais\/#breadcrumb"},"inLanguage":"es","potentialAction":[{"@type":"ReadAction","target":["https:\/\/diariotextual.com\/inicio\/index.php\/2021\/08\/25\/la-pampa-la-provincia-que-produce-la-mejor-leche-del-pais\/"]}]},{"@type":"ImageObject","inLanguage":"es","@id":"https:\/\/diariotextual.com\/inicio\/index.php\/2021\/08\/25\/la-pampa-la-provincia-que-produce-la-mejor-leche-del-pais\/#primaryimage","url":"https:\/\/diariotextual.com\/inicio\/wp-content\/uploads\/2018\/07\/tamboslecheria911.jpg","contentUrl":"https:\/\/diariotextual.com\/inicio\/wp-content\/uploads\/2018\/07\/tamboslecheria911.jpg","width":920,"height":565},{"@type":"BreadcrumbList","@id":"https:\/\/diariotextual.com\/inicio\/index.php\/2021\/08\/25\/la-pampa-la-provincia-que-produce-la-mejor-leche-del-pais\/#breadcrumb","itemListElement":[{"@type":"ListItem","position":1,"name":"Portada","item":"https:\/\/diariotextual.com\/inicio\/"},{"@type":"ListItem","position":2,"name":"La Pampa, la provincia que produce la mejor leche del pa\u00eds"}]},{"@type":"WebSite","@id":"https:\/\/diariotextual.com\/inicio\/#website","url":"https:\/\/diariotextual.com\/inicio\/","name":"Diario Textual","description":"","publisher":{"@id":"https:\/\/diariotextual.com\/inicio\/#organization"},"potentialAction":[{"@type":"SearchAction","target":{"@type":"EntryPoint","urlTemplate":"https:\/\/diariotextual.com\/inicio\/?s={search_term_string}"},"query-input":{"@type":"PropertyValueSpecification","valueRequired":true,"valueName":"search_term_string"}}],"inLanguage":"es"},{"@type":"Organization","@id":"https:\/\/diariotextual.com\/inicio\/#organization","name":"Diario Textual","url":"https:\/\/diariotextual.com\/inicio\/","logo":{"@type":"ImageObject","inLanguage":"es","@id":"https:\/\/diariotextual.com\/inicio\/#\/schema\/logo\/image\/","url":"https:\/\/diariotextual.com\/inicio\/wp-content\/uploads\/2023\/05\/logotextual1.jpg","contentUrl":"https:\/\/diariotextual.com\/inicio\/wp-content\/uploads\/2023\/05\/logotextual1.jpg","width":516,"height":76,"caption":"Diario Textual"},"image":{"@id":"https:\/\/diariotextual.com\/inicio\/#\/schema\/logo\/image\/"},"sameAs":["https:\/\/www.facebook.com\/eltextual","https:\/\/x.com\/eltextual","http:\/\/www.instagram.com\/eltextual"]},{"@type":"Person","@id":"https:\/\/diariotextual.com\/inicio\/#\/schema\/person\/c7834961ad8b29b1d9cdbf4571299067","name":"diario5","image":{"@type":"ImageObject","inLanguage":"es","@id":"https:\/\/secure.gravatar.com\/avatar\/948c893b847ca6df68216ead81b63f363408ec9b0f600fefc0641ce78613b111?s=96&d=mm&r=g","url":"https:\/\/secure.gravatar.com\/avatar\/948c893b847ca6df68216ead81b63f363408ec9b0f600fefc0641ce78613b111?s=96&d=mm&r=g","contentUrl":"https:\/\/secure.gravatar.com\/avatar\/948c893b847ca6df68216ead81b63f363408ec9b0f600fefc0641ce78613b111?s=96&d=mm&r=g","caption":"diario5"},"url":"https:\/\/diariotextual.com\/inicio\/index.php\/author\/diario5\/"}]}},"_links":{"self":[{"href":"https:\/\/diariotextual.com\/inicio\/index.php\/wp-json\/wp\/v2\/posts\/158850","targetHints":{"allow":["GET"]}}],"collection":[{"href":"https:\/\/diariotextual.com\/inicio\/index.php\/wp-json\/wp\/v2\/posts"}],"about":[{"href":"https:\/\/diariotextual.com\/inicio\/index.php\/wp-json\/wp\/v2\/types\/post"}],"author":[{"embeddable":true,"href":"https:\/\/diariotextual.com\/inicio\/index.php\/wp-json\/wp\/v2\/users\/7"}],"replies":[{"embeddable":true,"href":"https:\/\/diariotextual.com\/inicio\/index.php\/wp-json\/wp\/v2\/comments?post=158850"}],"version-history":[{"count":3,"href":"https:\/\/diariotextual.com\/inicio\/index.php\/wp-json\/wp\/v2\/posts\/158850\/revisions"}],"predecessor-version":[{"id":158857,"href":"https:\/\/diariotextual.com\/inicio\/index.php\/wp-json\/wp\/v2\/posts\/158850\/revisions\/158857"}],"wp:featuredmedia":[{"embeddable":true,"href":"https:\/\/diariotextual.com\/inicio\/index.php\/wp-json\/wp\/v2\/media\/14636"}],"wp:attachment":[{"href":"https:\/\/diariotextual.com\/inicio\/index.php\/wp-json\/wp\/v2\/media?parent=158850"}],"wp:term":[{"taxonomy":"category","embeddable":true,"href":"https:\/\/diariotextual.com\/inicio\/index.php\/wp-json\/wp\/v2\/categories?post=158850"},{"taxonomy":"post_tag","embeddable":true,"href":"https:\/\/diariotextual.com\/inicio\/index.php\/wp-json\/wp\/v2\/tags?post=158850"}],"curies":[{"name":"wp","href":"https:\/\/api.w.org\/{rel}","templated":true}]}}