{"id":158858,"date":"2021-08-24T10:48:12","date_gmt":"2021-08-24T13:48:12","guid":{"rendered":"https:\/\/diariotextual.com\/inicio\/?p=158858"},"modified":"2021-08-24T13:04:15","modified_gmt":"2021-08-24T16:04:15","slug":"vizzotti-no-hay-ninguna-vacuna-contra-el-coronavirus-en-la-heladera","status":"publish","type":"post","link":"https:\/\/diariotextual.com\/inicio\/index.php\/2021\/08\/24\/vizzotti-no-hay-ninguna-vacuna-contra-el-coronavirus-en-la-heladera\/","title":{"rendered":"Vizzotti: \u00abNo hay ninguna vacuna contra el coronavirus en la heladera\u00bb"},"content":{"rendered":"\n<p>La ministra de Salud, <strong>Carla Vizzotti<\/strong>, sostuvo hoy que<strong> \u00abno hay ninguna vacuna contra el coronavirus en la heladera\u00bb<\/strong> y dijo que el proceso de distribuci\u00f3n es \u00absostenido cuando hay ingresos grandes\u00bb de dosis.<\/p>\n\n\n\n<p>\u00abEs un proceso de una complejidad bien grande. Me llama la atenci\u00f3n que no se entienda, parece que fuera una estrategia para decir que las vacunas est\u00e1n en la heladera cuando no es as\u00ed. Las vacunas est\u00e1n en constante movimiento desde que llegan al pa\u00eds y se distribuyen en las provincias\u00bb, dijo Vizzotti en declaraciones a la prensa en el aeropuerto de Ezeiza.<\/p>\n\n\n\n<p>\u201cLeer el Monitor P\u00fablico de Vacunaci\u00f3n no quiere decir que esas vacunas est\u00e9n en la heladera. Tiene una complejidad bien grande que hemos explicado muchas veces y que a m\u00ed me llama la atenci\u00f3n que no se entienda, porque por ah\u00ed es una estrategia para decir que las vacunas est\u00e1n en la heladera cuando ya est\u00e1 tan claro que no es as\u00ed\u201d, insisti\u00f3.<\/p>\n\n\n\n<p>Por lo pronto,<strong> La Pampa y la ciudad de Buenos Aires son las \u00fanicas jurisdicciones del pa\u00eds que aplicaron m\u00e1s vacunas de las que recibieron. <\/strong>En el caso de nuestra provincia, siempre seg\u00fan datos oficiales, <strong>se aplicaron unas 13 mil dosis m\u00e1s de las recibidas <\/strong>(gracias a que hay frascos que llegan con m\u00e1s dosis de las indicadas).<\/p>\n\n\n\n<p>En tanto, en la otra punta se ubica Misiones: el 30% de las dosis recibidas a\u00fan no fueron colocadas.<\/p>\n\n\n\n<p>Ayer, <strong>el m\u00e9dico infect\u00f3logo Eduardo L\u00f3pez asegur\u00f3 que \u00abes un fracaso del sistema \u00bb que cinco millones de dosis de vacunas contra el coronavirus a\u00fan no se hayan inoculado en Argentina, y sostuvo que el pa\u00eds tiene \u00abla obligaci\u00f3n y la necesidad\u00bb de aumentar el ritmo de vacunaci\u00f3n para completar las dos dosis.<\/strong> \u00abSeg\u00fan datos oficiales, son unas 5 millones de dosis, es una barbaridad tener dosis guardadas en heladeras, un fracaso del sistema\u00bb, manifest\u00f3 L\u00f3pez, jefe del Departamento de Medicina del Hospital de Ni\u00f1os Ricardo Guti\u00e9rrez, de la Ciudad Aut\u00f3noma de Buenos Aires.<\/p>\n\n\n\n<p><a href=\"https:\/\/diariotextual.com\/inicio\/wp-admin\/edit.php?post_type=post\"><\/a><\/p>\n\n\n\n<p>En el avi\u00f3n en el que viaj\u00f3 Vizzotti arrib\u00f3<strong>&nbsp;un cargamento de 650.000 dosis de Sputnik V<\/strong>, de las cuales 400.000 corresponden al componente 1 y 250.000, al componente 2.<\/p>\n\n\n\n<p>La ministra afirm\u00f3 esta ma\u00f1ana que la Argentina \u201cest\u00e1 bien cerca de alcanzar los 50 millones de dosis de vacunas contra el coronavirus\u201d recibidas desde el inicio del plan de vacunaci\u00f3n, a partir de los env\u00edos que llegar\u00e1n en los pr\u00f3ximos d\u00edas.<\/p>\n\n\n\n<figure class=\"wp-block-embed is-type-wp-embed is-provider-diario-textual wp-block-embed-diario-textual\"><div class=\"wp-block-embed__wrapper\">\n<blockquote class=\"wp-embedded-content\" data-secret=\"YoaIMvVbgk\"><a href=\"https:\/\/diariotextual.com\/inicio\/index.php\/2021\/08\/24\/covid-la-pampa-recibe-3200-dosis-donadas-por-espana\/\">Covid: La Pampa recibe 3200 dosis donadas por Espa\u00f1a<\/a><\/blockquote><iframe class=\"wp-embedded-content\" sandbox=\"allow-scripts\" security=\"restricted\" style=\"position: absolute; clip: rect(1px, 1px, 1px, 1px);\" title=\"\u00abCovid: La Pampa recibe 3200 dosis donadas por Espa\u00f1a\u00bb \u2014 Diario Textual\" src=\"https:\/\/diariotextual.com\/inicio\/index.php\/2021\/08\/24\/covid-la-pampa-recibe-3200-dosis-donadas-por-espana\/embed\/#?secret=YoaIMvVbgk\" data-secret=\"YoaIMvVbgk\" width=\"600\" height=\"338\" frameborder=\"0\" marginwidth=\"0\" marginheight=\"0\" scrolling=\"no\"><\/iframe>\n<\/div><\/figure>\n","protected":false},"excerpt":{"rendered":"<p>La ministra de Salud, Carla Vizzotti, sostuvo hoy que \u00abno hay ninguna vacuna contra el coronavirus en la heladera\u00bb y dijo que el proceso de distribuci\u00f3n es \u00absostenido cuando hay&hellip;<\/p>\n","protected":false},"author":3,"featured_media":146921,"comment_status":"closed","ping_status":"open","sticky":false,"template":"","format":"standard","meta":{"_acf_changed":false,"footnotes":""},"categories":[1,12],"tags":[1981,5036],"class_list":["post-158858","post","type-post","status-publish","format-standard","has-post-thumbnail","hentry","category-es-noticia","category-sociedad","tag-vacunas","tag-vizzotti"],"acf":[],"yoast_head":"<!-- This site is optimized with the Yoast SEO plugin v27.5 - https:\/\/yoast.com\/product\/yoast-seo-wordpress\/ -->\n<title>Vizzotti: &quot;No hay ninguna vacuna contra el coronavirus en la heladera&quot; - Diario Textual<\/title>\n<meta name=\"robots\" content=\"index, follow, max-snippet:-1, max-image-preview:large, max-video-preview:-1\" \/>\n<link rel=\"canonical\" href=\"https:\/\/diariotextual.com\/inicio\/index.php\/2021\/08\/24\/vizzotti-no-hay-ninguna-vacuna-contra-el-coronavirus-en-la-heladera\/\" \/>\n<meta property=\"og:locale\" content=\"es_ES\" \/>\n<meta property=\"og:type\" content=\"article\" \/>\n<meta property=\"og:title\" content=\"Vizzotti: &quot;No hay ninguna vacuna contra el coronavirus en la heladera&quot; - Diario Textual\" \/>\n<meta property=\"og:description\" content=\"La ministra de Salud, Carla Vizzotti, sostuvo hoy que \u00abno hay ninguna vacuna contra el coronavirus en la heladera\u00bb y dijo que el proceso de distribuci\u00f3n es \u00absostenido cuando hay&hellip;\" \/>\n<meta property=\"og:url\" content=\"https:\/\/diariotextual.com\/inicio\/index.php\/2021\/08\/24\/vizzotti-no-hay-ninguna-vacuna-contra-el-coronavirus-en-la-heladera\/\" \/>\n<meta property=\"og:site_name\" content=\"Diario Textual\" \/>\n<meta property=\"article:publisher\" content=\"https:\/\/www.facebook.com\/eltextual\" \/>\n<meta property=\"article:published_time\" content=\"2021-08-24T13:48:12+00:00\" \/>\n<meta property=\"article:modified_time\" content=\"2021-08-24T16:04:15+00:00\" \/>\n<meta property=\"og:image\" content=\"https:\/\/diariotextual.com\/inicio\/wp-content\/uploads\/2021\/05\/vizzotticarlamayo2021.jpg\" \/>\n\t<meta property=\"og:image:width\" content=\"700\" \/>\n\t<meta property=\"og:image:height\" content=\"394\" \/>\n\t<meta property=\"og:image:type\" content=\"image\/jpeg\" \/>\n<meta name=\"author\" content=\"Diario1 Diario1\" \/>\n<meta name=\"twitter:card\" content=\"summary_large_image\" \/>\n<meta name=\"twitter:creator\" content=\"@eltextual\" \/>\n<meta name=\"twitter:site\" content=\"@eltextual\" \/>\n<meta name=\"twitter:label1\" content=\"Escrito por\" \/>\n\t<meta name=\"twitter:data1\" content=\"Diario1 Diario1\" \/>\n\t<meta name=\"twitter:label2\" content=\"Tiempo de lectura\" \/>\n\t<meta name=\"twitter:data2\" content=\"2 minutos\" \/>\n<script type=\"application\/ld+json\" class=\"yoast-schema-graph\">{\"@context\":\"https:\\\/\\\/schema.org\",\"@graph\":[{\"@type\":\"Article\",\"@id\":\"https:\\\/\\\/diariotextual.com\\\/inicio\\\/index.php\\\/2021\\\/08\\\/24\\\/vizzotti-no-hay-ninguna-vacuna-contra-el-coronavirus-en-la-heladera\\\/#article\",\"isPartOf\":{\"@id\":\"https:\\\/\\\/diariotextual.com\\\/inicio\\\/index.php\\\/2021\\\/08\\\/24\\\/vizzotti-no-hay-ninguna-vacuna-contra-el-coronavirus-en-la-heladera\\\/\"},\"author\":{\"name\":\"Diario1 Diario1\",\"@id\":\"https:\\\/\\\/diariotextual.com\\\/inicio\\\/#\\\/schema\\\/person\\\/418fc4093c33e86ed41562db3508f958\"},\"headline\":\"Vizzotti: \u00abNo hay ninguna vacuna contra el coronavirus en la heladera\u00bb\",\"datePublished\":\"2021-08-24T13:48:12+00:00\",\"dateModified\":\"2021-08-24T16:04:15+00:00\",\"mainEntityOfPage\":{\"@id\":\"https:\\\/\\\/diariotextual.com\\\/inicio\\\/index.php\\\/2021\\\/08\\\/24\\\/vizzotti-no-hay-ninguna-vacuna-contra-el-coronavirus-en-la-heladera\\\/\"},\"wordCount\":448,\"publisher\":{\"@id\":\"https:\\\/\\\/diariotextual.com\\\/inicio\\\/#organization\"},\"image\":{\"@id\":\"https:\\\/\\\/diariotextual.com\\\/inicio\\\/index.php\\\/2021\\\/08\\\/24\\\/vizzotti-no-hay-ninguna-vacuna-contra-el-coronavirus-en-la-heladera\\\/#primaryimage\"},\"thumbnailUrl\":\"https:\\\/\\\/diariotextual.com\\\/inicio\\\/wp-content\\\/uploads\\\/2021\\\/05\\\/vizzotticarlamayo2021.jpg\",\"keywords\":[\"vacunas\",\"vizzotti\"],\"articleSection\":[\"A - ES NOTICIA (van abajo)\",\"SOCIEDAD\"],\"inLanguage\":\"es\"},{\"@type\":\"WebPage\",\"@id\":\"https:\\\/\\\/diariotextual.com\\\/inicio\\\/index.php\\\/2021\\\/08\\\/24\\\/vizzotti-no-hay-ninguna-vacuna-contra-el-coronavirus-en-la-heladera\\\/\",\"url\":\"https:\\\/\\\/diariotextual.com\\\/inicio\\\/index.php\\\/2021\\\/08\\\/24\\\/vizzotti-no-hay-ninguna-vacuna-contra-el-coronavirus-en-la-heladera\\\/\",\"name\":\"Vizzotti: \\\"No hay ninguna vacuna contra el coronavirus en la heladera\\\" - Diario Textual\",\"isPartOf\":{\"@id\":\"https:\\\/\\\/diariotextual.com\\\/inicio\\\/#website\"},\"primaryImageOfPage\":{\"@id\":\"https:\\\/\\\/diariotextual.com\\\/inicio\\\/index.php\\\/2021\\\/08\\\/24\\\/vizzotti-no-hay-ninguna-vacuna-contra-el-coronavirus-en-la-heladera\\\/#primaryimage\"},\"image\":{\"@id\":\"https:\\\/\\\/diariotextual.com\\\/inicio\\\/index.php\\\/2021\\\/08\\\/24\\\/vizzotti-no-hay-ninguna-vacuna-contra-el-coronavirus-en-la-heladera\\\/#primaryimage\"},\"thumbnailUrl\":\"https:\\\/\\\/diariotextual.com\\\/inicio\\\/wp-content\\\/uploads\\\/2021\\\/05\\\/vizzotticarlamayo2021.jpg\",\"datePublished\":\"2021-08-24T13:48:12+00:00\",\"dateModified\":\"2021-08-24T16:04:15+00:00\",\"breadcrumb\":{\"@id\":\"https:\\\/\\\/diariotextual.com\\\/inicio\\\/index.php\\\/2021\\\/08\\\/24\\\/vizzotti-no-hay-ninguna-vacuna-contra-el-coronavirus-en-la-heladera\\\/#breadcrumb\"},\"inLanguage\":\"es\",\"potentialAction\":[{\"@type\":\"ReadAction\",\"target\":[\"https:\\\/\\\/diariotextual.com\\\/inicio\\\/index.php\\\/2021\\\/08\\\/24\\\/vizzotti-no-hay-ninguna-vacuna-contra-el-coronavirus-en-la-heladera\\\/\"]}]},{\"@type\":\"ImageObject\",\"inLanguage\":\"es\",\"@id\":\"https:\\\/\\\/diariotextual.com\\\/inicio\\\/index.php\\\/2021\\\/08\\\/24\\\/vizzotti-no-hay-ninguna-vacuna-contra-el-coronavirus-en-la-heladera\\\/#primaryimage\",\"url\":\"https:\\\/\\\/diariotextual.com\\\/inicio\\\/wp-content\\\/uploads\\\/2021\\\/05\\\/vizzotticarlamayo2021.jpg\",\"contentUrl\":\"https:\\\/\\\/diariotextual.com\\\/inicio\\\/wp-content\\\/uploads\\\/2021\\\/05\\\/vizzotticarlamayo2021.jpg\",\"width\":700,\"height\":394},{\"@type\":\"BreadcrumbList\",\"@id\":\"https:\\\/\\\/diariotextual.com\\\/inicio\\\/index.php\\\/2021\\\/08\\\/24\\\/vizzotti-no-hay-ninguna-vacuna-contra-el-coronavirus-en-la-heladera\\\/#breadcrumb\",\"itemListElement\":[{\"@type\":\"ListItem\",\"position\":1,\"name\":\"Portada\",\"item\":\"https:\\\/\\\/diariotextual.com\\\/inicio\\\/\"},{\"@type\":\"ListItem\",\"position\":2,\"name\":\"Vizzotti: \u00abNo hay ninguna vacuna contra el coronavirus en la heladera\u00bb\"}]},{\"@type\":\"WebSite\",\"@id\":\"https:\\\/\\\/diariotextual.com\\\/inicio\\\/#website\",\"url\":\"https:\\\/\\\/diariotextual.com\\\/inicio\\\/\",\"name\":\"Diario Textual\",\"description\":\"\",\"publisher\":{\"@id\":\"https:\\\/\\\/diariotextual.com\\\/inicio\\\/#organization\"},\"potentialAction\":[{\"@type\":\"SearchAction\",\"target\":{\"@type\":\"EntryPoint\",\"urlTemplate\":\"https:\\\/\\\/diariotextual.com\\\/inicio\\\/?s={search_term_string}\"},\"query-input\":{\"@type\":\"PropertyValueSpecification\",\"valueRequired\":true,\"valueName\":\"search_term_string\"}}],\"inLanguage\":\"es\"},{\"@type\":\"Organization\",\"@id\":\"https:\\\/\\\/diariotextual.com\\\/inicio\\\/#organization\",\"name\":\"Diario Textual\",\"url\":\"https:\\\/\\\/diariotextual.com\\\/inicio\\\/\",\"logo\":{\"@type\":\"ImageObject\",\"inLanguage\":\"es\",\"@id\":\"https:\\\/\\\/diariotextual.com\\\/inicio\\\/#\\\/schema\\\/logo\\\/image\\\/\",\"url\":\"https:\\\/\\\/diariotextual.com\\\/inicio\\\/wp-content\\\/uploads\\\/2023\\\/05\\\/logotextual1.jpg\",\"contentUrl\":\"https:\\\/\\\/diariotextual.com\\\/inicio\\\/wp-content\\\/uploads\\\/2023\\\/05\\\/logotextual1.jpg\",\"width\":516,\"height\":76,\"caption\":\"Diario Textual\"},\"image\":{\"@id\":\"https:\\\/\\\/diariotextual.com\\\/inicio\\\/#\\\/schema\\\/logo\\\/image\\\/\"},\"sameAs\":[\"https:\\\/\\\/www.facebook.com\\\/eltextual\",\"https:\\\/\\\/x.com\\\/eltextual\",\"http:\\\/\\\/www.instagram.com\\\/eltextual\"]},{\"@type\":\"Person\",\"@id\":\"https:\\\/\\\/diariotextual.com\\\/inicio\\\/#\\\/schema\\\/person\\\/418fc4093c33e86ed41562db3508f958\",\"name\":\"Diario1 Diario1\",\"image\":{\"@type\":\"ImageObject\",\"inLanguage\":\"es\",\"@id\":\"https:\\\/\\\/secure.gravatar.com\\\/avatar\\\/9167d280179c85bc18be67aa7eda765854300033af4896dd779b608640f2ef7a?s=96&d=mm&r=g\",\"url\":\"https:\\\/\\\/secure.gravatar.com\\\/avatar\\\/9167d280179c85bc18be67aa7eda765854300033af4896dd779b608640f2ef7a?s=96&d=mm&r=g\",\"contentUrl\":\"https:\\\/\\\/secure.gravatar.com\\\/avatar\\\/9167d280179c85bc18be67aa7eda765854300033af4896dd779b608640f2ef7a?s=96&d=mm&r=g\",\"caption\":\"Diario1 Diario1\"},\"url\":\"https:\\\/\\\/diariotextual.com\\\/inicio\\\/index.php\\\/author\\\/diario1\\\/\"}]}<\/script>\n<!-- \/ Yoast SEO plugin. -->","yoast_head_json":{"title":"Vizzotti: \"No hay ninguna vacuna contra el coronavirus en la heladera\" - Diario Textual","robots":{"index":"index","follow":"follow","max-snippet":"max-snippet:-1","max-image-preview":"max-image-preview:large","max-video-preview":"max-video-preview:-1"},"canonical":"https:\/\/diariotextual.com\/inicio\/index.php\/2021\/08\/24\/vizzotti-no-hay-ninguna-vacuna-contra-el-coronavirus-en-la-heladera\/","og_locale":"es_ES","og_type":"article","og_title":"Vizzotti: \"No hay ninguna vacuna contra el coronavirus en la heladera\" - Diario Textual","og_description":"La ministra de Salud, Carla Vizzotti, sostuvo hoy que \u00abno hay ninguna vacuna contra el coronavirus en la heladera\u00bb y dijo que el proceso de distribuci\u00f3n es \u00absostenido cuando hay&hellip;","og_url":"https:\/\/diariotextual.com\/inicio\/index.php\/2021\/08\/24\/vizzotti-no-hay-ninguna-vacuna-contra-el-coronavirus-en-la-heladera\/","og_site_name":"Diario Textual","article_publisher":"https:\/\/www.facebook.com\/eltextual","article_published_time":"2021-08-24T13:48:12+00:00","article_modified_time":"2021-08-24T16:04:15+00:00","og_image":[{"width":700,"height":394,"url":"https:\/\/diariotextual.com\/inicio\/wp-content\/uploads\/2021\/05\/vizzotticarlamayo2021.jpg","type":"image\/jpeg"}],"author":"Diario1 Diario1","twitter_card":"summary_large_image","twitter_creator":"@eltextual","twitter_site":"@eltextual","twitter_misc":{"Escrito por":"Diario1 Diario1","Tiempo de lectura":"2 minutos"},"schema":{"@context":"https:\/\/schema.org","@graph":[{"@type":"Article","@id":"https:\/\/diariotextual.com\/inicio\/index.php\/2021\/08\/24\/vizzotti-no-hay-ninguna-vacuna-contra-el-coronavirus-en-la-heladera\/#article","isPartOf":{"@id":"https:\/\/diariotextual.com\/inicio\/index.php\/2021\/08\/24\/vizzotti-no-hay-ninguna-vacuna-contra-el-coronavirus-en-la-heladera\/"},"author":{"name":"Diario1 Diario1","@id":"https:\/\/diariotextual.com\/inicio\/#\/schema\/person\/418fc4093c33e86ed41562db3508f958"},"headline":"Vizzotti: \u00abNo hay ninguna vacuna contra el coronavirus en la heladera\u00bb","datePublished":"2021-08-24T13:48:12+00:00","dateModified":"2021-08-24T16:04:15+00:00","mainEntityOfPage":{"@id":"https:\/\/diariotextual.com\/inicio\/index.php\/2021\/08\/24\/vizzotti-no-hay-ninguna-vacuna-contra-el-coronavirus-en-la-heladera\/"},"wordCount":448,"publisher":{"@id":"https:\/\/diariotextual.com\/inicio\/#organization"},"image":{"@id":"https:\/\/diariotextual.com\/inicio\/index.php\/2021\/08\/24\/vizzotti-no-hay-ninguna-vacuna-contra-el-coronavirus-en-la-heladera\/#primaryimage"},"thumbnailUrl":"https:\/\/diariotextual.com\/inicio\/wp-content\/uploads\/2021\/05\/vizzotticarlamayo2021.jpg","keywords":["vacunas","vizzotti"],"articleSection":["A - ES NOTICIA (van abajo)","SOCIEDAD"],"inLanguage":"es"},{"@type":"WebPage","@id":"https:\/\/diariotextual.com\/inicio\/index.php\/2021\/08\/24\/vizzotti-no-hay-ninguna-vacuna-contra-el-coronavirus-en-la-heladera\/","url":"https:\/\/diariotextual.com\/inicio\/index.php\/2021\/08\/24\/vizzotti-no-hay-ninguna-vacuna-contra-el-coronavirus-en-la-heladera\/","name":"Vizzotti: \"No hay ninguna vacuna contra el coronavirus en la heladera\" - Diario Textual","isPartOf":{"@id":"https:\/\/diariotextual.com\/inicio\/#website"},"primaryImageOfPage":{"@id":"https:\/\/diariotextual.com\/inicio\/index.php\/2021\/08\/24\/vizzotti-no-hay-ninguna-vacuna-contra-el-coronavirus-en-la-heladera\/#primaryimage"},"image":{"@id":"https:\/\/diariotextual.com\/inicio\/index.php\/2021\/08\/24\/vizzotti-no-hay-ninguna-vacuna-contra-el-coronavirus-en-la-heladera\/#primaryimage"},"thumbnailUrl":"https:\/\/diariotextual.com\/inicio\/wp-content\/uploads\/2021\/05\/vizzotticarlamayo2021.jpg","datePublished":"2021-08-24T13:48:12+00:00","dateModified":"2021-08-24T16:04:15+00:00","breadcrumb":{"@id":"https:\/\/diariotextual.com\/inicio\/index.php\/2021\/08\/24\/vizzotti-no-hay-ninguna-vacuna-contra-el-coronavirus-en-la-heladera\/#breadcrumb"},"inLanguage":"es","potentialAction":[{"@type":"ReadAction","target":["https:\/\/diariotextual.com\/inicio\/index.php\/2021\/08\/24\/vizzotti-no-hay-ninguna-vacuna-contra-el-coronavirus-en-la-heladera\/"]}]},{"@type":"ImageObject","inLanguage":"es","@id":"https:\/\/diariotextual.com\/inicio\/index.php\/2021\/08\/24\/vizzotti-no-hay-ninguna-vacuna-contra-el-coronavirus-en-la-heladera\/#primaryimage","url":"https:\/\/diariotextual.com\/inicio\/wp-content\/uploads\/2021\/05\/vizzotticarlamayo2021.jpg","contentUrl":"https:\/\/diariotextual.com\/inicio\/wp-content\/uploads\/2021\/05\/vizzotticarlamayo2021.jpg","width":700,"height":394},{"@type":"BreadcrumbList","@id":"https:\/\/diariotextual.com\/inicio\/index.php\/2021\/08\/24\/vizzotti-no-hay-ninguna-vacuna-contra-el-coronavirus-en-la-heladera\/#breadcrumb","itemListElement":[{"@type":"ListItem","position":1,"name":"Portada","item":"https:\/\/diariotextual.com\/inicio\/"},{"@type":"ListItem","position":2,"name":"Vizzotti: \u00abNo hay ninguna vacuna contra el coronavirus en la heladera\u00bb"}]},{"@type":"WebSite","@id":"https:\/\/diariotextual.com\/inicio\/#website","url":"https:\/\/diariotextual.com\/inicio\/","name":"Diario Textual","description":"","publisher":{"@id":"https:\/\/diariotextual.com\/inicio\/#organization"},"potentialAction":[{"@type":"SearchAction","target":{"@type":"EntryPoint","urlTemplate":"https:\/\/diariotextual.com\/inicio\/?s={search_term_string}"},"query-input":{"@type":"PropertyValueSpecification","valueRequired":true,"valueName":"search_term_string"}}],"inLanguage":"es"},{"@type":"Organization","@id":"https:\/\/diariotextual.com\/inicio\/#organization","name":"Diario Textual","url":"https:\/\/diariotextual.com\/inicio\/","logo":{"@type":"ImageObject","inLanguage":"es","@id":"https:\/\/diariotextual.com\/inicio\/#\/schema\/logo\/image\/","url":"https:\/\/diariotextual.com\/inicio\/wp-content\/uploads\/2023\/05\/logotextual1.jpg","contentUrl":"https:\/\/diariotextual.com\/inicio\/wp-content\/uploads\/2023\/05\/logotextual1.jpg","width":516,"height":76,"caption":"Diario Textual"},"image":{"@id":"https:\/\/diariotextual.com\/inicio\/#\/schema\/logo\/image\/"},"sameAs":["https:\/\/www.facebook.com\/eltextual","https:\/\/x.com\/eltextual","http:\/\/www.instagram.com\/eltextual"]},{"@type":"Person","@id":"https:\/\/diariotextual.com\/inicio\/#\/schema\/person\/418fc4093c33e86ed41562db3508f958","name":"Diario1 Diario1","image":{"@type":"ImageObject","inLanguage":"es","@id":"https:\/\/secure.gravatar.com\/avatar\/9167d280179c85bc18be67aa7eda765854300033af4896dd779b608640f2ef7a?s=96&d=mm&r=g","url":"https:\/\/secure.gravatar.com\/avatar\/9167d280179c85bc18be67aa7eda765854300033af4896dd779b608640f2ef7a?s=96&d=mm&r=g","contentUrl":"https:\/\/secure.gravatar.com\/avatar\/9167d280179c85bc18be67aa7eda765854300033af4896dd779b608640f2ef7a?s=96&d=mm&r=g","caption":"Diario1 Diario1"},"url":"https:\/\/diariotextual.com\/inicio\/index.php\/author\/diario1\/"}]}},"_links":{"self":[{"href":"https:\/\/diariotextual.com\/inicio\/index.php\/wp-json\/wp\/v2\/posts\/158858","targetHints":{"allow":["GET"]}}],"collection":[{"href":"https:\/\/diariotextual.com\/inicio\/index.php\/wp-json\/wp\/v2\/posts"}],"about":[{"href":"https:\/\/diariotextual.com\/inicio\/index.php\/wp-json\/wp\/v2\/types\/post"}],"author":[{"embeddable":true,"href":"https:\/\/diariotextual.com\/inicio\/index.php\/wp-json\/wp\/v2\/users\/3"}],"replies":[{"embeddable":true,"href":"https:\/\/diariotextual.com\/inicio\/index.php\/wp-json\/wp\/v2\/comments?post=158858"}],"version-history":[{"count":7,"href":"https:\/\/diariotextual.com\/inicio\/index.php\/wp-json\/wp\/v2\/posts\/158858\/revisions"}],"predecessor-version":[{"id":158883,"href":"https:\/\/diariotextual.com\/inicio\/index.php\/wp-json\/wp\/v2\/posts\/158858\/revisions\/158883"}],"wp:featuredmedia":[{"embeddable":true,"href":"https:\/\/diariotextual.com\/inicio\/index.php\/wp-json\/wp\/v2\/media\/146921"}],"wp:attachment":[{"href":"https:\/\/diariotextual.com\/inicio\/index.php\/wp-json\/wp\/v2\/media?parent=158858"}],"wp:term":[{"taxonomy":"category","embeddable":true,"href":"https:\/\/diariotextual.com\/inicio\/index.php\/wp-json\/wp\/v2\/categories?post=158858"},{"taxonomy":"post_tag","embeddable":true,"href":"https:\/\/diariotextual.com\/inicio\/index.php\/wp-json\/wp\/v2\/tags?post=158858"}],"curies":[{"name":"wp","href":"https:\/\/api.w.org\/{rel}","templated":true}]}}