{"id":158870,"date":"2021-08-24T11:44:09","date_gmt":"2021-08-24T14:44:09","guid":{"rendered":"https:\/\/diariotextual.com\/inicio\/?p=158870"},"modified":"2021-08-24T13:17:30","modified_gmt":"2021-08-24T16:17:30","slug":"una-falla-de-aguas-del-colorado-dejo-sin-internet-a-dependencias-oficiales-y-municipalidades","status":"publish","type":"post","link":"https:\/\/diariotextual.com\/inicio\/index.php\/2021\/08\/24\/una-falla-de-aguas-del-colorado-dejo-sin-internet-a-dependencias-oficiales-y-municipalidades\/","title":{"rendered":"Una falla dej\u00f3 sin internet a Casa de Gobierno, Justicia, escuelas y municipalidades"},"content":{"rendered":"\n<p>Una falla en el data center de la empresa <strong>Aguas del Colorado<\/strong> dej\u00f3 <strong>sin internet durante casi toda la ma\u00f1ana de este martes a a Casa de Gobierno, otras dependencias oficiales, juzgados, intendencias y escuelas de casi toda La Pampa<\/strong>. El apag\u00f3n de internet comenz\u00f3 a solucionarse al mediod\u00eda.<\/p>\n\n\n\n<p>Seg\u00fan dijeron desde la empresa a Diario Textual, <strong>se \u201ccayeron\u201d en forma simult\u00e1nea dos equipos<\/strong> de la empresa estatal.<\/p>\n\n\n\n<p>Es una situaci\u00f3n in\u00e9dita: generalmente, cuando ocurren fallas, queda un equipo de reemplazo. Pero hoy, fallaron los dos.<\/p>\n\n\n\n<p>Pasada la media ma\u00f1ana, <strong>se cambiaron placas de los equipos y se resetearon. En el mediod\u00eda comenz\u00f3 a normalizarse el servicio.<\/strong><\/p>\n\n\n\n<p>La falla <strong>provoc\u00f3 m\u00faltiples inconvenientes. Entre otros, no se pudieron realizar los habituales tr\u00e1mites administrativos del Gobierno provincial y de las intendencias<\/strong>.<\/p>\n\n\n\n<p>\u00abSi bien este tipo de fallas pueden ocurrir, lo normal es que cuando suceden en un equipo el otro sostiene el servicio, pero lo singular de este caso ha sido que afect\u00f3 a dos simult\u00e1neamente. Es decir, aunque en t\u00e9rminos de factibilidad esto puede ocurrir, es una posibilidad que se trata de reducir al m\u00ednimo posible\u00bb, seg\u00fan inform\u00f3 luego Aguas del Colorado, en un comunicado de prensa.<br><\/p>\n\n\n\n<p>\u00abEl personal de Aguas del Colorado explic\u00f3 que el servicio se fue degradando a partir de las siete de la ma\u00f1ana hasta el corte total. Primero se trat\u00f3 de recuperar el funcionamiento de los dos equipos y ante la imposibilidad se procedi\u00f3 a substituir con dos de respaldo\u00bb, expres\u00f3.<br><\/p>\n\n\n\n<p>El procedimiento a seguir para la substituci\u00f3n es complejo ya que implica un procedimiento de apagado y encendido adem\u00e1s de la carga de comandos que lleva su tiempo. \u00abAmbos equipos son relativamente nuevos (datan del a\u00f1o 2019) y ya est\u00e1 previsto que sean sustituidos por otros que posibilitar\u00e1n quintuplicar la capacidad de la red gracias a la inversi\u00f3n realizada entre Naci\u00f3n y Provincia. Este equipamiento ya se encuentra en la sede de Aguas del Colorado desde el viernes pasado y solo resta proceder a readecuaci\u00f3n del datacenter para poder instalarlos\u00bb, finaliz\u00f3.<\/p>\n\n\n\n<p><\/p>\n","protected":false},"excerpt":{"rendered":"<p>Una falla en el data center de la empresa Aguas del Colorado dej\u00f3 sin internet durante casi toda la ma\u00f1ana de este martes a a Casa de Gobierno, otras dependencias&hellip;<\/p>\n","protected":false},"author":3,"featured_media":83726,"comment_status":"closed","ping_status":"open","sticky":false,"template":"","format":"standard","meta":{"_acf_changed":false,"footnotes":""},"categories":[10,12],"tags":[2871],"class_list":["post-158870","post","type-post","status-publish","format-standard","has-post-thumbnail","hentry","category-portada-2","category-sociedad","tag-aguas"],"acf":[],"yoast_head":"<!-- This site is optimized with the Yoast SEO plugin v27.5 - https:\/\/yoast.com\/product\/yoast-seo-wordpress\/ -->\n<title>Una falla dej\u00f3 sin internet a Casa de Gobierno, Justicia, escuelas y municipalidades - Diario Textual<\/title>\n<meta name=\"robots\" content=\"index, follow, max-snippet:-1, max-image-preview:large, max-video-preview:-1\" \/>\n<link rel=\"canonical\" href=\"https:\/\/diariotextual.com\/inicio\/index.php\/2021\/08\/24\/una-falla-de-aguas-del-colorado-dejo-sin-internet-a-dependencias-oficiales-y-municipalidades\/\" \/>\n<meta property=\"og:locale\" content=\"es_ES\" \/>\n<meta property=\"og:type\" content=\"article\" \/>\n<meta property=\"og:title\" content=\"Una falla dej\u00f3 sin internet a Casa de Gobierno, Justicia, escuelas y municipalidades - Diario Textual\" \/>\n<meta property=\"og:description\" content=\"Una falla en el data center de la empresa Aguas del Colorado dej\u00f3 sin internet durante casi toda la ma\u00f1ana de este martes a a Casa de Gobierno, otras dependencias&hellip;\" \/>\n<meta property=\"og:url\" content=\"https:\/\/diariotextual.com\/inicio\/index.php\/2021\/08\/24\/una-falla-de-aguas-del-colorado-dejo-sin-internet-a-dependencias-oficiales-y-municipalidades\/\" \/>\n<meta property=\"og:site_name\" content=\"Diario Textual\" \/>\n<meta property=\"article:publisher\" content=\"https:\/\/www.facebook.com\/eltextual\" \/>\n<meta property=\"article:published_time\" content=\"2021-08-24T14:44:09+00:00\" \/>\n<meta property=\"article:modified_time\" content=\"2021-08-24T16:17:30+00:00\" \/>\n<meta property=\"og:image\" content=\"https:\/\/diariotextual.com\/inicio\/wp-content\/uploads\/2020\/03\/casadegobiernolapamp2020-300-1.jpg\" \/>\n\t<meta property=\"og:image:width\" content=\"1015\" \/>\n\t<meta property=\"og:image:height\" content=\"699\" \/>\n\t<meta property=\"og:image:type\" content=\"image\/jpeg\" \/>\n<meta name=\"author\" content=\"Diario1 Diario1\" \/>\n<meta name=\"twitter:card\" content=\"summary_large_image\" \/>\n<meta name=\"twitter:creator\" content=\"@eltextual\" \/>\n<meta name=\"twitter:site\" content=\"@eltextual\" \/>\n<meta name=\"twitter:label1\" content=\"Escrito por\" \/>\n\t<meta name=\"twitter:data1\" content=\"Diario1 Diario1\" \/>\n\t<meta name=\"twitter:label2\" content=\"Tiempo de lectura\" \/>\n\t<meta name=\"twitter:data2\" content=\"2 minutos\" \/>\n<script type=\"application\/ld+json\" class=\"yoast-schema-graph\">{\"@context\":\"https:\\\/\\\/schema.org\",\"@graph\":[{\"@type\":\"Article\",\"@id\":\"https:\\\/\\\/diariotextual.com\\\/inicio\\\/index.php\\\/2021\\\/08\\\/24\\\/una-falla-de-aguas-del-colorado-dejo-sin-internet-a-dependencias-oficiales-y-municipalidades\\\/#article\",\"isPartOf\":{\"@id\":\"https:\\\/\\\/diariotextual.com\\\/inicio\\\/index.php\\\/2021\\\/08\\\/24\\\/una-falla-de-aguas-del-colorado-dejo-sin-internet-a-dependencias-oficiales-y-municipalidades\\\/\"},\"author\":{\"name\":\"Diario1 Diario1\",\"@id\":\"https:\\\/\\\/diariotextual.com\\\/inicio\\\/#\\\/schema\\\/person\\\/418fc4093c33e86ed41562db3508f958\"},\"headline\":\"Una falla dej\u00f3 sin internet a Casa de Gobierno, Justicia, escuelas y municipalidades\",\"datePublished\":\"2021-08-24T14:44:09+00:00\",\"dateModified\":\"2021-08-24T16:17:30+00:00\",\"mainEntityOfPage\":{\"@id\":\"https:\\\/\\\/diariotextual.com\\\/inicio\\\/index.php\\\/2021\\\/08\\\/24\\\/una-falla-de-aguas-del-colorado-dejo-sin-internet-a-dependencias-oficiales-y-municipalidades\\\/\"},\"wordCount\":371,\"publisher\":{\"@id\":\"https:\\\/\\\/diariotextual.com\\\/inicio\\\/#organization\"},\"image\":{\"@id\":\"https:\\\/\\\/diariotextual.com\\\/inicio\\\/index.php\\\/2021\\\/08\\\/24\\\/una-falla-de-aguas-del-colorado-dejo-sin-internet-a-dependencias-oficiales-y-municipalidades\\\/#primaryimage\"},\"thumbnailUrl\":\"https:\\\/\\\/diariotextual.com\\\/inicio\\\/wp-content\\\/uploads\\\/2020\\\/03\\\/casadegobiernolapamp2020-300-1.jpg\",\"keywords\":[\"aguas\"],\"articleSection\":[\"A - PORTADA2\",\"SOCIEDAD\"],\"inLanguage\":\"es\"},{\"@type\":\"WebPage\",\"@id\":\"https:\\\/\\\/diariotextual.com\\\/inicio\\\/index.php\\\/2021\\\/08\\\/24\\\/una-falla-de-aguas-del-colorado-dejo-sin-internet-a-dependencias-oficiales-y-municipalidades\\\/\",\"url\":\"https:\\\/\\\/diariotextual.com\\\/inicio\\\/index.php\\\/2021\\\/08\\\/24\\\/una-falla-de-aguas-del-colorado-dejo-sin-internet-a-dependencias-oficiales-y-municipalidades\\\/\",\"name\":\"Una falla dej\u00f3 sin internet a Casa de Gobierno, Justicia, escuelas y municipalidades - Diario Textual\",\"isPartOf\":{\"@id\":\"https:\\\/\\\/diariotextual.com\\\/inicio\\\/#website\"},\"primaryImageOfPage\":{\"@id\":\"https:\\\/\\\/diariotextual.com\\\/inicio\\\/index.php\\\/2021\\\/08\\\/24\\\/una-falla-de-aguas-del-colorado-dejo-sin-internet-a-dependencias-oficiales-y-municipalidades\\\/#primaryimage\"},\"image\":{\"@id\":\"https:\\\/\\\/diariotextual.com\\\/inicio\\\/index.php\\\/2021\\\/08\\\/24\\\/una-falla-de-aguas-del-colorado-dejo-sin-internet-a-dependencias-oficiales-y-municipalidades\\\/#primaryimage\"},\"thumbnailUrl\":\"https:\\\/\\\/diariotextual.com\\\/inicio\\\/wp-content\\\/uploads\\\/2020\\\/03\\\/casadegobiernolapamp2020-300-1.jpg\",\"datePublished\":\"2021-08-24T14:44:09+00:00\",\"dateModified\":\"2021-08-24T16:17:30+00:00\",\"breadcrumb\":{\"@id\":\"https:\\\/\\\/diariotextual.com\\\/inicio\\\/index.php\\\/2021\\\/08\\\/24\\\/una-falla-de-aguas-del-colorado-dejo-sin-internet-a-dependencias-oficiales-y-municipalidades\\\/#breadcrumb\"},\"inLanguage\":\"es\",\"potentialAction\":[{\"@type\":\"ReadAction\",\"target\":[\"https:\\\/\\\/diariotextual.com\\\/inicio\\\/index.php\\\/2021\\\/08\\\/24\\\/una-falla-de-aguas-del-colorado-dejo-sin-internet-a-dependencias-oficiales-y-municipalidades\\\/\"]}]},{\"@type\":\"ImageObject\",\"inLanguage\":\"es\",\"@id\":\"https:\\\/\\\/diariotextual.com\\\/inicio\\\/index.php\\\/2021\\\/08\\\/24\\\/una-falla-de-aguas-del-colorado-dejo-sin-internet-a-dependencias-oficiales-y-municipalidades\\\/#primaryimage\",\"url\":\"https:\\\/\\\/diariotextual.com\\\/inicio\\\/wp-content\\\/uploads\\\/2020\\\/03\\\/casadegobiernolapamp2020-300-1.jpg\",\"contentUrl\":\"https:\\\/\\\/diariotextual.com\\\/inicio\\\/wp-content\\\/uploads\\\/2020\\\/03\\\/casadegobiernolapamp2020-300-1.jpg\",\"width\":1015,\"height\":699},{\"@type\":\"BreadcrumbList\",\"@id\":\"https:\\\/\\\/diariotextual.com\\\/inicio\\\/index.php\\\/2021\\\/08\\\/24\\\/una-falla-de-aguas-del-colorado-dejo-sin-internet-a-dependencias-oficiales-y-municipalidades\\\/#breadcrumb\",\"itemListElement\":[{\"@type\":\"ListItem\",\"position\":1,\"name\":\"Portada\",\"item\":\"https:\\\/\\\/diariotextual.com\\\/inicio\\\/\"},{\"@type\":\"ListItem\",\"position\":2,\"name\":\"Una falla dej\u00f3 sin internet a Casa de Gobierno, Justicia, escuelas y municipalidades\"}]},{\"@type\":\"WebSite\",\"@id\":\"https:\\\/\\\/diariotextual.com\\\/inicio\\\/#website\",\"url\":\"https:\\\/\\\/diariotextual.com\\\/inicio\\\/\",\"name\":\"Diario Textual\",\"description\":\"\",\"publisher\":{\"@id\":\"https:\\\/\\\/diariotextual.com\\\/inicio\\\/#organization\"},\"potentialAction\":[{\"@type\":\"SearchAction\",\"target\":{\"@type\":\"EntryPoint\",\"urlTemplate\":\"https:\\\/\\\/diariotextual.com\\\/inicio\\\/?s={search_term_string}\"},\"query-input\":{\"@type\":\"PropertyValueSpecification\",\"valueRequired\":true,\"valueName\":\"search_term_string\"}}],\"inLanguage\":\"es\"},{\"@type\":\"Organization\",\"@id\":\"https:\\\/\\\/diariotextual.com\\\/inicio\\\/#organization\",\"name\":\"Diario Textual\",\"url\":\"https:\\\/\\\/diariotextual.com\\\/inicio\\\/\",\"logo\":{\"@type\":\"ImageObject\",\"inLanguage\":\"es\",\"@id\":\"https:\\\/\\\/diariotextual.com\\\/inicio\\\/#\\\/schema\\\/logo\\\/image\\\/\",\"url\":\"https:\\\/\\\/diariotextual.com\\\/inicio\\\/wp-content\\\/uploads\\\/2023\\\/05\\\/logotextual1.jpg\",\"contentUrl\":\"https:\\\/\\\/diariotextual.com\\\/inicio\\\/wp-content\\\/uploads\\\/2023\\\/05\\\/logotextual1.jpg\",\"width\":516,\"height\":76,\"caption\":\"Diario Textual\"},\"image\":{\"@id\":\"https:\\\/\\\/diariotextual.com\\\/inicio\\\/#\\\/schema\\\/logo\\\/image\\\/\"},\"sameAs\":[\"https:\\\/\\\/www.facebook.com\\\/eltextual\",\"https:\\\/\\\/x.com\\\/eltextual\",\"http:\\\/\\\/www.instagram.com\\\/eltextual\"]},{\"@type\":\"Person\",\"@id\":\"https:\\\/\\\/diariotextual.com\\\/inicio\\\/#\\\/schema\\\/person\\\/418fc4093c33e86ed41562db3508f958\",\"name\":\"Diario1 Diario1\",\"image\":{\"@type\":\"ImageObject\",\"inLanguage\":\"es\",\"@id\":\"https:\\\/\\\/secure.gravatar.com\\\/avatar\\\/9167d280179c85bc18be67aa7eda765854300033af4896dd779b608640f2ef7a?s=96&d=mm&r=g\",\"url\":\"https:\\\/\\\/secure.gravatar.com\\\/avatar\\\/9167d280179c85bc18be67aa7eda765854300033af4896dd779b608640f2ef7a?s=96&d=mm&r=g\",\"contentUrl\":\"https:\\\/\\\/secure.gravatar.com\\\/avatar\\\/9167d280179c85bc18be67aa7eda765854300033af4896dd779b608640f2ef7a?s=96&d=mm&r=g\",\"caption\":\"Diario1 Diario1\"},\"url\":\"https:\\\/\\\/diariotextual.com\\\/inicio\\\/index.php\\\/author\\\/diario1\\\/\"}]}<\/script>\n<!-- \/ Yoast SEO plugin. -->","yoast_head_json":{"title":"Una falla dej\u00f3 sin internet a Casa de Gobierno, Justicia, escuelas y municipalidades - Diario Textual","robots":{"index":"index","follow":"follow","max-snippet":"max-snippet:-1","max-image-preview":"max-image-preview:large","max-video-preview":"max-video-preview:-1"},"canonical":"https:\/\/diariotextual.com\/inicio\/index.php\/2021\/08\/24\/una-falla-de-aguas-del-colorado-dejo-sin-internet-a-dependencias-oficiales-y-municipalidades\/","og_locale":"es_ES","og_type":"article","og_title":"Una falla dej\u00f3 sin internet a Casa de Gobierno, Justicia, escuelas y municipalidades - Diario Textual","og_description":"Una falla en el data center de la empresa Aguas del Colorado dej\u00f3 sin internet durante casi toda la ma\u00f1ana de este martes a a Casa de Gobierno, otras dependencias&hellip;","og_url":"https:\/\/diariotextual.com\/inicio\/index.php\/2021\/08\/24\/una-falla-de-aguas-del-colorado-dejo-sin-internet-a-dependencias-oficiales-y-municipalidades\/","og_site_name":"Diario Textual","article_publisher":"https:\/\/www.facebook.com\/eltextual","article_published_time":"2021-08-24T14:44:09+00:00","article_modified_time":"2021-08-24T16:17:30+00:00","og_image":[{"width":1015,"height":699,"url":"https:\/\/diariotextual.com\/inicio\/wp-content\/uploads\/2020\/03\/casadegobiernolapamp2020-300-1.jpg","type":"image\/jpeg"}],"author":"Diario1 Diario1","twitter_card":"summary_large_image","twitter_creator":"@eltextual","twitter_site":"@eltextual","twitter_misc":{"Escrito por":"Diario1 Diario1","Tiempo de lectura":"2 minutos"},"schema":{"@context":"https:\/\/schema.org","@graph":[{"@type":"Article","@id":"https:\/\/diariotextual.com\/inicio\/index.php\/2021\/08\/24\/una-falla-de-aguas-del-colorado-dejo-sin-internet-a-dependencias-oficiales-y-municipalidades\/#article","isPartOf":{"@id":"https:\/\/diariotextual.com\/inicio\/index.php\/2021\/08\/24\/una-falla-de-aguas-del-colorado-dejo-sin-internet-a-dependencias-oficiales-y-municipalidades\/"},"author":{"name":"Diario1 Diario1","@id":"https:\/\/diariotextual.com\/inicio\/#\/schema\/person\/418fc4093c33e86ed41562db3508f958"},"headline":"Una falla dej\u00f3 sin internet a Casa de Gobierno, Justicia, escuelas y municipalidades","datePublished":"2021-08-24T14:44:09+00:00","dateModified":"2021-08-24T16:17:30+00:00","mainEntityOfPage":{"@id":"https:\/\/diariotextual.com\/inicio\/index.php\/2021\/08\/24\/una-falla-de-aguas-del-colorado-dejo-sin-internet-a-dependencias-oficiales-y-municipalidades\/"},"wordCount":371,"publisher":{"@id":"https:\/\/diariotextual.com\/inicio\/#organization"},"image":{"@id":"https:\/\/diariotextual.com\/inicio\/index.php\/2021\/08\/24\/una-falla-de-aguas-del-colorado-dejo-sin-internet-a-dependencias-oficiales-y-municipalidades\/#primaryimage"},"thumbnailUrl":"https:\/\/diariotextual.com\/inicio\/wp-content\/uploads\/2020\/03\/casadegobiernolapamp2020-300-1.jpg","keywords":["aguas"],"articleSection":["A - PORTADA2","SOCIEDAD"],"inLanguage":"es"},{"@type":"WebPage","@id":"https:\/\/diariotextual.com\/inicio\/index.php\/2021\/08\/24\/una-falla-de-aguas-del-colorado-dejo-sin-internet-a-dependencias-oficiales-y-municipalidades\/","url":"https:\/\/diariotextual.com\/inicio\/index.php\/2021\/08\/24\/una-falla-de-aguas-del-colorado-dejo-sin-internet-a-dependencias-oficiales-y-municipalidades\/","name":"Una falla dej\u00f3 sin internet a Casa de Gobierno, Justicia, escuelas y municipalidades - Diario Textual","isPartOf":{"@id":"https:\/\/diariotextual.com\/inicio\/#website"},"primaryImageOfPage":{"@id":"https:\/\/diariotextual.com\/inicio\/index.php\/2021\/08\/24\/una-falla-de-aguas-del-colorado-dejo-sin-internet-a-dependencias-oficiales-y-municipalidades\/#primaryimage"},"image":{"@id":"https:\/\/diariotextual.com\/inicio\/index.php\/2021\/08\/24\/una-falla-de-aguas-del-colorado-dejo-sin-internet-a-dependencias-oficiales-y-municipalidades\/#primaryimage"},"thumbnailUrl":"https:\/\/diariotextual.com\/inicio\/wp-content\/uploads\/2020\/03\/casadegobiernolapamp2020-300-1.jpg","datePublished":"2021-08-24T14:44:09+00:00","dateModified":"2021-08-24T16:17:30+00:00","breadcrumb":{"@id":"https:\/\/diariotextual.com\/inicio\/index.php\/2021\/08\/24\/una-falla-de-aguas-del-colorado-dejo-sin-internet-a-dependencias-oficiales-y-municipalidades\/#breadcrumb"},"inLanguage":"es","potentialAction":[{"@type":"ReadAction","target":["https:\/\/diariotextual.com\/inicio\/index.php\/2021\/08\/24\/una-falla-de-aguas-del-colorado-dejo-sin-internet-a-dependencias-oficiales-y-municipalidades\/"]}]},{"@type":"ImageObject","inLanguage":"es","@id":"https:\/\/diariotextual.com\/inicio\/index.php\/2021\/08\/24\/una-falla-de-aguas-del-colorado-dejo-sin-internet-a-dependencias-oficiales-y-municipalidades\/#primaryimage","url":"https:\/\/diariotextual.com\/inicio\/wp-content\/uploads\/2020\/03\/casadegobiernolapamp2020-300-1.jpg","contentUrl":"https:\/\/diariotextual.com\/inicio\/wp-content\/uploads\/2020\/03\/casadegobiernolapamp2020-300-1.jpg","width":1015,"height":699},{"@type":"BreadcrumbList","@id":"https:\/\/diariotextual.com\/inicio\/index.php\/2021\/08\/24\/una-falla-de-aguas-del-colorado-dejo-sin-internet-a-dependencias-oficiales-y-municipalidades\/#breadcrumb","itemListElement":[{"@type":"ListItem","position":1,"name":"Portada","item":"https:\/\/diariotextual.com\/inicio\/"},{"@type":"ListItem","position":2,"name":"Una falla dej\u00f3 sin internet a Casa de Gobierno, Justicia, escuelas y municipalidades"}]},{"@type":"WebSite","@id":"https:\/\/diariotextual.com\/inicio\/#website","url":"https:\/\/diariotextual.com\/inicio\/","name":"Diario Textual","description":"","publisher":{"@id":"https:\/\/diariotextual.com\/inicio\/#organization"},"potentialAction":[{"@type":"SearchAction","target":{"@type":"EntryPoint","urlTemplate":"https:\/\/diariotextual.com\/inicio\/?s={search_term_string}"},"query-input":{"@type":"PropertyValueSpecification","valueRequired":true,"valueName":"search_term_string"}}],"inLanguage":"es"},{"@type":"Organization","@id":"https:\/\/diariotextual.com\/inicio\/#organization","name":"Diario Textual","url":"https:\/\/diariotextual.com\/inicio\/","logo":{"@type":"ImageObject","inLanguage":"es","@id":"https:\/\/diariotextual.com\/inicio\/#\/schema\/logo\/image\/","url":"https:\/\/diariotextual.com\/inicio\/wp-content\/uploads\/2023\/05\/logotextual1.jpg","contentUrl":"https:\/\/diariotextual.com\/inicio\/wp-content\/uploads\/2023\/05\/logotextual1.jpg","width":516,"height":76,"caption":"Diario Textual"},"image":{"@id":"https:\/\/diariotextual.com\/inicio\/#\/schema\/logo\/image\/"},"sameAs":["https:\/\/www.facebook.com\/eltextual","https:\/\/x.com\/eltextual","http:\/\/www.instagram.com\/eltextual"]},{"@type":"Person","@id":"https:\/\/diariotextual.com\/inicio\/#\/schema\/person\/418fc4093c33e86ed41562db3508f958","name":"Diario1 Diario1","image":{"@type":"ImageObject","inLanguage":"es","@id":"https:\/\/secure.gravatar.com\/avatar\/9167d280179c85bc18be67aa7eda765854300033af4896dd779b608640f2ef7a?s=96&d=mm&r=g","url":"https:\/\/secure.gravatar.com\/avatar\/9167d280179c85bc18be67aa7eda765854300033af4896dd779b608640f2ef7a?s=96&d=mm&r=g","contentUrl":"https:\/\/secure.gravatar.com\/avatar\/9167d280179c85bc18be67aa7eda765854300033af4896dd779b608640f2ef7a?s=96&d=mm&r=g","caption":"Diario1 Diario1"},"url":"https:\/\/diariotextual.com\/inicio\/index.php\/author\/diario1\/"}]}},"_links":{"self":[{"href":"https:\/\/diariotextual.com\/inicio\/index.php\/wp-json\/wp\/v2\/posts\/158870","targetHints":{"allow":["GET"]}}],"collection":[{"href":"https:\/\/diariotextual.com\/inicio\/index.php\/wp-json\/wp\/v2\/posts"}],"about":[{"href":"https:\/\/diariotextual.com\/inicio\/index.php\/wp-json\/wp\/v2\/types\/post"}],"author":[{"embeddable":true,"href":"https:\/\/diariotextual.com\/inicio\/index.php\/wp-json\/wp\/v2\/users\/3"}],"replies":[{"embeddable":true,"href":"https:\/\/diariotextual.com\/inicio\/index.php\/wp-json\/wp\/v2\/comments?post=158870"}],"version-history":[{"count":5,"href":"https:\/\/diariotextual.com\/inicio\/index.php\/wp-json\/wp\/v2\/posts\/158870\/revisions"}],"predecessor-version":[{"id":158886,"href":"https:\/\/diariotextual.com\/inicio\/index.php\/wp-json\/wp\/v2\/posts\/158870\/revisions\/158886"}],"wp:featuredmedia":[{"embeddable":true,"href":"https:\/\/diariotextual.com\/inicio\/index.php\/wp-json\/wp\/v2\/media\/83726"}],"wp:attachment":[{"href":"https:\/\/diariotextual.com\/inicio\/index.php\/wp-json\/wp\/v2\/media?parent=158870"}],"wp:term":[{"taxonomy":"category","embeddable":true,"href":"https:\/\/diariotextual.com\/inicio\/index.php\/wp-json\/wp\/v2\/categories?post=158870"},{"taxonomy":"post_tag","embeddable":true,"href":"https:\/\/diariotextual.com\/inicio\/index.php\/wp-json\/wp\/v2\/tags?post=158870"}],"curies":[{"name":"wp","href":"https:\/\/api.w.org\/{rel}","templated":true}]}}