{"id":158921,"date":"2021-08-24T17:34:45","date_gmt":"2021-08-24T20:34:45","guid":{"rendered":"https:\/\/diariotextual.com\/inicio\/?p=158921"},"modified":"2021-08-24T17:36:50","modified_gmt":"2021-08-24T20:36:50","slug":"con-la-mira-en-las-app-santa-rosa-va-a-regular-la-actividad-de-los-cadetes","status":"publish","type":"post","link":"https:\/\/diariotextual.com\/inicio\/index.php\/2021\/08\/24\/con-la-mira-en-las-app-santa-rosa-va-a-regular-la-actividad-de-los-cadetes\/","title":{"rendered":"Con la mira en las app, Santa Rosa va a regular la actividad de los cadetes"},"content":{"rendered":"\n<p>La ciudad de Santa Rosa, con la mira puesta en las aplicaciones como Pedidos Ya y otras empresas multinacionales, pretende regular la actividad de cadeter\u00eda y mensajer\u00eda, con el fin de aportar a la \u201cigualdad de condiciones\u201d entre los distintos actores del sector.<\/p>\n\n\n\n<p>El tema se trat\u00f3 hoy en la Comisi\u00f3n Administrativa y Reglamentaciones del concejo deliberante.<\/p>\n\n\n\n<p>Los ediles sacaron despacho por unanimidad, con algunas modificaciones surgidas del consenso de los bloques, al proyecto que pretende regular la organizaci\u00f3n, instalaci\u00f3n, explotaci\u00f3n y contrataci\u00f3n del servicio de cadeter\u00eda, mensajer\u00eda, motomandados, servicio de distribuci\u00f3n y afines, mediante cualquier forma de comunicaci\u00f3n, incluidas las aplicaciones digitales.<\/p>\n\n\n\n<p>Para explicar esta iniciativa y responder las inquietudes del cuerpo deliberativo estuvo presente el director de Econom\u00eda popular del municipio, Federico Ignaszewski. \u201cLa ordenanza -dijo- pretende adaptar la regulaci\u00f3n de estos servicios para mayor seguridad y condiciones laborales de los trabajadores y trabajadoras, y para poner en igualdad de condiciones tanto a los cadetes particulares, los que trabajan en cadeter\u00edas y los que lo hacen a trav\u00e9s de las aplicaciones web\u201d.<\/p>\n\n\n\n<figure class=\"wp-block-image size-large\"><img fetchpriority=\"high\" decoding=\"async\" width=\"912\" height=\"603\" src=\"https:\/\/diariotextual.com\/inicio\/wp-content\/uploads\/2021\/08\/ignaszewskifedericovegamarianocadeterias2021-2.jpg\" alt=\"\" class=\"wp-image-158924\" srcset=\"https:\/\/diariotextual.com\/inicio\/wp-content\/uploads\/2021\/08\/ignaszewskifedericovegamarianocadeterias2021-2.jpg 912w, https:\/\/diariotextual.com\/inicio\/wp-content\/uploads\/2021\/08\/ignaszewskifedericovegamarianocadeterias2021-2-300x198.jpg 300w, https:\/\/diariotextual.com\/inicio\/wp-content\/uploads\/2021\/08\/ignaszewskifedericovegamarianocadeterias2021-2-768x508.jpg 768w, https:\/\/diariotextual.com\/inicio\/wp-content\/uploads\/2021\/08\/ignaszewskifedericovegamarianocadeterias2021-2-780x516.jpg 780w, https:\/\/diariotextual.com\/inicio\/wp-content\/uploads\/2021\/08\/ignaszewskifedericovegamarianocadeterias2021-2-585x387.jpg 585w, https:\/\/diariotextual.com\/inicio\/wp-content\/uploads\/2021\/08\/ignaszewskifedericovegamarianocadeterias2021-2-263x175.jpg 263w\" sizes=\"(max-width: 912px) 100vw, 912px\" \/><\/figure>\n\n\n\n<p>Seg\u00fan dijo, en Santa Rosa hay 114 cadetes o cadetas con autorizaci\u00f3n para transportar alimentos, aunque se calcula que hay 1.200 personas haciendo trabajos de cadeter\u00eda.<\/p>\n\n\n\n<p>\u201cLa cadeter\u00eda es una rama de la econom\u00eda popular que cumple una funci\u00f3n muy importante y tuvo un papel fundamental durante esta pandemia. Es un hecho de justicia porque hay algunos actores que funcionan sin ning\u00fan tipo de regulaci\u00f3n. Esta propuesta viene a regular y darle un marco normativo igual para todos los actores\u201d, agreg\u00f3.&nbsp;<\/p>\n\n\n\n<p>Adem\u00e1s, indic\u00f3 que la normativa es un gran avance porque no solo pone en universo a las plataformas, sino tambi\u00e9n a las cooperativas. \u201cDesde el municipio es importante el fomento del cooperativismo y el trabajo asociativo\u201d, dijo.<\/p>\n\n\n\n<p>Ignaszewski explic\u00f3 que el proyecto expresa los requisitos para registrarse y normativas para trabajar, detallando c\u00f3mo deben ser las cajas de transportes, y diferentes disposiciones sobre las identificaciones, medidas de seguridad, prohibiciones y sanciones en caso de incumplimientos, entre otros ordenamientos.<\/p>\n","protected":false},"excerpt":{"rendered":"<p>La ciudad de Santa Rosa, con la mira puesta en las aplicaciones como Pedidos Ya y otras empresas multinacionales, pretende regular la actividad de cadeter\u00eda y mensajer\u00eda, con el fin&hellip;<\/p>\n","protected":false},"author":3,"featured_media":65357,"comment_status":"closed","ping_status":"open","sticky":false,"template":"","format":"standard","meta":{"_acf_changed":false,"footnotes":""},"categories":[4,12],"tags":[3535],"class_list":["post-158921","post","type-post","status-publish","format-standard","has-post-thumbnail","hentry","category-destacadas","category-sociedad","tag-cadetes"],"acf":[],"yoast_head":"<!-- This site is optimized with the Yoast SEO plugin v27.5 - https:\/\/yoast.com\/product\/yoast-seo-wordpress\/ -->\n<title>Con la mira en las app, Santa Rosa va a regular la actividad de los cadetes - Diario Textual<\/title>\n<meta name=\"robots\" content=\"index, follow, max-snippet:-1, max-image-preview:large, max-video-preview:-1\" \/>\n<link rel=\"canonical\" href=\"https:\/\/diariotextual.com\/inicio\/index.php\/2021\/08\/24\/con-la-mira-en-las-app-santa-rosa-va-a-regular-la-actividad-de-los-cadetes\/\" \/>\n<meta property=\"og:locale\" content=\"es_ES\" \/>\n<meta property=\"og:type\" content=\"article\" \/>\n<meta property=\"og:title\" content=\"Con la mira en las app, Santa Rosa va a regular la actividad de los cadetes - Diario Textual\" \/>\n<meta property=\"og:description\" content=\"La ciudad de Santa Rosa, con la mira puesta en las aplicaciones como Pedidos Ya y otras empresas multinacionales, pretende regular la actividad de cadeter\u00eda y mensajer\u00eda, con el fin&hellip;\" \/>\n<meta property=\"og:url\" content=\"https:\/\/diariotextual.com\/inicio\/index.php\/2021\/08\/24\/con-la-mira-en-las-app-santa-rosa-va-a-regular-la-actividad-de-los-cadetes\/\" \/>\n<meta property=\"og:site_name\" content=\"Diario Textual\" \/>\n<meta property=\"article:publisher\" content=\"https:\/\/www.facebook.com\/eltextual\" \/>\n<meta property=\"article:published_time\" content=\"2021-08-24T20:34:45+00:00\" \/>\n<meta property=\"article:modified_time\" content=\"2021-08-24T20:36:50+00:00\" \/>\n<meta property=\"og:image\" content=\"https:\/\/diariotextual.com\/inicio\/wp-content\/uploads\/2019\/10\/pedidosya3444.jpg\" \/>\n\t<meta property=\"og:image:width\" content=\"802\" \/>\n\t<meta property=\"og:image:height\" content=\"487\" \/>\n\t<meta property=\"og:image:type\" content=\"image\/jpeg\" \/>\n<meta name=\"author\" content=\"Diario1 Diario1\" \/>\n<meta name=\"twitter:card\" content=\"summary_large_image\" \/>\n<meta name=\"twitter:creator\" content=\"@eltextual\" \/>\n<meta name=\"twitter:site\" content=\"@eltextual\" \/>\n<meta name=\"twitter:label1\" content=\"Escrito por\" \/>\n\t<meta name=\"twitter:data1\" content=\"Diario1 Diario1\" \/>\n\t<meta name=\"twitter:label2\" content=\"Tiempo de lectura\" \/>\n\t<meta name=\"twitter:data2\" content=\"2 minutos\" \/>\n<script type=\"application\/ld+json\" class=\"yoast-schema-graph\">{\"@context\":\"https:\\\/\\\/schema.org\",\"@graph\":[{\"@type\":\"Article\",\"@id\":\"https:\\\/\\\/diariotextual.com\\\/inicio\\\/index.php\\\/2021\\\/08\\\/24\\\/con-la-mira-en-las-app-santa-rosa-va-a-regular-la-actividad-de-los-cadetes\\\/#article\",\"isPartOf\":{\"@id\":\"https:\\\/\\\/diariotextual.com\\\/inicio\\\/index.php\\\/2021\\\/08\\\/24\\\/con-la-mira-en-las-app-santa-rosa-va-a-regular-la-actividad-de-los-cadetes\\\/\"},\"author\":{\"name\":\"Diario1 Diario1\",\"@id\":\"https:\\\/\\\/diariotextual.com\\\/inicio\\\/#\\\/schema\\\/person\\\/418fc4093c33e86ed41562db3508f958\"},\"headline\":\"Con la mira en las app, Santa Rosa va a regular la actividad de los cadetes\",\"datePublished\":\"2021-08-24T20:34:45+00:00\",\"dateModified\":\"2021-08-24T20:36:50+00:00\",\"mainEntityOfPage\":{\"@id\":\"https:\\\/\\\/diariotextual.com\\\/inicio\\\/index.php\\\/2021\\\/08\\\/24\\\/con-la-mira-en-las-app-santa-rosa-va-a-regular-la-actividad-de-los-cadetes\\\/\"},\"wordCount\":374,\"publisher\":{\"@id\":\"https:\\\/\\\/diariotextual.com\\\/inicio\\\/#organization\"},\"image\":{\"@id\":\"https:\\\/\\\/diariotextual.com\\\/inicio\\\/index.php\\\/2021\\\/08\\\/24\\\/con-la-mira-en-las-app-santa-rosa-va-a-regular-la-actividad-de-los-cadetes\\\/#primaryimage\"},\"thumbnailUrl\":\"https:\\\/\\\/diariotextual.com\\\/inicio\\\/wp-content\\\/uploads\\\/2019\\\/10\\\/pedidosya3444.jpg\",\"keywords\":[\"Cadetes\"],\"articleSection\":[\"A - DESTACADAS (mod 16)\",\"SOCIEDAD\"],\"inLanguage\":\"es\"},{\"@type\":\"WebPage\",\"@id\":\"https:\\\/\\\/diariotextual.com\\\/inicio\\\/index.php\\\/2021\\\/08\\\/24\\\/con-la-mira-en-las-app-santa-rosa-va-a-regular-la-actividad-de-los-cadetes\\\/\",\"url\":\"https:\\\/\\\/diariotextual.com\\\/inicio\\\/index.php\\\/2021\\\/08\\\/24\\\/con-la-mira-en-las-app-santa-rosa-va-a-regular-la-actividad-de-los-cadetes\\\/\",\"name\":\"Con la mira en las app, Santa Rosa va a regular la actividad de los cadetes - Diario Textual\",\"isPartOf\":{\"@id\":\"https:\\\/\\\/diariotextual.com\\\/inicio\\\/#website\"},\"primaryImageOfPage\":{\"@id\":\"https:\\\/\\\/diariotextual.com\\\/inicio\\\/index.php\\\/2021\\\/08\\\/24\\\/con-la-mira-en-las-app-santa-rosa-va-a-regular-la-actividad-de-los-cadetes\\\/#primaryimage\"},\"image\":{\"@id\":\"https:\\\/\\\/diariotextual.com\\\/inicio\\\/index.php\\\/2021\\\/08\\\/24\\\/con-la-mira-en-las-app-santa-rosa-va-a-regular-la-actividad-de-los-cadetes\\\/#primaryimage\"},\"thumbnailUrl\":\"https:\\\/\\\/diariotextual.com\\\/inicio\\\/wp-content\\\/uploads\\\/2019\\\/10\\\/pedidosya3444.jpg\",\"datePublished\":\"2021-08-24T20:34:45+00:00\",\"dateModified\":\"2021-08-24T20:36:50+00:00\",\"breadcrumb\":{\"@id\":\"https:\\\/\\\/diariotextual.com\\\/inicio\\\/index.php\\\/2021\\\/08\\\/24\\\/con-la-mira-en-las-app-santa-rosa-va-a-regular-la-actividad-de-los-cadetes\\\/#breadcrumb\"},\"inLanguage\":\"es\",\"potentialAction\":[{\"@type\":\"ReadAction\",\"target\":[\"https:\\\/\\\/diariotextual.com\\\/inicio\\\/index.php\\\/2021\\\/08\\\/24\\\/con-la-mira-en-las-app-santa-rosa-va-a-regular-la-actividad-de-los-cadetes\\\/\"]}]},{\"@type\":\"ImageObject\",\"inLanguage\":\"es\",\"@id\":\"https:\\\/\\\/diariotextual.com\\\/inicio\\\/index.php\\\/2021\\\/08\\\/24\\\/con-la-mira-en-las-app-santa-rosa-va-a-regular-la-actividad-de-los-cadetes\\\/#primaryimage\",\"url\":\"https:\\\/\\\/diariotextual.com\\\/inicio\\\/wp-content\\\/uploads\\\/2019\\\/10\\\/pedidosya3444.jpg\",\"contentUrl\":\"https:\\\/\\\/diariotextual.com\\\/inicio\\\/wp-content\\\/uploads\\\/2019\\\/10\\\/pedidosya3444.jpg\",\"width\":802,\"height\":487},{\"@type\":\"BreadcrumbList\",\"@id\":\"https:\\\/\\\/diariotextual.com\\\/inicio\\\/index.php\\\/2021\\\/08\\\/24\\\/con-la-mira-en-las-app-santa-rosa-va-a-regular-la-actividad-de-los-cadetes\\\/#breadcrumb\",\"itemListElement\":[{\"@type\":\"ListItem\",\"position\":1,\"name\":\"Portada\",\"item\":\"https:\\\/\\\/diariotextual.com\\\/inicio\\\/\"},{\"@type\":\"ListItem\",\"position\":2,\"name\":\"Con la mira en las app, Santa Rosa va a regular la actividad de los cadetes\"}]},{\"@type\":\"WebSite\",\"@id\":\"https:\\\/\\\/diariotextual.com\\\/inicio\\\/#website\",\"url\":\"https:\\\/\\\/diariotextual.com\\\/inicio\\\/\",\"name\":\"Diario Textual\",\"description\":\"\",\"publisher\":{\"@id\":\"https:\\\/\\\/diariotextual.com\\\/inicio\\\/#organization\"},\"potentialAction\":[{\"@type\":\"SearchAction\",\"target\":{\"@type\":\"EntryPoint\",\"urlTemplate\":\"https:\\\/\\\/diariotextual.com\\\/inicio\\\/?s={search_term_string}\"},\"query-input\":{\"@type\":\"PropertyValueSpecification\",\"valueRequired\":true,\"valueName\":\"search_term_string\"}}],\"inLanguage\":\"es\"},{\"@type\":\"Organization\",\"@id\":\"https:\\\/\\\/diariotextual.com\\\/inicio\\\/#organization\",\"name\":\"Diario Textual\",\"url\":\"https:\\\/\\\/diariotextual.com\\\/inicio\\\/\",\"logo\":{\"@type\":\"ImageObject\",\"inLanguage\":\"es\",\"@id\":\"https:\\\/\\\/diariotextual.com\\\/inicio\\\/#\\\/schema\\\/logo\\\/image\\\/\",\"url\":\"https:\\\/\\\/diariotextual.com\\\/inicio\\\/wp-content\\\/uploads\\\/2023\\\/05\\\/logotextual1.jpg\",\"contentUrl\":\"https:\\\/\\\/diariotextual.com\\\/inicio\\\/wp-content\\\/uploads\\\/2023\\\/05\\\/logotextual1.jpg\",\"width\":516,\"height\":76,\"caption\":\"Diario Textual\"},\"image\":{\"@id\":\"https:\\\/\\\/diariotextual.com\\\/inicio\\\/#\\\/schema\\\/logo\\\/image\\\/\"},\"sameAs\":[\"https:\\\/\\\/www.facebook.com\\\/eltextual\",\"https:\\\/\\\/x.com\\\/eltextual\",\"http:\\\/\\\/www.instagram.com\\\/eltextual\"]},{\"@type\":\"Person\",\"@id\":\"https:\\\/\\\/diariotextual.com\\\/inicio\\\/#\\\/schema\\\/person\\\/418fc4093c33e86ed41562db3508f958\",\"name\":\"Diario1 Diario1\",\"image\":{\"@type\":\"ImageObject\",\"inLanguage\":\"es\",\"@id\":\"https:\\\/\\\/secure.gravatar.com\\\/avatar\\\/9167d280179c85bc18be67aa7eda765854300033af4896dd779b608640f2ef7a?s=96&d=mm&r=g\",\"url\":\"https:\\\/\\\/secure.gravatar.com\\\/avatar\\\/9167d280179c85bc18be67aa7eda765854300033af4896dd779b608640f2ef7a?s=96&d=mm&r=g\",\"contentUrl\":\"https:\\\/\\\/secure.gravatar.com\\\/avatar\\\/9167d280179c85bc18be67aa7eda765854300033af4896dd779b608640f2ef7a?s=96&d=mm&r=g\",\"caption\":\"Diario1 Diario1\"},\"url\":\"https:\\\/\\\/diariotextual.com\\\/inicio\\\/index.php\\\/author\\\/diario1\\\/\"}]}<\/script>\n<!-- \/ Yoast SEO plugin. -->","yoast_head_json":{"title":"Con la mira en las app, Santa Rosa va a regular la actividad de los cadetes - Diario Textual","robots":{"index":"index","follow":"follow","max-snippet":"max-snippet:-1","max-image-preview":"max-image-preview:large","max-video-preview":"max-video-preview:-1"},"canonical":"https:\/\/diariotextual.com\/inicio\/index.php\/2021\/08\/24\/con-la-mira-en-las-app-santa-rosa-va-a-regular-la-actividad-de-los-cadetes\/","og_locale":"es_ES","og_type":"article","og_title":"Con la mira en las app, Santa Rosa va a regular la actividad de los cadetes - Diario Textual","og_description":"La ciudad de Santa Rosa, con la mira puesta en las aplicaciones como Pedidos Ya y otras empresas multinacionales, pretende regular la actividad de cadeter\u00eda y mensajer\u00eda, con el fin&hellip;","og_url":"https:\/\/diariotextual.com\/inicio\/index.php\/2021\/08\/24\/con-la-mira-en-las-app-santa-rosa-va-a-regular-la-actividad-de-los-cadetes\/","og_site_name":"Diario Textual","article_publisher":"https:\/\/www.facebook.com\/eltextual","article_published_time":"2021-08-24T20:34:45+00:00","article_modified_time":"2021-08-24T20:36:50+00:00","og_image":[{"width":802,"height":487,"url":"https:\/\/diariotextual.com\/inicio\/wp-content\/uploads\/2019\/10\/pedidosya3444.jpg","type":"image\/jpeg"}],"author":"Diario1 Diario1","twitter_card":"summary_large_image","twitter_creator":"@eltextual","twitter_site":"@eltextual","twitter_misc":{"Escrito por":"Diario1 Diario1","Tiempo de lectura":"2 minutos"},"schema":{"@context":"https:\/\/schema.org","@graph":[{"@type":"Article","@id":"https:\/\/diariotextual.com\/inicio\/index.php\/2021\/08\/24\/con-la-mira-en-las-app-santa-rosa-va-a-regular-la-actividad-de-los-cadetes\/#article","isPartOf":{"@id":"https:\/\/diariotextual.com\/inicio\/index.php\/2021\/08\/24\/con-la-mira-en-las-app-santa-rosa-va-a-regular-la-actividad-de-los-cadetes\/"},"author":{"name":"Diario1 Diario1","@id":"https:\/\/diariotextual.com\/inicio\/#\/schema\/person\/418fc4093c33e86ed41562db3508f958"},"headline":"Con la mira en las app, Santa Rosa va a regular la actividad de los cadetes","datePublished":"2021-08-24T20:34:45+00:00","dateModified":"2021-08-24T20:36:50+00:00","mainEntityOfPage":{"@id":"https:\/\/diariotextual.com\/inicio\/index.php\/2021\/08\/24\/con-la-mira-en-las-app-santa-rosa-va-a-regular-la-actividad-de-los-cadetes\/"},"wordCount":374,"publisher":{"@id":"https:\/\/diariotextual.com\/inicio\/#organization"},"image":{"@id":"https:\/\/diariotextual.com\/inicio\/index.php\/2021\/08\/24\/con-la-mira-en-las-app-santa-rosa-va-a-regular-la-actividad-de-los-cadetes\/#primaryimage"},"thumbnailUrl":"https:\/\/diariotextual.com\/inicio\/wp-content\/uploads\/2019\/10\/pedidosya3444.jpg","keywords":["Cadetes"],"articleSection":["A - DESTACADAS (mod 16)","SOCIEDAD"],"inLanguage":"es"},{"@type":"WebPage","@id":"https:\/\/diariotextual.com\/inicio\/index.php\/2021\/08\/24\/con-la-mira-en-las-app-santa-rosa-va-a-regular-la-actividad-de-los-cadetes\/","url":"https:\/\/diariotextual.com\/inicio\/index.php\/2021\/08\/24\/con-la-mira-en-las-app-santa-rosa-va-a-regular-la-actividad-de-los-cadetes\/","name":"Con la mira en las app, Santa Rosa va a regular la actividad de los cadetes - Diario Textual","isPartOf":{"@id":"https:\/\/diariotextual.com\/inicio\/#website"},"primaryImageOfPage":{"@id":"https:\/\/diariotextual.com\/inicio\/index.php\/2021\/08\/24\/con-la-mira-en-las-app-santa-rosa-va-a-regular-la-actividad-de-los-cadetes\/#primaryimage"},"image":{"@id":"https:\/\/diariotextual.com\/inicio\/index.php\/2021\/08\/24\/con-la-mira-en-las-app-santa-rosa-va-a-regular-la-actividad-de-los-cadetes\/#primaryimage"},"thumbnailUrl":"https:\/\/diariotextual.com\/inicio\/wp-content\/uploads\/2019\/10\/pedidosya3444.jpg","datePublished":"2021-08-24T20:34:45+00:00","dateModified":"2021-08-24T20:36:50+00:00","breadcrumb":{"@id":"https:\/\/diariotextual.com\/inicio\/index.php\/2021\/08\/24\/con-la-mira-en-las-app-santa-rosa-va-a-regular-la-actividad-de-los-cadetes\/#breadcrumb"},"inLanguage":"es","potentialAction":[{"@type":"ReadAction","target":["https:\/\/diariotextual.com\/inicio\/index.php\/2021\/08\/24\/con-la-mira-en-las-app-santa-rosa-va-a-regular-la-actividad-de-los-cadetes\/"]}]},{"@type":"ImageObject","inLanguage":"es","@id":"https:\/\/diariotextual.com\/inicio\/index.php\/2021\/08\/24\/con-la-mira-en-las-app-santa-rosa-va-a-regular-la-actividad-de-los-cadetes\/#primaryimage","url":"https:\/\/diariotextual.com\/inicio\/wp-content\/uploads\/2019\/10\/pedidosya3444.jpg","contentUrl":"https:\/\/diariotextual.com\/inicio\/wp-content\/uploads\/2019\/10\/pedidosya3444.jpg","width":802,"height":487},{"@type":"BreadcrumbList","@id":"https:\/\/diariotextual.com\/inicio\/index.php\/2021\/08\/24\/con-la-mira-en-las-app-santa-rosa-va-a-regular-la-actividad-de-los-cadetes\/#breadcrumb","itemListElement":[{"@type":"ListItem","position":1,"name":"Portada","item":"https:\/\/diariotextual.com\/inicio\/"},{"@type":"ListItem","position":2,"name":"Con la mira en las app, Santa Rosa va a regular la actividad de los cadetes"}]},{"@type":"WebSite","@id":"https:\/\/diariotextual.com\/inicio\/#website","url":"https:\/\/diariotextual.com\/inicio\/","name":"Diario Textual","description":"","publisher":{"@id":"https:\/\/diariotextual.com\/inicio\/#organization"},"potentialAction":[{"@type":"SearchAction","target":{"@type":"EntryPoint","urlTemplate":"https:\/\/diariotextual.com\/inicio\/?s={search_term_string}"},"query-input":{"@type":"PropertyValueSpecification","valueRequired":true,"valueName":"search_term_string"}}],"inLanguage":"es"},{"@type":"Organization","@id":"https:\/\/diariotextual.com\/inicio\/#organization","name":"Diario Textual","url":"https:\/\/diariotextual.com\/inicio\/","logo":{"@type":"ImageObject","inLanguage":"es","@id":"https:\/\/diariotextual.com\/inicio\/#\/schema\/logo\/image\/","url":"https:\/\/diariotextual.com\/inicio\/wp-content\/uploads\/2023\/05\/logotextual1.jpg","contentUrl":"https:\/\/diariotextual.com\/inicio\/wp-content\/uploads\/2023\/05\/logotextual1.jpg","width":516,"height":76,"caption":"Diario Textual"},"image":{"@id":"https:\/\/diariotextual.com\/inicio\/#\/schema\/logo\/image\/"},"sameAs":["https:\/\/www.facebook.com\/eltextual","https:\/\/x.com\/eltextual","http:\/\/www.instagram.com\/eltextual"]},{"@type":"Person","@id":"https:\/\/diariotextual.com\/inicio\/#\/schema\/person\/418fc4093c33e86ed41562db3508f958","name":"Diario1 Diario1","image":{"@type":"ImageObject","inLanguage":"es","@id":"https:\/\/secure.gravatar.com\/avatar\/9167d280179c85bc18be67aa7eda765854300033af4896dd779b608640f2ef7a?s=96&d=mm&r=g","url":"https:\/\/secure.gravatar.com\/avatar\/9167d280179c85bc18be67aa7eda765854300033af4896dd779b608640f2ef7a?s=96&d=mm&r=g","contentUrl":"https:\/\/secure.gravatar.com\/avatar\/9167d280179c85bc18be67aa7eda765854300033af4896dd779b608640f2ef7a?s=96&d=mm&r=g","caption":"Diario1 Diario1"},"url":"https:\/\/diariotextual.com\/inicio\/index.php\/author\/diario1\/"}]}},"_links":{"self":[{"href":"https:\/\/diariotextual.com\/inicio\/index.php\/wp-json\/wp\/v2\/posts\/158921","targetHints":{"allow":["GET"]}}],"collection":[{"href":"https:\/\/diariotextual.com\/inicio\/index.php\/wp-json\/wp\/v2\/posts"}],"about":[{"href":"https:\/\/diariotextual.com\/inicio\/index.php\/wp-json\/wp\/v2\/types\/post"}],"author":[{"embeddable":true,"href":"https:\/\/diariotextual.com\/inicio\/index.php\/wp-json\/wp\/v2\/users\/3"}],"replies":[{"embeddable":true,"href":"https:\/\/diariotextual.com\/inicio\/index.php\/wp-json\/wp\/v2\/comments?post=158921"}],"version-history":[{"count":2,"href":"https:\/\/diariotextual.com\/inicio\/index.php\/wp-json\/wp\/v2\/posts\/158921\/revisions"}],"predecessor-version":[{"id":158925,"href":"https:\/\/diariotextual.com\/inicio\/index.php\/wp-json\/wp\/v2\/posts\/158921\/revisions\/158925"}],"wp:featuredmedia":[{"embeddable":true,"href":"https:\/\/diariotextual.com\/inicio\/index.php\/wp-json\/wp\/v2\/media\/65357"}],"wp:attachment":[{"href":"https:\/\/diariotextual.com\/inicio\/index.php\/wp-json\/wp\/v2\/media?parent=158921"}],"wp:term":[{"taxonomy":"category","embeddable":true,"href":"https:\/\/diariotextual.com\/inicio\/index.php\/wp-json\/wp\/v2\/categories?post=158921"},{"taxonomy":"post_tag","embeddable":true,"href":"https:\/\/diariotextual.com\/inicio\/index.php\/wp-json\/wp\/v2\/tags?post=158921"}],"curies":[{"name":"wp","href":"https:\/\/api.w.org\/{rel}","templated":true}]}}