{"id":158999,"date":"2021-08-25T12:34:15","date_gmt":"2021-08-25T15:34:15","guid":{"rendered":"https:\/\/diariotextual.com\/inicio\/?p=158999"},"modified":"2021-08-25T17:47:25","modified_gmt":"2021-08-25T20:47:25","slug":"acha-hicieron-pintadas-contra-mujeres-que-trabajan-en-albanileria","status":"publish","type":"post","link":"https:\/\/diariotextual.com\/inicio\/index.php\/2021\/08\/25\/acha-hicieron-pintadas-contra-mujeres-que-trabajan-en-albanileria\/","title":{"rendered":"Acha: hicieron pintadas contra mujeres que trabajan en alba\u00f1iler\u00eda"},"content":{"rendered":"\n<p>Mujeres alba\u00f1iles de General Acha sufrieron en las \u00faltimas horas un ataque mis\u00f3gino: les dejaron pintadas, en una obra en construcci\u00f3n en la Escuela 177, dentro del programa Mujeres en Obra.<\/p>\n\n\n\n<p>El Instituto Provincial de la Vivienda (IPAV) expres\u00f3 su \u00abm\u00e1s en\u00e9rgico repudio\u00bb a las pintadas aparecidas y al da\u00f1o.<\/p>\n\n\n\n<p>\u00abLo detectamos en el inicio de la jornada laboral de este mi\u00e9rcoles. En las paredes aparecieron pintadas, estaban rayadas con aerosol, hab\u00edan da\u00f1ado el revoque. Hay frases de alto contenido mis\u00f3gino\u00bb, dijo la gerenta de Programaci\u00f3n del IPAV y responsable del programa, Romina Montes de Oca.<br><\/p>\n\n\n\n<p>\u00abAparecieron dibujos de contenido mis\u00f3gino. Y entendemos que tiene que ver con oponerse a que las mujeres seamos parte de trabajos que hist\u00f3ricamente fueron asignados a los hombres\u00bb, sostuvo.<br><\/p>\n\n\n\n<p>\u00abLas chicas est\u00e1n tristes que les arruinen su trabajo, pero entendemos que tiene que ver con cuestiones m\u00e1s profundas. Con un sistema patriarcal que quiere mantenernos oprimidas y fuera de la esfera que fue estrictamente de hombres\u00bb, dijo.<br><\/p>\n\n\n\n<figure class=\"wp-block-image size-large\"><img fetchpriority=\"high\" decoding=\"async\" width=\"1024\" height=\"576\" src=\"https:\/\/diariotextual.com\/inicio\/wp-content\/uploads\/2021\/08\/pintadasmujeresenobraacha2021-2-1024x576.jpeg\" alt=\"\" class=\"wp-image-159006\" srcset=\"https:\/\/diariotextual.com\/inicio\/wp-content\/uploads\/2021\/08\/pintadasmujeresenobraacha2021-2-1024x576.jpeg 1024w, https:\/\/diariotextual.com\/inicio\/wp-content\/uploads\/2021\/08\/pintadasmujeresenobraacha2021-2-300x169.jpeg 300w, https:\/\/diariotextual.com\/inicio\/wp-content\/uploads\/2021\/08\/pintadasmujeresenobraacha2021-2-768x432.jpeg 768w, https:\/\/diariotextual.com\/inicio\/wp-content\/uploads\/2021\/08\/pintadasmujeresenobraacha2021-2-1536x864.jpeg 1536w, https:\/\/diariotextual.com\/inicio\/wp-content\/uploads\/2021\/08\/pintadasmujeresenobraacha2021-2-1170x658.jpeg 1170w, https:\/\/diariotextual.com\/inicio\/wp-content\/uploads\/2021\/08\/pintadasmujeresenobraacha2021-2-585x329.jpeg 585w, https:\/\/diariotextual.com\/inicio\/wp-content\/uploads\/2021\/08\/pintadasmujeresenobraacha2021-2.jpeg 1600w\" sizes=\"(max-width: 1024px) 100vw, 1024px\" \/><\/figure>\n\n\n\n<p><\/p>\n","protected":false},"excerpt":{"rendered":"<p>Mujeres alba\u00f1iles de General Acha sufrieron en las \u00faltimas horas un ataque mis\u00f3gino: les dejaron pintadas, en una obra en construcci\u00f3n en la Escuela 177, dentro del programa Mujeres en&hellip;<\/p>\n","protected":false},"author":3,"featured_media":159000,"comment_status":"closed","ping_status":"open","sticky":false,"template":"","format":"standard","meta":{"_acf_changed":false,"footnotes":""},"categories":[10,12],"tags":[5985],"class_list":["post-158999","post","type-post","status-publish","format-standard","has-post-thumbnail","hentry","category-portada-2","category-sociedad","tag-obra"],"acf":[],"yoast_head":"<!-- This site is optimized with the Yoast SEO plugin v27.5 - https:\/\/yoast.com\/product\/yoast-seo-wordpress\/ -->\n<title>Acha: hicieron pintadas contra mujeres que trabajan en alba\u00f1iler\u00eda - Diario Textual<\/title>\n<meta name=\"robots\" content=\"index, follow, max-snippet:-1, max-image-preview:large, max-video-preview:-1\" \/>\n<link rel=\"canonical\" href=\"https:\/\/diariotextual.com\/inicio\/index.php\/2021\/08\/25\/acha-hicieron-pintadas-contra-mujeres-que-trabajan-en-albanileria\/\" \/>\n<meta property=\"og:locale\" content=\"es_ES\" \/>\n<meta property=\"og:type\" content=\"article\" \/>\n<meta property=\"og:title\" content=\"Acha: hicieron pintadas contra mujeres que trabajan en alba\u00f1iler\u00eda - Diario Textual\" \/>\n<meta property=\"og:description\" content=\"Mujeres alba\u00f1iles de General Acha sufrieron en las \u00faltimas horas un ataque mis\u00f3gino: les dejaron pintadas, en una obra en construcci\u00f3n en la Escuela 177, dentro del programa Mujeres en&hellip;\" \/>\n<meta property=\"og:url\" content=\"https:\/\/diariotextual.com\/inicio\/index.php\/2021\/08\/25\/acha-hicieron-pintadas-contra-mujeres-que-trabajan-en-albanileria\/\" \/>\n<meta property=\"og:site_name\" content=\"Diario Textual\" \/>\n<meta property=\"article:publisher\" content=\"https:\/\/www.facebook.com\/eltextual\" \/>\n<meta property=\"article:published_time\" content=\"2021-08-25T15:34:15+00:00\" \/>\n<meta property=\"article:modified_time\" content=\"2021-08-25T20:47:25+00:00\" \/>\n<meta property=\"og:image\" content=\"https:\/\/diariotextual.com\/inicio\/wp-content\/uploads\/2021\/08\/pintadasmujeresenobraacha2021-1.jpeg\" \/>\n\t<meta property=\"og:image:width\" content=\"1600\" \/>\n\t<meta property=\"og:image:height\" content=\"900\" \/>\n\t<meta property=\"og:image:type\" content=\"image\/jpeg\" \/>\n<meta name=\"author\" content=\"Diario1 Diario1\" \/>\n<meta name=\"twitter:card\" content=\"summary_large_image\" \/>\n<meta name=\"twitter:creator\" content=\"@eltextual\" \/>\n<meta name=\"twitter:site\" content=\"@eltextual\" \/>\n<meta name=\"twitter:label1\" content=\"Escrito por\" \/>\n\t<meta name=\"twitter:data1\" content=\"Diario1 Diario1\" \/>\n\t<meta name=\"twitter:label2\" content=\"Tiempo de lectura\" \/>\n\t<meta name=\"twitter:data2\" content=\"1 minuto\" \/>\n<script type=\"application\/ld+json\" class=\"yoast-schema-graph\">{\"@context\":\"https:\\\/\\\/schema.org\",\"@graph\":[{\"@type\":\"Article\",\"@id\":\"https:\\\/\\\/diariotextual.com\\\/inicio\\\/index.php\\\/2021\\\/08\\\/25\\\/acha-hicieron-pintadas-contra-mujeres-que-trabajan-en-albanileria\\\/#article\",\"isPartOf\":{\"@id\":\"https:\\\/\\\/diariotextual.com\\\/inicio\\\/index.php\\\/2021\\\/08\\\/25\\\/acha-hicieron-pintadas-contra-mujeres-que-trabajan-en-albanileria\\\/\"},\"author\":{\"name\":\"Diario1 Diario1\",\"@id\":\"https:\\\/\\\/diariotextual.com\\\/inicio\\\/#\\\/schema\\\/person\\\/418fc4093c33e86ed41562db3508f958\"},\"headline\":\"Acha: hicieron pintadas contra mujeres que trabajan en alba\u00f1iler\u00eda\",\"datePublished\":\"2021-08-25T15:34:15+00:00\",\"dateModified\":\"2021-08-25T20:47:25+00:00\",\"mainEntityOfPage\":{\"@id\":\"https:\\\/\\\/diariotextual.com\\\/inicio\\\/index.php\\\/2021\\\/08\\\/25\\\/acha-hicieron-pintadas-contra-mujeres-que-trabajan-en-albanileria\\\/\"},\"wordCount\":188,\"publisher\":{\"@id\":\"https:\\\/\\\/diariotextual.com\\\/inicio\\\/#organization\"},\"image\":{\"@id\":\"https:\\\/\\\/diariotextual.com\\\/inicio\\\/index.php\\\/2021\\\/08\\\/25\\\/acha-hicieron-pintadas-contra-mujeres-que-trabajan-en-albanileria\\\/#primaryimage\"},\"thumbnailUrl\":\"https:\\\/\\\/diariotextual.com\\\/inicio\\\/wp-content\\\/uploads\\\/2021\\\/08\\\/pintadasmujeresenobraacha2021-1.jpeg\",\"keywords\":[\"obra\"],\"articleSection\":[\"A - PORTADA2\",\"SOCIEDAD\"],\"inLanguage\":\"es\"},{\"@type\":\"WebPage\",\"@id\":\"https:\\\/\\\/diariotextual.com\\\/inicio\\\/index.php\\\/2021\\\/08\\\/25\\\/acha-hicieron-pintadas-contra-mujeres-que-trabajan-en-albanileria\\\/\",\"url\":\"https:\\\/\\\/diariotextual.com\\\/inicio\\\/index.php\\\/2021\\\/08\\\/25\\\/acha-hicieron-pintadas-contra-mujeres-que-trabajan-en-albanileria\\\/\",\"name\":\"Acha: hicieron pintadas contra mujeres que trabajan en alba\u00f1iler\u00eda - Diario Textual\",\"isPartOf\":{\"@id\":\"https:\\\/\\\/diariotextual.com\\\/inicio\\\/#website\"},\"primaryImageOfPage\":{\"@id\":\"https:\\\/\\\/diariotextual.com\\\/inicio\\\/index.php\\\/2021\\\/08\\\/25\\\/acha-hicieron-pintadas-contra-mujeres-que-trabajan-en-albanileria\\\/#primaryimage\"},\"image\":{\"@id\":\"https:\\\/\\\/diariotextual.com\\\/inicio\\\/index.php\\\/2021\\\/08\\\/25\\\/acha-hicieron-pintadas-contra-mujeres-que-trabajan-en-albanileria\\\/#primaryimage\"},\"thumbnailUrl\":\"https:\\\/\\\/diariotextual.com\\\/inicio\\\/wp-content\\\/uploads\\\/2021\\\/08\\\/pintadasmujeresenobraacha2021-1.jpeg\",\"datePublished\":\"2021-08-25T15:34:15+00:00\",\"dateModified\":\"2021-08-25T20:47:25+00:00\",\"breadcrumb\":{\"@id\":\"https:\\\/\\\/diariotextual.com\\\/inicio\\\/index.php\\\/2021\\\/08\\\/25\\\/acha-hicieron-pintadas-contra-mujeres-que-trabajan-en-albanileria\\\/#breadcrumb\"},\"inLanguage\":\"es\",\"potentialAction\":[{\"@type\":\"ReadAction\",\"target\":[\"https:\\\/\\\/diariotextual.com\\\/inicio\\\/index.php\\\/2021\\\/08\\\/25\\\/acha-hicieron-pintadas-contra-mujeres-que-trabajan-en-albanileria\\\/\"]}]},{\"@type\":\"ImageObject\",\"inLanguage\":\"es\",\"@id\":\"https:\\\/\\\/diariotextual.com\\\/inicio\\\/index.php\\\/2021\\\/08\\\/25\\\/acha-hicieron-pintadas-contra-mujeres-que-trabajan-en-albanileria\\\/#primaryimage\",\"url\":\"https:\\\/\\\/diariotextual.com\\\/inicio\\\/wp-content\\\/uploads\\\/2021\\\/08\\\/pintadasmujeresenobraacha2021-1.jpeg\",\"contentUrl\":\"https:\\\/\\\/diariotextual.com\\\/inicio\\\/wp-content\\\/uploads\\\/2021\\\/08\\\/pintadasmujeresenobraacha2021-1.jpeg\",\"width\":1600,\"height\":900},{\"@type\":\"BreadcrumbList\",\"@id\":\"https:\\\/\\\/diariotextual.com\\\/inicio\\\/index.php\\\/2021\\\/08\\\/25\\\/acha-hicieron-pintadas-contra-mujeres-que-trabajan-en-albanileria\\\/#breadcrumb\",\"itemListElement\":[{\"@type\":\"ListItem\",\"position\":1,\"name\":\"Portada\",\"item\":\"https:\\\/\\\/diariotextual.com\\\/inicio\\\/\"},{\"@type\":\"ListItem\",\"position\":2,\"name\":\"Acha: hicieron pintadas contra mujeres que trabajan en alba\u00f1iler\u00eda\"}]},{\"@type\":\"WebSite\",\"@id\":\"https:\\\/\\\/diariotextual.com\\\/inicio\\\/#website\",\"url\":\"https:\\\/\\\/diariotextual.com\\\/inicio\\\/\",\"name\":\"Diario Textual\",\"description\":\"\",\"publisher\":{\"@id\":\"https:\\\/\\\/diariotextual.com\\\/inicio\\\/#organization\"},\"potentialAction\":[{\"@type\":\"SearchAction\",\"target\":{\"@type\":\"EntryPoint\",\"urlTemplate\":\"https:\\\/\\\/diariotextual.com\\\/inicio\\\/?s={search_term_string}\"},\"query-input\":{\"@type\":\"PropertyValueSpecification\",\"valueRequired\":true,\"valueName\":\"search_term_string\"}}],\"inLanguage\":\"es\"},{\"@type\":\"Organization\",\"@id\":\"https:\\\/\\\/diariotextual.com\\\/inicio\\\/#organization\",\"name\":\"Diario Textual\",\"url\":\"https:\\\/\\\/diariotextual.com\\\/inicio\\\/\",\"logo\":{\"@type\":\"ImageObject\",\"inLanguage\":\"es\",\"@id\":\"https:\\\/\\\/diariotextual.com\\\/inicio\\\/#\\\/schema\\\/logo\\\/image\\\/\",\"url\":\"https:\\\/\\\/diariotextual.com\\\/inicio\\\/wp-content\\\/uploads\\\/2023\\\/05\\\/logotextual1.jpg\",\"contentUrl\":\"https:\\\/\\\/diariotextual.com\\\/inicio\\\/wp-content\\\/uploads\\\/2023\\\/05\\\/logotextual1.jpg\",\"width\":516,\"height\":76,\"caption\":\"Diario Textual\"},\"image\":{\"@id\":\"https:\\\/\\\/diariotextual.com\\\/inicio\\\/#\\\/schema\\\/logo\\\/image\\\/\"},\"sameAs\":[\"https:\\\/\\\/www.facebook.com\\\/eltextual\",\"https:\\\/\\\/x.com\\\/eltextual\",\"http:\\\/\\\/www.instagram.com\\\/eltextual\"]},{\"@type\":\"Person\",\"@id\":\"https:\\\/\\\/diariotextual.com\\\/inicio\\\/#\\\/schema\\\/person\\\/418fc4093c33e86ed41562db3508f958\",\"name\":\"Diario1 Diario1\",\"image\":{\"@type\":\"ImageObject\",\"inLanguage\":\"es\",\"@id\":\"https:\\\/\\\/secure.gravatar.com\\\/avatar\\\/9167d280179c85bc18be67aa7eda765854300033af4896dd779b608640f2ef7a?s=96&d=mm&r=g\",\"url\":\"https:\\\/\\\/secure.gravatar.com\\\/avatar\\\/9167d280179c85bc18be67aa7eda765854300033af4896dd779b608640f2ef7a?s=96&d=mm&r=g\",\"contentUrl\":\"https:\\\/\\\/secure.gravatar.com\\\/avatar\\\/9167d280179c85bc18be67aa7eda765854300033af4896dd779b608640f2ef7a?s=96&d=mm&r=g\",\"caption\":\"Diario1 Diario1\"},\"url\":\"https:\\\/\\\/diariotextual.com\\\/inicio\\\/index.php\\\/author\\\/diario1\\\/\"}]}<\/script>\n<!-- \/ Yoast SEO plugin. -->","yoast_head_json":{"title":"Acha: hicieron pintadas contra mujeres que trabajan en alba\u00f1iler\u00eda - Diario Textual","robots":{"index":"index","follow":"follow","max-snippet":"max-snippet:-1","max-image-preview":"max-image-preview:large","max-video-preview":"max-video-preview:-1"},"canonical":"https:\/\/diariotextual.com\/inicio\/index.php\/2021\/08\/25\/acha-hicieron-pintadas-contra-mujeres-que-trabajan-en-albanileria\/","og_locale":"es_ES","og_type":"article","og_title":"Acha: hicieron pintadas contra mujeres que trabajan en alba\u00f1iler\u00eda - Diario Textual","og_description":"Mujeres alba\u00f1iles de General Acha sufrieron en las \u00faltimas horas un ataque mis\u00f3gino: les dejaron pintadas, en una obra en construcci\u00f3n en la Escuela 177, dentro del programa Mujeres en&hellip;","og_url":"https:\/\/diariotextual.com\/inicio\/index.php\/2021\/08\/25\/acha-hicieron-pintadas-contra-mujeres-que-trabajan-en-albanileria\/","og_site_name":"Diario Textual","article_publisher":"https:\/\/www.facebook.com\/eltextual","article_published_time":"2021-08-25T15:34:15+00:00","article_modified_time":"2021-08-25T20:47:25+00:00","og_image":[{"width":1600,"height":900,"url":"https:\/\/diariotextual.com\/inicio\/wp-content\/uploads\/2021\/08\/pintadasmujeresenobraacha2021-1.jpeg","type":"image\/jpeg"}],"author":"Diario1 Diario1","twitter_card":"summary_large_image","twitter_creator":"@eltextual","twitter_site":"@eltextual","twitter_misc":{"Escrito por":"Diario1 Diario1","Tiempo de lectura":"1 minuto"},"schema":{"@context":"https:\/\/schema.org","@graph":[{"@type":"Article","@id":"https:\/\/diariotextual.com\/inicio\/index.php\/2021\/08\/25\/acha-hicieron-pintadas-contra-mujeres-que-trabajan-en-albanileria\/#article","isPartOf":{"@id":"https:\/\/diariotextual.com\/inicio\/index.php\/2021\/08\/25\/acha-hicieron-pintadas-contra-mujeres-que-trabajan-en-albanileria\/"},"author":{"name":"Diario1 Diario1","@id":"https:\/\/diariotextual.com\/inicio\/#\/schema\/person\/418fc4093c33e86ed41562db3508f958"},"headline":"Acha: hicieron pintadas contra mujeres que trabajan en alba\u00f1iler\u00eda","datePublished":"2021-08-25T15:34:15+00:00","dateModified":"2021-08-25T20:47:25+00:00","mainEntityOfPage":{"@id":"https:\/\/diariotextual.com\/inicio\/index.php\/2021\/08\/25\/acha-hicieron-pintadas-contra-mujeres-que-trabajan-en-albanileria\/"},"wordCount":188,"publisher":{"@id":"https:\/\/diariotextual.com\/inicio\/#organization"},"image":{"@id":"https:\/\/diariotextual.com\/inicio\/index.php\/2021\/08\/25\/acha-hicieron-pintadas-contra-mujeres-que-trabajan-en-albanileria\/#primaryimage"},"thumbnailUrl":"https:\/\/diariotextual.com\/inicio\/wp-content\/uploads\/2021\/08\/pintadasmujeresenobraacha2021-1.jpeg","keywords":["obra"],"articleSection":["A - PORTADA2","SOCIEDAD"],"inLanguage":"es"},{"@type":"WebPage","@id":"https:\/\/diariotextual.com\/inicio\/index.php\/2021\/08\/25\/acha-hicieron-pintadas-contra-mujeres-que-trabajan-en-albanileria\/","url":"https:\/\/diariotextual.com\/inicio\/index.php\/2021\/08\/25\/acha-hicieron-pintadas-contra-mujeres-que-trabajan-en-albanileria\/","name":"Acha: hicieron pintadas contra mujeres que trabajan en alba\u00f1iler\u00eda - Diario Textual","isPartOf":{"@id":"https:\/\/diariotextual.com\/inicio\/#website"},"primaryImageOfPage":{"@id":"https:\/\/diariotextual.com\/inicio\/index.php\/2021\/08\/25\/acha-hicieron-pintadas-contra-mujeres-que-trabajan-en-albanileria\/#primaryimage"},"image":{"@id":"https:\/\/diariotextual.com\/inicio\/index.php\/2021\/08\/25\/acha-hicieron-pintadas-contra-mujeres-que-trabajan-en-albanileria\/#primaryimage"},"thumbnailUrl":"https:\/\/diariotextual.com\/inicio\/wp-content\/uploads\/2021\/08\/pintadasmujeresenobraacha2021-1.jpeg","datePublished":"2021-08-25T15:34:15+00:00","dateModified":"2021-08-25T20:47:25+00:00","breadcrumb":{"@id":"https:\/\/diariotextual.com\/inicio\/index.php\/2021\/08\/25\/acha-hicieron-pintadas-contra-mujeres-que-trabajan-en-albanileria\/#breadcrumb"},"inLanguage":"es","potentialAction":[{"@type":"ReadAction","target":["https:\/\/diariotextual.com\/inicio\/index.php\/2021\/08\/25\/acha-hicieron-pintadas-contra-mujeres-que-trabajan-en-albanileria\/"]}]},{"@type":"ImageObject","inLanguage":"es","@id":"https:\/\/diariotextual.com\/inicio\/index.php\/2021\/08\/25\/acha-hicieron-pintadas-contra-mujeres-que-trabajan-en-albanileria\/#primaryimage","url":"https:\/\/diariotextual.com\/inicio\/wp-content\/uploads\/2021\/08\/pintadasmujeresenobraacha2021-1.jpeg","contentUrl":"https:\/\/diariotextual.com\/inicio\/wp-content\/uploads\/2021\/08\/pintadasmujeresenobraacha2021-1.jpeg","width":1600,"height":900},{"@type":"BreadcrumbList","@id":"https:\/\/diariotextual.com\/inicio\/index.php\/2021\/08\/25\/acha-hicieron-pintadas-contra-mujeres-que-trabajan-en-albanileria\/#breadcrumb","itemListElement":[{"@type":"ListItem","position":1,"name":"Portada","item":"https:\/\/diariotextual.com\/inicio\/"},{"@type":"ListItem","position":2,"name":"Acha: hicieron pintadas contra mujeres que trabajan en alba\u00f1iler\u00eda"}]},{"@type":"WebSite","@id":"https:\/\/diariotextual.com\/inicio\/#website","url":"https:\/\/diariotextual.com\/inicio\/","name":"Diario Textual","description":"","publisher":{"@id":"https:\/\/diariotextual.com\/inicio\/#organization"},"potentialAction":[{"@type":"SearchAction","target":{"@type":"EntryPoint","urlTemplate":"https:\/\/diariotextual.com\/inicio\/?s={search_term_string}"},"query-input":{"@type":"PropertyValueSpecification","valueRequired":true,"valueName":"search_term_string"}}],"inLanguage":"es"},{"@type":"Organization","@id":"https:\/\/diariotextual.com\/inicio\/#organization","name":"Diario Textual","url":"https:\/\/diariotextual.com\/inicio\/","logo":{"@type":"ImageObject","inLanguage":"es","@id":"https:\/\/diariotextual.com\/inicio\/#\/schema\/logo\/image\/","url":"https:\/\/diariotextual.com\/inicio\/wp-content\/uploads\/2023\/05\/logotextual1.jpg","contentUrl":"https:\/\/diariotextual.com\/inicio\/wp-content\/uploads\/2023\/05\/logotextual1.jpg","width":516,"height":76,"caption":"Diario Textual"},"image":{"@id":"https:\/\/diariotextual.com\/inicio\/#\/schema\/logo\/image\/"},"sameAs":["https:\/\/www.facebook.com\/eltextual","https:\/\/x.com\/eltextual","http:\/\/www.instagram.com\/eltextual"]},{"@type":"Person","@id":"https:\/\/diariotextual.com\/inicio\/#\/schema\/person\/418fc4093c33e86ed41562db3508f958","name":"Diario1 Diario1","image":{"@type":"ImageObject","inLanguage":"es","@id":"https:\/\/secure.gravatar.com\/avatar\/9167d280179c85bc18be67aa7eda765854300033af4896dd779b608640f2ef7a?s=96&d=mm&r=g","url":"https:\/\/secure.gravatar.com\/avatar\/9167d280179c85bc18be67aa7eda765854300033af4896dd779b608640f2ef7a?s=96&d=mm&r=g","contentUrl":"https:\/\/secure.gravatar.com\/avatar\/9167d280179c85bc18be67aa7eda765854300033af4896dd779b608640f2ef7a?s=96&d=mm&r=g","caption":"Diario1 Diario1"},"url":"https:\/\/diariotextual.com\/inicio\/index.php\/author\/diario1\/"}]}},"_links":{"self":[{"href":"https:\/\/diariotextual.com\/inicio\/index.php\/wp-json\/wp\/v2\/posts\/158999","targetHints":{"allow":["GET"]}}],"collection":[{"href":"https:\/\/diariotextual.com\/inicio\/index.php\/wp-json\/wp\/v2\/posts"}],"about":[{"href":"https:\/\/diariotextual.com\/inicio\/index.php\/wp-json\/wp\/v2\/types\/post"}],"author":[{"embeddable":true,"href":"https:\/\/diariotextual.com\/inicio\/index.php\/wp-json\/wp\/v2\/users\/3"}],"replies":[{"embeddable":true,"href":"https:\/\/diariotextual.com\/inicio\/index.php\/wp-json\/wp\/v2\/comments?post=158999"}],"version-history":[{"count":6,"href":"https:\/\/diariotextual.com\/inicio\/index.php\/wp-json\/wp\/v2\/posts\/158999\/revisions"}],"predecessor-version":[{"id":159018,"href":"https:\/\/diariotextual.com\/inicio\/index.php\/wp-json\/wp\/v2\/posts\/158999\/revisions\/159018"}],"wp:featuredmedia":[{"embeddable":true,"href":"https:\/\/diariotextual.com\/inicio\/index.php\/wp-json\/wp\/v2\/media\/159000"}],"wp:attachment":[{"href":"https:\/\/diariotextual.com\/inicio\/index.php\/wp-json\/wp\/v2\/media?parent=158999"}],"wp:term":[{"taxonomy":"category","embeddable":true,"href":"https:\/\/diariotextual.com\/inicio\/index.php\/wp-json\/wp\/v2\/categories?post=158999"},{"taxonomy":"post_tag","embeddable":true,"href":"https:\/\/diariotextual.com\/inicio\/index.php\/wp-json\/wp\/v2\/tags?post=158999"}],"curies":[{"name":"wp","href":"https:\/\/api.w.org\/{rel}","templated":true}]}}