{"id":159196,"date":"2021-08-26T18:25:32","date_gmt":"2021-08-26T21:25:32","guid":{"rendered":"https:\/\/diariotextual.com\/inicio\/?p=159196"},"modified":"2021-08-27T09:40:28","modified_gmt":"2021-08-27T12:40:28","slug":"vuelve-la-presencialidad-plena-en-las-escuelas-desde-el-1-de-septiembre","status":"publish","type":"post","link":"https:\/\/diariotextual.com\/inicio\/index.php\/2021\/08\/26\/vuelve-la-presencialidad-plena-en-las-escuelas-desde-el-1-de-septiembre\/","title":{"rendered":"Autorizaron la \u00abpresencialidad plena\u00bb en las escuelas desde septiembre"},"content":{"rendered":"\n<p>El Consejo Federal de Educaci\u00f3n<strong> aprob\u00f3 hoy una propuesta para regresar a la \u00abpresencialidad plena\u00bb en las escuelas a partir del pr\u00f3ximo 1 de septiembre<\/strong>, en un esquema con protocolos que incluye<strong> una distancia de 0,90 metros <\/strong>en las aulas, la <strong>utilizaci\u00f3n obligatoria de barbijo<\/strong>s, ventilaci\u00f3n cruzada y otras medidas de cuidado. As\u00ed lo inform\u00f3 el ministro de Educaci\u00f3n, <strong>Nicol\u00e1s Trotta<\/strong>, despu\u00e9s de la reuni\u00f3n del organismo en la que se analizaron y validaron los cambios en el protocolo de asistencia a clases en los niveles primario y secundario en todo el pa\u00eds.<\/p>\n\n\n\n<p>De esta manera, <strong>La Pampa volver\u00e1 a la presencialidad total. De todas maneras, no est\u00e1 a\u00fan claro si se har\u00e1 desde el 1\u00b0 de septiembre o si lo implementar\u00e1 en forma progresiva.<\/strong><\/p>\n\n\n\n<p>El funcionario anunci\u00f3 que <strong>podr\u00e1 establecerse una distancia m\u00ednima entre alumnos de 0,50 metros en aquellas escuelas en las que resulte imposible aplicar el rango de 0,90 metros para sostener la asistencia total de los estudiantes.<\/strong><\/p>\n\n\n\n<p>Adem\u00e1s, en di\u00e1logo con la prensa, aclar\u00f3 que,<strong> en esos casos de aulas poco espaciosas, las escuelas deber\u00e1n aplicar medidas preventivas adicionales, como los testeos a los estudiantes y el uso de medidores de di\u00f3xido de carbono, entre otras.<\/strong><\/p>\n\n\n\n<p>Tambi\u00e9n ratific\u00f3 el \u00abcompromiso\u00bb del Gobierno nacional en \u00abacompa\u00f1ar\u00bb a las provincias en la \u00abadquisici\u00f3n\u00bb de diferentes insumos para poner en marcha la presencialidad, tales como \u00abmedidores de carbono, kit de testeos y barbijos\u00bb, entre otros.<\/p>\n\n\n\n<p>Trotta se\u00f1al\u00f3 que<strong> \u00abcada una de las jurisdicciones va a poder determinar la progresividad\u00bb<\/strong> de las medidas aprobadas por el Consejo Federal de Educaci\u00f3n.<\/p>\n\n\n\n<p>Estas pautas para el regreso a la presencialidad total hab\u00edan sido definidas este mi\u00e9rcoles por la cartera educativa y sus asesores.<\/p>\n\n\n\n<p>Los cambios propuestos al Consejo responden a la mejora de los indicadores epidemiol\u00f3gicos, junto al avance en el proceso de vacunaci\u00f3n y al aumento de las temperaturas en el territorio argentino.<\/p>\n\n\n\n<p>Este contexto habilita la posibilidad de nuevas instancias que avanzan y \u00abfortalecen la presencia en las aulas\u00bb, inform\u00f3 en un comunicado la cartera educativa.<\/p>\n\n\n\n<p>El Consejo Federal agrupa a todos los ministros de Educaci\u00f3n de todas las provincias y de la Ciudad de Buenos Aires.<\/p>\n","protected":false},"excerpt":{"rendered":"<p>El Consejo Federal de Educaci\u00f3n aprob\u00f3 hoy una propuesta para regresar a la \u00abpresencialidad plena\u00bb en las escuelas a partir del pr\u00f3ximo 1 de septiembre, en un esquema con protocolos&hellip;<\/p>\n","protected":false},"author":3,"featured_media":154885,"comment_status":"closed","ping_status":"open","sticky":false,"template":"","format":"standard","meta":{"_acf_changed":false,"footnotes":""},"categories":[12],"tags":[991],"class_list":["post-159196","post","type-post","status-publish","format-standard","has-post-thumbnail","hentry","category-sociedad","tag-clases"],"acf":[],"yoast_head":"<!-- This site is optimized with the Yoast SEO plugin v27.5 - https:\/\/yoast.com\/product\/yoast-seo-wordpress\/ -->\n<title>Autorizaron la &quot;presencialidad plena&quot; en las escuelas desde septiembre - Diario Textual<\/title>\n<meta name=\"robots\" content=\"index, follow, max-snippet:-1, max-image-preview:large, max-video-preview:-1\" \/>\n<link rel=\"canonical\" href=\"https:\/\/diariotextual.com\/inicio\/index.php\/2021\/08\/26\/vuelve-la-presencialidad-plena-en-las-escuelas-desde-el-1-de-septiembre\/\" \/>\n<meta property=\"og:locale\" content=\"es_ES\" \/>\n<meta property=\"og:type\" content=\"article\" \/>\n<meta property=\"og:title\" content=\"Autorizaron la &quot;presencialidad plena&quot; en las escuelas desde septiembre - Diario Textual\" \/>\n<meta property=\"og:description\" content=\"El Consejo Federal de Educaci\u00f3n aprob\u00f3 hoy una propuesta para regresar a la \u00abpresencialidad plena\u00bb en las escuelas a partir del pr\u00f3ximo 1 de septiembre, en un esquema con protocolos&hellip;\" \/>\n<meta property=\"og:url\" content=\"https:\/\/diariotextual.com\/inicio\/index.php\/2021\/08\/26\/vuelve-la-presencialidad-plena-en-las-escuelas-desde-el-1-de-septiembre\/\" \/>\n<meta property=\"og:site_name\" content=\"Diario Textual\" \/>\n<meta property=\"article:publisher\" content=\"https:\/\/www.facebook.com\/eltextual\" \/>\n<meta property=\"article:published_time\" content=\"2021-08-26T21:25:32+00:00\" \/>\n<meta property=\"article:modified_time\" content=\"2021-08-27T12:40:28+00:00\" \/>\n<meta property=\"og:image\" content=\"https:\/\/diariotextual.com\/inicio\/wp-content\/uploads\/2021\/07\/clasesaulasalumnosescuelascoronavirusprevencion2021-9.jpg\" \/>\n\t<meta property=\"og:image:width\" content=\"900\" \/>\n\t<meta property=\"og:image:height\" content=\"506\" \/>\n\t<meta property=\"og:image:type\" content=\"image\/jpeg\" \/>\n<meta name=\"author\" content=\"Diario1 Diario1\" \/>\n<meta name=\"twitter:card\" content=\"summary_large_image\" \/>\n<meta name=\"twitter:creator\" content=\"@eltextual\" \/>\n<meta name=\"twitter:site\" content=\"@eltextual\" \/>\n<meta name=\"twitter:label1\" content=\"Escrito por\" \/>\n\t<meta name=\"twitter:data1\" content=\"Diario1 Diario1\" \/>\n\t<meta name=\"twitter:label2\" content=\"Tiempo de lectura\" \/>\n\t<meta name=\"twitter:data2\" content=\"2 minutos\" \/>\n<script type=\"application\/ld+json\" class=\"yoast-schema-graph\">{\"@context\":\"https:\\\/\\\/schema.org\",\"@graph\":[{\"@type\":\"Article\",\"@id\":\"https:\\\/\\\/diariotextual.com\\\/inicio\\\/index.php\\\/2021\\\/08\\\/26\\\/vuelve-la-presencialidad-plena-en-las-escuelas-desde-el-1-de-septiembre\\\/#article\",\"isPartOf\":{\"@id\":\"https:\\\/\\\/diariotextual.com\\\/inicio\\\/index.php\\\/2021\\\/08\\\/26\\\/vuelve-la-presencialidad-plena-en-las-escuelas-desde-el-1-de-septiembre\\\/\"},\"author\":{\"name\":\"Diario1 Diario1\",\"@id\":\"https:\\\/\\\/diariotextual.com\\\/inicio\\\/#\\\/schema\\\/person\\\/418fc4093c33e86ed41562db3508f958\"},\"headline\":\"Autorizaron la \u00abpresencialidad plena\u00bb en las escuelas desde septiembre\",\"datePublished\":\"2021-08-26T21:25:32+00:00\",\"dateModified\":\"2021-08-27T12:40:28+00:00\",\"mainEntityOfPage\":{\"@id\":\"https:\\\/\\\/diariotextual.com\\\/inicio\\\/index.php\\\/2021\\\/08\\\/26\\\/vuelve-la-presencialidad-plena-en-las-escuelas-desde-el-1-de-septiembre\\\/\"},\"wordCount\":386,\"publisher\":{\"@id\":\"https:\\\/\\\/diariotextual.com\\\/inicio\\\/#organization\"},\"image\":{\"@id\":\"https:\\\/\\\/diariotextual.com\\\/inicio\\\/index.php\\\/2021\\\/08\\\/26\\\/vuelve-la-presencialidad-plena-en-las-escuelas-desde-el-1-de-septiembre\\\/#primaryimage\"},\"thumbnailUrl\":\"https:\\\/\\\/diariotextual.com\\\/inicio\\\/wp-content\\\/uploads\\\/2021\\\/07\\\/clasesaulasalumnosescuelascoronavirusprevencion2021-9.jpg\",\"keywords\":[\"clases\"],\"articleSection\":[\"SOCIEDAD\"],\"inLanguage\":\"es\"},{\"@type\":\"WebPage\",\"@id\":\"https:\\\/\\\/diariotextual.com\\\/inicio\\\/index.php\\\/2021\\\/08\\\/26\\\/vuelve-la-presencialidad-plena-en-las-escuelas-desde-el-1-de-septiembre\\\/\",\"url\":\"https:\\\/\\\/diariotextual.com\\\/inicio\\\/index.php\\\/2021\\\/08\\\/26\\\/vuelve-la-presencialidad-plena-en-las-escuelas-desde-el-1-de-septiembre\\\/\",\"name\":\"Autorizaron la \\\"presencialidad plena\\\" en las escuelas desde septiembre - Diario Textual\",\"isPartOf\":{\"@id\":\"https:\\\/\\\/diariotextual.com\\\/inicio\\\/#website\"},\"primaryImageOfPage\":{\"@id\":\"https:\\\/\\\/diariotextual.com\\\/inicio\\\/index.php\\\/2021\\\/08\\\/26\\\/vuelve-la-presencialidad-plena-en-las-escuelas-desde-el-1-de-septiembre\\\/#primaryimage\"},\"image\":{\"@id\":\"https:\\\/\\\/diariotextual.com\\\/inicio\\\/index.php\\\/2021\\\/08\\\/26\\\/vuelve-la-presencialidad-plena-en-las-escuelas-desde-el-1-de-septiembre\\\/#primaryimage\"},\"thumbnailUrl\":\"https:\\\/\\\/diariotextual.com\\\/inicio\\\/wp-content\\\/uploads\\\/2021\\\/07\\\/clasesaulasalumnosescuelascoronavirusprevencion2021-9.jpg\",\"datePublished\":\"2021-08-26T21:25:32+00:00\",\"dateModified\":\"2021-08-27T12:40:28+00:00\",\"breadcrumb\":{\"@id\":\"https:\\\/\\\/diariotextual.com\\\/inicio\\\/index.php\\\/2021\\\/08\\\/26\\\/vuelve-la-presencialidad-plena-en-las-escuelas-desde-el-1-de-septiembre\\\/#breadcrumb\"},\"inLanguage\":\"es\",\"potentialAction\":[{\"@type\":\"ReadAction\",\"target\":[\"https:\\\/\\\/diariotextual.com\\\/inicio\\\/index.php\\\/2021\\\/08\\\/26\\\/vuelve-la-presencialidad-plena-en-las-escuelas-desde-el-1-de-septiembre\\\/\"]}]},{\"@type\":\"ImageObject\",\"inLanguage\":\"es\",\"@id\":\"https:\\\/\\\/diariotextual.com\\\/inicio\\\/index.php\\\/2021\\\/08\\\/26\\\/vuelve-la-presencialidad-plena-en-las-escuelas-desde-el-1-de-septiembre\\\/#primaryimage\",\"url\":\"https:\\\/\\\/diariotextual.com\\\/inicio\\\/wp-content\\\/uploads\\\/2021\\\/07\\\/clasesaulasalumnosescuelascoronavirusprevencion2021-9.jpg\",\"contentUrl\":\"https:\\\/\\\/diariotextual.com\\\/inicio\\\/wp-content\\\/uploads\\\/2021\\\/07\\\/clasesaulasalumnosescuelascoronavirusprevencion2021-9.jpg\",\"width\":900,\"height\":506},{\"@type\":\"BreadcrumbList\",\"@id\":\"https:\\\/\\\/diariotextual.com\\\/inicio\\\/index.php\\\/2021\\\/08\\\/26\\\/vuelve-la-presencialidad-plena-en-las-escuelas-desde-el-1-de-septiembre\\\/#breadcrumb\",\"itemListElement\":[{\"@type\":\"ListItem\",\"position\":1,\"name\":\"Portada\",\"item\":\"https:\\\/\\\/diariotextual.com\\\/inicio\\\/\"},{\"@type\":\"ListItem\",\"position\":2,\"name\":\"Autorizaron la \u00abpresencialidad plena\u00bb en las escuelas desde septiembre\"}]},{\"@type\":\"WebSite\",\"@id\":\"https:\\\/\\\/diariotextual.com\\\/inicio\\\/#website\",\"url\":\"https:\\\/\\\/diariotextual.com\\\/inicio\\\/\",\"name\":\"Diario Textual\",\"description\":\"\",\"publisher\":{\"@id\":\"https:\\\/\\\/diariotextual.com\\\/inicio\\\/#organization\"},\"potentialAction\":[{\"@type\":\"SearchAction\",\"target\":{\"@type\":\"EntryPoint\",\"urlTemplate\":\"https:\\\/\\\/diariotextual.com\\\/inicio\\\/?s={search_term_string}\"},\"query-input\":{\"@type\":\"PropertyValueSpecification\",\"valueRequired\":true,\"valueName\":\"search_term_string\"}}],\"inLanguage\":\"es\"},{\"@type\":\"Organization\",\"@id\":\"https:\\\/\\\/diariotextual.com\\\/inicio\\\/#organization\",\"name\":\"Diario Textual\",\"url\":\"https:\\\/\\\/diariotextual.com\\\/inicio\\\/\",\"logo\":{\"@type\":\"ImageObject\",\"inLanguage\":\"es\",\"@id\":\"https:\\\/\\\/diariotextual.com\\\/inicio\\\/#\\\/schema\\\/logo\\\/image\\\/\",\"url\":\"https:\\\/\\\/diariotextual.com\\\/inicio\\\/wp-content\\\/uploads\\\/2023\\\/05\\\/logotextual1.jpg\",\"contentUrl\":\"https:\\\/\\\/diariotextual.com\\\/inicio\\\/wp-content\\\/uploads\\\/2023\\\/05\\\/logotextual1.jpg\",\"width\":516,\"height\":76,\"caption\":\"Diario Textual\"},\"image\":{\"@id\":\"https:\\\/\\\/diariotextual.com\\\/inicio\\\/#\\\/schema\\\/logo\\\/image\\\/\"},\"sameAs\":[\"https:\\\/\\\/www.facebook.com\\\/eltextual\",\"https:\\\/\\\/x.com\\\/eltextual\",\"http:\\\/\\\/www.instagram.com\\\/eltextual\"]},{\"@type\":\"Person\",\"@id\":\"https:\\\/\\\/diariotextual.com\\\/inicio\\\/#\\\/schema\\\/person\\\/418fc4093c33e86ed41562db3508f958\",\"name\":\"Diario1 Diario1\",\"image\":{\"@type\":\"ImageObject\",\"inLanguage\":\"es\",\"@id\":\"https:\\\/\\\/secure.gravatar.com\\\/avatar\\\/9167d280179c85bc18be67aa7eda765854300033af4896dd779b608640f2ef7a?s=96&d=mm&r=g\",\"url\":\"https:\\\/\\\/secure.gravatar.com\\\/avatar\\\/9167d280179c85bc18be67aa7eda765854300033af4896dd779b608640f2ef7a?s=96&d=mm&r=g\",\"contentUrl\":\"https:\\\/\\\/secure.gravatar.com\\\/avatar\\\/9167d280179c85bc18be67aa7eda765854300033af4896dd779b608640f2ef7a?s=96&d=mm&r=g\",\"caption\":\"Diario1 Diario1\"},\"url\":\"https:\\\/\\\/diariotextual.com\\\/inicio\\\/index.php\\\/author\\\/diario1\\\/\"}]}<\/script>\n<!-- \/ Yoast SEO plugin. -->","yoast_head_json":{"title":"Autorizaron la \"presencialidad plena\" en las escuelas desde septiembre - Diario Textual","robots":{"index":"index","follow":"follow","max-snippet":"max-snippet:-1","max-image-preview":"max-image-preview:large","max-video-preview":"max-video-preview:-1"},"canonical":"https:\/\/diariotextual.com\/inicio\/index.php\/2021\/08\/26\/vuelve-la-presencialidad-plena-en-las-escuelas-desde-el-1-de-septiembre\/","og_locale":"es_ES","og_type":"article","og_title":"Autorizaron la \"presencialidad plena\" en las escuelas desde septiembre - Diario Textual","og_description":"El Consejo Federal de Educaci\u00f3n aprob\u00f3 hoy una propuesta para regresar a la \u00abpresencialidad plena\u00bb en las escuelas a partir del pr\u00f3ximo 1 de septiembre, en un esquema con protocolos&hellip;","og_url":"https:\/\/diariotextual.com\/inicio\/index.php\/2021\/08\/26\/vuelve-la-presencialidad-plena-en-las-escuelas-desde-el-1-de-septiembre\/","og_site_name":"Diario Textual","article_publisher":"https:\/\/www.facebook.com\/eltextual","article_published_time":"2021-08-26T21:25:32+00:00","article_modified_time":"2021-08-27T12:40:28+00:00","og_image":[{"width":900,"height":506,"url":"https:\/\/diariotextual.com\/inicio\/wp-content\/uploads\/2021\/07\/clasesaulasalumnosescuelascoronavirusprevencion2021-9.jpg","type":"image\/jpeg"}],"author":"Diario1 Diario1","twitter_card":"summary_large_image","twitter_creator":"@eltextual","twitter_site":"@eltextual","twitter_misc":{"Escrito por":"Diario1 Diario1","Tiempo de lectura":"2 minutos"},"schema":{"@context":"https:\/\/schema.org","@graph":[{"@type":"Article","@id":"https:\/\/diariotextual.com\/inicio\/index.php\/2021\/08\/26\/vuelve-la-presencialidad-plena-en-las-escuelas-desde-el-1-de-septiembre\/#article","isPartOf":{"@id":"https:\/\/diariotextual.com\/inicio\/index.php\/2021\/08\/26\/vuelve-la-presencialidad-plena-en-las-escuelas-desde-el-1-de-septiembre\/"},"author":{"name":"Diario1 Diario1","@id":"https:\/\/diariotextual.com\/inicio\/#\/schema\/person\/418fc4093c33e86ed41562db3508f958"},"headline":"Autorizaron la \u00abpresencialidad plena\u00bb en las escuelas desde septiembre","datePublished":"2021-08-26T21:25:32+00:00","dateModified":"2021-08-27T12:40:28+00:00","mainEntityOfPage":{"@id":"https:\/\/diariotextual.com\/inicio\/index.php\/2021\/08\/26\/vuelve-la-presencialidad-plena-en-las-escuelas-desde-el-1-de-septiembre\/"},"wordCount":386,"publisher":{"@id":"https:\/\/diariotextual.com\/inicio\/#organization"},"image":{"@id":"https:\/\/diariotextual.com\/inicio\/index.php\/2021\/08\/26\/vuelve-la-presencialidad-plena-en-las-escuelas-desde-el-1-de-septiembre\/#primaryimage"},"thumbnailUrl":"https:\/\/diariotextual.com\/inicio\/wp-content\/uploads\/2021\/07\/clasesaulasalumnosescuelascoronavirusprevencion2021-9.jpg","keywords":["clases"],"articleSection":["SOCIEDAD"],"inLanguage":"es"},{"@type":"WebPage","@id":"https:\/\/diariotextual.com\/inicio\/index.php\/2021\/08\/26\/vuelve-la-presencialidad-plena-en-las-escuelas-desde-el-1-de-septiembre\/","url":"https:\/\/diariotextual.com\/inicio\/index.php\/2021\/08\/26\/vuelve-la-presencialidad-plena-en-las-escuelas-desde-el-1-de-septiembre\/","name":"Autorizaron la \"presencialidad plena\" en las escuelas desde septiembre - Diario Textual","isPartOf":{"@id":"https:\/\/diariotextual.com\/inicio\/#website"},"primaryImageOfPage":{"@id":"https:\/\/diariotextual.com\/inicio\/index.php\/2021\/08\/26\/vuelve-la-presencialidad-plena-en-las-escuelas-desde-el-1-de-septiembre\/#primaryimage"},"image":{"@id":"https:\/\/diariotextual.com\/inicio\/index.php\/2021\/08\/26\/vuelve-la-presencialidad-plena-en-las-escuelas-desde-el-1-de-septiembre\/#primaryimage"},"thumbnailUrl":"https:\/\/diariotextual.com\/inicio\/wp-content\/uploads\/2021\/07\/clasesaulasalumnosescuelascoronavirusprevencion2021-9.jpg","datePublished":"2021-08-26T21:25:32+00:00","dateModified":"2021-08-27T12:40:28+00:00","breadcrumb":{"@id":"https:\/\/diariotextual.com\/inicio\/index.php\/2021\/08\/26\/vuelve-la-presencialidad-plena-en-las-escuelas-desde-el-1-de-septiembre\/#breadcrumb"},"inLanguage":"es","potentialAction":[{"@type":"ReadAction","target":["https:\/\/diariotextual.com\/inicio\/index.php\/2021\/08\/26\/vuelve-la-presencialidad-plena-en-las-escuelas-desde-el-1-de-septiembre\/"]}]},{"@type":"ImageObject","inLanguage":"es","@id":"https:\/\/diariotextual.com\/inicio\/index.php\/2021\/08\/26\/vuelve-la-presencialidad-plena-en-las-escuelas-desde-el-1-de-septiembre\/#primaryimage","url":"https:\/\/diariotextual.com\/inicio\/wp-content\/uploads\/2021\/07\/clasesaulasalumnosescuelascoronavirusprevencion2021-9.jpg","contentUrl":"https:\/\/diariotextual.com\/inicio\/wp-content\/uploads\/2021\/07\/clasesaulasalumnosescuelascoronavirusprevencion2021-9.jpg","width":900,"height":506},{"@type":"BreadcrumbList","@id":"https:\/\/diariotextual.com\/inicio\/index.php\/2021\/08\/26\/vuelve-la-presencialidad-plena-en-las-escuelas-desde-el-1-de-septiembre\/#breadcrumb","itemListElement":[{"@type":"ListItem","position":1,"name":"Portada","item":"https:\/\/diariotextual.com\/inicio\/"},{"@type":"ListItem","position":2,"name":"Autorizaron la \u00abpresencialidad plena\u00bb en las escuelas desde septiembre"}]},{"@type":"WebSite","@id":"https:\/\/diariotextual.com\/inicio\/#website","url":"https:\/\/diariotextual.com\/inicio\/","name":"Diario Textual","description":"","publisher":{"@id":"https:\/\/diariotextual.com\/inicio\/#organization"},"potentialAction":[{"@type":"SearchAction","target":{"@type":"EntryPoint","urlTemplate":"https:\/\/diariotextual.com\/inicio\/?s={search_term_string}"},"query-input":{"@type":"PropertyValueSpecification","valueRequired":true,"valueName":"search_term_string"}}],"inLanguage":"es"},{"@type":"Organization","@id":"https:\/\/diariotextual.com\/inicio\/#organization","name":"Diario Textual","url":"https:\/\/diariotextual.com\/inicio\/","logo":{"@type":"ImageObject","inLanguage":"es","@id":"https:\/\/diariotextual.com\/inicio\/#\/schema\/logo\/image\/","url":"https:\/\/diariotextual.com\/inicio\/wp-content\/uploads\/2023\/05\/logotextual1.jpg","contentUrl":"https:\/\/diariotextual.com\/inicio\/wp-content\/uploads\/2023\/05\/logotextual1.jpg","width":516,"height":76,"caption":"Diario Textual"},"image":{"@id":"https:\/\/diariotextual.com\/inicio\/#\/schema\/logo\/image\/"},"sameAs":["https:\/\/www.facebook.com\/eltextual","https:\/\/x.com\/eltextual","http:\/\/www.instagram.com\/eltextual"]},{"@type":"Person","@id":"https:\/\/diariotextual.com\/inicio\/#\/schema\/person\/418fc4093c33e86ed41562db3508f958","name":"Diario1 Diario1","image":{"@type":"ImageObject","inLanguage":"es","@id":"https:\/\/secure.gravatar.com\/avatar\/9167d280179c85bc18be67aa7eda765854300033af4896dd779b608640f2ef7a?s=96&d=mm&r=g","url":"https:\/\/secure.gravatar.com\/avatar\/9167d280179c85bc18be67aa7eda765854300033af4896dd779b608640f2ef7a?s=96&d=mm&r=g","contentUrl":"https:\/\/secure.gravatar.com\/avatar\/9167d280179c85bc18be67aa7eda765854300033af4896dd779b608640f2ef7a?s=96&d=mm&r=g","caption":"Diario1 Diario1"},"url":"https:\/\/diariotextual.com\/inicio\/index.php\/author\/diario1\/"}]}},"_links":{"self":[{"href":"https:\/\/diariotextual.com\/inicio\/index.php\/wp-json\/wp\/v2\/posts\/159196","targetHints":{"allow":["GET"]}}],"collection":[{"href":"https:\/\/diariotextual.com\/inicio\/index.php\/wp-json\/wp\/v2\/posts"}],"about":[{"href":"https:\/\/diariotextual.com\/inicio\/index.php\/wp-json\/wp\/v2\/types\/post"}],"author":[{"embeddable":true,"href":"https:\/\/diariotextual.com\/inicio\/index.php\/wp-json\/wp\/v2\/users\/3"}],"replies":[{"embeddable":true,"href":"https:\/\/diariotextual.com\/inicio\/index.php\/wp-json\/wp\/v2\/comments?post=159196"}],"version-history":[{"count":5,"href":"https:\/\/diariotextual.com\/inicio\/index.php\/wp-json\/wp\/v2\/posts\/159196\/revisions"}],"predecessor-version":[{"id":159202,"href":"https:\/\/diariotextual.com\/inicio\/index.php\/wp-json\/wp\/v2\/posts\/159196\/revisions\/159202"}],"wp:featuredmedia":[{"embeddable":true,"href":"https:\/\/diariotextual.com\/inicio\/index.php\/wp-json\/wp\/v2\/media\/154885"}],"wp:attachment":[{"href":"https:\/\/diariotextual.com\/inicio\/index.php\/wp-json\/wp\/v2\/media?parent=159196"}],"wp:term":[{"taxonomy":"category","embeddable":true,"href":"https:\/\/diariotextual.com\/inicio\/index.php\/wp-json\/wp\/v2\/categories?post=159196"},{"taxonomy":"post_tag","embeddable":true,"href":"https:\/\/diariotextual.com\/inicio\/index.php\/wp-json\/wp\/v2\/tags?post=159196"}],"curies":[{"name":"wp","href":"https:\/\/api.w.org\/{rel}","templated":true}]}}